{"id":5383,"date":"2022-03-15T08:30:20","date_gmt":"2022-03-15T14:30:20","guid":{"rendered":"https:\/\/expressometro.mx\/?p=5383"},"modified":"2022-03-15T08:30:21","modified_gmt":"2022-03-15T14:30:21","slug":"prioritaria-la-salud-en-donato-guerra","status":"publish","type":"post","link":"https:\/\/expressometro.mx\/index.php\/2022\/03\/15\/prioritaria-la-salud-en-donato-guerra\/","title":{"rendered":"PRIORITARIA LA SALUD EN DONATO GUERRA"},"content":{"rendered":"\n<ul class=\"wp-block-list\"><li>La alcaldesa encabez\u00f3 la instalaci\u00f3n de los Comit\u00e9s Municipales de Salud, Contra Riesgos Sanitarios y Contra las Adicciones<\/li><\/ul>\n\n\n\n<p>Con la finalidad de prevenir y atender de mejor manera cualquier problema de salud p\u00fablica, la presidenta municipal de Donato Guerra, Carmen Albarr\u00e1n, encabez\u00f3 la instalaci\u00f3n del Comit\u00e9 Municipal de Salud, el Comit\u00e9 Municipal Contra Riesgos Sanitarios y el Comit\u00e9 Municipal Contra las Adicciones.<\/p>\n\n\n\n<p>En presencia del Secretario de Salud y Director General del Instituto de Salud del Estado de M\u00e9xico; la alcaldesa donatense refrend\u00f3 el compromiso de su gobierno de trabajar de manera coordinada con los distintos \u00f3rdenes de gobierno.<\/p>\n\n\n\n<p>En este sentido, solicit\u00f3 al Secretario de Salud estatal que los enfermos de Donato Guerra puedan ser referenciados a hospitales de segundo y tercer nivel. Adem\u00e1s de requerir el apoyo del gobierno del Estado con medicamentos e insumos m\u00e9dicos.<\/p>\n\n\n\n<p>De igual manera, la jefa del ejecutivo donatense solicit\u00f3 el apoyo para que, a trav\u00e9s del Instituto Mexiquense Contra la Adicciones, se puedan realizar jornadas de prevenci\u00f3n que informen a ni\u00f1as, ni\u00f1os y adolescentes sobre los efectos negativos que tiene el consumo del alcohol y drogas, \u201cya que la cultura de la prevenci\u00f3n nace con una sociedad m\u00e1s informada\u201d, enfatiz\u00f3.<\/p>\n\n\n\n<p>Acompa\u00f1ada de la Subdirectora de Atenci\u00f3n M\u00e9dica; del Director del Instituto Mexiquense Contra la Adicciones; del Coordinador de Regulaci\u00f3n Sanitaria y Comisionado de la COPRISEM; de la Jefa de la Jurisdicci\u00f3n Sanitaria No. 9 Valle de Bravo; y del Coordinador Municipal de Salud de Donato Guerra e Ixtapan del Oro; as\u00ed como miembros del cabildo local; la presidenta municipal asegur\u00f3 que en el gobierno estatal, \u201cDonato Guerra tiene un gran aliado, y el trabajo coordinado dar\u00e1 frutos en beneficio de este gran municipio\u201d.<\/p>\n\n\n\n<p>Por su parte, el Secretario de Salud Estatal se comprometi\u00f3 a trabajar de manera coordinada con el gobierno municipal para mejorar los servicios de salud en Donato Guerra, como es: mejorar el abastecimiento de medicamento y el servicio m\u00e9dico; a la vez que design\u00f3 al director del Hospital de Valle de Bravo para que coadyuve con la presidenta municipal a canalizar a los pacientes al segundo y tercer nivel de salud.<\/p>\n\n\n\n<p>Asimismo, el tambi\u00e9n Director General del Instituto de Salud del Estado de M\u00e9xico indic\u00f3 que se van a llevar a cabo jornadas de atenci\u00f3n m\u00e9dica e itinerante a las comunidades m\u00e1s alejadas de Donato Guerra, principalmente donde se tiene comunidad Mazahua, ya que, por su econom\u00eda, a este sector le resulta muy complicado asistir a los centros de salud.<\/p>\n\n\n\n<p>Finalmente, se destac\u00f3 que el DIF municipal en coordinaci\u00f3n con la Secretar\u00eda de Salud va a capacitar a su personal en el tema de las adicciones, para realizar talleres y conferencias sobre prevenci\u00f3n en instituciones de educaci\u00f3n primaria, secundaria y preparatoria.<\/p>\n\n\n\n<figure class=\"wp-block-gallery columns-3 is-cropped wp-block-gallery-1 is-layout-flex wp-block-gallery-is-layout-flex\"><ul class=\"blocks-gallery-grid\"><li class=\"blocks-gallery-item\"><figure><img decoding=\"async\" width=\"720\" height=\"480\" src=\"https:\/\/expressometro.mx\/wp-content\/uploads\/2022\/03\/WhatsApp-Image-2022-03-14-at-10.03.44-AM-1-720x480.jpeg\" alt=\"\" data-id=\"5384\" data-full-url=\"https:\/\/expressometro.mx\/wp-content\/uploads\/2022\/03\/WhatsApp-Image-2022-03-14-at-10.03.44-AM-1.jpeg\" data-link=\"https:\/\/expressometro.mx\/?attachment_id=5384\" class=\"wp-image-5384\" srcset=\"https:\/\/expressometro.mx\/wp-content\/uploads\/2022\/03\/WhatsApp-Image-2022-03-14-at-10.03.44-AM-1-720x480.jpeg 720w, https:\/\/expressometro.mx\/wp-content\/uploads\/2022\/03\/WhatsApp-Image-2022-03-14-at-10.03.44-AM-1-547x365.jpeg 547w, https:\/\/expressometro.mx\/wp-content\/uploads\/2022\/03\/WhatsApp-Image-2022-03-14-at-10.03.44-AM-1-768x512.jpeg 768w, https:\/\/expressometro.mx\/wp-content\/uploads\/2022\/03\/WhatsApp-Image-2022-03-14-at-10.03.44-AM-1.jpeg 1024w\" sizes=\"(max-width: 720px) 100vw, 720px\" \/><\/figure><\/li><li class=\"blocks-gallery-item\"><figure><img decoding=\"async\" width=\"720\" height=\"480\" src=\"https:\/\/expressometro.mx\/wp-content\/uploads\/2022\/03\/WhatsApp-Image-2022-03-14-at-10.03.44-AM-720x480.jpeg\" alt=\"\" data-id=\"5385\" data-full-url=\"https:\/\/expressometro.mx\/wp-content\/uploads\/2022\/03\/WhatsApp-Image-2022-03-14-at-10.03.44-AM.jpeg\" data-link=\"https:\/\/expressometro.mx\/?attachment_id=5385\" class=\"wp-image-5385\" srcset=\"https:\/\/expressometro.mx\/wp-content\/uploads\/2022\/03\/WhatsApp-Image-2022-03-14-at-10.03.44-AM-720x480.jpeg 720w, https:\/\/expressometro.mx\/wp-content\/uploads\/2022\/03\/WhatsApp-Image-2022-03-14-at-10.03.44-AM-547x365.jpeg 547w, https:\/\/expressometro.mx\/wp-content\/uploads\/2022\/03\/WhatsApp-Image-2022-03-14-at-10.03.44-AM-768x512.jpeg 768w, https:\/\/expressometro.mx\/wp-content\/uploads\/2022\/03\/WhatsApp-Image-2022-03-14-at-10.03.44-AM.jpeg 1024w\" sizes=\"(max-width: 720px) 100vw, 720px\" \/><\/figure><\/li><li class=\"blocks-gallery-item\"><figure><img decoding=\"async\" width=\"720\" height=\"480\" src=\"https:\/\/expressometro.mx\/wp-content\/uploads\/2022\/03\/WhatsApp-Image-2022-03-14-at-10.03.43-AM-2-720x480.jpeg\" alt=\"\" data-id=\"5387\" data-full-url=\"https:\/\/expressometro.mx\/wp-content\/uploads\/2022\/03\/WhatsApp-Image-2022-03-14-at-10.03.43-AM-2.jpeg\" data-link=\"https:\/\/expressometro.mx\/?attachment_id=5387\" class=\"wp-image-5387\" srcset=\"https:\/\/expressometro.mx\/wp-content\/uploads\/2022\/03\/WhatsApp-Image-2022-03-14-at-10.03.43-AM-2-720x480.jpeg 720w, https:\/\/expressometro.mx\/wp-content\/uploads\/2022\/03\/WhatsApp-Image-2022-03-14-at-10.03.43-AM-2-547x365.jpeg 547w, https:\/\/expressometro.mx\/wp-content\/uploads\/2022\/03\/WhatsApp-Image-2022-03-14-at-10.03.43-AM-2-768x512.jpeg 768w, https:\/\/expressometro.mx\/wp-content\/uploads\/2022\/03\/WhatsApp-Image-2022-03-14-at-10.03.43-AM-2.jpeg 1024w\" sizes=\"(max-width: 720px) 100vw, 720px\" \/><\/figure><\/li><li class=\"blocks-gallery-item\"><figure><img decoding=\"async\" width=\"720\" height=\"480\" src=\"https:\/\/expressometro.mx\/wp-content\/uploads\/2022\/03\/WhatsApp-Image-2022-03-14-at-10.03.43-AM-1-720x480.jpeg\" alt=\"\" data-id=\"5388\" data-full-url=\"https:\/\/expressometro.mx\/wp-content\/uploads\/2022\/03\/WhatsApp-Image-2022-03-14-at-10.03.43-AM-1.jpeg\" data-link=\"https:\/\/expressometro.mx\/?attachment_id=5388\" class=\"wp-image-5388\" srcset=\"https:\/\/expressometro.mx\/wp-content\/uploads\/2022\/03\/WhatsApp-Image-2022-03-14-at-10.03.43-AM-1-720x480.jpeg 720w, https:\/\/expressometro.mx\/wp-content\/uploads\/2022\/03\/WhatsApp-Image-2022-03-14-at-10.03.43-AM-1-547x365.jpeg 547w, https:\/\/expressometro.mx\/wp-content\/uploads\/2022\/03\/WhatsApp-Image-2022-03-14-at-10.03.43-AM-1-768x512.jpeg 768w, https:\/\/expressometro.mx\/wp-content\/uploads\/2022\/03\/WhatsApp-Image-2022-03-14-at-10.03.43-AM-1.jpeg 1024w\" sizes=\"(max-width: 720px) 100vw, 720px\" \/><\/figure><\/li><\/ul><\/figure>\n","protected":false},"excerpt":{"rendered":"<p>La alcaldesa encabez\u00f3 la instalaci\u00f3n de los Comit\u00e9s Municipales de Salud, Contra Riesgos Sanitarios y Contra las Adicciones<\/p>\n","protected":false},"author":2,"featured_media":5389,"comment_status":"open","ping_status":"open","sticky":false,"template":"","format":"standard","meta":{"footnotes":""},"categories":[3,5],"tags":[1547,1546],"class_list":["post-5383","post","type-post","status-publish","format-standard","has-post-thumbnail","hentry","category-gobierno","category-salud","tag-carmen-albarran","tag-donato-guerra"],"yoast_head":"<!-- This site is optimized with the Yoast SEO plugin v27.4 - https:\/\/yoast.com\/product\/yoast-seo-wordpress\/ -->\n<title>PRIORITARIA LA SALUD EN DONATO GUERRA - Expresso Metropolitano<\/title>\n<meta name=\"robots\" content=\"index, follow, max-snippet:-1, max-image-preview:large, max-video-preview:-1\" \/>\n<link rel=\"canonical\" href=\"https:\/\/expressometro.mx\/index.php\/2022\/03\/15\/prioritaria-la-salud-en-donato-guerra\/\" \/>\n<meta property=\"og:locale\" content=\"es_MX\" \/>\n<meta property=\"og:type\" content=\"article\" \/>\n<meta property=\"og:title\" content=\"PRIORITARIA LA SALUD EN DONATO GUERRA - Expresso Metropolitano\" \/>\n<meta property=\"og:description\" content=\"La alcaldesa encabez\u00f3 la instalaci\u00f3n de los Comit\u00e9s Municipales de Salud, Contra Riesgos Sanitarios y Contra las Adicciones\" \/>\n<meta property=\"og:url\" content=\"https:\/\/expressometro.mx\/index.php\/2022\/03\/15\/prioritaria-la-salud-en-donato-guerra\/\" \/>\n<meta property=\"og:site_name\" content=\"Expresso Metropolitano\" \/>\n<meta property=\"article:published_time\" content=\"2022-03-15T14:30:20+00:00\" \/>\n<meta property=\"article:modified_time\" content=\"2022-03-15T14:30:21+00:00\" \/>\n<meta property=\"og:image\" content=\"http:\/\/expressometro.mx\/wp-content\/uploads\/2022\/03\/WhatsApp-Image-2022-03-14-at-10.03.43-AM.jpeg\" \/>\n\t<meta property=\"og:image:width\" content=\"1024\" \/>\n\t<meta property=\"og:image:height\" content=\"660\" \/>\n\t<meta property=\"og:image:type\" content=\"image\/jpeg\" \/>\n<meta name=\"author\" content=\"Cecilia Vega\" \/>\n<meta name=\"twitter:label1\" content=\"Escrito por\" \/>\n\t<meta name=\"twitter:data1\" content=\"Cecilia Vega\" \/>\n\t<meta name=\"twitter:label2\" content=\"Tiempo de lectura\" \/>\n\t<meta name=\"twitter:data2\" content=\"3 minutos\" \/>\n<script type=\"application\/ld+json\" class=\"yoast-schema-graph\">{\"@context\":\"https:\\\/\\\/schema.org\",\"@graph\":[{\"@type\":\"Article\",\"@id\":\"https:\\\/\\\/expressometro.mx\\\/index.php\\\/2022\\\/03\\\/15\\\/prioritaria-la-salud-en-donato-guerra\\\/#article\",\"isPartOf\":{\"@id\":\"https:\\\/\\\/expressometro.mx\\\/index.php\\\/2022\\\/03\\\/15\\\/prioritaria-la-salud-en-donato-guerra\\\/\"},\"author\":{\"name\":\"Cecilia Vega\",\"@id\":\"https:\\\/\\\/expressometro.mx\\\/#\\\/schema\\\/person\\\/67a95b8e3862085c7598f66237488f1f\"},\"headline\":\"PRIORITARIA LA SALUD EN DONATO GUERRA\",\"datePublished\":\"2022-03-15T14:30:20+00:00\",\"dateModified\":\"2022-03-15T14:30:21+00:00\",\"mainEntityOfPage\":{\"@id\":\"https:\\\/\\\/expressometro.mx\\\/index.php\\\/2022\\\/03\\\/15\\\/prioritaria-la-salud-en-donato-guerra\\\/\"},\"wordCount\":487,\"commentCount\":0,\"publisher\":{\"@id\":\"https:\\\/\\\/expressometro.mx\\\/#organization\"},\"image\":{\"@id\":\"https:\\\/\\\/expressometro.mx\\\/index.php\\\/2022\\\/03\\\/15\\\/prioritaria-la-salud-en-donato-guerra\\\/#primaryimage\"},\"thumbnailUrl\":\"https:\\\/\\\/expressometro.mx\\\/wp-content\\\/uploads\\\/2022\\\/03\\\/WhatsApp-Image-2022-03-14-at-10.03.43-AM.jpeg\",\"keywords\":[\"Carmen Albarr\u00e1n\",\"Donato Guerra\"],\"articleSection\":[\"Gobierno\",\"Salud\"],\"inLanguage\":\"es\",\"potentialAction\":[{\"@type\":\"CommentAction\",\"name\":\"Comment\",\"target\":[\"https:\\\/\\\/expressometro.mx\\\/index.php\\\/2022\\\/03\\\/15\\\/prioritaria-la-salud-en-donato-guerra\\\/#respond\"]}]},{\"@type\":\"WebPage\",\"@id\":\"https:\\\/\\\/expressometro.mx\\\/index.php\\\/2022\\\/03\\\/15\\\/prioritaria-la-salud-en-donato-guerra\\\/\",\"url\":\"https:\\\/\\\/expressometro.mx\\\/index.php\\\/2022\\\/03\\\/15\\\/prioritaria-la-salud-en-donato-guerra\\\/\",\"name\":\"PRIORITARIA LA SALUD EN DONATO GUERRA - Expresso Metropolitano\",\"isPartOf\":{\"@id\":\"https:\\\/\\\/expressometro.mx\\\/#website\"},\"primaryImageOfPage\":{\"@id\":\"https:\\\/\\\/expressometro.mx\\\/index.php\\\/2022\\\/03\\\/15\\\/prioritaria-la-salud-en-donato-guerra\\\/#primaryimage\"},\"image\":{\"@id\":\"https:\\\/\\\/expressometro.mx\\\/index.php\\\/2022\\\/03\\\/15\\\/prioritaria-la-salud-en-donato-guerra\\\/#primaryimage\"},\"thumbnailUrl\":\"https:\\\/\\\/expressometro.mx\\\/wp-content\\\/uploads\\\/2022\\\/03\\\/WhatsApp-Image-2022-03-14-at-10.03.43-AM.jpeg\",\"datePublished\":\"2022-03-15T14:30:20+00:00\",\"dateModified\":\"2022-03-15T14:30:21+00:00\",\"breadcrumb\":{\"@id\":\"https:\\\/\\\/expressometro.mx\\\/index.php\\\/2022\\\/03\\\/15\\\/prioritaria-la-salud-en-donato-guerra\\\/#breadcrumb\"},\"inLanguage\":\"es\",\"potentialAction\":[{\"@type\":\"ReadAction\",\"target\":[\"https:\\\/\\\/expressometro.mx\\\/index.php\\\/2022\\\/03\\\/15\\\/prioritaria-la-salud-en-donato-guerra\\\/\"]}]},{\"@type\":\"ImageObject\",\"inLanguage\":\"es\",\"@id\":\"https:\\\/\\\/expressometro.mx\\\/index.php\\\/2022\\\/03\\\/15\\\/prioritaria-la-salud-en-donato-guerra\\\/#primaryimage\",\"url\":\"https:\\\/\\\/expressometro.mx\\\/wp-content\\\/uploads\\\/2022\\\/03\\\/WhatsApp-Image-2022-03-14-at-10.03.43-AM.jpeg\",\"contentUrl\":\"https:\\\/\\\/expressometro.mx\\\/wp-content\\\/uploads\\\/2022\\\/03\\\/WhatsApp-Image-2022-03-14-at-10.03.43-AM.jpeg\",\"width\":1024,\"height\":660},{\"@type\":\"BreadcrumbList\",\"@id\":\"https:\\\/\\\/expressometro.mx\\\/index.php\\\/2022\\\/03\\\/15\\\/prioritaria-la-salud-en-donato-guerra\\\/#breadcrumb\",\"itemListElement\":[{\"@type\":\"ListItem\",\"position\":1,\"name\":\"Inicio\",\"item\":\"https:\\\/\\\/expressometro.mx\\\/\"},{\"@type\":\"ListItem\",\"position\":2,\"name\":\"PRIORITARIA LA SALUD EN DONATO GUERRA\"}]},{\"@type\":\"WebSite\",\"@id\":\"https:\\\/\\\/expressometro.mx\\\/#website\",\"url\":\"https:\\\/\\\/expressometro.mx\\\/\",\"name\":\"Expresso Metropolitano\",\"description\":\"Periodismo comprometido, informaci\u00f3n, investigaci\u00f3n y an\u00e1lisis\",\"publisher\":{\"@id\":\"https:\\\/\\\/expressometro.mx\\\/#organization\"},\"potentialAction\":[{\"@type\":\"SearchAction\",\"target\":{\"@type\":\"EntryPoint\",\"urlTemplate\":\"https:\\\/\\\/expressometro.mx\\\/?s={search_term_string}\"},\"query-input\":{\"@type\":\"PropertyValueSpecification\",\"valueRequired\":true,\"valueName\":\"search_term_string\"}}],\"inLanguage\":\"es\"},{\"@type\":\"Organization\",\"@id\":\"https:\\\/\\\/expressometro.mx\\\/#organization\",\"name\":\"Expresso Metropolitano\",\"url\":\"https:\\\/\\\/expressometro.mx\\\/\",\"logo\":{\"@type\":\"ImageObject\",\"inLanguage\":\"es\",\"@id\":\"https:\\\/\\\/expressometro.mx\\\/#\\\/schema\\\/logo\\\/image\\\/\",\"url\":\"https:\\\/\\\/expressometro.mx\\\/wp-content\\\/uploads\\\/2019\\\/07\\\/cropped-Logo-Expresso-Metropolitano-1-1.jpeg\",\"contentUrl\":\"https:\\\/\\\/expressometro.mx\\\/wp-content\\\/uploads\\\/2019\\\/07\\\/cropped-Logo-Expresso-Metropolitano-1-1.jpeg\",\"width\":290,\"height\":73,\"caption\":\"Expresso Metropolitano\"},\"image\":{\"@id\":\"https:\\\/\\\/expressometro.mx\\\/#\\\/schema\\\/logo\\\/image\\\/\"}},{\"@type\":\"Person\",\"@id\":\"https:\\\/\\\/expressometro.mx\\\/#\\\/schema\\\/person\\\/67a95b8e3862085c7598f66237488f1f\",\"name\":\"Cecilia Vega\",\"image\":{\"@type\":\"ImageObject\",\"inLanguage\":\"es\",\"@id\":\"https:\\\/\\\/secure.gravatar.com\\\/avatar\\\/13aae9944ab2ee472a9e407c9487fdbd03b049abaa559af32fe5dbcf615c981b?s=96&d=mm&r=g\",\"url\":\"https:\\\/\\\/secure.gravatar.com\\\/avatar\\\/13aae9944ab2ee472a9e407c9487fdbd03b049abaa559af32fe5dbcf615c981b?s=96&d=mm&r=g\",\"contentUrl\":\"https:\\\/\\\/secure.gravatar.com\\\/avatar\\\/13aae9944ab2ee472a9e407c9487fdbd03b049abaa559af32fe5dbcf615c981b?s=96&d=mm&r=g\",\"caption\":\"Cecilia Vega\"},\"url\":\"https:\\\/\\\/expressometro.mx\\\/index.php\\\/author\\\/cecilia-vega\\\/\"}]}<\/script>\n<!-- \/ Yoast SEO plugin. -->","yoast_head_json":{"title":"PRIORITARIA LA SALUD EN DONATO GUERRA - Expresso Metropolitano","robots":{"index":"index","follow":"follow","max-snippet":"max-snippet:-1","max-image-preview":"max-image-preview:large","max-video-preview":"max-video-preview:-1"},"canonical":"https:\/\/expressometro.mx\/index.php\/2022\/03\/15\/prioritaria-la-salud-en-donato-guerra\/","og_locale":"es_MX","og_type":"article","og_title":"PRIORITARIA LA SALUD EN DONATO GUERRA - Expresso Metropolitano","og_description":"La alcaldesa encabez\u00f3 la instalaci\u00f3n de los Comit\u00e9s Municipales de Salud, Contra Riesgos Sanitarios y Contra las Adicciones","og_url":"https:\/\/expressometro.mx\/index.php\/2022\/03\/15\/prioritaria-la-salud-en-donato-guerra\/","og_site_name":"Expresso Metropolitano","article_published_time":"2022-03-15T14:30:20+00:00","article_modified_time":"2022-03-15T14:30:21+00:00","og_image":[{"width":1024,"height":660,"url":"http:\/\/expressometro.mx\/wp-content\/uploads\/2022\/03\/WhatsApp-Image-2022-03-14-at-10.03.43-AM.jpeg","type":"image\/jpeg"}],"author":"Cecilia Vega","twitter_misc":{"Escrito por":"Cecilia Vega","Tiempo de lectura":"3 minutos"},"schema":{"@context":"https:\/\/schema.org","@graph":[{"@type":"Article","@id":"https:\/\/expressometro.mx\/index.php\/2022\/03\/15\/prioritaria-la-salud-en-donato-guerra\/#article","isPartOf":{"@id":"https:\/\/expressometro.mx\/index.php\/2022\/03\/15\/prioritaria-la-salud-en-donato-guerra\/"},"author":{"name":"Cecilia Vega","@id":"https:\/\/expressometro.mx\/#\/schema\/person\/67a95b8e3862085c7598f66237488f1f"},"headline":"PRIORITARIA LA SALUD EN DONATO GUERRA","datePublished":"2022-03-15T14:30:20+00:00","dateModified":"2022-03-15T14:30:21+00:00","mainEntityOfPage":{"@id":"https:\/\/expressometro.mx\/index.php\/2022\/03\/15\/prioritaria-la-salud-en-donato-guerra\/"},"wordCount":487,"commentCount":0,"publisher":{"@id":"https:\/\/expressometro.mx\/#organization"},"image":{"@id":"https:\/\/expressometro.mx\/index.php\/2022\/03\/15\/prioritaria-la-salud-en-donato-guerra\/#primaryimage"},"thumbnailUrl":"https:\/\/expressometro.mx\/wp-content\/uploads\/2022\/03\/WhatsApp-Image-2022-03-14-at-10.03.43-AM.jpeg","keywords":["Carmen Albarr\u00e1n","Donato Guerra"],"articleSection":["Gobierno","Salud"],"inLanguage":"es","potentialAction":[{"@type":"CommentAction","name":"Comment","target":["https:\/\/expressometro.mx\/index.php\/2022\/03\/15\/prioritaria-la-salud-en-donato-guerra\/#respond"]}]},{"@type":"WebPage","@id":"https:\/\/expressometro.mx\/index.php\/2022\/03\/15\/prioritaria-la-salud-en-donato-guerra\/","url":"https:\/\/expressometro.mx\/index.php\/2022\/03\/15\/prioritaria-la-salud-en-donato-guerra\/","name":"PRIORITARIA LA SALUD EN DONATO GUERRA - Expresso Metropolitano","isPartOf":{"@id":"https:\/\/expressometro.mx\/#website"},"primaryImageOfPage":{"@id":"https:\/\/expressometro.mx\/index.php\/2022\/03\/15\/prioritaria-la-salud-en-donato-guerra\/#primaryimage"},"image":{"@id":"https:\/\/expressometro.mx\/index.php\/2022\/03\/15\/prioritaria-la-salud-en-donato-guerra\/#primaryimage"},"thumbnailUrl":"https:\/\/expressometro.mx\/wp-content\/uploads\/2022\/03\/WhatsApp-Image-2022-03-14-at-10.03.43-AM.jpeg","datePublished":"2022-03-15T14:30:20+00:00","dateModified":"2022-03-15T14:30:21+00:00","breadcrumb":{"@id":"https:\/\/expressometro.mx\/index.php\/2022\/03\/15\/prioritaria-la-salud-en-donato-guerra\/#breadcrumb"},"inLanguage":"es","potentialAction":[{"@type":"ReadAction","target":["https:\/\/expressometro.mx\/index.php\/2022\/03\/15\/prioritaria-la-salud-en-donato-guerra\/"]}]},{"@type":"ImageObject","inLanguage":"es","@id":"https:\/\/expressometro.mx\/index.php\/2022\/03\/15\/prioritaria-la-salud-en-donato-guerra\/#primaryimage","url":"https:\/\/expressometro.mx\/wp-content\/uploads\/2022\/03\/WhatsApp-Image-2022-03-14-at-10.03.43-AM.jpeg","contentUrl":"https:\/\/expressometro.mx\/wp-content\/uploads\/2022\/03\/WhatsApp-Image-2022-03-14-at-10.03.43-AM.jpeg","width":1024,"height":660},{"@type":"BreadcrumbList","@id":"https:\/\/expressometro.mx\/index.php\/2022\/03\/15\/prioritaria-la-salud-en-donato-guerra\/#breadcrumb","itemListElement":[{"@type":"ListItem","position":1,"name":"Inicio","item":"https:\/\/expressometro.mx\/"},{"@type":"ListItem","position":2,"name":"PRIORITARIA LA SALUD EN DONATO GUERRA"}]},{"@type":"WebSite","@id":"https:\/\/expressometro.mx\/#website","url":"https:\/\/expressometro.mx\/","name":"Expresso Metropolitano","description":"Periodismo comprometido, informaci\u00f3n, investigaci\u00f3n y an\u00e1lisis","publisher":{"@id":"https:\/\/expressometro.mx\/#organization"},"potentialAction":[{"@type":"SearchAction","target":{"@type":"EntryPoint","urlTemplate":"https:\/\/expressometro.mx\/?s={search_term_string}"},"query-input":{"@type":"PropertyValueSpecification","valueRequired":true,"valueName":"search_term_string"}}],"inLanguage":"es"},{"@type":"Organization","@id":"https:\/\/expressometro.mx\/#organization","name":"Expresso Metropolitano","url":"https:\/\/expressometro.mx\/","logo":{"@type":"ImageObject","inLanguage":"es","@id":"https:\/\/expressometro.mx\/#\/schema\/logo\/image\/","url":"https:\/\/expressometro.mx\/wp-content\/uploads\/2019\/07\/cropped-Logo-Expresso-Metropolitano-1-1.jpeg","contentUrl":"https:\/\/expressometro.mx\/wp-content\/uploads\/2019\/07\/cropped-Logo-Expresso-Metropolitano-1-1.jpeg","width":290,"height":73,"caption":"Expresso Metropolitano"},"image":{"@id":"https:\/\/expressometro.mx\/#\/schema\/logo\/image\/"}},{"@type":"Person","@id":"https:\/\/expressometro.mx\/#\/schema\/person\/67a95b8e3862085c7598f66237488f1f","name":"Cecilia Vega","image":{"@type":"ImageObject","inLanguage":"es","@id":"https:\/\/secure.gravatar.com\/avatar\/13aae9944ab2ee472a9e407c9487fdbd03b049abaa559af32fe5dbcf615c981b?s=96&d=mm&r=g","url":"https:\/\/secure.gravatar.com\/avatar\/13aae9944ab2ee472a9e407c9487fdbd03b049abaa559af32fe5dbcf615c981b?s=96&d=mm&r=g","contentUrl":"https:\/\/secure.gravatar.com\/avatar\/13aae9944ab2ee472a9e407c9487fdbd03b049abaa559af32fe5dbcf615c981b?s=96&d=mm&r=g","caption":"Cecilia Vega"},"url":"https:\/\/expressometro.mx\/index.php\/author\/cecilia-vega\/"}]}},"amp_enabled":true,"_links":{"self":[{"href":"https:\/\/expressometro.mx\/index.php\/wp-json\/wp\/v2\/posts\/5383","targetHints":{"allow":["GET"]}}],"collection":[{"href":"https:\/\/expressometro.mx\/index.php\/wp-json\/wp\/v2\/posts"}],"about":[{"href":"https:\/\/expressometro.mx\/index.php\/wp-json\/wp\/v2\/types\/post"}],"author":[{"embeddable":true,"href":"https:\/\/expressometro.mx\/index.php\/wp-json\/wp\/v2\/users\/2"}],"replies":[{"embeddable":true,"href":"https:\/\/expressometro.mx\/index.php\/wp-json\/wp\/v2\/comments?post=5383"}],"version-history":[{"count":1,"href":"https:\/\/expressometro.mx\/index.php\/wp-json\/wp\/v2\/posts\/5383\/revisions"}],"predecessor-version":[{"id":5390,"href":"https:\/\/expressometro.mx\/index.php\/wp-json\/wp\/v2\/posts\/5383\/revisions\/5390"}],"wp:featuredmedia":[{"embeddable":true,"href":"https:\/\/expressometro.mx\/index.php\/wp-json\/wp\/v2\/media\/5389"}],"wp:attachment":[{"href":"https:\/\/expressometro.mx\/index.php\/wp-json\/wp\/v2\/media?parent=5383"}],"wp:term":[{"taxonomy":"category","embeddable":true,"href":"https:\/\/expressometro.mx\/index.php\/wp-json\/wp\/v2\/categories?post=5383"},{"taxonomy":"post_tag","embeddable":true,"href":"https:\/\/expressometro.mx\/index.php\/wp-json\/wp\/v2\/tags?post=5383"}],"curies":[{"name":"wp","href":"https:\/\/api.w.org\/{rel}","templated":true}]}}