{"id":537,"date":"2019-09-07T14:04:29","date_gmt":"2019-09-07T19:04:29","guid":{"rendered":"http:\/\/expressometro.mx\/?p=537"},"modified":"2019-09-25T10:33:47","modified_gmt":"2019-09-25T15:33:47","slug":"recorre-duo-voz-entre-cuerdas-edomex-en-septiembre","status":"publish","type":"post","link":"https:\/\/expressometro.mx\/index.php\/2019\/09\/07\/recorre-duo-voz-entre-cuerdas-edomex-en-septiembre\/","title":{"rendered":"RECORRE D\u00daO \u201cVOZ ENTRE CUERDAS\u201d EDOM\u00c9X EN SEPTIEMBRE"},"content":{"rendered":"\n<p>El d\u00fao \u201cVoz entre Cuerdas\u201d, que se ha presentado en diversos escenarios de M\u00e9xico y el extranjero, llevar\u00e1, durante el mes de septiembre, su m\u00fasica a diversos municipios con su gira \u201cM\u00fasica para llevar\u201d.<br><br>Como parte de la Secretar\u00eda de Cultura, este dueto incluye entre su repertorio piezas que van desde el Renacimiento hasta el siglo XX, sin dejar de lado la tradicional m\u00fasica latinoamericana.<br><br>El ensamble \u201cVoz entre Cuerdas&#8221;, integrado por la soprano Jeorgina Tavira y el guitarrista Javier Hern\u00e1ndez Tagle, naci\u00f3 en el a\u00f1o 2011 con el objetivo de fomentar y dar a conocer entre las y los mexiquenses de todas las edades, el repertorio cl\u00e1sico para guitarra y voz.<br><br>Para iniciar, este d\u00eda, a las 13:00 horas, se presentar\u00e1n en la explanada municipal de Tenancingo, como parte de la Feria del Rebozo 2019.<br><br>De igual forma, para los aniversarios de los Centros Culturales Edom\u00e9x, el d\u00eda 11 de septiembre llegar\u00e1n al de Atlacomulco a las 16:30 horas; el 19 del mismo mes, a las 16:00 horas, se presentar\u00e1n en Toluca, y el jueves 26 de septiembre, a las 17:00 horas en el de Temascalcingo.<br><br>Al respecto, Javier Hern\u00e1ndez Tagle, explic\u00f3 c\u00f3mo se realizan los recitales, en los que incluyen pl\u00e1ticas no s\u00f3lo de cuestiones y datos hist\u00f3ricos, sino tambi\u00e9n de an\u00e9cdotas de las obras y compositores.<br><br>\u201cBuscamos hacer el concierto cercano a la gente y que disfruten desde otra perspectiva la m\u00fasica que se les va a presentar. Aunque la m\u00fasica es seria y merece un gran respeto, a veces las circunstancias que rodeaban a las piezas o compositores tienen esa parte humana, a veces tr\u00e1gica o chusca y nos parece importante que quienes se acercan conozcan lo que hay detr\u00e1s de la obra\u201d, detall\u00f3.<br><br>Asimismo, manifest\u00f3 que el programa incluye un repertorio de distintas \u00e9pocas y pa\u00edses y que es parte de su primer material discogr\u00e1fico, aunado a esto, agreg\u00f3 que la entrada es libre en todas sus presentaciones.<br><br>\u201cPresentamos el programa \u201cAy, que me r\u00edo de amor\u201d, con m\u00fasica que va desde el Renacimiento que se hace con instrumento de la \u00e9poca que es una vihuela, pasando por canciones del compositor italiano Mauro Giuliani, m\u00fasica de canci\u00f3n de concierto espa\u00f1ola de Joaqu\u00edn Rodrigo, Fernando Sor, Manuel de Falla y m\u00fasica latinoamericana y mexicana entre los que destacan Manuel M. Ponce, que son adaptaciones de las piezas y de las canciones que escribe originalmente para piano para hacerlas con la guitarra\u201d, detall\u00f3.<br><br>Para mayor informaci\u00f3n del repertorio y fechas de las siguientes presentaciones, los interesados pueden entrar a las redes sociales, en Facebook, Twitter e Instagram @vozentrecuerdas y @CulturaEdomex. <\/p>\n","protected":false},"excerpt":{"rendered":"<p>El d\u00fao \u201cVoz entre Cuerdas\u201d, que se ha presentado en diversos escenarios de M\u00e9xico y el extranjero, llevar\u00e1, durante el mes de septiembre, su m\u00fasica a diversos municipios con su gira \u201cM\u00fasica para llevar\u201d. Como parte de la Secretar\u00eda de Cultura, este dueto incluye entre su repertorio piezas que van desde el Renacimiento hasta el siglo XX, sin dejar de lado la tradicional m\u00fasica latinoamericana. El ensamble \u201cVoz entre Cuerdas&#8221;, integrado por la soprano Jeorgina Tavira y el guitarrista Javier Hern\u00e1ndez Tagle, naci\u00f3 en el a\u00f1o 2011 con el objetivo&hellip;<\/p>\n","protected":false},"author":1,"featured_media":538,"comment_status":"open","ping_status":"open","sticky":false,"template":"","format":"standard","meta":{"footnotes":""},"categories":[11,3],"tags":[],"class_list":["post-537","post","type-post","status-publish","format-standard","has-post-thumbnail","hentry","category-cultura","category-gobierno"],"yoast_head":"<!-- This site is optimized with the Yoast SEO plugin v27.5 - https:\/\/yoast.com\/product\/yoast-seo-wordpress\/ -->\n<title>RECORRE D\u00daO \u201cVOZ ENTRE CUERDAS\u201d EDOM\u00c9X EN SEPTIEMBRE - Expresso Metropolitano<\/title>\n<meta name=\"robots\" content=\"index, follow, max-snippet:-1, max-image-preview:large, max-video-preview:-1\" \/>\n<link rel=\"canonical\" href=\"https:\/\/expressometro.mx\/index.php\/2019\/09\/07\/recorre-duo-voz-entre-cuerdas-edomex-en-septiembre\/\" \/>\n<meta property=\"og:locale\" content=\"es_MX\" \/>\n<meta property=\"og:type\" content=\"article\" \/>\n<meta property=\"og:title\" content=\"RECORRE D\u00daO \u201cVOZ ENTRE CUERDAS\u201d EDOM\u00c9X EN SEPTIEMBRE - Expresso Metropolitano\" \/>\n<meta property=\"og:description\" content=\"El d\u00fao \u201cVoz entre Cuerdas\u201d, que se ha presentado en diversos escenarios de M\u00e9xico y el extranjero, llevar\u00e1, durante el mes de septiembre, su m\u00fasica a diversos municipios con su gira \u201cM\u00fasica para llevar\u201d. Como parte de la Secretar\u00eda de Cultura, este dueto incluye entre su repertorio piezas que van desde el Renacimiento hasta el siglo XX, sin dejar de lado la tradicional m\u00fasica latinoamericana. El ensamble \u201cVoz entre Cuerdas&#8221;, integrado por la soprano Jeorgina Tavira y el guitarrista Javier Hern\u00e1ndez Tagle, naci\u00f3 en el a\u00f1o 2011 con el objetivo&hellip;\" \/>\n<meta property=\"og:url\" content=\"https:\/\/expressometro.mx\/index.php\/2019\/09\/07\/recorre-duo-voz-entre-cuerdas-edomex-en-septiembre\/\" \/>\n<meta property=\"og:site_name\" content=\"Expresso Metropolitano\" \/>\n<meta property=\"article:published_time\" content=\"2019-09-07T19:04:29+00:00\" \/>\n<meta property=\"article:modified_time\" content=\"2019-09-25T15:33:47+00:00\" \/>\n<meta property=\"og:image\" content=\"https:\/\/expressometro.mx\/wp-content\/uploads\/2019\/09\/w2_9019_1.jpg\" \/>\n\t<meta property=\"og:image:width\" content=\"1000\" \/>\n\t<meta property=\"og:image:height\" content=\"1000\" \/>\n\t<meta property=\"og:image:type\" content=\"image\/jpeg\" \/>\n<meta name=\"author\" content=\"Expresso Metropolitano\" \/>\n<meta name=\"twitter:label1\" content=\"Escrito por\" \/>\n\t<meta name=\"twitter:data1\" content=\"Expresso Metropolitano\" \/>\n\t<meta name=\"twitter:label2\" content=\"Tiempo de lectura\" \/>\n\t<meta name=\"twitter:data2\" content=\"2 minutos\" \/>\n<script type=\"application\/ld+json\" class=\"yoast-schema-graph\">{\"@context\":\"https:\\\/\\\/schema.org\",\"@graph\":[{\"@type\":\"Article\",\"@id\":\"https:\\\/\\\/expressometro.mx\\\/index.php\\\/2019\\\/09\\\/07\\\/recorre-duo-voz-entre-cuerdas-edomex-en-septiembre\\\/#article\",\"isPartOf\":{\"@id\":\"https:\\\/\\\/expressometro.mx\\\/index.php\\\/2019\\\/09\\\/07\\\/recorre-duo-voz-entre-cuerdas-edomex-en-septiembre\\\/\"},\"author\":{\"name\":\"Expresso Metropolitano\",\"@id\":\"https:\\\/\\\/expressometro.mx\\\/#\\\/schema\\\/person\\\/efa971b4a0664db8ed5c22b1b0dd2f5d\"},\"headline\":\"RECORRE D\u00daO \u201cVOZ ENTRE CUERDAS\u201d EDOM\u00c9X EN SEPTIEMBRE\",\"datePublished\":\"2019-09-07T19:04:29+00:00\",\"dateModified\":\"2019-09-25T15:33:47+00:00\",\"mainEntityOfPage\":{\"@id\":\"https:\\\/\\\/expressometro.mx\\\/index.php\\\/2019\\\/09\\\/07\\\/recorre-duo-voz-entre-cuerdas-edomex-en-septiembre\\\/\"},\"wordCount\":470,\"commentCount\":0,\"publisher\":{\"@id\":\"https:\\\/\\\/expressometro.mx\\\/#organization\"},\"image\":{\"@id\":\"https:\\\/\\\/expressometro.mx\\\/index.php\\\/2019\\\/09\\\/07\\\/recorre-duo-voz-entre-cuerdas-edomex-en-septiembre\\\/#primaryimage\"},\"thumbnailUrl\":\"https:\\\/\\\/expressometro.mx\\\/wp-content\\\/uploads\\\/2019\\\/09\\\/w2_9019_1.jpg\",\"articleSection\":[\"Cultura\",\"Gobierno\"],\"inLanguage\":\"es\",\"potentialAction\":[{\"@type\":\"CommentAction\",\"name\":\"Comment\",\"target\":[\"https:\\\/\\\/expressometro.mx\\\/index.php\\\/2019\\\/09\\\/07\\\/recorre-duo-voz-entre-cuerdas-edomex-en-septiembre\\\/#respond\"]}]},{\"@type\":\"WebPage\",\"@id\":\"https:\\\/\\\/expressometro.mx\\\/index.php\\\/2019\\\/09\\\/07\\\/recorre-duo-voz-entre-cuerdas-edomex-en-septiembre\\\/\",\"url\":\"https:\\\/\\\/expressometro.mx\\\/index.php\\\/2019\\\/09\\\/07\\\/recorre-duo-voz-entre-cuerdas-edomex-en-septiembre\\\/\",\"name\":\"RECORRE D\u00daO \u201cVOZ ENTRE CUERDAS\u201d EDOM\u00c9X EN SEPTIEMBRE - Expresso Metropolitano\",\"isPartOf\":{\"@id\":\"https:\\\/\\\/expressometro.mx\\\/#website\"},\"primaryImageOfPage\":{\"@id\":\"https:\\\/\\\/expressometro.mx\\\/index.php\\\/2019\\\/09\\\/07\\\/recorre-duo-voz-entre-cuerdas-edomex-en-septiembre\\\/#primaryimage\"},\"image\":{\"@id\":\"https:\\\/\\\/expressometro.mx\\\/index.php\\\/2019\\\/09\\\/07\\\/recorre-duo-voz-entre-cuerdas-edomex-en-septiembre\\\/#primaryimage\"},\"thumbnailUrl\":\"https:\\\/\\\/expressometro.mx\\\/wp-content\\\/uploads\\\/2019\\\/09\\\/w2_9019_1.jpg\",\"datePublished\":\"2019-09-07T19:04:29+00:00\",\"dateModified\":\"2019-09-25T15:33:47+00:00\",\"breadcrumb\":{\"@id\":\"https:\\\/\\\/expressometro.mx\\\/index.php\\\/2019\\\/09\\\/07\\\/recorre-duo-voz-entre-cuerdas-edomex-en-septiembre\\\/#breadcrumb\"},\"inLanguage\":\"es\",\"potentialAction\":[{\"@type\":\"ReadAction\",\"target\":[\"https:\\\/\\\/expressometro.mx\\\/index.php\\\/2019\\\/09\\\/07\\\/recorre-duo-voz-entre-cuerdas-edomex-en-septiembre\\\/\"]}]},{\"@type\":\"ImageObject\",\"inLanguage\":\"es\",\"@id\":\"https:\\\/\\\/expressometro.mx\\\/index.php\\\/2019\\\/09\\\/07\\\/recorre-duo-voz-entre-cuerdas-edomex-en-septiembre\\\/#primaryimage\",\"url\":\"https:\\\/\\\/expressometro.mx\\\/wp-content\\\/uploads\\\/2019\\\/09\\\/w2_9019_1.jpg\",\"contentUrl\":\"https:\\\/\\\/expressometro.mx\\\/wp-content\\\/uploads\\\/2019\\\/09\\\/w2_9019_1.jpg\",\"width\":1000,\"height\":1000},{\"@type\":\"BreadcrumbList\",\"@id\":\"https:\\\/\\\/expressometro.mx\\\/index.php\\\/2019\\\/09\\\/07\\\/recorre-duo-voz-entre-cuerdas-edomex-en-septiembre\\\/#breadcrumb\",\"itemListElement\":[{\"@type\":\"ListItem\",\"position\":1,\"name\":\"Inicio\",\"item\":\"https:\\\/\\\/expressometro.mx\\\/\"},{\"@type\":\"ListItem\",\"position\":2,\"name\":\"RECORRE D\u00daO \u201cVOZ ENTRE CUERDAS\u201d EDOM\u00c9X EN SEPTIEMBRE\"}]},{\"@type\":\"WebSite\",\"@id\":\"https:\\\/\\\/expressometro.mx\\\/#website\",\"url\":\"https:\\\/\\\/expressometro.mx\\\/\",\"name\":\"Expresso Metropolitano\",\"description\":\"Periodismo comprometido, informaci\u00f3n, investigaci\u00f3n y an\u00e1lisis\",\"publisher\":{\"@id\":\"https:\\\/\\\/expressometro.mx\\\/#organization\"},\"potentialAction\":[{\"@type\":\"SearchAction\",\"target\":{\"@type\":\"EntryPoint\",\"urlTemplate\":\"https:\\\/\\\/expressometro.mx\\\/?s={search_term_string}\"},\"query-input\":{\"@type\":\"PropertyValueSpecification\",\"valueRequired\":true,\"valueName\":\"search_term_string\"}}],\"inLanguage\":\"es\"},{\"@type\":\"Organization\",\"@id\":\"https:\\\/\\\/expressometro.mx\\\/#organization\",\"name\":\"Expresso Metropolitano\",\"url\":\"https:\\\/\\\/expressometro.mx\\\/\",\"logo\":{\"@type\":\"ImageObject\",\"inLanguage\":\"es\",\"@id\":\"https:\\\/\\\/expressometro.mx\\\/#\\\/schema\\\/logo\\\/image\\\/\",\"url\":\"https:\\\/\\\/expressometro.mx\\\/wp-content\\\/uploads\\\/2019\\\/07\\\/cropped-Logo-Expresso-Metropolitano-1-1.jpeg\",\"contentUrl\":\"https:\\\/\\\/expressometro.mx\\\/wp-content\\\/uploads\\\/2019\\\/07\\\/cropped-Logo-Expresso-Metropolitano-1-1.jpeg\",\"width\":290,\"height\":73,\"caption\":\"Expresso Metropolitano\"},\"image\":{\"@id\":\"https:\\\/\\\/expressometro.mx\\\/#\\\/schema\\\/logo\\\/image\\\/\"}},{\"@type\":\"Person\",\"@id\":\"https:\\\/\\\/expressometro.mx\\\/#\\\/schema\\\/person\\\/efa971b4a0664db8ed5c22b1b0dd2f5d\",\"name\":\"Expresso Metropolitano\",\"image\":{\"@type\":\"ImageObject\",\"inLanguage\":\"es\",\"@id\":\"https:\\\/\\\/secure.gravatar.com\\\/avatar\\\/a89f802b8de18c6952f223c88d3d106e9e3679839f4e25a02f4a6cc2ae6ba3b3?s=96&d=mm&r=g\",\"url\":\"https:\\\/\\\/secure.gravatar.com\\\/avatar\\\/a89f802b8de18c6952f223c88d3d106e9e3679839f4e25a02f4a6cc2ae6ba3b3?s=96&d=mm&r=g\",\"contentUrl\":\"https:\\\/\\\/secure.gravatar.com\\\/avatar\\\/a89f802b8de18c6952f223c88d3d106e9e3679839f4e25a02f4a6cc2ae6ba3b3?s=96&d=mm&r=g\",\"caption\":\"Expresso Metropolitano\"},\"url\":\"https:\\\/\\\/expressometro.mx\\\/index.php\\\/author\\\/diego\\\/\"}]}<\/script>\n<!-- \/ Yoast SEO plugin. -->","yoast_head_json":{"title":"RECORRE D\u00daO \u201cVOZ ENTRE CUERDAS\u201d EDOM\u00c9X EN SEPTIEMBRE - Expresso Metropolitano","robots":{"index":"index","follow":"follow","max-snippet":"max-snippet:-1","max-image-preview":"max-image-preview:large","max-video-preview":"max-video-preview:-1"},"canonical":"https:\/\/expressometro.mx\/index.php\/2019\/09\/07\/recorre-duo-voz-entre-cuerdas-edomex-en-septiembre\/","og_locale":"es_MX","og_type":"article","og_title":"RECORRE D\u00daO \u201cVOZ ENTRE CUERDAS\u201d EDOM\u00c9X EN SEPTIEMBRE - Expresso Metropolitano","og_description":"El d\u00fao \u201cVoz entre Cuerdas\u201d, que se ha presentado en diversos escenarios de M\u00e9xico y el extranjero, llevar\u00e1, durante el mes de septiembre, su m\u00fasica a diversos municipios con su gira \u201cM\u00fasica para llevar\u201d. Como parte de la Secretar\u00eda de Cultura, este dueto incluye entre su repertorio piezas que van desde el Renacimiento hasta el siglo XX, sin dejar de lado la tradicional m\u00fasica latinoamericana. El ensamble \u201cVoz entre Cuerdas&#8221;, integrado por la soprano Jeorgina Tavira y el guitarrista Javier Hern\u00e1ndez Tagle, naci\u00f3 en el a\u00f1o 2011 con el objetivo&hellip;","og_url":"https:\/\/expressometro.mx\/index.php\/2019\/09\/07\/recorre-duo-voz-entre-cuerdas-edomex-en-septiembre\/","og_site_name":"Expresso Metropolitano","article_published_time":"2019-09-07T19:04:29+00:00","article_modified_time":"2019-09-25T15:33:47+00:00","og_image":[{"width":1000,"height":1000,"url":"https:\/\/expressometro.mx\/wp-content\/uploads\/2019\/09\/w2_9019_1.jpg","type":"image\/jpeg"}],"author":"Expresso Metropolitano","twitter_misc":{"Escrito por":"Expresso Metropolitano","Tiempo de lectura":"2 minutos"},"schema":{"@context":"https:\/\/schema.org","@graph":[{"@type":"Article","@id":"https:\/\/expressometro.mx\/index.php\/2019\/09\/07\/recorre-duo-voz-entre-cuerdas-edomex-en-septiembre\/#article","isPartOf":{"@id":"https:\/\/expressometro.mx\/index.php\/2019\/09\/07\/recorre-duo-voz-entre-cuerdas-edomex-en-septiembre\/"},"author":{"name":"Expresso Metropolitano","@id":"https:\/\/expressometro.mx\/#\/schema\/person\/efa971b4a0664db8ed5c22b1b0dd2f5d"},"headline":"RECORRE D\u00daO \u201cVOZ ENTRE CUERDAS\u201d EDOM\u00c9X EN SEPTIEMBRE","datePublished":"2019-09-07T19:04:29+00:00","dateModified":"2019-09-25T15:33:47+00:00","mainEntityOfPage":{"@id":"https:\/\/expressometro.mx\/index.php\/2019\/09\/07\/recorre-duo-voz-entre-cuerdas-edomex-en-septiembre\/"},"wordCount":470,"commentCount":0,"publisher":{"@id":"https:\/\/expressometro.mx\/#organization"},"image":{"@id":"https:\/\/expressometro.mx\/index.php\/2019\/09\/07\/recorre-duo-voz-entre-cuerdas-edomex-en-septiembre\/#primaryimage"},"thumbnailUrl":"https:\/\/expressometro.mx\/wp-content\/uploads\/2019\/09\/w2_9019_1.jpg","articleSection":["Cultura","Gobierno"],"inLanguage":"es","potentialAction":[{"@type":"CommentAction","name":"Comment","target":["https:\/\/expressometro.mx\/index.php\/2019\/09\/07\/recorre-duo-voz-entre-cuerdas-edomex-en-septiembre\/#respond"]}]},{"@type":"WebPage","@id":"https:\/\/expressometro.mx\/index.php\/2019\/09\/07\/recorre-duo-voz-entre-cuerdas-edomex-en-septiembre\/","url":"https:\/\/expressometro.mx\/index.php\/2019\/09\/07\/recorre-duo-voz-entre-cuerdas-edomex-en-septiembre\/","name":"RECORRE D\u00daO \u201cVOZ ENTRE CUERDAS\u201d EDOM\u00c9X EN SEPTIEMBRE - Expresso Metropolitano","isPartOf":{"@id":"https:\/\/expressometro.mx\/#website"},"primaryImageOfPage":{"@id":"https:\/\/expressometro.mx\/index.php\/2019\/09\/07\/recorre-duo-voz-entre-cuerdas-edomex-en-septiembre\/#primaryimage"},"image":{"@id":"https:\/\/expressometro.mx\/index.php\/2019\/09\/07\/recorre-duo-voz-entre-cuerdas-edomex-en-septiembre\/#primaryimage"},"thumbnailUrl":"https:\/\/expressometro.mx\/wp-content\/uploads\/2019\/09\/w2_9019_1.jpg","datePublished":"2019-09-07T19:04:29+00:00","dateModified":"2019-09-25T15:33:47+00:00","breadcrumb":{"@id":"https:\/\/expressometro.mx\/index.php\/2019\/09\/07\/recorre-duo-voz-entre-cuerdas-edomex-en-septiembre\/#breadcrumb"},"inLanguage":"es","potentialAction":[{"@type":"ReadAction","target":["https:\/\/expressometro.mx\/index.php\/2019\/09\/07\/recorre-duo-voz-entre-cuerdas-edomex-en-septiembre\/"]}]},{"@type":"ImageObject","inLanguage":"es","@id":"https:\/\/expressometro.mx\/index.php\/2019\/09\/07\/recorre-duo-voz-entre-cuerdas-edomex-en-septiembre\/#primaryimage","url":"https:\/\/expressometro.mx\/wp-content\/uploads\/2019\/09\/w2_9019_1.jpg","contentUrl":"https:\/\/expressometro.mx\/wp-content\/uploads\/2019\/09\/w2_9019_1.jpg","width":1000,"height":1000},{"@type":"BreadcrumbList","@id":"https:\/\/expressometro.mx\/index.php\/2019\/09\/07\/recorre-duo-voz-entre-cuerdas-edomex-en-septiembre\/#breadcrumb","itemListElement":[{"@type":"ListItem","position":1,"name":"Inicio","item":"https:\/\/expressometro.mx\/"},{"@type":"ListItem","position":2,"name":"RECORRE D\u00daO \u201cVOZ ENTRE CUERDAS\u201d EDOM\u00c9X EN SEPTIEMBRE"}]},{"@type":"WebSite","@id":"https:\/\/expressometro.mx\/#website","url":"https:\/\/expressometro.mx\/","name":"Expresso Metropolitano","description":"Periodismo comprometido, informaci\u00f3n, investigaci\u00f3n y an\u00e1lisis","publisher":{"@id":"https:\/\/expressometro.mx\/#organization"},"potentialAction":[{"@type":"SearchAction","target":{"@type":"EntryPoint","urlTemplate":"https:\/\/expressometro.mx\/?s={search_term_string}"},"query-input":{"@type":"PropertyValueSpecification","valueRequired":true,"valueName":"search_term_string"}}],"inLanguage":"es"},{"@type":"Organization","@id":"https:\/\/expressometro.mx\/#organization","name":"Expresso Metropolitano","url":"https:\/\/expressometro.mx\/","logo":{"@type":"ImageObject","inLanguage":"es","@id":"https:\/\/expressometro.mx\/#\/schema\/logo\/image\/","url":"https:\/\/expressometro.mx\/wp-content\/uploads\/2019\/07\/cropped-Logo-Expresso-Metropolitano-1-1.jpeg","contentUrl":"https:\/\/expressometro.mx\/wp-content\/uploads\/2019\/07\/cropped-Logo-Expresso-Metropolitano-1-1.jpeg","width":290,"height":73,"caption":"Expresso Metropolitano"},"image":{"@id":"https:\/\/expressometro.mx\/#\/schema\/logo\/image\/"}},{"@type":"Person","@id":"https:\/\/expressometro.mx\/#\/schema\/person\/efa971b4a0664db8ed5c22b1b0dd2f5d","name":"Expresso Metropolitano","image":{"@type":"ImageObject","inLanguage":"es","@id":"https:\/\/secure.gravatar.com\/avatar\/a89f802b8de18c6952f223c88d3d106e9e3679839f4e25a02f4a6cc2ae6ba3b3?s=96&d=mm&r=g","url":"https:\/\/secure.gravatar.com\/avatar\/a89f802b8de18c6952f223c88d3d106e9e3679839f4e25a02f4a6cc2ae6ba3b3?s=96&d=mm&r=g","contentUrl":"https:\/\/secure.gravatar.com\/avatar\/a89f802b8de18c6952f223c88d3d106e9e3679839f4e25a02f4a6cc2ae6ba3b3?s=96&d=mm&r=g","caption":"Expresso Metropolitano"},"url":"https:\/\/expressometro.mx\/index.php\/author\/diego\/"}]}},"amp_enabled":true,"_links":{"self":[{"href":"https:\/\/expressometro.mx\/index.php\/wp-json\/wp\/v2\/posts\/537","targetHints":{"allow":["GET"]}}],"collection":[{"href":"https:\/\/expressometro.mx\/index.php\/wp-json\/wp\/v2\/posts"}],"about":[{"href":"https:\/\/expressometro.mx\/index.php\/wp-json\/wp\/v2\/types\/post"}],"author":[{"embeddable":true,"href":"https:\/\/expressometro.mx\/index.php\/wp-json\/wp\/v2\/users\/1"}],"replies":[{"embeddable":true,"href":"https:\/\/expressometro.mx\/index.php\/wp-json\/wp\/v2\/comments?post=537"}],"version-history":[{"count":1,"href":"https:\/\/expressometro.mx\/index.php\/wp-json\/wp\/v2\/posts\/537\/revisions"}],"predecessor-version":[{"id":539,"href":"https:\/\/expressometro.mx\/index.php\/wp-json\/wp\/v2\/posts\/537\/revisions\/539"}],"wp:featuredmedia":[{"embeddable":true,"href":"https:\/\/expressometro.mx\/index.php\/wp-json\/wp\/v2\/media\/538"}],"wp:attachment":[{"href":"https:\/\/expressometro.mx\/index.php\/wp-json\/wp\/v2\/media?parent=537"}],"wp:term":[{"taxonomy":"category","embeddable":true,"href":"https:\/\/expressometro.mx\/index.php\/wp-json\/wp\/v2\/categories?post=537"},{"taxonomy":"post_tag","embeddable":true,"href":"https:\/\/expressometro.mx\/index.php\/wp-json\/wp\/v2\/tags?post=537"}],"curies":[{"name":"wp","href":"https:\/\/api.w.org\/{rel}","templated":true}]}}