{"id":5368,"date":"2022-03-08T17:34:30","date_gmt":"2022-03-08T23:34:30","guid":{"rendered":"https:\/\/expressometro.mx\/?p=5368"},"modified":"2022-03-08T17:37:22","modified_gmt":"2022-03-08T23:37:22","slug":"con-reforma-constitucional-mujer-gobernaria-edomex-maximo-en-2029","status":"publish","type":"post","link":"https:\/\/expressometro.mx\/index.php\/2022\/03\/08\/con-reforma-constitucional-mujer-gobernaria-edomex-maximo-en-2029\/","title":{"rendered":"Con reforma constitucional, mujer gobernar\u00eda Edomex m\u00e1ximo en 2029"},"content":{"rendered":"\n<p>Consolidar en la Constituci\u00f3n Pol\u00edtica estatal el acceso de las mujeres a las postulaciones a la gubernatura del Estado de M\u00e9xico, es el prop\u00f3sito de reforma a la Constituci\u00f3n Pol\u00edtica estatal, anunciada por el diputado Maurilio Hern\u00e1ndez Gonz\u00e1lez, presidente de la Junta de Coordinaci\u00f3n Pol\u00edtica del Congreso local, as\u00ed como por la senadora Martha Guerrero S\u00e1nchez y el senador Higinio Mart\u00ednez Miranda.<\/p>\n\n\n\n<p>En conferencia de prensa, en la cual el diputado Maurilio Hern\u00e1ndez precis\u00f3 que la propuesta busca consolidar constitucionalmente el acceso igualitario de mujeres y hombres a la gubernatura, el senador Higinio Mart\u00ednez detall\u00f3 que, de ser aprobada por las y los diputados locales, aplicar\u00eda para el proceso electoral de 2029, pues contiene un art\u00edculo transitorio para que en 2023 lo partidos pol\u00edticos postulen libremente a una persona sin importar su g\u00e9nero.<\/p>\n\n\n\n<p>Respaldado por alcaldesas y diputadas locales y federales, Higinio Mart\u00ednez explic\u00f3 que la iniciativa de reforma a los art\u00edculos 12 y 66 de la Constituci\u00f3n Pol\u00edtica estatal establece de forma clara, precisa y expl\u00edcita la alternancia de g\u00e9nero en la elecci\u00f3n a gobernador o gobernadora, lo cual indic\u00f3, mandata la Constituci\u00f3n federal en todos los cargos de elecci\u00f3n popular, y ser\u00eda una de las primeras entidades en plasmarlo a nivel constitucional local.<br>Explic\u00f3 que esta reforma busca cumplir el principio de paridad de g\u00e9nero y pretende que las reformas establecidas en la Carta Magna en 2019 se vean reflejadas en la Constituci\u00f3n local y posteriormente en las legislaciones correspondientes.<\/p>\n\n\n\n<p>El diputado Maurilio Hern\u00e1ndez record\u00f3 que en el Congreso local ya existe una iniciativa con prop\u00f3sitos similares, por lo que se analizar\u00edan de forma conjunta y buscar\u00edan aprobar este tema lo m\u00e1s pronto posible, pues 90 d\u00edas antes de que inicie el proceso electoral no se pueden hacer reformas legales o constitucionales en materia electoral.<\/p>\n\n\n\n<p>A la presentaci\u00f3n de la iniciativa acudieron las diputadas federales Mar\u00eda Guadalupe Rom\u00e1n \u00c1vila, Karla Yuritzi Almaz\u00e1n Burgos, Susana Cano Gonz\u00e1lez y Martha Azucena Camacho Reynoso, las diputadas locales Lourdes Jezabel Delgado Flores, Karina Labastida Sotelo, Edith Marisol Mercado Torres, Yesica Yanet Rojas Hern\u00e1ndez y Azucena Cisneros Coss.<br>As\u00ed mismo, las alcaldesas Sandra Luz Falc\u00f3n Venegas, Mariela Guti\u00e9rrez Escalante, Nancy Jazm\u00edn G\u00f3mez Vargas, Elena Garc\u00eda Mart\u00ednez, Nelly Br\u00edgida Rivera S\u00e1nchez, de Texcoco, Tec\u00e1mac, Chicoloapan, Tultitl\u00e1n y Temoaya, respectivamente, as\u00ed como Alma Am\u00e9rica Rivera Taviz\u00f3n, s\u00edndica de Toluca.<\/p>\n\n\n\n<figure class=\"wp-block-image size-large\"><img decoding=\"async\" width=\"720\" height=\"480\" src=\"https:\/\/expressometro.mx\/wp-content\/uploads\/2022\/03\/WhatsApp-Image-2022-03-07-at-6.51.45-PM-720x480.jpeg\" alt=\"\" class=\"wp-image-5374\" srcset=\"https:\/\/expressometro.mx\/wp-content\/uploads\/2022\/03\/WhatsApp-Image-2022-03-07-at-6.51.45-PM-720x480.jpeg 720w, https:\/\/expressometro.mx\/wp-content\/uploads\/2022\/03\/WhatsApp-Image-2022-03-07-at-6.51.45-PM-547x365.jpeg 547w, https:\/\/expressometro.mx\/wp-content\/uploads\/2022\/03\/WhatsApp-Image-2022-03-07-at-6.51.45-PM-768x512.jpeg 768w, https:\/\/expressometro.mx\/wp-content\/uploads\/2022\/03\/WhatsApp-Image-2022-03-07-at-6.51.45-PM.jpeg 1024w\" sizes=\"(max-width: 720px) 100vw, 720px\" \/><\/figure>\n","protected":false},"excerpt":{"rendered":"<p>Explic\u00f3 que esta reforma busca cumplir el principio de paridad de g\u00e9nero y pretende que las reformas establecidas en la Carta Magna en 2019 se vean reflejadas en la Constituci\u00f3n local y posteriormente en las legislaciones correspondientes.<\/p>\n","protected":false},"author":2,"featured_media":5370,"comment_status":"open","ping_status":"open","sticky":false,"template":"","format":"standard","meta":{"footnotes":""},"categories":[3],"tags":[499,99,84],"class_list":["post-5368","post","type-post","status-publish","format-standard","has-post-thumbnail","hentry","category-gobierno","tag-higinio-martinez","tag-maurilio-hernandez","tag-morena"],"yoast_head":"<!-- This site is optimized with the Yoast SEO plugin v27.4 - https:\/\/yoast.com\/product\/yoast-seo-wordpress\/ -->\n<title>Con reforma constitucional, mujer gobernar\u00eda Edomex m\u00e1ximo en 2029 - Expresso Metropolitano<\/title>\n<meta name=\"robots\" content=\"index, follow, max-snippet:-1, max-image-preview:large, max-video-preview:-1\" \/>\n<link rel=\"canonical\" href=\"https:\/\/expressometro.mx\/index.php\/2022\/03\/08\/con-reforma-constitucional-mujer-gobernaria-edomex-maximo-en-2029\/\" \/>\n<meta property=\"og:locale\" content=\"es_MX\" \/>\n<meta property=\"og:type\" content=\"article\" \/>\n<meta property=\"og:title\" content=\"Con reforma constitucional, mujer gobernar\u00eda Edomex m\u00e1ximo en 2029 - Expresso Metropolitano\" \/>\n<meta property=\"og:description\" content=\"Explic\u00f3 que esta reforma busca cumplir el principio de paridad de g\u00e9nero y pretende que las reformas establecidas en la Carta Magna en 2019 se vean reflejadas en la Constituci\u00f3n local y posteriormente en las legislaciones correspondientes.\" \/>\n<meta property=\"og:url\" content=\"https:\/\/expressometro.mx\/index.php\/2022\/03\/08\/con-reforma-constitucional-mujer-gobernaria-edomex-maximo-en-2029\/\" \/>\n<meta property=\"og:site_name\" content=\"Expresso Metropolitano\" \/>\n<meta property=\"article:published_time\" content=\"2022-03-08T23:34:30+00:00\" \/>\n<meta property=\"article:modified_time\" content=\"2022-03-08T23:37:22+00:00\" \/>\n<meta property=\"og:image\" content=\"http:\/\/expressometro.mx\/wp-content\/uploads\/2022\/03\/WhatsApp-Image-2022-03-07-at-6.51.37-PM.jpeg\" \/>\n\t<meta property=\"og:image:width\" content=\"1280\" \/>\n\t<meta property=\"og:image:height\" content=\"851\" \/>\n\t<meta property=\"og:image:type\" content=\"image\/jpeg\" \/>\n<meta name=\"author\" content=\"Cecilia Vega\" \/>\n<meta name=\"twitter:label1\" content=\"Escrito por\" \/>\n\t<meta name=\"twitter:data1\" content=\"Cecilia Vega\" \/>\n\t<meta name=\"twitter:label2\" content=\"Tiempo de lectura\" \/>\n\t<meta name=\"twitter:data2\" content=\"2 minutos\" \/>\n<script type=\"application\/ld+json\" class=\"yoast-schema-graph\">{\"@context\":\"https:\\\/\\\/schema.org\",\"@graph\":[{\"@type\":\"Article\",\"@id\":\"https:\\\/\\\/expressometro.mx\\\/index.php\\\/2022\\\/03\\\/08\\\/con-reforma-constitucional-mujer-gobernaria-edomex-maximo-en-2029\\\/#article\",\"isPartOf\":{\"@id\":\"https:\\\/\\\/expressometro.mx\\\/index.php\\\/2022\\\/03\\\/08\\\/con-reforma-constitucional-mujer-gobernaria-edomex-maximo-en-2029\\\/\"},\"author\":{\"name\":\"Cecilia Vega\",\"@id\":\"https:\\\/\\\/expressometro.mx\\\/#\\\/schema\\\/person\\\/67a95b8e3862085c7598f66237488f1f\"},\"headline\":\"Con reforma constitucional, mujer gobernar\u00eda Edomex m\u00e1ximo en 2029\",\"datePublished\":\"2022-03-08T23:34:30+00:00\",\"dateModified\":\"2022-03-08T23:37:22+00:00\",\"mainEntityOfPage\":{\"@id\":\"https:\\\/\\\/expressometro.mx\\\/index.php\\\/2022\\\/03\\\/08\\\/con-reforma-constitucional-mujer-gobernaria-edomex-maximo-en-2029\\\/\"},\"wordCount\":443,\"commentCount\":0,\"publisher\":{\"@id\":\"https:\\\/\\\/expressometro.mx\\\/#organization\"},\"image\":{\"@id\":\"https:\\\/\\\/expressometro.mx\\\/index.php\\\/2022\\\/03\\\/08\\\/con-reforma-constitucional-mujer-gobernaria-edomex-maximo-en-2029\\\/#primaryimage\"},\"thumbnailUrl\":\"https:\\\/\\\/expressometro.mx\\\/wp-content\\\/uploads\\\/2022\\\/03\\\/WhatsApp-Image-2022-03-07-at-6.51.37-PM.jpeg\",\"keywords\":[\"Higinio Mart\u00ednez\",\"Maurilio Hern\u00e1ndez\",\"Morena\"],\"articleSection\":[\"Gobierno\"],\"inLanguage\":\"es\",\"potentialAction\":[{\"@type\":\"CommentAction\",\"name\":\"Comment\",\"target\":[\"https:\\\/\\\/expressometro.mx\\\/index.php\\\/2022\\\/03\\\/08\\\/con-reforma-constitucional-mujer-gobernaria-edomex-maximo-en-2029\\\/#respond\"]}]},{\"@type\":\"WebPage\",\"@id\":\"https:\\\/\\\/expressometro.mx\\\/index.php\\\/2022\\\/03\\\/08\\\/con-reforma-constitucional-mujer-gobernaria-edomex-maximo-en-2029\\\/\",\"url\":\"https:\\\/\\\/expressometro.mx\\\/index.php\\\/2022\\\/03\\\/08\\\/con-reforma-constitucional-mujer-gobernaria-edomex-maximo-en-2029\\\/\",\"name\":\"Con reforma constitucional, mujer gobernar\u00eda Edomex m\u00e1ximo en 2029 - Expresso Metropolitano\",\"isPartOf\":{\"@id\":\"https:\\\/\\\/expressometro.mx\\\/#website\"},\"primaryImageOfPage\":{\"@id\":\"https:\\\/\\\/expressometro.mx\\\/index.php\\\/2022\\\/03\\\/08\\\/con-reforma-constitucional-mujer-gobernaria-edomex-maximo-en-2029\\\/#primaryimage\"},\"image\":{\"@id\":\"https:\\\/\\\/expressometro.mx\\\/index.php\\\/2022\\\/03\\\/08\\\/con-reforma-constitucional-mujer-gobernaria-edomex-maximo-en-2029\\\/#primaryimage\"},\"thumbnailUrl\":\"https:\\\/\\\/expressometro.mx\\\/wp-content\\\/uploads\\\/2022\\\/03\\\/WhatsApp-Image-2022-03-07-at-6.51.37-PM.jpeg\",\"datePublished\":\"2022-03-08T23:34:30+00:00\",\"dateModified\":\"2022-03-08T23:37:22+00:00\",\"breadcrumb\":{\"@id\":\"https:\\\/\\\/expressometro.mx\\\/index.php\\\/2022\\\/03\\\/08\\\/con-reforma-constitucional-mujer-gobernaria-edomex-maximo-en-2029\\\/#breadcrumb\"},\"inLanguage\":\"es\",\"potentialAction\":[{\"@type\":\"ReadAction\",\"target\":[\"https:\\\/\\\/expressometro.mx\\\/index.php\\\/2022\\\/03\\\/08\\\/con-reforma-constitucional-mujer-gobernaria-edomex-maximo-en-2029\\\/\"]}]},{\"@type\":\"ImageObject\",\"inLanguage\":\"es\",\"@id\":\"https:\\\/\\\/expressometro.mx\\\/index.php\\\/2022\\\/03\\\/08\\\/con-reforma-constitucional-mujer-gobernaria-edomex-maximo-en-2029\\\/#primaryimage\",\"url\":\"https:\\\/\\\/expressometro.mx\\\/wp-content\\\/uploads\\\/2022\\\/03\\\/WhatsApp-Image-2022-03-07-at-6.51.37-PM.jpeg\",\"contentUrl\":\"https:\\\/\\\/expressometro.mx\\\/wp-content\\\/uploads\\\/2022\\\/03\\\/WhatsApp-Image-2022-03-07-at-6.51.37-PM.jpeg\",\"width\":1280,\"height\":851},{\"@type\":\"BreadcrumbList\",\"@id\":\"https:\\\/\\\/expressometro.mx\\\/index.php\\\/2022\\\/03\\\/08\\\/con-reforma-constitucional-mujer-gobernaria-edomex-maximo-en-2029\\\/#breadcrumb\",\"itemListElement\":[{\"@type\":\"ListItem\",\"position\":1,\"name\":\"Inicio\",\"item\":\"https:\\\/\\\/expressometro.mx\\\/\"},{\"@type\":\"ListItem\",\"position\":2,\"name\":\"Con reforma constitucional, mujer gobernar\u00eda Edomex m\u00e1ximo en 2029\"}]},{\"@type\":\"WebSite\",\"@id\":\"https:\\\/\\\/expressometro.mx\\\/#website\",\"url\":\"https:\\\/\\\/expressometro.mx\\\/\",\"name\":\"Expresso Metropolitano\",\"description\":\"Periodismo comprometido, informaci\u00f3n, investigaci\u00f3n y an\u00e1lisis\",\"publisher\":{\"@id\":\"https:\\\/\\\/expressometro.mx\\\/#organization\"},\"potentialAction\":[{\"@type\":\"SearchAction\",\"target\":{\"@type\":\"EntryPoint\",\"urlTemplate\":\"https:\\\/\\\/expressometro.mx\\\/?s={search_term_string}\"},\"query-input\":{\"@type\":\"PropertyValueSpecification\",\"valueRequired\":true,\"valueName\":\"search_term_string\"}}],\"inLanguage\":\"es\"},{\"@type\":\"Organization\",\"@id\":\"https:\\\/\\\/expressometro.mx\\\/#organization\",\"name\":\"Expresso Metropolitano\",\"url\":\"https:\\\/\\\/expressometro.mx\\\/\",\"logo\":{\"@type\":\"ImageObject\",\"inLanguage\":\"es\",\"@id\":\"https:\\\/\\\/expressometro.mx\\\/#\\\/schema\\\/logo\\\/image\\\/\",\"url\":\"https:\\\/\\\/expressometro.mx\\\/wp-content\\\/uploads\\\/2019\\\/07\\\/cropped-Logo-Expresso-Metropolitano-1-1.jpeg\",\"contentUrl\":\"https:\\\/\\\/expressometro.mx\\\/wp-content\\\/uploads\\\/2019\\\/07\\\/cropped-Logo-Expresso-Metropolitano-1-1.jpeg\",\"width\":290,\"height\":73,\"caption\":\"Expresso Metropolitano\"},\"image\":{\"@id\":\"https:\\\/\\\/expressometro.mx\\\/#\\\/schema\\\/logo\\\/image\\\/\"}},{\"@type\":\"Person\",\"@id\":\"https:\\\/\\\/expressometro.mx\\\/#\\\/schema\\\/person\\\/67a95b8e3862085c7598f66237488f1f\",\"name\":\"Cecilia Vega\",\"image\":{\"@type\":\"ImageObject\",\"inLanguage\":\"es\",\"@id\":\"https:\\\/\\\/secure.gravatar.com\\\/avatar\\\/13aae9944ab2ee472a9e407c9487fdbd03b049abaa559af32fe5dbcf615c981b?s=96&d=mm&r=g\",\"url\":\"https:\\\/\\\/secure.gravatar.com\\\/avatar\\\/13aae9944ab2ee472a9e407c9487fdbd03b049abaa559af32fe5dbcf615c981b?s=96&d=mm&r=g\",\"contentUrl\":\"https:\\\/\\\/secure.gravatar.com\\\/avatar\\\/13aae9944ab2ee472a9e407c9487fdbd03b049abaa559af32fe5dbcf615c981b?s=96&d=mm&r=g\",\"caption\":\"Cecilia Vega\"},\"url\":\"https:\\\/\\\/expressometro.mx\\\/index.php\\\/author\\\/cecilia-vega\\\/\"}]}<\/script>\n<!-- \/ Yoast SEO plugin. -->","yoast_head_json":{"title":"Con reforma constitucional, mujer gobernar\u00eda Edomex m\u00e1ximo en 2029 - Expresso Metropolitano","robots":{"index":"index","follow":"follow","max-snippet":"max-snippet:-1","max-image-preview":"max-image-preview:large","max-video-preview":"max-video-preview:-1"},"canonical":"https:\/\/expressometro.mx\/index.php\/2022\/03\/08\/con-reforma-constitucional-mujer-gobernaria-edomex-maximo-en-2029\/","og_locale":"es_MX","og_type":"article","og_title":"Con reforma constitucional, mujer gobernar\u00eda Edomex m\u00e1ximo en 2029 - Expresso Metropolitano","og_description":"Explic\u00f3 que esta reforma busca cumplir el principio de paridad de g\u00e9nero y pretende que las reformas establecidas en la Carta Magna en 2019 se vean reflejadas en la Constituci\u00f3n local y posteriormente en las legislaciones correspondientes.","og_url":"https:\/\/expressometro.mx\/index.php\/2022\/03\/08\/con-reforma-constitucional-mujer-gobernaria-edomex-maximo-en-2029\/","og_site_name":"Expresso Metropolitano","article_published_time":"2022-03-08T23:34:30+00:00","article_modified_time":"2022-03-08T23:37:22+00:00","og_image":[{"width":1280,"height":851,"url":"http:\/\/expressometro.mx\/wp-content\/uploads\/2022\/03\/WhatsApp-Image-2022-03-07-at-6.51.37-PM.jpeg","type":"image\/jpeg"}],"author":"Cecilia Vega","twitter_misc":{"Escrito por":"Cecilia Vega","Tiempo de lectura":"2 minutos"},"schema":{"@context":"https:\/\/schema.org","@graph":[{"@type":"Article","@id":"https:\/\/expressometro.mx\/index.php\/2022\/03\/08\/con-reforma-constitucional-mujer-gobernaria-edomex-maximo-en-2029\/#article","isPartOf":{"@id":"https:\/\/expressometro.mx\/index.php\/2022\/03\/08\/con-reforma-constitucional-mujer-gobernaria-edomex-maximo-en-2029\/"},"author":{"name":"Cecilia Vega","@id":"https:\/\/expressometro.mx\/#\/schema\/person\/67a95b8e3862085c7598f66237488f1f"},"headline":"Con reforma constitucional, mujer gobernar\u00eda Edomex m\u00e1ximo en 2029","datePublished":"2022-03-08T23:34:30+00:00","dateModified":"2022-03-08T23:37:22+00:00","mainEntityOfPage":{"@id":"https:\/\/expressometro.mx\/index.php\/2022\/03\/08\/con-reforma-constitucional-mujer-gobernaria-edomex-maximo-en-2029\/"},"wordCount":443,"commentCount":0,"publisher":{"@id":"https:\/\/expressometro.mx\/#organization"},"image":{"@id":"https:\/\/expressometro.mx\/index.php\/2022\/03\/08\/con-reforma-constitucional-mujer-gobernaria-edomex-maximo-en-2029\/#primaryimage"},"thumbnailUrl":"https:\/\/expressometro.mx\/wp-content\/uploads\/2022\/03\/WhatsApp-Image-2022-03-07-at-6.51.37-PM.jpeg","keywords":["Higinio Mart\u00ednez","Maurilio Hern\u00e1ndez","Morena"],"articleSection":["Gobierno"],"inLanguage":"es","potentialAction":[{"@type":"CommentAction","name":"Comment","target":["https:\/\/expressometro.mx\/index.php\/2022\/03\/08\/con-reforma-constitucional-mujer-gobernaria-edomex-maximo-en-2029\/#respond"]}]},{"@type":"WebPage","@id":"https:\/\/expressometro.mx\/index.php\/2022\/03\/08\/con-reforma-constitucional-mujer-gobernaria-edomex-maximo-en-2029\/","url":"https:\/\/expressometro.mx\/index.php\/2022\/03\/08\/con-reforma-constitucional-mujer-gobernaria-edomex-maximo-en-2029\/","name":"Con reforma constitucional, mujer gobernar\u00eda Edomex m\u00e1ximo en 2029 - Expresso Metropolitano","isPartOf":{"@id":"https:\/\/expressometro.mx\/#website"},"primaryImageOfPage":{"@id":"https:\/\/expressometro.mx\/index.php\/2022\/03\/08\/con-reforma-constitucional-mujer-gobernaria-edomex-maximo-en-2029\/#primaryimage"},"image":{"@id":"https:\/\/expressometro.mx\/index.php\/2022\/03\/08\/con-reforma-constitucional-mujer-gobernaria-edomex-maximo-en-2029\/#primaryimage"},"thumbnailUrl":"https:\/\/expressometro.mx\/wp-content\/uploads\/2022\/03\/WhatsApp-Image-2022-03-07-at-6.51.37-PM.jpeg","datePublished":"2022-03-08T23:34:30+00:00","dateModified":"2022-03-08T23:37:22+00:00","breadcrumb":{"@id":"https:\/\/expressometro.mx\/index.php\/2022\/03\/08\/con-reforma-constitucional-mujer-gobernaria-edomex-maximo-en-2029\/#breadcrumb"},"inLanguage":"es","potentialAction":[{"@type":"ReadAction","target":["https:\/\/expressometro.mx\/index.php\/2022\/03\/08\/con-reforma-constitucional-mujer-gobernaria-edomex-maximo-en-2029\/"]}]},{"@type":"ImageObject","inLanguage":"es","@id":"https:\/\/expressometro.mx\/index.php\/2022\/03\/08\/con-reforma-constitucional-mujer-gobernaria-edomex-maximo-en-2029\/#primaryimage","url":"https:\/\/expressometro.mx\/wp-content\/uploads\/2022\/03\/WhatsApp-Image-2022-03-07-at-6.51.37-PM.jpeg","contentUrl":"https:\/\/expressometro.mx\/wp-content\/uploads\/2022\/03\/WhatsApp-Image-2022-03-07-at-6.51.37-PM.jpeg","width":1280,"height":851},{"@type":"BreadcrumbList","@id":"https:\/\/expressometro.mx\/index.php\/2022\/03\/08\/con-reforma-constitucional-mujer-gobernaria-edomex-maximo-en-2029\/#breadcrumb","itemListElement":[{"@type":"ListItem","position":1,"name":"Inicio","item":"https:\/\/expressometro.mx\/"},{"@type":"ListItem","position":2,"name":"Con reforma constitucional, mujer gobernar\u00eda Edomex m\u00e1ximo en 2029"}]},{"@type":"WebSite","@id":"https:\/\/expressometro.mx\/#website","url":"https:\/\/expressometro.mx\/","name":"Expresso Metropolitano","description":"Periodismo comprometido, informaci\u00f3n, investigaci\u00f3n y an\u00e1lisis","publisher":{"@id":"https:\/\/expressometro.mx\/#organization"},"potentialAction":[{"@type":"SearchAction","target":{"@type":"EntryPoint","urlTemplate":"https:\/\/expressometro.mx\/?s={search_term_string}"},"query-input":{"@type":"PropertyValueSpecification","valueRequired":true,"valueName":"search_term_string"}}],"inLanguage":"es"},{"@type":"Organization","@id":"https:\/\/expressometro.mx\/#organization","name":"Expresso Metropolitano","url":"https:\/\/expressometro.mx\/","logo":{"@type":"ImageObject","inLanguage":"es","@id":"https:\/\/expressometro.mx\/#\/schema\/logo\/image\/","url":"https:\/\/expressometro.mx\/wp-content\/uploads\/2019\/07\/cropped-Logo-Expresso-Metropolitano-1-1.jpeg","contentUrl":"https:\/\/expressometro.mx\/wp-content\/uploads\/2019\/07\/cropped-Logo-Expresso-Metropolitano-1-1.jpeg","width":290,"height":73,"caption":"Expresso Metropolitano"},"image":{"@id":"https:\/\/expressometro.mx\/#\/schema\/logo\/image\/"}},{"@type":"Person","@id":"https:\/\/expressometro.mx\/#\/schema\/person\/67a95b8e3862085c7598f66237488f1f","name":"Cecilia Vega","image":{"@type":"ImageObject","inLanguage":"es","@id":"https:\/\/secure.gravatar.com\/avatar\/13aae9944ab2ee472a9e407c9487fdbd03b049abaa559af32fe5dbcf615c981b?s=96&d=mm&r=g","url":"https:\/\/secure.gravatar.com\/avatar\/13aae9944ab2ee472a9e407c9487fdbd03b049abaa559af32fe5dbcf615c981b?s=96&d=mm&r=g","contentUrl":"https:\/\/secure.gravatar.com\/avatar\/13aae9944ab2ee472a9e407c9487fdbd03b049abaa559af32fe5dbcf615c981b?s=96&d=mm&r=g","caption":"Cecilia Vega"},"url":"https:\/\/expressometro.mx\/index.php\/author\/cecilia-vega\/"}]}},"amp_enabled":true,"_links":{"self":[{"href":"https:\/\/expressometro.mx\/index.php\/wp-json\/wp\/v2\/posts\/5368","targetHints":{"allow":["GET"]}}],"collection":[{"href":"https:\/\/expressometro.mx\/index.php\/wp-json\/wp\/v2\/posts"}],"about":[{"href":"https:\/\/expressometro.mx\/index.php\/wp-json\/wp\/v2\/types\/post"}],"author":[{"embeddable":true,"href":"https:\/\/expressometro.mx\/index.php\/wp-json\/wp\/v2\/users\/2"}],"replies":[{"embeddable":true,"href":"https:\/\/expressometro.mx\/index.php\/wp-json\/wp\/v2\/comments?post=5368"}],"version-history":[{"count":2,"href":"https:\/\/expressometro.mx\/index.php\/wp-json\/wp\/v2\/posts\/5368\/revisions"}],"predecessor-version":[{"id":5375,"href":"https:\/\/expressometro.mx\/index.php\/wp-json\/wp\/v2\/posts\/5368\/revisions\/5375"}],"wp:featuredmedia":[{"embeddable":true,"href":"https:\/\/expressometro.mx\/index.php\/wp-json\/wp\/v2\/media\/5370"}],"wp:attachment":[{"href":"https:\/\/expressometro.mx\/index.php\/wp-json\/wp\/v2\/media?parent=5368"}],"wp:term":[{"taxonomy":"category","embeddable":true,"href":"https:\/\/expressometro.mx\/index.php\/wp-json\/wp\/v2\/categories?post=5368"},{"taxonomy":"post_tag","embeddable":true,"href":"https:\/\/expressometro.mx\/index.php\/wp-json\/wp\/v2\/tags?post=5368"}],"curies":[{"name":"wp","href":"https:\/\/api.w.org\/{rel}","templated":true}]}}