{"id":5363,"date":"2022-03-08T17:20:35","date_gmt":"2022-03-08T23:20:35","guid":{"rendered":"https:\/\/expressometro.mx\/?p=5363"},"modified":"2022-03-08T17:20:36","modified_gmt":"2022-03-08T23:20:36","slug":"van-sobre-los-responsables-de-la-violencia-en-queretaro","status":"publish","type":"post","link":"https:\/\/expressometro.mx\/index.php\/2022\/03\/08\/van-sobre-los-responsables-de-la-violencia-en-queretaro\/","title":{"rendered":"Van sobre los responsables de la violencia en Quer\u00e9taro"},"content":{"rendered":"\n<ul class=\"wp-block-list\"><li>Llegan detenidos al edificio central de la Fiscal\u00eda General.<\/li><li>Se ejecutan 26 \u00f3rdenes de aprehensi\u00f3n.<\/li><li>21 cateos de manera simult\u00e1nea en Quer\u00e9taro por carpeta de investigaci\u00f3n en relaci\u00f3n a los hechos acontecidos en el partido Quer\u00e9taro vs Atlas<\/li><li>26 principales agresores, se realizan 21 cateos simult\u00e1neos en 19 colonias de los municipios de Quer\u00e9taro, El Marqu\u00e9s, Corregidora, Col\u00f3n y San Juan del R\u00edo.<\/li><\/ul>\n\n\n\n<p>Derivado de lo ocurrido el 05 de marzo, en el Estadio Corregidora y de la investigaci\u00f3n realizada; se acreditaron hechos delictivos y&nbsp; se logr\u00f3 la identificaci\u00f3n de 26 principales agresores, todos del sexo masculino de nombre Adrian \u201cN\u201d, Juan Gerardo \u201cN\u201d, Marco Antonio \u201cN\u201d, V\u00edctor Mario \u201cN\u201d, Josue Natael \u201cN\u201d, Luis Alberto \u201cN\u201d, V\u00edctor \u201cN\u201d, Juan Carlos \u201cN\u201d, \u00c1ngel \u201cN\u201d, Hugo \u201cN\u201d, Ignacio \u201cN\u201d, Jes\u00fas \u201cN\u201d, Jes\u00fas Alberto \u201cN\u201d, Jos\u00e9 Alfredo \u201cN\u201d, Iv\u00e1n \u201cN\u201d, Jaime Fernando \u201cN\u201d, Christian \u201cN\u201d, Eduardo \u201cN\u201d, Edgar Emmanuel \u201cN\u201d, Mario Alberto \u201cN\u201d, Juan Pablo \u201cN\u201d, Juan Manuel \u201cN\u201d, Brandon \u201cN\u201d, Edgar Le\u00f3n \u201cN\u201d, Miguel \u00c1ngel \u201cN\u201d, Carlos Alberto \u201cN\u201d, Jonathan Carlos \u201cN\u201d y Omar \u201cN\u201d.<\/p>\n\n\n\n<p>En este momento y con el mandato judicial otorgado por de Juez de Control&nbsp; del Poder Judicial, la Unidad Especializada en la Investigaci\u00f3n de Homicidios, integrada por personal ministerial, pericial y polic\u00edas de investigaci\u00f3n, con apoyo de la Polic\u00eda Estatal, realizan 21 cateos simult\u00e1neos en 19 colonias de los municipios de Quer\u00e9taro, El Marqu\u00e9s, Corregidora, Col\u00f3n y San Juan del R\u00edo.<br>En cuanto concluyan los cateos, se seguir\u00e1 informando.<\/p>\n","protected":false},"excerpt":{"rendered":"<p>21 cateos de manera simult\u00e1nea en Quer\u00e9taro por carpeta de investigaci\u00f3n en relaci\u00f3n a los hechos acontecidos en el partido Quer\u00e9taro vs Atlas.<\/p>\n","protected":false},"author":2,"featured_media":5365,"comment_status":"open","ping_status":"open","sticky":false,"template":"","format":"standard","meta":{"footnotes":""},"categories":[6],"tags":[1530,1529],"class_list":["post-5363","post","type-post","status-publish","format-standard","has-post-thumbnail","hentry","category-seguridad","tag-atlas","tag-queretaro"],"yoast_head":"<!-- This site is optimized with the Yoast SEO plugin v27.4 - https:\/\/yoast.com\/product\/yoast-seo-wordpress\/ -->\n<title>Van sobre los responsables de la violencia en Quer\u00e9taro - Expresso Metropolitano<\/title>\n<meta name=\"robots\" content=\"index, follow, max-snippet:-1, max-image-preview:large, max-video-preview:-1\" \/>\n<link rel=\"canonical\" href=\"https:\/\/expressometro.mx\/index.php\/2022\/03\/08\/van-sobre-los-responsables-de-la-violencia-en-queretaro\/\" \/>\n<meta property=\"og:locale\" content=\"es_MX\" \/>\n<meta property=\"og:type\" content=\"article\" \/>\n<meta property=\"og:title\" content=\"Van sobre los responsables de la violencia en Quer\u00e9taro - Expresso Metropolitano\" \/>\n<meta property=\"og:description\" content=\"21 cateos de manera simult\u00e1nea en Quer\u00e9taro por carpeta de investigaci\u00f3n en relaci\u00f3n a los hechos acontecidos en el partido Quer\u00e9taro vs Atlas.\" \/>\n<meta property=\"og:url\" content=\"https:\/\/expressometro.mx\/index.php\/2022\/03\/08\/van-sobre-los-responsables-de-la-violencia-en-queretaro\/\" \/>\n<meta property=\"og:site_name\" content=\"Expresso Metropolitano\" \/>\n<meta property=\"article:published_time\" content=\"2022-03-08T23:20:35+00:00\" \/>\n<meta property=\"article:modified_time\" content=\"2022-03-08T23:20:36+00:00\" \/>\n<meta property=\"og:image\" content=\"http:\/\/expressometro.mx\/wp-content\/uploads\/2022\/03\/WhatsApp-Image-2022-03-08-at-12.40.42-AM.jpeg\" \/>\n\t<meta property=\"og:image:width\" content=\"960\" \/>\n\t<meta property=\"og:image:height\" content=\"640\" \/>\n\t<meta property=\"og:image:type\" content=\"image\/jpeg\" \/>\n<meta name=\"author\" content=\"Cecilia Vega\" \/>\n<meta name=\"twitter:label1\" content=\"Escrito por\" \/>\n\t<meta name=\"twitter:data1\" content=\"Cecilia Vega\" \/>\n\t<meta name=\"twitter:label2\" content=\"Tiempo de lectura\" \/>\n\t<meta name=\"twitter:data2\" content=\"2 minutos\" \/>\n<script type=\"application\/ld+json\" class=\"yoast-schema-graph\">{\"@context\":\"https:\\\/\\\/schema.org\",\"@graph\":[{\"@type\":\"Article\",\"@id\":\"https:\\\/\\\/expressometro.mx\\\/index.php\\\/2022\\\/03\\\/08\\\/van-sobre-los-responsables-de-la-violencia-en-queretaro\\\/#article\",\"isPartOf\":{\"@id\":\"https:\\\/\\\/expressometro.mx\\\/index.php\\\/2022\\\/03\\\/08\\\/van-sobre-los-responsables-de-la-violencia-en-queretaro\\\/\"},\"author\":{\"name\":\"Cecilia Vega\",\"@id\":\"https:\\\/\\\/expressometro.mx\\\/#\\\/schema\\\/person\\\/67a95b8e3862085c7598f66237488f1f\"},\"headline\":\"Van sobre los responsables de la violencia en Quer\u00e9taro\",\"datePublished\":\"2022-03-08T23:20:35+00:00\",\"dateModified\":\"2022-03-08T23:20:36+00:00\",\"mainEntityOfPage\":{\"@id\":\"https:\\\/\\\/expressometro.mx\\\/index.php\\\/2022\\\/03\\\/08\\\/van-sobre-los-responsables-de-la-violencia-en-queretaro\\\/\"},\"wordCount\":274,\"commentCount\":0,\"publisher\":{\"@id\":\"https:\\\/\\\/expressometro.mx\\\/#organization\"},\"image\":{\"@id\":\"https:\\\/\\\/expressometro.mx\\\/index.php\\\/2022\\\/03\\\/08\\\/van-sobre-los-responsables-de-la-violencia-en-queretaro\\\/#primaryimage\"},\"thumbnailUrl\":\"https:\\\/\\\/expressometro.mx\\\/wp-content\\\/uploads\\\/2022\\\/03\\\/WhatsApp-Image-2022-03-08-at-12.40.42-AM.jpeg\",\"keywords\":[\"Atlas\",\"Quer\u00e9taro\"],\"articleSection\":[\"Seguridad\"],\"inLanguage\":\"es\",\"potentialAction\":[{\"@type\":\"CommentAction\",\"name\":\"Comment\",\"target\":[\"https:\\\/\\\/expressometro.mx\\\/index.php\\\/2022\\\/03\\\/08\\\/van-sobre-los-responsables-de-la-violencia-en-queretaro\\\/#respond\"]}]},{\"@type\":\"WebPage\",\"@id\":\"https:\\\/\\\/expressometro.mx\\\/index.php\\\/2022\\\/03\\\/08\\\/van-sobre-los-responsables-de-la-violencia-en-queretaro\\\/\",\"url\":\"https:\\\/\\\/expressometro.mx\\\/index.php\\\/2022\\\/03\\\/08\\\/van-sobre-los-responsables-de-la-violencia-en-queretaro\\\/\",\"name\":\"Van sobre los responsables de la violencia en Quer\u00e9taro - Expresso Metropolitano\",\"isPartOf\":{\"@id\":\"https:\\\/\\\/expressometro.mx\\\/#website\"},\"primaryImageOfPage\":{\"@id\":\"https:\\\/\\\/expressometro.mx\\\/index.php\\\/2022\\\/03\\\/08\\\/van-sobre-los-responsables-de-la-violencia-en-queretaro\\\/#primaryimage\"},\"image\":{\"@id\":\"https:\\\/\\\/expressometro.mx\\\/index.php\\\/2022\\\/03\\\/08\\\/van-sobre-los-responsables-de-la-violencia-en-queretaro\\\/#primaryimage\"},\"thumbnailUrl\":\"https:\\\/\\\/expressometro.mx\\\/wp-content\\\/uploads\\\/2022\\\/03\\\/WhatsApp-Image-2022-03-08-at-12.40.42-AM.jpeg\",\"datePublished\":\"2022-03-08T23:20:35+00:00\",\"dateModified\":\"2022-03-08T23:20:36+00:00\",\"breadcrumb\":{\"@id\":\"https:\\\/\\\/expressometro.mx\\\/index.php\\\/2022\\\/03\\\/08\\\/van-sobre-los-responsables-de-la-violencia-en-queretaro\\\/#breadcrumb\"},\"inLanguage\":\"es\",\"potentialAction\":[{\"@type\":\"ReadAction\",\"target\":[\"https:\\\/\\\/expressometro.mx\\\/index.php\\\/2022\\\/03\\\/08\\\/van-sobre-los-responsables-de-la-violencia-en-queretaro\\\/\"]}]},{\"@type\":\"ImageObject\",\"inLanguage\":\"es\",\"@id\":\"https:\\\/\\\/expressometro.mx\\\/index.php\\\/2022\\\/03\\\/08\\\/van-sobre-los-responsables-de-la-violencia-en-queretaro\\\/#primaryimage\",\"url\":\"https:\\\/\\\/expressometro.mx\\\/wp-content\\\/uploads\\\/2022\\\/03\\\/WhatsApp-Image-2022-03-08-at-12.40.42-AM.jpeg\",\"contentUrl\":\"https:\\\/\\\/expressometro.mx\\\/wp-content\\\/uploads\\\/2022\\\/03\\\/WhatsApp-Image-2022-03-08-at-12.40.42-AM.jpeg\",\"width\":960,\"height\":640},{\"@type\":\"BreadcrumbList\",\"@id\":\"https:\\\/\\\/expressometro.mx\\\/index.php\\\/2022\\\/03\\\/08\\\/van-sobre-los-responsables-de-la-violencia-en-queretaro\\\/#breadcrumb\",\"itemListElement\":[{\"@type\":\"ListItem\",\"position\":1,\"name\":\"Inicio\",\"item\":\"https:\\\/\\\/expressometro.mx\\\/\"},{\"@type\":\"ListItem\",\"position\":2,\"name\":\"Van sobre los responsables de la violencia en Quer\u00e9taro\"}]},{\"@type\":\"WebSite\",\"@id\":\"https:\\\/\\\/expressometro.mx\\\/#website\",\"url\":\"https:\\\/\\\/expressometro.mx\\\/\",\"name\":\"Expresso Metropolitano\",\"description\":\"Periodismo comprometido, informaci\u00f3n, investigaci\u00f3n y an\u00e1lisis\",\"publisher\":{\"@id\":\"https:\\\/\\\/expressometro.mx\\\/#organization\"},\"potentialAction\":[{\"@type\":\"SearchAction\",\"target\":{\"@type\":\"EntryPoint\",\"urlTemplate\":\"https:\\\/\\\/expressometro.mx\\\/?s={search_term_string}\"},\"query-input\":{\"@type\":\"PropertyValueSpecification\",\"valueRequired\":true,\"valueName\":\"search_term_string\"}}],\"inLanguage\":\"es\"},{\"@type\":\"Organization\",\"@id\":\"https:\\\/\\\/expressometro.mx\\\/#organization\",\"name\":\"Expresso Metropolitano\",\"url\":\"https:\\\/\\\/expressometro.mx\\\/\",\"logo\":{\"@type\":\"ImageObject\",\"inLanguage\":\"es\",\"@id\":\"https:\\\/\\\/expressometro.mx\\\/#\\\/schema\\\/logo\\\/image\\\/\",\"url\":\"https:\\\/\\\/expressometro.mx\\\/wp-content\\\/uploads\\\/2019\\\/07\\\/cropped-Logo-Expresso-Metropolitano-1-1.jpeg\",\"contentUrl\":\"https:\\\/\\\/expressometro.mx\\\/wp-content\\\/uploads\\\/2019\\\/07\\\/cropped-Logo-Expresso-Metropolitano-1-1.jpeg\",\"width\":290,\"height\":73,\"caption\":\"Expresso Metropolitano\"},\"image\":{\"@id\":\"https:\\\/\\\/expressometro.mx\\\/#\\\/schema\\\/logo\\\/image\\\/\"}},{\"@type\":\"Person\",\"@id\":\"https:\\\/\\\/expressometro.mx\\\/#\\\/schema\\\/person\\\/67a95b8e3862085c7598f66237488f1f\",\"name\":\"Cecilia Vega\",\"image\":{\"@type\":\"ImageObject\",\"inLanguage\":\"es\",\"@id\":\"https:\\\/\\\/secure.gravatar.com\\\/avatar\\\/13aae9944ab2ee472a9e407c9487fdbd03b049abaa559af32fe5dbcf615c981b?s=96&d=mm&r=g\",\"url\":\"https:\\\/\\\/secure.gravatar.com\\\/avatar\\\/13aae9944ab2ee472a9e407c9487fdbd03b049abaa559af32fe5dbcf615c981b?s=96&d=mm&r=g\",\"contentUrl\":\"https:\\\/\\\/secure.gravatar.com\\\/avatar\\\/13aae9944ab2ee472a9e407c9487fdbd03b049abaa559af32fe5dbcf615c981b?s=96&d=mm&r=g\",\"caption\":\"Cecilia Vega\"},\"url\":\"https:\\\/\\\/expressometro.mx\\\/index.php\\\/author\\\/cecilia-vega\\\/\"}]}<\/script>\n<!-- \/ Yoast SEO plugin. -->","yoast_head_json":{"title":"Van sobre los responsables de la violencia en Quer\u00e9taro - Expresso Metropolitano","robots":{"index":"index","follow":"follow","max-snippet":"max-snippet:-1","max-image-preview":"max-image-preview:large","max-video-preview":"max-video-preview:-1"},"canonical":"https:\/\/expressometro.mx\/index.php\/2022\/03\/08\/van-sobre-los-responsables-de-la-violencia-en-queretaro\/","og_locale":"es_MX","og_type":"article","og_title":"Van sobre los responsables de la violencia en Quer\u00e9taro - Expresso Metropolitano","og_description":"21 cateos de manera simult\u00e1nea en Quer\u00e9taro por carpeta de investigaci\u00f3n en relaci\u00f3n a los hechos acontecidos en el partido Quer\u00e9taro vs Atlas.","og_url":"https:\/\/expressometro.mx\/index.php\/2022\/03\/08\/van-sobre-los-responsables-de-la-violencia-en-queretaro\/","og_site_name":"Expresso Metropolitano","article_published_time":"2022-03-08T23:20:35+00:00","article_modified_time":"2022-03-08T23:20:36+00:00","og_image":[{"width":960,"height":640,"url":"http:\/\/expressometro.mx\/wp-content\/uploads\/2022\/03\/WhatsApp-Image-2022-03-08-at-12.40.42-AM.jpeg","type":"image\/jpeg"}],"author":"Cecilia Vega","twitter_misc":{"Escrito por":"Cecilia Vega","Tiempo de lectura":"2 minutos"},"schema":{"@context":"https:\/\/schema.org","@graph":[{"@type":"Article","@id":"https:\/\/expressometro.mx\/index.php\/2022\/03\/08\/van-sobre-los-responsables-de-la-violencia-en-queretaro\/#article","isPartOf":{"@id":"https:\/\/expressometro.mx\/index.php\/2022\/03\/08\/van-sobre-los-responsables-de-la-violencia-en-queretaro\/"},"author":{"name":"Cecilia Vega","@id":"https:\/\/expressometro.mx\/#\/schema\/person\/67a95b8e3862085c7598f66237488f1f"},"headline":"Van sobre los responsables de la violencia en Quer\u00e9taro","datePublished":"2022-03-08T23:20:35+00:00","dateModified":"2022-03-08T23:20:36+00:00","mainEntityOfPage":{"@id":"https:\/\/expressometro.mx\/index.php\/2022\/03\/08\/van-sobre-los-responsables-de-la-violencia-en-queretaro\/"},"wordCount":274,"commentCount":0,"publisher":{"@id":"https:\/\/expressometro.mx\/#organization"},"image":{"@id":"https:\/\/expressometro.mx\/index.php\/2022\/03\/08\/van-sobre-los-responsables-de-la-violencia-en-queretaro\/#primaryimage"},"thumbnailUrl":"https:\/\/expressometro.mx\/wp-content\/uploads\/2022\/03\/WhatsApp-Image-2022-03-08-at-12.40.42-AM.jpeg","keywords":["Atlas","Quer\u00e9taro"],"articleSection":["Seguridad"],"inLanguage":"es","potentialAction":[{"@type":"CommentAction","name":"Comment","target":["https:\/\/expressometro.mx\/index.php\/2022\/03\/08\/van-sobre-los-responsables-de-la-violencia-en-queretaro\/#respond"]}]},{"@type":"WebPage","@id":"https:\/\/expressometro.mx\/index.php\/2022\/03\/08\/van-sobre-los-responsables-de-la-violencia-en-queretaro\/","url":"https:\/\/expressometro.mx\/index.php\/2022\/03\/08\/van-sobre-los-responsables-de-la-violencia-en-queretaro\/","name":"Van sobre los responsables de la violencia en Quer\u00e9taro - Expresso Metropolitano","isPartOf":{"@id":"https:\/\/expressometro.mx\/#website"},"primaryImageOfPage":{"@id":"https:\/\/expressometro.mx\/index.php\/2022\/03\/08\/van-sobre-los-responsables-de-la-violencia-en-queretaro\/#primaryimage"},"image":{"@id":"https:\/\/expressometro.mx\/index.php\/2022\/03\/08\/van-sobre-los-responsables-de-la-violencia-en-queretaro\/#primaryimage"},"thumbnailUrl":"https:\/\/expressometro.mx\/wp-content\/uploads\/2022\/03\/WhatsApp-Image-2022-03-08-at-12.40.42-AM.jpeg","datePublished":"2022-03-08T23:20:35+00:00","dateModified":"2022-03-08T23:20:36+00:00","breadcrumb":{"@id":"https:\/\/expressometro.mx\/index.php\/2022\/03\/08\/van-sobre-los-responsables-de-la-violencia-en-queretaro\/#breadcrumb"},"inLanguage":"es","potentialAction":[{"@type":"ReadAction","target":["https:\/\/expressometro.mx\/index.php\/2022\/03\/08\/van-sobre-los-responsables-de-la-violencia-en-queretaro\/"]}]},{"@type":"ImageObject","inLanguage":"es","@id":"https:\/\/expressometro.mx\/index.php\/2022\/03\/08\/van-sobre-los-responsables-de-la-violencia-en-queretaro\/#primaryimage","url":"https:\/\/expressometro.mx\/wp-content\/uploads\/2022\/03\/WhatsApp-Image-2022-03-08-at-12.40.42-AM.jpeg","contentUrl":"https:\/\/expressometro.mx\/wp-content\/uploads\/2022\/03\/WhatsApp-Image-2022-03-08-at-12.40.42-AM.jpeg","width":960,"height":640},{"@type":"BreadcrumbList","@id":"https:\/\/expressometro.mx\/index.php\/2022\/03\/08\/van-sobre-los-responsables-de-la-violencia-en-queretaro\/#breadcrumb","itemListElement":[{"@type":"ListItem","position":1,"name":"Inicio","item":"https:\/\/expressometro.mx\/"},{"@type":"ListItem","position":2,"name":"Van sobre los responsables de la violencia en Quer\u00e9taro"}]},{"@type":"WebSite","@id":"https:\/\/expressometro.mx\/#website","url":"https:\/\/expressometro.mx\/","name":"Expresso Metropolitano","description":"Periodismo comprometido, informaci\u00f3n, investigaci\u00f3n y an\u00e1lisis","publisher":{"@id":"https:\/\/expressometro.mx\/#organization"},"potentialAction":[{"@type":"SearchAction","target":{"@type":"EntryPoint","urlTemplate":"https:\/\/expressometro.mx\/?s={search_term_string}"},"query-input":{"@type":"PropertyValueSpecification","valueRequired":true,"valueName":"search_term_string"}}],"inLanguage":"es"},{"@type":"Organization","@id":"https:\/\/expressometro.mx\/#organization","name":"Expresso Metropolitano","url":"https:\/\/expressometro.mx\/","logo":{"@type":"ImageObject","inLanguage":"es","@id":"https:\/\/expressometro.mx\/#\/schema\/logo\/image\/","url":"https:\/\/expressometro.mx\/wp-content\/uploads\/2019\/07\/cropped-Logo-Expresso-Metropolitano-1-1.jpeg","contentUrl":"https:\/\/expressometro.mx\/wp-content\/uploads\/2019\/07\/cropped-Logo-Expresso-Metropolitano-1-1.jpeg","width":290,"height":73,"caption":"Expresso Metropolitano"},"image":{"@id":"https:\/\/expressometro.mx\/#\/schema\/logo\/image\/"}},{"@type":"Person","@id":"https:\/\/expressometro.mx\/#\/schema\/person\/67a95b8e3862085c7598f66237488f1f","name":"Cecilia Vega","image":{"@type":"ImageObject","inLanguage":"es","@id":"https:\/\/secure.gravatar.com\/avatar\/13aae9944ab2ee472a9e407c9487fdbd03b049abaa559af32fe5dbcf615c981b?s=96&d=mm&r=g","url":"https:\/\/secure.gravatar.com\/avatar\/13aae9944ab2ee472a9e407c9487fdbd03b049abaa559af32fe5dbcf615c981b?s=96&d=mm&r=g","contentUrl":"https:\/\/secure.gravatar.com\/avatar\/13aae9944ab2ee472a9e407c9487fdbd03b049abaa559af32fe5dbcf615c981b?s=96&d=mm&r=g","caption":"Cecilia Vega"},"url":"https:\/\/expressometro.mx\/index.php\/author\/cecilia-vega\/"}]}},"amp_enabled":true,"_links":{"self":[{"href":"https:\/\/expressometro.mx\/index.php\/wp-json\/wp\/v2\/posts\/5363","targetHints":{"allow":["GET"]}}],"collection":[{"href":"https:\/\/expressometro.mx\/index.php\/wp-json\/wp\/v2\/posts"}],"about":[{"href":"https:\/\/expressometro.mx\/index.php\/wp-json\/wp\/v2\/types\/post"}],"author":[{"embeddable":true,"href":"https:\/\/expressometro.mx\/index.php\/wp-json\/wp\/v2\/users\/2"}],"replies":[{"embeddable":true,"href":"https:\/\/expressometro.mx\/index.php\/wp-json\/wp\/v2\/comments?post=5363"}],"version-history":[{"count":1,"href":"https:\/\/expressometro.mx\/index.php\/wp-json\/wp\/v2\/posts\/5363\/revisions"}],"predecessor-version":[{"id":5366,"href":"https:\/\/expressometro.mx\/index.php\/wp-json\/wp\/v2\/posts\/5363\/revisions\/5366"}],"wp:featuredmedia":[{"embeddable":true,"href":"https:\/\/expressometro.mx\/index.php\/wp-json\/wp\/v2\/media\/5365"}],"wp:attachment":[{"href":"https:\/\/expressometro.mx\/index.php\/wp-json\/wp\/v2\/media?parent=5363"}],"wp:term":[{"taxonomy":"category","embeddable":true,"href":"https:\/\/expressometro.mx\/index.php\/wp-json\/wp\/v2\/categories?post=5363"},{"taxonomy":"post_tag","embeddable":true,"href":"https:\/\/expressometro.mx\/index.php\/wp-json\/wp\/v2\/tags?post=5363"}],"curies":[{"name":"wp","href":"https:\/\/api.w.org\/{rel}","templated":true}]}}