{"id":5345,"date":"2022-03-04T11:23:39","date_gmt":"2022-03-04T17:23:39","guid":{"rendered":"https:\/\/expressometro.mx\/?p=5345"},"modified":"2022-03-04T11:23:41","modified_gmt":"2022-03-04T17:23:41","slug":"morena-no-permitira-acciones-reaccionarias-contra-amlo-higinio","status":"publish","type":"post","link":"https:\/\/expressometro.mx\/index.php\/2022\/03\/04\/morena-no-permitira-acciones-reaccionarias-contra-amlo-higinio\/","title":{"rendered":"MORENA NO PERMITIR\u00c1 ACCIONES REACCIONARIAS CONTRA AMLO: HIGINIO"},"content":{"rendered":"\n<p>La bancada de Morena en el Senado advirti\u00f3 que percibe en M\u00e9xico expresiones reaccionarias y conservadoras similares a las que precedieron el encarcelamiento del ex presidente brasile\u00f1o Luis In\u00e1cio Lula da Silva, por lo que anticip\u00f3 que defender\u00e1 la democracia y al presidente Andr\u00e9s Manuel para que no se repita esa historia.<\/p>\n\n\n\n<p>Al dirigir, en nombre de Morena, el discurso de bienvenida a Lula por parte de la Junta de Coordinaci\u00f3n Pol\u00edtica, el senador Higinio Mart\u00ednez Miranda celebr\u00f3 ver al brasile\u00f1o de pie, con \u00e1nimo, firme y entero.<\/p>\n\n\n\n<p>Se refiri\u00f3 a su intenci\u00f3n de competir por tercera ocasi\u00f3n por la Presidencia de Brasil y le dese\u00f3 suerte en esta tarea.<\/p>\n\n\n\n<p>\u201cSuerte presidente. Estoy seguro que la democracia se reanudar\u00e1 pronto en su pa\u00eds para que la justicia, que en ocasiones suele tardar, finalmente va a llegar a su patria\u201d, se\u00f1al\u00f3 ante los coordinadores parlamentarios de todas las bancadas representadas en la Jucopo, que preside el morenista Ricardo Monreal.<\/p>\n\n\n\n<p>En su alocuci\u00f3n, Mart\u00ednez Miranda record\u00f3 el proceso que derroc\u00f3 em 2015 a la entonces presidenta Dilma Roussef y llev\u00f3 al encarcelamiento posterior de Lula Da Silva, lo que sorprendi\u00f3 a personajes como el mismo Barack Obama que no entend\u00eda como \u201cel pol\u00edtico m\u00e1s popular de toda la tierra\u201d fuera encarcelado injusta e ilegalmente.<br>El legislador mexiquense dijo que ahora que Morena est\u00e1 en el poder observa en M\u00e9xico las mismas expresiones conservadoras y reaccionarias que llevaron al brasile\u00f1o a la c\u00e1rcel.<\/p>\n\n\n\n<p>\u201cSolo relato que algunas cosas que usted vivi\u00f3, aqu\u00ed las empezamos a ver, a sentir. Ser\u00e1 y es nuestro trabajo defender la democracia en M\u00e9xico y defender a nuestro presidente L\u00f3pez Obrador\u201d, advirti\u00f3.<\/p>\n\n\n\n<p>En su mensaje, el mexiquense patentiz\u00f3 la amistad que existe entre los pueblos brasile\u00f1o y mexicano, que comparten la alegr\u00eda por la vida y el anhelo de una gran patria como la que so\u00f1\u00f3 Sim\u00f3n Bol\u00edvar, con admiraci\u00f3n por c\u00e9lebres futbolistas como Pel\u00e9 y otros.<\/p>\n","protected":false},"excerpt":{"rendered":"<p>Al dirigir, en nombre de Morena, el discurso de bienvenida a Lula por parte de la Junta de Coordinaci\u00f3n Pol\u00edtica, el senador Higinio Mart\u00ednez Miranda celebr\u00f3 ver al brasile\u00f1o de pie, con \u00e1nimo, firme y entero.<\/p>\n","protected":false},"author":2,"featured_media":5347,"comment_status":"open","ping_status":"open","sticky":false,"template":"","format":"standard","meta":{"footnotes":""},"categories":[3],"tags":[922,499,84],"class_list":["post-5345","post","type-post","status-publish","format-standard","has-post-thumbnail","hentry","category-gobierno","tag-amlo","tag-higinio-martinez","tag-morena"],"yoast_head":"<!-- This site is optimized with the Yoast SEO plugin v27.4 - https:\/\/yoast.com\/product\/yoast-seo-wordpress\/ -->\n<title>MORENA NO PERMITIR\u00c1 ACCIONES REACCIONARIAS CONTRA AMLO: HIGINIO - Expresso Metropolitano<\/title>\n<meta name=\"robots\" content=\"index, follow, max-snippet:-1, max-image-preview:large, max-video-preview:-1\" \/>\n<link rel=\"canonical\" href=\"https:\/\/expressometro.mx\/index.php\/2022\/03\/04\/morena-no-permitira-acciones-reaccionarias-contra-amlo-higinio\/\" \/>\n<meta property=\"og:locale\" content=\"es_MX\" \/>\n<meta property=\"og:type\" content=\"article\" \/>\n<meta property=\"og:title\" content=\"MORENA NO PERMITIR\u00c1 ACCIONES REACCIONARIAS CONTRA AMLO: HIGINIO - Expresso Metropolitano\" \/>\n<meta property=\"og:description\" content=\"Al dirigir, en nombre de Morena, el discurso de bienvenida a Lula por parte de la Junta de Coordinaci\u00f3n Pol\u00edtica, el senador Higinio Mart\u00ednez Miranda celebr\u00f3 ver al brasile\u00f1o de pie, con \u00e1nimo, firme y entero.\" \/>\n<meta property=\"og:url\" content=\"https:\/\/expressometro.mx\/index.php\/2022\/03\/04\/morena-no-permitira-acciones-reaccionarias-contra-amlo-higinio\/\" \/>\n<meta property=\"og:site_name\" content=\"Expresso Metropolitano\" \/>\n<meta property=\"article:published_time\" content=\"2022-03-04T17:23:39+00:00\" \/>\n<meta property=\"article:modified_time\" content=\"2022-03-04T17:23:41+00:00\" \/>\n<meta property=\"og:image\" content=\"http:\/\/expressometro.mx\/wp-content\/uploads\/2022\/03\/WhatsApp-Image-2022-03-03-at-9.12.14-PM.jpeg\" \/>\n\t<meta property=\"og:image:width\" content=\"828\" \/>\n\t<meta property=\"og:image:height\" content=\"698\" \/>\n\t<meta property=\"og:image:type\" content=\"image\/jpeg\" \/>\n<meta name=\"author\" content=\"Cecilia Vega\" \/>\n<meta name=\"twitter:label1\" content=\"Escrito por\" \/>\n\t<meta name=\"twitter:data1\" content=\"Cecilia Vega\" \/>\n\t<meta name=\"twitter:label2\" content=\"Tiempo de lectura\" \/>\n\t<meta name=\"twitter:data2\" content=\"2 minutos\" \/>\n<script type=\"application\/ld+json\" class=\"yoast-schema-graph\">{\"@context\":\"https:\\\/\\\/schema.org\",\"@graph\":[{\"@type\":\"Article\",\"@id\":\"https:\\\/\\\/expressometro.mx\\\/index.php\\\/2022\\\/03\\\/04\\\/morena-no-permitira-acciones-reaccionarias-contra-amlo-higinio\\\/#article\",\"isPartOf\":{\"@id\":\"https:\\\/\\\/expressometro.mx\\\/index.php\\\/2022\\\/03\\\/04\\\/morena-no-permitira-acciones-reaccionarias-contra-amlo-higinio\\\/\"},\"author\":{\"name\":\"Cecilia Vega\",\"@id\":\"https:\\\/\\\/expressometro.mx\\\/#\\\/schema\\\/person\\\/67a95b8e3862085c7598f66237488f1f\"},\"headline\":\"MORENA NO PERMITIR\u00c1 ACCIONES REACCIONARIAS CONTRA AMLO: HIGINIO\",\"datePublished\":\"2022-03-04T17:23:39+00:00\",\"dateModified\":\"2022-03-04T17:23:41+00:00\",\"mainEntityOfPage\":{\"@id\":\"https:\\\/\\\/expressometro.mx\\\/index.php\\\/2022\\\/03\\\/04\\\/morena-no-permitira-acciones-reaccionarias-contra-amlo-higinio\\\/\"},\"wordCount\":353,\"commentCount\":0,\"publisher\":{\"@id\":\"https:\\\/\\\/expressometro.mx\\\/#organization\"},\"image\":{\"@id\":\"https:\\\/\\\/expressometro.mx\\\/index.php\\\/2022\\\/03\\\/04\\\/morena-no-permitira-acciones-reaccionarias-contra-amlo-higinio\\\/#primaryimage\"},\"thumbnailUrl\":\"https:\\\/\\\/expressometro.mx\\\/wp-content\\\/uploads\\\/2022\\\/03\\\/WhatsApp-Image-2022-03-03-at-9.12.14-PM.jpeg\",\"keywords\":[\"AMLO\",\"Higinio Mart\u00ednez\",\"Morena\"],\"articleSection\":[\"Gobierno\"],\"inLanguage\":\"es\",\"potentialAction\":[{\"@type\":\"CommentAction\",\"name\":\"Comment\",\"target\":[\"https:\\\/\\\/expressometro.mx\\\/index.php\\\/2022\\\/03\\\/04\\\/morena-no-permitira-acciones-reaccionarias-contra-amlo-higinio\\\/#respond\"]}]},{\"@type\":\"WebPage\",\"@id\":\"https:\\\/\\\/expressometro.mx\\\/index.php\\\/2022\\\/03\\\/04\\\/morena-no-permitira-acciones-reaccionarias-contra-amlo-higinio\\\/\",\"url\":\"https:\\\/\\\/expressometro.mx\\\/index.php\\\/2022\\\/03\\\/04\\\/morena-no-permitira-acciones-reaccionarias-contra-amlo-higinio\\\/\",\"name\":\"MORENA NO PERMITIR\u00c1 ACCIONES REACCIONARIAS CONTRA AMLO: HIGINIO - Expresso Metropolitano\",\"isPartOf\":{\"@id\":\"https:\\\/\\\/expressometro.mx\\\/#website\"},\"primaryImageOfPage\":{\"@id\":\"https:\\\/\\\/expressometro.mx\\\/index.php\\\/2022\\\/03\\\/04\\\/morena-no-permitira-acciones-reaccionarias-contra-amlo-higinio\\\/#primaryimage\"},\"image\":{\"@id\":\"https:\\\/\\\/expressometro.mx\\\/index.php\\\/2022\\\/03\\\/04\\\/morena-no-permitira-acciones-reaccionarias-contra-amlo-higinio\\\/#primaryimage\"},\"thumbnailUrl\":\"https:\\\/\\\/expressometro.mx\\\/wp-content\\\/uploads\\\/2022\\\/03\\\/WhatsApp-Image-2022-03-03-at-9.12.14-PM.jpeg\",\"datePublished\":\"2022-03-04T17:23:39+00:00\",\"dateModified\":\"2022-03-04T17:23:41+00:00\",\"breadcrumb\":{\"@id\":\"https:\\\/\\\/expressometro.mx\\\/index.php\\\/2022\\\/03\\\/04\\\/morena-no-permitira-acciones-reaccionarias-contra-amlo-higinio\\\/#breadcrumb\"},\"inLanguage\":\"es\",\"potentialAction\":[{\"@type\":\"ReadAction\",\"target\":[\"https:\\\/\\\/expressometro.mx\\\/index.php\\\/2022\\\/03\\\/04\\\/morena-no-permitira-acciones-reaccionarias-contra-amlo-higinio\\\/\"]}]},{\"@type\":\"ImageObject\",\"inLanguage\":\"es\",\"@id\":\"https:\\\/\\\/expressometro.mx\\\/index.php\\\/2022\\\/03\\\/04\\\/morena-no-permitira-acciones-reaccionarias-contra-amlo-higinio\\\/#primaryimage\",\"url\":\"https:\\\/\\\/expressometro.mx\\\/wp-content\\\/uploads\\\/2022\\\/03\\\/WhatsApp-Image-2022-03-03-at-9.12.14-PM.jpeg\",\"contentUrl\":\"https:\\\/\\\/expressometro.mx\\\/wp-content\\\/uploads\\\/2022\\\/03\\\/WhatsApp-Image-2022-03-03-at-9.12.14-PM.jpeg\",\"width\":828,\"height\":698},{\"@type\":\"BreadcrumbList\",\"@id\":\"https:\\\/\\\/expressometro.mx\\\/index.php\\\/2022\\\/03\\\/04\\\/morena-no-permitira-acciones-reaccionarias-contra-amlo-higinio\\\/#breadcrumb\",\"itemListElement\":[{\"@type\":\"ListItem\",\"position\":1,\"name\":\"Inicio\",\"item\":\"https:\\\/\\\/expressometro.mx\\\/\"},{\"@type\":\"ListItem\",\"position\":2,\"name\":\"MORENA NO PERMITIR\u00c1 ACCIONES REACCIONARIAS CONTRA AMLO: HIGINIO\"}]},{\"@type\":\"WebSite\",\"@id\":\"https:\\\/\\\/expressometro.mx\\\/#website\",\"url\":\"https:\\\/\\\/expressometro.mx\\\/\",\"name\":\"Expresso Metropolitano\",\"description\":\"Periodismo comprometido, informaci\u00f3n, investigaci\u00f3n y an\u00e1lisis\",\"publisher\":{\"@id\":\"https:\\\/\\\/expressometro.mx\\\/#organization\"},\"potentialAction\":[{\"@type\":\"SearchAction\",\"target\":{\"@type\":\"EntryPoint\",\"urlTemplate\":\"https:\\\/\\\/expressometro.mx\\\/?s={search_term_string}\"},\"query-input\":{\"@type\":\"PropertyValueSpecification\",\"valueRequired\":true,\"valueName\":\"search_term_string\"}}],\"inLanguage\":\"es\"},{\"@type\":\"Organization\",\"@id\":\"https:\\\/\\\/expressometro.mx\\\/#organization\",\"name\":\"Expresso Metropolitano\",\"url\":\"https:\\\/\\\/expressometro.mx\\\/\",\"logo\":{\"@type\":\"ImageObject\",\"inLanguage\":\"es\",\"@id\":\"https:\\\/\\\/expressometro.mx\\\/#\\\/schema\\\/logo\\\/image\\\/\",\"url\":\"https:\\\/\\\/expressometro.mx\\\/wp-content\\\/uploads\\\/2019\\\/07\\\/cropped-Logo-Expresso-Metropolitano-1-1.jpeg\",\"contentUrl\":\"https:\\\/\\\/expressometro.mx\\\/wp-content\\\/uploads\\\/2019\\\/07\\\/cropped-Logo-Expresso-Metropolitano-1-1.jpeg\",\"width\":290,\"height\":73,\"caption\":\"Expresso Metropolitano\"},\"image\":{\"@id\":\"https:\\\/\\\/expressometro.mx\\\/#\\\/schema\\\/logo\\\/image\\\/\"}},{\"@type\":\"Person\",\"@id\":\"https:\\\/\\\/expressometro.mx\\\/#\\\/schema\\\/person\\\/67a95b8e3862085c7598f66237488f1f\",\"name\":\"Cecilia Vega\",\"image\":{\"@type\":\"ImageObject\",\"inLanguage\":\"es\",\"@id\":\"https:\\\/\\\/secure.gravatar.com\\\/avatar\\\/13aae9944ab2ee472a9e407c9487fdbd03b049abaa559af32fe5dbcf615c981b?s=96&d=mm&r=g\",\"url\":\"https:\\\/\\\/secure.gravatar.com\\\/avatar\\\/13aae9944ab2ee472a9e407c9487fdbd03b049abaa559af32fe5dbcf615c981b?s=96&d=mm&r=g\",\"contentUrl\":\"https:\\\/\\\/secure.gravatar.com\\\/avatar\\\/13aae9944ab2ee472a9e407c9487fdbd03b049abaa559af32fe5dbcf615c981b?s=96&d=mm&r=g\",\"caption\":\"Cecilia Vega\"},\"url\":\"https:\\\/\\\/expressometro.mx\\\/index.php\\\/author\\\/cecilia-vega\\\/\"}]}<\/script>\n<!-- \/ Yoast SEO plugin. -->","yoast_head_json":{"title":"MORENA NO PERMITIR\u00c1 ACCIONES REACCIONARIAS CONTRA AMLO: HIGINIO - Expresso Metropolitano","robots":{"index":"index","follow":"follow","max-snippet":"max-snippet:-1","max-image-preview":"max-image-preview:large","max-video-preview":"max-video-preview:-1"},"canonical":"https:\/\/expressometro.mx\/index.php\/2022\/03\/04\/morena-no-permitira-acciones-reaccionarias-contra-amlo-higinio\/","og_locale":"es_MX","og_type":"article","og_title":"MORENA NO PERMITIR\u00c1 ACCIONES REACCIONARIAS CONTRA AMLO: HIGINIO - Expresso Metropolitano","og_description":"Al dirigir, en nombre de Morena, el discurso de bienvenida a Lula por parte de la Junta de Coordinaci\u00f3n Pol\u00edtica, el senador Higinio Mart\u00ednez Miranda celebr\u00f3 ver al brasile\u00f1o de pie, con \u00e1nimo, firme y entero.","og_url":"https:\/\/expressometro.mx\/index.php\/2022\/03\/04\/morena-no-permitira-acciones-reaccionarias-contra-amlo-higinio\/","og_site_name":"Expresso Metropolitano","article_published_time":"2022-03-04T17:23:39+00:00","article_modified_time":"2022-03-04T17:23:41+00:00","og_image":[{"width":828,"height":698,"url":"http:\/\/expressometro.mx\/wp-content\/uploads\/2022\/03\/WhatsApp-Image-2022-03-03-at-9.12.14-PM.jpeg","type":"image\/jpeg"}],"author":"Cecilia Vega","twitter_misc":{"Escrito por":"Cecilia Vega","Tiempo de lectura":"2 minutos"},"schema":{"@context":"https:\/\/schema.org","@graph":[{"@type":"Article","@id":"https:\/\/expressometro.mx\/index.php\/2022\/03\/04\/morena-no-permitira-acciones-reaccionarias-contra-amlo-higinio\/#article","isPartOf":{"@id":"https:\/\/expressometro.mx\/index.php\/2022\/03\/04\/morena-no-permitira-acciones-reaccionarias-contra-amlo-higinio\/"},"author":{"name":"Cecilia Vega","@id":"https:\/\/expressometro.mx\/#\/schema\/person\/67a95b8e3862085c7598f66237488f1f"},"headline":"MORENA NO PERMITIR\u00c1 ACCIONES REACCIONARIAS CONTRA AMLO: HIGINIO","datePublished":"2022-03-04T17:23:39+00:00","dateModified":"2022-03-04T17:23:41+00:00","mainEntityOfPage":{"@id":"https:\/\/expressometro.mx\/index.php\/2022\/03\/04\/morena-no-permitira-acciones-reaccionarias-contra-amlo-higinio\/"},"wordCount":353,"commentCount":0,"publisher":{"@id":"https:\/\/expressometro.mx\/#organization"},"image":{"@id":"https:\/\/expressometro.mx\/index.php\/2022\/03\/04\/morena-no-permitira-acciones-reaccionarias-contra-amlo-higinio\/#primaryimage"},"thumbnailUrl":"https:\/\/expressometro.mx\/wp-content\/uploads\/2022\/03\/WhatsApp-Image-2022-03-03-at-9.12.14-PM.jpeg","keywords":["AMLO","Higinio Mart\u00ednez","Morena"],"articleSection":["Gobierno"],"inLanguage":"es","potentialAction":[{"@type":"CommentAction","name":"Comment","target":["https:\/\/expressometro.mx\/index.php\/2022\/03\/04\/morena-no-permitira-acciones-reaccionarias-contra-amlo-higinio\/#respond"]}]},{"@type":"WebPage","@id":"https:\/\/expressometro.mx\/index.php\/2022\/03\/04\/morena-no-permitira-acciones-reaccionarias-contra-amlo-higinio\/","url":"https:\/\/expressometro.mx\/index.php\/2022\/03\/04\/morena-no-permitira-acciones-reaccionarias-contra-amlo-higinio\/","name":"MORENA NO PERMITIR\u00c1 ACCIONES REACCIONARIAS CONTRA AMLO: HIGINIO - Expresso Metropolitano","isPartOf":{"@id":"https:\/\/expressometro.mx\/#website"},"primaryImageOfPage":{"@id":"https:\/\/expressometro.mx\/index.php\/2022\/03\/04\/morena-no-permitira-acciones-reaccionarias-contra-amlo-higinio\/#primaryimage"},"image":{"@id":"https:\/\/expressometro.mx\/index.php\/2022\/03\/04\/morena-no-permitira-acciones-reaccionarias-contra-amlo-higinio\/#primaryimage"},"thumbnailUrl":"https:\/\/expressometro.mx\/wp-content\/uploads\/2022\/03\/WhatsApp-Image-2022-03-03-at-9.12.14-PM.jpeg","datePublished":"2022-03-04T17:23:39+00:00","dateModified":"2022-03-04T17:23:41+00:00","breadcrumb":{"@id":"https:\/\/expressometro.mx\/index.php\/2022\/03\/04\/morena-no-permitira-acciones-reaccionarias-contra-amlo-higinio\/#breadcrumb"},"inLanguage":"es","potentialAction":[{"@type":"ReadAction","target":["https:\/\/expressometro.mx\/index.php\/2022\/03\/04\/morena-no-permitira-acciones-reaccionarias-contra-amlo-higinio\/"]}]},{"@type":"ImageObject","inLanguage":"es","@id":"https:\/\/expressometro.mx\/index.php\/2022\/03\/04\/morena-no-permitira-acciones-reaccionarias-contra-amlo-higinio\/#primaryimage","url":"https:\/\/expressometro.mx\/wp-content\/uploads\/2022\/03\/WhatsApp-Image-2022-03-03-at-9.12.14-PM.jpeg","contentUrl":"https:\/\/expressometro.mx\/wp-content\/uploads\/2022\/03\/WhatsApp-Image-2022-03-03-at-9.12.14-PM.jpeg","width":828,"height":698},{"@type":"BreadcrumbList","@id":"https:\/\/expressometro.mx\/index.php\/2022\/03\/04\/morena-no-permitira-acciones-reaccionarias-contra-amlo-higinio\/#breadcrumb","itemListElement":[{"@type":"ListItem","position":1,"name":"Inicio","item":"https:\/\/expressometro.mx\/"},{"@type":"ListItem","position":2,"name":"MORENA NO PERMITIR\u00c1 ACCIONES REACCIONARIAS CONTRA AMLO: HIGINIO"}]},{"@type":"WebSite","@id":"https:\/\/expressometro.mx\/#website","url":"https:\/\/expressometro.mx\/","name":"Expresso Metropolitano","description":"Periodismo comprometido, informaci\u00f3n, investigaci\u00f3n y an\u00e1lisis","publisher":{"@id":"https:\/\/expressometro.mx\/#organization"},"potentialAction":[{"@type":"SearchAction","target":{"@type":"EntryPoint","urlTemplate":"https:\/\/expressometro.mx\/?s={search_term_string}"},"query-input":{"@type":"PropertyValueSpecification","valueRequired":true,"valueName":"search_term_string"}}],"inLanguage":"es"},{"@type":"Organization","@id":"https:\/\/expressometro.mx\/#organization","name":"Expresso Metropolitano","url":"https:\/\/expressometro.mx\/","logo":{"@type":"ImageObject","inLanguage":"es","@id":"https:\/\/expressometro.mx\/#\/schema\/logo\/image\/","url":"https:\/\/expressometro.mx\/wp-content\/uploads\/2019\/07\/cropped-Logo-Expresso-Metropolitano-1-1.jpeg","contentUrl":"https:\/\/expressometro.mx\/wp-content\/uploads\/2019\/07\/cropped-Logo-Expresso-Metropolitano-1-1.jpeg","width":290,"height":73,"caption":"Expresso Metropolitano"},"image":{"@id":"https:\/\/expressometro.mx\/#\/schema\/logo\/image\/"}},{"@type":"Person","@id":"https:\/\/expressometro.mx\/#\/schema\/person\/67a95b8e3862085c7598f66237488f1f","name":"Cecilia Vega","image":{"@type":"ImageObject","inLanguage":"es","@id":"https:\/\/secure.gravatar.com\/avatar\/13aae9944ab2ee472a9e407c9487fdbd03b049abaa559af32fe5dbcf615c981b?s=96&d=mm&r=g","url":"https:\/\/secure.gravatar.com\/avatar\/13aae9944ab2ee472a9e407c9487fdbd03b049abaa559af32fe5dbcf615c981b?s=96&d=mm&r=g","contentUrl":"https:\/\/secure.gravatar.com\/avatar\/13aae9944ab2ee472a9e407c9487fdbd03b049abaa559af32fe5dbcf615c981b?s=96&d=mm&r=g","caption":"Cecilia Vega"},"url":"https:\/\/expressometro.mx\/index.php\/author\/cecilia-vega\/"}]}},"amp_enabled":true,"_links":{"self":[{"href":"https:\/\/expressometro.mx\/index.php\/wp-json\/wp\/v2\/posts\/5345","targetHints":{"allow":["GET"]}}],"collection":[{"href":"https:\/\/expressometro.mx\/index.php\/wp-json\/wp\/v2\/posts"}],"about":[{"href":"https:\/\/expressometro.mx\/index.php\/wp-json\/wp\/v2\/types\/post"}],"author":[{"embeddable":true,"href":"https:\/\/expressometro.mx\/index.php\/wp-json\/wp\/v2\/users\/2"}],"replies":[{"embeddable":true,"href":"https:\/\/expressometro.mx\/index.php\/wp-json\/wp\/v2\/comments?post=5345"}],"version-history":[{"count":1,"href":"https:\/\/expressometro.mx\/index.php\/wp-json\/wp\/v2\/posts\/5345\/revisions"}],"predecessor-version":[{"id":5348,"href":"https:\/\/expressometro.mx\/index.php\/wp-json\/wp\/v2\/posts\/5345\/revisions\/5348"}],"wp:featuredmedia":[{"embeddable":true,"href":"https:\/\/expressometro.mx\/index.php\/wp-json\/wp\/v2\/media\/5347"}],"wp:attachment":[{"href":"https:\/\/expressometro.mx\/index.php\/wp-json\/wp\/v2\/media?parent=5345"}],"wp:term":[{"taxonomy":"category","embeddable":true,"href":"https:\/\/expressometro.mx\/index.php\/wp-json\/wp\/v2\/categories?post=5345"},{"taxonomy":"post_tag","embeddable":true,"href":"https:\/\/expressometro.mx\/index.php\/wp-json\/wp\/v2\/tags?post=5345"}],"curies":[{"name":"wp","href":"https:\/\/api.w.org\/{rel}","templated":true}]}}