{"id":527,"date":"2019-09-07T14:00:28","date_gmt":"2019-09-07T19:00:28","guid":{"rendered":"http:\/\/expressometro.mx\/?p=527"},"modified":"2019-09-25T10:34:00","modified_gmt":"2019-09-25T15:34:00","slug":"es-estado-de-mexico-sede-del-encuentro-iberoamericano-de-oratoria","status":"publish","type":"post","link":"https:\/\/expressometro.mx\/index.php\/2019\/09\/07\/es-estado-de-mexico-sede-del-encuentro-iberoamericano-de-oratoria\/","title":{"rendered":"ES ESTADO DE M\u00c9XICO SEDE DEL ENCUENTRO IBEROAMERICANO DE ORATORIA"},"content":{"rendered":"\n<p>\n\nCon el objetivo de ofrecer un espacio de libre expresi\u00f3n que permita el intercambio acertado de pensamiento, el Gobierno del Estado de M\u00e9xico, a trav\u00e9s de la Secretar\u00eda de Educaci\u00f3n, en coordinaci\u00f3n con la Fundaci\u00f3n Ealy Ortiz, AC y el diario de circulaci\u00f3n nacional El Universal, inici\u00f3 las actividades del Encuentro Iberoamericano de Oratoria 2019.<br><br>Con la participaci\u00f3n de 11 ponentes de Belice, Colombia, Chile, Ecuador, Panam\u00e1, Per\u00fa y M\u00e9xico, este encuentro se desarroll\u00f3 mediante conferencias preparadas de un tiempo m\u00e1ximo de ocho minutos, y discursos libres de m\u00e1ximo de seis minutos.<br><br>Durante las exposiciones abordaron temas relevantes a nivel nacional e internacional, con ejes sugeridos como la trascendencia del idioma espa\u00f1ol, la oratoria como parte de la ense\u00f1anza oficial y alternativas de innovaci\u00f3n en mi pa\u00eds.<br><br>Al asistir con la representaci\u00f3n de Alejandro Fern\u00e1ndez Campillo, Secretario de Educaci\u00f3n del Estado de M\u00e9xico, Guillermo Legorreta Mart\u00ednez, Subsecretario General de Educaci\u00f3n, puntualiz\u00f3 que, para el Gobierno de la entidad, la educaci\u00f3n de la ni\u00f1ez y la juventud es el centro de sus m\u00e1s profundas ocupaciones, de ah\u00ed la importancia de generar espacios que permitan el intercambio reflexivo de ideas que propicien cambios positivos para las naciones.<br><br>Legorreta Mart\u00ednez exhort\u00f3 a los presentes a vislumbrar este encuentro como un generador de movimientos culturales que tracen rumbo hacia una conciencia con valores, una educaci\u00f3n integral y una sociedad corresponsable que involucre a todos sus actores en las mejoras globales.<br><br>Durante su participaci\u00f3n, Enrique Bustamante Mart\u00ednez, Director General de la Fundaci\u00f3n Ealy Ortiz, se\u00f1al\u00f3 que el Encuentro Iberoamericano de Oratoria posee entre sus objetivos fomentar, a trav\u00e9s de este ejercicio, la creaci\u00f3n de constructores de liderazgo y hacedores de amistad entre naciones que beneficien intercambios culturares y favorezcan cooperaciones internacionales.<br><br>Este s\u00e1bado, en el Tecnol\u00f3gico de Estudios Superiores de Valle de Bravo tiene lugar el \u201cForo nacional de reflexi\u00f3n e ideas\u201d, un espacio acad\u00e9mico interdisciplinario para que los estudiantes intercambien puntos de vista con l\u00edderes de opini\u00f3n, empresarios y pol\u00edticos.<br><br>Adem\u00e1s, el lunes 9 y el martes 10 de septiembre se llevar\u00e1 a cabo la edici\u00f3n 93 del Concurso Nacional de Oratoria, en Toluca.<br><br>En el Encuentro estuvieron presentes Jos\u00e9 Ricardo Tovar San Vicente, Secretario del Ayuntamiento de Valle de Bravo, Maira Mart\u00ednez Pineda, Presidenta del Jurado Calificador Nacional y de la Secretar\u00eda de la Mujer en el estado de Guerrero, Mar Grecia Oliva Guerrero, Presidenta del Jurado Iberoamericano y campeona del Concurso Nacional de Oratoria 2014, y Crescencio Reyes Hern\u00e1ndez, Director General del Tecnol\u00f3gico de Estudios Superiores de Valle de Bravo.\n\n<\/p>\n","protected":false},"excerpt":{"rendered":"<p>Con el objetivo de ofrecer un espacio de libre expresi\u00f3n que permita el intercambio acertado de pensamiento, el Gobierno del Estado de M\u00e9xico, a trav\u00e9s de la Secretar\u00eda de Educaci\u00f3n, en coordinaci\u00f3n con la Fundaci\u00f3n Ealy Ortiz, AC y el diario de circulaci\u00f3n nacional El Universal, inici\u00f3 las actividades del Encuentro Iberoamericano de Oratoria 2019. Con la participaci\u00f3n de 11 ponentes de Belice, Colombia, Chile, Ecuador, Panam\u00e1, Per\u00fa y M\u00e9xico, este encuentro se desarroll\u00f3 mediante conferencias preparadas de un tiempo m\u00e1ximo de ocho minutos, y discursos libres de m\u00e1ximo de&hellip;<\/p>\n","protected":false},"author":1,"featured_media":529,"comment_status":"open","ping_status":"open","sticky":false,"template":"","format":"standard","meta":{"footnotes":""},"categories":[11,3],"tags":[],"class_list":["post-527","post","type-post","status-publish","format-standard","has-post-thumbnail","hentry","category-cultura","category-gobierno"],"yoast_head":"<!-- This site is optimized with the Yoast SEO plugin v27.5 - https:\/\/yoast.com\/product\/yoast-seo-wordpress\/ -->\n<title>ES ESTADO DE M\u00c9XICO SEDE DEL ENCUENTRO IBEROAMERICANO DE ORATORIA - Expresso Metropolitano<\/title>\n<meta name=\"robots\" content=\"index, follow, max-snippet:-1, max-image-preview:large, max-video-preview:-1\" \/>\n<link rel=\"canonical\" href=\"https:\/\/expressometro.mx\/index.php\/2019\/09\/07\/es-estado-de-mexico-sede-del-encuentro-iberoamericano-de-oratoria\/\" \/>\n<meta property=\"og:locale\" content=\"es_MX\" \/>\n<meta property=\"og:type\" content=\"article\" \/>\n<meta property=\"og:title\" content=\"ES ESTADO DE M\u00c9XICO SEDE DEL ENCUENTRO IBEROAMERICANO DE ORATORIA - Expresso Metropolitano\" \/>\n<meta property=\"og:description\" content=\"Con el objetivo de ofrecer un espacio de libre expresi\u00f3n que permita el intercambio acertado de pensamiento, el Gobierno del Estado de M\u00e9xico, a trav\u00e9s de la Secretar\u00eda de Educaci\u00f3n, en coordinaci\u00f3n con la Fundaci\u00f3n Ealy Ortiz, AC y el diario de circulaci\u00f3n nacional El Universal, inici\u00f3 las actividades del Encuentro Iberoamericano de Oratoria 2019. Con la participaci\u00f3n de 11 ponentes de Belice, Colombia, Chile, Ecuador, Panam\u00e1, Per\u00fa y M\u00e9xico, este encuentro se desarroll\u00f3 mediante conferencias preparadas de un tiempo m\u00e1ximo de ocho minutos, y discursos libres de m\u00e1ximo de&hellip;\" \/>\n<meta property=\"og:url\" content=\"https:\/\/expressometro.mx\/index.php\/2019\/09\/07\/es-estado-de-mexico-sede-del-encuentro-iberoamericano-de-oratoria\/\" \/>\n<meta property=\"og:site_name\" content=\"Expresso Metropolitano\" \/>\n<meta property=\"article:published_time\" content=\"2019-09-07T19:00:28+00:00\" \/>\n<meta property=\"article:modified_time\" content=\"2019-09-25T15:34:00+00:00\" \/>\n<meta property=\"og:image\" content=\"https:\/\/expressometro.mx\/wp-content\/uploads\/2019\/09\/cropped-w2_9022_5.jpg\" \/>\n\t<meta property=\"og:image:width\" content=\"1772\" \/>\n\t<meta property=\"og:image:height\" content=\"998\" \/>\n\t<meta property=\"og:image:type\" content=\"image\/jpeg\" \/>\n<meta name=\"author\" content=\"Expresso Metropolitano\" \/>\n<meta name=\"twitter:label1\" content=\"Escrito por\" \/>\n\t<meta name=\"twitter:data1\" content=\"Expresso Metropolitano\" \/>\n\t<meta name=\"twitter:label2\" content=\"Tiempo de lectura\" \/>\n\t<meta name=\"twitter:data2\" content=\"2 minutos\" \/>\n<script type=\"application\/ld+json\" class=\"yoast-schema-graph\">{\"@context\":\"https:\\\/\\\/schema.org\",\"@graph\":[{\"@type\":\"Article\",\"@id\":\"https:\\\/\\\/expressometro.mx\\\/index.php\\\/2019\\\/09\\\/07\\\/es-estado-de-mexico-sede-del-encuentro-iberoamericano-de-oratoria\\\/#article\",\"isPartOf\":{\"@id\":\"https:\\\/\\\/expressometro.mx\\\/index.php\\\/2019\\\/09\\\/07\\\/es-estado-de-mexico-sede-del-encuentro-iberoamericano-de-oratoria\\\/\"},\"author\":{\"name\":\"Expresso Metropolitano\",\"@id\":\"https:\\\/\\\/expressometro.mx\\\/#\\\/schema\\\/person\\\/efa971b4a0664db8ed5c22b1b0dd2f5d\"},\"headline\":\"ES ESTADO DE M\u00c9XICO SEDE DEL ENCUENTRO IBEROAMERICANO DE ORATORIA\",\"datePublished\":\"2019-09-07T19:00:28+00:00\",\"dateModified\":\"2019-09-25T15:34:00+00:00\",\"mainEntityOfPage\":{\"@id\":\"https:\\\/\\\/expressometro.mx\\\/index.php\\\/2019\\\/09\\\/07\\\/es-estado-de-mexico-sede-del-encuentro-iberoamericano-de-oratoria\\\/\"},\"wordCount\":469,\"commentCount\":0,\"publisher\":{\"@id\":\"https:\\\/\\\/expressometro.mx\\\/#organization\"},\"image\":{\"@id\":\"https:\\\/\\\/expressometro.mx\\\/index.php\\\/2019\\\/09\\\/07\\\/es-estado-de-mexico-sede-del-encuentro-iberoamericano-de-oratoria\\\/#primaryimage\"},\"thumbnailUrl\":\"https:\\\/\\\/expressometro.mx\\\/wp-content\\\/uploads\\\/2019\\\/09\\\/cropped-w2_9022_5.jpg\",\"articleSection\":[\"Cultura\",\"Gobierno\"],\"inLanguage\":\"es\",\"potentialAction\":[{\"@type\":\"CommentAction\",\"name\":\"Comment\",\"target\":[\"https:\\\/\\\/expressometro.mx\\\/index.php\\\/2019\\\/09\\\/07\\\/es-estado-de-mexico-sede-del-encuentro-iberoamericano-de-oratoria\\\/#respond\"]}]},{\"@type\":\"WebPage\",\"@id\":\"https:\\\/\\\/expressometro.mx\\\/index.php\\\/2019\\\/09\\\/07\\\/es-estado-de-mexico-sede-del-encuentro-iberoamericano-de-oratoria\\\/\",\"url\":\"https:\\\/\\\/expressometro.mx\\\/index.php\\\/2019\\\/09\\\/07\\\/es-estado-de-mexico-sede-del-encuentro-iberoamericano-de-oratoria\\\/\",\"name\":\"ES ESTADO DE M\u00c9XICO SEDE DEL ENCUENTRO IBEROAMERICANO DE ORATORIA - Expresso Metropolitano\",\"isPartOf\":{\"@id\":\"https:\\\/\\\/expressometro.mx\\\/#website\"},\"primaryImageOfPage\":{\"@id\":\"https:\\\/\\\/expressometro.mx\\\/index.php\\\/2019\\\/09\\\/07\\\/es-estado-de-mexico-sede-del-encuentro-iberoamericano-de-oratoria\\\/#primaryimage\"},\"image\":{\"@id\":\"https:\\\/\\\/expressometro.mx\\\/index.php\\\/2019\\\/09\\\/07\\\/es-estado-de-mexico-sede-del-encuentro-iberoamericano-de-oratoria\\\/#primaryimage\"},\"thumbnailUrl\":\"https:\\\/\\\/expressometro.mx\\\/wp-content\\\/uploads\\\/2019\\\/09\\\/cropped-w2_9022_5.jpg\",\"datePublished\":\"2019-09-07T19:00:28+00:00\",\"dateModified\":\"2019-09-25T15:34:00+00:00\",\"breadcrumb\":{\"@id\":\"https:\\\/\\\/expressometro.mx\\\/index.php\\\/2019\\\/09\\\/07\\\/es-estado-de-mexico-sede-del-encuentro-iberoamericano-de-oratoria\\\/#breadcrumb\"},\"inLanguage\":\"es\",\"potentialAction\":[{\"@type\":\"ReadAction\",\"target\":[\"https:\\\/\\\/expressometro.mx\\\/index.php\\\/2019\\\/09\\\/07\\\/es-estado-de-mexico-sede-del-encuentro-iberoamericano-de-oratoria\\\/\"]}]},{\"@type\":\"ImageObject\",\"inLanguage\":\"es\",\"@id\":\"https:\\\/\\\/expressometro.mx\\\/index.php\\\/2019\\\/09\\\/07\\\/es-estado-de-mexico-sede-del-encuentro-iberoamericano-de-oratoria\\\/#primaryimage\",\"url\":\"https:\\\/\\\/expressometro.mx\\\/wp-content\\\/uploads\\\/2019\\\/09\\\/cropped-w2_9022_5.jpg\",\"contentUrl\":\"https:\\\/\\\/expressometro.mx\\\/wp-content\\\/uploads\\\/2019\\\/09\\\/cropped-w2_9022_5.jpg\",\"width\":1772,\"height\":998},{\"@type\":\"BreadcrumbList\",\"@id\":\"https:\\\/\\\/expressometro.mx\\\/index.php\\\/2019\\\/09\\\/07\\\/es-estado-de-mexico-sede-del-encuentro-iberoamericano-de-oratoria\\\/#breadcrumb\",\"itemListElement\":[{\"@type\":\"ListItem\",\"position\":1,\"name\":\"Inicio\",\"item\":\"https:\\\/\\\/expressometro.mx\\\/\"},{\"@type\":\"ListItem\",\"position\":2,\"name\":\"ES ESTADO DE M\u00c9XICO SEDE DEL ENCUENTRO IBEROAMERICANO DE ORATORIA\"}]},{\"@type\":\"WebSite\",\"@id\":\"https:\\\/\\\/expressometro.mx\\\/#website\",\"url\":\"https:\\\/\\\/expressometro.mx\\\/\",\"name\":\"Expresso Metropolitano\",\"description\":\"Periodismo comprometido, informaci\u00f3n, investigaci\u00f3n y an\u00e1lisis\",\"publisher\":{\"@id\":\"https:\\\/\\\/expressometro.mx\\\/#organization\"},\"potentialAction\":[{\"@type\":\"SearchAction\",\"target\":{\"@type\":\"EntryPoint\",\"urlTemplate\":\"https:\\\/\\\/expressometro.mx\\\/?s={search_term_string}\"},\"query-input\":{\"@type\":\"PropertyValueSpecification\",\"valueRequired\":true,\"valueName\":\"search_term_string\"}}],\"inLanguage\":\"es\"},{\"@type\":\"Organization\",\"@id\":\"https:\\\/\\\/expressometro.mx\\\/#organization\",\"name\":\"Expresso Metropolitano\",\"url\":\"https:\\\/\\\/expressometro.mx\\\/\",\"logo\":{\"@type\":\"ImageObject\",\"inLanguage\":\"es\",\"@id\":\"https:\\\/\\\/expressometro.mx\\\/#\\\/schema\\\/logo\\\/image\\\/\",\"url\":\"https:\\\/\\\/expressometro.mx\\\/wp-content\\\/uploads\\\/2019\\\/07\\\/cropped-Logo-Expresso-Metropolitano-1-1.jpeg\",\"contentUrl\":\"https:\\\/\\\/expressometro.mx\\\/wp-content\\\/uploads\\\/2019\\\/07\\\/cropped-Logo-Expresso-Metropolitano-1-1.jpeg\",\"width\":290,\"height\":73,\"caption\":\"Expresso Metropolitano\"},\"image\":{\"@id\":\"https:\\\/\\\/expressometro.mx\\\/#\\\/schema\\\/logo\\\/image\\\/\"}},{\"@type\":\"Person\",\"@id\":\"https:\\\/\\\/expressometro.mx\\\/#\\\/schema\\\/person\\\/efa971b4a0664db8ed5c22b1b0dd2f5d\",\"name\":\"Expresso Metropolitano\",\"image\":{\"@type\":\"ImageObject\",\"inLanguage\":\"es\",\"@id\":\"https:\\\/\\\/secure.gravatar.com\\\/avatar\\\/a89f802b8de18c6952f223c88d3d106e9e3679839f4e25a02f4a6cc2ae6ba3b3?s=96&d=mm&r=g\",\"url\":\"https:\\\/\\\/secure.gravatar.com\\\/avatar\\\/a89f802b8de18c6952f223c88d3d106e9e3679839f4e25a02f4a6cc2ae6ba3b3?s=96&d=mm&r=g\",\"contentUrl\":\"https:\\\/\\\/secure.gravatar.com\\\/avatar\\\/a89f802b8de18c6952f223c88d3d106e9e3679839f4e25a02f4a6cc2ae6ba3b3?s=96&d=mm&r=g\",\"caption\":\"Expresso Metropolitano\"},\"url\":\"https:\\\/\\\/expressometro.mx\\\/index.php\\\/author\\\/diego\\\/\"}]}<\/script>\n<!-- \/ Yoast SEO plugin. -->","yoast_head_json":{"title":"ES ESTADO DE M\u00c9XICO SEDE DEL ENCUENTRO IBEROAMERICANO DE ORATORIA - Expresso Metropolitano","robots":{"index":"index","follow":"follow","max-snippet":"max-snippet:-1","max-image-preview":"max-image-preview:large","max-video-preview":"max-video-preview:-1"},"canonical":"https:\/\/expressometro.mx\/index.php\/2019\/09\/07\/es-estado-de-mexico-sede-del-encuentro-iberoamericano-de-oratoria\/","og_locale":"es_MX","og_type":"article","og_title":"ES ESTADO DE M\u00c9XICO SEDE DEL ENCUENTRO IBEROAMERICANO DE ORATORIA - Expresso Metropolitano","og_description":"Con el objetivo de ofrecer un espacio de libre expresi\u00f3n que permita el intercambio acertado de pensamiento, el Gobierno del Estado de M\u00e9xico, a trav\u00e9s de la Secretar\u00eda de Educaci\u00f3n, en coordinaci\u00f3n con la Fundaci\u00f3n Ealy Ortiz, AC y el diario de circulaci\u00f3n nacional El Universal, inici\u00f3 las actividades del Encuentro Iberoamericano de Oratoria 2019. Con la participaci\u00f3n de 11 ponentes de Belice, Colombia, Chile, Ecuador, Panam\u00e1, Per\u00fa y M\u00e9xico, este encuentro se desarroll\u00f3 mediante conferencias preparadas de un tiempo m\u00e1ximo de ocho minutos, y discursos libres de m\u00e1ximo de&hellip;","og_url":"https:\/\/expressometro.mx\/index.php\/2019\/09\/07\/es-estado-de-mexico-sede-del-encuentro-iberoamericano-de-oratoria\/","og_site_name":"Expresso Metropolitano","article_published_time":"2019-09-07T19:00:28+00:00","article_modified_time":"2019-09-25T15:34:00+00:00","og_image":[{"width":1772,"height":998,"url":"https:\/\/expressometro.mx\/wp-content\/uploads\/2019\/09\/cropped-w2_9022_5.jpg","type":"image\/jpeg"}],"author":"Expresso Metropolitano","twitter_misc":{"Escrito por":"Expresso Metropolitano","Tiempo de lectura":"2 minutos"},"schema":{"@context":"https:\/\/schema.org","@graph":[{"@type":"Article","@id":"https:\/\/expressometro.mx\/index.php\/2019\/09\/07\/es-estado-de-mexico-sede-del-encuentro-iberoamericano-de-oratoria\/#article","isPartOf":{"@id":"https:\/\/expressometro.mx\/index.php\/2019\/09\/07\/es-estado-de-mexico-sede-del-encuentro-iberoamericano-de-oratoria\/"},"author":{"name":"Expresso Metropolitano","@id":"https:\/\/expressometro.mx\/#\/schema\/person\/efa971b4a0664db8ed5c22b1b0dd2f5d"},"headline":"ES ESTADO DE M\u00c9XICO SEDE DEL ENCUENTRO IBEROAMERICANO DE ORATORIA","datePublished":"2019-09-07T19:00:28+00:00","dateModified":"2019-09-25T15:34:00+00:00","mainEntityOfPage":{"@id":"https:\/\/expressometro.mx\/index.php\/2019\/09\/07\/es-estado-de-mexico-sede-del-encuentro-iberoamericano-de-oratoria\/"},"wordCount":469,"commentCount":0,"publisher":{"@id":"https:\/\/expressometro.mx\/#organization"},"image":{"@id":"https:\/\/expressometro.mx\/index.php\/2019\/09\/07\/es-estado-de-mexico-sede-del-encuentro-iberoamericano-de-oratoria\/#primaryimage"},"thumbnailUrl":"https:\/\/expressometro.mx\/wp-content\/uploads\/2019\/09\/cropped-w2_9022_5.jpg","articleSection":["Cultura","Gobierno"],"inLanguage":"es","potentialAction":[{"@type":"CommentAction","name":"Comment","target":["https:\/\/expressometro.mx\/index.php\/2019\/09\/07\/es-estado-de-mexico-sede-del-encuentro-iberoamericano-de-oratoria\/#respond"]}]},{"@type":"WebPage","@id":"https:\/\/expressometro.mx\/index.php\/2019\/09\/07\/es-estado-de-mexico-sede-del-encuentro-iberoamericano-de-oratoria\/","url":"https:\/\/expressometro.mx\/index.php\/2019\/09\/07\/es-estado-de-mexico-sede-del-encuentro-iberoamericano-de-oratoria\/","name":"ES ESTADO DE M\u00c9XICO SEDE DEL ENCUENTRO IBEROAMERICANO DE ORATORIA - Expresso Metropolitano","isPartOf":{"@id":"https:\/\/expressometro.mx\/#website"},"primaryImageOfPage":{"@id":"https:\/\/expressometro.mx\/index.php\/2019\/09\/07\/es-estado-de-mexico-sede-del-encuentro-iberoamericano-de-oratoria\/#primaryimage"},"image":{"@id":"https:\/\/expressometro.mx\/index.php\/2019\/09\/07\/es-estado-de-mexico-sede-del-encuentro-iberoamericano-de-oratoria\/#primaryimage"},"thumbnailUrl":"https:\/\/expressometro.mx\/wp-content\/uploads\/2019\/09\/cropped-w2_9022_5.jpg","datePublished":"2019-09-07T19:00:28+00:00","dateModified":"2019-09-25T15:34:00+00:00","breadcrumb":{"@id":"https:\/\/expressometro.mx\/index.php\/2019\/09\/07\/es-estado-de-mexico-sede-del-encuentro-iberoamericano-de-oratoria\/#breadcrumb"},"inLanguage":"es","potentialAction":[{"@type":"ReadAction","target":["https:\/\/expressometro.mx\/index.php\/2019\/09\/07\/es-estado-de-mexico-sede-del-encuentro-iberoamericano-de-oratoria\/"]}]},{"@type":"ImageObject","inLanguage":"es","@id":"https:\/\/expressometro.mx\/index.php\/2019\/09\/07\/es-estado-de-mexico-sede-del-encuentro-iberoamericano-de-oratoria\/#primaryimage","url":"https:\/\/expressometro.mx\/wp-content\/uploads\/2019\/09\/cropped-w2_9022_5.jpg","contentUrl":"https:\/\/expressometro.mx\/wp-content\/uploads\/2019\/09\/cropped-w2_9022_5.jpg","width":1772,"height":998},{"@type":"BreadcrumbList","@id":"https:\/\/expressometro.mx\/index.php\/2019\/09\/07\/es-estado-de-mexico-sede-del-encuentro-iberoamericano-de-oratoria\/#breadcrumb","itemListElement":[{"@type":"ListItem","position":1,"name":"Inicio","item":"https:\/\/expressometro.mx\/"},{"@type":"ListItem","position":2,"name":"ES ESTADO DE M\u00c9XICO SEDE DEL ENCUENTRO IBEROAMERICANO DE ORATORIA"}]},{"@type":"WebSite","@id":"https:\/\/expressometro.mx\/#website","url":"https:\/\/expressometro.mx\/","name":"Expresso Metropolitano","description":"Periodismo comprometido, informaci\u00f3n, investigaci\u00f3n y an\u00e1lisis","publisher":{"@id":"https:\/\/expressometro.mx\/#organization"},"potentialAction":[{"@type":"SearchAction","target":{"@type":"EntryPoint","urlTemplate":"https:\/\/expressometro.mx\/?s={search_term_string}"},"query-input":{"@type":"PropertyValueSpecification","valueRequired":true,"valueName":"search_term_string"}}],"inLanguage":"es"},{"@type":"Organization","@id":"https:\/\/expressometro.mx\/#organization","name":"Expresso Metropolitano","url":"https:\/\/expressometro.mx\/","logo":{"@type":"ImageObject","inLanguage":"es","@id":"https:\/\/expressometro.mx\/#\/schema\/logo\/image\/","url":"https:\/\/expressometro.mx\/wp-content\/uploads\/2019\/07\/cropped-Logo-Expresso-Metropolitano-1-1.jpeg","contentUrl":"https:\/\/expressometro.mx\/wp-content\/uploads\/2019\/07\/cropped-Logo-Expresso-Metropolitano-1-1.jpeg","width":290,"height":73,"caption":"Expresso Metropolitano"},"image":{"@id":"https:\/\/expressometro.mx\/#\/schema\/logo\/image\/"}},{"@type":"Person","@id":"https:\/\/expressometro.mx\/#\/schema\/person\/efa971b4a0664db8ed5c22b1b0dd2f5d","name":"Expresso Metropolitano","image":{"@type":"ImageObject","inLanguage":"es","@id":"https:\/\/secure.gravatar.com\/avatar\/a89f802b8de18c6952f223c88d3d106e9e3679839f4e25a02f4a6cc2ae6ba3b3?s=96&d=mm&r=g","url":"https:\/\/secure.gravatar.com\/avatar\/a89f802b8de18c6952f223c88d3d106e9e3679839f4e25a02f4a6cc2ae6ba3b3?s=96&d=mm&r=g","contentUrl":"https:\/\/secure.gravatar.com\/avatar\/a89f802b8de18c6952f223c88d3d106e9e3679839f4e25a02f4a6cc2ae6ba3b3?s=96&d=mm&r=g","caption":"Expresso Metropolitano"},"url":"https:\/\/expressometro.mx\/index.php\/author\/diego\/"}]}},"amp_enabled":true,"_links":{"self":[{"href":"https:\/\/expressometro.mx\/index.php\/wp-json\/wp\/v2\/posts\/527","targetHints":{"allow":["GET"]}}],"collection":[{"href":"https:\/\/expressometro.mx\/index.php\/wp-json\/wp\/v2\/posts"}],"about":[{"href":"https:\/\/expressometro.mx\/index.php\/wp-json\/wp\/v2\/types\/post"}],"author":[{"embeddable":true,"href":"https:\/\/expressometro.mx\/index.php\/wp-json\/wp\/v2\/users\/1"}],"replies":[{"embeddable":true,"href":"https:\/\/expressometro.mx\/index.php\/wp-json\/wp\/v2\/comments?post=527"}],"version-history":[{"count":1,"href":"https:\/\/expressometro.mx\/index.php\/wp-json\/wp\/v2\/posts\/527\/revisions"}],"predecessor-version":[{"id":530,"href":"https:\/\/expressometro.mx\/index.php\/wp-json\/wp\/v2\/posts\/527\/revisions\/530"}],"wp:featuredmedia":[{"embeddable":true,"href":"https:\/\/expressometro.mx\/index.php\/wp-json\/wp\/v2\/media\/529"}],"wp:attachment":[{"href":"https:\/\/expressometro.mx\/index.php\/wp-json\/wp\/v2\/media?parent=527"}],"wp:term":[{"taxonomy":"category","embeddable":true,"href":"https:\/\/expressometro.mx\/index.php\/wp-json\/wp\/v2\/categories?post=527"},{"taxonomy":"post_tag","embeddable":true,"href":"https:\/\/expressometro.mx\/index.php\/wp-json\/wp\/v2\/tags?post=527"}],"curies":[{"name":"wp","href":"https:\/\/api.w.org\/{rel}","templated":true}]}}