{"id":5267,"date":"2022-02-28T10:34:13","date_gmt":"2022-02-28T16:34:13","guid":{"rendered":"https:\/\/expressometro.mx\/?p=5267"},"modified":"2022-02-28T10:34:14","modified_gmt":"2022-02-28T16:34:14","slug":"se-perfila-malvaez-a-la-fiscalia","status":"publish","type":"post","link":"https:\/\/expressometro.mx\/index.php\/2022\/02\/28\/se-perfila-malvaez-a-la-fiscalia\/","title":{"rendered":"SE PERFILA MALVAEZ A LA FISCAL\u00cdA"},"content":{"rendered":"\n<p>Jorge Malv\u00e1ez Rodr\u00edguez se perfila como titular de la Fiscal\u00eda General de Justicia del Estado de M\u00e9xico por su trayectoria y su profesionalismo ejercido durante los \u00faltimos 30 a\u00f1os.<\/p>\n\n\n\n<p>Luego de su registro tendr\u00e1 que pasar a una lista de los 10 mejores perfiles que ser\u00e1n votados en el pleno del Congreso local. Esa lista de aspirantes ser\u00e1 enviada el Ejecutivo estatal y se definir\u00e1 una terna de 3 candidatos.<\/p>\n\n\n\n<p>El abogado penalista Jorge Malv\u00e1ez Rodr\u00edguez reconoci\u00f3 la opini\u00f3n de quienes consideran que \u00e9sta es una de las designaciones m\u00e1s disputadas en la historia reciente de la Fiscal\u00eda de Justicia del Estado de M\u00e9xico y por ello el H. Congreso de nuestra entidad tiene ante s\u00ed una prueba dif\u00edcil en la responsabilidad de elegir, de entre tantos, al mejor calificado.<\/p>\n\n\n\n<p>\u201cLa decisi\u00f3n que me anim\u00f3 a participar en este proceso fue meditada y reflexionada ampliamente, y antes de inscribirme consult\u00e9 con grupos pol\u00edticos y organizaciones de la sociedad civil para saber si pod\u00eda contar con un respaldo significativo\u201d, dijo.<\/p>\n\n\n\n<p>En ese sentido, sostuvo que cuenta con el respaldo, en primer lugar, de quienes laboran actualmente en la propia Fiscal\u00eda mexiquense y que integran al personal operativo de la instituci\u00f3n. Se trata de agentes del Ministerio P\u00fablico, de la Polic\u00eda Ministerial, de los distintos peritos y de quienes conforman las \u00e1reas administrativas.<\/p>\n\n\n\n<p>Adem\u00e1s, me animan y fortalecen los miles de mensajes de apoyo que he recibido los \u00faltimos d\u00edas de parte de servidores p\u00fablicos de todos los niveles, de comunicadores y catedr\u00e1ticos, as\u00ed como de representantes de diversos sectores de la sociedad mexiquense, quienes saben que quien llegue a tomar las riendas de la Instituci\u00f3n debe conocer las necesidades, deficiencias, carencias y problem\u00e1ticas de la misma, as\u00ed como estar al tanto de la grave crisis por la que el Estado de M\u00e9xico atraviesa en t\u00e9rminos de procuraci\u00f3n de justicia.<\/p>\n\n\n\n<p>\u201cEstoy convencido de que mi experiencia laboral en la dependencia me capacita para entender, primero, los reclamos de quienes laboran en la Fiscal\u00eda, pues para nadie es un secreto que no son tomados en cuenta cuando se trata de buscar los perfiles m\u00e1s id\u00f3neos para dirigir tan importante instancia\u201d, manifest\u00f3.<\/p>\n\n\n\n<p>Dijo entender c\u00f3mo resolver ese reclamo porque \u201cyo estuve en el lugar de muchos de ellos, ya que desempe\u00f1\u00e9 como secretario, agente y coordinador de agentes del ministerio p\u00fablico. Es un hecho que si se consigue sanar a la Fiscal\u00eda, reivindicar a quienes forman parte de ella con la sociedad, entonces dar\u00e1 mejores resultados y los mexiquenses tendremos una instancia que verdaderamente se preocupe por los ciudadanos\u201d.<\/p>\n\n\n\n<p>Asimismo se\u00f1al\u00f3 que desde hace diez a\u00f1os se desempe\u00f1a como abogado penalista con actividad en todo el Estado de M\u00e9xico. \u201cGracias a eso, he estado en estrecho contacto con ciudadanos urgidos de ayuda que requieren de una efectiva aplicaci\u00f3n de la justicia y de la salvaguarda de nuestros derechos, as\u00ed como de funcionarios comprometidos que desarrollen su trabajo de la manera m\u00e1s profesional, desde la armon\u00eda que necesita ser observada en todos los casos que aborda la Fiscal\u00eda, cuya estructura y operatividad necesitan ser revisadas para replantear y corregir situaciones en las que se ha fallado\u201d.<\/p>\n","protected":false},"excerpt":{"rendered":"<p>Jorge Malv\u00e1ez Rodr\u00edguez se perfila como titular de la Fiscal\u00eda General de Justicia del Estado de M\u00e9xico por su trayectoria y su profesionalismo ejercido durante los \u00faltimos 30 a\u00f1os.<\/p>\n","protected":false},"author":2,"featured_media":5269,"comment_status":"open","ping_status":"open","sticky":false,"template":"","format":"standard","meta":{"footnotes":""},"categories":[3],"tags":[1493,1494],"class_list":["post-5267","post","type-post","status-publish","format-standard","has-post-thumbnail","hentry","category-gobierno","tag-fiscalia-general","tag-jorge-malvaez"],"yoast_head":"<!-- This site is optimized with the Yoast SEO plugin v27.4 - https:\/\/yoast.com\/product\/yoast-seo-wordpress\/ -->\n<title>SE PERFILA MALVAEZ A LA FISCAL\u00cdA - Expresso Metropolitano<\/title>\n<meta name=\"robots\" content=\"index, follow, max-snippet:-1, max-image-preview:large, max-video-preview:-1\" \/>\n<link rel=\"canonical\" href=\"https:\/\/expressometro.mx\/index.php\/2022\/02\/28\/se-perfila-malvaez-a-la-fiscalia\/\" \/>\n<meta property=\"og:locale\" content=\"es_MX\" \/>\n<meta property=\"og:type\" content=\"article\" \/>\n<meta property=\"og:title\" content=\"SE PERFILA MALVAEZ A LA FISCAL\u00cdA - Expresso Metropolitano\" \/>\n<meta property=\"og:description\" content=\"Jorge Malv\u00e1ez Rodr\u00edguez se perfila como titular de la Fiscal\u00eda General de Justicia del Estado de M\u00e9xico por su trayectoria y su profesionalismo ejercido durante los \u00faltimos 30 a\u00f1os.\" \/>\n<meta property=\"og:url\" content=\"https:\/\/expressometro.mx\/index.php\/2022\/02\/28\/se-perfila-malvaez-a-la-fiscalia\/\" \/>\n<meta property=\"og:site_name\" content=\"Expresso Metropolitano\" \/>\n<meta property=\"article:published_time\" content=\"2022-02-28T16:34:13+00:00\" \/>\n<meta property=\"article:modified_time\" content=\"2022-02-28T16:34:14+00:00\" \/>\n<meta property=\"og:image\" content=\"http:\/\/expressometro.mx\/wp-content\/uploads\/2022\/02\/WhatsApp-Image-2022-02-28-at-10.21.08-AM.jpeg\" \/>\n\t<meta property=\"og:image:width\" content=\"1024\" \/>\n\t<meta property=\"og:image:height\" content=\"576\" \/>\n\t<meta property=\"og:image:type\" content=\"image\/jpeg\" \/>\n<meta name=\"author\" content=\"Cecilia Vega\" \/>\n<meta name=\"twitter:label1\" content=\"Escrito por\" \/>\n\t<meta name=\"twitter:data1\" content=\"Cecilia Vega\" \/>\n\t<meta name=\"twitter:label2\" content=\"Tiempo de lectura\" \/>\n\t<meta name=\"twitter:data2\" content=\"3 minutos\" \/>\n<script type=\"application\/ld+json\" class=\"yoast-schema-graph\">{\"@context\":\"https:\\\/\\\/schema.org\",\"@graph\":[{\"@type\":\"Article\",\"@id\":\"https:\\\/\\\/expressometro.mx\\\/index.php\\\/2022\\\/02\\\/28\\\/se-perfila-malvaez-a-la-fiscalia\\\/#article\",\"isPartOf\":{\"@id\":\"https:\\\/\\\/expressometro.mx\\\/index.php\\\/2022\\\/02\\\/28\\\/se-perfila-malvaez-a-la-fiscalia\\\/\"},\"author\":{\"name\":\"Cecilia Vega\",\"@id\":\"https:\\\/\\\/expressometro.mx\\\/#\\\/schema\\\/person\\\/67a95b8e3862085c7598f66237488f1f\"},\"headline\":\"SE PERFILA MALVAEZ A LA FISCAL\u00cdA\",\"datePublished\":\"2022-02-28T16:34:13+00:00\",\"dateModified\":\"2022-02-28T16:34:14+00:00\",\"mainEntityOfPage\":{\"@id\":\"https:\\\/\\\/expressometro.mx\\\/index.php\\\/2022\\\/02\\\/28\\\/se-perfila-malvaez-a-la-fiscalia\\\/\"},\"wordCount\":568,\"commentCount\":0,\"publisher\":{\"@id\":\"https:\\\/\\\/expressometro.mx\\\/#organization\"},\"image\":{\"@id\":\"https:\\\/\\\/expressometro.mx\\\/index.php\\\/2022\\\/02\\\/28\\\/se-perfila-malvaez-a-la-fiscalia\\\/#primaryimage\"},\"thumbnailUrl\":\"https:\\\/\\\/expressometro.mx\\\/wp-content\\\/uploads\\\/2022\\\/02\\\/WhatsApp-Image-2022-02-28-at-10.21.08-AM.jpeg\",\"keywords\":[\"Fiscal\u00eda General\",\"Jorge Malvaez\"],\"articleSection\":[\"Gobierno\"],\"inLanguage\":\"es\",\"potentialAction\":[{\"@type\":\"CommentAction\",\"name\":\"Comment\",\"target\":[\"https:\\\/\\\/expressometro.mx\\\/index.php\\\/2022\\\/02\\\/28\\\/se-perfila-malvaez-a-la-fiscalia\\\/#respond\"]}]},{\"@type\":\"WebPage\",\"@id\":\"https:\\\/\\\/expressometro.mx\\\/index.php\\\/2022\\\/02\\\/28\\\/se-perfila-malvaez-a-la-fiscalia\\\/\",\"url\":\"https:\\\/\\\/expressometro.mx\\\/index.php\\\/2022\\\/02\\\/28\\\/se-perfila-malvaez-a-la-fiscalia\\\/\",\"name\":\"SE PERFILA MALVAEZ A LA FISCAL\u00cdA - Expresso Metropolitano\",\"isPartOf\":{\"@id\":\"https:\\\/\\\/expressometro.mx\\\/#website\"},\"primaryImageOfPage\":{\"@id\":\"https:\\\/\\\/expressometro.mx\\\/index.php\\\/2022\\\/02\\\/28\\\/se-perfila-malvaez-a-la-fiscalia\\\/#primaryimage\"},\"image\":{\"@id\":\"https:\\\/\\\/expressometro.mx\\\/index.php\\\/2022\\\/02\\\/28\\\/se-perfila-malvaez-a-la-fiscalia\\\/#primaryimage\"},\"thumbnailUrl\":\"https:\\\/\\\/expressometro.mx\\\/wp-content\\\/uploads\\\/2022\\\/02\\\/WhatsApp-Image-2022-02-28-at-10.21.08-AM.jpeg\",\"datePublished\":\"2022-02-28T16:34:13+00:00\",\"dateModified\":\"2022-02-28T16:34:14+00:00\",\"breadcrumb\":{\"@id\":\"https:\\\/\\\/expressometro.mx\\\/index.php\\\/2022\\\/02\\\/28\\\/se-perfila-malvaez-a-la-fiscalia\\\/#breadcrumb\"},\"inLanguage\":\"es\",\"potentialAction\":[{\"@type\":\"ReadAction\",\"target\":[\"https:\\\/\\\/expressometro.mx\\\/index.php\\\/2022\\\/02\\\/28\\\/se-perfila-malvaez-a-la-fiscalia\\\/\"]}]},{\"@type\":\"ImageObject\",\"inLanguage\":\"es\",\"@id\":\"https:\\\/\\\/expressometro.mx\\\/index.php\\\/2022\\\/02\\\/28\\\/se-perfila-malvaez-a-la-fiscalia\\\/#primaryimage\",\"url\":\"https:\\\/\\\/expressometro.mx\\\/wp-content\\\/uploads\\\/2022\\\/02\\\/WhatsApp-Image-2022-02-28-at-10.21.08-AM.jpeg\",\"contentUrl\":\"https:\\\/\\\/expressometro.mx\\\/wp-content\\\/uploads\\\/2022\\\/02\\\/WhatsApp-Image-2022-02-28-at-10.21.08-AM.jpeg\",\"width\":1024,\"height\":576},{\"@type\":\"BreadcrumbList\",\"@id\":\"https:\\\/\\\/expressometro.mx\\\/index.php\\\/2022\\\/02\\\/28\\\/se-perfila-malvaez-a-la-fiscalia\\\/#breadcrumb\",\"itemListElement\":[{\"@type\":\"ListItem\",\"position\":1,\"name\":\"Inicio\",\"item\":\"https:\\\/\\\/expressometro.mx\\\/\"},{\"@type\":\"ListItem\",\"position\":2,\"name\":\"SE PERFILA MALVAEZ A LA FISCAL\u00cdA\"}]},{\"@type\":\"WebSite\",\"@id\":\"https:\\\/\\\/expressometro.mx\\\/#website\",\"url\":\"https:\\\/\\\/expressometro.mx\\\/\",\"name\":\"Expresso Metropolitano\",\"description\":\"Periodismo comprometido, informaci\u00f3n, investigaci\u00f3n y an\u00e1lisis\",\"publisher\":{\"@id\":\"https:\\\/\\\/expressometro.mx\\\/#organization\"},\"potentialAction\":[{\"@type\":\"SearchAction\",\"target\":{\"@type\":\"EntryPoint\",\"urlTemplate\":\"https:\\\/\\\/expressometro.mx\\\/?s={search_term_string}\"},\"query-input\":{\"@type\":\"PropertyValueSpecification\",\"valueRequired\":true,\"valueName\":\"search_term_string\"}}],\"inLanguage\":\"es\"},{\"@type\":\"Organization\",\"@id\":\"https:\\\/\\\/expressometro.mx\\\/#organization\",\"name\":\"Expresso Metropolitano\",\"url\":\"https:\\\/\\\/expressometro.mx\\\/\",\"logo\":{\"@type\":\"ImageObject\",\"inLanguage\":\"es\",\"@id\":\"https:\\\/\\\/expressometro.mx\\\/#\\\/schema\\\/logo\\\/image\\\/\",\"url\":\"https:\\\/\\\/expressometro.mx\\\/wp-content\\\/uploads\\\/2019\\\/07\\\/cropped-Logo-Expresso-Metropolitano-1-1.jpeg\",\"contentUrl\":\"https:\\\/\\\/expressometro.mx\\\/wp-content\\\/uploads\\\/2019\\\/07\\\/cropped-Logo-Expresso-Metropolitano-1-1.jpeg\",\"width\":290,\"height\":73,\"caption\":\"Expresso Metropolitano\"},\"image\":{\"@id\":\"https:\\\/\\\/expressometro.mx\\\/#\\\/schema\\\/logo\\\/image\\\/\"}},{\"@type\":\"Person\",\"@id\":\"https:\\\/\\\/expressometro.mx\\\/#\\\/schema\\\/person\\\/67a95b8e3862085c7598f66237488f1f\",\"name\":\"Cecilia Vega\",\"image\":{\"@type\":\"ImageObject\",\"inLanguage\":\"es\",\"@id\":\"https:\\\/\\\/secure.gravatar.com\\\/avatar\\\/13aae9944ab2ee472a9e407c9487fdbd03b049abaa559af32fe5dbcf615c981b?s=96&d=mm&r=g\",\"url\":\"https:\\\/\\\/secure.gravatar.com\\\/avatar\\\/13aae9944ab2ee472a9e407c9487fdbd03b049abaa559af32fe5dbcf615c981b?s=96&d=mm&r=g\",\"contentUrl\":\"https:\\\/\\\/secure.gravatar.com\\\/avatar\\\/13aae9944ab2ee472a9e407c9487fdbd03b049abaa559af32fe5dbcf615c981b?s=96&d=mm&r=g\",\"caption\":\"Cecilia Vega\"},\"url\":\"https:\\\/\\\/expressometro.mx\\\/index.php\\\/author\\\/cecilia-vega\\\/\"}]}<\/script>\n<!-- \/ Yoast SEO plugin. -->","yoast_head_json":{"title":"SE PERFILA MALVAEZ A LA FISCAL\u00cdA - Expresso Metropolitano","robots":{"index":"index","follow":"follow","max-snippet":"max-snippet:-1","max-image-preview":"max-image-preview:large","max-video-preview":"max-video-preview:-1"},"canonical":"https:\/\/expressometro.mx\/index.php\/2022\/02\/28\/se-perfila-malvaez-a-la-fiscalia\/","og_locale":"es_MX","og_type":"article","og_title":"SE PERFILA MALVAEZ A LA FISCAL\u00cdA - Expresso Metropolitano","og_description":"Jorge Malv\u00e1ez Rodr\u00edguez se perfila como titular de la Fiscal\u00eda General de Justicia del Estado de M\u00e9xico por su trayectoria y su profesionalismo ejercido durante los \u00faltimos 30 a\u00f1os.","og_url":"https:\/\/expressometro.mx\/index.php\/2022\/02\/28\/se-perfila-malvaez-a-la-fiscalia\/","og_site_name":"Expresso Metropolitano","article_published_time":"2022-02-28T16:34:13+00:00","article_modified_time":"2022-02-28T16:34:14+00:00","og_image":[{"width":1024,"height":576,"url":"http:\/\/expressometro.mx\/wp-content\/uploads\/2022\/02\/WhatsApp-Image-2022-02-28-at-10.21.08-AM.jpeg","type":"image\/jpeg"}],"author":"Cecilia Vega","twitter_misc":{"Escrito por":"Cecilia Vega","Tiempo de lectura":"3 minutos"},"schema":{"@context":"https:\/\/schema.org","@graph":[{"@type":"Article","@id":"https:\/\/expressometro.mx\/index.php\/2022\/02\/28\/se-perfila-malvaez-a-la-fiscalia\/#article","isPartOf":{"@id":"https:\/\/expressometro.mx\/index.php\/2022\/02\/28\/se-perfila-malvaez-a-la-fiscalia\/"},"author":{"name":"Cecilia Vega","@id":"https:\/\/expressometro.mx\/#\/schema\/person\/67a95b8e3862085c7598f66237488f1f"},"headline":"SE PERFILA MALVAEZ A LA FISCAL\u00cdA","datePublished":"2022-02-28T16:34:13+00:00","dateModified":"2022-02-28T16:34:14+00:00","mainEntityOfPage":{"@id":"https:\/\/expressometro.mx\/index.php\/2022\/02\/28\/se-perfila-malvaez-a-la-fiscalia\/"},"wordCount":568,"commentCount":0,"publisher":{"@id":"https:\/\/expressometro.mx\/#organization"},"image":{"@id":"https:\/\/expressometro.mx\/index.php\/2022\/02\/28\/se-perfila-malvaez-a-la-fiscalia\/#primaryimage"},"thumbnailUrl":"https:\/\/expressometro.mx\/wp-content\/uploads\/2022\/02\/WhatsApp-Image-2022-02-28-at-10.21.08-AM.jpeg","keywords":["Fiscal\u00eda General","Jorge Malvaez"],"articleSection":["Gobierno"],"inLanguage":"es","potentialAction":[{"@type":"CommentAction","name":"Comment","target":["https:\/\/expressometro.mx\/index.php\/2022\/02\/28\/se-perfila-malvaez-a-la-fiscalia\/#respond"]}]},{"@type":"WebPage","@id":"https:\/\/expressometro.mx\/index.php\/2022\/02\/28\/se-perfila-malvaez-a-la-fiscalia\/","url":"https:\/\/expressometro.mx\/index.php\/2022\/02\/28\/se-perfila-malvaez-a-la-fiscalia\/","name":"SE PERFILA MALVAEZ A LA FISCAL\u00cdA - Expresso Metropolitano","isPartOf":{"@id":"https:\/\/expressometro.mx\/#website"},"primaryImageOfPage":{"@id":"https:\/\/expressometro.mx\/index.php\/2022\/02\/28\/se-perfila-malvaez-a-la-fiscalia\/#primaryimage"},"image":{"@id":"https:\/\/expressometro.mx\/index.php\/2022\/02\/28\/se-perfila-malvaez-a-la-fiscalia\/#primaryimage"},"thumbnailUrl":"https:\/\/expressometro.mx\/wp-content\/uploads\/2022\/02\/WhatsApp-Image-2022-02-28-at-10.21.08-AM.jpeg","datePublished":"2022-02-28T16:34:13+00:00","dateModified":"2022-02-28T16:34:14+00:00","breadcrumb":{"@id":"https:\/\/expressometro.mx\/index.php\/2022\/02\/28\/se-perfila-malvaez-a-la-fiscalia\/#breadcrumb"},"inLanguage":"es","potentialAction":[{"@type":"ReadAction","target":["https:\/\/expressometro.mx\/index.php\/2022\/02\/28\/se-perfila-malvaez-a-la-fiscalia\/"]}]},{"@type":"ImageObject","inLanguage":"es","@id":"https:\/\/expressometro.mx\/index.php\/2022\/02\/28\/se-perfila-malvaez-a-la-fiscalia\/#primaryimage","url":"https:\/\/expressometro.mx\/wp-content\/uploads\/2022\/02\/WhatsApp-Image-2022-02-28-at-10.21.08-AM.jpeg","contentUrl":"https:\/\/expressometro.mx\/wp-content\/uploads\/2022\/02\/WhatsApp-Image-2022-02-28-at-10.21.08-AM.jpeg","width":1024,"height":576},{"@type":"BreadcrumbList","@id":"https:\/\/expressometro.mx\/index.php\/2022\/02\/28\/se-perfila-malvaez-a-la-fiscalia\/#breadcrumb","itemListElement":[{"@type":"ListItem","position":1,"name":"Inicio","item":"https:\/\/expressometro.mx\/"},{"@type":"ListItem","position":2,"name":"SE PERFILA MALVAEZ A LA FISCAL\u00cdA"}]},{"@type":"WebSite","@id":"https:\/\/expressometro.mx\/#website","url":"https:\/\/expressometro.mx\/","name":"Expresso Metropolitano","description":"Periodismo comprometido, informaci\u00f3n, investigaci\u00f3n y an\u00e1lisis","publisher":{"@id":"https:\/\/expressometro.mx\/#organization"},"potentialAction":[{"@type":"SearchAction","target":{"@type":"EntryPoint","urlTemplate":"https:\/\/expressometro.mx\/?s={search_term_string}"},"query-input":{"@type":"PropertyValueSpecification","valueRequired":true,"valueName":"search_term_string"}}],"inLanguage":"es"},{"@type":"Organization","@id":"https:\/\/expressometro.mx\/#organization","name":"Expresso Metropolitano","url":"https:\/\/expressometro.mx\/","logo":{"@type":"ImageObject","inLanguage":"es","@id":"https:\/\/expressometro.mx\/#\/schema\/logo\/image\/","url":"https:\/\/expressometro.mx\/wp-content\/uploads\/2019\/07\/cropped-Logo-Expresso-Metropolitano-1-1.jpeg","contentUrl":"https:\/\/expressometro.mx\/wp-content\/uploads\/2019\/07\/cropped-Logo-Expresso-Metropolitano-1-1.jpeg","width":290,"height":73,"caption":"Expresso Metropolitano"},"image":{"@id":"https:\/\/expressometro.mx\/#\/schema\/logo\/image\/"}},{"@type":"Person","@id":"https:\/\/expressometro.mx\/#\/schema\/person\/67a95b8e3862085c7598f66237488f1f","name":"Cecilia Vega","image":{"@type":"ImageObject","inLanguage":"es","@id":"https:\/\/secure.gravatar.com\/avatar\/13aae9944ab2ee472a9e407c9487fdbd03b049abaa559af32fe5dbcf615c981b?s=96&d=mm&r=g","url":"https:\/\/secure.gravatar.com\/avatar\/13aae9944ab2ee472a9e407c9487fdbd03b049abaa559af32fe5dbcf615c981b?s=96&d=mm&r=g","contentUrl":"https:\/\/secure.gravatar.com\/avatar\/13aae9944ab2ee472a9e407c9487fdbd03b049abaa559af32fe5dbcf615c981b?s=96&d=mm&r=g","caption":"Cecilia Vega"},"url":"https:\/\/expressometro.mx\/index.php\/author\/cecilia-vega\/"}]}},"amp_enabled":true,"_links":{"self":[{"href":"https:\/\/expressometro.mx\/index.php\/wp-json\/wp\/v2\/posts\/5267","targetHints":{"allow":["GET"]}}],"collection":[{"href":"https:\/\/expressometro.mx\/index.php\/wp-json\/wp\/v2\/posts"}],"about":[{"href":"https:\/\/expressometro.mx\/index.php\/wp-json\/wp\/v2\/types\/post"}],"author":[{"embeddable":true,"href":"https:\/\/expressometro.mx\/index.php\/wp-json\/wp\/v2\/users\/2"}],"replies":[{"embeddable":true,"href":"https:\/\/expressometro.mx\/index.php\/wp-json\/wp\/v2\/comments?post=5267"}],"version-history":[{"count":1,"href":"https:\/\/expressometro.mx\/index.php\/wp-json\/wp\/v2\/posts\/5267\/revisions"}],"predecessor-version":[{"id":5270,"href":"https:\/\/expressometro.mx\/index.php\/wp-json\/wp\/v2\/posts\/5267\/revisions\/5270"}],"wp:featuredmedia":[{"embeddable":true,"href":"https:\/\/expressometro.mx\/index.php\/wp-json\/wp\/v2\/media\/5269"}],"wp:attachment":[{"href":"https:\/\/expressometro.mx\/index.php\/wp-json\/wp\/v2\/media?parent=5267"}],"wp:term":[{"taxonomy":"category","embeddable":true,"href":"https:\/\/expressometro.mx\/index.php\/wp-json\/wp\/v2\/categories?post=5267"},{"taxonomy":"post_tag","embeddable":true,"href":"https:\/\/expressometro.mx\/index.php\/wp-json\/wp\/v2\/tags?post=5267"}],"curies":[{"name":"wp","href":"https:\/\/api.w.org\/{rel}","templated":true}]}}