{"id":5256,"date":"2022-02-21T21:26:00","date_gmt":"2022-02-22T03:26:00","guid":{"rendered":"https:\/\/expressometro.mx\/?p=5256"},"modified":"2022-02-22T21:29:01","modified_gmt":"2022-02-23T03:29:01","slug":"las-y-los-diputados-del-pri-somos-el-equilibrio-en-favor-de-las-familias-mexiquenses-elias-rescala","status":"publish","type":"post","link":"https:\/\/expressometro.mx\/index.php\/2022\/02\/21\/las-y-los-diputados-del-pri-somos-el-equilibrio-en-favor-de-las-familias-mexiquenses-elias-rescala\/","title":{"rendered":"Las y los diputados del PRI somos el equilibrio en favor de las familias mexiquenses: El\u00edas Rescala"},"content":{"rendered":"\n<p>En el PRI entendemos que la construcci\u00f3n de acuerdos en beneficio de los mexiquenses depende del di\u00e1logo y la conciliaci\u00f3n, por eso no tenemos posturas extremas, somos el equilibrio para poner en el centro del trabajo legislativo a las familias del Estado de M\u00e9xico.<\/p>\n\n\n\n<p>As\u00ed lo asegur\u00f3 El\u00edas Rescala, coordinador del grupo parlamentario del PRI, en la LXI Legislatura local, al acudir a la apertura de la Casa de Atenci\u00f3n Ciudadana de Cristina S\u00e1nchez Coronel, diputada local por el Distrito XXXIX.<\/p>\n\n\n\n<p>El diputado priista record\u00f3 que hoy los mexiquenses merecen una legislatura capaz de ponerse de acuerdo e impulsar los temas que les preocupan, por lo que reiter\u00f3 el compromiso del Revolucionario Institucional para abonar al di\u00e1logo y seguir trabajando de manera cercana con la sociedad.<\/p>\n\n\n\n<p>Por ello, reiter\u00f3 que la apertura de las Casas de Atenci\u00f3n Ciudadana de las diputadas y diputados del PRI, son reflejo de la l\u00ednea de trabajo que se ha marcado para responder a la confianza ciudadana, regresando a sus distritos para sumarse a los esfuerzos comunitarios.<\/p>\n\n\n\n<p>El\u00edas Rescala reconoci\u00f3 que la Casa de Atenci\u00f3n Ciudadana que atender\u00e1 a familias de 10 municipios de esta regi\u00f3n de la entidad est\u00e9 ubicada en el Comit\u00e9 Municipal del PRI, ya que esto, dijo, permite que el partido convoque a m\u00e1s gente y que se den cuenta de que los priistas si trabajan.<\/p>\n\n\n\n<p>El coordinador de los legisladores del PRI reiter\u00f3 el compromiso de que las y los diputados del Revolucionario Institucional, habr\u00e1n de trabajar en unidad para fortalecer al partido de cara a las pr\u00f3ximas elecciones.<\/p>\n\n\n\n<p>En su oportunidad, la diputada Cristina S\u00e1nchez Coronel, diputada local por el Distrito XXXIX, afirm\u00f3 que a trav\u00e9s de esta Casa de Atenci\u00f3n Ciudadana, se estrechar\u00e1 el contacto con las familias de esta regi\u00f3n, para poder llevar sus principales demandas a la Legislatura local, desde donde se trabaja para fortalecer los programas sociales del gobernador Alfredo Del Mazo.<\/p>\n\n\n\n<p>Hoy refrendamos el compromiso que hicimos durante campa\u00f1a puerta por puerta, de ser legisladores cercanos, que regresan a sus distritos para cumplir con trabajo, sostuvo.<\/p>\n\n\n\n<p>Finalmente agradeci\u00f3 el respaldo de sus compa\u00f1eras y compa\u00f1eros de bancada, quienes, coordinados por El\u00edas Rescala, han sabido conciliar y tender puentes de di\u00e1logo con las diferentes fracciones parlamentarias en beneficio de los mexiquenses.<\/p>\n\n\n\n<p>A este evento acudieron tambi\u00e9n las diputadas Isabel S\u00e1nchez Holgu\u00edn, Karla Aguilar, Gretel Gonz\u00e1lez, Ana Karen Guadarrama, as\u00ed como Roc\u00edo D\u00edaz Montoya, secretaria de Gesti\u00f3n Social del CDE del PRI en el Estado de M\u00e9xico, y los diputados Enrique Jacob, Braulio \u00c1lvarez, Alfredo Quiroz, Iv\u00e1n Esquer, Mario Santana y Jaime Cervantes.<\/p>\n","protected":false},"excerpt":{"rendered":"<p>As\u00ed lo asegur\u00f3 El\u00edas Rescala, coordinador del grupo parlamentario del PRI, en la LXI Legislatura local, al acudir a la apertura de la Casa de Atenci\u00f3n Ciudadana de Cristina S\u00e1nchez Coronel, diputada local por el Distrito XXXIX.<\/p>\n","protected":false},"author":2,"featured_media":5258,"comment_status":"open","ping_status":"open","sticky":false,"template":"","format":"standard","meta":{"footnotes":""},"categories":[3],"tags":[831,158],"class_list":["post-5256","post","type-post","status-publish","format-standard","has-post-thumbnail","hentry","category-gobierno","tag-elias-rescala","tag-pri"],"yoast_head":"<!-- This site is optimized with the Yoast SEO plugin v27.4 - https:\/\/yoast.com\/product\/yoast-seo-wordpress\/ -->\n<title>Las y los diputados del PRI somos el equilibrio en favor de las familias mexiquenses: El\u00edas Rescala - Expresso Metropolitano<\/title>\n<meta name=\"robots\" content=\"index, follow, max-snippet:-1, max-image-preview:large, max-video-preview:-1\" \/>\n<link rel=\"canonical\" href=\"https:\/\/expressometro.mx\/index.php\/2022\/02\/21\/las-y-los-diputados-del-pri-somos-el-equilibrio-en-favor-de-las-familias-mexiquenses-elias-rescala\/\" \/>\n<meta property=\"og:locale\" content=\"es_MX\" \/>\n<meta property=\"og:type\" content=\"article\" \/>\n<meta property=\"og:title\" content=\"Las y los diputados del PRI somos el equilibrio en favor de las familias mexiquenses: El\u00edas Rescala - Expresso Metropolitano\" \/>\n<meta property=\"og:description\" content=\"As\u00ed lo asegur\u00f3 El\u00edas Rescala, coordinador del grupo parlamentario del PRI, en la LXI Legislatura local, al acudir a la apertura de la Casa de Atenci\u00f3n Ciudadana de Cristina S\u00e1nchez Coronel, diputada local por el Distrito XXXIX.\" \/>\n<meta property=\"og:url\" content=\"https:\/\/expressometro.mx\/index.php\/2022\/02\/21\/las-y-los-diputados-del-pri-somos-el-equilibrio-en-favor-de-las-familias-mexiquenses-elias-rescala\/\" \/>\n<meta property=\"og:site_name\" content=\"Expresso Metropolitano\" \/>\n<meta property=\"article:published_time\" content=\"2022-02-22T03:26:00+00:00\" \/>\n<meta property=\"article:modified_time\" content=\"2022-02-23T03:29:01+00:00\" \/>\n<meta property=\"og:image\" content=\"http:\/\/expressometro.mx\/wp-content\/uploads\/2022\/02\/WhatsApp-Image-2022-02-20-at-5.09.03-PM.jpeg\" \/>\n\t<meta property=\"og:image:width\" content=\"1560\" \/>\n\t<meta property=\"og:image:height\" content=\"1040\" \/>\n\t<meta property=\"og:image:type\" content=\"image\/jpeg\" \/>\n<meta name=\"author\" content=\"Cecilia Vega\" \/>\n<meta name=\"twitter:label1\" content=\"Escrito por\" \/>\n\t<meta name=\"twitter:data1\" content=\"Cecilia Vega\" \/>\n\t<meta name=\"twitter:label2\" content=\"Tiempo de lectura\" \/>\n\t<meta name=\"twitter:data2\" content=\"2 minutos\" \/>\n<script type=\"application\/ld+json\" class=\"yoast-schema-graph\">{\"@context\":\"https:\\\/\\\/schema.org\",\"@graph\":[{\"@type\":\"Article\",\"@id\":\"https:\\\/\\\/expressometro.mx\\\/index.php\\\/2022\\\/02\\\/21\\\/las-y-los-diputados-del-pri-somos-el-equilibrio-en-favor-de-las-familias-mexiquenses-elias-rescala\\\/#article\",\"isPartOf\":{\"@id\":\"https:\\\/\\\/expressometro.mx\\\/index.php\\\/2022\\\/02\\\/21\\\/las-y-los-diputados-del-pri-somos-el-equilibrio-en-favor-de-las-familias-mexiquenses-elias-rescala\\\/\"},\"author\":{\"name\":\"Cecilia Vega\",\"@id\":\"https:\\\/\\\/expressometro.mx\\\/#\\\/schema\\\/person\\\/67a95b8e3862085c7598f66237488f1f\"},\"headline\":\"Las y los diputados del PRI somos el equilibrio en favor de las familias mexiquenses: El\u00edas Rescala\",\"datePublished\":\"2022-02-22T03:26:00+00:00\",\"dateModified\":\"2022-02-23T03:29:01+00:00\",\"mainEntityOfPage\":{\"@id\":\"https:\\\/\\\/expressometro.mx\\\/index.php\\\/2022\\\/02\\\/21\\\/las-y-los-diputados-del-pri-somos-el-equilibrio-en-favor-de-las-familias-mexiquenses-elias-rescala\\\/\"},\"wordCount\":478,\"commentCount\":0,\"publisher\":{\"@id\":\"https:\\\/\\\/expressometro.mx\\\/#organization\"},\"image\":{\"@id\":\"https:\\\/\\\/expressometro.mx\\\/index.php\\\/2022\\\/02\\\/21\\\/las-y-los-diputados-del-pri-somos-el-equilibrio-en-favor-de-las-familias-mexiquenses-elias-rescala\\\/#primaryimage\"},\"thumbnailUrl\":\"https:\\\/\\\/expressometro.mx\\\/wp-content\\\/uploads\\\/2022\\\/02\\\/WhatsApp-Image-2022-02-20-at-5.09.03-PM.jpeg\",\"keywords\":[\"El\u00edas Rescala\",\"PRI\"],\"articleSection\":[\"Gobierno\"],\"inLanguage\":\"es\",\"potentialAction\":[{\"@type\":\"CommentAction\",\"name\":\"Comment\",\"target\":[\"https:\\\/\\\/expressometro.mx\\\/index.php\\\/2022\\\/02\\\/21\\\/las-y-los-diputados-del-pri-somos-el-equilibrio-en-favor-de-las-familias-mexiquenses-elias-rescala\\\/#respond\"]}]},{\"@type\":\"WebPage\",\"@id\":\"https:\\\/\\\/expressometro.mx\\\/index.php\\\/2022\\\/02\\\/21\\\/las-y-los-diputados-del-pri-somos-el-equilibrio-en-favor-de-las-familias-mexiquenses-elias-rescala\\\/\",\"url\":\"https:\\\/\\\/expressometro.mx\\\/index.php\\\/2022\\\/02\\\/21\\\/las-y-los-diputados-del-pri-somos-el-equilibrio-en-favor-de-las-familias-mexiquenses-elias-rescala\\\/\",\"name\":\"Las y los diputados del PRI somos el equilibrio en favor de las familias mexiquenses: El\u00edas Rescala - Expresso Metropolitano\",\"isPartOf\":{\"@id\":\"https:\\\/\\\/expressometro.mx\\\/#website\"},\"primaryImageOfPage\":{\"@id\":\"https:\\\/\\\/expressometro.mx\\\/index.php\\\/2022\\\/02\\\/21\\\/las-y-los-diputados-del-pri-somos-el-equilibrio-en-favor-de-las-familias-mexiquenses-elias-rescala\\\/#primaryimage\"},\"image\":{\"@id\":\"https:\\\/\\\/expressometro.mx\\\/index.php\\\/2022\\\/02\\\/21\\\/las-y-los-diputados-del-pri-somos-el-equilibrio-en-favor-de-las-familias-mexiquenses-elias-rescala\\\/#primaryimage\"},\"thumbnailUrl\":\"https:\\\/\\\/expressometro.mx\\\/wp-content\\\/uploads\\\/2022\\\/02\\\/WhatsApp-Image-2022-02-20-at-5.09.03-PM.jpeg\",\"datePublished\":\"2022-02-22T03:26:00+00:00\",\"dateModified\":\"2022-02-23T03:29:01+00:00\",\"breadcrumb\":{\"@id\":\"https:\\\/\\\/expressometro.mx\\\/index.php\\\/2022\\\/02\\\/21\\\/las-y-los-diputados-del-pri-somos-el-equilibrio-en-favor-de-las-familias-mexiquenses-elias-rescala\\\/#breadcrumb\"},\"inLanguage\":\"es\",\"potentialAction\":[{\"@type\":\"ReadAction\",\"target\":[\"https:\\\/\\\/expressometro.mx\\\/index.php\\\/2022\\\/02\\\/21\\\/las-y-los-diputados-del-pri-somos-el-equilibrio-en-favor-de-las-familias-mexiquenses-elias-rescala\\\/\"]}]},{\"@type\":\"ImageObject\",\"inLanguage\":\"es\",\"@id\":\"https:\\\/\\\/expressometro.mx\\\/index.php\\\/2022\\\/02\\\/21\\\/las-y-los-diputados-del-pri-somos-el-equilibrio-en-favor-de-las-familias-mexiquenses-elias-rescala\\\/#primaryimage\",\"url\":\"https:\\\/\\\/expressometro.mx\\\/wp-content\\\/uploads\\\/2022\\\/02\\\/WhatsApp-Image-2022-02-20-at-5.09.03-PM.jpeg\",\"contentUrl\":\"https:\\\/\\\/expressometro.mx\\\/wp-content\\\/uploads\\\/2022\\\/02\\\/WhatsApp-Image-2022-02-20-at-5.09.03-PM.jpeg\",\"width\":1560,\"height\":1040},{\"@type\":\"BreadcrumbList\",\"@id\":\"https:\\\/\\\/expressometro.mx\\\/index.php\\\/2022\\\/02\\\/21\\\/las-y-los-diputados-del-pri-somos-el-equilibrio-en-favor-de-las-familias-mexiquenses-elias-rescala\\\/#breadcrumb\",\"itemListElement\":[{\"@type\":\"ListItem\",\"position\":1,\"name\":\"Inicio\",\"item\":\"https:\\\/\\\/expressometro.mx\\\/\"},{\"@type\":\"ListItem\",\"position\":2,\"name\":\"Las y los diputados del PRI somos el equilibrio en favor de las familias mexiquenses: El\u00edas Rescala\"}]},{\"@type\":\"WebSite\",\"@id\":\"https:\\\/\\\/expressometro.mx\\\/#website\",\"url\":\"https:\\\/\\\/expressometro.mx\\\/\",\"name\":\"Expresso Metropolitano\",\"description\":\"Periodismo comprometido, informaci\u00f3n, investigaci\u00f3n y an\u00e1lisis\",\"publisher\":{\"@id\":\"https:\\\/\\\/expressometro.mx\\\/#organization\"},\"potentialAction\":[{\"@type\":\"SearchAction\",\"target\":{\"@type\":\"EntryPoint\",\"urlTemplate\":\"https:\\\/\\\/expressometro.mx\\\/?s={search_term_string}\"},\"query-input\":{\"@type\":\"PropertyValueSpecification\",\"valueRequired\":true,\"valueName\":\"search_term_string\"}}],\"inLanguage\":\"es\"},{\"@type\":\"Organization\",\"@id\":\"https:\\\/\\\/expressometro.mx\\\/#organization\",\"name\":\"Expresso Metropolitano\",\"url\":\"https:\\\/\\\/expressometro.mx\\\/\",\"logo\":{\"@type\":\"ImageObject\",\"inLanguage\":\"es\",\"@id\":\"https:\\\/\\\/expressometro.mx\\\/#\\\/schema\\\/logo\\\/image\\\/\",\"url\":\"https:\\\/\\\/expressometro.mx\\\/wp-content\\\/uploads\\\/2019\\\/07\\\/cropped-Logo-Expresso-Metropolitano-1-1.jpeg\",\"contentUrl\":\"https:\\\/\\\/expressometro.mx\\\/wp-content\\\/uploads\\\/2019\\\/07\\\/cropped-Logo-Expresso-Metropolitano-1-1.jpeg\",\"width\":290,\"height\":73,\"caption\":\"Expresso Metropolitano\"},\"image\":{\"@id\":\"https:\\\/\\\/expressometro.mx\\\/#\\\/schema\\\/logo\\\/image\\\/\"}},{\"@type\":\"Person\",\"@id\":\"https:\\\/\\\/expressometro.mx\\\/#\\\/schema\\\/person\\\/67a95b8e3862085c7598f66237488f1f\",\"name\":\"Cecilia Vega\",\"image\":{\"@type\":\"ImageObject\",\"inLanguage\":\"es\",\"@id\":\"https:\\\/\\\/secure.gravatar.com\\\/avatar\\\/13aae9944ab2ee472a9e407c9487fdbd03b049abaa559af32fe5dbcf615c981b?s=96&d=mm&r=g\",\"url\":\"https:\\\/\\\/secure.gravatar.com\\\/avatar\\\/13aae9944ab2ee472a9e407c9487fdbd03b049abaa559af32fe5dbcf615c981b?s=96&d=mm&r=g\",\"contentUrl\":\"https:\\\/\\\/secure.gravatar.com\\\/avatar\\\/13aae9944ab2ee472a9e407c9487fdbd03b049abaa559af32fe5dbcf615c981b?s=96&d=mm&r=g\",\"caption\":\"Cecilia Vega\"},\"url\":\"https:\\\/\\\/expressometro.mx\\\/index.php\\\/author\\\/cecilia-vega\\\/\"}]}<\/script>\n<!-- \/ Yoast SEO plugin. -->","yoast_head_json":{"title":"Las y los diputados del PRI somos el equilibrio en favor de las familias mexiquenses: El\u00edas Rescala - Expresso Metropolitano","robots":{"index":"index","follow":"follow","max-snippet":"max-snippet:-1","max-image-preview":"max-image-preview:large","max-video-preview":"max-video-preview:-1"},"canonical":"https:\/\/expressometro.mx\/index.php\/2022\/02\/21\/las-y-los-diputados-del-pri-somos-el-equilibrio-en-favor-de-las-familias-mexiquenses-elias-rescala\/","og_locale":"es_MX","og_type":"article","og_title":"Las y los diputados del PRI somos el equilibrio en favor de las familias mexiquenses: El\u00edas Rescala - Expresso Metropolitano","og_description":"As\u00ed lo asegur\u00f3 El\u00edas Rescala, coordinador del grupo parlamentario del PRI, en la LXI Legislatura local, al acudir a la apertura de la Casa de Atenci\u00f3n Ciudadana de Cristina S\u00e1nchez Coronel, diputada local por el Distrito XXXIX.","og_url":"https:\/\/expressometro.mx\/index.php\/2022\/02\/21\/las-y-los-diputados-del-pri-somos-el-equilibrio-en-favor-de-las-familias-mexiquenses-elias-rescala\/","og_site_name":"Expresso Metropolitano","article_published_time":"2022-02-22T03:26:00+00:00","article_modified_time":"2022-02-23T03:29:01+00:00","og_image":[{"width":1560,"height":1040,"url":"http:\/\/expressometro.mx\/wp-content\/uploads\/2022\/02\/WhatsApp-Image-2022-02-20-at-5.09.03-PM.jpeg","type":"image\/jpeg"}],"author":"Cecilia Vega","twitter_misc":{"Escrito por":"Cecilia Vega","Tiempo de lectura":"2 minutos"},"schema":{"@context":"https:\/\/schema.org","@graph":[{"@type":"Article","@id":"https:\/\/expressometro.mx\/index.php\/2022\/02\/21\/las-y-los-diputados-del-pri-somos-el-equilibrio-en-favor-de-las-familias-mexiquenses-elias-rescala\/#article","isPartOf":{"@id":"https:\/\/expressometro.mx\/index.php\/2022\/02\/21\/las-y-los-diputados-del-pri-somos-el-equilibrio-en-favor-de-las-familias-mexiquenses-elias-rescala\/"},"author":{"name":"Cecilia Vega","@id":"https:\/\/expressometro.mx\/#\/schema\/person\/67a95b8e3862085c7598f66237488f1f"},"headline":"Las y los diputados del PRI somos el equilibrio en favor de las familias mexiquenses: El\u00edas Rescala","datePublished":"2022-02-22T03:26:00+00:00","dateModified":"2022-02-23T03:29:01+00:00","mainEntityOfPage":{"@id":"https:\/\/expressometro.mx\/index.php\/2022\/02\/21\/las-y-los-diputados-del-pri-somos-el-equilibrio-en-favor-de-las-familias-mexiquenses-elias-rescala\/"},"wordCount":478,"commentCount":0,"publisher":{"@id":"https:\/\/expressometro.mx\/#organization"},"image":{"@id":"https:\/\/expressometro.mx\/index.php\/2022\/02\/21\/las-y-los-diputados-del-pri-somos-el-equilibrio-en-favor-de-las-familias-mexiquenses-elias-rescala\/#primaryimage"},"thumbnailUrl":"https:\/\/expressometro.mx\/wp-content\/uploads\/2022\/02\/WhatsApp-Image-2022-02-20-at-5.09.03-PM.jpeg","keywords":["El\u00edas Rescala","PRI"],"articleSection":["Gobierno"],"inLanguage":"es","potentialAction":[{"@type":"CommentAction","name":"Comment","target":["https:\/\/expressometro.mx\/index.php\/2022\/02\/21\/las-y-los-diputados-del-pri-somos-el-equilibrio-en-favor-de-las-familias-mexiquenses-elias-rescala\/#respond"]}]},{"@type":"WebPage","@id":"https:\/\/expressometro.mx\/index.php\/2022\/02\/21\/las-y-los-diputados-del-pri-somos-el-equilibrio-en-favor-de-las-familias-mexiquenses-elias-rescala\/","url":"https:\/\/expressometro.mx\/index.php\/2022\/02\/21\/las-y-los-diputados-del-pri-somos-el-equilibrio-en-favor-de-las-familias-mexiquenses-elias-rescala\/","name":"Las y los diputados del PRI somos el equilibrio en favor de las familias mexiquenses: El\u00edas Rescala - Expresso Metropolitano","isPartOf":{"@id":"https:\/\/expressometro.mx\/#website"},"primaryImageOfPage":{"@id":"https:\/\/expressometro.mx\/index.php\/2022\/02\/21\/las-y-los-diputados-del-pri-somos-el-equilibrio-en-favor-de-las-familias-mexiquenses-elias-rescala\/#primaryimage"},"image":{"@id":"https:\/\/expressometro.mx\/index.php\/2022\/02\/21\/las-y-los-diputados-del-pri-somos-el-equilibrio-en-favor-de-las-familias-mexiquenses-elias-rescala\/#primaryimage"},"thumbnailUrl":"https:\/\/expressometro.mx\/wp-content\/uploads\/2022\/02\/WhatsApp-Image-2022-02-20-at-5.09.03-PM.jpeg","datePublished":"2022-02-22T03:26:00+00:00","dateModified":"2022-02-23T03:29:01+00:00","breadcrumb":{"@id":"https:\/\/expressometro.mx\/index.php\/2022\/02\/21\/las-y-los-diputados-del-pri-somos-el-equilibrio-en-favor-de-las-familias-mexiquenses-elias-rescala\/#breadcrumb"},"inLanguage":"es","potentialAction":[{"@type":"ReadAction","target":["https:\/\/expressometro.mx\/index.php\/2022\/02\/21\/las-y-los-diputados-del-pri-somos-el-equilibrio-en-favor-de-las-familias-mexiquenses-elias-rescala\/"]}]},{"@type":"ImageObject","inLanguage":"es","@id":"https:\/\/expressometro.mx\/index.php\/2022\/02\/21\/las-y-los-diputados-del-pri-somos-el-equilibrio-en-favor-de-las-familias-mexiquenses-elias-rescala\/#primaryimage","url":"https:\/\/expressometro.mx\/wp-content\/uploads\/2022\/02\/WhatsApp-Image-2022-02-20-at-5.09.03-PM.jpeg","contentUrl":"https:\/\/expressometro.mx\/wp-content\/uploads\/2022\/02\/WhatsApp-Image-2022-02-20-at-5.09.03-PM.jpeg","width":1560,"height":1040},{"@type":"BreadcrumbList","@id":"https:\/\/expressometro.mx\/index.php\/2022\/02\/21\/las-y-los-diputados-del-pri-somos-el-equilibrio-en-favor-de-las-familias-mexiquenses-elias-rescala\/#breadcrumb","itemListElement":[{"@type":"ListItem","position":1,"name":"Inicio","item":"https:\/\/expressometro.mx\/"},{"@type":"ListItem","position":2,"name":"Las y los diputados del PRI somos el equilibrio en favor de las familias mexiquenses: El\u00edas Rescala"}]},{"@type":"WebSite","@id":"https:\/\/expressometro.mx\/#website","url":"https:\/\/expressometro.mx\/","name":"Expresso Metropolitano","description":"Periodismo comprometido, informaci\u00f3n, investigaci\u00f3n y an\u00e1lisis","publisher":{"@id":"https:\/\/expressometro.mx\/#organization"},"potentialAction":[{"@type":"SearchAction","target":{"@type":"EntryPoint","urlTemplate":"https:\/\/expressometro.mx\/?s={search_term_string}"},"query-input":{"@type":"PropertyValueSpecification","valueRequired":true,"valueName":"search_term_string"}}],"inLanguage":"es"},{"@type":"Organization","@id":"https:\/\/expressometro.mx\/#organization","name":"Expresso Metropolitano","url":"https:\/\/expressometro.mx\/","logo":{"@type":"ImageObject","inLanguage":"es","@id":"https:\/\/expressometro.mx\/#\/schema\/logo\/image\/","url":"https:\/\/expressometro.mx\/wp-content\/uploads\/2019\/07\/cropped-Logo-Expresso-Metropolitano-1-1.jpeg","contentUrl":"https:\/\/expressometro.mx\/wp-content\/uploads\/2019\/07\/cropped-Logo-Expresso-Metropolitano-1-1.jpeg","width":290,"height":73,"caption":"Expresso Metropolitano"},"image":{"@id":"https:\/\/expressometro.mx\/#\/schema\/logo\/image\/"}},{"@type":"Person","@id":"https:\/\/expressometro.mx\/#\/schema\/person\/67a95b8e3862085c7598f66237488f1f","name":"Cecilia Vega","image":{"@type":"ImageObject","inLanguage":"es","@id":"https:\/\/secure.gravatar.com\/avatar\/13aae9944ab2ee472a9e407c9487fdbd03b049abaa559af32fe5dbcf615c981b?s=96&d=mm&r=g","url":"https:\/\/secure.gravatar.com\/avatar\/13aae9944ab2ee472a9e407c9487fdbd03b049abaa559af32fe5dbcf615c981b?s=96&d=mm&r=g","contentUrl":"https:\/\/secure.gravatar.com\/avatar\/13aae9944ab2ee472a9e407c9487fdbd03b049abaa559af32fe5dbcf615c981b?s=96&d=mm&r=g","caption":"Cecilia Vega"},"url":"https:\/\/expressometro.mx\/index.php\/author\/cecilia-vega\/"}]}},"amp_enabled":true,"_links":{"self":[{"href":"https:\/\/expressometro.mx\/index.php\/wp-json\/wp\/v2\/posts\/5256","targetHints":{"allow":["GET"]}}],"collection":[{"href":"https:\/\/expressometro.mx\/index.php\/wp-json\/wp\/v2\/posts"}],"about":[{"href":"https:\/\/expressometro.mx\/index.php\/wp-json\/wp\/v2\/types\/post"}],"author":[{"embeddable":true,"href":"https:\/\/expressometro.mx\/index.php\/wp-json\/wp\/v2\/users\/2"}],"replies":[{"embeddable":true,"href":"https:\/\/expressometro.mx\/index.php\/wp-json\/wp\/v2\/comments?post=5256"}],"version-history":[{"count":1,"href":"https:\/\/expressometro.mx\/index.php\/wp-json\/wp\/v2\/posts\/5256\/revisions"}],"predecessor-version":[{"id":5259,"href":"https:\/\/expressometro.mx\/index.php\/wp-json\/wp\/v2\/posts\/5256\/revisions\/5259"}],"wp:featuredmedia":[{"embeddable":true,"href":"https:\/\/expressometro.mx\/index.php\/wp-json\/wp\/v2\/media\/5258"}],"wp:attachment":[{"href":"https:\/\/expressometro.mx\/index.php\/wp-json\/wp\/v2\/media?parent=5256"}],"wp:term":[{"taxonomy":"category","embeddable":true,"href":"https:\/\/expressometro.mx\/index.php\/wp-json\/wp\/v2\/categories?post=5256"},{"taxonomy":"post_tag","embeddable":true,"href":"https:\/\/expressometro.mx\/index.php\/wp-json\/wp\/v2\/tags?post=5256"}],"curies":[{"name":"wp","href":"https:\/\/api.w.org\/{rel}","templated":true}]}}