{"id":5251,"date":"2022-02-20T21:17:00","date_gmt":"2022-02-21T03:17:00","guid":{"rendered":"https:\/\/expressometro.mx\/?p=5251"},"modified":"2022-02-22T21:25:25","modified_gmt":"2022-02-23T03:25:25","slug":"la-arquidiocesis-primada-de-mexico-hizo-un-llamado-a-quienes-integran-la-clase-politica","status":"publish","type":"post","link":"https:\/\/expressometro.mx\/index.php\/2022\/02\/20\/la-arquidiocesis-primada-de-mexico-hizo-un-llamado-a-quienes-integran-la-clase-politica\/","title":{"rendered":"La Arquidi\u00f3cesis Primada de M\u00e9xico hizo un llamado a quienes integran la clase pol\u00edtica"},"content":{"rendered":"\n<p>La Arquidi\u00f3cesis Primada de M\u00e9xico hizo un llamado a quienes integran la clase pol\u00edtica a asumir la responsabilidad moral que les confieren sus cargos, y ser tolerantes ante la diversidad de opiniones y posturas, como camino hacia el encuentro, y en favor del bien com\u00fan.<\/p>\n\n\n\n<p>As\u00ed se refiri\u00f3 en su editorial Desde la Fe sobre los acontecimientos en la C\u00e1mara de Diputados del Estado de M\u00e9xico por el pleito que protagonizaron el morenista Ariel Ju\u00e1rez y el panista Paco Santos.<\/p>\n\n\n\n<p>Nuestras c\u00e1maras de representantes, por ser entes clave para el desarrollo del pa\u00eds, deber\u00edan ser instituciones de gran prestigio moral, cuyos integrantes, en lugar de estar enfocados en objetivos partidistas, tendr\u00edan que tener siempre altura de miras para poder observar con objetividad lo que el pueblo necesita.<\/p>\n\n\n\n<p>En este sentido, es preciso se\u00f1alar que, frente a la polarizaci\u00f3n social que actualmente vivimos, m\u00e1s all\u00e1 de reformas, lo primero que el pueblo necesita es paz social, una paz que no se puede alcanzar por decreto, pero s\u00ed impulsar con el ejemplo, ya que la paz es un tema moral antes que de leyes.<\/p>\n\n\n\n<p>Los legisladores se han caracterizado m\u00e1s por las descalificaciones que por un debate mesurado que lleve a consensos. Incluso, en el Congreso local del Estado de M\u00e9xico, dos diputados de bancadas distintas se enfrentaron verbalmente y hasta amenazaron con llegar a los golpes.<\/p>\n\n\n\n<p>No debemos olvidar que la polarizaci\u00f3n social que hoy se vive en todo el pa\u00eds, es en gran medida reflejo de lo que ocurre \u201carriba\u201d con la clase pol\u00edtica, cuyos relatos, l\u00edneas de pensamiento, dogmas y enfrentamientos crean eco a lo largo y ancho de la naci\u00f3n.<\/p>\n\n\n\n<p>Los buenos tiempos para nuestra patria s\u00f3lo podr\u00e1n surgir si vivimos conforme a valores aut\u00e9nticos y profundos, como los valores del Evangelio, que en este domingo nos llama a actuar de forma distinta a la l\u00f3gica del mundo, lo cual deber\u00eda ser un principio fundamental en la esfera pol\u00edtica: \u201cAmen a sus enemigos, hagan el bien a los que los aborrecen, bendigan a quienes los maldicen y oren por quienes los difaman\u201d, puntualiz\u00f3 la editorial.<\/p>\n","protected":false},"excerpt":{"rendered":"<p>As\u00ed se refiri\u00f3 en su editorial Desde la Fe sobre los acontecimientos en la C\u00e1mara de Diputados del Estado de M\u00e9xico por el pleito que protagonizaron el morenista Ariel Ju\u00e1rez y el panista Paco Santos.<\/p>\n","protected":false},"author":2,"featured_media":5253,"comment_status":"open","ping_status":"open","sticky":false,"template":"","format":"standard","meta":{"footnotes":""},"categories":[1],"tags":[1487],"class_list":["post-5251","post","type-post","status-publish","format-standard","has-post-thumbnail","hentry","category-otros","tag-arquidiosesis"],"yoast_head":"<!-- This site is optimized with the Yoast SEO plugin v27.5 - https:\/\/yoast.com\/product\/yoast-seo-wordpress\/ -->\n<title>La Arquidi\u00f3cesis Primada de M\u00e9xico hizo un llamado a quienes integran la clase pol\u00edtica - Expresso Metropolitano<\/title>\n<meta name=\"robots\" content=\"index, follow, max-snippet:-1, max-image-preview:large, max-video-preview:-1\" \/>\n<link rel=\"canonical\" href=\"https:\/\/expressometro.mx\/index.php\/2022\/02\/20\/la-arquidiocesis-primada-de-mexico-hizo-un-llamado-a-quienes-integran-la-clase-politica\/\" \/>\n<meta property=\"og:locale\" content=\"es_MX\" \/>\n<meta property=\"og:type\" content=\"article\" \/>\n<meta property=\"og:title\" content=\"La Arquidi\u00f3cesis Primada de M\u00e9xico hizo un llamado a quienes integran la clase pol\u00edtica - Expresso Metropolitano\" \/>\n<meta property=\"og:description\" content=\"As\u00ed se refiri\u00f3 en su editorial Desde la Fe sobre los acontecimientos en la C\u00e1mara de Diputados del Estado de M\u00e9xico por el pleito que protagonizaron el morenista Ariel Ju\u00e1rez y el panista Paco Santos.\" \/>\n<meta property=\"og:url\" content=\"https:\/\/expressometro.mx\/index.php\/2022\/02\/20\/la-arquidiocesis-primada-de-mexico-hizo-un-llamado-a-quienes-integran-la-clase-politica\/\" \/>\n<meta property=\"og:site_name\" content=\"Expresso Metropolitano\" \/>\n<meta property=\"article:published_time\" content=\"2022-02-21T03:17:00+00:00\" \/>\n<meta property=\"article:modified_time\" content=\"2022-02-23T03:25:25+00:00\" \/>\n<meta property=\"og:image\" content=\"http:\/\/expressometro.mx\/wp-content\/uploads\/2022\/02\/WhatsApp-Image-2022-02-20-at-8.17.12-PM.jpeg\" \/>\n\t<meta property=\"og:image:width\" content=\"225\" \/>\n\t<meta property=\"og:image:height\" content=\"225\" \/>\n\t<meta property=\"og:image:type\" content=\"image\/jpeg\" \/>\n<meta name=\"author\" content=\"Cecilia Vega\" \/>\n<meta name=\"twitter:label1\" content=\"Escrito por\" \/>\n\t<meta name=\"twitter:data1\" content=\"Cecilia Vega\" \/>\n\t<meta name=\"twitter:label2\" content=\"Tiempo de lectura\" \/>\n\t<meta name=\"twitter:data2\" content=\"2 minutos\" \/>\n<script type=\"application\/ld+json\" class=\"yoast-schema-graph\">{\"@context\":\"https:\\\/\\\/schema.org\",\"@graph\":[{\"@type\":\"Article\",\"@id\":\"https:\\\/\\\/expressometro.mx\\\/index.php\\\/2022\\\/02\\\/20\\\/la-arquidiocesis-primada-de-mexico-hizo-un-llamado-a-quienes-integran-la-clase-politica\\\/#article\",\"isPartOf\":{\"@id\":\"https:\\\/\\\/expressometro.mx\\\/index.php\\\/2022\\\/02\\\/20\\\/la-arquidiocesis-primada-de-mexico-hizo-un-llamado-a-quienes-integran-la-clase-politica\\\/\"},\"author\":{\"name\":\"Cecilia Vega\",\"@id\":\"https:\\\/\\\/expressometro.mx\\\/#\\\/schema\\\/person\\\/67a95b8e3862085c7598f66237488f1f\"},\"headline\":\"La Arquidi\u00f3cesis Primada de M\u00e9xico hizo un llamado a quienes integran la clase pol\u00edtica\",\"datePublished\":\"2022-02-21T03:17:00+00:00\",\"dateModified\":\"2022-02-23T03:25:25+00:00\",\"mainEntityOfPage\":{\"@id\":\"https:\\\/\\\/expressometro.mx\\\/index.php\\\/2022\\\/02\\\/20\\\/la-arquidiocesis-primada-de-mexico-hizo-un-llamado-a-quienes-integran-la-clase-politica\\\/\"},\"wordCount\":391,\"commentCount\":0,\"publisher\":{\"@id\":\"https:\\\/\\\/expressometro.mx\\\/#organization\"},\"image\":{\"@id\":\"https:\\\/\\\/expressometro.mx\\\/index.php\\\/2022\\\/02\\\/20\\\/la-arquidiocesis-primada-de-mexico-hizo-un-llamado-a-quienes-integran-la-clase-politica\\\/#primaryimage\"},\"thumbnailUrl\":\"https:\\\/\\\/expressometro.mx\\\/wp-content\\\/uploads\\\/2022\\\/02\\\/WhatsApp-Image-2022-02-20-at-8.17.12-PM.jpeg\",\"keywords\":[\"Arquidi\u00f3sesis\"],\"articleSection\":[\"Otros\"],\"inLanguage\":\"es\",\"potentialAction\":[{\"@type\":\"CommentAction\",\"name\":\"Comment\",\"target\":[\"https:\\\/\\\/expressometro.mx\\\/index.php\\\/2022\\\/02\\\/20\\\/la-arquidiocesis-primada-de-mexico-hizo-un-llamado-a-quienes-integran-la-clase-politica\\\/#respond\"]}]},{\"@type\":\"WebPage\",\"@id\":\"https:\\\/\\\/expressometro.mx\\\/index.php\\\/2022\\\/02\\\/20\\\/la-arquidiocesis-primada-de-mexico-hizo-un-llamado-a-quienes-integran-la-clase-politica\\\/\",\"url\":\"https:\\\/\\\/expressometro.mx\\\/index.php\\\/2022\\\/02\\\/20\\\/la-arquidiocesis-primada-de-mexico-hizo-un-llamado-a-quienes-integran-la-clase-politica\\\/\",\"name\":\"La Arquidi\u00f3cesis Primada de M\u00e9xico hizo un llamado a quienes integran la clase pol\u00edtica - Expresso Metropolitano\",\"isPartOf\":{\"@id\":\"https:\\\/\\\/expressometro.mx\\\/#website\"},\"primaryImageOfPage\":{\"@id\":\"https:\\\/\\\/expressometro.mx\\\/index.php\\\/2022\\\/02\\\/20\\\/la-arquidiocesis-primada-de-mexico-hizo-un-llamado-a-quienes-integran-la-clase-politica\\\/#primaryimage\"},\"image\":{\"@id\":\"https:\\\/\\\/expressometro.mx\\\/index.php\\\/2022\\\/02\\\/20\\\/la-arquidiocesis-primada-de-mexico-hizo-un-llamado-a-quienes-integran-la-clase-politica\\\/#primaryimage\"},\"thumbnailUrl\":\"https:\\\/\\\/expressometro.mx\\\/wp-content\\\/uploads\\\/2022\\\/02\\\/WhatsApp-Image-2022-02-20-at-8.17.12-PM.jpeg\",\"datePublished\":\"2022-02-21T03:17:00+00:00\",\"dateModified\":\"2022-02-23T03:25:25+00:00\",\"breadcrumb\":{\"@id\":\"https:\\\/\\\/expressometro.mx\\\/index.php\\\/2022\\\/02\\\/20\\\/la-arquidiocesis-primada-de-mexico-hizo-un-llamado-a-quienes-integran-la-clase-politica\\\/#breadcrumb\"},\"inLanguage\":\"es\",\"potentialAction\":[{\"@type\":\"ReadAction\",\"target\":[\"https:\\\/\\\/expressometro.mx\\\/index.php\\\/2022\\\/02\\\/20\\\/la-arquidiocesis-primada-de-mexico-hizo-un-llamado-a-quienes-integran-la-clase-politica\\\/\"]}]},{\"@type\":\"ImageObject\",\"inLanguage\":\"es\",\"@id\":\"https:\\\/\\\/expressometro.mx\\\/index.php\\\/2022\\\/02\\\/20\\\/la-arquidiocesis-primada-de-mexico-hizo-un-llamado-a-quienes-integran-la-clase-politica\\\/#primaryimage\",\"url\":\"https:\\\/\\\/expressometro.mx\\\/wp-content\\\/uploads\\\/2022\\\/02\\\/WhatsApp-Image-2022-02-20-at-8.17.12-PM.jpeg\",\"contentUrl\":\"https:\\\/\\\/expressometro.mx\\\/wp-content\\\/uploads\\\/2022\\\/02\\\/WhatsApp-Image-2022-02-20-at-8.17.12-PM.jpeg\",\"width\":225,\"height\":225},{\"@type\":\"BreadcrumbList\",\"@id\":\"https:\\\/\\\/expressometro.mx\\\/index.php\\\/2022\\\/02\\\/20\\\/la-arquidiocesis-primada-de-mexico-hizo-un-llamado-a-quienes-integran-la-clase-politica\\\/#breadcrumb\",\"itemListElement\":[{\"@type\":\"ListItem\",\"position\":1,\"name\":\"Inicio\",\"item\":\"https:\\\/\\\/expressometro.mx\\\/\"},{\"@type\":\"ListItem\",\"position\":2,\"name\":\"La Arquidi\u00f3cesis Primada de M\u00e9xico hizo un llamado a quienes integran la clase pol\u00edtica\"}]},{\"@type\":\"WebSite\",\"@id\":\"https:\\\/\\\/expressometro.mx\\\/#website\",\"url\":\"https:\\\/\\\/expressometro.mx\\\/\",\"name\":\"Expresso Metropolitano\",\"description\":\"Periodismo comprometido, informaci\u00f3n, investigaci\u00f3n y an\u00e1lisis\",\"publisher\":{\"@id\":\"https:\\\/\\\/expressometro.mx\\\/#organization\"},\"potentialAction\":[{\"@type\":\"SearchAction\",\"target\":{\"@type\":\"EntryPoint\",\"urlTemplate\":\"https:\\\/\\\/expressometro.mx\\\/?s={search_term_string}\"},\"query-input\":{\"@type\":\"PropertyValueSpecification\",\"valueRequired\":true,\"valueName\":\"search_term_string\"}}],\"inLanguage\":\"es\"},{\"@type\":\"Organization\",\"@id\":\"https:\\\/\\\/expressometro.mx\\\/#organization\",\"name\":\"Expresso Metropolitano\",\"url\":\"https:\\\/\\\/expressometro.mx\\\/\",\"logo\":{\"@type\":\"ImageObject\",\"inLanguage\":\"es\",\"@id\":\"https:\\\/\\\/expressometro.mx\\\/#\\\/schema\\\/logo\\\/image\\\/\",\"url\":\"https:\\\/\\\/expressometro.mx\\\/wp-content\\\/uploads\\\/2019\\\/07\\\/cropped-Logo-Expresso-Metropolitano-1-1.jpeg\",\"contentUrl\":\"https:\\\/\\\/expressometro.mx\\\/wp-content\\\/uploads\\\/2019\\\/07\\\/cropped-Logo-Expresso-Metropolitano-1-1.jpeg\",\"width\":290,\"height\":73,\"caption\":\"Expresso Metropolitano\"},\"image\":{\"@id\":\"https:\\\/\\\/expressometro.mx\\\/#\\\/schema\\\/logo\\\/image\\\/\"}},{\"@type\":\"Person\",\"@id\":\"https:\\\/\\\/expressometro.mx\\\/#\\\/schema\\\/person\\\/67a95b8e3862085c7598f66237488f1f\",\"name\":\"Cecilia Vega\",\"image\":{\"@type\":\"ImageObject\",\"inLanguage\":\"es\",\"@id\":\"https:\\\/\\\/secure.gravatar.com\\\/avatar\\\/13aae9944ab2ee472a9e407c9487fdbd03b049abaa559af32fe5dbcf615c981b?s=96&d=mm&r=g\",\"url\":\"https:\\\/\\\/secure.gravatar.com\\\/avatar\\\/13aae9944ab2ee472a9e407c9487fdbd03b049abaa559af32fe5dbcf615c981b?s=96&d=mm&r=g\",\"contentUrl\":\"https:\\\/\\\/secure.gravatar.com\\\/avatar\\\/13aae9944ab2ee472a9e407c9487fdbd03b049abaa559af32fe5dbcf615c981b?s=96&d=mm&r=g\",\"caption\":\"Cecilia Vega\"},\"url\":\"https:\\\/\\\/expressometro.mx\\\/index.php\\\/author\\\/cecilia-vega\\\/\"}]}<\/script>\n<!-- \/ Yoast SEO plugin. -->","yoast_head_json":{"title":"La Arquidi\u00f3cesis Primada de M\u00e9xico hizo un llamado a quienes integran la clase pol\u00edtica - Expresso Metropolitano","robots":{"index":"index","follow":"follow","max-snippet":"max-snippet:-1","max-image-preview":"max-image-preview:large","max-video-preview":"max-video-preview:-1"},"canonical":"https:\/\/expressometro.mx\/index.php\/2022\/02\/20\/la-arquidiocesis-primada-de-mexico-hizo-un-llamado-a-quienes-integran-la-clase-politica\/","og_locale":"es_MX","og_type":"article","og_title":"La Arquidi\u00f3cesis Primada de M\u00e9xico hizo un llamado a quienes integran la clase pol\u00edtica - Expresso Metropolitano","og_description":"As\u00ed se refiri\u00f3 en su editorial Desde la Fe sobre los acontecimientos en la C\u00e1mara de Diputados del Estado de M\u00e9xico por el pleito que protagonizaron el morenista Ariel Ju\u00e1rez y el panista Paco Santos.","og_url":"https:\/\/expressometro.mx\/index.php\/2022\/02\/20\/la-arquidiocesis-primada-de-mexico-hizo-un-llamado-a-quienes-integran-la-clase-politica\/","og_site_name":"Expresso Metropolitano","article_published_time":"2022-02-21T03:17:00+00:00","article_modified_time":"2022-02-23T03:25:25+00:00","og_image":[{"width":225,"height":225,"url":"http:\/\/expressometro.mx\/wp-content\/uploads\/2022\/02\/WhatsApp-Image-2022-02-20-at-8.17.12-PM.jpeg","type":"image\/jpeg"}],"author":"Cecilia Vega","twitter_misc":{"Escrito por":"Cecilia Vega","Tiempo de lectura":"2 minutos"},"schema":{"@context":"https:\/\/schema.org","@graph":[{"@type":"Article","@id":"https:\/\/expressometro.mx\/index.php\/2022\/02\/20\/la-arquidiocesis-primada-de-mexico-hizo-un-llamado-a-quienes-integran-la-clase-politica\/#article","isPartOf":{"@id":"https:\/\/expressometro.mx\/index.php\/2022\/02\/20\/la-arquidiocesis-primada-de-mexico-hizo-un-llamado-a-quienes-integran-la-clase-politica\/"},"author":{"name":"Cecilia Vega","@id":"https:\/\/expressometro.mx\/#\/schema\/person\/67a95b8e3862085c7598f66237488f1f"},"headline":"La Arquidi\u00f3cesis Primada de M\u00e9xico hizo un llamado a quienes integran la clase pol\u00edtica","datePublished":"2022-02-21T03:17:00+00:00","dateModified":"2022-02-23T03:25:25+00:00","mainEntityOfPage":{"@id":"https:\/\/expressometro.mx\/index.php\/2022\/02\/20\/la-arquidiocesis-primada-de-mexico-hizo-un-llamado-a-quienes-integran-la-clase-politica\/"},"wordCount":391,"commentCount":0,"publisher":{"@id":"https:\/\/expressometro.mx\/#organization"},"image":{"@id":"https:\/\/expressometro.mx\/index.php\/2022\/02\/20\/la-arquidiocesis-primada-de-mexico-hizo-un-llamado-a-quienes-integran-la-clase-politica\/#primaryimage"},"thumbnailUrl":"https:\/\/expressometro.mx\/wp-content\/uploads\/2022\/02\/WhatsApp-Image-2022-02-20-at-8.17.12-PM.jpeg","keywords":["Arquidi\u00f3sesis"],"articleSection":["Otros"],"inLanguage":"es","potentialAction":[{"@type":"CommentAction","name":"Comment","target":["https:\/\/expressometro.mx\/index.php\/2022\/02\/20\/la-arquidiocesis-primada-de-mexico-hizo-un-llamado-a-quienes-integran-la-clase-politica\/#respond"]}]},{"@type":"WebPage","@id":"https:\/\/expressometro.mx\/index.php\/2022\/02\/20\/la-arquidiocesis-primada-de-mexico-hizo-un-llamado-a-quienes-integran-la-clase-politica\/","url":"https:\/\/expressometro.mx\/index.php\/2022\/02\/20\/la-arquidiocesis-primada-de-mexico-hizo-un-llamado-a-quienes-integran-la-clase-politica\/","name":"La Arquidi\u00f3cesis Primada de M\u00e9xico hizo un llamado a quienes integran la clase pol\u00edtica - Expresso Metropolitano","isPartOf":{"@id":"https:\/\/expressometro.mx\/#website"},"primaryImageOfPage":{"@id":"https:\/\/expressometro.mx\/index.php\/2022\/02\/20\/la-arquidiocesis-primada-de-mexico-hizo-un-llamado-a-quienes-integran-la-clase-politica\/#primaryimage"},"image":{"@id":"https:\/\/expressometro.mx\/index.php\/2022\/02\/20\/la-arquidiocesis-primada-de-mexico-hizo-un-llamado-a-quienes-integran-la-clase-politica\/#primaryimage"},"thumbnailUrl":"https:\/\/expressometro.mx\/wp-content\/uploads\/2022\/02\/WhatsApp-Image-2022-02-20-at-8.17.12-PM.jpeg","datePublished":"2022-02-21T03:17:00+00:00","dateModified":"2022-02-23T03:25:25+00:00","breadcrumb":{"@id":"https:\/\/expressometro.mx\/index.php\/2022\/02\/20\/la-arquidiocesis-primada-de-mexico-hizo-un-llamado-a-quienes-integran-la-clase-politica\/#breadcrumb"},"inLanguage":"es","potentialAction":[{"@type":"ReadAction","target":["https:\/\/expressometro.mx\/index.php\/2022\/02\/20\/la-arquidiocesis-primada-de-mexico-hizo-un-llamado-a-quienes-integran-la-clase-politica\/"]}]},{"@type":"ImageObject","inLanguage":"es","@id":"https:\/\/expressometro.mx\/index.php\/2022\/02\/20\/la-arquidiocesis-primada-de-mexico-hizo-un-llamado-a-quienes-integran-la-clase-politica\/#primaryimage","url":"https:\/\/expressometro.mx\/wp-content\/uploads\/2022\/02\/WhatsApp-Image-2022-02-20-at-8.17.12-PM.jpeg","contentUrl":"https:\/\/expressometro.mx\/wp-content\/uploads\/2022\/02\/WhatsApp-Image-2022-02-20-at-8.17.12-PM.jpeg","width":225,"height":225},{"@type":"BreadcrumbList","@id":"https:\/\/expressometro.mx\/index.php\/2022\/02\/20\/la-arquidiocesis-primada-de-mexico-hizo-un-llamado-a-quienes-integran-la-clase-politica\/#breadcrumb","itemListElement":[{"@type":"ListItem","position":1,"name":"Inicio","item":"https:\/\/expressometro.mx\/"},{"@type":"ListItem","position":2,"name":"La Arquidi\u00f3cesis Primada de M\u00e9xico hizo un llamado a quienes integran la clase pol\u00edtica"}]},{"@type":"WebSite","@id":"https:\/\/expressometro.mx\/#website","url":"https:\/\/expressometro.mx\/","name":"Expresso Metropolitano","description":"Periodismo comprometido, informaci\u00f3n, investigaci\u00f3n y an\u00e1lisis","publisher":{"@id":"https:\/\/expressometro.mx\/#organization"},"potentialAction":[{"@type":"SearchAction","target":{"@type":"EntryPoint","urlTemplate":"https:\/\/expressometro.mx\/?s={search_term_string}"},"query-input":{"@type":"PropertyValueSpecification","valueRequired":true,"valueName":"search_term_string"}}],"inLanguage":"es"},{"@type":"Organization","@id":"https:\/\/expressometro.mx\/#organization","name":"Expresso Metropolitano","url":"https:\/\/expressometro.mx\/","logo":{"@type":"ImageObject","inLanguage":"es","@id":"https:\/\/expressometro.mx\/#\/schema\/logo\/image\/","url":"https:\/\/expressometro.mx\/wp-content\/uploads\/2019\/07\/cropped-Logo-Expresso-Metropolitano-1-1.jpeg","contentUrl":"https:\/\/expressometro.mx\/wp-content\/uploads\/2019\/07\/cropped-Logo-Expresso-Metropolitano-1-1.jpeg","width":290,"height":73,"caption":"Expresso Metropolitano"},"image":{"@id":"https:\/\/expressometro.mx\/#\/schema\/logo\/image\/"}},{"@type":"Person","@id":"https:\/\/expressometro.mx\/#\/schema\/person\/67a95b8e3862085c7598f66237488f1f","name":"Cecilia Vega","image":{"@type":"ImageObject","inLanguage":"es","@id":"https:\/\/secure.gravatar.com\/avatar\/13aae9944ab2ee472a9e407c9487fdbd03b049abaa559af32fe5dbcf615c981b?s=96&d=mm&r=g","url":"https:\/\/secure.gravatar.com\/avatar\/13aae9944ab2ee472a9e407c9487fdbd03b049abaa559af32fe5dbcf615c981b?s=96&d=mm&r=g","contentUrl":"https:\/\/secure.gravatar.com\/avatar\/13aae9944ab2ee472a9e407c9487fdbd03b049abaa559af32fe5dbcf615c981b?s=96&d=mm&r=g","caption":"Cecilia Vega"},"url":"https:\/\/expressometro.mx\/index.php\/author\/cecilia-vega\/"}]}},"amp_enabled":true,"_links":{"self":[{"href":"https:\/\/expressometro.mx\/index.php\/wp-json\/wp\/v2\/posts\/5251","targetHints":{"allow":["GET"]}}],"collection":[{"href":"https:\/\/expressometro.mx\/index.php\/wp-json\/wp\/v2\/posts"}],"about":[{"href":"https:\/\/expressometro.mx\/index.php\/wp-json\/wp\/v2\/types\/post"}],"author":[{"embeddable":true,"href":"https:\/\/expressometro.mx\/index.php\/wp-json\/wp\/v2\/users\/2"}],"replies":[{"embeddable":true,"href":"https:\/\/expressometro.mx\/index.php\/wp-json\/wp\/v2\/comments?post=5251"}],"version-history":[{"count":1,"href":"https:\/\/expressometro.mx\/index.php\/wp-json\/wp\/v2\/posts\/5251\/revisions"}],"predecessor-version":[{"id":5254,"href":"https:\/\/expressometro.mx\/index.php\/wp-json\/wp\/v2\/posts\/5251\/revisions\/5254"}],"wp:featuredmedia":[{"embeddable":true,"href":"https:\/\/expressometro.mx\/index.php\/wp-json\/wp\/v2\/media\/5253"}],"wp:attachment":[{"href":"https:\/\/expressometro.mx\/index.php\/wp-json\/wp\/v2\/media?parent=5251"}],"wp:term":[{"taxonomy":"category","embeddable":true,"href":"https:\/\/expressometro.mx\/index.php\/wp-json\/wp\/v2\/categories?post=5251"},{"taxonomy":"post_tag","embeddable":true,"href":"https:\/\/expressometro.mx\/index.php\/wp-json\/wp\/v2\/tags?post=5251"}],"curies":[{"name":"wp","href":"https:\/\/api.w.org\/{rel}","templated":true}]}}