{"id":5233,"date":"2022-02-14T16:29:00","date_gmt":"2022-02-14T22:29:00","guid":{"rendered":"https:\/\/expressometro.mx\/?p=5233"},"modified":"2022-02-16T16:30:41","modified_gmt":"2022-02-16T22:30:41","slug":"las-y-los-diputados-del-pri-tenemos-pasion-por-servir-elias-rescala","status":"publish","type":"post","link":"https:\/\/expressometro.mx\/index.php\/2022\/02\/14\/las-y-los-diputados-del-pri-tenemos-pasion-por-servir-elias-rescala\/","title":{"rendered":"Las y los diputados del PRI tenemos pasi\u00f3n por servir: El\u00edas Rescala"},"content":{"rendered":"\n<p>\u2022 El trabajo legislativo del Revolucionario Institucional tiene fundamento en el encuentro ciudadano.<\/p>\n\n\n\n<p>Ray\u00f3n, Estado de M\u00e9xico, 14 de febrero de 2022.- Las y los diputados del PRI tenemos pasi\u00f3n por servir, porque nuestro trabajo legislativo est\u00e1 basado en el encuentro permanente y cercano con las familias mexiquenses.<\/p>\n\n\n\n<p>As\u00ed lo asegur\u00f3 El\u00edas Rescala, coordinador de la Fracci\u00f3n legislativa del Partido Revolucionario Institucional en la LXI Legislatura local, al acudir a un encuentro con vecinos de este municipio en donde reiter\u00f3 el compromiso de seguir trabajando en las calles y comunidades de toda la entidad.<\/p>\n\n\n\n<p>Acompa\u00f1ado de la diputada federal, Laura Barrera Fortoul, y de la diputada local por el Distrito VII, Karla Aguilar, El\u00edas Rescala reiter\u00f3 que desde el primer d\u00eda, las y los diputados del PRI asumieron un trabajo legislativo responsable que se refleje en la calidad de vida de las y los mexiquenses.<\/p>\n\n\n\n<p>Por ello, sostuvo, est\u00e1n regresando a sus distritos para convertirse en los principales gestores de las demandas sociales, y a trav\u00e9s de ese reencuentro con la ciudadan\u00eda en las calles y colonias, integrar un plan legislativo que impulse el trabajo comunitario.<\/p>\n\n\n\n<p>Prueba de ese trabajo, record\u00f3 en un encuentro con vecinos de este municipio, fue el gran acuerdo al que se lleg\u00f3 desde la Legislatura local para la aprobaci\u00f3n de un presupuesto dirigido a los que m\u00e1s lo necesitan, a los que menos tienen, en temas como educaci\u00f3n, salud y combate a la pobreza.<\/p>\n\n\n\n<p>Hoy, dijo, estamos impulsando un presupuesto para m\u00e1s de 18 mil becas para estudiantes de toda la entidad, as\u00ed como 5 mil millones de pesos para atender la salud de las familias mexiquenses.<\/p>\n\n\n\n<p>Por su parte, la diputada federal, Laura Barrera reconoci\u00f3 que el trabajo coordinado y en equipo entre las diferentes instancias gubernamentales y la sociedad civil, siempre arrojar\u00e1 buenos resultados, por lo que reafirm\u00f3 la importancia de seguir sumando esfuerzos para atender las principales demandas de la sociedad.<\/p>\n\n\n\n<p>En su oportunidad, la diputada local por el Distrito VII, Karla Aguilar se\u00f1al\u00f3 que la atenci\u00f3n m\u00e9dica de las familias es una de las prioridades de las y los diputados del PRI, por lo que reiter\u00f3 que desde la Legislatura local habr\u00e1n de consolidarse como los principales gestores para obras de car\u00e1cter social.<\/p>\n\n\n\n<p>En su mensaje de bienvenida, Erick Vladimir Cedillo, presidente municipal de Ray\u00f3n agradeci\u00f3 el respaldo de las y los legisladores del PRI para poder gestionar los recursos necesarios para atender las principales demandas de la poblaci\u00f3n en temas como salud y educaci\u00f3n.<\/p>\n","protected":false},"excerpt":{"rendered":"<p>El trabajo legislativo del Revolucionario Institucional tiene fundamento en el encuentro ciudadano.<\/p>\n","protected":false},"author":2,"featured_media":5234,"comment_status":"open","ping_status":"open","sticky":false,"template":"","format":"standard","meta":{"footnotes":""},"categories":[3],"tags":[831,158],"class_list":["post-5233","post","type-post","status-publish","format-standard","has-post-thumbnail","hentry","category-gobierno","tag-elias-rescala","tag-pri"],"yoast_head":"<!-- This site is optimized with the Yoast SEO plugin v27.5 - https:\/\/yoast.com\/product\/yoast-seo-wordpress\/ -->\n<title>Las y los diputados del PRI tenemos pasi\u00f3n por servir: El\u00edas Rescala - Expresso Metropolitano<\/title>\n<meta name=\"robots\" content=\"index, follow, max-snippet:-1, max-image-preview:large, max-video-preview:-1\" \/>\n<link rel=\"canonical\" href=\"https:\/\/expressometro.mx\/index.php\/2022\/02\/14\/las-y-los-diputados-del-pri-tenemos-pasion-por-servir-elias-rescala\/\" \/>\n<meta property=\"og:locale\" content=\"es_MX\" \/>\n<meta property=\"og:type\" content=\"article\" \/>\n<meta property=\"og:title\" content=\"Las y los diputados del PRI tenemos pasi\u00f3n por servir: El\u00edas Rescala - Expresso Metropolitano\" \/>\n<meta property=\"og:description\" content=\"El trabajo legislativo del Revolucionario Institucional tiene fundamento en el encuentro ciudadano.\" \/>\n<meta property=\"og:url\" content=\"https:\/\/expressometro.mx\/index.php\/2022\/02\/14\/las-y-los-diputados-del-pri-tenemos-pasion-por-servir-elias-rescala\/\" \/>\n<meta property=\"og:site_name\" content=\"Expresso Metropolitano\" \/>\n<meta property=\"article:published_time\" content=\"2022-02-14T22:29:00+00:00\" \/>\n<meta property=\"article:modified_time\" content=\"2022-02-16T22:30:41+00:00\" \/>\n<meta property=\"og:image\" content=\"http:\/\/expressometro.mx\/wp-content\/uploads\/2022\/02\/WhatsApp-Image-2022-02-14-at-3.40.11-PM.jpeg\" \/>\n\t<meta property=\"og:image:width\" content=\"1280\" \/>\n\t<meta property=\"og:image:height\" content=\"853\" \/>\n\t<meta property=\"og:image:type\" content=\"image\/jpeg\" \/>\n<meta name=\"author\" content=\"Cecilia Vega\" \/>\n<meta name=\"twitter:label1\" content=\"Escrito por\" \/>\n\t<meta name=\"twitter:data1\" content=\"Cecilia Vega\" \/>\n\t<meta name=\"twitter:label2\" content=\"Tiempo de lectura\" \/>\n\t<meta name=\"twitter:data2\" content=\"2 minutos\" \/>\n<script type=\"application\/ld+json\" class=\"yoast-schema-graph\">{\"@context\":\"https:\\\/\\\/schema.org\",\"@graph\":[{\"@type\":\"Article\",\"@id\":\"https:\\\/\\\/expressometro.mx\\\/index.php\\\/2022\\\/02\\\/14\\\/las-y-los-diputados-del-pri-tenemos-pasion-por-servir-elias-rescala\\\/#article\",\"isPartOf\":{\"@id\":\"https:\\\/\\\/expressometro.mx\\\/index.php\\\/2022\\\/02\\\/14\\\/las-y-los-diputados-del-pri-tenemos-pasion-por-servir-elias-rescala\\\/\"},\"author\":{\"name\":\"Cecilia Vega\",\"@id\":\"https:\\\/\\\/expressometro.mx\\\/#\\\/schema\\\/person\\\/67a95b8e3862085c7598f66237488f1f\"},\"headline\":\"Las y los diputados del PRI tenemos pasi\u00f3n por servir: El\u00edas Rescala\",\"datePublished\":\"2022-02-14T22:29:00+00:00\",\"dateModified\":\"2022-02-16T22:30:41+00:00\",\"mainEntityOfPage\":{\"@id\":\"https:\\\/\\\/expressometro.mx\\\/index.php\\\/2022\\\/02\\\/14\\\/las-y-los-diputados-del-pri-tenemos-pasion-por-servir-elias-rescala\\\/\"},\"wordCount\":447,\"commentCount\":0,\"publisher\":{\"@id\":\"https:\\\/\\\/expressometro.mx\\\/#organization\"},\"image\":{\"@id\":\"https:\\\/\\\/expressometro.mx\\\/index.php\\\/2022\\\/02\\\/14\\\/las-y-los-diputados-del-pri-tenemos-pasion-por-servir-elias-rescala\\\/#primaryimage\"},\"thumbnailUrl\":\"https:\\\/\\\/expressometro.mx\\\/wp-content\\\/uploads\\\/2022\\\/02\\\/WhatsApp-Image-2022-02-14-at-3.40.11-PM.jpeg\",\"keywords\":[\"El\u00edas Rescala\",\"PRI\"],\"articleSection\":[\"Gobierno\"],\"inLanguage\":\"es\",\"potentialAction\":[{\"@type\":\"CommentAction\",\"name\":\"Comment\",\"target\":[\"https:\\\/\\\/expressometro.mx\\\/index.php\\\/2022\\\/02\\\/14\\\/las-y-los-diputados-del-pri-tenemos-pasion-por-servir-elias-rescala\\\/#respond\"]}]},{\"@type\":\"WebPage\",\"@id\":\"https:\\\/\\\/expressometro.mx\\\/index.php\\\/2022\\\/02\\\/14\\\/las-y-los-diputados-del-pri-tenemos-pasion-por-servir-elias-rescala\\\/\",\"url\":\"https:\\\/\\\/expressometro.mx\\\/index.php\\\/2022\\\/02\\\/14\\\/las-y-los-diputados-del-pri-tenemos-pasion-por-servir-elias-rescala\\\/\",\"name\":\"Las y los diputados del PRI tenemos pasi\u00f3n por servir: El\u00edas Rescala - Expresso Metropolitano\",\"isPartOf\":{\"@id\":\"https:\\\/\\\/expressometro.mx\\\/#website\"},\"primaryImageOfPage\":{\"@id\":\"https:\\\/\\\/expressometro.mx\\\/index.php\\\/2022\\\/02\\\/14\\\/las-y-los-diputados-del-pri-tenemos-pasion-por-servir-elias-rescala\\\/#primaryimage\"},\"image\":{\"@id\":\"https:\\\/\\\/expressometro.mx\\\/index.php\\\/2022\\\/02\\\/14\\\/las-y-los-diputados-del-pri-tenemos-pasion-por-servir-elias-rescala\\\/#primaryimage\"},\"thumbnailUrl\":\"https:\\\/\\\/expressometro.mx\\\/wp-content\\\/uploads\\\/2022\\\/02\\\/WhatsApp-Image-2022-02-14-at-3.40.11-PM.jpeg\",\"datePublished\":\"2022-02-14T22:29:00+00:00\",\"dateModified\":\"2022-02-16T22:30:41+00:00\",\"breadcrumb\":{\"@id\":\"https:\\\/\\\/expressometro.mx\\\/index.php\\\/2022\\\/02\\\/14\\\/las-y-los-diputados-del-pri-tenemos-pasion-por-servir-elias-rescala\\\/#breadcrumb\"},\"inLanguage\":\"es\",\"potentialAction\":[{\"@type\":\"ReadAction\",\"target\":[\"https:\\\/\\\/expressometro.mx\\\/index.php\\\/2022\\\/02\\\/14\\\/las-y-los-diputados-del-pri-tenemos-pasion-por-servir-elias-rescala\\\/\"]}]},{\"@type\":\"ImageObject\",\"inLanguage\":\"es\",\"@id\":\"https:\\\/\\\/expressometro.mx\\\/index.php\\\/2022\\\/02\\\/14\\\/las-y-los-diputados-del-pri-tenemos-pasion-por-servir-elias-rescala\\\/#primaryimage\",\"url\":\"https:\\\/\\\/expressometro.mx\\\/wp-content\\\/uploads\\\/2022\\\/02\\\/WhatsApp-Image-2022-02-14-at-3.40.11-PM.jpeg\",\"contentUrl\":\"https:\\\/\\\/expressometro.mx\\\/wp-content\\\/uploads\\\/2022\\\/02\\\/WhatsApp-Image-2022-02-14-at-3.40.11-PM.jpeg\",\"width\":1280,\"height\":853},{\"@type\":\"BreadcrumbList\",\"@id\":\"https:\\\/\\\/expressometro.mx\\\/index.php\\\/2022\\\/02\\\/14\\\/las-y-los-diputados-del-pri-tenemos-pasion-por-servir-elias-rescala\\\/#breadcrumb\",\"itemListElement\":[{\"@type\":\"ListItem\",\"position\":1,\"name\":\"Inicio\",\"item\":\"https:\\\/\\\/expressometro.mx\\\/\"},{\"@type\":\"ListItem\",\"position\":2,\"name\":\"Las y los diputados del PRI tenemos pasi\u00f3n por servir: El\u00edas Rescala\"}]},{\"@type\":\"WebSite\",\"@id\":\"https:\\\/\\\/expressometro.mx\\\/#website\",\"url\":\"https:\\\/\\\/expressometro.mx\\\/\",\"name\":\"Expresso Metropolitano\",\"description\":\"Periodismo comprometido, informaci\u00f3n, investigaci\u00f3n y an\u00e1lisis\",\"publisher\":{\"@id\":\"https:\\\/\\\/expressometro.mx\\\/#organization\"},\"potentialAction\":[{\"@type\":\"SearchAction\",\"target\":{\"@type\":\"EntryPoint\",\"urlTemplate\":\"https:\\\/\\\/expressometro.mx\\\/?s={search_term_string}\"},\"query-input\":{\"@type\":\"PropertyValueSpecification\",\"valueRequired\":true,\"valueName\":\"search_term_string\"}}],\"inLanguage\":\"es\"},{\"@type\":\"Organization\",\"@id\":\"https:\\\/\\\/expressometro.mx\\\/#organization\",\"name\":\"Expresso Metropolitano\",\"url\":\"https:\\\/\\\/expressometro.mx\\\/\",\"logo\":{\"@type\":\"ImageObject\",\"inLanguage\":\"es\",\"@id\":\"https:\\\/\\\/expressometro.mx\\\/#\\\/schema\\\/logo\\\/image\\\/\",\"url\":\"https:\\\/\\\/expressometro.mx\\\/wp-content\\\/uploads\\\/2019\\\/07\\\/cropped-Logo-Expresso-Metropolitano-1-1.jpeg\",\"contentUrl\":\"https:\\\/\\\/expressometro.mx\\\/wp-content\\\/uploads\\\/2019\\\/07\\\/cropped-Logo-Expresso-Metropolitano-1-1.jpeg\",\"width\":290,\"height\":73,\"caption\":\"Expresso Metropolitano\"},\"image\":{\"@id\":\"https:\\\/\\\/expressometro.mx\\\/#\\\/schema\\\/logo\\\/image\\\/\"}},{\"@type\":\"Person\",\"@id\":\"https:\\\/\\\/expressometro.mx\\\/#\\\/schema\\\/person\\\/67a95b8e3862085c7598f66237488f1f\",\"name\":\"Cecilia Vega\",\"image\":{\"@type\":\"ImageObject\",\"inLanguage\":\"es\",\"@id\":\"https:\\\/\\\/secure.gravatar.com\\\/avatar\\\/13aae9944ab2ee472a9e407c9487fdbd03b049abaa559af32fe5dbcf615c981b?s=96&d=mm&r=g\",\"url\":\"https:\\\/\\\/secure.gravatar.com\\\/avatar\\\/13aae9944ab2ee472a9e407c9487fdbd03b049abaa559af32fe5dbcf615c981b?s=96&d=mm&r=g\",\"contentUrl\":\"https:\\\/\\\/secure.gravatar.com\\\/avatar\\\/13aae9944ab2ee472a9e407c9487fdbd03b049abaa559af32fe5dbcf615c981b?s=96&d=mm&r=g\",\"caption\":\"Cecilia Vega\"},\"url\":\"https:\\\/\\\/expressometro.mx\\\/index.php\\\/author\\\/cecilia-vega\\\/\"}]}<\/script>\n<!-- \/ Yoast SEO plugin. -->","yoast_head_json":{"title":"Las y los diputados del PRI tenemos pasi\u00f3n por servir: El\u00edas Rescala - Expresso Metropolitano","robots":{"index":"index","follow":"follow","max-snippet":"max-snippet:-1","max-image-preview":"max-image-preview:large","max-video-preview":"max-video-preview:-1"},"canonical":"https:\/\/expressometro.mx\/index.php\/2022\/02\/14\/las-y-los-diputados-del-pri-tenemos-pasion-por-servir-elias-rescala\/","og_locale":"es_MX","og_type":"article","og_title":"Las y los diputados del PRI tenemos pasi\u00f3n por servir: El\u00edas Rescala - Expresso Metropolitano","og_description":"El trabajo legislativo del Revolucionario Institucional tiene fundamento en el encuentro ciudadano.","og_url":"https:\/\/expressometro.mx\/index.php\/2022\/02\/14\/las-y-los-diputados-del-pri-tenemos-pasion-por-servir-elias-rescala\/","og_site_name":"Expresso Metropolitano","article_published_time":"2022-02-14T22:29:00+00:00","article_modified_time":"2022-02-16T22:30:41+00:00","og_image":[{"width":1280,"height":853,"url":"http:\/\/expressometro.mx\/wp-content\/uploads\/2022\/02\/WhatsApp-Image-2022-02-14-at-3.40.11-PM.jpeg","type":"image\/jpeg"}],"author":"Cecilia Vega","twitter_misc":{"Escrito por":"Cecilia Vega","Tiempo de lectura":"2 minutos"},"schema":{"@context":"https:\/\/schema.org","@graph":[{"@type":"Article","@id":"https:\/\/expressometro.mx\/index.php\/2022\/02\/14\/las-y-los-diputados-del-pri-tenemos-pasion-por-servir-elias-rescala\/#article","isPartOf":{"@id":"https:\/\/expressometro.mx\/index.php\/2022\/02\/14\/las-y-los-diputados-del-pri-tenemos-pasion-por-servir-elias-rescala\/"},"author":{"name":"Cecilia Vega","@id":"https:\/\/expressometro.mx\/#\/schema\/person\/67a95b8e3862085c7598f66237488f1f"},"headline":"Las y los diputados del PRI tenemos pasi\u00f3n por servir: El\u00edas Rescala","datePublished":"2022-02-14T22:29:00+00:00","dateModified":"2022-02-16T22:30:41+00:00","mainEntityOfPage":{"@id":"https:\/\/expressometro.mx\/index.php\/2022\/02\/14\/las-y-los-diputados-del-pri-tenemos-pasion-por-servir-elias-rescala\/"},"wordCount":447,"commentCount":0,"publisher":{"@id":"https:\/\/expressometro.mx\/#organization"},"image":{"@id":"https:\/\/expressometro.mx\/index.php\/2022\/02\/14\/las-y-los-diputados-del-pri-tenemos-pasion-por-servir-elias-rescala\/#primaryimage"},"thumbnailUrl":"https:\/\/expressometro.mx\/wp-content\/uploads\/2022\/02\/WhatsApp-Image-2022-02-14-at-3.40.11-PM.jpeg","keywords":["El\u00edas Rescala","PRI"],"articleSection":["Gobierno"],"inLanguage":"es","potentialAction":[{"@type":"CommentAction","name":"Comment","target":["https:\/\/expressometro.mx\/index.php\/2022\/02\/14\/las-y-los-diputados-del-pri-tenemos-pasion-por-servir-elias-rescala\/#respond"]}]},{"@type":"WebPage","@id":"https:\/\/expressometro.mx\/index.php\/2022\/02\/14\/las-y-los-diputados-del-pri-tenemos-pasion-por-servir-elias-rescala\/","url":"https:\/\/expressometro.mx\/index.php\/2022\/02\/14\/las-y-los-diputados-del-pri-tenemos-pasion-por-servir-elias-rescala\/","name":"Las y los diputados del PRI tenemos pasi\u00f3n por servir: El\u00edas Rescala - Expresso Metropolitano","isPartOf":{"@id":"https:\/\/expressometro.mx\/#website"},"primaryImageOfPage":{"@id":"https:\/\/expressometro.mx\/index.php\/2022\/02\/14\/las-y-los-diputados-del-pri-tenemos-pasion-por-servir-elias-rescala\/#primaryimage"},"image":{"@id":"https:\/\/expressometro.mx\/index.php\/2022\/02\/14\/las-y-los-diputados-del-pri-tenemos-pasion-por-servir-elias-rescala\/#primaryimage"},"thumbnailUrl":"https:\/\/expressometro.mx\/wp-content\/uploads\/2022\/02\/WhatsApp-Image-2022-02-14-at-3.40.11-PM.jpeg","datePublished":"2022-02-14T22:29:00+00:00","dateModified":"2022-02-16T22:30:41+00:00","breadcrumb":{"@id":"https:\/\/expressometro.mx\/index.php\/2022\/02\/14\/las-y-los-diputados-del-pri-tenemos-pasion-por-servir-elias-rescala\/#breadcrumb"},"inLanguage":"es","potentialAction":[{"@type":"ReadAction","target":["https:\/\/expressometro.mx\/index.php\/2022\/02\/14\/las-y-los-diputados-del-pri-tenemos-pasion-por-servir-elias-rescala\/"]}]},{"@type":"ImageObject","inLanguage":"es","@id":"https:\/\/expressometro.mx\/index.php\/2022\/02\/14\/las-y-los-diputados-del-pri-tenemos-pasion-por-servir-elias-rescala\/#primaryimage","url":"https:\/\/expressometro.mx\/wp-content\/uploads\/2022\/02\/WhatsApp-Image-2022-02-14-at-3.40.11-PM.jpeg","contentUrl":"https:\/\/expressometro.mx\/wp-content\/uploads\/2022\/02\/WhatsApp-Image-2022-02-14-at-3.40.11-PM.jpeg","width":1280,"height":853},{"@type":"BreadcrumbList","@id":"https:\/\/expressometro.mx\/index.php\/2022\/02\/14\/las-y-los-diputados-del-pri-tenemos-pasion-por-servir-elias-rescala\/#breadcrumb","itemListElement":[{"@type":"ListItem","position":1,"name":"Inicio","item":"https:\/\/expressometro.mx\/"},{"@type":"ListItem","position":2,"name":"Las y los diputados del PRI tenemos pasi\u00f3n por servir: El\u00edas Rescala"}]},{"@type":"WebSite","@id":"https:\/\/expressometro.mx\/#website","url":"https:\/\/expressometro.mx\/","name":"Expresso Metropolitano","description":"Periodismo comprometido, informaci\u00f3n, investigaci\u00f3n y an\u00e1lisis","publisher":{"@id":"https:\/\/expressometro.mx\/#organization"},"potentialAction":[{"@type":"SearchAction","target":{"@type":"EntryPoint","urlTemplate":"https:\/\/expressometro.mx\/?s={search_term_string}"},"query-input":{"@type":"PropertyValueSpecification","valueRequired":true,"valueName":"search_term_string"}}],"inLanguage":"es"},{"@type":"Organization","@id":"https:\/\/expressometro.mx\/#organization","name":"Expresso Metropolitano","url":"https:\/\/expressometro.mx\/","logo":{"@type":"ImageObject","inLanguage":"es","@id":"https:\/\/expressometro.mx\/#\/schema\/logo\/image\/","url":"https:\/\/expressometro.mx\/wp-content\/uploads\/2019\/07\/cropped-Logo-Expresso-Metropolitano-1-1.jpeg","contentUrl":"https:\/\/expressometro.mx\/wp-content\/uploads\/2019\/07\/cropped-Logo-Expresso-Metropolitano-1-1.jpeg","width":290,"height":73,"caption":"Expresso Metropolitano"},"image":{"@id":"https:\/\/expressometro.mx\/#\/schema\/logo\/image\/"}},{"@type":"Person","@id":"https:\/\/expressometro.mx\/#\/schema\/person\/67a95b8e3862085c7598f66237488f1f","name":"Cecilia Vega","image":{"@type":"ImageObject","inLanguage":"es","@id":"https:\/\/secure.gravatar.com\/avatar\/13aae9944ab2ee472a9e407c9487fdbd03b049abaa559af32fe5dbcf615c981b?s=96&d=mm&r=g","url":"https:\/\/secure.gravatar.com\/avatar\/13aae9944ab2ee472a9e407c9487fdbd03b049abaa559af32fe5dbcf615c981b?s=96&d=mm&r=g","contentUrl":"https:\/\/secure.gravatar.com\/avatar\/13aae9944ab2ee472a9e407c9487fdbd03b049abaa559af32fe5dbcf615c981b?s=96&d=mm&r=g","caption":"Cecilia Vega"},"url":"https:\/\/expressometro.mx\/index.php\/author\/cecilia-vega\/"}]}},"amp_enabled":true,"_links":{"self":[{"href":"https:\/\/expressometro.mx\/index.php\/wp-json\/wp\/v2\/posts\/5233","targetHints":{"allow":["GET"]}}],"collection":[{"href":"https:\/\/expressometro.mx\/index.php\/wp-json\/wp\/v2\/posts"}],"about":[{"href":"https:\/\/expressometro.mx\/index.php\/wp-json\/wp\/v2\/types\/post"}],"author":[{"embeddable":true,"href":"https:\/\/expressometro.mx\/index.php\/wp-json\/wp\/v2\/users\/2"}],"replies":[{"embeddable":true,"href":"https:\/\/expressometro.mx\/index.php\/wp-json\/wp\/v2\/comments?post=5233"}],"version-history":[{"count":1,"href":"https:\/\/expressometro.mx\/index.php\/wp-json\/wp\/v2\/posts\/5233\/revisions"}],"predecessor-version":[{"id":5236,"href":"https:\/\/expressometro.mx\/index.php\/wp-json\/wp\/v2\/posts\/5233\/revisions\/5236"}],"wp:featuredmedia":[{"embeddable":true,"href":"https:\/\/expressometro.mx\/index.php\/wp-json\/wp\/v2\/media\/5234"}],"wp:attachment":[{"href":"https:\/\/expressometro.mx\/index.php\/wp-json\/wp\/v2\/media?parent=5233"}],"wp:term":[{"taxonomy":"category","embeddable":true,"href":"https:\/\/expressometro.mx\/index.php\/wp-json\/wp\/v2\/categories?post=5233"},{"taxonomy":"post_tag","embeddable":true,"href":"https:\/\/expressometro.mx\/index.php\/wp-json\/wp\/v2\/tags?post=5233"}],"curies":[{"name":"wp","href":"https:\/\/api.w.org\/{rel}","templated":true}]}}