{"id":5215,"date":"2022-02-13T07:57:00","date_gmt":"2022-02-13T13:57:00","guid":{"rendered":"https:\/\/expressometro.mx\/?p=5215"},"modified":"2022-02-14T07:58:26","modified_gmt":"2022-02-14T13:58:26","slug":"encuentra-proteccion-civil-de-metepec-a-hombre-desaparecido-lo-detectan-gracias-a-reportes-ciudadanos","status":"publish","type":"post","link":"https:\/\/expressometro.mx\/index.php\/2022\/02\/13\/encuentra-proteccion-civil-de-metepec-a-hombre-desaparecido-lo-detectan-gracias-a-reportes-ciudadanos\/","title":{"rendered":"Encuentra Protecci\u00f3n Civil de Metepec a hombre desaparecido; lo detectan gracias a reportes ciudadanos."},"content":{"rendered":"\n<ul class=\"wp-block-list\"><li>Eficaz respuesta del personal de emergencia.<\/li><\/ul>\n\n\n\n<p>Personal de Protecci\u00f3n Civil de Metepec, atendi\u00f3 el llamado de vecinos de la comunidad, acudiendo la ma\u00f1ana de este viernes para asistir a un masculino que se encontraba en el piso sobre la vialidad Pino Su\u00e1rez casi esquina con Pedro Ascencio.<\/p>\n\n\n\n<p>Con el apoyo de elementos de Seguridad P\u00fablica y Tr\u00e1nsito, tambi\u00e9n de esta demarcaci\u00f3n, se dieron los primeros auxilios a la persona de nombre Agust\u00edn N, quien de acuerdo a familiares estaba desaparecido desde el pasado martes.<\/p>\n\n\n\n<p>Con la intervenci\u00f3n, se logr\u00f3 estabilizar a la persona para posteriormente trasladarlo al nosocomio del ISEM en el municipio de Lerma, donde fue diagnosticado con \u00edndice de alcohol y COVID, por lo que fue canalizado para tratar su recuperaci\u00f3n.<\/p>\n\n\n\n<p>El llamado oportuno de los vecinos, fue fundamental para el arribo inmediato del personal de emergencia que evit\u00f3 la p\u00e9rdida de vida de la persona.<\/p>\n\n\n\n<p>Familiares, agradecieron a las autoridades de Metepec, primero por su localizaci\u00f3n y posterior atenci\u00f3n.<\/p>\n\n\n\n<figure class=\"wp-block-image size-large\"><img decoding=\"async\" width=\"360\" height=\"480\" src=\"https:\/\/expressometro.mx\/wp-content\/uploads\/2022\/02\/WhatsApp-Image-2022-02-12-at-3.10.38-PM-360x480.jpeg\" alt=\"\" class=\"wp-image-5216\" srcset=\"https:\/\/expressometro.mx\/wp-content\/uploads\/2022\/02\/WhatsApp-Image-2022-02-12-at-3.10.38-PM-360x480.jpeg 360w, https:\/\/expressometro.mx\/wp-content\/uploads\/2022\/02\/WhatsApp-Image-2022-02-12-at-3.10.38-PM-274x365.jpeg 274w, https:\/\/expressometro.mx\/wp-content\/uploads\/2022\/02\/WhatsApp-Image-2022-02-12-at-3.10.38-PM-768x1024.jpeg 768w, https:\/\/expressometro.mx\/wp-content\/uploads\/2022\/02\/WhatsApp-Image-2022-02-12-at-3.10.38-PM-1152x1536.jpeg 1152w, https:\/\/expressometro.mx\/wp-content\/uploads\/2022\/02\/WhatsApp-Image-2022-02-12-at-3.10.38-PM.jpeg 1200w\" sizes=\"(max-width: 360px) 100vw, 360px\" \/><\/figure>\n","protected":false},"excerpt":{"rendered":"<p>Personal de Protecci\u00f3n Civil de Metepec, atendi\u00f3 el llamado de vecinos de la comunidad, acudiendo la ma\u00f1ana de este viernes para asistir a un masculino que se encontraba en el piso sobre la vialidad Pino Su\u00e1rez casi esquina con Pedro Ascencio.<\/p>\n","protected":false},"author":2,"featured_media":5217,"comment_status":"open","ping_status":"open","sticky":false,"template":"","format":"standard","meta":{"footnotes":""},"categories":[3,6],"tags":[],"class_list":["post-5215","post","type-post","status-publish","format-standard","has-post-thumbnail","hentry","category-gobierno","category-seguridad"],"yoast_head":"<!-- This site is optimized with the Yoast SEO plugin v27.4 - https:\/\/yoast.com\/product\/yoast-seo-wordpress\/ -->\n<title>Encuentra Protecci\u00f3n Civil de Metepec a hombre desaparecido; lo detectan gracias a reportes ciudadanos. - Expresso Metropolitano<\/title>\n<meta name=\"robots\" content=\"index, follow, max-snippet:-1, max-image-preview:large, max-video-preview:-1\" \/>\n<link rel=\"canonical\" href=\"https:\/\/expressometro.mx\/index.php\/2022\/02\/13\/encuentra-proteccion-civil-de-metepec-a-hombre-desaparecido-lo-detectan-gracias-a-reportes-ciudadanos\/\" \/>\n<meta property=\"og:locale\" content=\"es_MX\" \/>\n<meta property=\"og:type\" content=\"article\" \/>\n<meta property=\"og:title\" content=\"Encuentra Protecci\u00f3n Civil de Metepec a hombre desaparecido; lo detectan gracias a reportes ciudadanos. - Expresso Metropolitano\" \/>\n<meta property=\"og:description\" content=\"Personal de Protecci\u00f3n Civil de Metepec, atendi\u00f3 el llamado de vecinos de la comunidad, acudiendo la ma\u00f1ana de este viernes para asistir a un masculino que se encontraba en el piso sobre la vialidad Pino Su\u00e1rez casi esquina con Pedro Ascencio.\" \/>\n<meta property=\"og:url\" content=\"https:\/\/expressometro.mx\/index.php\/2022\/02\/13\/encuentra-proteccion-civil-de-metepec-a-hombre-desaparecido-lo-detectan-gracias-a-reportes-ciudadanos\/\" \/>\n<meta property=\"og:site_name\" content=\"Expresso Metropolitano\" \/>\n<meta property=\"article:published_time\" content=\"2022-02-13T13:57:00+00:00\" \/>\n<meta property=\"article:modified_time\" content=\"2022-02-14T13:58:26+00:00\" \/>\n<meta property=\"og:image\" content=\"http:\/\/expressometro.mx\/wp-content\/uploads\/2022\/02\/WhatsApp-Image-2022-02-12-at-3.10.39-PM.jpeg\" \/>\n\t<meta property=\"og:image:width\" content=\"900\" \/>\n\t<meta property=\"og:image:height\" content=\"1600\" \/>\n\t<meta property=\"og:image:type\" content=\"image\/jpeg\" \/>\n<meta name=\"author\" content=\"Cecilia Vega\" \/>\n<meta name=\"twitter:label1\" content=\"Escrito por\" \/>\n\t<meta name=\"twitter:data1\" content=\"Cecilia Vega\" \/>\n\t<meta name=\"twitter:label2\" content=\"Tiempo de lectura\" \/>\n\t<meta name=\"twitter:data2\" content=\"1 minuto\" \/>\n<script type=\"application\/ld+json\" class=\"yoast-schema-graph\">{\"@context\":\"https:\\\/\\\/schema.org\",\"@graph\":[{\"@type\":\"Article\",\"@id\":\"https:\\\/\\\/expressometro.mx\\\/index.php\\\/2022\\\/02\\\/13\\\/encuentra-proteccion-civil-de-metepec-a-hombre-desaparecido-lo-detectan-gracias-a-reportes-ciudadanos\\\/#article\",\"isPartOf\":{\"@id\":\"https:\\\/\\\/expressometro.mx\\\/index.php\\\/2022\\\/02\\\/13\\\/encuentra-proteccion-civil-de-metepec-a-hombre-desaparecido-lo-detectan-gracias-a-reportes-ciudadanos\\\/\"},\"author\":{\"name\":\"Cecilia Vega\",\"@id\":\"https:\\\/\\\/expressometro.mx\\\/#\\\/schema\\\/person\\\/67a95b8e3862085c7598f66237488f1f\"},\"headline\":\"Encuentra Protecci\u00f3n Civil de Metepec a hombre desaparecido; lo detectan gracias a reportes ciudadanos.\",\"datePublished\":\"2022-02-13T13:57:00+00:00\",\"dateModified\":\"2022-02-14T13:58:26+00:00\",\"mainEntityOfPage\":{\"@id\":\"https:\\\/\\\/expressometro.mx\\\/index.php\\\/2022\\\/02\\\/13\\\/encuentra-proteccion-civil-de-metepec-a-hombre-desaparecido-lo-detectan-gracias-a-reportes-ciudadanos\\\/\"},\"wordCount\":190,\"commentCount\":0,\"publisher\":{\"@id\":\"https:\\\/\\\/expressometro.mx\\\/#organization\"},\"image\":{\"@id\":\"https:\\\/\\\/expressometro.mx\\\/index.php\\\/2022\\\/02\\\/13\\\/encuentra-proteccion-civil-de-metepec-a-hombre-desaparecido-lo-detectan-gracias-a-reportes-ciudadanos\\\/#primaryimage\"},\"thumbnailUrl\":\"https:\\\/\\\/expressometro.mx\\\/wp-content\\\/uploads\\\/2022\\\/02\\\/WhatsApp-Image-2022-02-12-at-3.10.39-PM.jpeg\",\"articleSection\":[\"Gobierno\",\"Seguridad\"],\"inLanguage\":\"es\",\"potentialAction\":[{\"@type\":\"CommentAction\",\"name\":\"Comment\",\"target\":[\"https:\\\/\\\/expressometro.mx\\\/index.php\\\/2022\\\/02\\\/13\\\/encuentra-proteccion-civil-de-metepec-a-hombre-desaparecido-lo-detectan-gracias-a-reportes-ciudadanos\\\/#respond\"]}]},{\"@type\":\"WebPage\",\"@id\":\"https:\\\/\\\/expressometro.mx\\\/index.php\\\/2022\\\/02\\\/13\\\/encuentra-proteccion-civil-de-metepec-a-hombre-desaparecido-lo-detectan-gracias-a-reportes-ciudadanos\\\/\",\"url\":\"https:\\\/\\\/expressometro.mx\\\/index.php\\\/2022\\\/02\\\/13\\\/encuentra-proteccion-civil-de-metepec-a-hombre-desaparecido-lo-detectan-gracias-a-reportes-ciudadanos\\\/\",\"name\":\"Encuentra Protecci\u00f3n Civil de Metepec a hombre desaparecido; lo detectan gracias a reportes ciudadanos. - Expresso Metropolitano\",\"isPartOf\":{\"@id\":\"https:\\\/\\\/expressometro.mx\\\/#website\"},\"primaryImageOfPage\":{\"@id\":\"https:\\\/\\\/expressometro.mx\\\/index.php\\\/2022\\\/02\\\/13\\\/encuentra-proteccion-civil-de-metepec-a-hombre-desaparecido-lo-detectan-gracias-a-reportes-ciudadanos\\\/#primaryimage\"},\"image\":{\"@id\":\"https:\\\/\\\/expressometro.mx\\\/index.php\\\/2022\\\/02\\\/13\\\/encuentra-proteccion-civil-de-metepec-a-hombre-desaparecido-lo-detectan-gracias-a-reportes-ciudadanos\\\/#primaryimage\"},\"thumbnailUrl\":\"https:\\\/\\\/expressometro.mx\\\/wp-content\\\/uploads\\\/2022\\\/02\\\/WhatsApp-Image-2022-02-12-at-3.10.39-PM.jpeg\",\"datePublished\":\"2022-02-13T13:57:00+00:00\",\"dateModified\":\"2022-02-14T13:58:26+00:00\",\"breadcrumb\":{\"@id\":\"https:\\\/\\\/expressometro.mx\\\/index.php\\\/2022\\\/02\\\/13\\\/encuentra-proteccion-civil-de-metepec-a-hombre-desaparecido-lo-detectan-gracias-a-reportes-ciudadanos\\\/#breadcrumb\"},\"inLanguage\":\"es\",\"potentialAction\":[{\"@type\":\"ReadAction\",\"target\":[\"https:\\\/\\\/expressometro.mx\\\/index.php\\\/2022\\\/02\\\/13\\\/encuentra-proteccion-civil-de-metepec-a-hombre-desaparecido-lo-detectan-gracias-a-reportes-ciudadanos\\\/\"]}]},{\"@type\":\"ImageObject\",\"inLanguage\":\"es\",\"@id\":\"https:\\\/\\\/expressometro.mx\\\/index.php\\\/2022\\\/02\\\/13\\\/encuentra-proteccion-civil-de-metepec-a-hombre-desaparecido-lo-detectan-gracias-a-reportes-ciudadanos\\\/#primaryimage\",\"url\":\"https:\\\/\\\/expressometro.mx\\\/wp-content\\\/uploads\\\/2022\\\/02\\\/WhatsApp-Image-2022-02-12-at-3.10.39-PM.jpeg\",\"contentUrl\":\"https:\\\/\\\/expressometro.mx\\\/wp-content\\\/uploads\\\/2022\\\/02\\\/WhatsApp-Image-2022-02-12-at-3.10.39-PM.jpeg\",\"width\":900,\"height\":1600},{\"@type\":\"BreadcrumbList\",\"@id\":\"https:\\\/\\\/expressometro.mx\\\/index.php\\\/2022\\\/02\\\/13\\\/encuentra-proteccion-civil-de-metepec-a-hombre-desaparecido-lo-detectan-gracias-a-reportes-ciudadanos\\\/#breadcrumb\",\"itemListElement\":[{\"@type\":\"ListItem\",\"position\":1,\"name\":\"Inicio\",\"item\":\"https:\\\/\\\/expressometro.mx\\\/\"},{\"@type\":\"ListItem\",\"position\":2,\"name\":\"Encuentra Protecci\u00f3n Civil de Metepec a hombre desaparecido; lo detectan gracias a reportes ciudadanos.\"}]},{\"@type\":\"WebSite\",\"@id\":\"https:\\\/\\\/expressometro.mx\\\/#website\",\"url\":\"https:\\\/\\\/expressometro.mx\\\/\",\"name\":\"Expresso Metropolitano\",\"description\":\"Periodismo comprometido, informaci\u00f3n, investigaci\u00f3n y an\u00e1lisis\",\"publisher\":{\"@id\":\"https:\\\/\\\/expressometro.mx\\\/#organization\"},\"potentialAction\":[{\"@type\":\"SearchAction\",\"target\":{\"@type\":\"EntryPoint\",\"urlTemplate\":\"https:\\\/\\\/expressometro.mx\\\/?s={search_term_string}\"},\"query-input\":{\"@type\":\"PropertyValueSpecification\",\"valueRequired\":true,\"valueName\":\"search_term_string\"}}],\"inLanguage\":\"es\"},{\"@type\":\"Organization\",\"@id\":\"https:\\\/\\\/expressometro.mx\\\/#organization\",\"name\":\"Expresso Metropolitano\",\"url\":\"https:\\\/\\\/expressometro.mx\\\/\",\"logo\":{\"@type\":\"ImageObject\",\"inLanguage\":\"es\",\"@id\":\"https:\\\/\\\/expressometro.mx\\\/#\\\/schema\\\/logo\\\/image\\\/\",\"url\":\"https:\\\/\\\/expressometro.mx\\\/wp-content\\\/uploads\\\/2019\\\/07\\\/cropped-Logo-Expresso-Metropolitano-1-1.jpeg\",\"contentUrl\":\"https:\\\/\\\/expressometro.mx\\\/wp-content\\\/uploads\\\/2019\\\/07\\\/cropped-Logo-Expresso-Metropolitano-1-1.jpeg\",\"width\":290,\"height\":73,\"caption\":\"Expresso Metropolitano\"},\"image\":{\"@id\":\"https:\\\/\\\/expressometro.mx\\\/#\\\/schema\\\/logo\\\/image\\\/\"}},{\"@type\":\"Person\",\"@id\":\"https:\\\/\\\/expressometro.mx\\\/#\\\/schema\\\/person\\\/67a95b8e3862085c7598f66237488f1f\",\"name\":\"Cecilia Vega\",\"image\":{\"@type\":\"ImageObject\",\"inLanguage\":\"es\",\"@id\":\"https:\\\/\\\/secure.gravatar.com\\\/avatar\\\/13aae9944ab2ee472a9e407c9487fdbd03b049abaa559af32fe5dbcf615c981b?s=96&d=mm&r=g\",\"url\":\"https:\\\/\\\/secure.gravatar.com\\\/avatar\\\/13aae9944ab2ee472a9e407c9487fdbd03b049abaa559af32fe5dbcf615c981b?s=96&d=mm&r=g\",\"contentUrl\":\"https:\\\/\\\/secure.gravatar.com\\\/avatar\\\/13aae9944ab2ee472a9e407c9487fdbd03b049abaa559af32fe5dbcf615c981b?s=96&d=mm&r=g\",\"caption\":\"Cecilia Vega\"},\"url\":\"https:\\\/\\\/expressometro.mx\\\/index.php\\\/author\\\/cecilia-vega\\\/\"}]}<\/script>\n<!-- \/ Yoast SEO plugin. -->","yoast_head_json":{"title":"Encuentra Protecci\u00f3n Civil de Metepec a hombre desaparecido; lo detectan gracias a reportes ciudadanos. - Expresso Metropolitano","robots":{"index":"index","follow":"follow","max-snippet":"max-snippet:-1","max-image-preview":"max-image-preview:large","max-video-preview":"max-video-preview:-1"},"canonical":"https:\/\/expressometro.mx\/index.php\/2022\/02\/13\/encuentra-proteccion-civil-de-metepec-a-hombre-desaparecido-lo-detectan-gracias-a-reportes-ciudadanos\/","og_locale":"es_MX","og_type":"article","og_title":"Encuentra Protecci\u00f3n Civil de Metepec a hombre desaparecido; lo detectan gracias a reportes ciudadanos. - Expresso Metropolitano","og_description":"Personal de Protecci\u00f3n Civil de Metepec, atendi\u00f3 el llamado de vecinos de la comunidad, acudiendo la ma\u00f1ana de este viernes para asistir a un masculino que se encontraba en el piso sobre la vialidad Pino Su\u00e1rez casi esquina con Pedro Ascencio.","og_url":"https:\/\/expressometro.mx\/index.php\/2022\/02\/13\/encuentra-proteccion-civil-de-metepec-a-hombre-desaparecido-lo-detectan-gracias-a-reportes-ciudadanos\/","og_site_name":"Expresso Metropolitano","article_published_time":"2022-02-13T13:57:00+00:00","article_modified_time":"2022-02-14T13:58:26+00:00","og_image":[{"width":900,"height":1600,"url":"http:\/\/expressometro.mx\/wp-content\/uploads\/2022\/02\/WhatsApp-Image-2022-02-12-at-3.10.39-PM.jpeg","type":"image\/jpeg"}],"author":"Cecilia Vega","twitter_misc":{"Escrito por":"Cecilia Vega","Tiempo de lectura":"1 minuto"},"schema":{"@context":"https:\/\/schema.org","@graph":[{"@type":"Article","@id":"https:\/\/expressometro.mx\/index.php\/2022\/02\/13\/encuentra-proteccion-civil-de-metepec-a-hombre-desaparecido-lo-detectan-gracias-a-reportes-ciudadanos\/#article","isPartOf":{"@id":"https:\/\/expressometro.mx\/index.php\/2022\/02\/13\/encuentra-proteccion-civil-de-metepec-a-hombre-desaparecido-lo-detectan-gracias-a-reportes-ciudadanos\/"},"author":{"name":"Cecilia Vega","@id":"https:\/\/expressometro.mx\/#\/schema\/person\/67a95b8e3862085c7598f66237488f1f"},"headline":"Encuentra Protecci\u00f3n Civil de Metepec a hombre desaparecido; lo detectan gracias a reportes ciudadanos.","datePublished":"2022-02-13T13:57:00+00:00","dateModified":"2022-02-14T13:58:26+00:00","mainEntityOfPage":{"@id":"https:\/\/expressometro.mx\/index.php\/2022\/02\/13\/encuentra-proteccion-civil-de-metepec-a-hombre-desaparecido-lo-detectan-gracias-a-reportes-ciudadanos\/"},"wordCount":190,"commentCount":0,"publisher":{"@id":"https:\/\/expressometro.mx\/#organization"},"image":{"@id":"https:\/\/expressometro.mx\/index.php\/2022\/02\/13\/encuentra-proteccion-civil-de-metepec-a-hombre-desaparecido-lo-detectan-gracias-a-reportes-ciudadanos\/#primaryimage"},"thumbnailUrl":"https:\/\/expressometro.mx\/wp-content\/uploads\/2022\/02\/WhatsApp-Image-2022-02-12-at-3.10.39-PM.jpeg","articleSection":["Gobierno","Seguridad"],"inLanguage":"es","potentialAction":[{"@type":"CommentAction","name":"Comment","target":["https:\/\/expressometro.mx\/index.php\/2022\/02\/13\/encuentra-proteccion-civil-de-metepec-a-hombre-desaparecido-lo-detectan-gracias-a-reportes-ciudadanos\/#respond"]}]},{"@type":"WebPage","@id":"https:\/\/expressometro.mx\/index.php\/2022\/02\/13\/encuentra-proteccion-civil-de-metepec-a-hombre-desaparecido-lo-detectan-gracias-a-reportes-ciudadanos\/","url":"https:\/\/expressometro.mx\/index.php\/2022\/02\/13\/encuentra-proteccion-civil-de-metepec-a-hombre-desaparecido-lo-detectan-gracias-a-reportes-ciudadanos\/","name":"Encuentra Protecci\u00f3n Civil de Metepec a hombre desaparecido; lo detectan gracias a reportes ciudadanos. - Expresso Metropolitano","isPartOf":{"@id":"https:\/\/expressometro.mx\/#website"},"primaryImageOfPage":{"@id":"https:\/\/expressometro.mx\/index.php\/2022\/02\/13\/encuentra-proteccion-civil-de-metepec-a-hombre-desaparecido-lo-detectan-gracias-a-reportes-ciudadanos\/#primaryimage"},"image":{"@id":"https:\/\/expressometro.mx\/index.php\/2022\/02\/13\/encuentra-proteccion-civil-de-metepec-a-hombre-desaparecido-lo-detectan-gracias-a-reportes-ciudadanos\/#primaryimage"},"thumbnailUrl":"https:\/\/expressometro.mx\/wp-content\/uploads\/2022\/02\/WhatsApp-Image-2022-02-12-at-3.10.39-PM.jpeg","datePublished":"2022-02-13T13:57:00+00:00","dateModified":"2022-02-14T13:58:26+00:00","breadcrumb":{"@id":"https:\/\/expressometro.mx\/index.php\/2022\/02\/13\/encuentra-proteccion-civil-de-metepec-a-hombre-desaparecido-lo-detectan-gracias-a-reportes-ciudadanos\/#breadcrumb"},"inLanguage":"es","potentialAction":[{"@type":"ReadAction","target":["https:\/\/expressometro.mx\/index.php\/2022\/02\/13\/encuentra-proteccion-civil-de-metepec-a-hombre-desaparecido-lo-detectan-gracias-a-reportes-ciudadanos\/"]}]},{"@type":"ImageObject","inLanguage":"es","@id":"https:\/\/expressometro.mx\/index.php\/2022\/02\/13\/encuentra-proteccion-civil-de-metepec-a-hombre-desaparecido-lo-detectan-gracias-a-reportes-ciudadanos\/#primaryimage","url":"https:\/\/expressometro.mx\/wp-content\/uploads\/2022\/02\/WhatsApp-Image-2022-02-12-at-3.10.39-PM.jpeg","contentUrl":"https:\/\/expressometro.mx\/wp-content\/uploads\/2022\/02\/WhatsApp-Image-2022-02-12-at-3.10.39-PM.jpeg","width":900,"height":1600},{"@type":"BreadcrumbList","@id":"https:\/\/expressometro.mx\/index.php\/2022\/02\/13\/encuentra-proteccion-civil-de-metepec-a-hombre-desaparecido-lo-detectan-gracias-a-reportes-ciudadanos\/#breadcrumb","itemListElement":[{"@type":"ListItem","position":1,"name":"Inicio","item":"https:\/\/expressometro.mx\/"},{"@type":"ListItem","position":2,"name":"Encuentra Protecci\u00f3n Civil de Metepec a hombre desaparecido; lo detectan gracias a reportes ciudadanos."}]},{"@type":"WebSite","@id":"https:\/\/expressometro.mx\/#website","url":"https:\/\/expressometro.mx\/","name":"Expresso Metropolitano","description":"Periodismo comprometido, informaci\u00f3n, investigaci\u00f3n y an\u00e1lisis","publisher":{"@id":"https:\/\/expressometro.mx\/#organization"},"potentialAction":[{"@type":"SearchAction","target":{"@type":"EntryPoint","urlTemplate":"https:\/\/expressometro.mx\/?s={search_term_string}"},"query-input":{"@type":"PropertyValueSpecification","valueRequired":true,"valueName":"search_term_string"}}],"inLanguage":"es"},{"@type":"Organization","@id":"https:\/\/expressometro.mx\/#organization","name":"Expresso Metropolitano","url":"https:\/\/expressometro.mx\/","logo":{"@type":"ImageObject","inLanguage":"es","@id":"https:\/\/expressometro.mx\/#\/schema\/logo\/image\/","url":"https:\/\/expressometro.mx\/wp-content\/uploads\/2019\/07\/cropped-Logo-Expresso-Metropolitano-1-1.jpeg","contentUrl":"https:\/\/expressometro.mx\/wp-content\/uploads\/2019\/07\/cropped-Logo-Expresso-Metropolitano-1-1.jpeg","width":290,"height":73,"caption":"Expresso Metropolitano"},"image":{"@id":"https:\/\/expressometro.mx\/#\/schema\/logo\/image\/"}},{"@type":"Person","@id":"https:\/\/expressometro.mx\/#\/schema\/person\/67a95b8e3862085c7598f66237488f1f","name":"Cecilia Vega","image":{"@type":"ImageObject","inLanguage":"es","@id":"https:\/\/secure.gravatar.com\/avatar\/13aae9944ab2ee472a9e407c9487fdbd03b049abaa559af32fe5dbcf615c981b?s=96&d=mm&r=g","url":"https:\/\/secure.gravatar.com\/avatar\/13aae9944ab2ee472a9e407c9487fdbd03b049abaa559af32fe5dbcf615c981b?s=96&d=mm&r=g","contentUrl":"https:\/\/secure.gravatar.com\/avatar\/13aae9944ab2ee472a9e407c9487fdbd03b049abaa559af32fe5dbcf615c981b?s=96&d=mm&r=g","caption":"Cecilia Vega"},"url":"https:\/\/expressometro.mx\/index.php\/author\/cecilia-vega\/"}]}},"amp_enabled":true,"_links":{"self":[{"href":"https:\/\/expressometro.mx\/index.php\/wp-json\/wp\/v2\/posts\/5215","targetHints":{"allow":["GET"]}}],"collection":[{"href":"https:\/\/expressometro.mx\/index.php\/wp-json\/wp\/v2\/posts"}],"about":[{"href":"https:\/\/expressometro.mx\/index.php\/wp-json\/wp\/v2\/types\/post"}],"author":[{"embeddable":true,"href":"https:\/\/expressometro.mx\/index.php\/wp-json\/wp\/v2\/users\/2"}],"replies":[{"embeddable":true,"href":"https:\/\/expressometro.mx\/index.php\/wp-json\/wp\/v2\/comments?post=5215"}],"version-history":[{"count":1,"href":"https:\/\/expressometro.mx\/index.php\/wp-json\/wp\/v2\/posts\/5215\/revisions"}],"predecessor-version":[{"id":5219,"href":"https:\/\/expressometro.mx\/index.php\/wp-json\/wp\/v2\/posts\/5215\/revisions\/5219"}],"wp:featuredmedia":[{"embeddable":true,"href":"https:\/\/expressometro.mx\/index.php\/wp-json\/wp\/v2\/media\/5217"}],"wp:attachment":[{"href":"https:\/\/expressometro.mx\/index.php\/wp-json\/wp\/v2\/media?parent=5215"}],"wp:term":[{"taxonomy":"category","embeddable":true,"href":"https:\/\/expressometro.mx\/index.php\/wp-json\/wp\/v2\/categories?post=5215"},{"taxonomy":"post_tag","embeddable":true,"href":"https:\/\/expressometro.mx\/index.php\/wp-json\/wp\/v2\/tags?post=5215"}],"curies":[{"name":"wp","href":"https:\/\/api.w.org\/{rel}","templated":true}]}}