{"id":518,"date":"2019-09-06T13:56:29","date_gmt":"2019-09-06T18:56:29","guid":{"rendered":"http:\/\/expressometro.mx\/?p=518"},"modified":"2019-09-25T10:34:15","modified_gmt":"2019-09-25T15:34:15","slug":"mantiene-gobernador-alfredo-del-mazo-compromiso-con-productores-de-calzado-para-apoyarlos-y-fortalecerlos","status":"publish","type":"post","link":"https:\/\/expressometro.mx\/index.php\/2019\/09\/06\/mantiene-gobernador-alfredo-del-mazo-compromiso-con-productores-de-calzado-para-apoyarlos-y-fortalecerlos\/","title":{"rendered":"MANTIENE GOBERNADOR ALFREDO DEL MAZO COMPROMISO CON PRODUCTORES DE CALZADO PARA APOYARLOS Y FORTALECERLOS"},"content":{"rendered":"\n<p>&nbsp;Ante decenas de productores de calzado de este municipio y p\u00fablico en general, el titular de la Secretar\u00eda de Desarrollo Econ\u00f3mico (Sedeco), Enrique Jacob Rocha, reitero el compromiso del Gobernador de la entidad, Alfredo Del Mazo Maza para que los peque\u00f1os negocios del sector, crezcan, se modernicen y compitan con mayores capacidades en un mercado cada vez m\u00e1s abierto.<\/p>\n\n\n\n<p>Al inaugurar, junto con el Presidente municipal, Julio C\u00e9sar Serrano Gonz\u00e1lez, la Feria de la Proveedur\u00eda del Calzado 2019, que se realiza en esta regi\u00f3n, el Secretario de la Sedeco refrend\u00f3 la disposici\u00f3n del mandatario de ser un gran aliado de los productores de calzado y todos quienes participan de manera directa o indirecta en esta actividad.<\/p>\n\n\n\n<p>Por eso, como Gobierno se impulsa una gran cruzada a favor de los negocios de menor tama\u00f1o para apuntalar su fortalecimiento, de ah\u00ed, la importancia de realizar eventos de esta naturaleza, de apoyar la capacitaci\u00f3n del personal y contribuir en la modernizaci\u00f3n de estos negocios, afirm\u00f3.<\/p>\n\n\n\n<p>Jacob Rocha asever\u00f3 que el Gobernador tiene claro que esta industria, se basa en gran medida, en peque\u00f1os talleres familiares, en negocios que han surgido y se han mantenido, muchas veces por s\u00ed solos con sus propios recursos y que, a pesar de ello, han logrado salir adelante y crecer.<\/p>\n\n\n\n<p>Mencion\u00f3 que los prop\u00f3sitos inmediatos son acercar programas y servicios que apoyen las capacidades productivas y de operaci\u00f3n de las empresas de menor tama\u00f1o a fin de fortalecer sus capacidades empresariales, incorporar nuevas tecnolog\u00edas, promover su bancarizaci\u00f3n y moverlos de forma paulatina hacia la formalidad.<\/p>\n\n\n\n<p>Enrique Jacob se\u00f1al\u00f3 que San Mateo Atenco es una zona clave en la producci\u00f3n de calzado y el Estado de M\u00e9xico ocupa el sexto lugar nacional por el n\u00famero de unidades econ\u00f3micas dedicadas a la fabricaci\u00f3n de \u00e9ste.<\/p>\n\n\n\n<p>Por eso, es necesario conjuntar sinergias con las autoridades municipales a fin de que este sector productivo pueda ser m\u00e1s fuerte y se logren dar tiros de precisi\u00f3n en estos n\u00facleos para ser m\u00e1s competitivos en los distintos canales de comercio, expres\u00f3.<\/p>\n\n\n\n<p>Por su parte, el Presidente municipal reconoci\u00f3 la disposici\u00f3n del Gobernador Alfredo Del Mazo Maza para el trabajo conjunto, as\u00ed como de los socios comerciales, artesanos y comerciantes de productos de piel, para seguir manteniendo esta industria como el principal foco productivo y de captaci\u00f3n tur\u00edstica para la regi\u00f3n.<\/p>\n\n\n\n<p>Cabe se\u00f1alar que esta feria, que consta de 40 estands, en los que se presentar\u00e1n diferentes expositores de tendencias de dise\u00f1o de calzado, deriva de una acci\u00f3n coordinada entre los distintos niveles de Gobierno y las principales plazas de calzado del municipio.<\/p>\n\n\n\n<p>Adem\u00e1s de pasarelas y talleres, habr\u00e1 conferencias a cargo de especialistas en el tema del calzado a nivel nacional, como la dise\u00f1adora Florencia Verd\u00edn y Delio Castillo Puerto, ambos reconocidos en el mundo del dise\u00f1o en piel en el pa\u00eds.<\/p>\n\n\n\n<p>LIGA DE DESCARGA A REEL:&nbsp;<a href=\"https:\/\/we.tl\/t-pWwNT8lsQu\">https:\/\/we.tl\/t-pWwNT8lsQu<\/a><\/p>\n","protected":false},"excerpt":{"rendered":"<p>&nbsp;Ante decenas de productores de calzado de este municipio y p\u00fablico en general, el titular de la Secretar\u00eda de Desarrollo Econ\u00f3mico (Sedeco), Enrique Jacob Rocha, reitero el compromiso del Gobernador de la entidad, Alfredo Del Mazo Maza para que los peque\u00f1os negocios del sector, crezcan, se modernicen y compitan con mayores capacidades en un mercado cada vez m\u00e1s abierto. Al inaugurar, junto con el Presidente municipal, Julio C\u00e9sar Serrano Gonz\u00e1lez, la Feria de la Proveedur\u00eda del Calzado 2019, que se realiza en esta regi\u00f3n, el Secretario de la Sedeco refrend\u00f3&hellip;<\/p>\n","protected":false},"author":1,"featured_media":519,"comment_status":"open","ping_status":"open","sticky":false,"template":"","format":"standard","meta":{"footnotes":""},"categories":[4,3],"tags":[],"class_list":["post-518","post","type-post","status-publish","format-standard","has-post-thumbnail","hentry","category-finanzas","category-gobierno"],"yoast_head":"<!-- This site is optimized with the Yoast SEO plugin v27.5 - https:\/\/yoast.com\/product\/yoast-seo-wordpress\/ -->\n<title>MANTIENE GOBERNADOR ALFREDO DEL MAZO COMPROMISO CON PRODUCTORES DE CALZADO PARA APOYARLOS Y FORTALECERLOS - Expresso Metropolitano<\/title>\n<meta name=\"robots\" content=\"index, follow, max-snippet:-1, max-image-preview:large, max-video-preview:-1\" \/>\n<link rel=\"canonical\" href=\"https:\/\/expressometro.mx\/index.php\/2019\/09\/06\/mantiene-gobernador-alfredo-del-mazo-compromiso-con-productores-de-calzado-para-apoyarlos-y-fortalecerlos\/\" \/>\n<meta property=\"og:locale\" content=\"es_MX\" \/>\n<meta property=\"og:type\" content=\"article\" \/>\n<meta property=\"og:title\" content=\"MANTIENE GOBERNADOR ALFREDO DEL MAZO COMPROMISO CON PRODUCTORES DE CALZADO PARA APOYARLOS Y FORTALECERLOS - Expresso Metropolitano\" \/>\n<meta property=\"og:description\" content=\"&nbsp;Ante decenas de productores de calzado de este municipio y p\u00fablico en general, el titular de la Secretar\u00eda de Desarrollo Econ\u00f3mico (Sedeco), Enrique Jacob Rocha, reitero el compromiso del Gobernador de la entidad, Alfredo Del Mazo Maza para que los peque\u00f1os negocios del sector, crezcan, se modernicen y compitan con mayores capacidades en un mercado cada vez m\u00e1s abierto. Al inaugurar, junto con el Presidente municipal, Julio C\u00e9sar Serrano Gonz\u00e1lez, la Feria de la Proveedur\u00eda del Calzado 2019, que se realiza en esta regi\u00f3n, el Secretario de la Sedeco refrend\u00f3&hellip;\" \/>\n<meta property=\"og:url\" content=\"https:\/\/expressometro.mx\/index.php\/2019\/09\/06\/mantiene-gobernador-alfredo-del-mazo-compromiso-con-productores-de-calzado-para-apoyarlos-y-fortalecerlos\/\" \/>\n<meta property=\"og:site_name\" content=\"Expresso Metropolitano\" \/>\n<meta property=\"article:published_time\" content=\"2019-09-06T18:56:29+00:00\" \/>\n<meta property=\"article:modified_time\" content=\"2019-09-25T15:34:15+00:00\" \/>\n<meta property=\"og:image\" content=\"https:\/\/expressometro.mx\/wp-content\/uploads\/2019\/09\/w2_9010_1.jpg\" \/>\n\t<meta property=\"og:image:width\" content=\"1500\" \/>\n\t<meta property=\"og:image:height\" content=\"840\" \/>\n\t<meta property=\"og:image:type\" content=\"image\/jpeg\" \/>\n<meta name=\"author\" content=\"Expresso Metropolitano\" \/>\n<meta name=\"twitter:label1\" content=\"Escrito por\" \/>\n\t<meta name=\"twitter:data1\" content=\"Expresso Metropolitano\" \/>\n\t<meta name=\"twitter:label2\" content=\"Tiempo de lectura\" \/>\n\t<meta name=\"twitter:data2\" content=\"3 minutos\" \/>\n<script type=\"application\/ld+json\" class=\"yoast-schema-graph\">{\"@context\":\"https:\\\/\\\/schema.org\",\"@graph\":[{\"@type\":\"Article\",\"@id\":\"https:\\\/\\\/expressometro.mx\\\/index.php\\\/2019\\\/09\\\/06\\\/mantiene-gobernador-alfredo-del-mazo-compromiso-con-productores-de-calzado-para-apoyarlos-y-fortalecerlos\\\/#article\",\"isPartOf\":{\"@id\":\"https:\\\/\\\/expressometro.mx\\\/index.php\\\/2019\\\/09\\\/06\\\/mantiene-gobernador-alfredo-del-mazo-compromiso-con-productores-de-calzado-para-apoyarlos-y-fortalecerlos\\\/\"},\"author\":{\"name\":\"Expresso Metropolitano\",\"@id\":\"https:\\\/\\\/expressometro.mx\\\/#\\\/schema\\\/person\\\/efa971b4a0664db8ed5c22b1b0dd2f5d\"},\"headline\":\"MANTIENE GOBERNADOR ALFREDO DEL MAZO COMPROMISO CON PRODUCTORES DE CALZADO PARA APOYARLOS Y FORTALECERLOS\",\"datePublished\":\"2019-09-06T18:56:29+00:00\",\"dateModified\":\"2019-09-25T15:34:15+00:00\",\"mainEntityOfPage\":{\"@id\":\"https:\\\/\\\/expressometro.mx\\\/index.php\\\/2019\\\/09\\\/06\\\/mantiene-gobernador-alfredo-del-mazo-compromiso-con-productores-de-calzado-para-apoyarlos-y-fortalecerlos\\\/\"},\"wordCount\":534,\"commentCount\":0,\"publisher\":{\"@id\":\"https:\\\/\\\/expressometro.mx\\\/#organization\"},\"image\":{\"@id\":\"https:\\\/\\\/expressometro.mx\\\/index.php\\\/2019\\\/09\\\/06\\\/mantiene-gobernador-alfredo-del-mazo-compromiso-con-productores-de-calzado-para-apoyarlos-y-fortalecerlos\\\/#primaryimage\"},\"thumbnailUrl\":\"https:\\\/\\\/expressometro.mx\\\/wp-content\\\/uploads\\\/2019\\\/09\\\/w2_9010_1.jpg\",\"articleSection\":[\"Finanzas\",\"Gobierno\"],\"inLanguage\":\"es\",\"potentialAction\":[{\"@type\":\"CommentAction\",\"name\":\"Comment\",\"target\":[\"https:\\\/\\\/expressometro.mx\\\/index.php\\\/2019\\\/09\\\/06\\\/mantiene-gobernador-alfredo-del-mazo-compromiso-con-productores-de-calzado-para-apoyarlos-y-fortalecerlos\\\/#respond\"]}]},{\"@type\":\"WebPage\",\"@id\":\"https:\\\/\\\/expressometro.mx\\\/index.php\\\/2019\\\/09\\\/06\\\/mantiene-gobernador-alfredo-del-mazo-compromiso-con-productores-de-calzado-para-apoyarlos-y-fortalecerlos\\\/\",\"url\":\"https:\\\/\\\/expressometro.mx\\\/index.php\\\/2019\\\/09\\\/06\\\/mantiene-gobernador-alfredo-del-mazo-compromiso-con-productores-de-calzado-para-apoyarlos-y-fortalecerlos\\\/\",\"name\":\"MANTIENE GOBERNADOR ALFREDO DEL MAZO COMPROMISO CON PRODUCTORES DE CALZADO PARA APOYARLOS Y FORTALECERLOS - Expresso Metropolitano\",\"isPartOf\":{\"@id\":\"https:\\\/\\\/expressometro.mx\\\/#website\"},\"primaryImageOfPage\":{\"@id\":\"https:\\\/\\\/expressometro.mx\\\/index.php\\\/2019\\\/09\\\/06\\\/mantiene-gobernador-alfredo-del-mazo-compromiso-con-productores-de-calzado-para-apoyarlos-y-fortalecerlos\\\/#primaryimage\"},\"image\":{\"@id\":\"https:\\\/\\\/expressometro.mx\\\/index.php\\\/2019\\\/09\\\/06\\\/mantiene-gobernador-alfredo-del-mazo-compromiso-con-productores-de-calzado-para-apoyarlos-y-fortalecerlos\\\/#primaryimage\"},\"thumbnailUrl\":\"https:\\\/\\\/expressometro.mx\\\/wp-content\\\/uploads\\\/2019\\\/09\\\/w2_9010_1.jpg\",\"datePublished\":\"2019-09-06T18:56:29+00:00\",\"dateModified\":\"2019-09-25T15:34:15+00:00\",\"breadcrumb\":{\"@id\":\"https:\\\/\\\/expressometro.mx\\\/index.php\\\/2019\\\/09\\\/06\\\/mantiene-gobernador-alfredo-del-mazo-compromiso-con-productores-de-calzado-para-apoyarlos-y-fortalecerlos\\\/#breadcrumb\"},\"inLanguage\":\"es\",\"potentialAction\":[{\"@type\":\"ReadAction\",\"target\":[\"https:\\\/\\\/expressometro.mx\\\/index.php\\\/2019\\\/09\\\/06\\\/mantiene-gobernador-alfredo-del-mazo-compromiso-con-productores-de-calzado-para-apoyarlos-y-fortalecerlos\\\/\"]}]},{\"@type\":\"ImageObject\",\"inLanguage\":\"es\",\"@id\":\"https:\\\/\\\/expressometro.mx\\\/index.php\\\/2019\\\/09\\\/06\\\/mantiene-gobernador-alfredo-del-mazo-compromiso-con-productores-de-calzado-para-apoyarlos-y-fortalecerlos\\\/#primaryimage\",\"url\":\"https:\\\/\\\/expressometro.mx\\\/wp-content\\\/uploads\\\/2019\\\/09\\\/w2_9010_1.jpg\",\"contentUrl\":\"https:\\\/\\\/expressometro.mx\\\/wp-content\\\/uploads\\\/2019\\\/09\\\/w2_9010_1.jpg\",\"width\":1500,\"height\":840},{\"@type\":\"BreadcrumbList\",\"@id\":\"https:\\\/\\\/expressometro.mx\\\/index.php\\\/2019\\\/09\\\/06\\\/mantiene-gobernador-alfredo-del-mazo-compromiso-con-productores-de-calzado-para-apoyarlos-y-fortalecerlos\\\/#breadcrumb\",\"itemListElement\":[{\"@type\":\"ListItem\",\"position\":1,\"name\":\"Inicio\",\"item\":\"https:\\\/\\\/expressometro.mx\\\/\"},{\"@type\":\"ListItem\",\"position\":2,\"name\":\"MANTIENE GOBERNADOR ALFREDO DEL MAZO COMPROMISO CON PRODUCTORES DE CALZADO PARA APOYARLOS Y FORTALECERLOS\"}]},{\"@type\":\"WebSite\",\"@id\":\"https:\\\/\\\/expressometro.mx\\\/#website\",\"url\":\"https:\\\/\\\/expressometro.mx\\\/\",\"name\":\"Expresso Metropolitano\",\"description\":\"Periodismo comprometido, informaci\u00f3n, investigaci\u00f3n y an\u00e1lisis\",\"publisher\":{\"@id\":\"https:\\\/\\\/expressometro.mx\\\/#organization\"},\"potentialAction\":[{\"@type\":\"SearchAction\",\"target\":{\"@type\":\"EntryPoint\",\"urlTemplate\":\"https:\\\/\\\/expressometro.mx\\\/?s={search_term_string}\"},\"query-input\":{\"@type\":\"PropertyValueSpecification\",\"valueRequired\":true,\"valueName\":\"search_term_string\"}}],\"inLanguage\":\"es\"},{\"@type\":\"Organization\",\"@id\":\"https:\\\/\\\/expressometro.mx\\\/#organization\",\"name\":\"Expresso Metropolitano\",\"url\":\"https:\\\/\\\/expressometro.mx\\\/\",\"logo\":{\"@type\":\"ImageObject\",\"inLanguage\":\"es\",\"@id\":\"https:\\\/\\\/expressometro.mx\\\/#\\\/schema\\\/logo\\\/image\\\/\",\"url\":\"https:\\\/\\\/expressometro.mx\\\/wp-content\\\/uploads\\\/2019\\\/07\\\/cropped-Logo-Expresso-Metropolitano-1-1.jpeg\",\"contentUrl\":\"https:\\\/\\\/expressometro.mx\\\/wp-content\\\/uploads\\\/2019\\\/07\\\/cropped-Logo-Expresso-Metropolitano-1-1.jpeg\",\"width\":290,\"height\":73,\"caption\":\"Expresso Metropolitano\"},\"image\":{\"@id\":\"https:\\\/\\\/expressometro.mx\\\/#\\\/schema\\\/logo\\\/image\\\/\"}},{\"@type\":\"Person\",\"@id\":\"https:\\\/\\\/expressometro.mx\\\/#\\\/schema\\\/person\\\/efa971b4a0664db8ed5c22b1b0dd2f5d\",\"name\":\"Expresso Metropolitano\",\"image\":{\"@type\":\"ImageObject\",\"inLanguage\":\"es\",\"@id\":\"https:\\\/\\\/secure.gravatar.com\\\/avatar\\\/a89f802b8de18c6952f223c88d3d106e9e3679839f4e25a02f4a6cc2ae6ba3b3?s=96&d=mm&r=g\",\"url\":\"https:\\\/\\\/secure.gravatar.com\\\/avatar\\\/a89f802b8de18c6952f223c88d3d106e9e3679839f4e25a02f4a6cc2ae6ba3b3?s=96&d=mm&r=g\",\"contentUrl\":\"https:\\\/\\\/secure.gravatar.com\\\/avatar\\\/a89f802b8de18c6952f223c88d3d106e9e3679839f4e25a02f4a6cc2ae6ba3b3?s=96&d=mm&r=g\",\"caption\":\"Expresso Metropolitano\"},\"url\":\"https:\\\/\\\/expressometro.mx\\\/index.php\\\/author\\\/diego\\\/\"}]}<\/script>\n<!-- \/ Yoast SEO plugin. -->","yoast_head_json":{"title":"MANTIENE GOBERNADOR ALFREDO DEL MAZO COMPROMISO CON PRODUCTORES DE CALZADO PARA APOYARLOS Y FORTALECERLOS - Expresso Metropolitano","robots":{"index":"index","follow":"follow","max-snippet":"max-snippet:-1","max-image-preview":"max-image-preview:large","max-video-preview":"max-video-preview:-1"},"canonical":"https:\/\/expressometro.mx\/index.php\/2019\/09\/06\/mantiene-gobernador-alfredo-del-mazo-compromiso-con-productores-de-calzado-para-apoyarlos-y-fortalecerlos\/","og_locale":"es_MX","og_type":"article","og_title":"MANTIENE GOBERNADOR ALFREDO DEL MAZO COMPROMISO CON PRODUCTORES DE CALZADO PARA APOYARLOS Y FORTALECERLOS - Expresso Metropolitano","og_description":"&nbsp;Ante decenas de productores de calzado de este municipio y p\u00fablico en general, el titular de la Secretar\u00eda de Desarrollo Econ\u00f3mico (Sedeco), Enrique Jacob Rocha, reitero el compromiso del Gobernador de la entidad, Alfredo Del Mazo Maza para que los peque\u00f1os negocios del sector, crezcan, se modernicen y compitan con mayores capacidades en un mercado cada vez m\u00e1s abierto. Al inaugurar, junto con el Presidente municipal, Julio C\u00e9sar Serrano Gonz\u00e1lez, la Feria de la Proveedur\u00eda del Calzado 2019, que se realiza en esta regi\u00f3n, el Secretario de la Sedeco refrend\u00f3&hellip;","og_url":"https:\/\/expressometro.mx\/index.php\/2019\/09\/06\/mantiene-gobernador-alfredo-del-mazo-compromiso-con-productores-de-calzado-para-apoyarlos-y-fortalecerlos\/","og_site_name":"Expresso Metropolitano","article_published_time":"2019-09-06T18:56:29+00:00","article_modified_time":"2019-09-25T15:34:15+00:00","og_image":[{"width":1500,"height":840,"url":"https:\/\/expressometro.mx\/wp-content\/uploads\/2019\/09\/w2_9010_1.jpg","type":"image\/jpeg"}],"author":"Expresso Metropolitano","twitter_misc":{"Escrito por":"Expresso Metropolitano","Tiempo de lectura":"3 minutos"},"schema":{"@context":"https:\/\/schema.org","@graph":[{"@type":"Article","@id":"https:\/\/expressometro.mx\/index.php\/2019\/09\/06\/mantiene-gobernador-alfredo-del-mazo-compromiso-con-productores-de-calzado-para-apoyarlos-y-fortalecerlos\/#article","isPartOf":{"@id":"https:\/\/expressometro.mx\/index.php\/2019\/09\/06\/mantiene-gobernador-alfredo-del-mazo-compromiso-con-productores-de-calzado-para-apoyarlos-y-fortalecerlos\/"},"author":{"name":"Expresso Metropolitano","@id":"https:\/\/expressometro.mx\/#\/schema\/person\/efa971b4a0664db8ed5c22b1b0dd2f5d"},"headline":"MANTIENE GOBERNADOR ALFREDO DEL MAZO COMPROMISO CON PRODUCTORES DE CALZADO PARA APOYARLOS Y FORTALECERLOS","datePublished":"2019-09-06T18:56:29+00:00","dateModified":"2019-09-25T15:34:15+00:00","mainEntityOfPage":{"@id":"https:\/\/expressometro.mx\/index.php\/2019\/09\/06\/mantiene-gobernador-alfredo-del-mazo-compromiso-con-productores-de-calzado-para-apoyarlos-y-fortalecerlos\/"},"wordCount":534,"commentCount":0,"publisher":{"@id":"https:\/\/expressometro.mx\/#organization"},"image":{"@id":"https:\/\/expressometro.mx\/index.php\/2019\/09\/06\/mantiene-gobernador-alfredo-del-mazo-compromiso-con-productores-de-calzado-para-apoyarlos-y-fortalecerlos\/#primaryimage"},"thumbnailUrl":"https:\/\/expressometro.mx\/wp-content\/uploads\/2019\/09\/w2_9010_1.jpg","articleSection":["Finanzas","Gobierno"],"inLanguage":"es","potentialAction":[{"@type":"CommentAction","name":"Comment","target":["https:\/\/expressometro.mx\/index.php\/2019\/09\/06\/mantiene-gobernador-alfredo-del-mazo-compromiso-con-productores-de-calzado-para-apoyarlos-y-fortalecerlos\/#respond"]}]},{"@type":"WebPage","@id":"https:\/\/expressometro.mx\/index.php\/2019\/09\/06\/mantiene-gobernador-alfredo-del-mazo-compromiso-con-productores-de-calzado-para-apoyarlos-y-fortalecerlos\/","url":"https:\/\/expressometro.mx\/index.php\/2019\/09\/06\/mantiene-gobernador-alfredo-del-mazo-compromiso-con-productores-de-calzado-para-apoyarlos-y-fortalecerlos\/","name":"MANTIENE GOBERNADOR ALFREDO DEL MAZO COMPROMISO CON PRODUCTORES DE CALZADO PARA APOYARLOS Y FORTALECERLOS - Expresso Metropolitano","isPartOf":{"@id":"https:\/\/expressometro.mx\/#website"},"primaryImageOfPage":{"@id":"https:\/\/expressometro.mx\/index.php\/2019\/09\/06\/mantiene-gobernador-alfredo-del-mazo-compromiso-con-productores-de-calzado-para-apoyarlos-y-fortalecerlos\/#primaryimage"},"image":{"@id":"https:\/\/expressometro.mx\/index.php\/2019\/09\/06\/mantiene-gobernador-alfredo-del-mazo-compromiso-con-productores-de-calzado-para-apoyarlos-y-fortalecerlos\/#primaryimage"},"thumbnailUrl":"https:\/\/expressometro.mx\/wp-content\/uploads\/2019\/09\/w2_9010_1.jpg","datePublished":"2019-09-06T18:56:29+00:00","dateModified":"2019-09-25T15:34:15+00:00","breadcrumb":{"@id":"https:\/\/expressometro.mx\/index.php\/2019\/09\/06\/mantiene-gobernador-alfredo-del-mazo-compromiso-con-productores-de-calzado-para-apoyarlos-y-fortalecerlos\/#breadcrumb"},"inLanguage":"es","potentialAction":[{"@type":"ReadAction","target":["https:\/\/expressometro.mx\/index.php\/2019\/09\/06\/mantiene-gobernador-alfredo-del-mazo-compromiso-con-productores-de-calzado-para-apoyarlos-y-fortalecerlos\/"]}]},{"@type":"ImageObject","inLanguage":"es","@id":"https:\/\/expressometro.mx\/index.php\/2019\/09\/06\/mantiene-gobernador-alfredo-del-mazo-compromiso-con-productores-de-calzado-para-apoyarlos-y-fortalecerlos\/#primaryimage","url":"https:\/\/expressometro.mx\/wp-content\/uploads\/2019\/09\/w2_9010_1.jpg","contentUrl":"https:\/\/expressometro.mx\/wp-content\/uploads\/2019\/09\/w2_9010_1.jpg","width":1500,"height":840},{"@type":"BreadcrumbList","@id":"https:\/\/expressometro.mx\/index.php\/2019\/09\/06\/mantiene-gobernador-alfredo-del-mazo-compromiso-con-productores-de-calzado-para-apoyarlos-y-fortalecerlos\/#breadcrumb","itemListElement":[{"@type":"ListItem","position":1,"name":"Inicio","item":"https:\/\/expressometro.mx\/"},{"@type":"ListItem","position":2,"name":"MANTIENE GOBERNADOR ALFREDO DEL MAZO COMPROMISO CON PRODUCTORES DE CALZADO PARA APOYARLOS Y FORTALECERLOS"}]},{"@type":"WebSite","@id":"https:\/\/expressometro.mx\/#website","url":"https:\/\/expressometro.mx\/","name":"Expresso Metropolitano","description":"Periodismo comprometido, informaci\u00f3n, investigaci\u00f3n y an\u00e1lisis","publisher":{"@id":"https:\/\/expressometro.mx\/#organization"},"potentialAction":[{"@type":"SearchAction","target":{"@type":"EntryPoint","urlTemplate":"https:\/\/expressometro.mx\/?s={search_term_string}"},"query-input":{"@type":"PropertyValueSpecification","valueRequired":true,"valueName":"search_term_string"}}],"inLanguage":"es"},{"@type":"Organization","@id":"https:\/\/expressometro.mx\/#organization","name":"Expresso Metropolitano","url":"https:\/\/expressometro.mx\/","logo":{"@type":"ImageObject","inLanguage":"es","@id":"https:\/\/expressometro.mx\/#\/schema\/logo\/image\/","url":"https:\/\/expressometro.mx\/wp-content\/uploads\/2019\/07\/cropped-Logo-Expresso-Metropolitano-1-1.jpeg","contentUrl":"https:\/\/expressometro.mx\/wp-content\/uploads\/2019\/07\/cropped-Logo-Expresso-Metropolitano-1-1.jpeg","width":290,"height":73,"caption":"Expresso Metropolitano"},"image":{"@id":"https:\/\/expressometro.mx\/#\/schema\/logo\/image\/"}},{"@type":"Person","@id":"https:\/\/expressometro.mx\/#\/schema\/person\/efa971b4a0664db8ed5c22b1b0dd2f5d","name":"Expresso Metropolitano","image":{"@type":"ImageObject","inLanguage":"es","@id":"https:\/\/secure.gravatar.com\/avatar\/a89f802b8de18c6952f223c88d3d106e9e3679839f4e25a02f4a6cc2ae6ba3b3?s=96&d=mm&r=g","url":"https:\/\/secure.gravatar.com\/avatar\/a89f802b8de18c6952f223c88d3d106e9e3679839f4e25a02f4a6cc2ae6ba3b3?s=96&d=mm&r=g","contentUrl":"https:\/\/secure.gravatar.com\/avatar\/a89f802b8de18c6952f223c88d3d106e9e3679839f4e25a02f4a6cc2ae6ba3b3?s=96&d=mm&r=g","caption":"Expresso Metropolitano"},"url":"https:\/\/expressometro.mx\/index.php\/author\/diego\/"}]}},"amp_enabled":true,"_links":{"self":[{"href":"https:\/\/expressometro.mx\/index.php\/wp-json\/wp\/v2\/posts\/518","targetHints":{"allow":["GET"]}}],"collection":[{"href":"https:\/\/expressometro.mx\/index.php\/wp-json\/wp\/v2\/posts"}],"about":[{"href":"https:\/\/expressometro.mx\/index.php\/wp-json\/wp\/v2\/types\/post"}],"author":[{"embeddable":true,"href":"https:\/\/expressometro.mx\/index.php\/wp-json\/wp\/v2\/users\/1"}],"replies":[{"embeddable":true,"href":"https:\/\/expressometro.mx\/index.php\/wp-json\/wp\/v2\/comments?post=518"}],"version-history":[{"count":1,"href":"https:\/\/expressometro.mx\/index.php\/wp-json\/wp\/v2\/posts\/518\/revisions"}],"predecessor-version":[{"id":520,"href":"https:\/\/expressometro.mx\/index.php\/wp-json\/wp\/v2\/posts\/518\/revisions\/520"}],"wp:featuredmedia":[{"embeddable":true,"href":"https:\/\/expressometro.mx\/index.php\/wp-json\/wp\/v2\/media\/519"}],"wp:attachment":[{"href":"https:\/\/expressometro.mx\/index.php\/wp-json\/wp\/v2\/media?parent=518"}],"wp:term":[{"taxonomy":"category","embeddable":true,"href":"https:\/\/expressometro.mx\/index.php\/wp-json\/wp\/v2\/categories?post=518"},{"taxonomy":"post_tag","embeddable":true,"href":"https:\/\/expressometro.mx\/index.php\/wp-json\/wp\/v2\/tags?post=518"}],"curies":[{"name":"wp","href":"https:\/\/api.w.org\/{rel}","templated":true}]}}