{"id":5166,"date":"2022-02-07T23:35:00","date_gmt":"2022-02-08T05:35:00","guid":{"rendered":"https:\/\/expressometro.mx\/?p=5166"},"modified":"2022-02-08T16:06:38","modified_gmt":"2022-02-08T22:06:38","slug":"eric-sevilla-y-monserrath-sobreyra-se-registran-para-dirigir-al-pri-edomex","status":"publish","type":"post","link":"https:\/\/expressometro.mx\/index.php\/2022\/02\/07\/eric-sevilla-y-monserrath-sobreyra-se-registran-para-dirigir-al-pri-edomex\/","title":{"rendered":"Eric Sevilla y Monserrath Sobreyra se registran para dirigir al PRI Edomex"},"content":{"rendered":"\n<p>Eric Sevilla Montes de Oca y Monserrath Sobreyra Santos, registraron su f\u00f3rmula para la elecci\u00f3n extraordinaria de la Presidencia y la Secretar\u00eda General del Comit\u00e9 Directivo Estatal del Partido Revolucionario Institucional en el Estado de M\u00e9xico, para concluir el periodo estatutario 2019-2023.<\/p>\n\n\n\n<p>Tras ser la f\u00f3rmula \u00fanica de aspirantes en acudir a la Sesi\u00f3n de Registro a entregar su documentaci\u00f3n, Eric Sevilla expres\u00f3 que \u201cno hay mayor privilegio para un mexiquense que estar sentado en este suelo. Soy un militante como todos ustedes y si somos cumplidores de lo que marca la convocatoria, seguiremos adelante\u201d.<\/p>\n\n\n\n<p>Ante Jorge Rojo Garc\u00eda de Alba, delegado del CEN del PRI en la entidad; los integrantes de la Comisi\u00f3n Estatal de Procesos Internos, encabezados por Marcela Velasco Gonz\u00e1lez; y con la presencia de Andr\u00e9s Aguirre Romero y Enrique Mart\u00ednez Orta Flores como Presidente y secretario General provisionales del CDE, Eric Sevilla afirm\u00f3 que acude con gran cari\u00f1o y devoci\u00f3n a cumplir con la norma, la ley y los preceptos que marca la convocatoria para la elecci\u00f3n.<br>De acuerdo a la Comisi\u00f3n Estatal de Procesos Internos del partido, se adopta la garant\u00eda de audiencia de 12 horas para solventar faltas u omisiones en la documentaci\u00f3n que presente la f\u00f3rmula registrada.<\/p>\n\n\n\n<p>El dictamen se expedir\u00e1 a m\u00e1s tardar el 8 de febrero de 2022 y se presentar\u00e1 este d\u00eda a las 18 horas ante el Pleno del Consejo Pol\u00edtico Estatal reunido en sesi\u00f3n electiva para su ratificaci\u00f3n, en el auditorio Jes\u00fas Alc\u00e1ntara Miranda del CDE.<\/p>\n\n\n\n<p>La Sesi\u00f3n de Registro, celebrada en el Recinto de la Revoluci\u00f3n de este instituto pol\u00edtico, cont\u00f3 con la presencia, asimismo, de Benjam\u00edn Fournier, secretario T\u00e9cnico del Consejo Pol\u00edtico Estatal. Arcadio S\u00e1nchez Henkel G\u00f3meztagle, Notario P\u00fablico N\u00famero 41 del Estado de M\u00e9xico, dio fe de la misma.<\/p>\n\n\n\n<figure class=\"wp-block-image size-large\"><img decoding=\"async\" width=\"738\" height=\"480\" src=\"https:\/\/expressometro.mx\/wp-content\/uploads\/2022\/02\/WhatsApp-Image-2022-02-07-at-7.18.21-PM-738x480.jpeg\" alt=\"\" class=\"wp-image-5168\" srcset=\"https:\/\/expressometro.mx\/wp-content\/uploads\/2022\/02\/WhatsApp-Image-2022-02-07-at-7.18.21-PM-738x480.jpeg 738w, https:\/\/expressometro.mx\/wp-content\/uploads\/2022\/02\/WhatsApp-Image-2022-02-07-at-7.18.21-PM-562x365.jpeg 562w, https:\/\/expressometro.mx\/wp-content\/uploads\/2022\/02\/WhatsApp-Image-2022-02-07-at-7.18.21-PM-768x499.jpeg 768w, https:\/\/expressometro.mx\/wp-content\/uploads\/2022\/02\/WhatsApp-Image-2022-02-07-at-7.18.21-PM.jpeg 960w\" sizes=\"(max-width: 738px) 100vw, 738px\" \/><\/figure>\n","protected":false},"excerpt":{"rendered":"<p>El dictamen se expedir\u00e1 a m\u00e1s tardar el 8 de febrero de 2022 y se presentar\u00e1 este d\u00eda a las 18 horas ante el Pleno del Consejo Pol\u00edtico Estatal reunido en sesi\u00f3n electiva para su ratificaci\u00f3n, en el auditorio Jes\u00fas Alc\u00e1ntara Miranda del CDE.<\/p>\n","protected":false},"author":2,"featured_media":5169,"comment_status":"open","ping_status":"open","sticky":false,"template":"","format":"standard","meta":{"footnotes":""},"categories":[231],"tags":[891,158],"class_list":["post-5166","post","type-post","status-publish","format-standard","has-post-thumbnail","hentry","category-politica","tag-gustavo-cardenas-2","tag-pri"],"yoast_head":"<!-- This site is optimized with the Yoast SEO plugin v27.4 - https:\/\/yoast.com\/product\/yoast-seo-wordpress\/ -->\n<title>Eric Sevilla y Monserrath Sobreyra se registran para dirigir al PRI Edomex - Expresso Metropolitano<\/title>\n<meta name=\"robots\" content=\"index, follow, max-snippet:-1, max-image-preview:large, max-video-preview:-1\" \/>\n<link rel=\"canonical\" href=\"https:\/\/expressometro.mx\/index.php\/2022\/02\/07\/eric-sevilla-y-monserrath-sobreyra-se-registran-para-dirigir-al-pri-edomex\/\" \/>\n<meta property=\"og:locale\" content=\"es_MX\" \/>\n<meta property=\"og:type\" content=\"article\" \/>\n<meta property=\"og:title\" content=\"Eric Sevilla y Monserrath Sobreyra se registran para dirigir al PRI Edomex - Expresso Metropolitano\" \/>\n<meta property=\"og:description\" content=\"El dictamen se expedir\u00e1 a m\u00e1s tardar el 8 de febrero de 2022 y se presentar\u00e1 este d\u00eda a las 18 horas ante el Pleno del Consejo Pol\u00edtico Estatal reunido en sesi\u00f3n electiva para su ratificaci\u00f3n, en el auditorio Jes\u00fas Alc\u00e1ntara Miranda del CDE.\" \/>\n<meta property=\"og:url\" content=\"https:\/\/expressometro.mx\/index.php\/2022\/02\/07\/eric-sevilla-y-monserrath-sobreyra-se-registran-para-dirigir-al-pri-edomex\/\" \/>\n<meta property=\"og:site_name\" content=\"Expresso Metropolitano\" \/>\n<meta property=\"article:published_time\" content=\"2022-02-08T05:35:00+00:00\" \/>\n<meta property=\"article:modified_time\" content=\"2022-02-08T22:06:38+00:00\" \/>\n<meta property=\"og:image\" content=\"http:\/\/expressometro.mx\/wp-content\/uploads\/2022\/02\/WhatsApp-Image-2022-02-07-at-7.18.21-PM-1.jpeg\" \/>\n\t<meta property=\"og:image:width\" content=\"664\" \/>\n\t<meta property=\"og:image:height\" content=\"960\" \/>\n\t<meta property=\"og:image:type\" content=\"image\/jpeg\" \/>\n<meta name=\"author\" content=\"Cecilia Vega\" \/>\n<meta name=\"twitter:label1\" content=\"Escrito por\" \/>\n\t<meta name=\"twitter:data1\" content=\"Cecilia Vega\" \/>\n\t<meta name=\"twitter:label2\" content=\"Tiempo de lectura\" \/>\n\t<meta name=\"twitter:data2\" content=\"2 minutos\" \/>\n<script type=\"application\/ld+json\" class=\"yoast-schema-graph\">{\"@context\":\"https:\\\/\\\/schema.org\",\"@graph\":[{\"@type\":\"Article\",\"@id\":\"https:\\\/\\\/expressometro.mx\\\/index.php\\\/2022\\\/02\\\/07\\\/eric-sevilla-y-monserrath-sobreyra-se-registran-para-dirigir-al-pri-edomex\\\/#article\",\"isPartOf\":{\"@id\":\"https:\\\/\\\/expressometro.mx\\\/index.php\\\/2022\\\/02\\\/07\\\/eric-sevilla-y-monserrath-sobreyra-se-registran-para-dirigir-al-pri-edomex\\\/\"},\"author\":{\"name\":\"Cecilia Vega\",\"@id\":\"https:\\\/\\\/expressometro.mx\\\/#\\\/schema\\\/person\\\/67a95b8e3862085c7598f66237488f1f\"},\"headline\":\"Eric Sevilla y Monserrath Sobreyra se registran para dirigir al PRI Edomex\",\"datePublished\":\"2022-02-08T05:35:00+00:00\",\"dateModified\":\"2022-02-08T22:06:38+00:00\",\"mainEntityOfPage\":{\"@id\":\"https:\\\/\\\/expressometro.mx\\\/index.php\\\/2022\\\/02\\\/07\\\/eric-sevilla-y-monserrath-sobreyra-se-registran-para-dirigir-al-pri-edomex\\\/\"},\"wordCount\":338,\"commentCount\":0,\"publisher\":{\"@id\":\"https:\\\/\\\/expressometro.mx\\\/#organization\"},\"image\":{\"@id\":\"https:\\\/\\\/expressometro.mx\\\/index.php\\\/2022\\\/02\\\/07\\\/eric-sevilla-y-monserrath-sobreyra-se-registran-para-dirigir-al-pri-edomex\\\/#primaryimage\"},\"thumbnailUrl\":\"https:\\\/\\\/expressometro.mx\\\/wp-content\\\/uploads\\\/2022\\\/02\\\/WhatsApp-Image-2022-02-07-at-7.18.21-PM-1.jpeg\",\"keywords\":[\"Gustavo C\u00e1rdenas\",\"PRI\"],\"articleSection\":[\"Pol\u00edtica\"],\"inLanguage\":\"es\",\"potentialAction\":[{\"@type\":\"CommentAction\",\"name\":\"Comment\",\"target\":[\"https:\\\/\\\/expressometro.mx\\\/index.php\\\/2022\\\/02\\\/07\\\/eric-sevilla-y-monserrath-sobreyra-se-registran-para-dirigir-al-pri-edomex\\\/#respond\"]}]},{\"@type\":\"WebPage\",\"@id\":\"https:\\\/\\\/expressometro.mx\\\/index.php\\\/2022\\\/02\\\/07\\\/eric-sevilla-y-monserrath-sobreyra-se-registran-para-dirigir-al-pri-edomex\\\/\",\"url\":\"https:\\\/\\\/expressometro.mx\\\/index.php\\\/2022\\\/02\\\/07\\\/eric-sevilla-y-monserrath-sobreyra-se-registran-para-dirigir-al-pri-edomex\\\/\",\"name\":\"Eric Sevilla y Monserrath Sobreyra se registran para dirigir al PRI Edomex - Expresso Metropolitano\",\"isPartOf\":{\"@id\":\"https:\\\/\\\/expressometro.mx\\\/#website\"},\"primaryImageOfPage\":{\"@id\":\"https:\\\/\\\/expressometro.mx\\\/index.php\\\/2022\\\/02\\\/07\\\/eric-sevilla-y-monserrath-sobreyra-se-registran-para-dirigir-al-pri-edomex\\\/#primaryimage\"},\"image\":{\"@id\":\"https:\\\/\\\/expressometro.mx\\\/index.php\\\/2022\\\/02\\\/07\\\/eric-sevilla-y-monserrath-sobreyra-se-registran-para-dirigir-al-pri-edomex\\\/#primaryimage\"},\"thumbnailUrl\":\"https:\\\/\\\/expressometro.mx\\\/wp-content\\\/uploads\\\/2022\\\/02\\\/WhatsApp-Image-2022-02-07-at-7.18.21-PM-1.jpeg\",\"datePublished\":\"2022-02-08T05:35:00+00:00\",\"dateModified\":\"2022-02-08T22:06:38+00:00\",\"breadcrumb\":{\"@id\":\"https:\\\/\\\/expressometro.mx\\\/index.php\\\/2022\\\/02\\\/07\\\/eric-sevilla-y-monserrath-sobreyra-se-registran-para-dirigir-al-pri-edomex\\\/#breadcrumb\"},\"inLanguage\":\"es\",\"potentialAction\":[{\"@type\":\"ReadAction\",\"target\":[\"https:\\\/\\\/expressometro.mx\\\/index.php\\\/2022\\\/02\\\/07\\\/eric-sevilla-y-monserrath-sobreyra-se-registran-para-dirigir-al-pri-edomex\\\/\"]}]},{\"@type\":\"ImageObject\",\"inLanguage\":\"es\",\"@id\":\"https:\\\/\\\/expressometro.mx\\\/index.php\\\/2022\\\/02\\\/07\\\/eric-sevilla-y-monserrath-sobreyra-se-registran-para-dirigir-al-pri-edomex\\\/#primaryimage\",\"url\":\"https:\\\/\\\/expressometro.mx\\\/wp-content\\\/uploads\\\/2022\\\/02\\\/WhatsApp-Image-2022-02-07-at-7.18.21-PM-1.jpeg\",\"contentUrl\":\"https:\\\/\\\/expressometro.mx\\\/wp-content\\\/uploads\\\/2022\\\/02\\\/WhatsApp-Image-2022-02-07-at-7.18.21-PM-1.jpeg\",\"width\":664,\"height\":960},{\"@type\":\"BreadcrumbList\",\"@id\":\"https:\\\/\\\/expressometro.mx\\\/index.php\\\/2022\\\/02\\\/07\\\/eric-sevilla-y-monserrath-sobreyra-se-registran-para-dirigir-al-pri-edomex\\\/#breadcrumb\",\"itemListElement\":[{\"@type\":\"ListItem\",\"position\":1,\"name\":\"Inicio\",\"item\":\"https:\\\/\\\/expressometro.mx\\\/\"},{\"@type\":\"ListItem\",\"position\":2,\"name\":\"Eric Sevilla y Monserrath Sobreyra se registran para dirigir al PRI Edomex\"}]},{\"@type\":\"WebSite\",\"@id\":\"https:\\\/\\\/expressometro.mx\\\/#website\",\"url\":\"https:\\\/\\\/expressometro.mx\\\/\",\"name\":\"Expresso Metropolitano\",\"description\":\"Periodismo comprometido, informaci\u00f3n, investigaci\u00f3n y an\u00e1lisis\",\"publisher\":{\"@id\":\"https:\\\/\\\/expressometro.mx\\\/#organization\"},\"potentialAction\":[{\"@type\":\"SearchAction\",\"target\":{\"@type\":\"EntryPoint\",\"urlTemplate\":\"https:\\\/\\\/expressometro.mx\\\/?s={search_term_string}\"},\"query-input\":{\"@type\":\"PropertyValueSpecification\",\"valueRequired\":true,\"valueName\":\"search_term_string\"}}],\"inLanguage\":\"es\"},{\"@type\":\"Organization\",\"@id\":\"https:\\\/\\\/expressometro.mx\\\/#organization\",\"name\":\"Expresso Metropolitano\",\"url\":\"https:\\\/\\\/expressometro.mx\\\/\",\"logo\":{\"@type\":\"ImageObject\",\"inLanguage\":\"es\",\"@id\":\"https:\\\/\\\/expressometro.mx\\\/#\\\/schema\\\/logo\\\/image\\\/\",\"url\":\"https:\\\/\\\/expressometro.mx\\\/wp-content\\\/uploads\\\/2019\\\/07\\\/cropped-Logo-Expresso-Metropolitano-1-1.jpeg\",\"contentUrl\":\"https:\\\/\\\/expressometro.mx\\\/wp-content\\\/uploads\\\/2019\\\/07\\\/cropped-Logo-Expresso-Metropolitano-1-1.jpeg\",\"width\":290,\"height\":73,\"caption\":\"Expresso Metropolitano\"},\"image\":{\"@id\":\"https:\\\/\\\/expressometro.mx\\\/#\\\/schema\\\/logo\\\/image\\\/\"}},{\"@type\":\"Person\",\"@id\":\"https:\\\/\\\/expressometro.mx\\\/#\\\/schema\\\/person\\\/67a95b8e3862085c7598f66237488f1f\",\"name\":\"Cecilia Vega\",\"image\":{\"@type\":\"ImageObject\",\"inLanguage\":\"es\",\"@id\":\"https:\\\/\\\/secure.gravatar.com\\\/avatar\\\/13aae9944ab2ee472a9e407c9487fdbd03b049abaa559af32fe5dbcf615c981b?s=96&d=mm&r=g\",\"url\":\"https:\\\/\\\/secure.gravatar.com\\\/avatar\\\/13aae9944ab2ee472a9e407c9487fdbd03b049abaa559af32fe5dbcf615c981b?s=96&d=mm&r=g\",\"contentUrl\":\"https:\\\/\\\/secure.gravatar.com\\\/avatar\\\/13aae9944ab2ee472a9e407c9487fdbd03b049abaa559af32fe5dbcf615c981b?s=96&d=mm&r=g\",\"caption\":\"Cecilia Vega\"},\"url\":\"https:\\\/\\\/expressometro.mx\\\/index.php\\\/author\\\/cecilia-vega\\\/\"}]}<\/script>\n<!-- \/ Yoast SEO plugin. -->","yoast_head_json":{"title":"Eric Sevilla y Monserrath Sobreyra se registran para dirigir al PRI Edomex - Expresso Metropolitano","robots":{"index":"index","follow":"follow","max-snippet":"max-snippet:-1","max-image-preview":"max-image-preview:large","max-video-preview":"max-video-preview:-1"},"canonical":"https:\/\/expressometro.mx\/index.php\/2022\/02\/07\/eric-sevilla-y-monserrath-sobreyra-se-registran-para-dirigir-al-pri-edomex\/","og_locale":"es_MX","og_type":"article","og_title":"Eric Sevilla y Monserrath Sobreyra se registran para dirigir al PRI Edomex - Expresso Metropolitano","og_description":"El dictamen se expedir\u00e1 a m\u00e1s tardar el 8 de febrero de 2022 y se presentar\u00e1 este d\u00eda a las 18 horas ante el Pleno del Consejo Pol\u00edtico Estatal reunido en sesi\u00f3n electiva para su ratificaci\u00f3n, en el auditorio Jes\u00fas Alc\u00e1ntara Miranda del CDE.","og_url":"https:\/\/expressometro.mx\/index.php\/2022\/02\/07\/eric-sevilla-y-monserrath-sobreyra-se-registran-para-dirigir-al-pri-edomex\/","og_site_name":"Expresso Metropolitano","article_published_time":"2022-02-08T05:35:00+00:00","article_modified_time":"2022-02-08T22:06:38+00:00","og_image":[{"width":664,"height":960,"url":"http:\/\/expressometro.mx\/wp-content\/uploads\/2022\/02\/WhatsApp-Image-2022-02-07-at-7.18.21-PM-1.jpeg","type":"image\/jpeg"}],"author":"Cecilia Vega","twitter_misc":{"Escrito por":"Cecilia Vega","Tiempo de lectura":"2 minutos"},"schema":{"@context":"https:\/\/schema.org","@graph":[{"@type":"Article","@id":"https:\/\/expressometro.mx\/index.php\/2022\/02\/07\/eric-sevilla-y-monserrath-sobreyra-se-registran-para-dirigir-al-pri-edomex\/#article","isPartOf":{"@id":"https:\/\/expressometro.mx\/index.php\/2022\/02\/07\/eric-sevilla-y-monserrath-sobreyra-se-registran-para-dirigir-al-pri-edomex\/"},"author":{"name":"Cecilia Vega","@id":"https:\/\/expressometro.mx\/#\/schema\/person\/67a95b8e3862085c7598f66237488f1f"},"headline":"Eric Sevilla y Monserrath Sobreyra se registran para dirigir al PRI Edomex","datePublished":"2022-02-08T05:35:00+00:00","dateModified":"2022-02-08T22:06:38+00:00","mainEntityOfPage":{"@id":"https:\/\/expressometro.mx\/index.php\/2022\/02\/07\/eric-sevilla-y-monserrath-sobreyra-se-registran-para-dirigir-al-pri-edomex\/"},"wordCount":338,"commentCount":0,"publisher":{"@id":"https:\/\/expressometro.mx\/#organization"},"image":{"@id":"https:\/\/expressometro.mx\/index.php\/2022\/02\/07\/eric-sevilla-y-monserrath-sobreyra-se-registran-para-dirigir-al-pri-edomex\/#primaryimage"},"thumbnailUrl":"https:\/\/expressometro.mx\/wp-content\/uploads\/2022\/02\/WhatsApp-Image-2022-02-07-at-7.18.21-PM-1.jpeg","keywords":["Gustavo C\u00e1rdenas","PRI"],"articleSection":["Pol\u00edtica"],"inLanguage":"es","potentialAction":[{"@type":"CommentAction","name":"Comment","target":["https:\/\/expressometro.mx\/index.php\/2022\/02\/07\/eric-sevilla-y-monserrath-sobreyra-se-registran-para-dirigir-al-pri-edomex\/#respond"]}]},{"@type":"WebPage","@id":"https:\/\/expressometro.mx\/index.php\/2022\/02\/07\/eric-sevilla-y-monserrath-sobreyra-se-registran-para-dirigir-al-pri-edomex\/","url":"https:\/\/expressometro.mx\/index.php\/2022\/02\/07\/eric-sevilla-y-monserrath-sobreyra-se-registran-para-dirigir-al-pri-edomex\/","name":"Eric Sevilla y Monserrath Sobreyra se registran para dirigir al PRI Edomex - Expresso Metropolitano","isPartOf":{"@id":"https:\/\/expressometro.mx\/#website"},"primaryImageOfPage":{"@id":"https:\/\/expressometro.mx\/index.php\/2022\/02\/07\/eric-sevilla-y-monserrath-sobreyra-se-registran-para-dirigir-al-pri-edomex\/#primaryimage"},"image":{"@id":"https:\/\/expressometro.mx\/index.php\/2022\/02\/07\/eric-sevilla-y-monserrath-sobreyra-se-registran-para-dirigir-al-pri-edomex\/#primaryimage"},"thumbnailUrl":"https:\/\/expressometro.mx\/wp-content\/uploads\/2022\/02\/WhatsApp-Image-2022-02-07-at-7.18.21-PM-1.jpeg","datePublished":"2022-02-08T05:35:00+00:00","dateModified":"2022-02-08T22:06:38+00:00","breadcrumb":{"@id":"https:\/\/expressometro.mx\/index.php\/2022\/02\/07\/eric-sevilla-y-monserrath-sobreyra-se-registran-para-dirigir-al-pri-edomex\/#breadcrumb"},"inLanguage":"es","potentialAction":[{"@type":"ReadAction","target":["https:\/\/expressometro.mx\/index.php\/2022\/02\/07\/eric-sevilla-y-monserrath-sobreyra-se-registran-para-dirigir-al-pri-edomex\/"]}]},{"@type":"ImageObject","inLanguage":"es","@id":"https:\/\/expressometro.mx\/index.php\/2022\/02\/07\/eric-sevilla-y-monserrath-sobreyra-se-registran-para-dirigir-al-pri-edomex\/#primaryimage","url":"https:\/\/expressometro.mx\/wp-content\/uploads\/2022\/02\/WhatsApp-Image-2022-02-07-at-7.18.21-PM-1.jpeg","contentUrl":"https:\/\/expressometro.mx\/wp-content\/uploads\/2022\/02\/WhatsApp-Image-2022-02-07-at-7.18.21-PM-1.jpeg","width":664,"height":960},{"@type":"BreadcrumbList","@id":"https:\/\/expressometro.mx\/index.php\/2022\/02\/07\/eric-sevilla-y-monserrath-sobreyra-se-registran-para-dirigir-al-pri-edomex\/#breadcrumb","itemListElement":[{"@type":"ListItem","position":1,"name":"Inicio","item":"https:\/\/expressometro.mx\/"},{"@type":"ListItem","position":2,"name":"Eric Sevilla y Monserrath Sobreyra se registran para dirigir al PRI Edomex"}]},{"@type":"WebSite","@id":"https:\/\/expressometro.mx\/#website","url":"https:\/\/expressometro.mx\/","name":"Expresso Metropolitano","description":"Periodismo comprometido, informaci\u00f3n, investigaci\u00f3n y an\u00e1lisis","publisher":{"@id":"https:\/\/expressometro.mx\/#organization"},"potentialAction":[{"@type":"SearchAction","target":{"@type":"EntryPoint","urlTemplate":"https:\/\/expressometro.mx\/?s={search_term_string}"},"query-input":{"@type":"PropertyValueSpecification","valueRequired":true,"valueName":"search_term_string"}}],"inLanguage":"es"},{"@type":"Organization","@id":"https:\/\/expressometro.mx\/#organization","name":"Expresso Metropolitano","url":"https:\/\/expressometro.mx\/","logo":{"@type":"ImageObject","inLanguage":"es","@id":"https:\/\/expressometro.mx\/#\/schema\/logo\/image\/","url":"https:\/\/expressometro.mx\/wp-content\/uploads\/2019\/07\/cropped-Logo-Expresso-Metropolitano-1-1.jpeg","contentUrl":"https:\/\/expressometro.mx\/wp-content\/uploads\/2019\/07\/cropped-Logo-Expresso-Metropolitano-1-1.jpeg","width":290,"height":73,"caption":"Expresso Metropolitano"},"image":{"@id":"https:\/\/expressometro.mx\/#\/schema\/logo\/image\/"}},{"@type":"Person","@id":"https:\/\/expressometro.mx\/#\/schema\/person\/67a95b8e3862085c7598f66237488f1f","name":"Cecilia Vega","image":{"@type":"ImageObject","inLanguage":"es","@id":"https:\/\/secure.gravatar.com\/avatar\/13aae9944ab2ee472a9e407c9487fdbd03b049abaa559af32fe5dbcf615c981b?s=96&d=mm&r=g","url":"https:\/\/secure.gravatar.com\/avatar\/13aae9944ab2ee472a9e407c9487fdbd03b049abaa559af32fe5dbcf615c981b?s=96&d=mm&r=g","contentUrl":"https:\/\/secure.gravatar.com\/avatar\/13aae9944ab2ee472a9e407c9487fdbd03b049abaa559af32fe5dbcf615c981b?s=96&d=mm&r=g","caption":"Cecilia Vega"},"url":"https:\/\/expressometro.mx\/index.php\/author\/cecilia-vega\/"}]}},"amp_enabled":true,"_links":{"self":[{"href":"https:\/\/expressometro.mx\/index.php\/wp-json\/wp\/v2\/posts\/5166","targetHints":{"allow":["GET"]}}],"collection":[{"href":"https:\/\/expressometro.mx\/index.php\/wp-json\/wp\/v2\/posts"}],"about":[{"href":"https:\/\/expressometro.mx\/index.php\/wp-json\/wp\/v2\/types\/post"}],"author":[{"embeddable":true,"href":"https:\/\/expressometro.mx\/index.php\/wp-json\/wp\/v2\/users\/2"}],"replies":[{"embeddable":true,"href":"https:\/\/expressometro.mx\/index.php\/wp-json\/wp\/v2\/comments?post=5166"}],"version-history":[{"count":1,"href":"https:\/\/expressometro.mx\/index.php\/wp-json\/wp\/v2\/posts\/5166\/revisions"}],"predecessor-version":[{"id":5170,"href":"https:\/\/expressometro.mx\/index.php\/wp-json\/wp\/v2\/posts\/5166\/revisions\/5170"}],"wp:featuredmedia":[{"embeddable":true,"href":"https:\/\/expressometro.mx\/index.php\/wp-json\/wp\/v2\/media\/5169"}],"wp:attachment":[{"href":"https:\/\/expressometro.mx\/index.php\/wp-json\/wp\/v2\/media?parent=5166"}],"wp:term":[{"taxonomy":"category","embeddable":true,"href":"https:\/\/expressometro.mx\/index.php\/wp-json\/wp\/v2\/categories?post=5166"},{"taxonomy":"post_tag","embeddable":true,"href":"https:\/\/expressometro.mx\/index.php\/wp-json\/wp\/v2\/tags?post=5166"}],"curies":[{"name":"wp","href":"https:\/\/api.w.org\/{rel}","templated":true}]}}