{"id":5116,"date":"2022-02-01T09:39:31","date_gmt":"2022-02-01T15:39:31","guid":{"rendered":"https:\/\/expressometro.mx\/?p=5116"},"modified":"2022-02-01T09:39:32","modified_gmt":"2022-02-01T15:39:32","slug":"de-buena-fuente-columna-opinion-16","status":"publish","type":"post","link":"https:\/\/expressometro.mx\/index.php\/2022\/02\/01\/de-buena-fuente-columna-opinion-16\/","title":{"rendered":"DE BUENA FUENTE; Columna -Opini\u00f3n"},"content":{"rendered":"\n<p>Si alguien tenia que hacer memoria en la plenaria de los diputados federales del PRI fue Gustavo C\u00e1rdenas Monroy al abordar dos temas por dem\u00e1s importantes para iniciar este d\u00eda el<br>segundo periodo ordinario de sesiones en San L\u00e1zaro.<\/p>\n\n\n\n<p>En su alocuci\u00f3n durante la ponencia de Jorge Alcocer, el diputado de Atlacomulco refiri\u00f3 al PRI como el gran reformador de M\u00e9xico en materia pol\u00edtico-electoral impulsando reformas de fondo como la de 1996, a\u00fan teniendo la gran mayor\u00eda legislativa con 298 diputados.<\/p>\n\n\n\n<p>Sin embargo, en la \u00e9tica pol\u00edtica del tricolor, pudo m\u00e1s la democratizaci\u00f3n del pa\u00eds, aunque eso significara la competencia ya que de la reforma del 96 naci\u00f3 el Tribunal Electoral de la Federaci\u00f3n. Pues en el PRI, como dijo Luis Donaldo Colosio: \u201cNo hay que temerle a la competencia pol\u00edtica, a lo que hay que temerle es a la incompetencia pol\u00edtica&#8221;.<\/p>\n\n\n\n<p>En esta Tercera Reuni\u00f3n Plenaria del Grupo Parlamentario del #PRI, encabezada por el Diputado Rub\u00e9n Moreira Vald\u00e9z y por el Coordinador de la bancada y Dirigente Nacional del PRI, Alejandro Moreno C\u00e1rdenas, tambi\u00e9n se plante\u00f3 otro gran tema que se viene en el an\u00e1lisis camaral como la reforma el\u00e9ctrica.<\/p>\n\n\n\n<p>Aqu\u00ed C\u00e1rdenas Monroy record\u00f3 la reforma del 2013 y fijo posici\u00f3n respecto a la pat\u00e9tica iniciativa del ejecutivo que est\u00e1 sustentada en el odio, el rencor y el resentimiento.<\/p>\n\n\n\n<p>En ese sentido se pronunci\u00f3 en favor de no hacer de una reforma constitucional, la herramienta para que el Gobierno haga un monopolio estatal. Coment\u00f3 que hay que revisar temas como el de la conducci\u00f3n y la competencia con el fin de proveerle a los mexicanos energ\u00eda limpia, constante, de calidad, barata y suficiente.<\/p>\n\n\n\n<p>Adem\u00e1s de buscar la salvaguarda de los contratos y la inversi\u00f3n en la materia, pues de otra forma, el pa\u00eds tendr\u00eda que pagar un costo que no s\u00f3lo ser\u00eda econ\u00f3mico. Hay que ver los alcances de la ley secundaria pues no todo est\u00e1 escrito en piedra.<\/p>\n","protected":false},"excerpt":{"rendered":"<p>Aqu\u00ed C\u00e1rdenas Monroy record\u00f3 la reforma del 2013 y fijo posici\u00f3n respecto a la pat\u00e9tica iniciativa del ejecutivo que est\u00e1 sustentada en el odio, el rencor y el resentimiento.<\/p>\n","protected":false},"author":2,"featured_media":5117,"comment_status":"open","ping_status":"open","sticky":false,"template":"","format":"standard","meta":{"footnotes":""},"categories":[212],"tags":[891,158],"class_list":["post-5116","post","type-post","status-publish","format-standard","has-post-thumbnail","hentry","category-columna-opinion","tag-gustavo-cardenas-2","tag-pri"],"yoast_head":"<!-- This site is optimized with the Yoast SEO plugin v27.4 - https:\/\/yoast.com\/product\/yoast-seo-wordpress\/ -->\n<title>DE BUENA FUENTE; Columna -Opini\u00f3n - Expresso Metropolitano<\/title>\n<meta name=\"robots\" content=\"index, follow, max-snippet:-1, max-image-preview:large, max-video-preview:-1\" \/>\n<link rel=\"canonical\" href=\"https:\/\/expressometro.mx\/index.php\/2022\/02\/01\/de-buena-fuente-columna-opinion-16\/\" \/>\n<meta property=\"og:locale\" content=\"es_MX\" \/>\n<meta property=\"og:type\" content=\"article\" \/>\n<meta property=\"og:title\" content=\"DE BUENA FUENTE; Columna -Opini\u00f3n - Expresso Metropolitano\" \/>\n<meta property=\"og:description\" content=\"Aqu\u00ed C\u00e1rdenas Monroy record\u00f3 la reforma del 2013 y fijo posici\u00f3n respecto a la pat\u00e9tica iniciativa del ejecutivo que est\u00e1 sustentada en el odio, el rencor y el resentimiento.\" \/>\n<meta property=\"og:url\" content=\"https:\/\/expressometro.mx\/index.php\/2022\/02\/01\/de-buena-fuente-columna-opinion-16\/\" \/>\n<meta property=\"og:site_name\" content=\"Expresso Metropolitano\" \/>\n<meta property=\"article:published_time\" content=\"2022-02-01T15:39:31+00:00\" \/>\n<meta property=\"article:modified_time\" content=\"2022-02-01T15:39:32+00:00\" \/>\n<meta property=\"og:image\" content=\"http:\/\/expressometro.mx\/wp-content\/uploads\/2022\/02\/354129EB-F969-48BF-8B87-DCF437770163.jpeg\" \/>\n\t<meta property=\"og:image:width\" content=\"1024\" \/>\n\t<meta property=\"og:image:height\" content=\"768\" \/>\n\t<meta property=\"og:image:type\" content=\"image\/jpeg\" \/>\n<meta name=\"author\" content=\"Cecilia Vega\" \/>\n<meta name=\"twitter:label1\" content=\"Escrito por\" \/>\n\t<meta name=\"twitter:data1\" content=\"Cecilia Vega\" \/>\n\t<meta name=\"twitter:label2\" content=\"Tiempo de lectura\" \/>\n\t<meta name=\"twitter:data2\" content=\"2 minutos\" \/>\n<script type=\"application\/ld+json\" class=\"yoast-schema-graph\">{\"@context\":\"https:\\\/\\\/schema.org\",\"@graph\":[{\"@type\":\"Article\",\"@id\":\"https:\\\/\\\/expressometro.mx\\\/index.php\\\/2022\\\/02\\\/01\\\/de-buena-fuente-columna-opinion-16\\\/#article\",\"isPartOf\":{\"@id\":\"https:\\\/\\\/expressometro.mx\\\/index.php\\\/2022\\\/02\\\/01\\\/de-buena-fuente-columna-opinion-16\\\/\"},\"author\":{\"name\":\"Cecilia Vega\",\"@id\":\"https:\\\/\\\/expressometro.mx\\\/#\\\/schema\\\/person\\\/67a95b8e3862085c7598f66237488f1f\"},\"headline\":\"DE BUENA FUENTE; Columna -Opini\u00f3n\",\"datePublished\":\"2022-02-01T15:39:31+00:00\",\"dateModified\":\"2022-02-01T15:39:32+00:00\",\"mainEntityOfPage\":{\"@id\":\"https:\\\/\\\/expressometro.mx\\\/index.php\\\/2022\\\/02\\\/01\\\/de-buena-fuente-columna-opinion-16\\\/\"},\"wordCount\":356,\"commentCount\":0,\"publisher\":{\"@id\":\"https:\\\/\\\/expressometro.mx\\\/#organization\"},\"image\":{\"@id\":\"https:\\\/\\\/expressometro.mx\\\/index.php\\\/2022\\\/02\\\/01\\\/de-buena-fuente-columna-opinion-16\\\/#primaryimage\"},\"thumbnailUrl\":\"https:\\\/\\\/expressometro.mx\\\/wp-content\\\/uploads\\\/2022\\\/02\\\/354129EB-F969-48BF-8B87-DCF437770163.jpeg\",\"keywords\":[\"Gustavo C\u00e1rdenas\",\"PRI\"],\"articleSection\":[\"Columna - Opini\u00f3n\"],\"inLanguage\":\"es\",\"potentialAction\":[{\"@type\":\"CommentAction\",\"name\":\"Comment\",\"target\":[\"https:\\\/\\\/expressometro.mx\\\/index.php\\\/2022\\\/02\\\/01\\\/de-buena-fuente-columna-opinion-16\\\/#respond\"]}]},{\"@type\":\"WebPage\",\"@id\":\"https:\\\/\\\/expressometro.mx\\\/index.php\\\/2022\\\/02\\\/01\\\/de-buena-fuente-columna-opinion-16\\\/\",\"url\":\"https:\\\/\\\/expressometro.mx\\\/index.php\\\/2022\\\/02\\\/01\\\/de-buena-fuente-columna-opinion-16\\\/\",\"name\":\"DE BUENA FUENTE; Columna -Opini\u00f3n - Expresso Metropolitano\",\"isPartOf\":{\"@id\":\"https:\\\/\\\/expressometro.mx\\\/#website\"},\"primaryImageOfPage\":{\"@id\":\"https:\\\/\\\/expressometro.mx\\\/index.php\\\/2022\\\/02\\\/01\\\/de-buena-fuente-columna-opinion-16\\\/#primaryimage\"},\"image\":{\"@id\":\"https:\\\/\\\/expressometro.mx\\\/index.php\\\/2022\\\/02\\\/01\\\/de-buena-fuente-columna-opinion-16\\\/#primaryimage\"},\"thumbnailUrl\":\"https:\\\/\\\/expressometro.mx\\\/wp-content\\\/uploads\\\/2022\\\/02\\\/354129EB-F969-48BF-8B87-DCF437770163.jpeg\",\"datePublished\":\"2022-02-01T15:39:31+00:00\",\"dateModified\":\"2022-02-01T15:39:32+00:00\",\"breadcrumb\":{\"@id\":\"https:\\\/\\\/expressometro.mx\\\/index.php\\\/2022\\\/02\\\/01\\\/de-buena-fuente-columna-opinion-16\\\/#breadcrumb\"},\"inLanguage\":\"es\",\"potentialAction\":[{\"@type\":\"ReadAction\",\"target\":[\"https:\\\/\\\/expressometro.mx\\\/index.php\\\/2022\\\/02\\\/01\\\/de-buena-fuente-columna-opinion-16\\\/\"]}]},{\"@type\":\"ImageObject\",\"inLanguage\":\"es\",\"@id\":\"https:\\\/\\\/expressometro.mx\\\/index.php\\\/2022\\\/02\\\/01\\\/de-buena-fuente-columna-opinion-16\\\/#primaryimage\",\"url\":\"https:\\\/\\\/expressometro.mx\\\/wp-content\\\/uploads\\\/2022\\\/02\\\/354129EB-F969-48BF-8B87-DCF437770163.jpeg\",\"contentUrl\":\"https:\\\/\\\/expressometro.mx\\\/wp-content\\\/uploads\\\/2022\\\/02\\\/354129EB-F969-48BF-8B87-DCF437770163.jpeg\",\"width\":1024,\"height\":768},{\"@type\":\"BreadcrumbList\",\"@id\":\"https:\\\/\\\/expressometro.mx\\\/index.php\\\/2022\\\/02\\\/01\\\/de-buena-fuente-columna-opinion-16\\\/#breadcrumb\",\"itemListElement\":[{\"@type\":\"ListItem\",\"position\":1,\"name\":\"Inicio\",\"item\":\"https:\\\/\\\/expressometro.mx\\\/\"},{\"@type\":\"ListItem\",\"position\":2,\"name\":\"DE BUENA FUENTE; Columna -Opini\u00f3n\"}]},{\"@type\":\"WebSite\",\"@id\":\"https:\\\/\\\/expressometro.mx\\\/#website\",\"url\":\"https:\\\/\\\/expressometro.mx\\\/\",\"name\":\"Expresso Metropolitano\",\"description\":\"Periodismo comprometido, informaci\u00f3n, investigaci\u00f3n y an\u00e1lisis\",\"publisher\":{\"@id\":\"https:\\\/\\\/expressometro.mx\\\/#organization\"},\"potentialAction\":[{\"@type\":\"SearchAction\",\"target\":{\"@type\":\"EntryPoint\",\"urlTemplate\":\"https:\\\/\\\/expressometro.mx\\\/?s={search_term_string}\"},\"query-input\":{\"@type\":\"PropertyValueSpecification\",\"valueRequired\":true,\"valueName\":\"search_term_string\"}}],\"inLanguage\":\"es\"},{\"@type\":\"Organization\",\"@id\":\"https:\\\/\\\/expressometro.mx\\\/#organization\",\"name\":\"Expresso Metropolitano\",\"url\":\"https:\\\/\\\/expressometro.mx\\\/\",\"logo\":{\"@type\":\"ImageObject\",\"inLanguage\":\"es\",\"@id\":\"https:\\\/\\\/expressometro.mx\\\/#\\\/schema\\\/logo\\\/image\\\/\",\"url\":\"https:\\\/\\\/expressometro.mx\\\/wp-content\\\/uploads\\\/2019\\\/07\\\/cropped-Logo-Expresso-Metropolitano-1-1.jpeg\",\"contentUrl\":\"https:\\\/\\\/expressometro.mx\\\/wp-content\\\/uploads\\\/2019\\\/07\\\/cropped-Logo-Expresso-Metropolitano-1-1.jpeg\",\"width\":290,\"height\":73,\"caption\":\"Expresso Metropolitano\"},\"image\":{\"@id\":\"https:\\\/\\\/expressometro.mx\\\/#\\\/schema\\\/logo\\\/image\\\/\"}},{\"@type\":\"Person\",\"@id\":\"https:\\\/\\\/expressometro.mx\\\/#\\\/schema\\\/person\\\/67a95b8e3862085c7598f66237488f1f\",\"name\":\"Cecilia Vega\",\"image\":{\"@type\":\"ImageObject\",\"inLanguage\":\"es\",\"@id\":\"https:\\\/\\\/secure.gravatar.com\\\/avatar\\\/13aae9944ab2ee472a9e407c9487fdbd03b049abaa559af32fe5dbcf615c981b?s=96&d=mm&r=g\",\"url\":\"https:\\\/\\\/secure.gravatar.com\\\/avatar\\\/13aae9944ab2ee472a9e407c9487fdbd03b049abaa559af32fe5dbcf615c981b?s=96&d=mm&r=g\",\"contentUrl\":\"https:\\\/\\\/secure.gravatar.com\\\/avatar\\\/13aae9944ab2ee472a9e407c9487fdbd03b049abaa559af32fe5dbcf615c981b?s=96&d=mm&r=g\",\"caption\":\"Cecilia Vega\"},\"url\":\"https:\\\/\\\/expressometro.mx\\\/index.php\\\/author\\\/cecilia-vega\\\/\"}]}<\/script>\n<!-- \/ Yoast SEO plugin. -->","yoast_head_json":{"title":"DE BUENA FUENTE; Columna -Opini\u00f3n - Expresso Metropolitano","robots":{"index":"index","follow":"follow","max-snippet":"max-snippet:-1","max-image-preview":"max-image-preview:large","max-video-preview":"max-video-preview:-1"},"canonical":"https:\/\/expressometro.mx\/index.php\/2022\/02\/01\/de-buena-fuente-columna-opinion-16\/","og_locale":"es_MX","og_type":"article","og_title":"DE BUENA FUENTE; Columna -Opini\u00f3n - Expresso Metropolitano","og_description":"Aqu\u00ed C\u00e1rdenas Monroy record\u00f3 la reforma del 2013 y fijo posici\u00f3n respecto a la pat\u00e9tica iniciativa del ejecutivo que est\u00e1 sustentada en el odio, el rencor y el resentimiento.","og_url":"https:\/\/expressometro.mx\/index.php\/2022\/02\/01\/de-buena-fuente-columna-opinion-16\/","og_site_name":"Expresso Metropolitano","article_published_time":"2022-02-01T15:39:31+00:00","article_modified_time":"2022-02-01T15:39:32+00:00","og_image":[{"width":1024,"height":768,"url":"http:\/\/expressometro.mx\/wp-content\/uploads\/2022\/02\/354129EB-F969-48BF-8B87-DCF437770163.jpeg","type":"image\/jpeg"}],"author":"Cecilia Vega","twitter_misc":{"Escrito por":"Cecilia Vega","Tiempo de lectura":"2 minutos"},"schema":{"@context":"https:\/\/schema.org","@graph":[{"@type":"Article","@id":"https:\/\/expressometro.mx\/index.php\/2022\/02\/01\/de-buena-fuente-columna-opinion-16\/#article","isPartOf":{"@id":"https:\/\/expressometro.mx\/index.php\/2022\/02\/01\/de-buena-fuente-columna-opinion-16\/"},"author":{"name":"Cecilia Vega","@id":"https:\/\/expressometro.mx\/#\/schema\/person\/67a95b8e3862085c7598f66237488f1f"},"headline":"DE BUENA FUENTE; Columna -Opini\u00f3n","datePublished":"2022-02-01T15:39:31+00:00","dateModified":"2022-02-01T15:39:32+00:00","mainEntityOfPage":{"@id":"https:\/\/expressometro.mx\/index.php\/2022\/02\/01\/de-buena-fuente-columna-opinion-16\/"},"wordCount":356,"commentCount":0,"publisher":{"@id":"https:\/\/expressometro.mx\/#organization"},"image":{"@id":"https:\/\/expressometro.mx\/index.php\/2022\/02\/01\/de-buena-fuente-columna-opinion-16\/#primaryimage"},"thumbnailUrl":"https:\/\/expressometro.mx\/wp-content\/uploads\/2022\/02\/354129EB-F969-48BF-8B87-DCF437770163.jpeg","keywords":["Gustavo C\u00e1rdenas","PRI"],"articleSection":["Columna - Opini\u00f3n"],"inLanguage":"es","potentialAction":[{"@type":"CommentAction","name":"Comment","target":["https:\/\/expressometro.mx\/index.php\/2022\/02\/01\/de-buena-fuente-columna-opinion-16\/#respond"]}]},{"@type":"WebPage","@id":"https:\/\/expressometro.mx\/index.php\/2022\/02\/01\/de-buena-fuente-columna-opinion-16\/","url":"https:\/\/expressometro.mx\/index.php\/2022\/02\/01\/de-buena-fuente-columna-opinion-16\/","name":"DE BUENA FUENTE; Columna -Opini\u00f3n - Expresso Metropolitano","isPartOf":{"@id":"https:\/\/expressometro.mx\/#website"},"primaryImageOfPage":{"@id":"https:\/\/expressometro.mx\/index.php\/2022\/02\/01\/de-buena-fuente-columna-opinion-16\/#primaryimage"},"image":{"@id":"https:\/\/expressometro.mx\/index.php\/2022\/02\/01\/de-buena-fuente-columna-opinion-16\/#primaryimage"},"thumbnailUrl":"https:\/\/expressometro.mx\/wp-content\/uploads\/2022\/02\/354129EB-F969-48BF-8B87-DCF437770163.jpeg","datePublished":"2022-02-01T15:39:31+00:00","dateModified":"2022-02-01T15:39:32+00:00","breadcrumb":{"@id":"https:\/\/expressometro.mx\/index.php\/2022\/02\/01\/de-buena-fuente-columna-opinion-16\/#breadcrumb"},"inLanguage":"es","potentialAction":[{"@type":"ReadAction","target":["https:\/\/expressometro.mx\/index.php\/2022\/02\/01\/de-buena-fuente-columna-opinion-16\/"]}]},{"@type":"ImageObject","inLanguage":"es","@id":"https:\/\/expressometro.mx\/index.php\/2022\/02\/01\/de-buena-fuente-columna-opinion-16\/#primaryimage","url":"https:\/\/expressometro.mx\/wp-content\/uploads\/2022\/02\/354129EB-F969-48BF-8B87-DCF437770163.jpeg","contentUrl":"https:\/\/expressometro.mx\/wp-content\/uploads\/2022\/02\/354129EB-F969-48BF-8B87-DCF437770163.jpeg","width":1024,"height":768},{"@type":"BreadcrumbList","@id":"https:\/\/expressometro.mx\/index.php\/2022\/02\/01\/de-buena-fuente-columna-opinion-16\/#breadcrumb","itemListElement":[{"@type":"ListItem","position":1,"name":"Inicio","item":"https:\/\/expressometro.mx\/"},{"@type":"ListItem","position":2,"name":"DE BUENA FUENTE; Columna -Opini\u00f3n"}]},{"@type":"WebSite","@id":"https:\/\/expressometro.mx\/#website","url":"https:\/\/expressometro.mx\/","name":"Expresso Metropolitano","description":"Periodismo comprometido, informaci\u00f3n, investigaci\u00f3n y an\u00e1lisis","publisher":{"@id":"https:\/\/expressometro.mx\/#organization"},"potentialAction":[{"@type":"SearchAction","target":{"@type":"EntryPoint","urlTemplate":"https:\/\/expressometro.mx\/?s={search_term_string}"},"query-input":{"@type":"PropertyValueSpecification","valueRequired":true,"valueName":"search_term_string"}}],"inLanguage":"es"},{"@type":"Organization","@id":"https:\/\/expressometro.mx\/#organization","name":"Expresso Metropolitano","url":"https:\/\/expressometro.mx\/","logo":{"@type":"ImageObject","inLanguage":"es","@id":"https:\/\/expressometro.mx\/#\/schema\/logo\/image\/","url":"https:\/\/expressometro.mx\/wp-content\/uploads\/2019\/07\/cropped-Logo-Expresso-Metropolitano-1-1.jpeg","contentUrl":"https:\/\/expressometro.mx\/wp-content\/uploads\/2019\/07\/cropped-Logo-Expresso-Metropolitano-1-1.jpeg","width":290,"height":73,"caption":"Expresso Metropolitano"},"image":{"@id":"https:\/\/expressometro.mx\/#\/schema\/logo\/image\/"}},{"@type":"Person","@id":"https:\/\/expressometro.mx\/#\/schema\/person\/67a95b8e3862085c7598f66237488f1f","name":"Cecilia Vega","image":{"@type":"ImageObject","inLanguage":"es","@id":"https:\/\/secure.gravatar.com\/avatar\/13aae9944ab2ee472a9e407c9487fdbd03b049abaa559af32fe5dbcf615c981b?s=96&d=mm&r=g","url":"https:\/\/secure.gravatar.com\/avatar\/13aae9944ab2ee472a9e407c9487fdbd03b049abaa559af32fe5dbcf615c981b?s=96&d=mm&r=g","contentUrl":"https:\/\/secure.gravatar.com\/avatar\/13aae9944ab2ee472a9e407c9487fdbd03b049abaa559af32fe5dbcf615c981b?s=96&d=mm&r=g","caption":"Cecilia Vega"},"url":"https:\/\/expressometro.mx\/index.php\/author\/cecilia-vega\/"}]}},"amp_enabled":true,"_links":{"self":[{"href":"https:\/\/expressometro.mx\/index.php\/wp-json\/wp\/v2\/posts\/5116","targetHints":{"allow":["GET"]}}],"collection":[{"href":"https:\/\/expressometro.mx\/index.php\/wp-json\/wp\/v2\/posts"}],"about":[{"href":"https:\/\/expressometro.mx\/index.php\/wp-json\/wp\/v2\/types\/post"}],"author":[{"embeddable":true,"href":"https:\/\/expressometro.mx\/index.php\/wp-json\/wp\/v2\/users\/2"}],"replies":[{"embeddable":true,"href":"https:\/\/expressometro.mx\/index.php\/wp-json\/wp\/v2\/comments?post=5116"}],"version-history":[{"count":1,"href":"https:\/\/expressometro.mx\/index.php\/wp-json\/wp\/v2\/posts\/5116\/revisions"}],"predecessor-version":[{"id":5119,"href":"https:\/\/expressometro.mx\/index.php\/wp-json\/wp\/v2\/posts\/5116\/revisions\/5119"}],"wp:featuredmedia":[{"embeddable":true,"href":"https:\/\/expressometro.mx\/index.php\/wp-json\/wp\/v2\/media\/5117"}],"wp:attachment":[{"href":"https:\/\/expressometro.mx\/index.php\/wp-json\/wp\/v2\/media?parent=5116"}],"wp:term":[{"taxonomy":"category","embeddable":true,"href":"https:\/\/expressometro.mx\/index.php\/wp-json\/wp\/v2\/categories?post=5116"},{"taxonomy":"post_tag","embeddable":true,"href":"https:\/\/expressometro.mx\/index.php\/wp-json\/wp\/v2\/tags?post=5116"}],"curies":[{"name":"wp","href":"https:\/\/api.w.org\/{rel}","templated":true}]}}