{"id":500,"date":"2019-09-05T13:46:28","date_gmt":"2019-09-05T18:46:28","guid":{"rendered":"http:\/\/expressometro.mx\/?p=500"},"modified":"2019-09-25T10:34:34","modified_gmt":"2019-09-25T15:34:34","slug":"convocan-comecyt-y-unam-a-participar-en-el-premio-blis-2019","status":"publish","type":"post","link":"https:\/\/expressometro.mx\/index.php\/2019\/09\/05\/convocan-comecyt-y-unam-a-participar-en-el-premio-blis-2019\/","title":{"rendered":"CONVOCAN COMECYT Y UNAM A PARTICIPAR EN EL PREMIO BLIS 2019"},"content":{"rendered":"\n<p>El Gobierno del Estado de M\u00e9xico, a trav\u00e9s del Consejo Mexiquense de Ciencia y Tecnolog\u00eda (Comecyt), y la Universidad Nacional Aut\u00f3noma de M\u00e9xico (UNAM), invitan a estudiantes de licenciatura, posgrado, Centros de Investigaci\u00f3n, personas f\u00edsicas con actividad empresarial y MIPyMES mexiquenses, a participar en el Premio BLIS 2019 \u201cBuscando L\u00edderes en Innovaci\u00f3n y Sustentabilidad\u201d.<\/p>\n\n\n\n<p>La dependencia estatal inform\u00f3 que el objetivo de la convocatoria es reconocer mediante un apoyo econ\u00f3mico y un programa de acompa\u00f1amiento de incubaci\u00f3n o aceleraci\u00f3n, a los proyectos con componentes de sustentabilidad e innovaci\u00f3n, con valor ambiental, social y econ\u00f3mico m\u00e1s destacados.<\/p>\n\n\n\n<p>Las modalidades para inscribir proyectos son Licenciatura, Posgrado y Personas f\u00edsicas con actividad empresarial y MIPyMES.<\/p>\n\n\n\n<p>Entregar\u00e1n un total de 415 mil pesos en premios a los ganadores de las tres modalidades, quienes recibir\u00e1n un apoyo econ\u00f3mico m\u00ednimo de 20 mil pesos y m\u00e1ximo de 100 mil pesos.<\/p>\n\n\n\n<p>La convocatoria se encuentra abierta a partir de esta fecha y hasta el 31 de octubre. Los interesados podr\u00e1n consultar los detalles en el sitio web https:\/\/www.premioblis.mx\/ o bien pueden escribir al correo electr\u00f3nico contacto@blis.org.mx.<\/p>\n","protected":false},"excerpt":{"rendered":"<p>El Gobierno del Estado de M\u00e9xico, a trav\u00e9s del Consejo Mexiquense de Ciencia y Tecnolog\u00eda (Comecyt), y la Universidad Nacional Aut\u00f3noma de M\u00e9xico (UNAM), invitan a estudiantes de licenciatura, posgrado, Centros de Investigaci\u00f3n, personas f\u00edsicas con actividad empresarial y MIPyMES mexiquenses, a participar en el Premio BLIS 2019 \u201cBuscando L\u00edderes en Innovaci\u00f3n y Sustentabilidad\u201d. La dependencia estatal inform\u00f3 que el objetivo de la convocatoria es reconocer mediante un apoyo econ\u00f3mico y un programa de acompa\u00f1amiento de incubaci\u00f3n o aceleraci\u00f3n, a los proyectos con componentes de sustentabilidad e innovaci\u00f3n, con valor&hellip;<\/p>\n","protected":false},"author":1,"featured_media":502,"comment_status":"open","ping_status":"open","sticky":false,"template":"","format":"standard","meta":{"footnotes":""},"categories":[11,3,1],"tags":[],"class_list":["post-500","post","type-post","status-publish","format-standard","has-post-thumbnail","hentry","category-cultura","category-gobierno","category-otros"],"yoast_head":"<!-- This site is optimized with the Yoast SEO plugin v27.4 - https:\/\/yoast.com\/product\/yoast-seo-wordpress\/ -->\n<title>CONVOCAN COMECYT Y UNAM A PARTICIPAR EN EL PREMIO BLIS 2019 - Expresso Metropolitano<\/title>\n<meta name=\"robots\" content=\"index, follow, max-snippet:-1, max-image-preview:large, max-video-preview:-1\" \/>\n<link rel=\"canonical\" href=\"https:\/\/expressometro.mx\/index.php\/2019\/09\/05\/convocan-comecyt-y-unam-a-participar-en-el-premio-blis-2019\/\" \/>\n<meta property=\"og:locale\" content=\"es_MX\" \/>\n<meta property=\"og:type\" content=\"article\" \/>\n<meta property=\"og:title\" content=\"CONVOCAN COMECYT Y UNAM A PARTICIPAR EN EL PREMIO BLIS 2019 - Expresso Metropolitano\" \/>\n<meta property=\"og:description\" content=\"El Gobierno del Estado de M\u00e9xico, a trav\u00e9s del Consejo Mexiquense de Ciencia y Tecnolog\u00eda (Comecyt), y la Universidad Nacional Aut\u00f3noma de M\u00e9xico (UNAM), invitan a estudiantes de licenciatura, posgrado, Centros de Investigaci\u00f3n, personas f\u00edsicas con actividad empresarial y MIPyMES mexiquenses, a participar en el Premio BLIS 2019 \u201cBuscando L\u00edderes en Innovaci\u00f3n y Sustentabilidad\u201d. La dependencia estatal inform\u00f3 que el objetivo de la convocatoria es reconocer mediante un apoyo econ\u00f3mico y un programa de acompa\u00f1amiento de incubaci\u00f3n o aceleraci\u00f3n, a los proyectos con componentes de sustentabilidad e innovaci\u00f3n, con valor&hellip;\" \/>\n<meta property=\"og:url\" content=\"https:\/\/expressometro.mx\/index.php\/2019\/09\/05\/convocan-comecyt-y-unam-a-participar-en-el-premio-blis-2019\/\" \/>\n<meta property=\"og:site_name\" content=\"Expresso Metropolitano\" \/>\n<meta property=\"article:published_time\" content=\"2019-09-05T18:46:28+00:00\" \/>\n<meta property=\"article:modified_time\" content=\"2019-09-25T15:34:34+00:00\" \/>\n<meta property=\"og:image\" content=\"https:\/\/expressometro.mx\/wp-content\/uploads\/2019\/09\/w2_8990_1-1.jpg\" \/>\n\t<meta property=\"og:image:width\" content=\"3648\" \/>\n\t<meta property=\"og:image:height\" content=\"2432\" \/>\n\t<meta property=\"og:image:type\" content=\"image\/jpeg\" \/>\n<meta name=\"author\" content=\"Expresso Metropolitano\" \/>\n<meta name=\"twitter:label1\" content=\"Escrito por\" \/>\n\t<meta name=\"twitter:data1\" content=\"Expresso Metropolitano\" \/>\n\t<meta name=\"twitter:label2\" content=\"Tiempo de lectura\" \/>\n\t<meta name=\"twitter:data2\" content=\"1 minuto\" \/>\n<script type=\"application\/ld+json\" class=\"yoast-schema-graph\">{\"@context\":\"https:\\\/\\\/schema.org\",\"@graph\":[{\"@type\":\"Article\",\"@id\":\"https:\\\/\\\/expressometro.mx\\\/index.php\\\/2019\\\/09\\\/05\\\/convocan-comecyt-y-unam-a-participar-en-el-premio-blis-2019\\\/#article\",\"isPartOf\":{\"@id\":\"https:\\\/\\\/expressometro.mx\\\/index.php\\\/2019\\\/09\\\/05\\\/convocan-comecyt-y-unam-a-participar-en-el-premio-blis-2019\\\/\"},\"author\":{\"name\":\"Expresso Metropolitano\",\"@id\":\"https:\\\/\\\/expressometro.mx\\\/#\\\/schema\\\/person\\\/efa971b4a0664db8ed5c22b1b0dd2f5d\"},\"headline\":\"CONVOCAN COMECYT Y UNAM A PARTICIPAR EN EL PREMIO BLIS 2019\",\"datePublished\":\"2019-09-05T18:46:28+00:00\",\"dateModified\":\"2019-09-25T15:34:34+00:00\",\"mainEntityOfPage\":{\"@id\":\"https:\\\/\\\/expressometro.mx\\\/index.php\\\/2019\\\/09\\\/05\\\/convocan-comecyt-y-unam-a-participar-en-el-premio-blis-2019\\\/\"},\"wordCount\":214,\"commentCount\":0,\"publisher\":{\"@id\":\"https:\\\/\\\/expressometro.mx\\\/#organization\"},\"image\":{\"@id\":\"https:\\\/\\\/expressometro.mx\\\/index.php\\\/2019\\\/09\\\/05\\\/convocan-comecyt-y-unam-a-participar-en-el-premio-blis-2019\\\/#primaryimage\"},\"thumbnailUrl\":\"https:\\\/\\\/expressometro.mx\\\/wp-content\\\/uploads\\\/2019\\\/09\\\/w2_8990_1-1.jpg\",\"articleSection\":[\"Cultura\",\"Gobierno\",\"Otros\"],\"inLanguage\":\"es\",\"potentialAction\":[{\"@type\":\"CommentAction\",\"name\":\"Comment\",\"target\":[\"https:\\\/\\\/expressometro.mx\\\/index.php\\\/2019\\\/09\\\/05\\\/convocan-comecyt-y-unam-a-participar-en-el-premio-blis-2019\\\/#respond\"]}]},{\"@type\":\"WebPage\",\"@id\":\"https:\\\/\\\/expressometro.mx\\\/index.php\\\/2019\\\/09\\\/05\\\/convocan-comecyt-y-unam-a-participar-en-el-premio-blis-2019\\\/\",\"url\":\"https:\\\/\\\/expressometro.mx\\\/index.php\\\/2019\\\/09\\\/05\\\/convocan-comecyt-y-unam-a-participar-en-el-premio-blis-2019\\\/\",\"name\":\"CONVOCAN COMECYT Y UNAM A PARTICIPAR EN EL PREMIO BLIS 2019 - Expresso Metropolitano\",\"isPartOf\":{\"@id\":\"https:\\\/\\\/expressometro.mx\\\/#website\"},\"primaryImageOfPage\":{\"@id\":\"https:\\\/\\\/expressometro.mx\\\/index.php\\\/2019\\\/09\\\/05\\\/convocan-comecyt-y-unam-a-participar-en-el-premio-blis-2019\\\/#primaryimage\"},\"image\":{\"@id\":\"https:\\\/\\\/expressometro.mx\\\/index.php\\\/2019\\\/09\\\/05\\\/convocan-comecyt-y-unam-a-participar-en-el-premio-blis-2019\\\/#primaryimage\"},\"thumbnailUrl\":\"https:\\\/\\\/expressometro.mx\\\/wp-content\\\/uploads\\\/2019\\\/09\\\/w2_8990_1-1.jpg\",\"datePublished\":\"2019-09-05T18:46:28+00:00\",\"dateModified\":\"2019-09-25T15:34:34+00:00\",\"breadcrumb\":{\"@id\":\"https:\\\/\\\/expressometro.mx\\\/index.php\\\/2019\\\/09\\\/05\\\/convocan-comecyt-y-unam-a-participar-en-el-premio-blis-2019\\\/#breadcrumb\"},\"inLanguage\":\"es\",\"potentialAction\":[{\"@type\":\"ReadAction\",\"target\":[\"https:\\\/\\\/expressometro.mx\\\/index.php\\\/2019\\\/09\\\/05\\\/convocan-comecyt-y-unam-a-participar-en-el-premio-blis-2019\\\/\"]}]},{\"@type\":\"ImageObject\",\"inLanguage\":\"es\",\"@id\":\"https:\\\/\\\/expressometro.mx\\\/index.php\\\/2019\\\/09\\\/05\\\/convocan-comecyt-y-unam-a-participar-en-el-premio-blis-2019\\\/#primaryimage\",\"url\":\"https:\\\/\\\/expressometro.mx\\\/wp-content\\\/uploads\\\/2019\\\/09\\\/w2_8990_1-1.jpg\",\"contentUrl\":\"https:\\\/\\\/expressometro.mx\\\/wp-content\\\/uploads\\\/2019\\\/09\\\/w2_8990_1-1.jpg\",\"width\":3648,\"height\":2432},{\"@type\":\"BreadcrumbList\",\"@id\":\"https:\\\/\\\/expressometro.mx\\\/index.php\\\/2019\\\/09\\\/05\\\/convocan-comecyt-y-unam-a-participar-en-el-premio-blis-2019\\\/#breadcrumb\",\"itemListElement\":[{\"@type\":\"ListItem\",\"position\":1,\"name\":\"Inicio\",\"item\":\"https:\\\/\\\/expressometro.mx\\\/\"},{\"@type\":\"ListItem\",\"position\":2,\"name\":\"CONVOCAN COMECYT Y UNAM A PARTICIPAR EN EL PREMIO BLIS 2019\"}]},{\"@type\":\"WebSite\",\"@id\":\"https:\\\/\\\/expressometro.mx\\\/#website\",\"url\":\"https:\\\/\\\/expressometro.mx\\\/\",\"name\":\"Expresso Metropolitano\",\"description\":\"Periodismo comprometido, informaci\u00f3n, investigaci\u00f3n y an\u00e1lisis\",\"publisher\":{\"@id\":\"https:\\\/\\\/expressometro.mx\\\/#organization\"},\"potentialAction\":[{\"@type\":\"SearchAction\",\"target\":{\"@type\":\"EntryPoint\",\"urlTemplate\":\"https:\\\/\\\/expressometro.mx\\\/?s={search_term_string}\"},\"query-input\":{\"@type\":\"PropertyValueSpecification\",\"valueRequired\":true,\"valueName\":\"search_term_string\"}}],\"inLanguage\":\"es\"},{\"@type\":\"Organization\",\"@id\":\"https:\\\/\\\/expressometro.mx\\\/#organization\",\"name\":\"Expresso Metropolitano\",\"url\":\"https:\\\/\\\/expressometro.mx\\\/\",\"logo\":{\"@type\":\"ImageObject\",\"inLanguage\":\"es\",\"@id\":\"https:\\\/\\\/expressometro.mx\\\/#\\\/schema\\\/logo\\\/image\\\/\",\"url\":\"https:\\\/\\\/expressometro.mx\\\/wp-content\\\/uploads\\\/2019\\\/07\\\/cropped-Logo-Expresso-Metropolitano-1-1.jpeg\",\"contentUrl\":\"https:\\\/\\\/expressometro.mx\\\/wp-content\\\/uploads\\\/2019\\\/07\\\/cropped-Logo-Expresso-Metropolitano-1-1.jpeg\",\"width\":290,\"height\":73,\"caption\":\"Expresso Metropolitano\"},\"image\":{\"@id\":\"https:\\\/\\\/expressometro.mx\\\/#\\\/schema\\\/logo\\\/image\\\/\"}},{\"@type\":\"Person\",\"@id\":\"https:\\\/\\\/expressometro.mx\\\/#\\\/schema\\\/person\\\/efa971b4a0664db8ed5c22b1b0dd2f5d\",\"name\":\"Expresso Metropolitano\",\"image\":{\"@type\":\"ImageObject\",\"inLanguage\":\"es\",\"@id\":\"https:\\\/\\\/secure.gravatar.com\\\/avatar\\\/a89f802b8de18c6952f223c88d3d106e9e3679839f4e25a02f4a6cc2ae6ba3b3?s=96&d=mm&r=g\",\"url\":\"https:\\\/\\\/secure.gravatar.com\\\/avatar\\\/a89f802b8de18c6952f223c88d3d106e9e3679839f4e25a02f4a6cc2ae6ba3b3?s=96&d=mm&r=g\",\"contentUrl\":\"https:\\\/\\\/secure.gravatar.com\\\/avatar\\\/a89f802b8de18c6952f223c88d3d106e9e3679839f4e25a02f4a6cc2ae6ba3b3?s=96&d=mm&r=g\",\"caption\":\"Expresso Metropolitano\"},\"url\":\"https:\\\/\\\/expressometro.mx\\\/index.php\\\/author\\\/diego\\\/\"}]}<\/script>\n<!-- \/ Yoast SEO plugin. -->","yoast_head_json":{"title":"CONVOCAN COMECYT Y UNAM A PARTICIPAR EN EL PREMIO BLIS 2019 - Expresso Metropolitano","robots":{"index":"index","follow":"follow","max-snippet":"max-snippet:-1","max-image-preview":"max-image-preview:large","max-video-preview":"max-video-preview:-1"},"canonical":"https:\/\/expressometro.mx\/index.php\/2019\/09\/05\/convocan-comecyt-y-unam-a-participar-en-el-premio-blis-2019\/","og_locale":"es_MX","og_type":"article","og_title":"CONVOCAN COMECYT Y UNAM A PARTICIPAR EN EL PREMIO BLIS 2019 - Expresso Metropolitano","og_description":"El Gobierno del Estado de M\u00e9xico, a trav\u00e9s del Consejo Mexiquense de Ciencia y Tecnolog\u00eda (Comecyt), y la Universidad Nacional Aut\u00f3noma de M\u00e9xico (UNAM), invitan a estudiantes de licenciatura, posgrado, Centros de Investigaci\u00f3n, personas f\u00edsicas con actividad empresarial y MIPyMES mexiquenses, a participar en el Premio BLIS 2019 \u201cBuscando L\u00edderes en Innovaci\u00f3n y Sustentabilidad\u201d. La dependencia estatal inform\u00f3 que el objetivo de la convocatoria es reconocer mediante un apoyo econ\u00f3mico y un programa de acompa\u00f1amiento de incubaci\u00f3n o aceleraci\u00f3n, a los proyectos con componentes de sustentabilidad e innovaci\u00f3n, con valor&hellip;","og_url":"https:\/\/expressometro.mx\/index.php\/2019\/09\/05\/convocan-comecyt-y-unam-a-participar-en-el-premio-blis-2019\/","og_site_name":"Expresso Metropolitano","article_published_time":"2019-09-05T18:46:28+00:00","article_modified_time":"2019-09-25T15:34:34+00:00","og_image":[{"width":3648,"height":2432,"url":"https:\/\/expressometro.mx\/wp-content\/uploads\/2019\/09\/w2_8990_1-1.jpg","type":"image\/jpeg"}],"author":"Expresso Metropolitano","twitter_misc":{"Escrito por":"Expresso Metropolitano","Tiempo de lectura":"1 minuto"},"schema":{"@context":"https:\/\/schema.org","@graph":[{"@type":"Article","@id":"https:\/\/expressometro.mx\/index.php\/2019\/09\/05\/convocan-comecyt-y-unam-a-participar-en-el-premio-blis-2019\/#article","isPartOf":{"@id":"https:\/\/expressometro.mx\/index.php\/2019\/09\/05\/convocan-comecyt-y-unam-a-participar-en-el-premio-blis-2019\/"},"author":{"name":"Expresso Metropolitano","@id":"https:\/\/expressometro.mx\/#\/schema\/person\/efa971b4a0664db8ed5c22b1b0dd2f5d"},"headline":"CONVOCAN COMECYT Y UNAM A PARTICIPAR EN EL PREMIO BLIS 2019","datePublished":"2019-09-05T18:46:28+00:00","dateModified":"2019-09-25T15:34:34+00:00","mainEntityOfPage":{"@id":"https:\/\/expressometro.mx\/index.php\/2019\/09\/05\/convocan-comecyt-y-unam-a-participar-en-el-premio-blis-2019\/"},"wordCount":214,"commentCount":0,"publisher":{"@id":"https:\/\/expressometro.mx\/#organization"},"image":{"@id":"https:\/\/expressometro.mx\/index.php\/2019\/09\/05\/convocan-comecyt-y-unam-a-participar-en-el-premio-blis-2019\/#primaryimage"},"thumbnailUrl":"https:\/\/expressometro.mx\/wp-content\/uploads\/2019\/09\/w2_8990_1-1.jpg","articleSection":["Cultura","Gobierno","Otros"],"inLanguage":"es","potentialAction":[{"@type":"CommentAction","name":"Comment","target":["https:\/\/expressometro.mx\/index.php\/2019\/09\/05\/convocan-comecyt-y-unam-a-participar-en-el-premio-blis-2019\/#respond"]}]},{"@type":"WebPage","@id":"https:\/\/expressometro.mx\/index.php\/2019\/09\/05\/convocan-comecyt-y-unam-a-participar-en-el-premio-blis-2019\/","url":"https:\/\/expressometro.mx\/index.php\/2019\/09\/05\/convocan-comecyt-y-unam-a-participar-en-el-premio-blis-2019\/","name":"CONVOCAN COMECYT Y UNAM A PARTICIPAR EN EL PREMIO BLIS 2019 - Expresso Metropolitano","isPartOf":{"@id":"https:\/\/expressometro.mx\/#website"},"primaryImageOfPage":{"@id":"https:\/\/expressometro.mx\/index.php\/2019\/09\/05\/convocan-comecyt-y-unam-a-participar-en-el-premio-blis-2019\/#primaryimage"},"image":{"@id":"https:\/\/expressometro.mx\/index.php\/2019\/09\/05\/convocan-comecyt-y-unam-a-participar-en-el-premio-blis-2019\/#primaryimage"},"thumbnailUrl":"https:\/\/expressometro.mx\/wp-content\/uploads\/2019\/09\/w2_8990_1-1.jpg","datePublished":"2019-09-05T18:46:28+00:00","dateModified":"2019-09-25T15:34:34+00:00","breadcrumb":{"@id":"https:\/\/expressometro.mx\/index.php\/2019\/09\/05\/convocan-comecyt-y-unam-a-participar-en-el-premio-blis-2019\/#breadcrumb"},"inLanguage":"es","potentialAction":[{"@type":"ReadAction","target":["https:\/\/expressometro.mx\/index.php\/2019\/09\/05\/convocan-comecyt-y-unam-a-participar-en-el-premio-blis-2019\/"]}]},{"@type":"ImageObject","inLanguage":"es","@id":"https:\/\/expressometro.mx\/index.php\/2019\/09\/05\/convocan-comecyt-y-unam-a-participar-en-el-premio-blis-2019\/#primaryimage","url":"https:\/\/expressometro.mx\/wp-content\/uploads\/2019\/09\/w2_8990_1-1.jpg","contentUrl":"https:\/\/expressometro.mx\/wp-content\/uploads\/2019\/09\/w2_8990_1-1.jpg","width":3648,"height":2432},{"@type":"BreadcrumbList","@id":"https:\/\/expressometro.mx\/index.php\/2019\/09\/05\/convocan-comecyt-y-unam-a-participar-en-el-premio-blis-2019\/#breadcrumb","itemListElement":[{"@type":"ListItem","position":1,"name":"Inicio","item":"https:\/\/expressometro.mx\/"},{"@type":"ListItem","position":2,"name":"CONVOCAN COMECYT Y UNAM A PARTICIPAR EN EL PREMIO BLIS 2019"}]},{"@type":"WebSite","@id":"https:\/\/expressometro.mx\/#website","url":"https:\/\/expressometro.mx\/","name":"Expresso Metropolitano","description":"Periodismo comprometido, informaci\u00f3n, investigaci\u00f3n y an\u00e1lisis","publisher":{"@id":"https:\/\/expressometro.mx\/#organization"},"potentialAction":[{"@type":"SearchAction","target":{"@type":"EntryPoint","urlTemplate":"https:\/\/expressometro.mx\/?s={search_term_string}"},"query-input":{"@type":"PropertyValueSpecification","valueRequired":true,"valueName":"search_term_string"}}],"inLanguage":"es"},{"@type":"Organization","@id":"https:\/\/expressometro.mx\/#organization","name":"Expresso Metropolitano","url":"https:\/\/expressometro.mx\/","logo":{"@type":"ImageObject","inLanguage":"es","@id":"https:\/\/expressometro.mx\/#\/schema\/logo\/image\/","url":"https:\/\/expressometro.mx\/wp-content\/uploads\/2019\/07\/cropped-Logo-Expresso-Metropolitano-1-1.jpeg","contentUrl":"https:\/\/expressometro.mx\/wp-content\/uploads\/2019\/07\/cropped-Logo-Expresso-Metropolitano-1-1.jpeg","width":290,"height":73,"caption":"Expresso Metropolitano"},"image":{"@id":"https:\/\/expressometro.mx\/#\/schema\/logo\/image\/"}},{"@type":"Person","@id":"https:\/\/expressometro.mx\/#\/schema\/person\/efa971b4a0664db8ed5c22b1b0dd2f5d","name":"Expresso Metropolitano","image":{"@type":"ImageObject","inLanguage":"es","@id":"https:\/\/secure.gravatar.com\/avatar\/a89f802b8de18c6952f223c88d3d106e9e3679839f4e25a02f4a6cc2ae6ba3b3?s=96&d=mm&r=g","url":"https:\/\/secure.gravatar.com\/avatar\/a89f802b8de18c6952f223c88d3d106e9e3679839f4e25a02f4a6cc2ae6ba3b3?s=96&d=mm&r=g","contentUrl":"https:\/\/secure.gravatar.com\/avatar\/a89f802b8de18c6952f223c88d3d106e9e3679839f4e25a02f4a6cc2ae6ba3b3?s=96&d=mm&r=g","caption":"Expresso Metropolitano"},"url":"https:\/\/expressometro.mx\/index.php\/author\/diego\/"}]}},"amp_enabled":true,"_links":{"self":[{"href":"https:\/\/expressometro.mx\/index.php\/wp-json\/wp\/v2\/posts\/500","targetHints":{"allow":["GET"]}}],"collection":[{"href":"https:\/\/expressometro.mx\/index.php\/wp-json\/wp\/v2\/posts"}],"about":[{"href":"https:\/\/expressometro.mx\/index.php\/wp-json\/wp\/v2\/types\/post"}],"author":[{"embeddable":true,"href":"https:\/\/expressometro.mx\/index.php\/wp-json\/wp\/v2\/users\/1"}],"replies":[{"embeddable":true,"href":"https:\/\/expressometro.mx\/index.php\/wp-json\/wp\/v2\/comments?post=500"}],"version-history":[{"count":1,"href":"https:\/\/expressometro.mx\/index.php\/wp-json\/wp\/v2\/posts\/500\/revisions"}],"predecessor-version":[{"id":503,"href":"https:\/\/expressometro.mx\/index.php\/wp-json\/wp\/v2\/posts\/500\/revisions\/503"}],"wp:featuredmedia":[{"embeddable":true,"href":"https:\/\/expressometro.mx\/index.php\/wp-json\/wp\/v2\/media\/502"}],"wp:attachment":[{"href":"https:\/\/expressometro.mx\/index.php\/wp-json\/wp\/v2\/media?parent=500"}],"wp:term":[{"taxonomy":"category","embeddable":true,"href":"https:\/\/expressometro.mx\/index.php\/wp-json\/wp\/v2\/categories?post=500"},{"taxonomy":"post_tag","embeddable":true,"href":"https:\/\/expressometro.mx\/index.php\/wp-json\/wp\/v2\/tags?post=500"}],"curies":[{"name":"wp","href":"https:\/\/api.w.org\/{rel}","templated":true}]}}