{"id":4981,"date":"2022-01-20T21:16:22","date_gmt":"2022-01-21T03:16:22","guid":{"rendered":"https:\/\/expressometro.mx\/?p=4981"},"modified":"2022-01-20T21:16:22","modified_gmt":"2022-01-21T03:16:22","slug":"entabla-uaemex-colaboracion-con-organizacion-de-estados-iberoamericanos","status":"publish","type":"post","link":"https:\/\/expressometro.mx\/index.php\/2022\/01\/20\/entabla-uaemex-colaboracion-con-organizacion-de-estados-iberoamericanos\/","title":{"rendered":"Entabla UAEM\u00e9x colaboraci\u00f3n con Organizaci\u00f3n de Estados Iberoamericanos"},"content":{"rendered":"\n<p style=\"font-size:18px\">\u25d8 La UAEM\u00e9x firm\u00f3, a trav\u00e9s del rector Carlos Eduardo Barrera D\u00edaz, un convenio de colaboraci\u00f3n con la OEI, por medio de su representante permanente en M\u00e9xico, X\u00f3chitl Patricia Aldana Maldonado.<br>\u25d8 El acuerdo impulsar\u00e1 la promoci\u00f3n, aplicaci\u00f3n y difusi\u00f3n de programas de actividades educativas del nivel medio superior y superior, as\u00ed como la colaboraci\u00f3n en materia de extensi\u00f3n, investigaci\u00f3n y difusi\u00f3n de conocimientos relacionados con la educaci\u00f3n y la cultura en general.<\/p>\n\n\n\n<p>Toluca, M\u00e9x; 20 de enero de 2022. En la b\u00fasqueda de soluciones a los desaf\u00edos y la complejidad que presenta el mundo actual, la Universidad Aut\u00f3noma del Estado de M\u00e9xico (UAEM\u00e9x) firm\u00f3, a trav\u00e9s del rector Carlos Eduardo Barrera D\u00edaz, un convenio de colaboraci\u00f3n con la Organizaci\u00f3n de Estados Iberoamericanos para la Educaci\u00f3n, la Ciencia y la Cultura (OEI), por medio de su representante permanente en M\u00e9xico, X\u00f3chitl Patricia Aldana Maldonado, mediante el cual se fortalecer\u00e1 la formaci\u00f3n de estudiantes e investigadores de esta casa de estudios.<br>El convenio marco impulsar\u00e1 la promoci\u00f3n, aplicaci\u00f3n y difusi\u00f3n de programas de actividades educativas del nivel medio superior y superior, as\u00ed como la colaboraci\u00f3n en materia de extensi\u00f3n, investigaci\u00f3n y difusi\u00f3n de conocimientos relacionados con la educaci\u00f3n y la cultura en general; de igual manera, permitir\u00e1 optimizar los recursos y aumentar la eficiencia de los esfuerzos para contribuir al desarrollo social y educativo de nuestro pa\u00eds.<br>En la Sala \u201cDr. Gustavo Baz Prada\u201d del Edificio de Rector\u00eda, Barrera D\u00edaz refiri\u00f3 que esta alianza abre la oportunidad para elevar la capacidad investigadora en los espacios acad\u00e9micos de la UAEM\u00e9x, con el prop\u00f3sito de que sea suficiente para generar prosperidad y crear din\u00e1micas, desarrollo y crecimiento acordes a las exigencias de una econom\u00eda global y del conocimiento.<br>\u201cLa OEI es el mayor organismo de cooperaci\u00f3n multilateral entre pa\u00edses americanos y europeos de habla espa\u00f1ola y portuguesa, en los cuales concebimos la educaci\u00f3n, la ciencia y la cultura como herramientas para el desarrollo humano y generadora de oportunidades para construir un futuro mejor\u201d, extern\u00f3 el rector de la UAEM\u00e9x.<br>En su oportunidad, Aldana Maldonado explic\u00f3 que en materia de educaci\u00f3n, la OEI impulsa programas vinculados con ejes estrat\u00e9gicos como el de movilidad e internacionalizaci\u00f3n y el de calidad educativa, relacionado con la oferta virtual en el nivel de educaci\u00f3n superior.<br>En el \u00e1mbito de la ciencia, los ejes de trabajo del organismo internacional son el fortalecimiento de los sistemas de ciencia y tecnolog\u00eda, la transferencia del conocimiento y la divulgaci\u00f3n y difusi\u00f3n cient\u00edfica.<br>Aldana Maldonado dijo que la OEI puede colaborar con la UAEM\u00e9x en las acciones referidas, as\u00ed como ofrecer asistencia t\u00e9cnica por parte de expertos de toda la regi\u00f3n Iberoamericana.<br>\u201cEstoy segura de que esta alianza traer\u00e1 grandes resultados, en beneficio de la comunidad acad\u00e9mica de la Universidad Aut\u00f3noma del Estado de M\u00e9xico y permitir\u00e1 que la regi\u00f3n, a trav\u00e9s de la OEI, conozca las valiosas iniciativas que esta instituci\u00f3n desarrolla\u201d, afirm\u00f3.<br>La OEI tiene como uno de sus ejes rectores impulsar y fortalecer acciones en materia de educaci\u00f3n superior y ciencia, modalidad educativa en la que ha mantenido un crecimiento sostenido, alcanzando un total de 32 millones de estudiantes universitarios iberoamericanos distribuidos en cerca de cuatro mil instituciones de educaci\u00f3n superior.<br>A la firma de este convenio acudieron la secretaria de Investigaci\u00f3n y Estudios Avanzados de la UAEM\u00e9x, Martha Patricia Zarza Delgado; el coordinador de Concentraci\u00f3n y Alianzas Estrat\u00e9gicas de la OEI, Aldo Blanco Jarvio, y la coordinadora del Centro de Investigaci\u00f3n Multidisciplinaria en Educaci\u00f3n, Ana Mar\u00eda Reyes Fabela.<\/p>\n","protected":false},"excerpt":{"rendered":"<p>La UAEM\u00e9x firm\u00f3, a trav\u00e9s del rector Carlos Eduardo Barrera D\u00edaz, un convenio de colaboraci\u00f3n con la OEI, por medio de su representante permanente en M\u00e9xico, X\u00f3chitl Patricia Aldana Maldonado.<\/p>\n","protected":false},"author":2,"featured_media":4983,"comment_status":"open","ping_status":"open","sticky":false,"template":"","format":"standard","meta":{"footnotes":""},"categories":[108,1],"tags":[313,82],"class_list":["post-4981","post","type-post","status-publish","format-standard","has-post-thumbnail","hentry","category-educacion","category-otros","tag-carlos-eduardo-barrera-diaz","tag-uaemex"],"yoast_head":"<!-- This site is optimized with the Yoast SEO plugin v27.5 - https:\/\/yoast.com\/product\/yoast-seo-wordpress\/ -->\n<title>Entabla UAEM\u00e9x colaboraci\u00f3n con Organizaci\u00f3n de Estados Iberoamericanos - Expresso Metropolitano<\/title>\n<meta name=\"robots\" content=\"index, follow, max-snippet:-1, max-image-preview:large, max-video-preview:-1\" \/>\n<link rel=\"canonical\" href=\"https:\/\/expressometro.mx\/index.php\/2022\/01\/20\/entabla-uaemex-colaboracion-con-organizacion-de-estados-iberoamericanos\/\" \/>\n<meta property=\"og:locale\" content=\"es_MX\" \/>\n<meta property=\"og:type\" content=\"article\" \/>\n<meta property=\"og:title\" content=\"Entabla UAEM\u00e9x colaboraci\u00f3n con Organizaci\u00f3n de Estados Iberoamericanos - Expresso Metropolitano\" \/>\n<meta property=\"og:description\" content=\"La UAEM\u00e9x firm\u00f3, a trav\u00e9s del rector Carlos Eduardo Barrera D\u00edaz, un convenio de colaboraci\u00f3n con la OEI, por medio de su representante permanente en M\u00e9xico, X\u00f3chitl Patricia Aldana Maldonado.\" \/>\n<meta property=\"og:url\" content=\"https:\/\/expressometro.mx\/index.php\/2022\/01\/20\/entabla-uaemex-colaboracion-con-organizacion-de-estados-iberoamericanos\/\" \/>\n<meta property=\"og:site_name\" content=\"Expresso Metropolitano\" \/>\n<meta property=\"article:published_time\" content=\"2022-01-21T03:16:22+00:00\" \/>\n<meta property=\"og:image\" content=\"http:\/\/expressometro.mx\/wp-content\/uploads\/2022\/01\/WhatsApp-Image-2022-01-20-at-9.01.09-PM.jpeg\" \/>\n\t<meta property=\"og:image:width\" content=\"960\" \/>\n\t<meta property=\"og:image:height\" content=\"640\" \/>\n\t<meta property=\"og:image:type\" content=\"image\/jpeg\" \/>\n<meta name=\"author\" content=\"Cecilia Vega\" \/>\n<meta name=\"twitter:label1\" content=\"Escrito por\" \/>\n\t<meta name=\"twitter:data1\" content=\"Cecilia Vega\" \/>\n\t<meta name=\"twitter:label2\" content=\"Tiempo de lectura\" \/>\n\t<meta name=\"twitter:data2\" content=\"3 minutos\" \/>\n<script type=\"application\/ld+json\" class=\"yoast-schema-graph\">{\"@context\":\"https:\\\/\\\/schema.org\",\"@graph\":[{\"@type\":\"Article\",\"@id\":\"https:\\\/\\\/expressometro.mx\\\/index.php\\\/2022\\\/01\\\/20\\\/entabla-uaemex-colaboracion-con-organizacion-de-estados-iberoamericanos\\\/#article\",\"isPartOf\":{\"@id\":\"https:\\\/\\\/expressometro.mx\\\/index.php\\\/2022\\\/01\\\/20\\\/entabla-uaemex-colaboracion-con-organizacion-de-estados-iberoamericanos\\\/\"},\"author\":{\"name\":\"Cecilia Vega\",\"@id\":\"https:\\\/\\\/expressometro.mx\\\/#\\\/schema\\\/person\\\/67a95b8e3862085c7598f66237488f1f\"},\"headline\":\"Entabla UAEM\u00e9x colaboraci\u00f3n con Organizaci\u00f3n de Estados Iberoamericanos\",\"datePublished\":\"2022-01-21T03:16:22+00:00\",\"mainEntityOfPage\":{\"@id\":\"https:\\\/\\\/expressometro.mx\\\/index.php\\\/2022\\\/01\\\/20\\\/entabla-uaemex-colaboracion-con-organizacion-de-estados-iberoamericanos\\\/\"},\"wordCount\":660,\"commentCount\":0,\"publisher\":{\"@id\":\"https:\\\/\\\/expressometro.mx\\\/#organization\"},\"image\":{\"@id\":\"https:\\\/\\\/expressometro.mx\\\/index.php\\\/2022\\\/01\\\/20\\\/entabla-uaemex-colaboracion-con-organizacion-de-estados-iberoamericanos\\\/#primaryimage\"},\"thumbnailUrl\":\"https:\\\/\\\/expressometro.mx\\\/wp-content\\\/uploads\\\/2022\\\/01\\\/WhatsApp-Image-2022-01-20-at-9.01.09-PM.jpeg\",\"keywords\":[\"Carlos Eduardo Barrera D\u00edaz\",\"UAEMex\"],\"articleSection\":[\"Educaci\u00f3n\",\"Otros\"],\"inLanguage\":\"es\",\"potentialAction\":[{\"@type\":\"CommentAction\",\"name\":\"Comment\",\"target\":[\"https:\\\/\\\/expressometro.mx\\\/index.php\\\/2022\\\/01\\\/20\\\/entabla-uaemex-colaboracion-con-organizacion-de-estados-iberoamericanos\\\/#respond\"]}]},{\"@type\":\"WebPage\",\"@id\":\"https:\\\/\\\/expressometro.mx\\\/index.php\\\/2022\\\/01\\\/20\\\/entabla-uaemex-colaboracion-con-organizacion-de-estados-iberoamericanos\\\/\",\"url\":\"https:\\\/\\\/expressometro.mx\\\/index.php\\\/2022\\\/01\\\/20\\\/entabla-uaemex-colaboracion-con-organizacion-de-estados-iberoamericanos\\\/\",\"name\":\"Entabla UAEM\u00e9x colaboraci\u00f3n con Organizaci\u00f3n de Estados Iberoamericanos - Expresso Metropolitano\",\"isPartOf\":{\"@id\":\"https:\\\/\\\/expressometro.mx\\\/#website\"},\"primaryImageOfPage\":{\"@id\":\"https:\\\/\\\/expressometro.mx\\\/index.php\\\/2022\\\/01\\\/20\\\/entabla-uaemex-colaboracion-con-organizacion-de-estados-iberoamericanos\\\/#primaryimage\"},\"image\":{\"@id\":\"https:\\\/\\\/expressometro.mx\\\/index.php\\\/2022\\\/01\\\/20\\\/entabla-uaemex-colaboracion-con-organizacion-de-estados-iberoamericanos\\\/#primaryimage\"},\"thumbnailUrl\":\"https:\\\/\\\/expressometro.mx\\\/wp-content\\\/uploads\\\/2022\\\/01\\\/WhatsApp-Image-2022-01-20-at-9.01.09-PM.jpeg\",\"datePublished\":\"2022-01-21T03:16:22+00:00\",\"breadcrumb\":{\"@id\":\"https:\\\/\\\/expressometro.mx\\\/index.php\\\/2022\\\/01\\\/20\\\/entabla-uaemex-colaboracion-con-organizacion-de-estados-iberoamericanos\\\/#breadcrumb\"},\"inLanguage\":\"es\",\"potentialAction\":[{\"@type\":\"ReadAction\",\"target\":[\"https:\\\/\\\/expressometro.mx\\\/index.php\\\/2022\\\/01\\\/20\\\/entabla-uaemex-colaboracion-con-organizacion-de-estados-iberoamericanos\\\/\"]}]},{\"@type\":\"ImageObject\",\"inLanguage\":\"es\",\"@id\":\"https:\\\/\\\/expressometro.mx\\\/index.php\\\/2022\\\/01\\\/20\\\/entabla-uaemex-colaboracion-con-organizacion-de-estados-iberoamericanos\\\/#primaryimage\",\"url\":\"https:\\\/\\\/expressometro.mx\\\/wp-content\\\/uploads\\\/2022\\\/01\\\/WhatsApp-Image-2022-01-20-at-9.01.09-PM.jpeg\",\"contentUrl\":\"https:\\\/\\\/expressometro.mx\\\/wp-content\\\/uploads\\\/2022\\\/01\\\/WhatsApp-Image-2022-01-20-at-9.01.09-PM.jpeg\",\"width\":960,\"height\":640},{\"@type\":\"BreadcrumbList\",\"@id\":\"https:\\\/\\\/expressometro.mx\\\/index.php\\\/2022\\\/01\\\/20\\\/entabla-uaemex-colaboracion-con-organizacion-de-estados-iberoamericanos\\\/#breadcrumb\",\"itemListElement\":[{\"@type\":\"ListItem\",\"position\":1,\"name\":\"Inicio\",\"item\":\"https:\\\/\\\/expressometro.mx\\\/\"},{\"@type\":\"ListItem\",\"position\":2,\"name\":\"Entabla UAEM\u00e9x colaboraci\u00f3n con Organizaci\u00f3n de Estados Iberoamericanos\"}]},{\"@type\":\"WebSite\",\"@id\":\"https:\\\/\\\/expressometro.mx\\\/#website\",\"url\":\"https:\\\/\\\/expressometro.mx\\\/\",\"name\":\"Expresso Metropolitano\",\"description\":\"Periodismo comprometido, informaci\u00f3n, investigaci\u00f3n y an\u00e1lisis\",\"publisher\":{\"@id\":\"https:\\\/\\\/expressometro.mx\\\/#organization\"},\"potentialAction\":[{\"@type\":\"SearchAction\",\"target\":{\"@type\":\"EntryPoint\",\"urlTemplate\":\"https:\\\/\\\/expressometro.mx\\\/?s={search_term_string}\"},\"query-input\":{\"@type\":\"PropertyValueSpecification\",\"valueRequired\":true,\"valueName\":\"search_term_string\"}}],\"inLanguage\":\"es\"},{\"@type\":\"Organization\",\"@id\":\"https:\\\/\\\/expressometro.mx\\\/#organization\",\"name\":\"Expresso Metropolitano\",\"url\":\"https:\\\/\\\/expressometro.mx\\\/\",\"logo\":{\"@type\":\"ImageObject\",\"inLanguage\":\"es\",\"@id\":\"https:\\\/\\\/expressometro.mx\\\/#\\\/schema\\\/logo\\\/image\\\/\",\"url\":\"https:\\\/\\\/expressometro.mx\\\/wp-content\\\/uploads\\\/2019\\\/07\\\/cropped-Logo-Expresso-Metropolitano-1-1.jpeg\",\"contentUrl\":\"https:\\\/\\\/expressometro.mx\\\/wp-content\\\/uploads\\\/2019\\\/07\\\/cropped-Logo-Expresso-Metropolitano-1-1.jpeg\",\"width\":290,\"height\":73,\"caption\":\"Expresso Metropolitano\"},\"image\":{\"@id\":\"https:\\\/\\\/expressometro.mx\\\/#\\\/schema\\\/logo\\\/image\\\/\"}},{\"@type\":\"Person\",\"@id\":\"https:\\\/\\\/expressometro.mx\\\/#\\\/schema\\\/person\\\/67a95b8e3862085c7598f66237488f1f\",\"name\":\"Cecilia Vega\",\"image\":{\"@type\":\"ImageObject\",\"inLanguage\":\"es\",\"@id\":\"https:\\\/\\\/secure.gravatar.com\\\/avatar\\\/13aae9944ab2ee472a9e407c9487fdbd03b049abaa559af32fe5dbcf615c981b?s=96&d=mm&r=g\",\"url\":\"https:\\\/\\\/secure.gravatar.com\\\/avatar\\\/13aae9944ab2ee472a9e407c9487fdbd03b049abaa559af32fe5dbcf615c981b?s=96&d=mm&r=g\",\"contentUrl\":\"https:\\\/\\\/secure.gravatar.com\\\/avatar\\\/13aae9944ab2ee472a9e407c9487fdbd03b049abaa559af32fe5dbcf615c981b?s=96&d=mm&r=g\",\"caption\":\"Cecilia Vega\"},\"url\":\"https:\\\/\\\/expressometro.mx\\\/index.php\\\/author\\\/cecilia-vega\\\/\"}]}<\/script>\n<!-- \/ Yoast SEO plugin. -->","yoast_head_json":{"title":"Entabla UAEM\u00e9x colaboraci\u00f3n con Organizaci\u00f3n de Estados Iberoamericanos - Expresso Metropolitano","robots":{"index":"index","follow":"follow","max-snippet":"max-snippet:-1","max-image-preview":"max-image-preview:large","max-video-preview":"max-video-preview:-1"},"canonical":"https:\/\/expressometro.mx\/index.php\/2022\/01\/20\/entabla-uaemex-colaboracion-con-organizacion-de-estados-iberoamericanos\/","og_locale":"es_MX","og_type":"article","og_title":"Entabla UAEM\u00e9x colaboraci\u00f3n con Organizaci\u00f3n de Estados Iberoamericanos - Expresso Metropolitano","og_description":"La UAEM\u00e9x firm\u00f3, a trav\u00e9s del rector Carlos Eduardo Barrera D\u00edaz, un convenio de colaboraci\u00f3n con la OEI, por medio de su representante permanente en M\u00e9xico, X\u00f3chitl Patricia Aldana Maldonado.","og_url":"https:\/\/expressometro.mx\/index.php\/2022\/01\/20\/entabla-uaemex-colaboracion-con-organizacion-de-estados-iberoamericanos\/","og_site_name":"Expresso Metropolitano","article_published_time":"2022-01-21T03:16:22+00:00","og_image":[{"width":960,"height":640,"url":"http:\/\/expressometro.mx\/wp-content\/uploads\/2022\/01\/WhatsApp-Image-2022-01-20-at-9.01.09-PM.jpeg","type":"image\/jpeg"}],"author":"Cecilia Vega","twitter_misc":{"Escrito por":"Cecilia Vega","Tiempo de lectura":"3 minutos"},"schema":{"@context":"https:\/\/schema.org","@graph":[{"@type":"Article","@id":"https:\/\/expressometro.mx\/index.php\/2022\/01\/20\/entabla-uaemex-colaboracion-con-organizacion-de-estados-iberoamericanos\/#article","isPartOf":{"@id":"https:\/\/expressometro.mx\/index.php\/2022\/01\/20\/entabla-uaemex-colaboracion-con-organizacion-de-estados-iberoamericanos\/"},"author":{"name":"Cecilia Vega","@id":"https:\/\/expressometro.mx\/#\/schema\/person\/67a95b8e3862085c7598f66237488f1f"},"headline":"Entabla UAEM\u00e9x colaboraci\u00f3n con Organizaci\u00f3n de Estados Iberoamericanos","datePublished":"2022-01-21T03:16:22+00:00","mainEntityOfPage":{"@id":"https:\/\/expressometro.mx\/index.php\/2022\/01\/20\/entabla-uaemex-colaboracion-con-organizacion-de-estados-iberoamericanos\/"},"wordCount":660,"commentCount":0,"publisher":{"@id":"https:\/\/expressometro.mx\/#organization"},"image":{"@id":"https:\/\/expressometro.mx\/index.php\/2022\/01\/20\/entabla-uaemex-colaboracion-con-organizacion-de-estados-iberoamericanos\/#primaryimage"},"thumbnailUrl":"https:\/\/expressometro.mx\/wp-content\/uploads\/2022\/01\/WhatsApp-Image-2022-01-20-at-9.01.09-PM.jpeg","keywords":["Carlos Eduardo Barrera D\u00edaz","UAEMex"],"articleSection":["Educaci\u00f3n","Otros"],"inLanguage":"es","potentialAction":[{"@type":"CommentAction","name":"Comment","target":["https:\/\/expressometro.mx\/index.php\/2022\/01\/20\/entabla-uaemex-colaboracion-con-organizacion-de-estados-iberoamericanos\/#respond"]}]},{"@type":"WebPage","@id":"https:\/\/expressometro.mx\/index.php\/2022\/01\/20\/entabla-uaemex-colaboracion-con-organizacion-de-estados-iberoamericanos\/","url":"https:\/\/expressometro.mx\/index.php\/2022\/01\/20\/entabla-uaemex-colaboracion-con-organizacion-de-estados-iberoamericanos\/","name":"Entabla UAEM\u00e9x colaboraci\u00f3n con Organizaci\u00f3n de Estados Iberoamericanos - Expresso Metropolitano","isPartOf":{"@id":"https:\/\/expressometro.mx\/#website"},"primaryImageOfPage":{"@id":"https:\/\/expressometro.mx\/index.php\/2022\/01\/20\/entabla-uaemex-colaboracion-con-organizacion-de-estados-iberoamericanos\/#primaryimage"},"image":{"@id":"https:\/\/expressometro.mx\/index.php\/2022\/01\/20\/entabla-uaemex-colaboracion-con-organizacion-de-estados-iberoamericanos\/#primaryimage"},"thumbnailUrl":"https:\/\/expressometro.mx\/wp-content\/uploads\/2022\/01\/WhatsApp-Image-2022-01-20-at-9.01.09-PM.jpeg","datePublished":"2022-01-21T03:16:22+00:00","breadcrumb":{"@id":"https:\/\/expressometro.mx\/index.php\/2022\/01\/20\/entabla-uaemex-colaboracion-con-organizacion-de-estados-iberoamericanos\/#breadcrumb"},"inLanguage":"es","potentialAction":[{"@type":"ReadAction","target":["https:\/\/expressometro.mx\/index.php\/2022\/01\/20\/entabla-uaemex-colaboracion-con-organizacion-de-estados-iberoamericanos\/"]}]},{"@type":"ImageObject","inLanguage":"es","@id":"https:\/\/expressometro.mx\/index.php\/2022\/01\/20\/entabla-uaemex-colaboracion-con-organizacion-de-estados-iberoamericanos\/#primaryimage","url":"https:\/\/expressometro.mx\/wp-content\/uploads\/2022\/01\/WhatsApp-Image-2022-01-20-at-9.01.09-PM.jpeg","contentUrl":"https:\/\/expressometro.mx\/wp-content\/uploads\/2022\/01\/WhatsApp-Image-2022-01-20-at-9.01.09-PM.jpeg","width":960,"height":640},{"@type":"BreadcrumbList","@id":"https:\/\/expressometro.mx\/index.php\/2022\/01\/20\/entabla-uaemex-colaboracion-con-organizacion-de-estados-iberoamericanos\/#breadcrumb","itemListElement":[{"@type":"ListItem","position":1,"name":"Inicio","item":"https:\/\/expressometro.mx\/"},{"@type":"ListItem","position":2,"name":"Entabla UAEM\u00e9x colaboraci\u00f3n con Organizaci\u00f3n de Estados Iberoamericanos"}]},{"@type":"WebSite","@id":"https:\/\/expressometro.mx\/#website","url":"https:\/\/expressometro.mx\/","name":"Expresso Metropolitano","description":"Periodismo comprometido, informaci\u00f3n, investigaci\u00f3n y an\u00e1lisis","publisher":{"@id":"https:\/\/expressometro.mx\/#organization"},"potentialAction":[{"@type":"SearchAction","target":{"@type":"EntryPoint","urlTemplate":"https:\/\/expressometro.mx\/?s={search_term_string}"},"query-input":{"@type":"PropertyValueSpecification","valueRequired":true,"valueName":"search_term_string"}}],"inLanguage":"es"},{"@type":"Organization","@id":"https:\/\/expressometro.mx\/#organization","name":"Expresso Metropolitano","url":"https:\/\/expressometro.mx\/","logo":{"@type":"ImageObject","inLanguage":"es","@id":"https:\/\/expressometro.mx\/#\/schema\/logo\/image\/","url":"https:\/\/expressometro.mx\/wp-content\/uploads\/2019\/07\/cropped-Logo-Expresso-Metropolitano-1-1.jpeg","contentUrl":"https:\/\/expressometro.mx\/wp-content\/uploads\/2019\/07\/cropped-Logo-Expresso-Metropolitano-1-1.jpeg","width":290,"height":73,"caption":"Expresso Metropolitano"},"image":{"@id":"https:\/\/expressometro.mx\/#\/schema\/logo\/image\/"}},{"@type":"Person","@id":"https:\/\/expressometro.mx\/#\/schema\/person\/67a95b8e3862085c7598f66237488f1f","name":"Cecilia Vega","image":{"@type":"ImageObject","inLanguage":"es","@id":"https:\/\/secure.gravatar.com\/avatar\/13aae9944ab2ee472a9e407c9487fdbd03b049abaa559af32fe5dbcf615c981b?s=96&d=mm&r=g","url":"https:\/\/secure.gravatar.com\/avatar\/13aae9944ab2ee472a9e407c9487fdbd03b049abaa559af32fe5dbcf615c981b?s=96&d=mm&r=g","contentUrl":"https:\/\/secure.gravatar.com\/avatar\/13aae9944ab2ee472a9e407c9487fdbd03b049abaa559af32fe5dbcf615c981b?s=96&d=mm&r=g","caption":"Cecilia Vega"},"url":"https:\/\/expressometro.mx\/index.php\/author\/cecilia-vega\/"}]}},"amp_enabled":true,"_links":{"self":[{"href":"https:\/\/expressometro.mx\/index.php\/wp-json\/wp\/v2\/posts\/4981","targetHints":{"allow":["GET"]}}],"collection":[{"href":"https:\/\/expressometro.mx\/index.php\/wp-json\/wp\/v2\/posts"}],"about":[{"href":"https:\/\/expressometro.mx\/index.php\/wp-json\/wp\/v2\/types\/post"}],"author":[{"embeddable":true,"href":"https:\/\/expressometro.mx\/index.php\/wp-json\/wp\/v2\/users\/2"}],"replies":[{"embeddable":true,"href":"https:\/\/expressometro.mx\/index.php\/wp-json\/wp\/v2\/comments?post=4981"}],"version-history":[{"count":1,"href":"https:\/\/expressometro.mx\/index.php\/wp-json\/wp\/v2\/posts\/4981\/revisions"}],"predecessor-version":[{"id":4984,"href":"https:\/\/expressometro.mx\/index.php\/wp-json\/wp\/v2\/posts\/4981\/revisions\/4984"}],"wp:featuredmedia":[{"embeddable":true,"href":"https:\/\/expressometro.mx\/index.php\/wp-json\/wp\/v2\/media\/4983"}],"wp:attachment":[{"href":"https:\/\/expressometro.mx\/index.php\/wp-json\/wp\/v2\/media?parent=4981"}],"wp:term":[{"taxonomy":"category","embeddable":true,"href":"https:\/\/expressometro.mx\/index.php\/wp-json\/wp\/v2\/categories?post=4981"},{"taxonomy":"post_tag","embeddable":true,"href":"https:\/\/expressometro.mx\/index.php\/wp-json\/wp\/v2\/tags?post=4981"}],"curies":[{"name":"wp","href":"https:\/\/api.w.org\/{rel}","templated":true}]}}