{"id":4945,"date":"2022-01-17T09:17:40","date_gmt":"2022-01-17T15:17:40","guid":{"rendered":"https:\/\/expressometro.mx\/?p=4945"},"modified":"2022-01-17T09:17:41","modified_gmt":"2022-01-17T15:17:41","slug":"de-buena-fuente-cronica-2","status":"publish","type":"post","link":"https:\/\/expressometro.mx\/index.php\/2022\/01\/17\/de-buena-fuente-cronica-2\/","title":{"rendered":"DE BUENA FUENTE; Cr\u00f3nica"},"content":{"rendered":"\n<p>NO NOS RAJAMOS, AQU\u00cd ESTAMOS<\/p>\n\n\n\n<p>Caracterizado por ser un representante popular de territorio y no virtual, el diputado federal Gustavo C\u00e1rdenas Monroy deja en claro que su discurso en tribuna legislativa es de hechos con cercan\u00eda a la gente y recorriendo las calles de su Distrito 03 con cabecera en el siempre emblem\u00e1tico Atlacomulco.<\/p>\n\n\n\n<p>No perdona los fines de semana y se puso a supervisar obras en los municipios de Ixtlahuaca y El Oro, acompa\u00f1ados de los alcaldes Abuzeid Lozano Casta\u00f1eda y Ruth Salazar Garcia, Jes\u00fas Cedillo Gonz\u00e1lez de Jocotitl\u00e1n, y los diputados locales Lety Mejia e Iv\u00e1n Esquer Cruz.<\/p>\n\n\n\n<p>En unidad y trabajo en equipo permanente realizaron una gira de supervisi\u00f3n de obras en las comunidades de San Pedro de los Ba\u00f1os y la Concepci\u00f3n de los Ba\u00f1os, donde comparten una gran actividad comercial los habitantes de Ixtlahuaca y Jocotitl\u00e1n.<\/p>\n\n\n\n<p>Los representantes populares reconocieron el respaldo del gobierno del Estado de M\u00e9xico para destinar recursos a la regi\u00f3n norte y comunidades ind\u00edgenas. Coincidieron en se\u00f1alar que no son tiempos de divisiones sino de unirse por el trabajo y el progreso de los municipios.<\/p>\n\n\n\n<p>A pesar de las adversidades presupuestales, el diputado Gustavo C\u00e1rdenas manifest\u00f3 que \u201cnos anima a trabajar m\u00e1s con ustedes y resolver los pendientes para la transitabilidad y seguridad de la zona\u201d.<\/p>\n\n\n\n<p>\u201cTodos haremos un solo frente con todo el poder de sumar, hemos dado la cara siempre con la gente de las comunidades y no solo en la oficina, no ha cambiado el inter\u00e9s de atenderlos\u201d, les dijo a la gente reunida en cada evento.<\/p>\n\n\n\n<p>Tengan confianza en el trabajo que se realiza para que el final del d\u00eda puedan orientar a sus autoridades de lo que m\u00e1s le conviene a su pueblo. \u201cNo nos rajamos aqu\u00ed estamos vamos a trabajar con ustedes y para ustedes por eso vamos a seguir viniendo\u201d, agreg\u00f3.<\/p>\n\n\n\n<p>Con la Presidenta Municipal de El Oro, Ruth Salazar Garc\u00eda, encabezaron el evento alusivo al programa nacional de reconstrucci\u00f3n que tuvo a bien incluir el hist\u00f3rico &#8220;Teatro Ju\u00e1rez&#8221; para restaurar los da\u00f1os que sufri\u00f3 ese bello edificio con los sismos de 2017, as\u00ed como la supervisi\u00f3n de la obra de estabilizaci\u00f3n, reforzamiento y mantenimiento al &#8220;SOCAV\u00d3N-SAN JUAN&#8221; y la supervisi\u00f3n del programa de conservaci\u00f3n del libramiento.<\/p>\n\n\n\n<figure class=\"wp-block-gallery columns-3 is-cropped wp-block-gallery-1 is-layout-flex wp-block-gallery-is-layout-flex\"><ul class=\"blocks-gallery-grid\"><li class=\"blocks-gallery-item\"><figure><img loading=\"lazy\" decoding=\"async\" width=\"840\" height=\"473\" src=\"https:\/\/expressometro.mx\/wp-content\/uploads\/2022\/01\/WhatsApp-Image-2022-01-16-at-11.29.19-PM-1-840x473.jpeg\" alt=\"\" data-id=\"4946\" data-link=\"https:\/\/expressometro.mx\/?attachment_id=4946\" class=\"wp-image-4946\" srcset=\"https:\/\/expressometro.mx\/wp-content\/uploads\/2022\/01\/WhatsApp-Image-2022-01-16-at-11.29.19-PM-1-840x473.jpeg 840w, https:\/\/expressometro.mx\/wp-content\/uploads\/2022\/01\/WhatsApp-Image-2022-01-16-at-11.29.19-PM-1-648x365.jpeg 648w, https:\/\/expressometro.mx\/wp-content\/uploads\/2022\/01\/WhatsApp-Image-2022-01-16-at-11.29.19-PM-1-768x433.jpeg 768w, https:\/\/expressometro.mx\/wp-content\/uploads\/2022\/01\/WhatsApp-Image-2022-01-16-at-11.29.19-PM-1.jpeg 960w\" sizes=\"auto, (max-width: 840px) 100vw, 840px\" \/><\/figure><\/li><li class=\"blocks-gallery-item\"><figure><img loading=\"lazy\" decoding=\"async\" width=\"840\" height=\"473\" src=\"https:\/\/expressometro.mx\/wp-content\/uploads\/2022\/01\/WhatsApp-Image-2022-01-16-at-11.29.20-PM-840x473.jpeg\" alt=\"\" data-id=\"4948\" data-link=\"https:\/\/expressometro.mx\/?attachment_id=4948\" class=\"wp-image-4948\" srcset=\"https:\/\/expressometro.mx\/wp-content\/uploads\/2022\/01\/WhatsApp-Image-2022-01-16-at-11.29.20-PM-840x473.jpeg 840w, https:\/\/expressometro.mx\/wp-content\/uploads\/2022\/01\/WhatsApp-Image-2022-01-16-at-11.29.20-PM-648x365.jpeg 648w, https:\/\/expressometro.mx\/wp-content\/uploads\/2022\/01\/WhatsApp-Image-2022-01-16-at-11.29.20-PM-768x433.jpeg 768w, https:\/\/expressometro.mx\/wp-content\/uploads\/2022\/01\/WhatsApp-Image-2022-01-16-at-11.29.20-PM.jpeg 960w\" sizes=\"auto, (max-width: 840px) 100vw, 840px\" \/><\/figure><\/li><li class=\"blocks-gallery-item\"><figure><img loading=\"lazy\" decoding=\"async\" width=\"840\" height=\"473\" src=\"https:\/\/expressometro.mx\/wp-content\/uploads\/2022\/01\/WhatsApp-Image-2022-01-16-at-11.29.20-PM-1-840x473.jpeg\" alt=\"\" data-id=\"4950\" data-full-url=\"https:\/\/expressometro.mx\/wp-content\/uploads\/2022\/01\/WhatsApp-Image-2022-01-16-at-11.29.20-PM-1.jpeg\" data-link=\"https:\/\/expressometro.mx\/?attachment_id=4950\" class=\"wp-image-4950\" srcset=\"https:\/\/expressometro.mx\/wp-content\/uploads\/2022\/01\/WhatsApp-Image-2022-01-16-at-11.29.20-PM-1-840x473.jpeg 840w, https:\/\/expressometro.mx\/wp-content\/uploads\/2022\/01\/WhatsApp-Image-2022-01-16-at-11.29.20-PM-1-648x365.jpeg 648w, https:\/\/expressometro.mx\/wp-content\/uploads\/2022\/01\/WhatsApp-Image-2022-01-16-at-11.29.20-PM-1-768x433.jpeg 768w, https:\/\/expressometro.mx\/wp-content\/uploads\/2022\/01\/WhatsApp-Image-2022-01-16-at-11.29.20-PM-1.jpeg 960w\" sizes=\"auto, (max-width: 840px) 100vw, 840px\" \/><\/figure><\/li><\/ul><\/figure>\n","protected":false},"excerpt":{"rendered":"<p>A pesar de las adversidades presupuestales, el diputado Gustavo C\u00e1rdenas manifest\u00f3 que \u201cnos anima a trabajar m\u00e1s con ustedes y resolver los pendientes para la transitabilidad y seguridad de la zona\u201d.<\/p>\n","protected":false},"author":2,"featured_media":4947,"comment_status":"open","ping_status":"open","sticky":false,"template":"","format":"standard","meta":{"footnotes":""},"categories":[212],"tags":[425,485,891,424,484],"class_list":["post-4945","post","type-post","status-publish","format-standard","has-post-thumbnail","hentry","category-columna-opinion","tag-abuzeid-lozano","tag-el-oro","tag-gustavo-cardenas-2","tag-ixtlahuaca","tag-ruth-salazar"],"yoast_head":"<!-- This site is optimized with the Yoast SEO plugin v27.5 - https:\/\/yoast.com\/product\/yoast-seo-wordpress\/ -->\n<title>DE BUENA FUENTE; Cr\u00f3nica - Expresso Metropolitano<\/title>\n<meta name=\"robots\" content=\"index, follow, max-snippet:-1, max-image-preview:large, max-video-preview:-1\" \/>\n<link rel=\"canonical\" href=\"https:\/\/expressometro.mx\/index.php\/2022\/01\/17\/de-buena-fuente-cronica-2\/\" \/>\n<meta property=\"og:locale\" content=\"es_MX\" \/>\n<meta property=\"og:type\" content=\"article\" \/>\n<meta property=\"og:title\" content=\"DE BUENA FUENTE; Cr\u00f3nica - Expresso Metropolitano\" \/>\n<meta property=\"og:description\" content=\"A pesar de las adversidades presupuestales, el diputado Gustavo C\u00e1rdenas manifest\u00f3 que \u201cnos anima a trabajar m\u00e1s con ustedes y resolver los pendientes para la transitabilidad y seguridad de la zona\u201d.\" \/>\n<meta property=\"og:url\" content=\"https:\/\/expressometro.mx\/index.php\/2022\/01\/17\/de-buena-fuente-cronica-2\/\" \/>\n<meta property=\"og:site_name\" content=\"Expresso Metropolitano\" \/>\n<meta property=\"article:published_time\" content=\"2022-01-17T15:17:40+00:00\" \/>\n<meta property=\"article:modified_time\" content=\"2022-01-17T15:17:41+00:00\" \/>\n<meta property=\"og:image\" content=\"http:\/\/expressometro.mx\/wp-content\/uploads\/2022\/01\/WhatsApp-Image-2022-01-16-at-11.29.19-PM.jpeg\" \/>\n\t<meta property=\"og:image:width\" content=\"960\" \/>\n\t<meta property=\"og:image:height\" content=\"541\" \/>\n\t<meta property=\"og:image:type\" content=\"image\/jpeg\" \/>\n<meta name=\"author\" content=\"Cecilia Vega\" \/>\n<meta name=\"twitter:label1\" content=\"Escrito por\" \/>\n\t<meta name=\"twitter:data1\" content=\"Cecilia Vega\" \/>\n\t<meta name=\"twitter:label2\" content=\"Tiempo de lectura\" \/>\n\t<meta name=\"twitter:data2\" content=\"3 minutos\" \/>\n<script type=\"application\/ld+json\" class=\"yoast-schema-graph\">{\"@context\":\"https:\\\/\\\/schema.org\",\"@graph\":[{\"@type\":\"Article\",\"@id\":\"https:\\\/\\\/expressometro.mx\\\/index.php\\\/2022\\\/01\\\/17\\\/de-buena-fuente-cronica-2\\\/#article\",\"isPartOf\":{\"@id\":\"https:\\\/\\\/expressometro.mx\\\/index.php\\\/2022\\\/01\\\/17\\\/de-buena-fuente-cronica-2\\\/\"},\"author\":{\"name\":\"Cecilia Vega\",\"@id\":\"https:\\\/\\\/expressometro.mx\\\/#\\\/schema\\\/person\\\/67a95b8e3862085c7598f66237488f1f\"},\"headline\":\"DE BUENA FUENTE; Cr\u00f3nica\",\"datePublished\":\"2022-01-17T15:17:40+00:00\",\"dateModified\":\"2022-01-17T15:17:41+00:00\",\"mainEntityOfPage\":{\"@id\":\"https:\\\/\\\/expressometro.mx\\\/index.php\\\/2022\\\/01\\\/17\\\/de-buena-fuente-cronica-2\\\/\"},\"wordCount\":409,\"commentCount\":0,\"publisher\":{\"@id\":\"https:\\\/\\\/expressometro.mx\\\/#organization\"},\"image\":{\"@id\":\"https:\\\/\\\/expressometro.mx\\\/index.php\\\/2022\\\/01\\\/17\\\/de-buena-fuente-cronica-2\\\/#primaryimage\"},\"thumbnailUrl\":\"https:\\\/\\\/expressometro.mx\\\/wp-content\\\/uploads\\\/2022\\\/01\\\/WhatsApp-Image-2022-01-16-at-11.29.19-PM.jpeg\",\"keywords\":[\"Abuzeid Lozano\",\"El Oro\",\"Gustavo C\u00e1rdenas\",\"Ixtlahuaca\",\"Ruth Salazar\"],\"articleSection\":[\"Columna - Opini\u00f3n\"],\"inLanguage\":\"es\",\"potentialAction\":[{\"@type\":\"CommentAction\",\"name\":\"Comment\",\"target\":[\"https:\\\/\\\/expressometro.mx\\\/index.php\\\/2022\\\/01\\\/17\\\/de-buena-fuente-cronica-2\\\/#respond\"]}]},{\"@type\":\"WebPage\",\"@id\":\"https:\\\/\\\/expressometro.mx\\\/index.php\\\/2022\\\/01\\\/17\\\/de-buena-fuente-cronica-2\\\/\",\"url\":\"https:\\\/\\\/expressometro.mx\\\/index.php\\\/2022\\\/01\\\/17\\\/de-buena-fuente-cronica-2\\\/\",\"name\":\"DE BUENA FUENTE; Cr\u00f3nica - Expresso Metropolitano\",\"isPartOf\":{\"@id\":\"https:\\\/\\\/expressometro.mx\\\/#website\"},\"primaryImageOfPage\":{\"@id\":\"https:\\\/\\\/expressometro.mx\\\/index.php\\\/2022\\\/01\\\/17\\\/de-buena-fuente-cronica-2\\\/#primaryimage\"},\"image\":{\"@id\":\"https:\\\/\\\/expressometro.mx\\\/index.php\\\/2022\\\/01\\\/17\\\/de-buena-fuente-cronica-2\\\/#primaryimage\"},\"thumbnailUrl\":\"https:\\\/\\\/expressometro.mx\\\/wp-content\\\/uploads\\\/2022\\\/01\\\/WhatsApp-Image-2022-01-16-at-11.29.19-PM.jpeg\",\"datePublished\":\"2022-01-17T15:17:40+00:00\",\"dateModified\":\"2022-01-17T15:17:41+00:00\",\"breadcrumb\":{\"@id\":\"https:\\\/\\\/expressometro.mx\\\/index.php\\\/2022\\\/01\\\/17\\\/de-buena-fuente-cronica-2\\\/#breadcrumb\"},\"inLanguage\":\"es\",\"potentialAction\":[{\"@type\":\"ReadAction\",\"target\":[\"https:\\\/\\\/expressometro.mx\\\/index.php\\\/2022\\\/01\\\/17\\\/de-buena-fuente-cronica-2\\\/\"]}]},{\"@type\":\"ImageObject\",\"inLanguage\":\"es\",\"@id\":\"https:\\\/\\\/expressometro.mx\\\/index.php\\\/2022\\\/01\\\/17\\\/de-buena-fuente-cronica-2\\\/#primaryimage\",\"url\":\"https:\\\/\\\/expressometro.mx\\\/wp-content\\\/uploads\\\/2022\\\/01\\\/WhatsApp-Image-2022-01-16-at-11.29.19-PM.jpeg\",\"contentUrl\":\"https:\\\/\\\/expressometro.mx\\\/wp-content\\\/uploads\\\/2022\\\/01\\\/WhatsApp-Image-2022-01-16-at-11.29.19-PM.jpeg\",\"width\":960,\"height\":541},{\"@type\":\"BreadcrumbList\",\"@id\":\"https:\\\/\\\/expressometro.mx\\\/index.php\\\/2022\\\/01\\\/17\\\/de-buena-fuente-cronica-2\\\/#breadcrumb\",\"itemListElement\":[{\"@type\":\"ListItem\",\"position\":1,\"name\":\"Inicio\",\"item\":\"https:\\\/\\\/expressometro.mx\\\/\"},{\"@type\":\"ListItem\",\"position\":2,\"name\":\"DE BUENA FUENTE; Cr\u00f3nica\"}]},{\"@type\":\"WebSite\",\"@id\":\"https:\\\/\\\/expressometro.mx\\\/#website\",\"url\":\"https:\\\/\\\/expressometro.mx\\\/\",\"name\":\"Expresso Metropolitano\",\"description\":\"Periodismo comprometido, informaci\u00f3n, investigaci\u00f3n y an\u00e1lisis\",\"publisher\":{\"@id\":\"https:\\\/\\\/expressometro.mx\\\/#organization\"},\"potentialAction\":[{\"@type\":\"SearchAction\",\"target\":{\"@type\":\"EntryPoint\",\"urlTemplate\":\"https:\\\/\\\/expressometro.mx\\\/?s={search_term_string}\"},\"query-input\":{\"@type\":\"PropertyValueSpecification\",\"valueRequired\":true,\"valueName\":\"search_term_string\"}}],\"inLanguage\":\"es\"},{\"@type\":\"Organization\",\"@id\":\"https:\\\/\\\/expressometro.mx\\\/#organization\",\"name\":\"Expresso Metropolitano\",\"url\":\"https:\\\/\\\/expressometro.mx\\\/\",\"logo\":{\"@type\":\"ImageObject\",\"inLanguage\":\"es\",\"@id\":\"https:\\\/\\\/expressometro.mx\\\/#\\\/schema\\\/logo\\\/image\\\/\",\"url\":\"https:\\\/\\\/expressometro.mx\\\/wp-content\\\/uploads\\\/2019\\\/07\\\/cropped-Logo-Expresso-Metropolitano-1-1.jpeg\",\"contentUrl\":\"https:\\\/\\\/expressometro.mx\\\/wp-content\\\/uploads\\\/2019\\\/07\\\/cropped-Logo-Expresso-Metropolitano-1-1.jpeg\",\"width\":290,\"height\":73,\"caption\":\"Expresso Metropolitano\"},\"image\":{\"@id\":\"https:\\\/\\\/expressometro.mx\\\/#\\\/schema\\\/logo\\\/image\\\/\"}},{\"@type\":\"Person\",\"@id\":\"https:\\\/\\\/expressometro.mx\\\/#\\\/schema\\\/person\\\/67a95b8e3862085c7598f66237488f1f\",\"name\":\"Cecilia Vega\",\"image\":{\"@type\":\"ImageObject\",\"inLanguage\":\"es\",\"@id\":\"https:\\\/\\\/secure.gravatar.com\\\/avatar\\\/13aae9944ab2ee472a9e407c9487fdbd03b049abaa559af32fe5dbcf615c981b?s=96&d=mm&r=g\",\"url\":\"https:\\\/\\\/secure.gravatar.com\\\/avatar\\\/13aae9944ab2ee472a9e407c9487fdbd03b049abaa559af32fe5dbcf615c981b?s=96&d=mm&r=g\",\"contentUrl\":\"https:\\\/\\\/secure.gravatar.com\\\/avatar\\\/13aae9944ab2ee472a9e407c9487fdbd03b049abaa559af32fe5dbcf615c981b?s=96&d=mm&r=g\",\"caption\":\"Cecilia Vega\"},\"url\":\"https:\\\/\\\/expressometro.mx\\\/index.php\\\/author\\\/cecilia-vega\\\/\"}]}<\/script>\n<!-- \/ Yoast SEO plugin. -->","yoast_head_json":{"title":"DE BUENA FUENTE; Cr\u00f3nica - Expresso Metropolitano","robots":{"index":"index","follow":"follow","max-snippet":"max-snippet:-1","max-image-preview":"max-image-preview:large","max-video-preview":"max-video-preview:-1"},"canonical":"https:\/\/expressometro.mx\/index.php\/2022\/01\/17\/de-buena-fuente-cronica-2\/","og_locale":"es_MX","og_type":"article","og_title":"DE BUENA FUENTE; Cr\u00f3nica - Expresso Metropolitano","og_description":"A pesar de las adversidades presupuestales, el diputado Gustavo C\u00e1rdenas manifest\u00f3 que \u201cnos anima a trabajar m\u00e1s con ustedes y resolver los pendientes para la transitabilidad y seguridad de la zona\u201d.","og_url":"https:\/\/expressometro.mx\/index.php\/2022\/01\/17\/de-buena-fuente-cronica-2\/","og_site_name":"Expresso Metropolitano","article_published_time":"2022-01-17T15:17:40+00:00","article_modified_time":"2022-01-17T15:17:41+00:00","og_image":[{"width":960,"height":541,"url":"http:\/\/expressometro.mx\/wp-content\/uploads\/2022\/01\/WhatsApp-Image-2022-01-16-at-11.29.19-PM.jpeg","type":"image\/jpeg"}],"author":"Cecilia Vega","twitter_misc":{"Escrito por":"Cecilia Vega","Tiempo de lectura":"3 minutos"},"schema":{"@context":"https:\/\/schema.org","@graph":[{"@type":"Article","@id":"https:\/\/expressometro.mx\/index.php\/2022\/01\/17\/de-buena-fuente-cronica-2\/#article","isPartOf":{"@id":"https:\/\/expressometro.mx\/index.php\/2022\/01\/17\/de-buena-fuente-cronica-2\/"},"author":{"name":"Cecilia Vega","@id":"https:\/\/expressometro.mx\/#\/schema\/person\/67a95b8e3862085c7598f66237488f1f"},"headline":"DE BUENA FUENTE; Cr\u00f3nica","datePublished":"2022-01-17T15:17:40+00:00","dateModified":"2022-01-17T15:17:41+00:00","mainEntityOfPage":{"@id":"https:\/\/expressometro.mx\/index.php\/2022\/01\/17\/de-buena-fuente-cronica-2\/"},"wordCount":409,"commentCount":0,"publisher":{"@id":"https:\/\/expressometro.mx\/#organization"},"image":{"@id":"https:\/\/expressometro.mx\/index.php\/2022\/01\/17\/de-buena-fuente-cronica-2\/#primaryimage"},"thumbnailUrl":"https:\/\/expressometro.mx\/wp-content\/uploads\/2022\/01\/WhatsApp-Image-2022-01-16-at-11.29.19-PM.jpeg","keywords":["Abuzeid Lozano","El Oro","Gustavo C\u00e1rdenas","Ixtlahuaca","Ruth Salazar"],"articleSection":["Columna - Opini\u00f3n"],"inLanguage":"es","potentialAction":[{"@type":"CommentAction","name":"Comment","target":["https:\/\/expressometro.mx\/index.php\/2022\/01\/17\/de-buena-fuente-cronica-2\/#respond"]}]},{"@type":"WebPage","@id":"https:\/\/expressometro.mx\/index.php\/2022\/01\/17\/de-buena-fuente-cronica-2\/","url":"https:\/\/expressometro.mx\/index.php\/2022\/01\/17\/de-buena-fuente-cronica-2\/","name":"DE BUENA FUENTE; Cr\u00f3nica - Expresso Metropolitano","isPartOf":{"@id":"https:\/\/expressometro.mx\/#website"},"primaryImageOfPage":{"@id":"https:\/\/expressometro.mx\/index.php\/2022\/01\/17\/de-buena-fuente-cronica-2\/#primaryimage"},"image":{"@id":"https:\/\/expressometro.mx\/index.php\/2022\/01\/17\/de-buena-fuente-cronica-2\/#primaryimage"},"thumbnailUrl":"https:\/\/expressometro.mx\/wp-content\/uploads\/2022\/01\/WhatsApp-Image-2022-01-16-at-11.29.19-PM.jpeg","datePublished":"2022-01-17T15:17:40+00:00","dateModified":"2022-01-17T15:17:41+00:00","breadcrumb":{"@id":"https:\/\/expressometro.mx\/index.php\/2022\/01\/17\/de-buena-fuente-cronica-2\/#breadcrumb"},"inLanguage":"es","potentialAction":[{"@type":"ReadAction","target":["https:\/\/expressometro.mx\/index.php\/2022\/01\/17\/de-buena-fuente-cronica-2\/"]}]},{"@type":"ImageObject","inLanguage":"es","@id":"https:\/\/expressometro.mx\/index.php\/2022\/01\/17\/de-buena-fuente-cronica-2\/#primaryimage","url":"https:\/\/expressometro.mx\/wp-content\/uploads\/2022\/01\/WhatsApp-Image-2022-01-16-at-11.29.19-PM.jpeg","contentUrl":"https:\/\/expressometro.mx\/wp-content\/uploads\/2022\/01\/WhatsApp-Image-2022-01-16-at-11.29.19-PM.jpeg","width":960,"height":541},{"@type":"BreadcrumbList","@id":"https:\/\/expressometro.mx\/index.php\/2022\/01\/17\/de-buena-fuente-cronica-2\/#breadcrumb","itemListElement":[{"@type":"ListItem","position":1,"name":"Inicio","item":"https:\/\/expressometro.mx\/"},{"@type":"ListItem","position":2,"name":"DE BUENA FUENTE; Cr\u00f3nica"}]},{"@type":"WebSite","@id":"https:\/\/expressometro.mx\/#website","url":"https:\/\/expressometro.mx\/","name":"Expresso Metropolitano","description":"Periodismo comprometido, informaci\u00f3n, investigaci\u00f3n y an\u00e1lisis","publisher":{"@id":"https:\/\/expressometro.mx\/#organization"},"potentialAction":[{"@type":"SearchAction","target":{"@type":"EntryPoint","urlTemplate":"https:\/\/expressometro.mx\/?s={search_term_string}"},"query-input":{"@type":"PropertyValueSpecification","valueRequired":true,"valueName":"search_term_string"}}],"inLanguage":"es"},{"@type":"Organization","@id":"https:\/\/expressometro.mx\/#organization","name":"Expresso Metropolitano","url":"https:\/\/expressometro.mx\/","logo":{"@type":"ImageObject","inLanguage":"es","@id":"https:\/\/expressometro.mx\/#\/schema\/logo\/image\/","url":"https:\/\/expressometro.mx\/wp-content\/uploads\/2019\/07\/cropped-Logo-Expresso-Metropolitano-1-1.jpeg","contentUrl":"https:\/\/expressometro.mx\/wp-content\/uploads\/2019\/07\/cropped-Logo-Expresso-Metropolitano-1-1.jpeg","width":290,"height":73,"caption":"Expresso Metropolitano"},"image":{"@id":"https:\/\/expressometro.mx\/#\/schema\/logo\/image\/"}},{"@type":"Person","@id":"https:\/\/expressometro.mx\/#\/schema\/person\/67a95b8e3862085c7598f66237488f1f","name":"Cecilia Vega","image":{"@type":"ImageObject","inLanguage":"es","@id":"https:\/\/secure.gravatar.com\/avatar\/13aae9944ab2ee472a9e407c9487fdbd03b049abaa559af32fe5dbcf615c981b?s=96&d=mm&r=g","url":"https:\/\/secure.gravatar.com\/avatar\/13aae9944ab2ee472a9e407c9487fdbd03b049abaa559af32fe5dbcf615c981b?s=96&d=mm&r=g","contentUrl":"https:\/\/secure.gravatar.com\/avatar\/13aae9944ab2ee472a9e407c9487fdbd03b049abaa559af32fe5dbcf615c981b?s=96&d=mm&r=g","caption":"Cecilia Vega"},"url":"https:\/\/expressometro.mx\/index.php\/author\/cecilia-vega\/"}]}},"amp_enabled":true,"_links":{"self":[{"href":"https:\/\/expressometro.mx\/index.php\/wp-json\/wp\/v2\/posts\/4945","targetHints":{"allow":["GET"]}}],"collection":[{"href":"https:\/\/expressometro.mx\/index.php\/wp-json\/wp\/v2\/posts"}],"about":[{"href":"https:\/\/expressometro.mx\/index.php\/wp-json\/wp\/v2\/types\/post"}],"author":[{"embeddable":true,"href":"https:\/\/expressometro.mx\/index.php\/wp-json\/wp\/v2\/users\/2"}],"replies":[{"embeddable":true,"href":"https:\/\/expressometro.mx\/index.php\/wp-json\/wp\/v2\/comments?post=4945"}],"version-history":[{"count":1,"href":"https:\/\/expressometro.mx\/index.php\/wp-json\/wp\/v2\/posts\/4945\/revisions"}],"predecessor-version":[{"id":4951,"href":"https:\/\/expressometro.mx\/index.php\/wp-json\/wp\/v2\/posts\/4945\/revisions\/4951"}],"wp:featuredmedia":[{"embeddable":true,"href":"https:\/\/expressometro.mx\/index.php\/wp-json\/wp\/v2\/media\/4947"}],"wp:attachment":[{"href":"https:\/\/expressometro.mx\/index.php\/wp-json\/wp\/v2\/media?parent=4945"}],"wp:term":[{"taxonomy":"category","embeddable":true,"href":"https:\/\/expressometro.mx\/index.php\/wp-json\/wp\/v2\/categories?post=4945"},{"taxonomy":"post_tag","embeddable":true,"href":"https:\/\/expressometro.mx\/index.php\/wp-json\/wp\/v2\/tags?post=4945"}],"curies":[{"name":"wp","href":"https:\/\/api.w.org\/{rel}","templated":true}]}}