{"id":4933,"date":"2022-01-16T23:27:00","date_gmt":"2022-01-17T05:27:00","guid":{"rendered":"https:\/\/expressometro.mx\/?p=4933"},"modified":"2022-01-17T09:14:05","modified_gmt":"2022-01-17T15:14:05","slug":"trabajemos-por-temascalcingo-para-sacarlo-de-la-quiebra-financiera","status":"publish","type":"post","link":"https:\/\/expressometro.mx\/index.php\/2022\/01\/16\/trabajemos-por-temascalcingo-para-sacarlo-de-la-quiebra-financiera\/","title":{"rendered":"Trabajaremos por Temascalcingo para sacarlo de la Quiebra Financiera"},"content":{"rendered":"\n<ul class=\"wp-block-list\"><li>El alcalde Jos\u00e9 Luis Espinoza Navarrrete dej\u00f3 en claro que su administraci\u00f3n tiene la capacidad de llevar a buen puerto al municipio.<\/li><li>El gobierno recibi\u00f3 una deuda de 100 millones de pesos y da\u00f1o en el parque vehicular para los servicios.<\/li><\/ul>\n\n\n\n<p>Con una deuda hist\u00f3rica de 100 millones de pesos, incapacidad financiera para cumplir con sus &nbsp;obligaciones y da\u00f1os en el patrimonio municipal se entreg\u00f3 el ayuntamiento de Temascalcingo a la nueva administraci\u00f3n que encabeza el presidente municipal Jos\u00e9 Luis Espinoza Navarrete.<\/p>\n\n\n\n<p>Entrevistado luego de concretar el opaco proceso de entrega &#8211; recepci\u00f3n, el alcalde advirti\u00f3 que actuar\u00e1 conforme a la ley por el c\u00famulo de irregularidades encontradas y se trabajar\u00e1 para salvar al ayuntamiento de un colapso total.<br>&nbsp;<br>Si bien es cierto que la administraci\u00f3n anterior es responsable de la actual situaci\u00f3n, el gobierno municipal para el periodo 2022-2024 har\u00e1 todo a su alcance con el fin de entregar cuentas claras y transparentar el ejercicio p\u00fablico ante sus gobernados.<\/p>\n\n\n\n<p>Precis\u00f3 que los pasivos municipales son por concepto de retenciones que se hicieron a los trabajadores y no se entregaron al SAT por un monto 50 millones de pesos, adem\u00e1s de 38 millones que se deben a proveedores como la Comisi\u00f3n Federal de Electricidad (CFE), pago de combustible, entre otros.<br>&nbsp;<br>Asimismo dio a conocer que se encontr\u00f3 una n\u00f3mina con observaciones del \u00d3rgano Superior de Fiscalizaci\u00f3n del Estado de M\u00e9xico (OSFEM) porque se excedieron en la capacidad financiera del municipio.<br>&nbsp;<br>El pago de n\u00f3mina es de 109 millones de pesos anuales y de mantener esta din\u00e1mica al final del a\u00f1o, el Ayuntamiento enfrentar\u00eda un d\u00e9ficit de 20 millones de pesos, precis\u00f3. Adem\u00e1s \u201cestamos revisando todos los casos, porque hemos encontrado aviadores, casos de nepotismo, modificaci\u00f3n de sueldos sin justificaci\u00f3n, entre otros detalles\u201d.<br>&nbsp;<br>En cuanto a los servicios, Jos\u00e9 Luis Espinoza Navarrete advirti\u00f3 que se dej\u00f3 en completo olvido la infraestructura y el equipamiento, lo que se ha reflejado en servicios deficientes a la poblaci\u00f3n.<br>&nbsp;<br>Por otro lado, explic\u00f3 que sin justificaci\u00f3n el rastro municipal estuvo cerrado durante varios meses y cuenta con un apercibimiento de clausura por falta de salubridad y equipamiento.<br>&nbsp;<br>Al se\u00f1alar que las arcas de la Tesorer\u00eda est\u00e1n en ceros, coment\u00f3 que el irresponsable manejo de las finanzas municipales tiene como consecuencia, la dificultad para el pago de las primeras quincenas de este a\u00f1o, adem\u00e1s de la posibilidad de embargos, porque hay m\u00e1s de 170 demandas laborales.<br>&nbsp;<br>Frente a ese panorama, Jos\u00e9 Luis Espinoza Navarrete dio a conocer que plante\u00f3 al Cabildo una simplificaci\u00f3n administrativa y una eficiente campa\u00f1a de recaudaci\u00f3n por el pago de impuestos y servicios. Adem\u00e1s, inform\u00f3 que realizar\u00e1n una depuraci\u00f3n de la n\u00f3mina y aplicar\u00e1n un plan de austeridad total.<br>&nbsp;<br>Dijo que solicitar\u00e1 al \u00d3rgano de Fiscalizaci\u00f3n del Estado de M\u00e9xico (OSFEM) que realice una auditor\u00eda a fondo de los procesos administrativos y financieros de la anterior administraci\u00f3n y en caso de que existan causales, se presentar\u00e1n denuncias penales en contra de quienes resulten responsables.<\/p>\n\n\n\n<figure class=\"wp-block-image size-large\"><img decoding=\"async\" width=\"840\" height=\"477\" src=\"https:\/\/expressometro.mx\/wp-content\/uploads\/2022\/01\/WhatsApp-Image-2022-01-16-at-10.05.19-PM-1-840x477.jpeg\" alt=\"\" class=\"wp-image-4937\" srcset=\"https:\/\/expressometro.mx\/wp-content\/uploads\/2022\/01\/WhatsApp-Image-2022-01-16-at-10.05.19-PM-1-840x477.jpeg 840w, https:\/\/expressometro.mx\/wp-content\/uploads\/2022\/01\/WhatsApp-Image-2022-01-16-at-10.05.19-PM-1-642x365.jpeg 642w, https:\/\/expressometro.mx\/wp-content\/uploads\/2022\/01\/WhatsApp-Image-2022-01-16-at-10.05.19-PM-1-768x436.jpeg 768w, https:\/\/expressometro.mx\/wp-content\/uploads\/2022\/01\/WhatsApp-Image-2022-01-16-at-10.05.19-PM-1.jpeg 1457w\" sizes=\"(max-width: 840px) 100vw, 840px\" \/><\/figure>\n\n\n\n<figure class=\"wp-block-image size-large\"><img decoding=\"async\" width=\"840\" height=\"477\" src=\"https:\/\/expressometro.mx\/wp-content\/uploads\/2022\/01\/WhatsApp-Image-2022-01-16-at-10.05.19-PM-840x477.jpeg\" alt=\"\" class=\"wp-image-4936\" srcset=\"https:\/\/expressometro.mx\/wp-content\/uploads\/2022\/01\/WhatsApp-Image-2022-01-16-at-10.05.19-PM-840x477.jpeg 840w, https:\/\/expressometro.mx\/wp-content\/uploads\/2022\/01\/WhatsApp-Image-2022-01-16-at-10.05.19-PM-642x365.jpeg 642w, https:\/\/expressometro.mx\/wp-content\/uploads\/2022\/01\/WhatsApp-Image-2022-01-16-at-10.05.19-PM-768x436.jpeg 768w, https:\/\/expressometro.mx\/wp-content\/uploads\/2022\/01\/WhatsApp-Image-2022-01-16-at-10.05.19-PM.jpeg 1457w\" sizes=\"(max-width: 840px) 100vw, 840px\" \/><\/figure>\n","protected":false},"excerpt":{"rendered":"<p>En cuanto a los servicios, Jos\u00e9 Luis Espinoza Navarrete advirti\u00f3 que se dej\u00f3 en completo olvido la infraestructura y el equipamiento, lo que se ha reflejado en servicios deficientes a la poblaci\u00f3n.<\/p>\n","protected":false},"author":2,"featured_media":4935,"comment_status":"open","ping_status":"open","sticky":false,"template":"","format":"standard","meta":{"footnotes":""},"categories":[4,3],"tags":[552,199],"class_list":["post-4933","post","type-post","status-publish","format-standard","has-post-thumbnail","hentry","category-finanzas","category-gobierno","tag-jose-luis-espinoza","tag-temascalcingo"],"yoast_head":"<!-- This site is optimized with the Yoast SEO plugin v27.5 - https:\/\/yoast.com\/product\/yoast-seo-wordpress\/ -->\n<title>Trabajaremos por Temascalcingo para sacarlo de la Quiebra Financiera - Expresso Metropolitano<\/title>\n<meta name=\"robots\" content=\"index, follow, max-snippet:-1, max-image-preview:large, max-video-preview:-1\" \/>\n<link rel=\"canonical\" href=\"https:\/\/expressometro.mx\/index.php\/2022\/01\/16\/trabajemos-por-temascalcingo-para-sacarlo-de-la-quiebra-financiera\/\" \/>\n<meta property=\"og:locale\" content=\"es_MX\" \/>\n<meta property=\"og:type\" content=\"article\" \/>\n<meta property=\"og:title\" content=\"Trabajaremos por Temascalcingo para sacarlo de la Quiebra Financiera - Expresso Metropolitano\" \/>\n<meta property=\"og:description\" content=\"En cuanto a los servicios, Jos\u00e9 Luis Espinoza Navarrete advirti\u00f3 que se dej\u00f3 en completo olvido la infraestructura y el equipamiento, lo que se ha reflejado en servicios deficientes a la poblaci\u00f3n.\" \/>\n<meta property=\"og:url\" content=\"https:\/\/expressometro.mx\/index.php\/2022\/01\/16\/trabajemos-por-temascalcingo-para-sacarlo-de-la-quiebra-financiera\/\" \/>\n<meta property=\"og:site_name\" content=\"Expresso Metropolitano\" \/>\n<meta property=\"article:published_time\" content=\"2022-01-17T05:27:00+00:00\" \/>\n<meta property=\"article:modified_time\" content=\"2022-01-17T15:14:05+00:00\" \/>\n<meta property=\"og:image\" content=\"http:\/\/expressometro.mx\/wp-content\/uploads\/2022\/01\/WhatsApp-Image-2022-01-16-at-10.05.18-PM.jpeg\" \/>\n\t<meta property=\"og:image:width\" content=\"1459\" \/>\n\t<meta property=\"og:image:height\" content=\"828\" \/>\n\t<meta property=\"og:image:type\" content=\"image\/jpeg\" \/>\n<meta name=\"author\" content=\"Cecilia Vega\" \/>\n<meta name=\"twitter:label1\" content=\"Escrito por\" \/>\n\t<meta name=\"twitter:data1\" content=\"Cecilia Vega\" \/>\n\t<meta name=\"twitter:label2\" content=\"Tiempo de lectura\" \/>\n\t<meta name=\"twitter:data2\" content=\"3 minutos\" \/>\n<script type=\"application\/ld+json\" class=\"yoast-schema-graph\">{\"@context\":\"https:\\\/\\\/schema.org\",\"@graph\":[{\"@type\":\"Article\",\"@id\":\"https:\\\/\\\/expressometro.mx\\\/index.php\\\/2022\\\/01\\\/16\\\/trabajemos-por-temascalcingo-para-sacarlo-de-la-quiebra-financiera\\\/#article\",\"isPartOf\":{\"@id\":\"https:\\\/\\\/expressometro.mx\\\/index.php\\\/2022\\\/01\\\/16\\\/trabajemos-por-temascalcingo-para-sacarlo-de-la-quiebra-financiera\\\/\"},\"author\":{\"name\":\"Cecilia Vega\",\"@id\":\"https:\\\/\\\/expressometro.mx\\\/#\\\/schema\\\/person\\\/67a95b8e3862085c7598f66237488f1f\"},\"headline\":\"Trabajaremos por Temascalcingo para sacarlo de la Quiebra Financiera\",\"datePublished\":\"2022-01-17T05:27:00+00:00\",\"dateModified\":\"2022-01-17T15:14:05+00:00\",\"mainEntityOfPage\":{\"@id\":\"https:\\\/\\\/expressometro.mx\\\/index.php\\\/2022\\\/01\\\/16\\\/trabajemos-por-temascalcingo-para-sacarlo-de-la-quiebra-financiera\\\/\"},\"wordCount\":547,\"commentCount\":0,\"publisher\":{\"@id\":\"https:\\\/\\\/expressometro.mx\\\/#organization\"},\"image\":{\"@id\":\"https:\\\/\\\/expressometro.mx\\\/index.php\\\/2022\\\/01\\\/16\\\/trabajemos-por-temascalcingo-para-sacarlo-de-la-quiebra-financiera\\\/#primaryimage\"},\"thumbnailUrl\":\"https:\\\/\\\/expressometro.mx\\\/wp-content\\\/uploads\\\/2022\\\/01\\\/WhatsApp-Image-2022-01-16-at-10.05.18-PM.jpeg\",\"keywords\":[\"Jos\u00e9 Luis Espinoza\",\"Temascalcingo\"],\"articleSection\":[\"Finanzas\",\"Gobierno\"],\"inLanguage\":\"es\",\"potentialAction\":[{\"@type\":\"CommentAction\",\"name\":\"Comment\",\"target\":[\"https:\\\/\\\/expressometro.mx\\\/index.php\\\/2022\\\/01\\\/16\\\/trabajemos-por-temascalcingo-para-sacarlo-de-la-quiebra-financiera\\\/#respond\"]}]},{\"@type\":\"WebPage\",\"@id\":\"https:\\\/\\\/expressometro.mx\\\/index.php\\\/2022\\\/01\\\/16\\\/trabajemos-por-temascalcingo-para-sacarlo-de-la-quiebra-financiera\\\/\",\"url\":\"https:\\\/\\\/expressometro.mx\\\/index.php\\\/2022\\\/01\\\/16\\\/trabajemos-por-temascalcingo-para-sacarlo-de-la-quiebra-financiera\\\/\",\"name\":\"Trabajaremos por Temascalcingo para sacarlo de la Quiebra Financiera - Expresso Metropolitano\",\"isPartOf\":{\"@id\":\"https:\\\/\\\/expressometro.mx\\\/#website\"},\"primaryImageOfPage\":{\"@id\":\"https:\\\/\\\/expressometro.mx\\\/index.php\\\/2022\\\/01\\\/16\\\/trabajemos-por-temascalcingo-para-sacarlo-de-la-quiebra-financiera\\\/#primaryimage\"},\"image\":{\"@id\":\"https:\\\/\\\/expressometro.mx\\\/index.php\\\/2022\\\/01\\\/16\\\/trabajemos-por-temascalcingo-para-sacarlo-de-la-quiebra-financiera\\\/#primaryimage\"},\"thumbnailUrl\":\"https:\\\/\\\/expressometro.mx\\\/wp-content\\\/uploads\\\/2022\\\/01\\\/WhatsApp-Image-2022-01-16-at-10.05.18-PM.jpeg\",\"datePublished\":\"2022-01-17T05:27:00+00:00\",\"dateModified\":\"2022-01-17T15:14:05+00:00\",\"breadcrumb\":{\"@id\":\"https:\\\/\\\/expressometro.mx\\\/index.php\\\/2022\\\/01\\\/16\\\/trabajemos-por-temascalcingo-para-sacarlo-de-la-quiebra-financiera\\\/#breadcrumb\"},\"inLanguage\":\"es\",\"potentialAction\":[{\"@type\":\"ReadAction\",\"target\":[\"https:\\\/\\\/expressometro.mx\\\/index.php\\\/2022\\\/01\\\/16\\\/trabajemos-por-temascalcingo-para-sacarlo-de-la-quiebra-financiera\\\/\"]}]},{\"@type\":\"ImageObject\",\"inLanguage\":\"es\",\"@id\":\"https:\\\/\\\/expressometro.mx\\\/index.php\\\/2022\\\/01\\\/16\\\/trabajemos-por-temascalcingo-para-sacarlo-de-la-quiebra-financiera\\\/#primaryimage\",\"url\":\"https:\\\/\\\/expressometro.mx\\\/wp-content\\\/uploads\\\/2022\\\/01\\\/WhatsApp-Image-2022-01-16-at-10.05.18-PM.jpeg\",\"contentUrl\":\"https:\\\/\\\/expressometro.mx\\\/wp-content\\\/uploads\\\/2022\\\/01\\\/WhatsApp-Image-2022-01-16-at-10.05.18-PM.jpeg\",\"width\":1459,\"height\":828},{\"@type\":\"BreadcrumbList\",\"@id\":\"https:\\\/\\\/expressometro.mx\\\/index.php\\\/2022\\\/01\\\/16\\\/trabajemos-por-temascalcingo-para-sacarlo-de-la-quiebra-financiera\\\/#breadcrumb\",\"itemListElement\":[{\"@type\":\"ListItem\",\"position\":1,\"name\":\"Inicio\",\"item\":\"https:\\\/\\\/expressometro.mx\\\/\"},{\"@type\":\"ListItem\",\"position\":2,\"name\":\"Trabajaremos por Temascalcingo para sacarlo de la Quiebra Financiera\"}]},{\"@type\":\"WebSite\",\"@id\":\"https:\\\/\\\/expressometro.mx\\\/#website\",\"url\":\"https:\\\/\\\/expressometro.mx\\\/\",\"name\":\"Expresso Metropolitano\",\"description\":\"Periodismo comprometido, informaci\u00f3n, investigaci\u00f3n y an\u00e1lisis\",\"publisher\":{\"@id\":\"https:\\\/\\\/expressometro.mx\\\/#organization\"},\"potentialAction\":[{\"@type\":\"SearchAction\",\"target\":{\"@type\":\"EntryPoint\",\"urlTemplate\":\"https:\\\/\\\/expressometro.mx\\\/?s={search_term_string}\"},\"query-input\":{\"@type\":\"PropertyValueSpecification\",\"valueRequired\":true,\"valueName\":\"search_term_string\"}}],\"inLanguage\":\"es\"},{\"@type\":\"Organization\",\"@id\":\"https:\\\/\\\/expressometro.mx\\\/#organization\",\"name\":\"Expresso Metropolitano\",\"url\":\"https:\\\/\\\/expressometro.mx\\\/\",\"logo\":{\"@type\":\"ImageObject\",\"inLanguage\":\"es\",\"@id\":\"https:\\\/\\\/expressometro.mx\\\/#\\\/schema\\\/logo\\\/image\\\/\",\"url\":\"https:\\\/\\\/expressometro.mx\\\/wp-content\\\/uploads\\\/2019\\\/07\\\/cropped-Logo-Expresso-Metropolitano-1-1.jpeg\",\"contentUrl\":\"https:\\\/\\\/expressometro.mx\\\/wp-content\\\/uploads\\\/2019\\\/07\\\/cropped-Logo-Expresso-Metropolitano-1-1.jpeg\",\"width\":290,\"height\":73,\"caption\":\"Expresso Metropolitano\"},\"image\":{\"@id\":\"https:\\\/\\\/expressometro.mx\\\/#\\\/schema\\\/logo\\\/image\\\/\"}},{\"@type\":\"Person\",\"@id\":\"https:\\\/\\\/expressometro.mx\\\/#\\\/schema\\\/person\\\/67a95b8e3862085c7598f66237488f1f\",\"name\":\"Cecilia Vega\",\"image\":{\"@type\":\"ImageObject\",\"inLanguage\":\"es\",\"@id\":\"https:\\\/\\\/secure.gravatar.com\\\/avatar\\\/13aae9944ab2ee472a9e407c9487fdbd03b049abaa559af32fe5dbcf615c981b?s=96&d=mm&r=g\",\"url\":\"https:\\\/\\\/secure.gravatar.com\\\/avatar\\\/13aae9944ab2ee472a9e407c9487fdbd03b049abaa559af32fe5dbcf615c981b?s=96&d=mm&r=g\",\"contentUrl\":\"https:\\\/\\\/secure.gravatar.com\\\/avatar\\\/13aae9944ab2ee472a9e407c9487fdbd03b049abaa559af32fe5dbcf615c981b?s=96&d=mm&r=g\",\"caption\":\"Cecilia Vega\"},\"url\":\"https:\\\/\\\/expressometro.mx\\\/index.php\\\/author\\\/cecilia-vega\\\/\"}]}<\/script>\n<!-- \/ Yoast SEO plugin. -->","yoast_head_json":{"title":"Trabajaremos por Temascalcingo para sacarlo de la Quiebra Financiera - Expresso Metropolitano","robots":{"index":"index","follow":"follow","max-snippet":"max-snippet:-1","max-image-preview":"max-image-preview:large","max-video-preview":"max-video-preview:-1"},"canonical":"https:\/\/expressometro.mx\/index.php\/2022\/01\/16\/trabajemos-por-temascalcingo-para-sacarlo-de-la-quiebra-financiera\/","og_locale":"es_MX","og_type":"article","og_title":"Trabajaremos por Temascalcingo para sacarlo de la Quiebra Financiera - Expresso Metropolitano","og_description":"En cuanto a los servicios, Jos\u00e9 Luis Espinoza Navarrete advirti\u00f3 que se dej\u00f3 en completo olvido la infraestructura y el equipamiento, lo que se ha reflejado en servicios deficientes a la poblaci\u00f3n.","og_url":"https:\/\/expressometro.mx\/index.php\/2022\/01\/16\/trabajemos-por-temascalcingo-para-sacarlo-de-la-quiebra-financiera\/","og_site_name":"Expresso Metropolitano","article_published_time":"2022-01-17T05:27:00+00:00","article_modified_time":"2022-01-17T15:14:05+00:00","og_image":[{"width":1459,"height":828,"url":"http:\/\/expressometro.mx\/wp-content\/uploads\/2022\/01\/WhatsApp-Image-2022-01-16-at-10.05.18-PM.jpeg","type":"image\/jpeg"}],"author":"Cecilia Vega","twitter_misc":{"Escrito por":"Cecilia Vega","Tiempo de lectura":"3 minutos"},"schema":{"@context":"https:\/\/schema.org","@graph":[{"@type":"Article","@id":"https:\/\/expressometro.mx\/index.php\/2022\/01\/16\/trabajemos-por-temascalcingo-para-sacarlo-de-la-quiebra-financiera\/#article","isPartOf":{"@id":"https:\/\/expressometro.mx\/index.php\/2022\/01\/16\/trabajemos-por-temascalcingo-para-sacarlo-de-la-quiebra-financiera\/"},"author":{"name":"Cecilia Vega","@id":"https:\/\/expressometro.mx\/#\/schema\/person\/67a95b8e3862085c7598f66237488f1f"},"headline":"Trabajaremos por Temascalcingo para sacarlo de la Quiebra Financiera","datePublished":"2022-01-17T05:27:00+00:00","dateModified":"2022-01-17T15:14:05+00:00","mainEntityOfPage":{"@id":"https:\/\/expressometro.mx\/index.php\/2022\/01\/16\/trabajemos-por-temascalcingo-para-sacarlo-de-la-quiebra-financiera\/"},"wordCount":547,"commentCount":0,"publisher":{"@id":"https:\/\/expressometro.mx\/#organization"},"image":{"@id":"https:\/\/expressometro.mx\/index.php\/2022\/01\/16\/trabajemos-por-temascalcingo-para-sacarlo-de-la-quiebra-financiera\/#primaryimage"},"thumbnailUrl":"https:\/\/expressometro.mx\/wp-content\/uploads\/2022\/01\/WhatsApp-Image-2022-01-16-at-10.05.18-PM.jpeg","keywords":["Jos\u00e9 Luis Espinoza","Temascalcingo"],"articleSection":["Finanzas","Gobierno"],"inLanguage":"es","potentialAction":[{"@type":"CommentAction","name":"Comment","target":["https:\/\/expressometro.mx\/index.php\/2022\/01\/16\/trabajemos-por-temascalcingo-para-sacarlo-de-la-quiebra-financiera\/#respond"]}]},{"@type":"WebPage","@id":"https:\/\/expressometro.mx\/index.php\/2022\/01\/16\/trabajemos-por-temascalcingo-para-sacarlo-de-la-quiebra-financiera\/","url":"https:\/\/expressometro.mx\/index.php\/2022\/01\/16\/trabajemos-por-temascalcingo-para-sacarlo-de-la-quiebra-financiera\/","name":"Trabajaremos por Temascalcingo para sacarlo de la Quiebra Financiera - Expresso Metropolitano","isPartOf":{"@id":"https:\/\/expressometro.mx\/#website"},"primaryImageOfPage":{"@id":"https:\/\/expressometro.mx\/index.php\/2022\/01\/16\/trabajemos-por-temascalcingo-para-sacarlo-de-la-quiebra-financiera\/#primaryimage"},"image":{"@id":"https:\/\/expressometro.mx\/index.php\/2022\/01\/16\/trabajemos-por-temascalcingo-para-sacarlo-de-la-quiebra-financiera\/#primaryimage"},"thumbnailUrl":"https:\/\/expressometro.mx\/wp-content\/uploads\/2022\/01\/WhatsApp-Image-2022-01-16-at-10.05.18-PM.jpeg","datePublished":"2022-01-17T05:27:00+00:00","dateModified":"2022-01-17T15:14:05+00:00","breadcrumb":{"@id":"https:\/\/expressometro.mx\/index.php\/2022\/01\/16\/trabajemos-por-temascalcingo-para-sacarlo-de-la-quiebra-financiera\/#breadcrumb"},"inLanguage":"es","potentialAction":[{"@type":"ReadAction","target":["https:\/\/expressometro.mx\/index.php\/2022\/01\/16\/trabajemos-por-temascalcingo-para-sacarlo-de-la-quiebra-financiera\/"]}]},{"@type":"ImageObject","inLanguage":"es","@id":"https:\/\/expressometro.mx\/index.php\/2022\/01\/16\/trabajemos-por-temascalcingo-para-sacarlo-de-la-quiebra-financiera\/#primaryimage","url":"https:\/\/expressometro.mx\/wp-content\/uploads\/2022\/01\/WhatsApp-Image-2022-01-16-at-10.05.18-PM.jpeg","contentUrl":"https:\/\/expressometro.mx\/wp-content\/uploads\/2022\/01\/WhatsApp-Image-2022-01-16-at-10.05.18-PM.jpeg","width":1459,"height":828},{"@type":"BreadcrumbList","@id":"https:\/\/expressometro.mx\/index.php\/2022\/01\/16\/trabajemos-por-temascalcingo-para-sacarlo-de-la-quiebra-financiera\/#breadcrumb","itemListElement":[{"@type":"ListItem","position":1,"name":"Inicio","item":"https:\/\/expressometro.mx\/"},{"@type":"ListItem","position":2,"name":"Trabajaremos por Temascalcingo para sacarlo de la Quiebra Financiera"}]},{"@type":"WebSite","@id":"https:\/\/expressometro.mx\/#website","url":"https:\/\/expressometro.mx\/","name":"Expresso Metropolitano","description":"Periodismo comprometido, informaci\u00f3n, investigaci\u00f3n y an\u00e1lisis","publisher":{"@id":"https:\/\/expressometro.mx\/#organization"},"potentialAction":[{"@type":"SearchAction","target":{"@type":"EntryPoint","urlTemplate":"https:\/\/expressometro.mx\/?s={search_term_string}"},"query-input":{"@type":"PropertyValueSpecification","valueRequired":true,"valueName":"search_term_string"}}],"inLanguage":"es"},{"@type":"Organization","@id":"https:\/\/expressometro.mx\/#organization","name":"Expresso Metropolitano","url":"https:\/\/expressometro.mx\/","logo":{"@type":"ImageObject","inLanguage":"es","@id":"https:\/\/expressometro.mx\/#\/schema\/logo\/image\/","url":"https:\/\/expressometro.mx\/wp-content\/uploads\/2019\/07\/cropped-Logo-Expresso-Metropolitano-1-1.jpeg","contentUrl":"https:\/\/expressometro.mx\/wp-content\/uploads\/2019\/07\/cropped-Logo-Expresso-Metropolitano-1-1.jpeg","width":290,"height":73,"caption":"Expresso Metropolitano"},"image":{"@id":"https:\/\/expressometro.mx\/#\/schema\/logo\/image\/"}},{"@type":"Person","@id":"https:\/\/expressometro.mx\/#\/schema\/person\/67a95b8e3862085c7598f66237488f1f","name":"Cecilia Vega","image":{"@type":"ImageObject","inLanguage":"es","@id":"https:\/\/secure.gravatar.com\/avatar\/13aae9944ab2ee472a9e407c9487fdbd03b049abaa559af32fe5dbcf615c981b?s=96&d=mm&r=g","url":"https:\/\/secure.gravatar.com\/avatar\/13aae9944ab2ee472a9e407c9487fdbd03b049abaa559af32fe5dbcf615c981b?s=96&d=mm&r=g","contentUrl":"https:\/\/secure.gravatar.com\/avatar\/13aae9944ab2ee472a9e407c9487fdbd03b049abaa559af32fe5dbcf615c981b?s=96&d=mm&r=g","caption":"Cecilia Vega"},"url":"https:\/\/expressometro.mx\/index.php\/author\/cecilia-vega\/"}]}},"amp_enabled":true,"_links":{"self":[{"href":"https:\/\/expressometro.mx\/index.php\/wp-json\/wp\/v2\/posts\/4933","targetHints":{"allow":["GET"]}}],"collection":[{"href":"https:\/\/expressometro.mx\/index.php\/wp-json\/wp\/v2\/posts"}],"about":[{"href":"https:\/\/expressometro.mx\/index.php\/wp-json\/wp\/v2\/types\/post"}],"author":[{"embeddable":true,"href":"https:\/\/expressometro.mx\/index.php\/wp-json\/wp\/v2\/users\/2"}],"replies":[{"embeddable":true,"href":"https:\/\/expressometro.mx\/index.php\/wp-json\/wp\/v2\/comments?post=4933"}],"version-history":[{"count":2,"href":"https:\/\/expressometro.mx\/index.php\/wp-json\/wp\/v2\/posts\/4933\/revisions"}],"predecessor-version":[{"id":4943,"href":"https:\/\/expressometro.mx\/index.php\/wp-json\/wp\/v2\/posts\/4933\/revisions\/4943"}],"wp:featuredmedia":[{"embeddable":true,"href":"https:\/\/expressometro.mx\/index.php\/wp-json\/wp\/v2\/media\/4935"}],"wp:attachment":[{"href":"https:\/\/expressometro.mx\/index.php\/wp-json\/wp\/v2\/media?parent=4933"}],"wp:term":[{"taxonomy":"category","embeddable":true,"href":"https:\/\/expressometro.mx\/index.php\/wp-json\/wp\/v2\/categories?post=4933"},{"taxonomy":"post_tag","embeddable":true,"href":"https:\/\/expressometro.mx\/index.php\/wp-json\/wp\/v2\/tags?post=4933"}],"curies":[{"name":"wp","href":"https:\/\/api.w.org\/{rel}","templated":true}]}}