{"id":4897,"date":"2022-01-08T08:27:21","date_gmt":"2022-01-08T14:27:21","guid":{"rendered":"https:\/\/expressometro.mx\/?p=4897"},"modified":"2022-01-08T08:27:22","modified_gmt":"2022-01-08T14:27:22","slug":"de-buena-fuente-columna-opinion-14","status":"publish","type":"post","link":"https:\/\/expressometro.mx\/index.php\/2022\/01\/08\/de-buena-fuente-columna-opinion-14\/","title":{"rendered":"DE BUENA FUENTE; Columna &#8211; Opini\u00f3n"},"content":{"rendered":"\n<p>TRASCIENDE ALIANZA VA POR MEXICO<\/p>\n\n\n\n<p>Va por Mexico no se trat\u00f3 de una exclusiva coalici\u00f3n electoral sino que trascendi\u00f3 al siguiente nivel que demandaron los ciudadanos para mejorar sus condiciones de vida.<\/p>\n\n\n\n<p>Una clara muestra de equipo para atender a una sociedad plural fue lo que ocurri\u00f3 con la Inauguraci\u00f3n del M\u00f3dulo Legislativo de Atenci\u00f3n y Quejas Ciudadanas de la Diputada Local en la Ciudad de M\u00e9xico, Tania Larios.<\/p>\n\n\n\n<p>A esta reuni\u00f3n plural asisti\u00f3 el Diputado Federal Gustavo C\u00e1rdenas Monroy, Secretario general adjunto del CEN del PRI y Delegado nacional en la Ciudad de M\u00e9xico, quien estuvo acompa\u00f1ado de la alcaldesa de Cuauht\u00e9moc, Sandra Cuevas, y el diputado local del PAN Federico D\u014dring.<\/p>\n\n\n\n<p>Tambi\u00e9n estuvieron presentes los Diputados Locales del PRI, Ernesto Alarc\u00f3n Jim\u00e9nez, Silvia S\u00e1nchez Barrios y Fausto Zamorano Esparza; as\u00ed como cuadros, militantes y simpatizantes del Tricolor de toda la ciudad y en particular l\u00edderes de la alcald\u00eda Cuauht\u00e9moc.<\/p>\n\n\n\n<figure class=\"wp-block-gallery columns-2 is-cropped wp-block-gallery-1 is-layout-flex wp-block-gallery-is-layout-flex\"><ul class=\"blocks-gallery-grid\"><li class=\"blocks-gallery-item\"><figure><img loading=\"lazy\" decoding=\"async\" width=\"640\" height=\"480\" src=\"https:\/\/expressometro.mx\/wp-content\/uploads\/2022\/01\/7CF66256-1F6D-4642-8305-600FB1745FD2-640x480.jpeg\" alt=\"\" data-id=\"4899\" data-full-url=\"https:\/\/expressometro.mx\/wp-content\/uploads\/2022\/01\/7CF66256-1F6D-4642-8305-600FB1745FD2.jpeg\" data-link=\"https:\/\/expressometro.mx\/?attachment_id=4899\" class=\"wp-image-4899\" srcset=\"https:\/\/expressometro.mx\/wp-content\/uploads\/2022\/01\/7CF66256-1F6D-4642-8305-600FB1745FD2-640x480.jpeg 640w, https:\/\/expressometro.mx\/wp-content\/uploads\/2022\/01\/7CF66256-1F6D-4642-8305-600FB1745FD2-487x365.jpeg 487w, https:\/\/expressometro.mx\/wp-content\/uploads\/2022\/01\/7CF66256-1F6D-4642-8305-600FB1745FD2-768x576.jpeg 768w, https:\/\/expressometro.mx\/wp-content\/uploads\/2022\/01\/7CF66256-1F6D-4642-8305-600FB1745FD2.jpeg 1024w\" sizes=\"auto, (max-width: 640px) 100vw, 640px\" \/><\/figure><\/li><li class=\"blocks-gallery-item\"><figure><img loading=\"lazy\" decoding=\"async\" width=\"360\" height=\"480\" src=\"https:\/\/expressometro.mx\/wp-content\/uploads\/2022\/01\/7F269D52-A74F-4756-8E63-8F4770E57033-360x480.jpeg\" alt=\"\" data-id=\"4900\" data-full-url=\"https:\/\/expressometro.mx\/wp-content\/uploads\/2022\/01\/7F269D52-A74F-4756-8E63-8F4770E57033.jpeg\" data-link=\"https:\/\/expressometro.mx\/?attachment_id=4900\" class=\"wp-image-4900\" srcset=\"https:\/\/expressometro.mx\/wp-content\/uploads\/2022\/01\/7F269D52-A74F-4756-8E63-8F4770E57033-360x480.jpeg 360w, https:\/\/expressometro.mx\/wp-content\/uploads\/2022\/01\/7F269D52-A74F-4756-8E63-8F4770E57033-274x365.jpeg 274w, https:\/\/expressometro.mx\/wp-content\/uploads\/2022\/01\/7F269D52-A74F-4756-8E63-8F4770E57033.jpeg 768w\" sizes=\"auto, (max-width: 360px) 100vw, 360px\" \/><\/figure><\/li><\/ul><\/figure>\n","protected":false},"excerpt":{"rendered":"<p>Va por Mexico no se trat\u00f3 de una exclusiva coalici\u00f3n electoral sino que trascendi\u00f3 al siguiente nivel que demandaron los ciudadanos para mejorar sus condiciones de vida.<\/p>\n","protected":false},"author":2,"featured_media":4901,"comment_status":"open","ping_status":"open","sticky":false,"template":"","format":"standard","meta":{"footnotes":""},"categories":[212,3],"tags":[891,158],"class_list":["post-4897","post","type-post","status-publish","format-standard","has-post-thumbnail","hentry","category-columna-opinion","category-gobierno","tag-gustavo-cardenas-2","tag-pri"],"yoast_head":"<!-- This site is optimized with the Yoast SEO plugin v27.5 - https:\/\/yoast.com\/product\/yoast-seo-wordpress\/ -->\n<title>DE BUENA FUENTE; Columna - Opini\u00f3n - Expresso Metropolitano<\/title>\n<meta name=\"robots\" content=\"index, follow, max-snippet:-1, max-image-preview:large, max-video-preview:-1\" \/>\n<link rel=\"canonical\" href=\"https:\/\/expressometro.mx\/index.php\/2022\/01\/08\/de-buena-fuente-columna-opinion-14\/\" \/>\n<meta property=\"og:locale\" content=\"es_MX\" \/>\n<meta property=\"og:type\" content=\"article\" \/>\n<meta property=\"og:title\" content=\"DE BUENA FUENTE; Columna - Opini\u00f3n - Expresso Metropolitano\" \/>\n<meta property=\"og:description\" content=\"Va por Mexico no se trat\u00f3 de una exclusiva coalici\u00f3n electoral sino que trascendi\u00f3 al siguiente nivel que demandaron los ciudadanos para mejorar sus condiciones de vida.\" \/>\n<meta property=\"og:url\" content=\"https:\/\/expressometro.mx\/index.php\/2022\/01\/08\/de-buena-fuente-columna-opinion-14\/\" \/>\n<meta property=\"og:site_name\" content=\"Expresso Metropolitano\" \/>\n<meta property=\"article:published_time\" content=\"2022-01-08T14:27:21+00:00\" \/>\n<meta property=\"article:modified_time\" content=\"2022-01-08T14:27:22+00:00\" \/>\n<meta property=\"og:image\" content=\"http:\/\/expressometro.mx\/wp-content\/uploads\/2022\/01\/AC822F0F-0F5F-4156-9850-9B1D66C4882D.jpeg\" \/>\n\t<meta property=\"og:image:width\" content=\"1024\" \/>\n\t<meta property=\"og:image:height\" content=\"768\" \/>\n\t<meta property=\"og:image:type\" content=\"image\/jpeg\" \/>\n<meta name=\"author\" content=\"Cecilia Vega\" \/>\n<meta name=\"twitter:label1\" content=\"Escrito por\" \/>\n\t<meta name=\"twitter:data1\" content=\"Cecilia Vega\" \/>\n\t<meta name=\"twitter:label2\" content=\"Tiempo de lectura\" \/>\n\t<meta name=\"twitter:data2\" content=\"2 minutos\" \/>\n<script type=\"application\/ld+json\" class=\"yoast-schema-graph\">{\"@context\":\"https:\\\/\\\/schema.org\",\"@graph\":[{\"@type\":\"Article\",\"@id\":\"https:\\\/\\\/expressometro.mx\\\/index.php\\\/2022\\\/01\\\/08\\\/de-buena-fuente-columna-opinion-14\\\/#article\",\"isPartOf\":{\"@id\":\"https:\\\/\\\/expressometro.mx\\\/index.php\\\/2022\\\/01\\\/08\\\/de-buena-fuente-columna-opinion-14\\\/\"},\"author\":{\"name\":\"Cecilia Vega\",\"@id\":\"https:\\\/\\\/expressometro.mx\\\/#\\\/schema\\\/person\\\/67a95b8e3862085c7598f66237488f1f\"},\"headline\":\"DE BUENA FUENTE; Columna &#8211; Opini\u00f3n\",\"datePublished\":\"2022-01-08T14:27:21+00:00\",\"dateModified\":\"2022-01-08T14:27:22+00:00\",\"mainEntityOfPage\":{\"@id\":\"https:\\\/\\\/expressometro.mx\\\/index.php\\\/2022\\\/01\\\/08\\\/de-buena-fuente-columna-opinion-14\\\/\"},\"wordCount\":176,\"commentCount\":0,\"publisher\":{\"@id\":\"https:\\\/\\\/expressometro.mx\\\/#organization\"},\"image\":{\"@id\":\"https:\\\/\\\/expressometro.mx\\\/index.php\\\/2022\\\/01\\\/08\\\/de-buena-fuente-columna-opinion-14\\\/#primaryimage\"},\"thumbnailUrl\":\"https:\\\/\\\/expressometro.mx\\\/wp-content\\\/uploads\\\/2022\\\/01\\\/AC822F0F-0F5F-4156-9850-9B1D66C4882D.jpeg\",\"keywords\":[\"Gustavo C\u00e1rdenas\",\"PRI\"],\"articleSection\":[\"Columna - Opini\u00f3n\",\"Gobierno\"],\"inLanguage\":\"es\",\"potentialAction\":[{\"@type\":\"CommentAction\",\"name\":\"Comment\",\"target\":[\"https:\\\/\\\/expressometro.mx\\\/index.php\\\/2022\\\/01\\\/08\\\/de-buena-fuente-columna-opinion-14\\\/#respond\"]}]},{\"@type\":\"WebPage\",\"@id\":\"https:\\\/\\\/expressometro.mx\\\/index.php\\\/2022\\\/01\\\/08\\\/de-buena-fuente-columna-opinion-14\\\/\",\"url\":\"https:\\\/\\\/expressometro.mx\\\/index.php\\\/2022\\\/01\\\/08\\\/de-buena-fuente-columna-opinion-14\\\/\",\"name\":\"DE BUENA FUENTE; Columna - Opini\u00f3n - Expresso Metropolitano\",\"isPartOf\":{\"@id\":\"https:\\\/\\\/expressometro.mx\\\/#website\"},\"primaryImageOfPage\":{\"@id\":\"https:\\\/\\\/expressometro.mx\\\/index.php\\\/2022\\\/01\\\/08\\\/de-buena-fuente-columna-opinion-14\\\/#primaryimage\"},\"image\":{\"@id\":\"https:\\\/\\\/expressometro.mx\\\/index.php\\\/2022\\\/01\\\/08\\\/de-buena-fuente-columna-opinion-14\\\/#primaryimage\"},\"thumbnailUrl\":\"https:\\\/\\\/expressometro.mx\\\/wp-content\\\/uploads\\\/2022\\\/01\\\/AC822F0F-0F5F-4156-9850-9B1D66C4882D.jpeg\",\"datePublished\":\"2022-01-08T14:27:21+00:00\",\"dateModified\":\"2022-01-08T14:27:22+00:00\",\"breadcrumb\":{\"@id\":\"https:\\\/\\\/expressometro.mx\\\/index.php\\\/2022\\\/01\\\/08\\\/de-buena-fuente-columna-opinion-14\\\/#breadcrumb\"},\"inLanguage\":\"es\",\"potentialAction\":[{\"@type\":\"ReadAction\",\"target\":[\"https:\\\/\\\/expressometro.mx\\\/index.php\\\/2022\\\/01\\\/08\\\/de-buena-fuente-columna-opinion-14\\\/\"]}]},{\"@type\":\"ImageObject\",\"inLanguage\":\"es\",\"@id\":\"https:\\\/\\\/expressometro.mx\\\/index.php\\\/2022\\\/01\\\/08\\\/de-buena-fuente-columna-opinion-14\\\/#primaryimage\",\"url\":\"https:\\\/\\\/expressometro.mx\\\/wp-content\\\/uploads\\\/2022\\\/01\\\/AC822F0F-0F5F-4156-9850-9B1D66C4882D.jpeg\",\"contentUrl\":\"https:\\\/\\\/expressometro.mx\\\/wp-content\\\/uploads\\\/2022\\\/01\\\/AC822F0F-0F5F-4156-9850-9B1D66C4882D.jpeg\",\"width\":1024,\"height\":768},{\"@type\":\"BreadcrumbList\",\"@id\":\"https:\\\/\\\/expressometro.mx\\\/index.php\\\/2022\\\/01\\\/08\\\/de-buena-fuente-columna-opinion-14\\\/#breadcrumb\",\"itemListElement\":[{\"@type\":\"ListItem\",\"position\":1,\"name\":\"Inicio\",\"item\":\"https:\\\/\\\/expressometro.mx\\\/\"},{\"@type\":\"ListItem\",\"position\":2,\"name\":\"DE BUENA FUENTE; Columna &#8211; Opini\u00f3n\"}]},{\"@type\":\"WebSite\",\"@id\":\"https:\\\/\\\/expressometro.mx\\\/#website\",\"url\":\"https:\\\/\\\/expressometro.mx\\\/\",\"name\":\"Expresso Metropolitano\",\"description\":\"Periodismo comprometido, informaci\u00f3n, investigaci\u00f3n y an\u00e1lisis\",\"publisher\":{\"@id\":\"https:\\\/\\\/expressometro.mx\\\/#organization\"},\"potentialAction\":[{\"@type\":\"SearchAction\",\"target\":{\"@type\":\"EntryPoint\",\"urlTemplate\":\"https:\\\/\\\/expressometro.mx\\\/?s={search_term_string}\"},\"query-input\":{\"@type\":\"PropertyValueSpecification\",\"valueRequired\":true,\"valueName\":\"search_term_string\"}}],\"inLanguage\":\"es\"},{\"@type\":\"Organization\",\"@id\":\"https:\\\/\\\/expressometro.mx\\\/#organization\",\"name\":\"Expresso Metropolitano\",\"url\":\"https:\\\/\\\/expressometro.mx\\\/\",\"logo\":{\"@type\":\"ImageObject\",\"inLanguage\":\"es\",\"@id\":\"https:\\\/\\\/expressometro.mx\\\/#\\\/schema\\\/logo\\\/image\\\/\",\"url\":\"https:\\\/\\\/expressometro.mx\\\/wp-content\\\/uploads\\\/2019\\\/07\\\/cropped-Logo-Expresso-Metropolitano-1-1.jpeg\",\"contentUrl\":\"https:\\\/\\\/expressometro.mx\\\/wp-content\\\/uploads\\\/2019\\\/07\\\/cropped-Logo-Expresso-Metropolitano-1-1.jpeg\",\"width\":290,\"height\":73,\"caption\":\"Expresso Metropolitano\"},\"image\":{\"@id\":\"https:\\\/\\\/expressometro.mx\\\/#\\\/schema\\\/logo\\\/image\\\/\"}},{\"@type\":\"Person\",\"@id\":\"https:\\\/\\\/expressometro.mx\\\/#\\\/schema\\\/person\\\/67a95b8e3862085c7598f66237488f1f\",\"name\":\"Cecilia Vega\",\"image\":{\"@type\":\"ImageObject\",\"inLanguage\":\"es\",\"@id\":\"https:\\\/\\\/secure.gravatar.com\\\/avatar\\\/13aae9944ab2ee472a9e407c9487fdbd03b049abaa559af32fe5dbcf615c981b?s=96&d=mm&r=g\",\"url\":\"https:\\\/\\\/secure.gravatar.com\\\/avatar\\\/13aae9944ab2ee472a9e407c9487fdbd03b049abaa559af32fe5dbcf615c981b?s=96&d=mm&r=g\",\"contentUrl\":\"https:\\\/\\\/secure.gravatar.com\\\/avatar\\\/13aae9944ab2ee472a9e407c9487fdbd03b049abaa559af32fe5dbcf615c981b?s=96&d=mm&r=g\",\"caption\":\"Cecilia Vega\"},\"url\":\"https:\\\/\\\/expressometro.mx\\\/index.php\\\/author\\\/cecilia-vega\\\/\"}]}<\/script>\n<!-- \/ Yoast SEO plugin. -->","yoast_head_json":{"title":"DE BUENA FUENTE; Columna - Opini\u00f3n - Expresso Metropolitano","robots":{"index":"index","follow":"follow","max-snippet":"max-snippet:-1","max-image-preview":"max-image-preview:large","max-video-preview":"max-video-preview:-1"},"canonical":"https:\/\/expressometro.mx\/index.php\/2022\/01\/08\/de-buena-fuente-columna-opinion-14\/","og_locale":"es_MX","og_type":"article","og_title":"DE BUENA FUENTE; Columna - Opini\u00f3n - Expresso Metropolitano","og_description":"Va por Mexico no se trat\u00f3 de una exclusiva coalici\u00f3n electoral sino que trascendi\u00f3 al siguiente nivel que demandaron los ciudadanos para mejorar sus condiciones de vida.","og_url":"https:\/\/expressometro.mx\/index.php\/2022\/01\/08\/de-buena-fuente-columna-opinion-14\/","og_site_name":"Expresso Metropolitano","article_published_time":"2022-01-08T14:27:21+00:00","article_modified_time":"2022-01-08T14:27:22+00:00","og_image":[{"width":1024,"height":768,"url":"http:\/\/expressometro.mx\/wp-content\/uploads\/2022\/01\/AC822F0F-0F5F-4156-9850-9B1D66C4882D.jpeg","type":"image\/jpeg"}],"author":"Cecilia Vega","twitter_misc":{"Escrito por":"Cecilia Vega","Tiempo de lectura":"2 minutos"},"schema":{"@context":"https:\/\/schema.org","@graph":[{"@type":"Article","@id":"https:\/\/expressometro.mx\/index.php\/2022\/01\/08\/de-buena-fuente-columna-opinion-14\/#article","isPartOf":{"@id":"https:\/\/expressometro.mx\/index.php\/2022\/01\/08\/de-buena-fuente-columna-opinion-14\/"},"author":{"name":"Cecilia Vega","@id":"https:\/\/expressometro.mx\/#\/schema\/person\/67a95b8e3862085c7598f66237488f1f"},"headline":"DE BUENA FUENTE; Columna &#8211; Opini\u00f3n","datePublished":"2022-01-08T14:27:21+00:00","dateModified":"2022-01-08T14:27:22+00:00","mainEntityOfPage":{"@id":"https:\/\/expressometro.mx\/index.php\/2022\/01\/08\/de-buena-fuente-columna-opinion-14\/"},"wordCount":176,"commentCount":0,"publisher":{"@id":"https:\/\/expressometro.mx\/#organization"},"image":{"@id":"https:\/\/expressometro.mx\/index.php\/2022\/01\/08\/de-buena-fuente-columna-opinion-14\/#primaryimage"},"thumbnailUrl":"https:\/\/expressometro.mx\/wp-content\/uploads\/2022\/01\/AC822F0F-0F5F-4156-9850-9B1D66C4882D.jpeg","keywords":["Gustavo C\u00e1rdenas","PRI"],"articleSection":["Columna - Opini\u00f3n","Gobierno"],"inLanguage":"es","potentialAction":[{"@type":"CommentAction","name":"Comment","target":["https:\/\/expressometro.mx\/index.php\/2022\/01\/08\/de-buena-fuente-columna-opinion-14\/#respond"]}]},{"@type":"WebPage","@id":"https:\/\/expressometro.mx\/index.php\/2022\/01\/08\/de-buena-fuente-columna-opinion-14\/","url":"https:\/\/expressometro.mx\/index.php\/2022\/01\/08\/de-buena-fuente-columna-opinion-14\/","name":"DE BUENA FUENTE; Columna - Opini\u00f3n - Expresso Metropolitano","isPartOf":{"@id":"https:\/\/expressometro.mx\/#website"},"primaryImageOfPage":{"@id":"https:\/\/expressometro.mx\/index.php\/2022\/01\/08\/de-buena-fuente-columna-opinion-14\/#primaryimage"},"image":{"@id":"https:\/\/expressometro.mx\/index.php\/2022\/01\/08\/de-buena-fuente-columna-opinion-14\/#primaryimage"},"thumbnailUrl":"https:\/\/expressometro.mx\/wp-content\/uploads\/2022\/01\/AC822F0F-0F5F-4156-9850-9B1D66C4882D.jpeg","datePublished":"2022-01-08T14:27:21+00:00","dateModified":"2022-01-08T14:27:22+00:00","breadcrumb":{"@id":"https:\/\/expressometro.mx\/index.php\/2022\/01\/08\/de-buena-fuente-columna-opinion-14\/#breadcrumb"},"inLanguage":"es","potentialAction":[{"@type":"ReadAction","target":["https:\/\/expressometro.mx\/index.php\/2022\/01\/08\/de-buena-fuente-columna-opinion-14\/"]}]},{"@type":"ImageObject","inLanguage":"es","@id":"https:\/\/expressometro.mx\/index.php\/2022\/01\/08\/de-buena-fuente-columna-opinion-14\/#primaryimage","url":"https:\/\/expressometro.mx\/wp-content\/uploads\/2022\/01\/AC822F0F-0F5F-4156-9850-9B1D66C4882D.jpeg","contentUrl":"https:\/\/expressometro.mx\/wp-content\/uploads\/2022\/01\/AC822F0F-0F5F-4156-9850-9B1D66C4882D.jpeg","width":1024,"height":768},{"@type":"BreadcrumbList","@id":"https:\/\/expressometro.mx\/index.php\/2022\/01\/08\/de-buena-fuente-columna-opinion-14\/#breadcrumb","itemListElement":[{"@type":"ListItem","position":1,"name":"Inicio","item":"https:\/\/expressometro.mx\/"},{"@type":"ListItem","position":2,"name":"DE BUENA FUENTE; Columna &#8211; Opini\u00f3n"}]},{"@type":"WebSite","@id":"https:\/\/expressometro.mx\/#website","url":"https:\/\/expressometro.mx\/","name":"Expresso Metropolitano","description":"Periodismo comprometido, informaci\u00f3n, investigaci\u00f3n y an\u00e1lisis","publisher":{"@id":"https:\/\/expressometro.mx\/#organization"},"potentialAction":[{"@type":"SearchAction","target":{"@type":"EntryPoint","urlTemplate":"https:\/\/expressometro.mx\/?s={search_term_string}"},"query-input":{"@type":"PropertyValueSpecification","valueRequired":true,"valueName":"search_term_string"}}],"inLanguage":"es"},{"@type":"Organization","@id":"https:\/\/expressometro.mx\/#organization","name":"Expresso Metropolitano","url":"https:\/\/expressometro.mx\/","logo":{"@type":"ImageObject","inLanguage":"es","@id":"https:\/\/expressometro.mx\/#\/schema\/logo\/image\/","url":"https:\/\/expressometro.mx\/wp-content\/uploads\/2019\/07\/cropped-Logo-Expresso-Metropolitano-1-1.jpeg","contentUrl":"https:\/\/expressometro.mx\/wp-content\/uploads\/2019\/07\/cropped-Logo-Expresso-Metropolitano-1-1.jpeg","width":290,"height":73,"caption":"Expresso Metropolitano"},"image":{"@id":"https:\/\/expressometro.mx\/#\/schema\/logo\/image\/"}},{"@type":"Person","@id":"https:\/\/expressometro.mx\/#\/schema\/person\/67a95b8e3862085c7598f66237488f1f","name":"Cecilia Vega","image":{"@type":"ImageObject","inLanguage":"es","@id":"https:\/\/secure.gravatar.com\/avatar\/13aae9944ab2ee472a9e407c9487fdbd03b049abaa559af32fe5dbcf615c981b?s=96&d=mm&r=g","url":"https:\/\/secure.gravatar.com\/avatar\/13aae9944ab2ee472a9e407c9487fdbd03b049abaa559af32fe5dbcf615c981b?s=96&d=mm&r=g","contentUrl":"https:\/\/secure.gravatar.com\/avatar\/13aae9944ab2ee472a9e407c9487fdbd03b049abaa559af32fe5dbcf615c981b?s=96&d=mm&r=g","caption":"Cecilia Vega"},"url":"https:\/\/expressometro.mx\/index.php\/author\/cecilia-vega\/"}]}},"amp_enabled":true,"_links":{"self":[{"href":"https:\/\/expressometro.mx\/index.php\/wp-json\/wp\/v2\/posts\/4897","targetHints":{"allow":["GET"]}}],"collection":[{"href":"https:\/\/expressometro.mx\/index.php\/wp-json\/wp\/v2\/posts"}],"about":[{"href":"https:\/\/expressometro.mx\/index.php\/wp-json\/wp\/v2\/types\/post"}],"author":[{"embeddable":true,"href":"https:\/\/expressometro.mx\/index.php\/wp-json\/wp\/v2\/users\/2"}],"replies":[{"embeddable":true,"href":"https:\/\/expressometro.mx\/index.php\/wp-json\/wp\/v2\/comments?post=4897"}],"version-history":[{"count":1,"href":"https:\/\/expressometro.mx\/index.php\/wp-json\/wp\/v2\/posts\/4897\/revisions"}],"predecessor-version":[{"id":4902,"href":"https:\/\/expressometro.mx\/index.php\/wp-json\/wp\/v2\/posts\/4897\/revisions\/4902"}],"wp:featuredmedia":[{"embeddable":true,"href":"https:\/\/expressometro.mx\/index.php\/wp-json\/wp\/v2\/media\/4901"}],"wp:attachment":[{"href":"https:\/\/expressometro.mx\/index.php\/wp-json\/wp\/v2\/media?parent=4897"}],"wp:term":[{"taxonomy":"category","embeddable":true,"href":"https:\/\/expressometro.mx\/index.php\/wp-json\/wp\/v2\/categories?post=4897"},{"taxonomy":"post_tag","embeddable":true,"href":"https:\/\/expressometro.mx\/index.php\/wp-json\/wp\/v2\/tags?post=4897"}],"curies":[{"name":"wp","href":"https:\/\/api.w.org\/{rel}","templated":true}]}}