{"id":4732,"date":"2021-12-23T14:53:40","date_gmt":"2021-12-23T20:53:40","guid":{"rendered":"https:\/\/expressometro.mx\/?p=4732"},"modified":"2021-12-23T14:53:41","modified_gmt":"2021-12-23T20:53:41","slug":"buscaremos-contar-con-candidato-propio-para-la-gubernatura-del-estado-de-mexico-unidos-por-un-mejor-pais","status":"publish","type":"post","link":"https:\/\/expressometro.mx\/index.php\/2021\/12\/23\/buscaremos-contar-con-candidato-propio-para-la-gubernatura-del-estado-de-mexico-unidos-por-un-mejor-pais\/","title":{"rendered":"BUSCAREMOS CONTAR CON CANDIDATO PROPIO PARA LA GUBERNATURA DEL ESTADO DE M\u00c9XICO: UNIDOS POR UN MEJOR PA\u00cdS"},"content":{"rendered":"\n<ul class=\"wp-block-list\"><li>La Agrupaci\u00f3n Pol\u00edtica Nacional cuenta con presencia en 22 estados del pa\u00eds y en 14 de ellos tienen direcciones estatales reconocidas por el INE.<\/li><li>De los 125 municipios del Estado de M\u00e9xico, en 107 tienen presencia.<\/li><li>Se entregar\u00e1n al INE m\u00e1s de 200 mil firmas, la mayor\u00eda de Nezahualc\u00f3yotl, para la ratificaci\u00f3n de mandato del presidente.<\/li><\/ul>\n\n\n\n<p>Luego de tomar protesta a los integrantes de Comit\u00e9 Promotor Municipal de la Agrupaci\u00f3n Pol\u00edtica Nacional, \u201cUnidos por un Mejor Pa\u00eds\u201d, se dio a conocer que el trabajo realizado a nivel nacional, su reconocimiento en algunos estados ante el INE y la presencia en 107 de los 125 municipios del Estado de M\u00e9xico, les permitir\u00e1 buscar contar con un candidato propio con rumbo a las elecciones para gobernador en el Edomex.<\/p>\n\n\n\n<p>Al hacer uso de la palabra, Epifanio L\u00f3pez Garnica, Delegado Municipal y presidente de la APN en Nezahualc\u00f3yotl, se\u00f1al\u00f3 que una de las metas es fortalecer la organizaci\u00f3n territorial en los tres distritos electorales federales de este municipio, avanzando en la creaci\u00f3n de los comit\u00e9s seccionales en defensa de la Cuarta Transformaci\u00f3n para apoyar al presidente Andr\u00e9s Manuel L\u00f3pez Obrador desde todas y cada una de las colonias del municipio.<\/p>\n\n\n\n<p>Una segunda meta es intensificar la recopilaci\u00f3n de firmas, para hacer realidad el ejercicio de los derechos de las mexicanas y mexicanos para que por primera vez se realice el refer\u00e9ndum revocatorio, a pesar de la oposici\u00f3n del PAN, PRI, PRD y las fuerzas conservadoras, el pr\u00f3ximo 10 de abril cuando estaba programado o cuando los defina el Poder Judicial.<\/p>\n\n\n\n<p>Precis\u00f3 que si bien ya se entregaron 170 mil firmas ante el INE, la mayor parte de Neza, las r\u00fabricas recabadas ya superan las 200 mil, por lo que lament\u00f3 los argumentos del INE de no realizar una consulta pretextando falta de presupuesto, compromiso y de no actuar con austeridad, queda claro que no es una lucha contra las instituciones, sino a favor de la democracia participativa, precis\u00f3 Epifanio L\u00f3pez Garnica.<\/p>\n\n\n\n<p>L\u00f3pez Garnica enfatiz\u00f3 que otra tarea es seguir encabezando las demandas sociales, entre ellas, la construcci\u00f3n y operaci\u00f3n de dos hospitales de especialidades, uno del IMSS y otro en la zona Norte, ya que los servicios de salud son insuficientes; en materia educativa se buscar\u00e1 la instalaci\u00f3n en Neza de una Escuela o Unidad de investigaci\u00f3n del IPN.<\/p>\n\n\n\n<p>Indic\u00f3 que se apoyar\u00e1 desde Nezahualc\u00f3yotl la consolidaci\u00f3n de JUNTOS, que se ha constituido en el estado de M\u00e9xico, con diversas organizaciones sociales como el PT, Nueva Alianza y Unidos.<\/p>\n\n\n\n<p>Por su parte, Josefina Salinas P\u00e9rez, Secretaria de Igualdad de G\u00e9nero del Comit\u00e9 Ejecutivo de la APN, lament\u00f3 la decisi\u00f3n de seis Consejeros del INE para posponer la consulta programada para el 10 de abril, por lo que celebr\u00f3 la decisi\u00f3n de la Suprema Corte de Justicia para dar marcha atr\u00e1s a esta determinaci\u00f3n.<\/p>\n\n\n\n<p>En Unidos estamos convencidos de construir un proyecto de gobierno estatal, recorriendo nuevamente todo el estado de M\u00e9xico para conocer las carencias y rezagos existentes, para proponer como un verdadero gobierno de izquierda, manifest\u00f3 Josefina P\u00e9rez.<\/p>\n\n\n\n<p>No descart\u00f3 e incluso lo propuso como un reto, es que Unidos por un Mejor Pa\u00eds d\u00e9 a conocer a su propio candidato a la gubernatura del Estado de M\u00e9xico, ajust\u00e1ndose a los tiempos que marca la ley, pues el trabajo realizado y lo que se tiene contemplado llevar a cabo, amerita contar con su propio candidato, concluy\u00f3.<\/p>\n\n\n\n<figure class=\"wp-block-gallery columns-3 is-cropped wp-block-gallery-1 is-layout-flex wp-block-gallery-is-layout-flex\"><ul class=\"blocks-gallery-grid\"><li class=\"blocks-gallery-item\"><figure><img loading=\"lazy\" decoding=\"async\" width=\"720\" height=\"480\" src=\"https:\/\/expressometro.mx\/wp-content\/uploads\/2021\/12\/WhatsApp-Image-2021-12-23-at-2.15.10-PM-720x480.jpeg\" alt=\"\" data-id=\"4735\" data-link=\"https:\/\/expressometro.mx\/?attachment_id=4735\" class=\"wp-image-4735\" srcset=\"https:\/\/expressometro.mx\/wp-content\/uploads\/2021\/12\/WhatsApp-Image-2021-12-23-at-2.15.10-PM-720x480.jpeg 720w, https:\/\/expressometro.mx\/wp-content\/uploads\/2021\/12\/WhatsApp-Image-2021-12-23-at-2.15.10-PM-548x365.jpeg 548w, https:\/\/expressometro.mx\/wp-content\/uploads\/2021\/12\/WhatsApp-Image-2021-12-23-at-2.15.10-PM-768x512.jpeg 768w, https:\/\/expressometro.mx\/wp-content\/uploads\/2021\/12\/WhatsApp-Image-2021-12-23-at-2.15.10-PM-1536x1024.jpeg 1536w, https:\/\/expressometro.mx\/wp-content\/uploads\/2021\/12\/WhatsApp-Image-2021-12-23-at-2.15.10-PM.jpeg 1599w\" sizes=\"auto, (max-width: 720px) 100vw, 720px\" \/><\/figure><\/li><li class=\"blocks-gallery-item\"><figure><img loading=\"lazy\" decoding=\"async\" width=\"720\" height=\"480\" src=\"https:\/\/expressometro.mx\/wp-content\/uploads\/2021\/12\/WhatsApp-Image-2021-12-23-at-2.15.10-PM-1-720x480.jpeg\" alt=\"\" data-id=\"4736\" data-link=\"https:\/\/expressometro.mx\/?attachment_id=4736\" class=\"wp-image-4736\" srcset=\"https:\/\/expressometro.mx\/wp-content\/uploads\/2021\/12\/WhatsApp-Image-2021-12-23-at-2.15.10-PM-1-720x480.jpeg 720w, https:\/\/expressometro.mx\/wp-content\/uploads\/2021\/12\/WhatsApp-Image-2021-12-23-at-2.15.10-PM-1-548x365.jpeg 548w, https:\/\/expressometro.mx\/wp-content\/uploads\/2021\/12\/WhatsApp-Image-2021-12-23-at-2.15.10-PM-1-768x512.jpeg 768w, https:\/\/expressometro.mx\/wp-content\/uploads\/2021\/12\/WhatsApp-Image-2021-12-23-at-2.15.10-PM-1-1536x1024.jpeg 1536w, https:\/\/expressometro.mx\/wp-content\/uploads\/2021\/12\/WhatsApp-Image-2021-12-23-at-2.15.10-PM-1.jpeg 1599w\" sizes=\"auto, (max-width: 720px) 100vw, 720px\" \/><\/figure><\/li><li class=\"blocks-gallery-item\"><figure><img loading=\"lazy\" decoding=\"async\" width=\"840\" height=\"406\" src=\"https:\/\/expressometro.mx\/wp-content\/uploads\/2021\/12\/WhatsApp-Image-2021-12-23-at-2.15.11-PM-840x406.jpeg\" alt=\"\" data-id=\"4737\" data-full-url=\"https:\/\/expressometro.mx\/wp-content\/uploads\/2021\/12\/WhatsApp-Image-2021-12-23-at-2.15.11-PM.jpeg\" data-link=\"https:\/\/expressometro.mx\/?attachment_id=4737\" class=\"wp-image-4737\" srcset=\"https:\/\/expressometro.mx\/wp-content\/uploads\/2021\/12\/WhatsApp-Image-2021-12-23-at-2.15.11-PM-840x406.jpeg 840w, https:\/\/expressometro.mx\/wp-content\/uploads\/2021\/12\/WhatsApp-Image-2021-12-23-at-2.15.11-PM-660x319.jpeg 660w, https:\/\/expressometro.mx\/wp-content\/uploads\/2021\/12\/WhatsApp-Image-2021-12-23-at-2.15.11-PM-768x371.jpeg 768w, https:\/\/expressometro.mx\/wp-content\/uploads\/2021\/12\/WhatsApp-Image-2021-12-23-at-2.15.11-PM-1536x742.jpeg 1536w, https:\/\/expressometro.mx\/wp-content\/uploads\/2021\/12\/WhatsApp-Image-2021-12-23-at-2.15.11-PM.jpeg 1567w\" sizes=\"auto, (max-width: 840px) 100vw, 840px\" \/><\/figure><\/li><\/ul><\/figure>\n","protected":false},"excerpt":{"rendered":"<p>La Agrupaci\u00f3n Pol\u00edtica Nacional cuenta con presencia en 22 estados del pa\u00eds y en 14 de ellos tienen direcciones estatales reconocidas por el INE.<\/p>\n","protected":false},"author":2,"featured_media":4734,"comment_status":"open","ping_status":"open","sticky":false,"template":"","format":"standard","meta":{"footnotes":""},"categories":[3],"tags":[1295,260,419,158],"class_list":["post-4732","post","type-post","status-publish","format-standard","has-post-thumbnail","hentry","category-gobierno","tag-ine","tag-pan","tag-prd","tag-pri"],"yoast_head":"<!-- This site is optimized with the Yoast SEO plugin v27.5 - https:\/\/yoast.com\/product\/yoast-seo-wordpress\/ -->\n<title>BUSCAREMOS CONTAR CON CANDIDATO PROPIO PARA LA GUBERNATURA DEL ESTADO DE M\u00c9XICO: UNIDOS POR UN MEJOR PA\u00cdS - Expresso Metropolitano<\/title>\n<meta name=\"robots\" content=\"index, follow, max-snippet:-1, max-image-preview:large, max-video-preview:-1\" \/>\n<link rel=\"canonical\" href=\"https:\/\/expressometro.mx\/index.php\/2021\/12\/23\/buscaremos-contar-con-candidato-propio-para-la-gubernatura-del-estado-de-mexico-unidos-por-un-mejor-pais\/\" \/>\n<meta property=\"og:locale\" content=\"es_MX\" \/>\n<meta property=\"og:type\" content=\"article\" \/>\n<meta property=\"og:title\" content=\"BUSCAREMOS CONTAR CON CANDIDATO PROPIO PARA LA GUBERNATURA DEL ESTADO DE M\u00c9XICO: UNIDOS POR UN MEJOR PA\u00cdS - Expresso Metropolitano\" \/>\n<meta property=\"og:description\" content=\"La Agrupaci\u00f3n Pol\u00edtica Nacional cuenta con presencia en 22 estados del pa\u00eds y en 14 de ellos tienen direcciones estatales reconocidas por el INE.\" \/>\n<meta property=\"og:url\" content=\"https:\/\/expressometro.mx\/index.php\/2021\/12\/23\/buscaremos-contar-con-candidato-propio-para-la-gubernatura-del-estado-de-mexico-unidos-por-un-mejor-pais\/\" \/>\n<meta property=\"og:site_name\" content=\"Expresso Metropolitano\" \/>\n<meta property=\"article:published_time\" content=\"2021-12-23T20:53:40+00:00\" \/>\n<meta property=\"article:modified_time\" content=\"2021-12-23T20:53:41+00:00\" \/>\n<meta property=\"og:image\" content=\"http:\/\/expressometro.mx\/wp-content\/uploads\/2021\/12\/WhatsApp-Image-2021-12-23-at-2.15.07-PM.jpeg\" \/>\n\t<meta property=\"og:image:width\" content=\"1599\" \/>\n\t<meta property=\"og:image:height\" content=\"1066\" \/>\n\t<meta property=\"og:image:type\" content=\"image\/jpeg\" \/>\n<meta name=\"author\" content=\"Cecilia Vega\" \/>\n<meta name=\"twitter:label1\" content=\"Escrito por\" \/>\n\t<meta name=\"twitter:data1\" content=\"Cecilia Vega\" \/>\n\t<meta name=\"twitter:label2\" content=\"Tiempo de lectura\" \/>\n\t<meta name=\"twitter:data2\" content=\"4 minutos\" \/>\n<script type=\"application\/ld+json\" class=\"yoast-schema-graph\">{\"@context\":\"https:\\\/\\\/schema.org\",\"@graph\":[{\"@type\":\"Article\",\"@id\":\"https:\\\/\\\/expressometro.mx\\\/index.php\\\/2021\\\/12\\\/23\\\/buscaremos-contar-con-candidato-propio-para-la-gubernatura-del-estado-de-mexico-unidos-por-un-mejor-pais\\\/#article\",\"isPartOf\":{\"@id\":\"https:\\\/\\\/expressometro.mx\\\/index.php\\\/2021\\\/12\\\/23\\\/buscaremos-contar-con-candidato-propio-para-la-gubernatura-del-estado-de-mexico-unidos-por-un-mejor-pais\\\/\"},\"author\":{\"name\":\"Cecilia Vega\",\"@id\":\"https:\\\/\\\/expressometro.mx\\\/#\\\/schema\\\/person\\\/67a95b8e3862085c7598f66237488f1f\"},\"headline\":\"BUSCAREMOS CONTAR CON CANDIDATO PROPIO PARA LA GUBERNATURA DEL ESTADO DE M\u00c9XICO: UNIDOS POR UN MEJOR PA\u00cdS\",\"datePublished\":\"2021-12-23T20:53:40+00:00\",\"dateModified\":\"2021-12-23T20:53:41+00:00\",\"mainEntityOfPage\":{\"@id\":\"https:\\\/\\\/expressometro.mx\\\/index.php\\\/2021\\\/12\\\/23\\\/buscaremos-contar-con-candidato-propio-para-la-gubernatura-del-estado-de-mexico-unidos-por-un-mejor-pais\\\/\"},\"wordCount\":619,\"commentCount\":0,\"publisher\":{\"@id\":\"https:\\\/\\\/expressometro.mx\\\/#organization\"},\"image\":{\"@id\":\"https:\\\/\\\/expressometro.mx\\\/index.php\\\/2021\\\/12\\\/23\\\/buscaremos-contar-con-candidato-propio-para-la-gubernatura-del-estado-de-mexico-unidos-por-un-mejor-pais\\\/#primaryimage\"},\"thumbnailUrl\":\"https:\\\/\\\/expressometro.mx\\\/wp-content\\\/uploads\\\/2021\\\/12\\\/WhatsApp-Image-2021-12-23-at-2.15.07-PM.jpeg\",\"keywords\":[\"INE\",\"PAN\",\"PRD\",\"PRI\"],\"articleSection\":[\"Gobierno\"],\"inLanguage\":\"es\",\"potentialAction\":[{\"@type\":\"CommentAction\",\"name\":\"Comment\",\"target\":[\"https:\\\/\\\/expressometro.mx\\\/index.php\\\/2021\\\/12\\\/23\\\/buscaremos-contar-con-candidato-propio-para-la-gubernatura-del-estado-de-mexico-unidos-por-un-mejor-pais\\\/#respond\"]}]},{\"@type\":\"WebPage\",\"@id\":\"https:\\\/\\\/expressometro.mx\\\/index.php\\\/2021\\\/12\\\/23\\\/buscaremos-contar-con-candidato-propio-para-la-gubernatura-del-estado-de-mexico-unidos-por-un-mejor-pais\\\/\",\"url\":\"https:\\\/\\\/expressometro.mx\\\/index.php\\\/2021\\\/12\\\/23\\\/buscaremos-contar-con-candidato-propio-para-la-gubernatura-del-estado-de-mexico-unidos-por-un-mejor-pais\\\/\",\"name\":\"BUSCAREMOS CONTAR CON CANDIDATO PROPIO PARA LA GUBERNATURA DEL ESTADO DE M\u00c9XICO: UNIDOS POR UN MEJOR PA\u00cdS - Expresso Metropolitano\",\"isPartOf\":{\"@id\":\"https:\\\/\\\/expressometro.mx\\\/#website\"},\"primaryImageOfPage\":{\"@id\":\"https:\\\/\\\/expressometro.mx\\\/index.php\\\/2021\\\/12\\\/23\\\/buscaremos-contar-con-candidato-propio-para-la-gubernatura-del-estado-de-mexico-unidos-por-un-mejor-pais\\\/#primaryimage\"},\"image\":{\"@id\":\"https:\\\/\\\/expressometro.mx\\\/index.php\\\/2021\\\/12\\\/23\\\/buscaremos-contar-con-candidato-propio-para-la-gubernatura-del-estado-de-mexico-unidos-por-un-mejor-pais\\\/#primaryimage\"},\"thumbnailUrl\":\"https:\\\/\\\/expressometro.mx\\\/wp-content\\\/uploads\\\/2021\\\/12\\\/WhatsApp-Image-2021-12-23-at-2.15.07-PM.jpeg\",\"datePublished\":\"2021-12-23T20:53:40+00:00\",\"dateModified\":\"2021-12-23T20:53:41+00:00\",\"breadcrumb\":{\"@id\":\"https:\\\/\\\/expressometro.mx\\\/index.php\\\/2021\\\/12\\\/23\\\/buscaremos-contar-con-candidato-propio-para-la-gubernatura-del-estado-de-mexico-unidos-por-un-mejor-pais\\\/#breadcrumb\"},\"inLanguage\":\"es\",\"potentialAction\":[{\"@type\":\"ReadAction\",\"target\":[\"https:\\\/\\\/expressometro.mx\\\/index.php\\\/2021\\\/12\\\/23\\\/buscaremos-contar-con-candidato-propio-para-la-gubernatura-del-estado-de-mexico-unidos-por-un-mejor-pais\\\/\"]}]},{\"@type\":\"ImageObject\",\"inLanguage\":\"es\",\"@id\":\"https:\\\/\\\/expressometro.mx\\\/index.php\\\/2021\\\/12\\\/23\\\/buscaremos-contar-con-candidato-propio-para-la-gubernatura-del-estado-de-mexico-unidos-por-un-mejor-pais\\\/#primaryimage\",\"url\":\"https:\\\/\\\/expressometro.mx\\\/wp-content\\\/uploads\\\/2021\\\/12\\\/WhatsApp-Image-2021-12-23-at-2.15.07-PM.jpeg\",\"contentUrl\":\"https:\\\/\\\/expressometro.mx\\\/wp-content\\\/uploads\\\/2021\\\/12\\\/WhatsApp-Image-2021-12-23-at-2.15.07-PM.jpeg\",\"width\":1599,\"height\":1066},{\"@type\":\"BreadcrumbList\",\"@id\":\"https:\\\/\\\/expressometro.mx\\\/index.php\\\/2021\\\/12\\\/23\\\/buscaremos-contar-con-candidato-propio-para-la-gubernatura-del-estado-de-mexico-unidos-por-un-mejor-pais\\\/#breadcrumb\",\"itemListElement\":[{\"@type\":\"ListItem\",\"position\":1,\"name\":\"Inicio\",\"item\":\"https:\\\/\\\/expressometro.mx\\\/\"},{\"@type\":\"ListItem\",\"position\":2,\"name\":\"BUSCAREMOS CONTAR CON CANDIDATO PROPIO PARA LA GUBERNATURA DEL ESTADO DE M\u00c9XICO: UNIDOS POR UN MEJOR PA\u00cdS\"}]},{\"@type\":\"WebSite\",\"@id\":\"https:\\\/\\\/expressometro.mx\\\/#website\",\"url\":\"https:\\\/\\\/expressometro.mx\\\/\",\"name\":\"Expresso Metropolitano\",\"description\":\"Periodismo comprometido, informaci\u00f3n, investigaci\u00f3n y an\u00e1lisis\",\"publisher\":{\"@id\":\"https:\\\/\\\/expressometro.mx\\\/#organization\"},\"potentialAction\":[{\"@type\":\"SearchAction\",\"target\":{\"@type\":\"EntryPoint\",\"urlTemplate\":\"https:\\\/\\\/expressometro.mx\\\/?s={search_term_string}\"},\"query-input\":{\"@type\":\"PropertyValueSpecification\",\"valueRequired\":true,\"valueName\":\"search_term_string\"}}],\"inLanguage\":\"es\"},{\"@type\":\"Organization\",\"@id\":\"https:\\\/\\\/expressometro.mx\\\/#organization\",\"name\":\"Expresso Metropolitano\",\"url\":\"https:\\\/\\\/expressometro.mx\\\/\",\"logo\":{\"@type\":\"ImageObject\",\"inLanguage\":\"es\",\"@id\":\"https:\\\/\\\/expressometro.mx\\\/#\\\/schema\\\/logo\\\/image\\\/\",\"url\":\"https:\\\/\\\/expressometro.mx\\\/wp-content\\\/uploads\\\/2019\\\/07\\\/cropped-Logo-Expresso-Metropolitano-1-1.jpeg\",\"contentUrl\":\"https:\\\/\\\/expressometro.mx\\\/wp-content\\\/uploads\\\/2019\\\/07\\\/cropped-Logo-Expresso-Metropolitano-1-1.jpeg\",\"width\":290,\"height\":73,\"caption\":\"Expresso Metropolitano\"},\"image\":{\"@id\":\"https:\\\/\\\/expressometro.mx\\\/#\\\/schema\\\/logo\\\/image\\\/\"}},{\"@type\":\"Person\",\"@id\":\"https:\\\/\\\/expressometro.mx\\\/#\\\/schema\\\/person\\\/67a95b8e3862085c7598f66237488f1f\",\"name\":\"Cecilia Vega\",\"image\":{\"@type\":\"ImageObject\",\"inLanguage\":\"es\",\"@id\":\"https:\\\/\\\/secure.gravatar.com\\\/avatar\\\/13aae9944ab2ee472a9e407c9487fdbd03b049abaa559af32fe5dbcf615c981b?s=96&d=mm&r=g\",\"url\":\"https:\\\/\\\/secure.gravatar.com\\\/avatar\\\/13aae9944ab2ee472a9e407c9487fdbd03b049abaa559af32fe5dbcf615c981b?s=96&d=mm&r=g\",\"contentUrl\":\"https:\\\/\\\/secure.gravatar.com\\\/avatar\\\/13aae9944ab2ee472a9e407c9487fdbd03b049abaa559af32fe5dbcf615c981b?s=96&d=mm&r=g\",\"caption\":\"Cecilia Vega\"},\"url\":\"https:\\\/\\\/expressometro.mx\\\/index.php\\\/author\\\/cecilia-vega\\\/\"}]}<\/script>\n<!-- \/ Yoast SEO plugin. -->","yoast_head_json":{"title":"BUSCAREMOS CONTAR CON CANDIDATO PROPIO PARA LA GUBERNATURA DEL ESTADO DE M\u00c9XICO: UNIDOS POR UN MEJOR PA\u00cdS - Expresso Metropolitano","robots":{"index":"index","follow":"follow","max-snippet":"max-snippet:-1","max-image-preview":"max-image-preview:large","max-video-preview":"max-video-preview:-1"},"canonical":"https:\/\/expressometro.mx\/index.php\/2021\/12\/23\/buscaremos-contar-con-candidato-propio-para-la-gubernatura-del-estado-de-mexico-unidos-por-un-mejor-pais\/","og_locale":"es_MX","og_type":"article","og_title":"BUSCAREMOS CONTAR CON CANDIDATO PROPIO PARA LA GUBERNATURA DEL ESTADO DE M\u00c9XICO: UNIDOS POR UN MEJOR PA\u00cdS - Expresso Metropolitano","og_description":"La Agrupaci\u00f3n Pol\u00edtica Nacional cuenta con presencia en 22 estados del pa\u00eds y en 14 de ellos tienen direcciones estatales reconocidas por el INE.","og_url":"https:\/\/expressometro.mx\/index.php\/2021\/12\/23\/buscaremos-contar-con-candidato-propio-para-la-gubernatura-del-estado-de-mexico-unidos-por-un-mejor-pais\/","og_site_name":"Expresso Metropolitano","article_published_time":"2021-12-23T20:53:40+00:00","article_modified_time":"2021-12-23T20:53:41+00:00","og_image":[{"width":1599,"height":1066,"url":"http:\/\/expressometro.mx\/wp-content\/uploads\/2021\/12\/WhatsApp-Image-2021-12-23-at-2.15.07-PM.jpeg","type":"image\/jpeg"}],"author":"Cecilia Vega","twitter_misc":{"Escrito por":"Cecilia Vega","Tiempo de lectura":"4 minutos"},"schema":{"@context":"https:\/\/schema.org","@graph":[{"@type":"Article","@id":"https:\/\/expressometro.mx\/index.php\/2021\/12\/23\/buscaremos-contar-con-candidato-propio-para-la-gubernatura-del-estado-de-mexico-unidos-por-un-mejor-pais\/#article","isPartOf":{"@id":"https:\/\/expressometro.mx\/index.php\/2021\/12\/23\/buscaremos-contar-con-candidato-propio-para-la-gubernatura-del-estado-de-mexico-unidos-por-un-mejor-pais\/"},"author":{"name":"Cecilia Vega","@id":"https:\/\/expressometro.mx\/#\/schema\/person\/67a95b8e3862085c7598f66237488f1f"},"headline":"BUSCAREMOS CONTAR CON CANDIDATO PROPIO PARA LA GUBERNATURA DEL ESTADO DE M\u00c9XICO: UNIDOS POR UN MEJOR PA\u00cdS","datePublished":"2021-12-23T20:53:40+00:00","dateModified":"2021-12-23T20:53:41+00:00","mainEntityOfPage":{"@id":"https:\/\/expressometro.mx\/index.php\/2021\/12\/23\/buscaremos-contar-con-candidato-propio-para-la-gubernatura-del-estado-de-mexico-unidos-por-un-mejor-pais\/"},"wordCount":619,"commentCount":0,"publisher":{"@id":"https:\/\/expressometro.mx\/#organization"},"image":{"@id":"https:\/\/expressometro.mx\/index.php\/2021\/12\/23\/buscaremos-contar-con-candidato-propio-para-la-gubernatura-del-estado-de-mexico-unidos-por-un-mejor-pais\/#primaryimage"},"thumbnailUrl":"https:\/\/expressometro.mx\/wp-content\/uploads\/2021\/12\/WhatsApp-Image-2021-12-23-at-2.15.07-PM.jpeg","keywords":["INE","PAN","PRD","PRI"],"articleSection":["Gobierno"],"inLanguage":"es","potentialAction":[{"@type":"CommentAction","name":"Comment","target":["https:\/\/expressometro.mx\/index.php\/2021\/12\/23\/buscaremos-contar-con-candidato-propio-para-la-gubernatura-del-estado-de-mexico-unidos-por-un-mejor-pais\/#respond"]}]},{"@type":"WebPage","@id":"https:\/\/expressometro.mx\/index.php\/2021\/12\/23\/buscaremos-contar-con-candidato-propio-para-la-gubernatura-del-estado-de-mexico-unidos-por-un-mejor-pais\/","url":"https:\/\/expressometro.mx\/index.php\/2021\/12\/23\/buscaremos-contar-con-candidato-propio-para-la-gubernatura-del-estado-de-mexico-unidos-por-un-mejor-pais\/","name":"BUSCAREMOS CONTAR CON CANDIDATO PROPIO PARA LA GUBERNATURA DEL ESTADO DE M\u00c9XICO: UNIDOS POR UN MEJOR PA\u00cdS - Expresso Metropolitano","isPartOf":{"@id":"https:\/\/expressometro.mx\/#website"},"primaryImageOfPage":{"@id":"https:\/\/expressometro.mx\/index.php\/2021\/12\/23\/buscaremos-contar-con-candidato-propio-para-la-gubernatura-del-estado-de-mexico-unidos-por-un-mejor-pais\/#primaryimage"},"image":{"@id":"https:\/\/expressometro.mx\/index.php\/2021\/12\/23\/buscaremos-contar-con-candidato-propio-para-la-gubernatura-del-estado-de-mexico-unidos-por-un-mejor-pais\/#primaryimage"},"thumbnailUrl":"https:\/\/expressometro.mx\/wp-content\/uploads\/2021\/12\/WhatsApp-Image-2021-12-23-at-2.15.07-PM.jpeg","datePublished":"2021-12-23T20:53:40+00:00","dateModified":"2021-12-23T20:53:41+00:00","breadcrumb":{"@id":"https:\/\/expressometro.mx\/index.php\/2021\/12\/23\/buscaremos-contar-con-candidato-propio-para-la-gubernatura-del-estado-de-mexico-unidos-por-un-mejor-pais\/#breadcrumb"},"inLanguage":"es","potentialAction":[{"@type":"ReadAction","target":["https:\/\/expressometro.mx\/index.php\/2021\/12\/23\/buscaremos-contar-con-candidato-propio-para-la-gubernatura-del-estado-de-mexico-unidos-por-un-mejor-pais\/"]}]},{"@type":"ImageObject","inLanguage":"es","@id":"https:\/\/expressometro.mx\/index.php\/2021\/12\/23\/buscaremos-contar-con-candidato-propio-para-la-gubernatura-del-estado-de-mexico-unidos-por-un-mejor-pais\/#primaryimage","url":"https:\/\/expressometro.mx\/wp-content\/uploads\/2021\/12\/WhatsApp-Image-2021-12-23-at-2.15.07-PM.jpeg","contentUrl":"https:\/\/expressometro.mx\/wp-content\/uploads\/2021\/12\/WhatsApp-Image-2021-12-23-at-2.15.07-PM.jpeg","width":1599,"height":1066},{"@type":"BreadcrumbList","@id":"https:\/\/expressometro.mx\/index.php\/2021\/12\/23\/buscaremos-contar-con-candidato-propio-para-la-gubernatura-del-estado-de-mexico-unidos-por-un-mejor-pais\/#breadcrumb","itemListElement":[{"@type":"ListItem","position":1,"name":"Inicio","item":"https:\/\/expressometro.mx\/"},{"@type":"ListItem","position":2,"name":"BUSCAREMOS CONTAR CON CANDIDATO PROPIO PARA LA GUBERNATURA DEL ESTADO DE M\u00c9XICO: UNIDOS POR UN MEJOR PA\u00cdS"}]},{"@type":"WebSite","@id":"https:\/\/expressometro.mx\/#website","url":"https:\/\/expressometro.mx\/","name":"Expresso Metropolitano","description":"Periodismo comprometido, informaci\u00f3n, investigaci\u00f3n y an\u00e1lisis","publisher":{"@id":"https:\/\/expressometro.mx\/#organization"},"potentialAction":[{"@type":"SearchAction","target":{"@type":"EntryPoint","urlTemplate":"https:\/\/expressometro.mx\/?s={search_term_string}"},"query-input":{"@type":"PropertyValueSpecification","valueRequired":true,"valueName":"search_term_string"}}],"inLanguage":"es"},{"@type":"Organization","@id":"https:\/\/expressometro.mx\/#organization","name":"Expresso Metropolitano","url":"https:\/\/expressometro.mx\/","logo":{"@type":"ImageObject","inLanguage":"es","@id":"https:\/\/expressometro.mx\/#\/schema\/logo\/image\/","url":"https:\/\/expressometro.mx\/wp-content\/uploads\/2019\/07\/cropped-Logo-Expresso-Metropolitano-1-1.jpeg","contentUrl":"https:\/\/expressometro.mx\/wp-content\/uploads\/2019\/07\/cropped-Logo-Expresso-Metropolitano-1-1.jpeg","width":290,"height":73,"caption":"Expresso Metropolitano"},"image":{"@id":"https:\/\/expressometro.mx\/#\/schema\/logo\/image\/"}},{"@type":"Person","@id":"https:\/\/expressometro.mx\/#\/schema\/person\/67a95b8e3862085c7598f66237488f1f","name":"Cecilia Vega","image":{"@type":"ImageObject","inLanguage":"es","@id":"https:\/\/secure.gravatar.com\/avatar\/13aae9944ab2ee472a9e407c9487fdbd03b049abaa559af32fe5dbcf615c981b?s=96&d=mm&r=g","url":"https:\/\/secure.gravatar.com\/avatar\/13aae9944ab2ee472a9e407c9487fdbd03b049abaa559af32fe5dbcf615c981b?s=96&d=mm&r=g","contentUrl":"https:\/\/secure.gravatar.com\/avatar\/13aae9944ab2ee472a9e407c9487fdbd03b049abaa559af32fe5dbcf615c981b?s=96&d=mm&r=g","caption":"Cecilia Vega"},"url":"https:\/\/expressometro.mx\/index.php\/author\/cecilia-vega\/"}]}},"amp_enabled":true,"_links":{"self":[{"href":"https:\/\/expressometro.mx\/index.php\/wp-json\/wp\/v2\/posts\/4732","targetHints":{"allow":["GET"]}}],"collection":[{"href":"https:\/\/expressometro.mx\/index.php\/wp-json\/wp\/v2\/posts"}],"about":[{"href":"https:\/\/expressometro.mx\/index.php\/wp-json\/wp\/v2\/types\/post"}],"author":[{"embeddable":true,"href":"https:\/\/expressometro.mx\/index.php\/wp-json\/wp\/v2\/users\/2"}],"replies":[{"embeddable":true,"href":"https:\/\/expressometro.mx\/index.php\/wp-json\/wp\/v2\/comments?post=4732"}],"version-history":[{"count":1,"href":"https:\/\/expressometro.mx\/index.php\/wp-json\/wp\/v2\/posts\/4732\/revisions"}],"predecessor-version":[{"id":4738,"href":"https:\/\/expressometro.mx\/index.php\/wp-json\/wp\/v2\/posts\/4732\/revisions\/4738"}],"wp:featuredmedia":[{"embeddable":true,"href":"https:\/\/expressometro.mx\/index.php\/wp-json\/wp\/v2\/media\/4734"}],"wp:attachment":[{"href":"https:\/\/expressometro.mx\/index.php\/wp-json\/wp\/v2\/media?parent=4732"}],"wp:term":[{"taxonomy":"category","embeddable":true,"href":"https:\/\/expressometro.mx\/index.php\/wp-json\/wp\/v2\/categories?post=4732"},{"taxonomy":"post_tag","embeddable":true,"href":"https:\/\/expressometro.mx\/index.php\/wp-json\/wp\/v2\/tags?post=4732"}],"curies":[{"name":"wp","href":"https:\/\/api.w.org\/{rel}","templated":true}]}}