{"id":4722,"date":"2021-12-22T13:26:35","date_gmt":"2021-12-22T19:26:35","guid":{"rendered":"https:\/\/expressometro.mx\/?p=4722"},"modified":"2021-12-22T13:26:36","modified_gmt":"2021-12-22T19:26:36","slug":"convoca-maribel-alcantara-a-la-unidad-para-el-desarrollo-de-acambay","status":"publish","type":"post","link":"https:\/\/expressometro.mx\/index.php\/2021\/12\/22\/convoca-maribel-alcantara-a-la-unidad-para-el-desarrollo-de-acambay\/","title":{"rendered":"CONVOCA MARIBEL ALC\u00c1NTARA A LA UNIDAD PARA EL DESARROLLO DE ACAMBAY"},"content":{"rendered":"\n<p>La unidad de todos los sectores y la coordinaci\u00f3n con los diferentes niveles de gobierno apegados al plan de desarrollo ser\u00e1 fundamental para impulsar el bienestar de Acambay.<\/p>\n\n\n\n<p>Al tomar protesta como presidenta municipal para la administraci\u00f3n 2022-2024, Maribel Alc\u00e1ntara N\u00fa\u00f1ez afirm\u00f3 que pondr\u00e1n todo su empe\u00f1o para que el municipio el Acambay llegue a ser el que queremos todos.<\/p>\n\n\n\n<p>\u201cAsumo con la m\u00e1s alta responsabilidad la tarea de llevar al municipio por el camino donde cada uno mejore su calidad de vida\u201d sostuvo Maribel Alc\u00e1ntara ante la secretaria del Campo y representante del gobernador, Mercedes Colin Guadarrama.<\/p>\n\n\n\n<p>Al acto asistieron los Diputados Miguel S\u00e1mano Peralta, Ana Lilia Herrera Anzaldo, Gustavo C\u00e1rdenas Monroy y Aurora Gonz\u00e1lez Ledezma.<\/p>\n\n\n\n<p>Adem\u00e1s de los lideres partidistas Arturo Osornio S\u00e1nchez y Benjamin Fourmier Espinoza; los ex diputados federales Jesus Alc\u00e1ntara Nu\u00f1ez y Hector Velasco Monroy.<\/p>\n\n\n\n<p>De igual manera los Alcaldes electos de Atlacomulco Marisol Arias Flores, Jorge Osornio Victoria de Aculco, Rodolfo Noguez Barajas de Jilotepec.<\/p>\n\n\n\n<p>A\u00f1adi\u00f3 que \u201chan puesto en nuestras manos el bien mas preciado de la vida p\u00fablica que es su confianza y por eso te abajaremos por m\u00e1s oportunidades para la comunidad\u201d.<\/p>\n\n\n\n<p>Nos enfocaremos en la generaci\u00f3n de empleo, alcance de servicios p\u00fablicos, apuntalar el turismo, Seguridad p\u00fablica, apoyar al campo, mejorar las v\u00edas de comunicaci\u00f3n y actuar con transparencia en el uso de los recursos p\u00fablicos.<\/p>\n\n\n\n<p>Deline\u00f3 finalmente su forma de gobierno en cuatro pilares fundamentales para las necesidades sociales econ\u00f3micas territoriales y de seguridad.<\/p>\n","protected":false},"excerpt":{"rendered":"<p>Deline\u00f3 finalmente su forma de gobierno en cuatro pilares fundamentales para las necesidades sociales econ\u00f3micas territoriales y de seguridad.<\/p>\n","protected":false},"author":2,"featured_media":4724,"comment_status":"open","ping_status":"open","sticky":false,"template":"","format":"standard","meta":{"footnotes":""},"categories":[3],"tags":[584,585],"class_list":["post-4722","post","type-post","status-publish","format-standard","has-post-thumbnail","hentry","category-gobierno","tag-acambay","tag-maribel-alcantara"],"yoast_head":"<!-- This site is optimized with the Yoast SEO plugin v27.5 - https:\/\/yoast.com\/product\/yoast-seo-wordpress\/ -->\n<title>CONVOCA MARIBEL ALC\u00c1NTARA A LA UNIDAD PARA EL DESARROLLO DE ACAMBAY - Expresso Metropolitano<\/title>\n<meta name=\"robots\" content=\"index, follow, max-snippet:-1, max-image-preview:large, max-video-preview:-1\" \/>\n<link rel=\"canonical\" href=\"https:\/\/expressometro.mx\/index.php\/2021\/12\/22\/convoca-maribel-alcantara-a-la-unidad-para-el-desarrollo-de-acambay\/\" \/>\n<meta property=\"og:locale\" content=\"es_MX\" \/>\n<meta property=\"og:type\" content=\"article\" \/>\n<meta property=\"og:title\" content=\"CONVOCA MARIBEL ALC\u00c1NTARA A LA UNIDAD PARA EL DESARROLLO DE ACAMBAY - Expresso Metropolitano\" \/>\n<meta property=\"og:description\" content=\"Deline\u00f3 finalmente su forma de gobierno en cuatro pilares fundamentales para las necesidades sociales econ\u00f3micas territoriales y de seguridad.\" \/>\n<meta property=\"og:url\" content=\"https:\/\/expressometro.mx\/index.php\/2021\/12\/22\/convoca-maribel-alcantara-a-la-unidad-para-el-desarrollo-de-acambay\/\" \/>\n<meta property=\"og:site_name\" content=\"Expresso Metropolitano\" \/>\n<meta property=\"article:published_time\" content=\"2021-12-22T19:26:35+00:00\" \/>\n<meta property=\"article:modified_time\" content=\"2021-12-22T19:26:36+00:00\" \/>\n<meta property=\"og:image\" content=\"http:\/\/expressometro.mx\/wp-content\/uploads\/2021\/12\/87C58F83-FA3B-47ED-879D-EBC5B5232AAC.jpeg\" \/>\n\t<meta property=\"og:image:width\" content=\"1280\" \/>\n\t<meta property=\"og:image:height\" content=\"960\" \/>\n\t<meta property=\"og:image:type\" content=\"image\/jpeg\" \/>\n<meta name=\"author\" content=\"Cecilia Vega\" \/>\n<meta name=\"twitter:label1\" content=\"Escrito por\" \/>\n\t<meta name=\"twitter:data1\" content=\"Cecilia Vega\" \/>\n\t<meta name=\"twitter:label2\" content=\"Tiempo de lectura\" \/>\n\t<meta name=\"twitter:data2\" content=\"2 minutos\" \/>\n<script type=\"application\/ld+json\" class=\"yoast-schema-graph\">{\"@context\":\"https:\\\/\\\/schema.org\",\"@graph\":[{\"@type\":\"Article\",\"@id\":\"https:\\\/\\\/expressometro.mx\\\/index.php\\\/2021\\\/12\\\/22\\\/convoca-maribel-alcantara-a-la-unidad-para-el-desarrollo-de-acambay\\\/#article\",\"isPartOf\":{\"@id\":\"https:\\\/\\\/expressometro.mx\\\/index.php\\\/2021\\\/12\\\/22\\\/convoca-maribel-alcantara-a-la-unidad-para-el-desarrollo-de-acambay\\\/\"},\"author\":{\"name\":\"Cecilia Vega\",\"@id\":\"https:\\\/\\\/expressometro.mx\\\/#\\\/schema\\\/person\\\/67a95b8e3862085c7598f66237488f1f\"},\"headline\":\"CONVOCA MARIBEL ALC\u00c1NTARA A LA UNIDAD PARA EL DESARROLLO DE ACAMBAY\",\"datePublished\":\"2021-12-22T19:26:35+00:00\",\"dateModified\":\"2021-12-22T19:26:36+00:00\",\"mainEntityOfPage\":{\"@id\":\"https:\\\/\\\/expressometro.mx\\\/index.php\\\/2021\\\/12\\\/22\\\/convoca-maribel-alcantara-a-la-unidad-para-el-desarrollo-de-acambay\\\/\"},\"wordCount\":282,\"commentCount\":0,\"publisher\":{\"@id\":\"https:\\\/\\\/expressometro.mx\\\/#organization\"},\"image\":{\"@id\":\"https:\\\/\\\/expressometro.mx\\\/index.php\\\/2021\\\/12\\\/22\\\/convoca-maribel-alcantara-a-la-unidad-para-el-desarrollo-de-acambay\\\/#primaryimage\"},\"thumbnailUrl\":\"https:\\\/\\\/expressometro.mx\\\/wp-content\\\/uploads\\\/2021\\\/12\\\/87C58F83-FA3B-47ED-879D-EBC5B5232AAC.jpeg\",\"keywords\":[\"Acambay\",\"Maribel Alc\u00e1ntara\"],\"articleSection\":[\"Gobierno\"],\"inLanguage\":\"es\",\"potentialAction\":[{\"@type\":\"CommentAction\",\"name\":\"Comment\",\"target\":[\"https:\\\/\\\/expressometro.mx\\\/index.php\\\/2021\\\/12\\\/22\\\/convoca-maribel-alcantara-a-la-unidad-para-el-desarrollo-de-acambay\\\/#respond\"]}]},{\"@type\":\"WebPage\",\"@id\":\"https:\\\/\\\/expressometro.mx\\\/index.php\\\/2021\\\/12\\\/22\\\/convoca-maribel-alcantara-a-la-unidad-para-el-desarrollo-de-acambay\\\/\",\"url\":\"https:\\\/\\\/expressometro.mx\\\/index.php\\\/2021\\\/12\\\/22\\\/convoca-maribel-alcantara-a-la-unidad-para-el-desarrollo-de-acambay\\\/\",\"name\":\"CONVOCA MARIBEL ALC\u00c1NTARA A LA UNIDAD PARA EL DESARROLLO DE ACAMBAY - Expresso Metropolitano\",\"isPartOf\":{\"@id\":\"https:\\\/\\\/expressometro.mx\\\/#website\"},\"primaryImageOfPage\":{\"@id\":\"https:\\\/\\\/expressometro.mx\\\/index.php\\\/2021\\\/12\\\/22\\\/convoca-maribel-alcantara-a-la-unidad-para-el-desarrollo-de-acambay\\\/#primaryimage\"},\"image\":{\"@id\":\"https:\\\/\\\/expressometro.mx\\\/index.php\\\/2021\\\/12\\\/22\\\/convoca-maribel-alcantara-a-la-unidad-para-el-desarrollo-de-acambay\\\/#primaryimage\"},\"thumbnailUrl\":\"https:\\\/\\\/expressometro.mx\\\/wp-content\\\/uploads\\\/2021\\\/12\\\/87C58F83-FA3B-47ED-879D-EBC5B5232AAC.jpeg\",\"datePublished\":\"2021-12-22T19:26:35+00:00\",\"dateModified\":\"2021-12-22T19:26:36+00:00\",\"breadcrumb\":{\"@id\":\"https:\\\/\\\/expressometro.mx\\\/index.php\\\/2021\\\/12\\\/22\\\/convoca-maribel-alcantara-a-la-unidad-para-el-desarrollo-de-acambay\\\/#breadcrumb\"},\"inLanguage\":\"es\",\"potentialAction\":[{\"@type\":\"ReadAction\",\"target\":[\"https:\\\/\\\/expressometro.mx\\\/index.php\\\/2021\\\/12\\\/22\\\/convoca-maribel-alcantara-a-la-unidad-para-el-desarrollo-de-acambay\\\/\"]}]},{\"@type\":\"ImageObject\",\"inLanguage\":\"es\",\"@id\":\"https:\\\/\\\/expressometro.mx\\\/index.php\\\/2021\\\/12\\\/22\\\/convoca-maribel-alcantara-a-la-unidad-para-el-desarrollo-de-acambay\\\/#primaryimage\",\"url\":\"https:\\\/\\\/expressometro.mx\\\/wp-content\\\/uploads\\\/2021\\\/12\\\/87C58F83-FA3B-47ED-879D-EBC5B5232AAC.jpeg\",\"contentUrl\":\"https:\\\/\\\/expressometro.mx\\\/wp-content\\\/uploads\\\/2021\\\/12\\\/87C58F83-FA3B-47ED-879D-EBC5B5232AAC.jpeg\",\"width\":1280,\"height\":960},{\"@type\":\"BreadcrumbList\",\"@id\":\"https:\\\/\\\/expressometro.mx\\\/index.php\\\/2021\\\/12\\\/22\\\/convoca-maribel-alcantara-a-la-unidad-para-el-desarrollo-de-acambay\\\/#breadcrumb\",\"itemListElement\":[{\"@type\":\"ListItem\",\"position\":1,\"name\":\"Inicio\",\"item\":\"https:\\\/\\\/expressometro.mx\\\/\"},{\"@type\":\"ListItem\",\"position\":2,\"name\":\"CONVOCA MARIBEL ALC\u00c1NTARA A LA UNIDAD PARA EL DESARROLLO DE ACAMBAY\"}]},{\"@type\":\"WebSite\",\"@id\":\"https:\\\/\\\/expressometro.mx\\\/#website\",\"url\":\"https:\\\/\\\/expressometro.mx\\\/\",\"name\":\"Expresso Metropolitano\",\"description\":\"Periodismo comprometido, informaci\u00f3n, investigaci\u00f3n y an\u00e1lisis\",\"publisher\":{\"@id\":\"https:\\\/\\\/expressometro.mx\\\/#organization\"},\"potentialAction\":[{\"@type\":\"SearchAction\",\"target\":{\"@type\":\"EntryPoint\",\"urlTemplate\":\"https:\\\/\\\/expressometro.mx\\\/?s={search_term_string}\"},\"query-input\":{\"@type\":\"PropertyValueSpecification\",\"valueRequired\":true,\"valueName\":\"search_term_string\"}}],\"inLanguage\":\"es\"},{\"@type\":\"Organization\",\"@id\":\"https:\\\/\\\/expressometro.mx\\\/#organization\",\"name\":\"Expresso Metropolitano\",\"url\":\"https:\\\/\\\/expressometro.mx\\\/\",\"logo\":{\"@type\":\"ImageObject\",\"inLanguage\":\"es\",\"@id\":\"https:\\\/\\\/expressometro.mx\\\/#\\\/schema\\\/logo\\\/image\\\/\",\"url\":\"https:\\\/\\\/expressometro.mx\\\/wp-content\\\/uploads\\\/2019\\\/07\\\/cropped-Logo-Expresso-Metropolitano-1-1.jpeg\",\"contentUrl\":\"https:\\\/\\\/expressometro.mx\\\/wp-content\\\/uploads\\\/2019\\\/07\\\/cropped-Logo-Expresso-Metropolitano-1-1.jpeg\",\"width\":290,\"height\":73,\"caption\":\"Expresso Metropolitano\"},\"image\":{\"@id\":\"https:\\\/\\\/expressometro.mx\\\/#\\\/schema\\\/logo\\\/image\\\/\"}},{\"@type\":\"Person\",\"@id\":\"https:\\\/\\\/expressometro.mx\\\/#\\\/schema\\\/person\\\/67a95b8e3862085c7598f66237488f1f\",\"name\":\"Cecilia Vega\",\"image\":{\"@type\":\"ImageObject\",\"inLanguage\":\"es\",\"@id\":\"https:\\\/\\\/secure.gravatar.com\\\/avatar\\\/13aae9944ab2ee472a9e407c9487fdbd03b049abaa559af32fe5dbcf615c981b?s=96&d=mm&r=g\",\"url\":\"https:\\\/\\\/secure.gravatar.com\\\/avatar\\\/13aae9944ab2ee472a9e407c9487fdbd03b049abaa559af32fe5dbcf615c981b?s=96&d=mm&r=g\",\"contentUrl\":\"https:\\\/\\\/secure.gravatar.com\\\/avatar\\\/13aae9944ab2ee472a9e407c9487fdbd03b049abaa559af32fe5dbcf615c981b?s=96&d=mm&r=g\",\"caption\":\"Cecilia Vega\"},\"url\":\"https:\\\/\\\/expressometro.mx\\\/index.php\\\/author\\\/cecilia-vega\\\/\"}]}<\/script>\n<!-- \/ Yoast SEO plugin. -->","yoast_head_json":{"title":"CONVOCA MARIBEL ALC\u00c1NTARA A LA UNIDAD PARA EL DESARROLLO DE ACAMBAY - Expresso Metropolitano","robots":{"index":"index","follow":"follow","max-snippet":"max-snippet:-1","max-image-preview":"max-image-preview:large","max-video-preview":"max-video-preview:-1"},"canonical":"https:\/\/expressometro.mx\/index.php\/2021\/12\/22\/convoca-maribel-alcantara-a-la-unidad-para-el-desarrollo-de-acambay\/","og_locale":"es_MX","og_type":"article","og_title":"CONVOCA MARIBEL ALC\u00c1NTARA A LA UNIDAD PARA EL DESARROLLO DE ACAMBAY - Expresso Metropolitano","og_description":"Deline\u00f3 finalmente su forma de gobierno en cuatro pilares fundamentales para las necesidades sociales econ\u00f3micas territoriales y de seguridad.","og_url":"https:\/\/expressometro.mx\/index.php\/2021\/12\/22\/convoca-maribel-alcantara-a-la-unidad-para-el-desarrollo-de-acambay\/","og_site_name":"Expresso Metropolitano","article_published_time":"2021-12-22T19:26:35+00:00","article_modified_time":"2021-12-22T19:26:36+00:00","og_image":[{"width":1280,"height":960,"url":"http:\/\/expressometro.mx\/wp-content\/uploads\/2021\/12\/87C58F83-FA3B-47ED-879D-EBC5B5232AAC.jpeg","type":"image\/jpeg"}],"author":"Cecilia Vega","twitter_misc":{"Escrito por":"Cecilia Vega","Tiempo de lectura":"2 minutos"},"schema":{"@context":"https:\/\/schema.org","@graph":[{"@type":"Article","@id":"https:\/\/expressometro.mx\/index.php\/2021\/12\/22\/convoca-maribel-alcantara-a-la-unidad-para-el-desarrollo-de-acambay\/#article","isPartOf":{"@id":"https:\/\/expressometro.mx\/index.php\/2021\/12\/22\/convoca-maribel-alcantara-a-la-unidad-para-el-desarrollo-de-acambay\/"},"author":{"name":"Cecilia Vega","@id":"https:\/\/expressometro.mx\/#\/schema\/person\/67a95b8e3862085c7598f66237488f1f"},"headline":"CONVOCA MARIBEL ALC\u00c1NTARA A LA UNIDAD PARA EL DESARROLLO DE ACAMBAY","datePublished":"2021-12-22T19:26:35+00:00","dateModified":"2021-12-22T19:26:36+00:00","mainEntityOfPage":{"@id":"https:\/\/expressometro.mx\/index.php\/2021\/12\/22\/convoca-maribel-alcantara-a-la-unidad-para-el-desarrollo-de-acambay\/"},"wordCount":282,"commentCount":0,"publisher":{"@id":"https:\/\/expressometro.mx\/#organization"},"image":{"@id":"https:\/\/expressometro.mx\/index.php\/2021\/12\/22\/convoca-maribel-alcantara-a-la-unidad-para-el-desarrollo-de-acambay\/#primaryimage"},"thumbnailUrl":"https:\/\/expressometro.mx\/wp-content\/uploads\/2021\/12\/87C58F83-FA3B-47ED-879D-EBC5B5232AAC.jpeg","keywords":["Acambay","Maribel Alc\u00e1ntara"],"articleSection":["Gobierno"],"inLanguage":"es","potentialAction":[{"@type":"CommentAction","name":"Comment","target":["https:\/\/expressometro.mx\/index.php\/2021\/12\/22\/convoca-maribel-alcantara-a-la-unidad-para-el-desarrollo-de-acambay\/#respond"]}]},{"@type":"WebPage","@id":"https:\/\/expressometro.mx\/index.php\/2021\/12\/22\/convoca-maribel-alcantara-a-la-unidad-para-el-desarrollo-de-acambay\/","url":"https:\/\/expressometro.mx\/index.php\/2021\/12\/22\/convoca-maribel-alcantara-a-la-unidad-para-el-desarrollo-de-acambay\/","name":"CONVOCA MARIBEL ALC\u00c1NTARA A LA UNIDAD PARA EL DESARROLLO DE ACAMBAY - Expresso Metropolitano","isPartOf":{"@id":"https:\/\/expressometro.mx\/#website"},"primaryImageOfPage":{"@id":"https:\/\/expressometro.mx\/index.php\/2021\/12\/22\/convoca-maribel-alcantara-a-la-unidad-para-el-desarrollo-de-acambay\/#primaryimage"},"image":{"@id":"https:\/\/expressometro.mx\/index.php\/2021\/12\/22\/convoca-maribel-alcantara-a-la-unidad-para-el-desarrollo-de-acambay\/#primaryimage"},"thumbnailUrl":"https:\/\/expressometro.mx\/wp-content\/uploads\/2021\/12\/87C58F83-FA3B-47ED-879D-EBC5B5232AAC.jpeg","datePublished":"2021-12-22T19:26:35+00:00","dateModified":"2021-12-22T19:26:36+00:00","breadcrumb":{"@id":"https:\/\/expressometro.mx\/index.php\/2021\/12\/22\/convoca-maribel-alcantara-a-la-unidad-para-el-desarrollo-de-acambay\/#breadcrumb"},"inLanguage":"es","potentialAction":[{"@type":"ReadAction","target":["https:\/\/expressometro.mx\/index.php\/2021\/12\/22\/convoca-maribel-alcantara-a-la-unidad-para-el-desarrollo-de-acambay\/"]}]},{"@type":"ImageObject","inLanguage":"es","@id":"https:\/\/expressometro.mx\/index.php\/2021\/12\/22\/convoca-maribel-alcantara-a-la-unidad-para-el-desarrollo-de-acambay\/#primaryimage","url":"https:\/\/expressometro.mx\/wp-content\/uploads\/2021\/12\/87C58F83-FA3B-47ED-879D-EBC5B5232AAC.jpeg","contentUrl":"https:\/\/expressometro.mx\/wp-content\/uploads\/2021\/12\/87C58F83-FA3B-47ED-879D-EBC5B5232AAC.jpeg","width":1280,"height":960},{"@type":"BreadcrumbList","@id":"https:\/\/expressometro.mx\/index.php\/2021\/12\/22\/convoca-maribel-alcantara-a-la-unidad-para-el-desarrollo-de-acambay\/#breadcrumb","itemListElement":[{"@type":"ListItem","position":1,"name":"Inicio","item":"https:\/\/expressometro.mx\/"},{"@type":"ListItem","position":2,"name":"CONVOCA MARIBEL ALC\u00c1NTARA A LA UNIDAD PARA EL DESARROLLO DE ACAMBAY"}]},{"@type":"WebSite","@id":"https:\/\/expressometro.mx\/#website","url":"https:\/\/expressometro.mx\/","name":"Expresso Metropolitano","description":"Periodismo comprometido, informaci\u00f3n, investigaci\u00f3n y an\u00e1lisis","publisher":{"@id":"https:\/\/expressometro.mx\/#organization"},"potentialAction":[{"@type":"SearchAction","target":{"@type":"EntryPoint","urlTemplate":"https:\/\/expressometro.mx\/?s={search_term_string}"},"query-input":{"@type":"PropertyValueSpecification","valueRequired":true,"valueName":"search_term_string"}}],"inLanguage":"es"},{"@type":"Organization","@id":"https:\/\/expressometro.mx\/#organization","name":"Expresso Metropolitano","url":"https:\/\/expressometro.mx\/","logo":{"@type":"ImageObject","inLanguage":"es","@id":"https:\/\/expressometro.mx\/#\/schema\/logo\/image\/","url":"https:\/\/expressometro.mx\/wp-content\/uploads\/2019\/07\/cropped-Logo-Expresso-Metropolitano-1-1.jpeg","contentUrl":"https:\/\/expressometro.mx\/wp-content\/uploads\/2019\/07\/cropped-Logo-Expresso-Metropolitano-1-1.jpeg","width":290,"height":73,"caption":"Expresso Metropolitano"},"image":{"@id":"https:\/\/expressometro.mx\/#\/schema\/logo\/image\/"}},{"@type":"Person","@id":"https:\/\/expressometro.mx\/#\/schema\/person\/67a95b8e3862085c7598f66237488f1f","name":"Cecilia Vega","image":{"@type":"ImageObject","inLanguage":"es","@id":"https:\/\/secure.gravatar.com\/avatar\/13aae9944ab2ee472a9e407c9487fdbd03b049abaa559af32fe5dbcf615c981b?s=96&d=mm&r=g","url":"https:\/\/secure.gravatar.com\/avatar\/13aae9944ab2ee472a9e407c9487fdbd03b049abaa559af32fe5dbcf615c981b?s=96&d=mm&r=g","contentUrl":"https:\/\/secure.gravatar.com\/avatar\/13aae9944ab2ee472a9e407c9487fdbd03b049abaa559af32fe5dbcf615c981b?s=96&d=mm&r=g","caption":"Cecilia Vega"},"url":"https:\/\/expressometro.mx\/index.php\/author\/cecilia-vega\/"}]}},"amp_enabled":true,"_links":{"self":[{"href":"https:\/\/expressometro.mx\/index.php\/wp-json\/wp\/v2\/posts\/4722","targetHints":{"allow":["GET"]}}],"collection":[{"href":"https:\/\/expressometro.mx\/index.php\/wp-json\/wp\/v2\/posts"}],"about":[{"href":"https:\/\/expressometro.mx\/index.php\/wp-json\/wp\/v2\/types\/post"}],"author":[{"embeddable":true,"href":"https:\/\/expressometro.mx\/index.php\/wp-json\/wp\/v2\/users\/2"}],"replies":[{"embeddable":true,"href":"https:\/\/expressometro.mx\/index.php\/wp-json\/wp\/v2\/comments?post=4722"}],"version-history":[{"count":1,"href":"https:\/\/expressometro.mx\/index.php\/wp-json\/wp\/v2\/posts\/4722\/revisions"}],"predecessor-version":[{"id":4725,"href":"https:\/\/expressometro.mx\/index.php\/wp-json\/wp\/v2\/posts\/4722\/revisions\/4725"}],"wp:featuredmedia":[{"embeddable":true,"href":"https:\/\/expressometro.mx\/index.php\/wp-json\/wp\/v2\/media\/4724"}],"wp:attachment":[{"href":"https:\/\/expressometro.mx\/index.php\/wp-json\/wp\/v2\/media?parent=4722"}],"wp:term":[{"taxonomy":"category","embeddable":true,"href":"https:\/\/expressometro.mx\/index.php\/wp-json\/wp\/v2\/categories?post=4722"},{"taxonomy":"post_tag","embeddable":true,"href":"https:\/\/expressometro.mx\/index.php\/wp-json\/wp\/v2\/tags?post=4722"}],"curies":[{"name":"wp","href":"https:\/\/api.w.org\/{rel}","templated":true}]}}