{"id":4699,"date":"2021-12-15T13:50:00","date_gmt":"2021-12-15T19:50:00","guid":{"rendered":"https:\/\/expressometro.mx\/?p=4699"},"modified":"2021-12-17T13:52:21","modified_gmt":"2021-12-17T19:52:21","slug":"diputadas-y-diputados-del-pri-sensibles-al-dialogo-para-la-recuperacion-economica-del-estado-de-mexico","status":"publish","type":"post","link":"https:\/\/expressometro.mx\/index.php\/2021\/12\/15\/diputadas-y-diputados-del-pri-sensibles-al-dialogo-para-la-recuperacion-economica-del-estado-de-mexico\/","title":{"rendered":"Diputadas y diputados del PRI sensibles al di\u00e1logo para la recuperaci\u00f3n econ\u00f3mica del Estado de M\u00e9xico"},"content":{"rendered":"\n<p>\u00b0 Proponen eliminar nuevos impuestos cedulares en Paquete Fiscal para que la entidad siga siendo la principal facilitadora de nuevas inversiones y fuentes de empleo.<\/p>\n\n\n\n<p>\u00b0 Adem\u00e1s, precisaron la importancia de aprobar el financiamiento para la generaci\u00f3n de empleos y mejora de servicios a trav\u00e9s del desarrollo de infraestructura municipal.<\/p>\n\n\n\n<p>Toluca, Estado de M\u00e9xico, 15 de diciembre 2021.- El Grupo Parlamentario del PRI en la LXI Legislatura local, encabezado por El\u00edas Rescala, plante\u00f3 la integraci\u00f3n de una nueva propuesta dentro del Paquete Fiscal 2022 que elimine la creaci\u00f3n de impuestos cedulares por servicios profesionales y empresariales, para fortalecer la reactivaci\u00f3n econ\u00f3mica del Estado de M\u00e9xico.<\/p>\n\n\n\n<p>El GPPRI realiz\u00f3 un an\u00e1lisis responsable del presupuesto presentado a la LXI Legislatura y, luego de sostener diversas reuniones con representantes ciudadanos, organizaciones de trabajadores y sectores empresariales, en coordinaci\u00f3n con la Secretar\u00eda de Finanzas del Gobierno del Estado de M\u00e9xico, decidi\u00f3 reconsiderar la propuesta de estos nuevos grav\u00e1menes.<\/p>\n\n\n\n<p>Lo anterior, a fin de redactar una propuesta alternativa al presupuesto que permita retirar los impuestos cedulares, sin afectar el dise\u00f1o responsable y el enfoque social del Paquete Fiscal 2022, presentada por el Ejecutivo estatal.<\/p>\n\n\n\n<p>Sobre el tema del financiamiento, precisaron que la deuda proyectada debe medirse en sus efectos positivos, como un detonador de fuentes de empleo y de mejores servicios, ya que ese presupuesto servir\u00e1 para el desarrollo de obra en los municipios.<\/p>\n\n\n\n<p>Desde la Legislatura, nos sumamos al esfuerzo del gobernador Alfredo Del Mazo para ser los principales facilitadores de la llegada de nuevas inversiones, fuentes de empleo y aliados permanentes de los empresarios y trabajadores mexiquenses.<\/p>\n\n\n\n<figure class=\"wp-block-image size-large\"><img loading=\"lazy\" decoding=\"async\" width=\"720\" height=\"480\" src=\"https:\/\/expressometro.mx\/wp-content\/uploads\/2021\/12\/WhatsApp-Image-2021-12-16-at-6.18.58-PM-720x480.jpeg\" alt=\"\" class=\"wp-image-4701\" srcset=\"https:\/\/expressometro.mx\/wp-content\/uploads\/2021\/12\/WhatsApp-Image-2021-12-16-at-6.18.58-PM-720x480.jpeg 720w, https:\/\/expressometro.mx\/wp-content\/uploads\/2021\/12\/WhatsApp-Image-2021-12-16-at-6.18.58-PM-548x365.jpeg 548w, https:\/\/expressometro.mx\/wp-content\/uploads\/2021\/12\/WhatsApp-Image-2021-12-16-at-6.18.58-PM-768x512.jpeg 768w, https:\/\/expressometro.mx\/wp-content\/uploads\/2021\/12\/WhatsApp-Image-2021-12-16-at-6.18.58-PM.jpeg 1280w\" sizes=\"auto, (max-width: 720px) 100vw, 720px\" \/><\/figure>\n","protected":false},"excerpt":{"rendered":"<p>Proponen eliminar nuevos impuestos cedulares en Paquete Fiscal para que la entidad siga siendo la principal facilitadora de nuevas inversiones y fuentes de empleo.<\/p>\n","protected":false},"author":2,"featured_media":4702,"comment_status":"open","ping_status":"open","sticky":false,"template":"","format":"standard","meta":{"footnotes":""},"categories":[4,3],"tags":[831,782,158],"class_list":["post-4699","post","type-post","status-publish","format-standard","has-post-thumbnail","hentry","category-finanzas","category-gobierno","tag-elias-rescala","tag-lxi-legislatura","tag-pri"],"yoast_head":"<!-- This site is optimized with the Yoast SEO plugin v27.5 - https:\/\/yoast.com\/product\/yoast-seo-wordpress\/ -->\n<title>Diputadas y diputados del PRI sensibles al di\u00e1logo para la recuperaci\u00f3n econ\u00f3mica del Estado de M\u00e9xico - Expresso Metropolitano<\/title>\n<meta name=\"robots\" content=\"index, follow, max-snippet:-1, max-image-preview:large, max-video-preview:-1\" \/>\n<link rel=\"canonical\" href=\"https:\/\/expressometro.mx\/index.php\/2021\/12\/15\/diputadas-y-diputados-del-pri-sensibles-al-dialogo-para-la-recuperacion-economica-del-estado-de-mexico\/\" \/>\n<meta property=\"og:locale\" content=\"es_MX\" \/>\n<meta property=\"og:type\" content=\"article\" \/>\n<meta property=\"og:title\" content=\"Diputadas y diputados del PRI sensibles al di\u00e1logo para la recuperaci\u00f3n econ\u00f3mica del Estado de M\u00e9xico - Expresso Metropolitano\" \/>\n<meta property=\"og:description\" content=\"Proponen eliminar nuevos impuestos cedulares en Paquete Fiscal para que la entidad siga siendo la principal facilitadora de nuevas inversiones y fuentes de empleo.\" \/>\n<meta property=\"og:url\" content=\"https:\/\/expressometro.mx\/index.php\/2021\/12\/15\/diputadas-y-diputados-del-pri-sensibles-al-dialogo-para-la-recuperacion-economica-del-estado-de-mexico\/\" \/>\n<meta property=\"og:site_name\" content=\"Expresso Metropolitano\" \/>\n<meta property=\"article:published_time\" content=\"2021-12-15T19:50:00+00:00\" \/>\n<meta property=\"article:modified_time\" content=\"2021-12-17T19:52:21+00:00\" \/>\n<meta property=\"og:image\" content=\"http:\/\/expressometro.mx\/wp-content\/uploads\/2021\/12\/WhatsApp-Image-2021-12-16-at-6.18.57-PM-1.jpeg\" \/>\n\t<meta property=\"og:image:width\" content=\"1280\" \/>\n\t<meta property=\"og:image:height\" content=\"853\" \/>\n\t<meta property=\"og:image:type\" content=\"image\/jpeg\" \/>\n<meta name=\"author\" content=\"Cecilia Vega\" \/>\n<meta name=\"twitter:label1\" content=\"Escrito por\" \/>\n\t<meta name=\"twitter:data1\" content=\"Cecilia Vega\" \/>\n\t<meta name=\"twitter:label2\" content=\"Tiempo de lectura\" \/>\n\t<meta name=\"twitter:data2\" content=\"2 minutos\" \/>\n<script type=\"application\/ld+json\" class=\"yoast-schema-graph\">{\"@context\":\"https:\\\/\\\/schema.org\",\"@graph\":[{\"@type\":\"Article\",\"@id\":\"https:\\\/\\\/expressometro.mx\\\/index.php\\\/2021\\\/12\\\/15\\\/diputadas-y-diputados-del-pri-sensibles-al-dialogo-para-la-recuperacion-economica-del-estado-de-mexico\\\/#article\",\"isPartOf\":{\"@id\":\"https:\\\/\\\/expressometro.mx\\\/index.php\\\/2021\\\/12\\\/15\\\/diputadas-y-diputados-del-pri-sensibles-al-dialogo-para-la-recuperacion-economica-del-estado-de-mexico\\\/\"},\"author\":{\"name\":\"Cecilia Vega\",\"@id\":\"https:\\\/\\\/expressometro.mx\\\/#\\\/schema\\\/person\\\/67a95b8e3862085c7598f66237488f1f\"},\"headline\":\"Diputadas y diputados del PRI sensibles al di\u00e1logo para la recuperaci\u00f3n econ\u00f3mica del Estado de M\u00e9xico\",\"datePublished\":\"2021-12-15T19:50:00+00:00\",\"dateModified\":\"2021-12-17T19:52:21+00:00\",\"mainEntityOfPage\":{\"@id\":\"https:\\\/\\\/expressometro.mx\\\/index.php\\\/2021\\\/12\\\/15\\\/diputadas-y-diputados-del-pri-sensibles-al-dialogo-para-la-recuperacion-economica-del-estado-de-mexico\\\/\"},\"wordCount\":295,\"commentCount\":0,\"publisher\":{\"@id\":\"https:\\\/\\\/expressometro.mx\\\/#organization\"},\"image\":{\"@id\":\"https:\\\/\\\/expressometro.mx\\\/index.php\\\/2021\\\/12\\\/15\\\/diputadas-y-diputados-del-pri-sensibles-al-dialogo-para-la-recuperacion-economica-del-estado-de-mexico\\\/#primaryimage\"},\"thumbnailUrl\":\"https:\\\/\\\/expressometro.mx\\\/wp-content\\\/uploads\\\/2021\\\/12\\\/WhatsApp-Image-2021-12-16-at-6.18.57-PM-1.jpeg\",\"keywords\":[\"El\u00edas Rescala\",\"LXI Legislatura\",\"PRI\"],\"articleSection\":[\"Finanzas\",\"Gobierno\"],\"inLanguage\":\"es\",\"potentialAction\":[{\"@type\":\"CommentAction\",\"name\":\"Comment\",\"target\":[\"https:\\\/\\\/expressometro.mx\\\/index.php\\\/2021\\\/12\\\/15\\\/diputadas-y-diputados-del-pri-sensibles-al-dialogo-para-la-recuperacion-economica-del-estado-de-mexico\\\/#respond\"]}]},{\"@type\":\"WebPage\",\"@id\":\"https:\\\/\\\/expressometro.mx\\\/index.php\\\/2021\\\/12\\\/15\\\/diputadas-y-diputados-del-pri-sensibles-al-dialogo-para-la-recuperacion-economica-del-estado-de-mexico\\\/\",\"url\":\"https:\\\/\\\/expressometro.mx\\\/index.php\\\/2021\\\/12\\\/15\\\/diputadas-y-diputados-del-pri-sensibles-al-dialogo-para-la-recuperacion-economica-del-estado-de-mexico\\\/\",\"name\":\"Diputadas y diputados del PRI sensibles al di\u00e1logo para la recuperaci\u00f3n econ\u00f3mica del Estado de M\u00e9xico - Expresso Metropolitano\",\"isPartOf\":{\"@id\":\"https:\\\/\\\/expressometro.mx\\\/#website\"},\"primaryImageOfPage\":{\"@id\":\"https:\\\/\\\/expressometro.mx\\\/index.php\\\/2021\\\/12\\\/15\\\/diputadas-y-diputados-del-pri-sensibles-al-dialogo-para-la-recuperacion-economica-del-estado-de-mexico\\\/#primaryimage\"},\"image\":{\"@id\":\"https:\\\/\\\/expressometro.mx\\\/index.php\\\/2021\\\/12\\\/15\\\/diputadas-y-diputados-del-pri-sensibles-al-dialogo-para-la-recuperacion-economica-del-estado-de-mexico\\\/#primaryimage\"},\"thumbnailUrl\":\"https:\\\/\\\/expressometro.mx\\\/wp-content\\\/uploads\\\/2021\\\/12\\\/WhatsApp-Image-2021-12-16-at-6.18.57-PM-1.jpeg\",\"datePublished\":\"2021-12-15T19:50:00+00:00\",\"dateModified\":\"2021-12-17T19:52:21+00:00\",\"breadcrumb\":{\"@id\":\"https:\\\/\\\/expressometro.mx\\\/index.php\\\/2021\\\/12\\\/15\\\/diputadas-y-diputados-del-pri-sensibles-al-dialogo-para-la-recuperacion-economica-del-estado-de-mexico\\\/#breadcrumb\"},\"inLanguage\":\"es\",\"potentialAction\":[{\"@type\":\"ReadAction\",\"target\":[\"https:\\\/\\\/expressometro.mx\\\/index.php\\\/2021\\\/12\\\/15\\\/diputadas-y-diputados-del-pri-sensibles-al-dialogo-para-la-recuperacion-economica-del-estado-de-mexico\\\/\"]}]},{\"@type\":\"ImageObject\",\"inLanguage\":\"es\",\"@id\":\"https:\\\/\\\/expressometro.mx\\\/index.php\\\/2021\\\/12\\\/15\\\/diputadas-y-diputados-del-pri-sensibles-al-dialogo-para-la-recuperacion-economica-del-estado-de-mexico\\\/#primaryimage\",\"url\":\"https:\\\/\\\/expressometro.mx\\\/wp-content\\\/uploads\\\/2021\\\/12\\\/WhatsApp-Image-2021-12-16-at-6.18.57-PM-1.jpeg\",\"contentUrl\":\"https:\\\/\\\/expressometro.mx\\\/wp-content\\\/uploads\\\/2021\\\/12\\\/WhatsApp-Image-2021-12-16-at-6.18.57-PM-1.jpeg\",\"width\":1280,\"height\":853},{\"@type\":\"BreadcrumbList\",\"@id\":\"https:\\\/\\\/expressometro.mx\\\/index.php\\\/2021\\\/12\\\/15\\\/diputadas-y-diputados-del-pri-sensibles-al-dialogo-para-la-recuperacion-economica-del-estado-de-mexico\\\/#breadcrumb\",\"itemListElement\":[{\"@type\":\"ListItem\",\"position\":1,\"name\":\"Inicio\",\"item\":\"https:\\\/\\\/expressometro.mx\\\/\"},{\"@type\":\"ListItem\",\"position\":2,\"name\":\"Diputadas y diputados del PRI sensibles al di\u00e1logo para la recuperaci\u00f3n econ\u00f3mica del Estado de M\u00e9xico\"}]},{\"@type\":\"WebSite\",\"@id\":\"https:\\\/\\\/expressometro.mx\\\/#website\",\"url\":\"https:\\\/\\\/expressometro.mx\\\/\",\"name\":\"Expresso Metropolitano\",\"description\":\"Periodismo comprometido, informaci\u00f3n, investigaci\u00f3n y an\u00e1lisis\",\"publisher\":{\"@id\":\"https:\\\/\\\/expressometro.mx\\\/#organization\"},\"potentialAction\":[{\"@type\":\"SearchAction\",\"target\":{\"@type\":\"EntryPoint\",\"urlTemplate\":\"https:\\\/\\\/expressometro.mx\\\/?s={search_term_string}\"},\"query-input\":{\"@type\":\"PropertyValueSpecification\",\"valueRequired\":true,\"valueName\":\"search_term_string\"}}],\"inLanguage\":\"es\"},{\"@type\":\"Organization\",\"@id\":\"https:\\\/\\\/expressometro.mx\\\/#organization\",\"name\":\"Expresso Metropolitano\",\"url\":\"https:\\\/\\\/expressometro.mx\\\/\",\"logo\":{\"@type\":\"ImageObject\",\"inLanguage\":\"es\",\"@id\":\"https:\\\/\\\/expressometro.mx\\\/#\\\/schema\\\/logo\\\/image\\\/\",\"url\":\"https:\\\/\\\/expressometro.mx\\\/wp-content\\\/uploads\\\/2019\\\/07\\\/cropped-Logo-Expresso-Metropolitano-1-1.jpeg\",\"contentUrl\":\"https:\\\/\\\/expressometro.mx\\\/wp-content\\\/uploads\\\/2019\\\/07\\\/cropped-Logo-Expresso-Metropolitano-1-1.jpeg\",\"width\":290,\"height\":73,\"caption\":\"Expresso Metropolitano\"},\"image\":{\"@id\":\"https:\\\/\\\/expressometro.mx\\\/#\\\/schema\\\/logo\\\/image\\\/\"}},{\"@type\":\"Person\",\"@id\":\"https:\\\/\\\/expressometro.mx\\\/#\\\/schema\\\/person\\\/67a95b8e3862085c7598f66237488f1f\",\"name\":\"Cecilia Vega\",\"image\":{\"@type\":\"ImageObject\",\"inLanguage\":\"es\",\"@id\":\"https:\\\/\\\/secure.gravatar.com\\\/avatar\\\/13aae9944ab2ee472a9e407c9487fdbd03b049abaa559af32fe5dbcf615c981b?s=96&d=mm&r=g\",\"url\":\"https:\\\/\\\/secure.gravatar.com\\\/avatar\\\/13aae9944ab2ee472a9e407c9487fdbd03b049abaa559af32fe5dbcf615c981b?s=96&d=mm&r=g\",\"contentUrl\":\"https:\\\/\\\/secure.gravatar.com\\\/avatar\\\/13aae9944ab2ee472a9e407c9487fdbd03b049abaa559af32fe5dbcf615c981b?s=96&d=mm&r=g\",\"caption\":\"Cecilia Vega\"},\"url\":\"https:\\\/\\\/expressometro.mx\\\/index.php\\\/author\\\/cecilia-vega\\\/\"}]}<\/script>\n<!-- \/ Yoast SEO plugin. -->","yoast_head_json":{"title":"Diputadas y diputados del PRI sensibles al di\u00e1logo para la recuperaci\u00f3n econ\u00f3mica del Estado de M\u00e9xico - Expresso Metropolitano","robots":{"index":"index","follow":"follow","max-snippet":"max-snippet:-1","max-image-preview":"max-image-preview:large","max-video-preview":"max-video-preview:-1"},"canonical":"https:\/\/expressometro.mx\/index.php\/2021\/12\/15\/diputadas-y-diputados-del-pri-sensibles-al-dialogo-para-la-recuperacion-economica-del-estado-de-mexico\/","og_locale":"es_MX","og_type":"article","og_title":"Diputadas y diputados del PRI sensibles al di\u00e1logo para la recuperaci\u00f3n econ\u00f3mica del Estado de M\u00e9xico - Expresso Metropolitano","og_description":"Proponen eliminar nuevos impuestos cedulares en Paquete Fiscal para que la entidad siga siendo la principal facilitadora de nuevas inversiones y fuentes de empleo.","og_url":"https:\/\/expressometro.mx\/index.php\/2021\/12\/15\/diputadas-y-diputados-del-pri-sensibles-al-dialogo-para-la-recuperacion-economica-del-estado-de-mexico\/","og_site_name":"Expresso Metropolitano","article_published_time":"2021-12-15T19:50:00+00:00","article_modified_time":"2021-12-17T19:52:21+00:00","og_image":[{"width":1280,"height":853,"url":"http:\/\/expressometro.mx\/wp-content\/uploads\/2021\/12\/WhatsApp-Image-2021-12-16-at-6.18.57-PM-1.jpeg","type":"image\/jpeg"}],"author":"Cecilia Vega","twitter_misc":{"Escrito por":"Cecilia Vega","Tiempo de lectura":"2 minutos"},"schema":{"@context":"https:\/\/schema.org","@graph":[{"@type":"Article","@id":"https:\/\/expressometro.mx\/index.php\/2021\/12\/15\/diputadas-y-diputados-del-pri-sensibles-al-dialogo-para-la-recuperacion-economica-del-estado-de-mexico\/#article","isPartOf":{"@id":"https:\/\/expressometro.mx\/index.php\/2021\/12\/15\/diputadas-y-diputados-del-pri-sensibles-al-dialogo-para-la-recuperacion-economica-del-estado-de-mexico\/"},"author":{"name":"Cecilia Vega","@id":"https:\/\/expressometro.mx\/#\/schema\/person\/67a95b8e3862085c7598f66237488f1f"},"headline":"Diputadas y diputados del PRI sensibles al di\u00e1logo para la recuperaci\u00f3n econ\u00f3mica del Estado de M\u00e9xico","datePublished":"2021-12-15T19:50:00+00:00","dateModified":"2021-12-17T19:52:21+00:00","mainEntityOfPage":{"@id":"https:\/\/expressometro.mx\/index.php\/2021\/12\/15\/diputadas-y-diputados-del-pri-sensibles-al-dialogo-para-la-recuperacion-economica-del-estado-de-mexico\/"},"wordCount":295,"commentCount":0,"publisher":{"@id":"https:\/\/expressometro.mx\/#organization"},"image":{"@id":"https:\/\/expressometro.mx\/index.php\/2021\/12\/15\/diputadas-y-diputados-del-pri-sensibles-al-dialogo-para-la-recuperacion-economica-del-estado-de-mexico\/#primaryimage"},"thumbnailUrl":"https:\/\/expressometro.mx\/wp-content\/uploads\/2021\/12\/WhatsApp-Image-2021-12-16-at-6.18.57-PM-1.jpeg","keywords":["El\u00edas Rescala","LXI Legislatura","PRI"],"articleSection":["Finanzas","Gobierno"],"inLanguage":"es","potentialAction":[{"@type":"CommentAction","name":"Comment","target":["https:\/\/expressometro.mx\/index.php\/2021\/12\/15\/diputadas-y-diputados-del-pri-sensibles-al-dialogo-para-la-recuperacion-economica-del-estado-de-mexico\/#respond"]}]},{"@type":"WebPage","@id":"https:\/\/expressometro.mx\/index.php\/2021\/12\/15\/diputadas-y-diputados-del-pri-sensibles-al-dialogo-para-la-recuperacion-economica-del-estado-de-mexico\/","url":"https:\/\/expressometro.mx\/index.php\/2021\/12\/15\/diputadas-y-diputados-del-pri-sensibles-al-dialogo-para-la-recuperacion-economica-del-estado-de-mexico\/","name":"Diputadas y diputados del PRI sensibles al di\u00e1logo para la recuperaci\u00f3n econ\u00f3mica del Estado de M\u00e9xico - Expresso Metropolitano","isPartOf":{"@id":"https:\/\/expressometro.mx\/#website"},"primaryImageOfPage":{"@id":"https:\/\/expressometro.mx\/index.php\/2021\/12\/15\/diputadas-y-diputados-del-pri-sensibles-al-dialogo-para-la-recuperacion-economica-del-estado-de-mexico\/#primaryimage"},"image":{"@id":"https:\/\/expressometro.mx\/index.php\/2021\/12\/15\/diputadas-y-diputados-del-pri-sensibles-al-dialogo-para-la-recuperacion-economica-del-estado-de-mexico\/#primaryimage"},"thumbnailUrl":"https:\/\/expressometro.mx\/wp-content\/uploads\/2021\/12\/WhatsApp-Image-2021-12-16-at-6.18.57-PM-1.jpeg","datePublished":"2021-12-15T19:50:00+00:00","dateModified":"2021-12-17T19:52:21+00:00","breadcrumb":{"@id":"https:\/\/expressometro.mx\/index.php\/2021\/12\/15\/diputadas-y-diputados-del-pri-sensibles-al-dialogo-para-la-recuperacion-economica-del-estado-de-mexico\/#breadcrumb"},"inLanguage":"es","potentialAction":[{"@type":"ReadAction","target":["https:\/\/expressometro.mx\/index.php\/2021\/12\/15\/diputadas-y-diputados-del-pri-sensibles-al-dialogo-para-la-recuperacion-economica-del-estado-de-mexico\/"]}]},{"@type":"ImageObject","inLanguage":"es","@id":"https:\/\/expressometro.mx\/index.php\/2021\/12\/15\/diputadas-y-diputados-del-pri-sensibles-al-dialogo-para-la-recuperacion-economica-del-estado-de-mexico\/#primaryimage","url":"https:\/\/expressometro.mx\/wp-content\/uploads\/2021\/12\/WhatsApp-Image-2021-12-16-at-6.18.57-PM-1.jpeg","contentUrl":"https:\/\/expressometro.mx\/wp-content\/uploads\/2021\/12\/WhatsApp-Image-2021-12-16-at-6.18.57-PM-1.jpeg","width":1280,"height":853},{"@type":"BreadcrumbList","@id":"https:\/\/expressometro.mx\/index.php\/2021\/12\/15\/diputadas-y-diputados-del-pri-sensibles-al-dialogo-para-la-recuperacion-economica-del-estado-de-mexico\/#breadcrumb","itemListElement":[{"@type":"ListItem","position":1,"name":"Inicio","item":"https:\/\/expressometro.mx\/"},{"@type":"ListItem","position":2,"name":"Diputadas y diputados del PRI sensibles al di\u00e1logo para la recuperaci\u00f3n econ\u00f3mica del Estado de M\u00e9xico"}]},{"@type":"WebSite","@id":"https:\/\/expressometro.mx\/#website","url":"https:\/\/expressometro.mx\/","name":"Expresso Metropolitano","description":"Periodismo comprometido, informaci\u00f3n, investigaci\u00f3n y an\u00e1lisis","publisher":{"@id":"https:\/\/expressometro.mx\/#organization"},"potentialAction":[{"@type":"SearchAction","target":{"@type":"EntryPoint","urlTemplate":"https:\/\/expressometro.mx\/?s={search_term_string}"},"query-input":{"@type":"PropertyValueSpecification","valueRequired":true,"valueName":"search_term_string"}}],"inLanguage":"es"},{"@type":"Organization","@id":"https:\/\/expressometro.mx\/#organization","name":"Expresso Metropolitano","url":"https:\/\/expressometro.mx\/","logo":{"@type":"ImageObject","inLanguage":"es","@id":"https:\/\/expressometro.mx\/#\/schema\/logo\/image\/","url":"https:\/\/expressometro.mx\/wp-content\/uploads\/2019\/07\/cropped-Logo-Expresso-Metropolitano-1-1.jpeg","contentUrl":"https:\/\/expressometro.mx\/wp-content\/uploads\/2019\/07\/cropped-Logo-Expresso-Metropolitano-1-1.jpeg","width":290,"height":73,"caption":"Expresso Metropolitano"},"image":{"@id":"https:\/\/expressometro.mx\/#\/schema\/logo\/image\/"}},{"@type":"Person","@id":"https:\/\/expressometro.mx\/#\/schema\/person\/67a95b8e3862085c7598f66237488f1f","name":"Cecilia Vega","image":{"@type":"ImageObject","inLanguage":"es","@id":"https:\/\/secure.gravatar.com\/avatar\/13aae9944ab2ee472a9e407c9487fdbd03b049abaa559af32fe5dbcf615c981b?s=96&d=mm&r=g","url":"https:\/\/secure.gravatar.com\/avatar\/13aae9944ab2ee472a9e407c9487fdbd03b049abaa559af32fe5dbcf615c981b?s=96&d=mm&r=g","contentUrl":"https:\/\/secure.gravatar.com\/avatar\/13aae9944ab2ee472a9e407c9487fdbd03b049abaa559af32fe5dbcf615c981b?s=96&d=mm&r=g","caption":"Cecilia Vega"},"url":"https:\/\/expressometro.mx\/index.php\/author\/cecilia-vega\/"}]}},"amp_enabled":true,"_links":{"self":[{"href":"https:\/\/expressometro.mx\/index.php\/wp-json\/wp\/v2\/posts\/4699","targetHints":{"allow":["GET"]}}],"collection":[{"href":"https:\/\/expressometro.mx\/index.php\/wp-json\/wp\/v2\/posts"}],"about":[{"href":"https:\/\/expressometro.mx\/index.php\/wp-json\/wp\/v2\/types\/post"}],"author":[{"embeddable":true,"href":"https:\/\/expressometro.mx\/index.php\/wp-json\/wp\/v2\/users\/2"}],"replies":[{"embeddable":true,"href":"https:\/\/expressometro.mx\/index.php\/wp-json\/wp\/v2\/comments?post=4699"}],"version-history":[{"count":1,"href":"https:\/\/expressometro.mx\/index.php\/wp-json\/wp\/v2\/posts\/4699\/revisions"}],"predecessor-version":[{"id":4703,"href":"https:\/\/expressometro.mx\/index.php\/wp-json\/wp\/v2\/posts\/4699\/revisions\/4703"}],"wp:featuredmedia":[{"embeddable":true,"href":"https:\/\/expressometro.mx\/index.php\/wp-json\/wp\/v2\/media\/4702"}],"wp:attachment":[{"href":"https:\/\/expressometro.mx\/index.php\/wp-json\/wp\/v2\/media?parent=4699"}],"wp:term":[{"taxonomy":"category","embeddable":true,"href":"https:\/\/expressometro.mx\/index.php\/wp-json\/wp\/v2\/categories?post=4699"},{"taxonomy":"post_tag","embeddable":true,"href":"https:\/\/expressometro.mx\/index.php\/wp-json\/wp\/v2\/tags?post=4699"}],"curies":[{"name":"wp","href":"https:\/\/api.w.org\/{rel}","templated":true}]}}