{"id":4663,"date":"2021-12-15T13:19:30","date_gmt":"2021-12-15T19:19:30","guid":{"rendered":"https:\/\/expressometro.mx\/?p=4663"},"modified":"2021-12-16T15:35:33","modified_gmt":"2021-12-16T21:35:33","slug":"promete-javier-jeronimo-trabajar-a-ras-de-tierra-por-san-felipe1","status":"publish","type":"post","link":"https:\/\/expressometro.mx\/index.php\/2021\/12\/15\/promete-javier-jeronimo-trabajar-a-ras-de-tierra-por-san-felipe1\/","title":{"rendered":"PROMETE JAVIER JER\u00d3NIMO TRABAJAR A RAS DE TIERRA POR SAN FELIPE"},"content":{"rendered":"\n<p><br>\u00a0\u201cUn hijo bien nacido debe ser una persona bien agradecida por eso inicio agradeciendo a todos los que trabajaron a ras de tierra para aportar a este proyecto\u201d, afirm\u00f3 el presidente municipal electo de San Felipe del Progreso, quien asegur\u00f3 que ser\u00e1 pol\u00edtico responsable, serio y congruente para impulsar el desarrollo de su pueblo.\u00a0<br>\u00a0<br>Al tomar protesta como alcalde para el periodo 2022-2024, Javier Jer\u00f3nimo Apolonio, sostuvo su agradecimiento al estadista y municipalista Alfredo del Mazo Maza a quien le declar\u00f3 su lealtad institucional y estar a disposici\u00f3n de coordinar trabajos para que le vaya bien a esta tierra mazahua.\u00a0<br>\u00a0<br>En el acto, cabe precisar que la representante del Gobernador Diana P\u00e9rez Barrag\u00e1n le tom\u00f3 la protesta de Ley y tambi\u00e9n recibi\u00f3 el Bast\u00f3n de Mando de acuerdo a las costumbres del pueblo Mazahua que significa la fuerza y el poder de gobernar en el municipio.\u00a0<br>\u00a0<br> En la Plaza Principal de San Felipe, Javier Jer\u00f3nimo Apolonio le tom\u00f3 protesta a su Cabildo que integrar\u00e1n el nuevo ayuntamiento que empezar\u00e1 funciones a partir del pr\u00f3ximo primero de enero.\u00a0<br> \u00a0<br>Nos comprometemos en buscar el desarrollo de los que vivimos aqu\u00ed\u00a8, expuso el alcalde electo luego de destacar el respaldo de la presidenta estatal del PRI, Alejandra del Moral Vela, pues siempre le demostr\u00f3 su amistad y por estar al pendiente \u00a0en las buenas y malas.<\/p>\n\n\n\n<figure class=\"wp-block-gallery columns-3 is-cropped wp-block-gallery-1 is-layout-flex wp-block-gallery-is-layout-flex\"><ul class=\"blocks-gallery-grid\"><li class=\"blocks-gallery-item\"><figure><img decoding=\"async\" width=\"614\" height=\"480\" src=\"https:\/\/expressometro.mx\/wp-content\/uploads\/2021\/12\/WhatsApp-Image-2021-12-15-at-6.17.45-PM-614x480.jpeg\" alt=\"\" data-id=\"4682\" data-link=\"https:\/\/expressometro.mx\/index.php\/2021\/12\/15\/promete-javier-jeronimo-trabajar-a-ras-de-tierra-por-san-felipe\/whatsapp-image-2021-12-15-at-6-17-45-pm\/\" class=\"wp-image-4682\" srcset=\"https:\/\/expressometro.mx\/wp-content\/uploads\/2021\/12\/WhatsApp-Image-2021-12-15-at-6.17.45-PM-614x480.jpeg 614w, https:\/\/expressometro.mx\/wp-content\/uploads\/2021\/12\/WhatsApp-Image-2021-12-15-at-6.17.45-PM-467x365.jpeg 467w, https:\/\/expressometro.mx\/wp-content\/uploads\/2021\/12\/WhatsApp-Image-2021-12-15-at-6.17.45-PM-768x600.jpeg 768w, https:\/\/expressometro.mx\/wp-content\/uploads\/2021\/12\/WhatsApp-Image-2021-12-15-at-6.17.45-PM-1536x1200.jpeg 1536w, https:\/\/expressometro.mx\/wp-content\/uploads\/2021\/12\/WhatsApp-Image-2021-12-15-at-6.17.45-PM.jpeg 1600w\" sizes=\"(max-width: 614px) 100vw, 614px\" \/><\/figure><\/li><li class=\"blocks-gallery-item\"><figure><img decoding=\"async\" width=\"744\" height=\"480\" src=\"https:\/\/expressometro.mx\/wp-content\/uploads\/2021\/12\/WhatsApp-Image-2021-12-15-at-6.17.46-PM-744x480.jpeg\" alt=\"\" data-id=\"4683\" data-link=\"https:\/\/expressometro.mx\/index.php\/2021\/12\/15\/promete-javier-jeronimo-trabajar-a-ras-de-tierra-por-san-felipe\/whatsapp-image-2021-12-15-at-6-17-46-pm\/\" class=\"wp-image-4683\" srcset=\"https:\/\/expressometro.mx\/wp-content\/uploads\/2021\/12\/WhatsApp-Image-2021-12-15-at-6.17.46-PM-744x480.jpeg 744w, https:\/\/expressometro.mx\/wp-content\/uploads\/2021\/12\/WhatsApp-Image-2021-12-15-at-6.17.46-PM-566x365.jpeg 566w, https:\/\/expressometro.mx\/wp-content\/uploads\/2021\/12\/WhatsApp-Image-2021-12-15-at-6.17.46-PM-768x495.jpeg 768w, https:\/\/expressometro.mx\/wp-content\/uploads\/2021\/12\/WhatsApp-Image-2021-12-15-at-6.17.46-PM-1536x991.jpeg 1536w, https:\/\/expressometro.mx\/wp-content\/uploads\/2021\/12\/WhatsApp-Image-2021-12-15-at-6.17.46-PM.jpeg 1600w\" sizes=\"(max-width: 744px) 100vw, 744px\" \/><\/figure><\/li><li class=\"blocks-gallery-item\"><figure><img decoding=\"async\" width=\"720\" height=\"480\" src=\"https:\/\/expressometro.mx\/wp-content\/uploads\/2021\/12\/WhatsApp-Image-2021-12-15-at-6.17.46-PM-1-720x480.jpeg\" alt=\"\" data-id=\"4684\" data-full-url=\"https:\/\/expressometro.mx\/wp-content\/uploads\/2021\/12\/WhatsApp-Image-2021-12-15-at-6.17.46-PM-1.jpeg\" data-link=\"https:\/\/expressometro.mx\/index.php\/2021\/12\/15\/promete-javier-jeronimo-trabajar-a-ras-de-tierra-por-san-felipe\/whatsapp-image-2021-12-15-at-6-17-46-pm-1\/\" class=\"wp-image-4684\" srcset=\"https:\/\/expressometro.mx\/wp-content\/uploads\/2021\/12\/WhatsApp-Image-2021-12-15-at-6.17.46-PM-1-720x480.jpeg 720w, https:\/\/expressometro.mx\/wp-content\/uploads\/2021\/12\/WhatsApp-Image-2021-12-15-at-6.17.46-PM-1-548x365.jpeg 548w, https:\/\/expressometro.mx\/wp-content\/uploads\/2021\/12\/WhatsApp-Image-2021-12-15-at-6.17.46-PM-1-768x512.jpeg 768w, https:\/\/expressometro.mx\/wp-content\/uploads\/2021\/12\/WhatsApp-Image-2021-12-15-at-6.17.46-PM-1-1536x1023.jpeg 1536w, https:\/\/expressometro.mx\/wp-content\/uploads\/2021\/12\/WhatsApp-Image-2021-12-15-at-6.17.46-PM-1.jpeg 1600w\" sizes=\"(max-width: 720px) 100vw, 720px\" \/><\/figure><\/li><\/ul><\/figure>\n","protected":false},"excerpt":{"rendered":"<p>En la Plaza Principal de San Felipe, Javier Jer\u00f3nimo Apolonio le tom\u00f3 protesta a su Cabildo que integrar\u00e1n el nuevo ayuntamiento que empezar\u00e1 funciones a partir del pr\u00f3ximo primero de enero.\u00a0<\/p>\n","protected":false},"author":2,"featured_media":4681,"comment_status":"open","ping_status":"open","sticky":false,"template":"","format":"standard","meta":{"footnotes":""},"categories":[3],"tags":[367,368],"class_list":["post-4663","post","type-post","status-publish","format-standard","has-post-thumbnail","hentry","category-gobierno","tag-javier-jeronimo","tag-san-felipe-del-progreso"],"yoast_head":"<!-- This site is optimized with the Yoast SEO plugin v27.5 - https:\/\/yoast.com\/product\/yoast-seo-wordpress\/ -->\n<title>PROMETE JAVIER JER\u00d3NIMO TRABAJAR A RAS DE TIERRA POR SAN FELIPE - Expresso Metropolitano<\/title>\n<meta name=\"robots\" content=\"index, follow, max-snippet:-1, max-image-preview:large, max-video-preview:-1\" \/>\n<link rel=\"canonical\" href=\"https:\/\/expressometro.mx\/index.php\/2021\/12\/15\/promete-javier-jeronimo-trabajar-a-ras-de-tierra-por-san-felipe1\/\" \/>\n<meta property=\"og:locale\" content=\"es_MX\" \/>\n<meta property=\"og:type\" content=\"article\" \/>\n<meta property=\"og:title\" content=\"PROMETE JAVIER JER\u00d3NIMO TRABAJAR A RAS DE TIERRA POR SAN FELIPE - Expresso Metropolitano\" \/>\n<meta property=\"og:description\" content=\"En la Plaza Principal de San Felipe, Javier Jer\u00f3nimo Apolonio le tom\u00f3 protesta a su Cabildo que integrar\u00e1n el nuevo ayuntamiento que empezar\u00e1 funciones a partir del pr\u00f3ximo primero de enero.\u00a0\" \/>\n<meta property=\"og:url\" content=\"https:\/\/expressometro.mx\/index.php\/2021\/12\/15\/promete-javier-jeronimo-trabajar-a-ras-de-tierra-por-san-felipe1\/\" \/>\n<meta property=\"og:site_name\" content=\"Expresso Metropolitano\" \/>\n<meta property=\"article:published_time\" content=\"2021-12-15T19:19:30+00:00\" \/>\n<meta property=\"article:modified_time\" content=\"2021-12-16T21:35:33+00:00\" \/>\n<meta property=\"og:image\" content=\"http:\/\/expressometro.mx\/wp-content\/uploads\/2021\/12\/WhatsApp-Image-2021-12-15-at-6.17.44-PM.jpeg\" \/>\n\t<meta property=\"og:image:width\" content=\"1600\" \/>\n\t<meta property=\"og:image:height\" content=\"1066\" \/>\n\t<meta property=\"og:image:type\" content=\"image\/jpeg\" \/>\n<meta name=\"author\" content=\"Cecilia Vega\" \/>\n<meta name=\"twitter:label1\" content=\"Escrito por\" \/>\n\t<meta name=\"twitter:data1\" content=\"Cecilia Vega\" \/>\n\t<meta name=\"twitter:label2\" content=\"Tiempo de lectura\" \/>\n\t<meta name=\"twitter:data2\" content=\"2 minutos\" \/>\n<script type=\"application\/ld+json\" class=\"yoast-schema-graph\">{\"@context\":\"https:\\\/\\\/schema.org\",\"@graph\":[{\"@type\":\"Article\",\"@id\":\"https:\\\/\\\/expressometro.mx\\\/index.php\\\/2021\\\/12\\\/15\\\/promete-javier-jeronimo-trabajar-a-ras-de-tierra-por-san-felipe1\\\/#article\",\"isPartOf\":{\"@id\":\"https:\\\/\\\/expressometro.mx\\\/index.php\\\/2021\\\/12\\\/15\\\/promete-javier-jeronimo-trabajar-a-ras-de-tierra-por-san-felipe1\\\/\"},\"author\":{\"name\":\"Cecilia Vega\",\"@id\":\"https:\\\/\\\/expressometro.mx\\\/#\\\/schema\\\/person\\\/67a95b8e3862085c7598f66237488f1f\"},\"headline\":\"PROMETE JAVIER JER\u00d3NIMO TRABAJAR A RAS DE TIERRA POR SAN FELIPE\",\"datePublished\":\"2021-12-15T19:19:30+00:00\",\"dateModified\":\"2021-12-16T21:35:33+00:00\",\"mainEntityOfPage\":{\"@id\":\"https:\\\/\\\/expressometro.mx\\\/index.php\\\/2021\\\/12\\\/15\\\/promete-javier-jeronimo-trabajar-a-ras-de-tierra-por-san-felipe1\\\/\"},\"wordCount\":245,\"commentCount\":0,\"publisher\":{\"@id\":\"https:\\\/\\\/expressometro.mx\\\/#organization\"},\"image\":{\"@id\":\"https:\\\/\\\/expressometro.mx\\\/index.php\\\/2021\\\/12\\\/15\\\/promete-javier-jeronimo-trabajar-a-ras-de-tierra-por-san-felipe1\\\/#primaryimage\"},\"thumbnailUrl\":\"https:\\\/\\\/expressometro.mx\\\/wp-content\\\/uploads\\\/2021\\\/12\\\/WhatsApp-Image-2021-12-15-at-6.17.44-PM.jpeg\",\"keywords\":[\"Javier Jer\u00f3nimo\",\"San Felipe del Progreso\"],\"articleSection\":[\"Gobierno\"],\"inLanguage\":\"es\",\"potentialAction\":[{\"@type\":\"CommentAction\",\"name\":\"Comment\",\"target\":[\"https:\\\/\\\/expressometro.mx\\\/index.php\\\/2021\\\/12\\\/15\\\/promete-javier-jeronimo-trabajar-a-ras-de-tierra-por-san-felipe1\\\/#respond\"]}]},{\"@type\":\"WebPage\",\"@id\":\"https:\\\/\\\/expressometro.mx\\\/index.php\\\/2021\\\/12\\\/15\\\/promete-javier-jeronimo-trabajar-a-ras-de-tierra-por-san-felipe1\\\/\",\"url\":\"https:\\\/\\\/expressometro.mx\\\/index.php\\\/2021\\\/12\\\/15\\\/promete-javier-jeronimo-trabajar-a-ras-de-tierra-por-san-felipe1\\\/\",\"name\":\"PROMETE JAVIER JER\u00d3NIMO TRABAJAR A RAS DE TIERRA POR SAN FELIPE - Expresso Metropolitano\",\"isPartOf\":{\"@id\":\"https:\\\/\\\/expressometro.mx\\\/#website\"},\"primaryImageOfPage\":{\"@id\":\"https:\\\/\\\/expressometro.mx\\\/index.php\\\/2021\\\/12\\\/15\\\/promete-javier-jeronimo-trabajar-a-ras-de-tierra-por-san-felipe1\\\/#primaryimage\"},\"image\":{\"@id\":\"https:\\\/\\\/expressometro.mx\\\/index.php\\\/2021\\\/12\\\/15\\\/promete-javier-jeronimo-trabajar-a-ras-de-tierra-por-san-felipe1\\\/#primaryimage\"},\"thumbnailUrl\":\"https:\\\/\\\/expressometro.mx\\\/wp-content\\\/uploads\\\/2021\\\/12\\\/WhatsApp-Image-2021-12-15-at-6.17.44-PM.jpeg\",\"datePublished\":\"2021-12-15T19:19:30+00:00\",\"dateModified\":\"2021-12-16T21:35:33+00:00\",\"breadcrumb\":{\"@id\":\"https:\\\/\\\/expressometro.mx\\\/index.php\\\/2021\\\/12\\\/15\\\/promete-javier-jeronimo-trabajar-a-ras-de-tierra-por-san-felipe1\\\/#breadcrumb\"},\"inLanguage\":\"es\",\"potentialAction\":[{\"@type\":\"ReadAction\",\"target\":[\"https:\\\/\\\/expressometro.mx\\\/index.php\\\/2021\\\/12\\\/15\\\/promete-javier-jeronimo-trabajar-a-ras-de-tierra-por-san-felipe1\\\/\"]}]},{\"@type\":\"ImageObject\",\"inLanguage\":\"es\",\"@id\":\"https:\\\/\\\/expressometro.mx\\\/index.php\\\/2021\\\/12\\\/15\\\/promete-javier-jeronimo-trabajar-a-ras-de-tierra-por-san-felipe1\\\/#primaryimage\",\"url\":\"https:\\\/\\\/expressometro.mx\\\/wp-content\\\/uploads\\\/2021\\\/12\\\/WhatsApp-Image-2021-12-15-at-6.17.44-PM.jpeg\",\"contentUrl\":\"https:\\\/\\\/expressometro.mx\\\/wp-content\\\/uploads\\\/2021\\\/12\\\/WhatsApp-Image-2021-12-15-at-6.17.44-PM.jpeg\",\"width\":1600,\"height\":1066},{\"@type\":\"BreadcrumbList\",\"@id\":\"https:\\\/\\\/expressometro.mx\\\/index.php\\\/2021\\\/12\\\/15\\\/promete-javier-jeronimo-trabajar-a-ras-de-tierra-por-san-felipe1\\\/#breadcrumb\",\"itemListElement\":[{\"@type\":\"ListItem\",\"position\":1,\"name\":\"Inicio\",\"item\":\"https:\\\/\\\/expressometro.mx\\\/\"},{\"@type\":\"ListItem\",\"position\":2,\"name\":\"PROMETE JAVIER JER\u00d3NIMO TRABAJAR A RAS DE TIERRA POR SAN FELIPE\"}]},{\"@type\":\"WebSite\",\"@id\":\"https:\\\/\\\/expressometro.mx\\\/#website\",\"url\":\"https:\\\/\\\/expressometro.mx\\\/\",\"name\":\"Expresso Metropolitano\",\"description\":\"Periodismo comprometido, informaci\u00f3n, investigaci\u00f3n y an\u00e1lisis\",\"publisher\":{\"@id\":\"https:\\\/\\\/expressometro.mx\\\/#organization\"},\"potentialAction\":[{\"@type\":\"SearchAction\",\"target\":{\"@type\":\"EntryPoint\",\"urlTemplate\":\"https:\\\/\\\/expressometro.mx\\\/?s={search_term_string}\"},\"query-input\":{\"@type\":\"PropertyValueSpecification\",\"valueRequired\":true,\"valueName\":\"search_term_string\"}}],\"inLanguage\":\"es\"},{\"@type\":\"Organization\",\"@id\":\"https:\\\/\\\/expressometro.mx\\\/#organization\",\"name\":\"Expresso Metropolitano\",\"url\":\"https:\\\/\\\/expressometro.mx\\\/\",\"logo\":{\"@type\":\"ImageObject\",\"inLanguage\":\"es\",\"@id\":\"https:\\\/\\\/expressometro.mx\\\/#\\\/schema\\\/logo\\\/image\\\/\",\"url\":\"https:\\\/\\\/expressometro.mx\\\/wp-content\\\/uploads\\\/2019\\\/07\\\/cropped-Logo-Expresso-Metropolitano-1-1.jpeg\",\"contentUrl\":\"https:\\\/\\\/expressometro.mx\\\/wp-content\\\/uploads\\\/2019\\\/07\\\/cropped-Logo-Expresso-Metropolitano-1-1.jpeg\",\"width\":290,\"height\":73,\"caption\":\"Expresso Metropolitano\"},\"image\":{\"@id\":\"https:\\\/\\\/expressometro.mx\\\/#\\\/schema\\\/logo\\\/image\\\/\"}},{\"@type\":\"Person\",\"@id\":\"https:\\\/\\\/expressometro.mx\\\/#\\\/schema\\\/person\\\/67a95b8e3862085c7598f66237488f1f\",\"name\":\"Cecilia Vega\",\"image\":{\"@type\":\"ImageObject\",\"inLanguage\":\"es\",\"@id\":\"https:\\\/\\\/secure.gravatar.com\\\/avatar\\\/13aae9944ab2ee472a9e407c9487fdbd03b049abaa559af32fe5dbcf615c981b?s=96&d=mm&r=g\",\"url\":\"https:\\\/\\\/secure.gravatar.com\\\/avatar\\\/13aae9944ab2ee472a9e407c9487fdbd03b049abaa559af32fe5dbcf615c981b?s=96&d=mm&r=g\",\"contentUrl\":\"https:\\\/\\\/secure.gravatar.com\\\/avatar\\\/13aae9944ab2ee472a9e407c9487fdbd03b049abaa559af32fe5dbcf615c981b?s=96&d=mm&r=g\",\"caption\":\"Cecilia Vega\"},\"url\":\"https:\\\/\\\/expressometro.mx\\\/index.php\\\/author\\\/cecilia-vega\\\/\"}]}<\/script>\n<!-- \/ Yoast SEO plugin. -->","yoast_head_json":{"title":"PROMETE JAVIER JER\u00d3NIMO TRABAJAR A RAS DE TIERRA POR SAN FELIPE - Expresso Metropolitano","robots":{"index":"index","follow":"follow","max-snippet":"max-snippet:-1","max-image-preview":"max-image-preview:large","max-video-preview":"max-video-preview:-1"},"canonical":"https:\/\/expressometro.mx\/index.php\/2021\/12\/15\/promete-javier-jeronimo-trabajar-a-ras-de-tierra-por-san-felipe1\/","og_locale":"es_MX","og_type":"article","og_title":"PROMETE JAVIER JER\u00d3NIMO TRABAJAR A RAS DE TIERRA POR SAN FELIPE - Expresso Metropolitano","og_description":"En la Plaza Principal de San Felipe, Javier Jer\u00f3nimo Apolonio le tom\u00f3 protesta a su Cabildo que integrar\u00e1n el nuevo ayuntamiento que empezar\u00e1 funciones a partir del pr\u00f3ximo primero de enero.\u00a0","og_url":"https:\/\/expressometro.mx\/index.php\/2021\/12\/15\/promete-javier-jeronimo-trabajar-a-ras-de-tierra-por-san-felipe1\/","og_site_name":"Expresso Metropolitano","article_published_time":"2021-12-15T19:19:30+00:00","article_modified_time":"2021-12-16T21:35:33+00:00","og_image":[{"width":1600,"height":1066,"url":"http:\/\/expressometro.mx\/wp-content\/uploads\/2021\/12\/WhatsApp-Image-2021-12-15-at-6.17.44-PM.jpeg","type":"image\/jpeg"}],"author":"Cecilia Vega","twitter_misc":{"Escrito por":"Cecilia Vega","Tiempo de lectura":"2 minutos"},"schema":{"@context":"https:\/\/schema.org","@graph":[{"@type":"Article","@id":"https:\/\/expressometro.mx\/index.php\/2021\/12\/15\/promete-javier-jeronimo-trabajar-a-ras-de-tierra-por-san-felipe1\/#article","isPartOf":{"@id":"https:\/\/expressometro.mx\/index.php\/2021\/12\/15\/promete-javier-jeronimo-trabajar-a-ras-de-tierra-por-san-felipe1\/"},"author":{"name":"Cecilia Vega","@id":"https:\/\/expressometro.mx\/#\/schema\/person\/67a95b8e3862085c7598f66237488f1f"},"headline":"PROMETE JAVIER JER\u00d3NIMO TRABAJAR A RAS DE TIERRA POR SAN FELIPE","datePublished":"2021-12-15T19:19:30+00:00","dateModified":"2021-12-16T21:35:33+00:00","mainEntityOfPage":{"@id":"https:\/\/expressometro.mx\/index.php\/2021\/12\/15\/promete-javier-jeronimo-trabajar-a-ras-de-tierra-por-san-felipe1\/"},"wordCount":245,"commentCount":0,"publisher":{"@id":"https:\/\/expressometro.mx\/#organization"},"image":{"@id":"https:\/\/expressometro.mx\/index.php\/2021\/12\/15\/promete-javier-jeronimo-trabajar-a-ras-de-tierra-por-san-felipe1\/#primaryimage"},"thumbnailUrl":"https:\/\/expressometro.mx\/wp-content\/uploads\/2021\/12\/WhatsApp-Image-2021-12-15-at-6.17.44-PM.jpeg","keywords":["Javier Jer\u00f3nimo","San Felipe del Progreso"],"articleSection":["Gobierno"],"inLanguage":"es","potentialAction":[{"@type":"CommentAction","name":"Comment","target":["https:\/\/expressometro.mx\/index.php\/2021\/12\/15\/promete-javier-jeronimo-trabajar-a-ras-de-tierra-por-san-felipe1\/#respond"]}]},{"@type":"WebPage","@id":"https:\/\/expressometro.mx\/index.php\/2021\/12\/15\/promete-javier-jeronimo-trabajar-a-ras-de-tierra-por-san-felipe1\/","url":"https:\/\/expressometro.mx\/index.php\/2021\/12\/15\/promete-javier-jeronimo-trabajar-a-ras-de-tierra-por-san-felipe1\/","name":"PROMETE JAVIER JER\u00d3NIMO TRABAJAR A RAS DE TIERRA POR SAN FELIPE - Expresso Metropolitano","isPartOf":{"@id":"https:\/\/expressometro.mx\/#website"},"primaryImageOfPage":{"@id":"https:\/\/expressometro.mx\/index.php\/2021\/12\/15\/promete-javier-jeronimo-trabajar-a-ras-de-tierra-por-san-felipe1\/#primaryimage"},"image":{"@id":"https:\/\/expressometro.mx\/index.php\/2021\/12\/15\/promete-javier-jeronimo-trabajar-a-ras-de-tierra-por-san-felipe1\/#primaryimage"},"thumbnailUrl":"https:\/\/expressometro.mx\/wp-content\/uploads\/2021\/12\/WhatsApp-Image-2021-12-15-at-6.17.44-PM.jpeg","datePublished":"2021-12-15T19:19:30+00:00","dateModified":"2021-12-16T21:35:33+00:00","breadcrumb":{"@id":"https:\/\/expressometro.mx\/index.php\/2021\/12\/15\/promete-javier-jeronimo-trabajar-a-ras-de-tierra-por-san-felipe1\/#breadcrumb"},"inLanguage":"es","potentialAction":[{"@type":"ReadAction","target":["https:\/\/expressometro.mx\/index.php\/2021\/12\/15\/promete-javier-jeronimo-trabajar-a-ras-de-tierra-por-san-felipe1\/"]}]},{"@type":"ImageObject","inLanguage":"es","@id":"https:\/\/expressometro.mx\/index.php\/2021\/12\/15\/promete-javier-jeronimo-trabajar-a-ras-de-tierra-por-san-felipe1\/#primaryimage","url":"https:\/\/expressometro.mx\/wp-content\/uploads\/2021\/12\/WhatsApp-Image-2021-12-15-at-6.17.44-PM.jpeg","contentUrl":"https:\/\/expressometro.mx\/wp-content\/uploads\/2021\/12\/WhatsApp-Image-2021-12-15-at-6.17.44-PM.jpeg","width":1600,"height":1066},{"@type":"BreadcrumbList","@id":"https:\/\/expressometro.mx\/index.php\/2021\/12\/15\/promete-javier-jeronimo-trabajar-a-ras-de-tierra-por-san-felipe1\/#breadcrumb","itemListElement":[{"@type":"ListItem","position":1,"name":"Inicio","item":"https:\/\/expressometro.mx\/"},{"@type":"ListItem","position":2,"name":"PROMETE JAVIER JER\u00d3NIMO TRABAJAR A RAS DE TIERRA POR SAN FELIPE"}]},{"@type":"WebSite","@id":"https:\/\/expressometro.mx\/#website","url":"https:\/\/expressometro.mx\/","name":"Expresso Metropolitano","description":"Periodismo comprometido, informaci\u00f3n, investigaci\u00f3n y an\u00e1lisis","publisher":{"@id":"https:\/\/expressometro.mx\/#organization"},"potentialAction":[{"@type":"SearchAction","target":{"@type":"EntryPoint","urlTemplate":"https:\/\/expressometro.mx\/?s={search_term_string}"},"query-input":{"@type":"PropertyValueSpecification","valueRequired":true,"valueName":"search_term_string"}}],"inLanguage":"es"},{"@type":"Organization","@id":"https:\/\/expressometro.mx\/#organization","name":"Expresso Metropolitano","url":"https:\/\/expressometro.mx\/","logo":{"@type":"ImageObject","inLanguage":"es","@id":"https:\/\/expressometro.mx\/#\/schema\/logo\/image\/","url":"https:\/\/expressometro.mx\/wp-content\/uploads\/2019\/07\/cropped-Logo-Expresso-Metropolitano-1-1.jpeg","contentUrl":"https:\/\/expressometro.mx\/wp-content\/uploads\/2019\/07\/cropped-Logo-Expresso-Metropolitano-1-1.jpeg","width":290,"height":73,"caption":"Expresso Metropolitano"},"image":{"@id":"https:\/\/expressometro.mx\/#\/schema\/logo\/image\/"}},{"@type":"Person","@id":"https:\/\/expressometro.mx\/#\/schema\/person\/67a95b8e3862085c7598f66237488f1f","name":"Cecilia Vega","image":{"@type":"ImageObject","inLanguage":"es","@id":"https:\/\/secure.gravatar.com\/avatar\/13aae9944ab2ee472a9e407c9487fdbd03b049abaa559af32fe5dbcf615c981b?s=96&d=mm&r=g","url":"https:\/\/secure.gravatar.com\/avatar\/13aae9944ab2ee472a9e407c9487fdbd03b049abaa559af32fe5dbcf615c981b?s=96&d=mm&r=g","contentUrl":"https:\/\/secure.gravatar.com\/avatar\/13aae9944ab2ee472a9e407c9487fdbd03b049abaa559af32fe5dbcf615c981b?s=96&d=mm&r=g","caption":"Cecilia Vega"},"url":"https:\/\/expressometro.mx\/index.php\/author\/cecilia-vega\/"}]}},"amp_enabled":true,"_links":{"self":[{"href":"https:\/\/expressometro.mx\/index.php\/wp-json\/wp\/v2\/posts\/4663","targetHints":{"allow":["GET"]}}],"collection":[{"href":"https:\/\/expressometro.mx\/index.php\/wp-json\/wp\/v2\/posts"}],"about":[{"href":"https:\/\/expressometro.mx\/index.php\/wp-json\/wp\/v2\/types\/post"}],"author":[{"embeddable":true,"href":"https:\/\/expressometro.mx\/index.php\/wp-json\/wp\/v2\/users\/2"}],"replies":[{"embeddable":true,"href":"https:\/\/expressometro.mx\/index.php\/wp-json\/wp\/v2\/comments?post=4663"}],"version-history":[{"count":2,"href":"https:\/\/expressometro.mx\/index.php\/wp-json\/wp\/v2\/posts\/4663\/revisions"}],"predecessor-version":[{"id":4686,"href":"https:\/\/expressometro.mx\/index.php\/wp-json\/wp\/v2\/posts\/4663\/revisions\/4686"}],"wp:featuredmedia":[{"embeddable":true,"href":"https:\/\/expressometro.mx\/index.php\/wp-json\/wp\/v2\/media\/4681"}],"wp:attachment":[{"href":"https:\/\/expressometro.mx\/index.php\/wp-json\/wp\/v2\/media?parent=4663"}],"wp:term":[{"taxonomy":"category","embeddable":true,"href":"https:\/\/expressometro.mx\/index.php\/wp-json\/wp\/v2\/categories?post=4663"},{"taxonomy":"post_tag","embeddable":true,"href":"https:\/\/expressometro.mx\/index.php\/wp-json\/wp\/v2\/tags?post=4663"}],"curies":[{"name":"wp","href":"https:\/\/api.w.org\/{rel}","templated":true}]}}