{"id":4630,"date":"2021-12-10T22:40:00","date_gmt":"2021-12-11T04:40:00","guid":{"rendered":"https:\/\/expressometro.mx\/?p=4630"},"modified":"2021-12-13T22:43:16","modified_gmt":"2021-12-14T04:43:16","slug":"atiende-ivan-esquer-posicion-en-comisiones-y-tribuna-camaral","status":"publish","type":"post","link":"https:\/\/expressometro.mx\/index.php\/2021\/12\/10\/atiende-ivan-esquer-posicion-en-comisiones-y-tribuna-camaral\/","title":{"rendered":"ATIENDE IV\u00c1N ESQUER POSICI\u00d3N EN COMISIONES Y TRIBUNA CAMARAL"},"content":{"rendered":"\n<p>Como parte de su tarea en el Congreso local, el diputado Iv\u00e1n Esquer Cruz fija posicionamiento, debate y argumenta lo conducente para avanzar en los trabajos legislativos que se desarrollan en comisiones y desde la mesa directiva de la C\u00e1mara local.<\/p>\n\n\n\n<p>Despu\u00e9s de terminar su responsabilidad en el pleno legislativo, el diputado pri\u00edsta asisti\u00f3 como secretario a la Comisi\u00f3n de Patrimonio estatal y municipal para resolver un dictamen relacionado con un terreno propiedad municipal de Metepec que se otorga en comodato a favor de la Arquidi\u00f3cesis de Toluca.<\/p>\n\n\n\n<p>TAMBI\u00c9N dio a conocer que en Sesi\u00f3n ordinaria se aprob\u00f3 igualar los periodos Ordinarios con la Constituci\u00f3n Federal, as\u00ed como la iniciativa para reconocer y tutelar los derechos de los grupos sociales en situaci\u00f3n de vulnerabilidad.<\/p>\n\n\n\n<p>De igual forma en Sesi\u00f3n de la LXI Legislatura del EdoM\u00e9x, la bancada priista busca el reconocimiento del Derecho Humano en favor de las mujeres y ni\u00f1as.<\/p>\n\n\n\n<p>Dio a conocer que los diferentes grupos parlamentarios presentaron iniciativas para fortalecer el marco jur\u00eddico, evitar y prevenir la violencia contra las mujeres. \u201cSeguiremos haciendo de nuestro Estado, la entidad que procure y brinde bienestar a las ni\u00f1as y mujeres\u201d, manifest\u00f3 el Diputado Iv\u00e1n Esquer.<\/p>\n\n\n\n<figure class=\"wp-block-gallery columns-2 is-cropped wp-block-gallery-1 is-layout-flex wp-block-gallery-is-layout-flex\"><ul class=\"blocks-gallery-grid\"><li class=\"blocks-gallery-item\"><figure><img decoding=\"async\" width=\"720\" height=\"480\" src=\"https:\/\/expressometro.mx\/wp-content\/uploads\/2021\/12\/53A2E44D-4783-4982-B89E-9648C1F31B29-720x480.jpeg\" alt=\"\" data-id=\"4631\" data-full-url=\"https:\/\/expressometro.mx\/wp-content\/uploads\/2021\/12\/53A2E44D-4783-4982-B89E-9648C1F31B29.jpeg\" data-link=\"https:\/\/expressometro.mx\/?attachment_id=4631\" class=\"wp-image-4631\" srcset=\"https:\/\/expressometro.mx\/wp-content\/uploads\/2021\/12\/53A2E44D-4783-4982-B89E-9648C1F31B29-720x480.jpeg 720w, https:\/\/expressometro.mx\/wp-content\/uploads\/2021\/12\/53A2E44D-4783-4982-B89E-9648C1F31B29-548x365.jpeg 548w, https:\/\/expressometro.mx\/wp-content\/uploads\/2021\/12\/53A2E44D-4783-4982-B89E-9648C1F31B29-768x512.jpeg 768w, https:\/\/expressometro.mx\/wp-content\/uploads\/2021\/12\/53A2E44D-4783-4982-B89E-9648C1F31B29.jpeg 960w\" sizes=\"(max-width: 720px) 100vw, 720px\" \/><\/figure><\/li><li class=\"blocks-gallery-item\"><figure><img decoding=\"async\" width=\"720\" height=\"480\" src=\"https:\/\/expressometro.mx\/wp-content\/uploads\/2021\/12\/37F10E59-F327-4DE7-9D9B-9C2B4779B0F4-720x480.jpeg\" alt=\"\" data-id=\"4632\" data-full-url=\"https:\/\/expressometro.mx\/wp-content\/uploads\/2021\/12\/37F10E59-F327-4DE7-9D9B-9C2B4779B0F4.jpeg\" data-link=\"https:\/\/expressometro.mx\/?attachment_id=4632\" class=\"wp-image-4632\" srcset=\"https:\/\/expressometro.mx\/wp-content\/uploads\/2021\/12\/37F10E59-F327-4DE7-9D9B-9C2B4779B0F4-720x480.jpeg 720w, https:\/\/expressometro.mx\/wp-content\/uploads\/2021\/12\/37F10E59-F327-4DE7-9D9B-9C2B4779B0F4-548x365.jpeg 548w, https:\/\/expressometro.mx\/wp-content\/uploads\/2021\/12\/37F10E59-F327-4DE7-9D9B-9C2B4779B0F4-768x512.jpeg 768w, https:\/\/expressometro.mx\/wp-content\/uploads\/2021\/12\/37F10E59-F327-4DE7-9D9B-9C2B4779B0F4.jpeg 960w\" sizes=\"(max-width: 720px) 100vw, 720px\" \/><\/figure><\/li><\/ul><\/figure>\n","protected":false},"excerpt":{"rendered":"<p>Dio a conocer que los diferentes grupos parlamentarios presentaron iniciativas para fortalecer el marco jur\u00eddico. <\/p>\n","protected":false},"author":2,"featured_media":4634,"comment_status":"open","ping_status":"open","sticky":false,"template":"","format":"standard","meta":{"footnotes":""},"categories":[3],"tags":[576,782],"class_list":["post-4630","post","type-post","status-publish","format-standard","has-post-thumbnail","hentry","category-gobierno","tag-ivan-esquer","tag-lxi-legislatura"],"yoast_head":"<!-- This site is optimized with the Yoast SEO plugin v27.5 - https:\/\/yoast.com\/product\/yoast-seo-wordpress\/ -->\n<title>ATIENDE IV\u00c1N ESQUER POSICI\u00d3N EN COMISIONES Y TRIBUNA CAMARAL - Expresso Metropolitano<\/title>\n<meta name=\"robots\" content=\"index, follow, max-snippet:-1, max-image-preview:large, max-video-preview:-1\" \/>\n<link rel=\"canonical\" href=\"https:\/\/expressometro.mx\/index.php\/2021\/12\/10\/atiende-ivan-esquer-posicion-en-comisiones-y-tribuna-camaral\/\" \/>\n<meta property=\"og:locale\" content=\"es_MX\" \/>\n<meta property=\"og:type\" content=\"article\" \/>\n<meta property=\"og:title\" content=\"ATIENDE IV\u00c1N ESQUER POSICI\u00d3N EN COMISIONES Y TRIBUNA CAMARAL - Expresso Metropolitano\" \/>\n<meta property=\"og:description\" content=\"Dio a conocer que los diferentes grupos parlamentarios presentaron iniciativas para fortalecer el marco jur\u00eddico.\" \/>\n<meta property=\"og:url\" content=\"https:\/\/expressometro.mx\/index.php\/2021\/12\/10\/atiende-ivan-esquer-posicion-en-comisiones-y-tribuna-camaral\/\" \/>\n<meta property=\"og:site_name\" content=\"Expresso Metropolitano\" \/>\n<meta property=\"article:published_time\" content=\"2021-12-11T04:40:00+00:00\" \/>\n<meta property=\"article:modified_time\" content=\"2021-12-14T04:43:16+00:00\" \/>\n<meta property=\"og:image\" content=\"http:\/\/expressometro.mx\/wp-content\/uploads\/2021\/12\/A4FC50A4-71C1-4DB8-9093-32808EAC6EC7.jpeg\" \/>\n\t<meta property=\"og:image:width\" content=\"960\" \/>\n\t<meta property=\"og:image:height\" content=\"640\" \/>\n\t<meta property=\"og:image:type\" content=\"image\/jpeg\" \/>\n<meta name=\"author\" content=\"Cecilia Vega\" \/>\n<meta name=\"twitter:label1\" content=\"Escrito por\" \/>\n\t<meta name=\"twitter:data1\" content=\"Cecilia Vega\" \/>\n\t<meta name=\"twitter:label2\" content=\"Tiempo de lectura\" \/>\n\t<meta name=\"twitter:data2\" content=\"2 minutos\" \/>\n<script type=\"application\/ld+json\" class=\"yoast-schema-graph\">{\"@context\":\"https:\\\/\\\/schema.org\",\"@graph\":[{\"@type\":\"Article\",\"@id\":\"https:\\\/\\\/expressometro.mx\\\/index.php\\\/2021\\\/12\\\/10\\\/atiende-ivan-esquer-posicion-en-comisiones-y-tribuna-camaral\\\/#article\",\"isPartOf\":{\"@id\":\"https:\\\/\\\/expressometro.mx\\\/index.php\\\/2021\\\/12\\\/10\\\/atiende-ivan-esquer-posicion-en-comisiones-y-tribuna-camaral\\\/\"},\"author\":{\"name\":\"Cecilia Vega\",\"@id\":\"https:\\\/\\\/expressometro.mx\\\/#\\\/schema\\\/person\\\/67a95b8e3862085c7598f66237488f1f\"},\"headline\":\"ATIENDE IV\u00c1N ESQUER POSICI\u00d3N EN COMISIONES Y TRIBUNA CAMARAL\",\"datePublished\":\"2021-12-11T04:40:00+00:00\",\"dateModified\":\"2021-12-14T04:43:16+00:00\",\"mainEntityOfPage\":{\"@id\":\"https:\\\/\\\/expressometro.mx\\\/index.php\\\/2021\\\/12\\\/10\\\/atiende-ivan-esquer-posicion-en-comisiones-y-tribuna-camaral\\\/\"},\"wordCount\":223,\"commentCount\":0,\"publisher\":{\"@id\":\"https:\\\/\\\/expressometro.mx\\\/#organization\"},\"image\":{\"@id\":\"https:\\\/\\\/expressometro.mx\\\/index.php\\\/2021\\\/12\\\/10\\\/atiende-ivan-esquer-posicion-en-comisiones-y-tribuna-camaral\\\/#primaryimage\"},\"thumbnailUrl\":\"https:\\\/\\\/expressometro.mx\\\/wp-content\\\/uploads\\\/2021\\\/12\\\/A4FC50A4-71C1-4DB8-9093-32808EAC6EC7.jpeg\",\"keywords\":[\"Iv\u00e1n Esquer\",\"LXI Legislatura\"],\"articleSection\":[\"Gobierno\"],\"inLanguage\":\"es\",\"potentialAction\":[{\"@type\":\"CommentAction\",\"name\":\"Comment\",\"target\":[\"https:\\\/\\\/expressometro.mx\\\/index.php\\\/2021\\\/12\\\/10\\\/atiende-ivan-esquer-posicion-en-comisiones-y-tribuna-camaral\\\/#respond\"]}]},{\"@type\":\"WebPage\",\"@id\":\"https:\\\/\\\/expressometro.mx\\\/index.php\\\/2021\\\/12\\\/10\\\/atiende-ivan-esquer-posicion-en-comisiones-y-tribuna-camaral\\\/\",\"url\":\"https:\\\/\\\/expressometro.mx\\\/index.php\\\/2021\\\/12\\\/10\\\/atiende-ivan-esquer-posicion-en-comisiones-y-tribuna-camaral\\\/\",\"name\":\"ATIENDE IV\u00c1N ESQUER POSICI\u00d3N EN COMISIONES Y TRIBUNA CAMARAL - Expresso Metropolitano\",\"isPartOf\":{\"@id\":\"https:\\\/\\\/expressometro.mx\\\/#website\"},\"primaryImageOfPage\":{\"@id\":\"https:\\\/\\\/expressometro.mx\\\/index.php\\\/2021\\\/12\\\/10\\\/atiende-ivan-esquer-posicion-en-comisiones-y-tribuna-camaral\\\/#primaryimage\"},\"image\":{\"@id\":\"https:\\\/\\\/expressometro.mx\\\/index.php\\\/2021\\\/12\\\/10\\\/atiende-ivan-esquer-posicion-en-comisiones-y-tribuna-camaral\\\/#primaryimage\"},\"thumbnailUrl\":\"https:\\\/\\\/expressometro.mx\\\/wp-content\\\/uploads\\\/2021\\\/12\\\/A4FC50A4-71C1-4DB8-9093-32808EAC6EC7.jpeg\",\"datePublished\":\"2021-12-11T04:40:00+00:00\",\"dateModified\":\"2021-12-14T04:43:16+00:00\",\"breadcrumb\":{\"@id\":\"https:\\\/\\\/expressometro.mx\\\/index.php\\\/2021\\\/12\\\/10\\\/atiende-ivan-esquer-posicion-en-comisiones-y-tribuna-camaral\\\/#breadcrumb\"},\"inLanguage\":\"es\",\"potentialAction\":[{\"@type\":\"ReadAction\",\"target\":[\"https:\\\/\\\/expressometro.mx\\\/index.php\\\/2021\\\/12\\\/10\\\/atiende-ivan-esquer-posicion-en-comisiones-y-tribuna-camaral\\\/\"]}]},{\"@type\":\"ImageObject\",\"inLanguage\":\"es\",\"@id\":\"https:\\\/\\\/expressometro.mx\\\/index.php\\\/2021\\\/12\\\/10\\\/atiende-ivan-esquer-posicion-en-comisiones-y-tribuna-camaral\\\/#primaryimage\",\"url\":\"https:\\\/\\\/expressometro.mx\\\/wp-content\\\/uploads\\\/2021\\\/12\\\/A4FC50A4-71C1-4DB8-9093-32808EAC6EC7.jpeg\",\"contentUrl\":\"https:\\\/\\\/expressometro.mx\\\/wp-content\\\/uploads\\\/2021\\\/12\\\/A4FC50A4-71C1-4DB8-9093-32808EAC6EC7.jpeg\",\"width\":960,\"height\":640},{\"@type\":\"BreadcrumbList\",\"@id\":\"https:\\\/\\\/expressometro.mx\\\/index.php\\\/2021\\\/12\\\/10\\\/atiende-ivan-esquer-posicion-en-comisiones-y-tribuna-camaral\\\/#breadcrumb\",\"itemListElement\":[{\"@type\":\"ListItem\",\"position\":1,\"name\":\"Inicio\",\"item\":\"https:\\\/\\\/expressometro.mx\\\/\"},{\"@type\":\"ListItem\",\"position\":2,\"name\":\"ATIENDE IV\u00c1N ESQUER POSICI\u00d3N EN COMISIONES Y TRIBUNA CAMARAL\"}]},{\"@type\":\"WebSite\",\"@id\":\"https:\\\/\\\/expressometro.mx\\\/#website\",\"url\":\"https:\\\/\\\/expressometro.mx\\\/\",\"name\":\"Expresso Metropolitano\",\"description\":\"Periodismo comprometido, informaci\u00f3n, investigaci\u00f3n y an\u00e1lisis\",\"publisher\":{\"@id\":\"https:\\\/\\\/expressometro.mx\\\/#organization\"},\"potentialAction\":[{\"@type\":\"SearchAction\",\"target\":{\"@type\":\"EntryPoint\",\"urlTemplate\":\"https:\\\/\\\/expressometro.mx\\\/?s={search_term_string}\"},\"query-input\":{\"@type\":\"PropertyValueSpecification\",\"valueRequired\":true,\"valueName\":\"search_term_string\"}}],\"inLanguage\":\"es\"},{\"@type\":\"Organization\",\"@id\":\"https:\\\/\\\/expressometro.mx\\\/#organization\",\"name\":\"Expresso Metropolitano\",\"url\":\"https:\\\/\\\/expressometro.mx\\\/\",\"logo\":{\"@type\":\"ImageObject\",\"inLanguage\":\"es\",\"@id\":\"https:\\\/\\\/expressometro.mx\\\/#\\\/schema\\\/logo\\\/image\\\/\",\"url\":\"https:\\\/\\\/expressometro.mx\\\/wp-content\\\/uploads\\\/2019\\\/07\\\/cropped-Logo-Expresso-Metropolitano-1-1.jpeg\",\"contentUrl\":\"https:\\\/\\\/expressometro.mx\\\/wp-content\\\/uploads\\\/2019\\\/07\\\/cropped-Logo-Expresso-Metropolitano-1-1.jpeg\",\"width\":290,\"height\":73,\"caption\":\"Expresso Metropolitano\"},\"image\":{\"@id\":\"https:\\\/\\\/expressometro.mx\\\/#\\\/schema\\\/logo\\\/image\\\/\"}},{\"@type\":\"Person\",\"@id\":\"https:\\\/\\\/expressometro.mx\\\/#\\\/schema\\\/person\\\/67a95b8e3862085c7598f66237488f1f\",\"name\":\"Cecilia Vega\",\"image\":{\"@type\":\"ImageObject\",\"inLanguage\":\"es\",\"@id\":\"https:\\\/\\\/secure.gravatar.com\\\/avatar\\\/13aae9944ab2ee472a9e407c9487fdbd03b049abaa559af32fe5dbcf615c981b?s=96&d=mm&r=g\",\"url\":\"https:\\\/\\\/secure.gravatar.com\\\/avatar\\\/13aae9944ab2ee472a9e407c9487fdbd03b049abaa559af32fe5dbcf615c981b?s=96&d=mm&r=g\",\"contentUrl\":\"https:\\\/\\\/secure.gravatar.com\\\/avatar\\\/13aae9944ab2ee472a9e407c9487fdbd03b049abaa559af32fe5dbcf615c981b?s=96&d=mm&r=g\",\"caption\":\"Cecilia Vega\"},\"url\":\"https:\\\/\\\/expressometro.mx\\\/index.php\\\/author\\\/cecilia-vega\\\/\"}]}<\/script>\n<!-- \/ Yoast SEO plugin. -->","yoast_head_json":{"title":"ATIENDE IV\u00c1N ESQUER POSICI\u00d3N EN COMISIONES Y TRIBUNA CAMARAL - Expresso Metropolitano","robots":{"index":"index","follow":"follow","max-snippet":"max-snippet:-1","max-image-preview":"max-image-preview:large","max-video-preview":"max-video-preview:-1"},"canonical":"https:\/\/expressometro.mx\/index.php\/2021\/12\/10\/atiende-ivan-esquer-posicion-en-comisiones-y-tribuna-camaral\/","og_locale":"es_MX","og_type":"article","og_title":"ATIENDE IV\u00c1N ESQUER POSICI\u00d3N EN COMISIONES Y TRIBUNA CAMARAL - Expresso Metropolitano","og_description":"Dio a conocer que los diferentes grupos parlamentarios presentaron iniciativas para fortalecer el marco jur\u00eddico.","og_url":"https:\/\/expressometro.mx\/index.php\/2021\/12\/10\/atiende-ivan-esquer-posicion-en-comisiones-y-tribuna-camaral\/","og_site_name":"Expresso Metropolitano","article_published_time":"2021-12-11T04:40:00+00:00","article_modified_time":"2021-12-14T04:43:16+00:00","og_image":[{"width":960,"height":640,"url":"http:\/\/expressometro.mx\/wp-content\/uploads\/2021\/12\/A4FC50A4-71C1-4DB8-9093-32808EAC6EC7.jpeg","type":"image\/jpeg"}],"author":"Cecilia Vega","twitter_misc":{"Escrito por":"Cecilia Vega","Tiempo de lectura":"2 minutos"},"schema":{"@context":"https:\/\/schema.org","@graph":[{"@type":"Article","@id":"https:\/\/expressometro.mx\/index.php\/2021\/12\/10\/atiende-ivan-esquer-posicion-en-comisiones-y-tribuna-camaral\/#article","isPartOf":{"@id":"https:\/\/expressometro.mx\/index.php\/2021\/12\/10\/atiende-ivan-esquer-posicion-en-comisiones-y-tribuna-camaral\/"},"author":{"name":"Cecilia Vega","@id":"https:\/\/expressometro.mx\/#\/schema\/person\/67a95b8e3862085c7598f66237488f1f"},"headline":"ATIENDE IV\u00c1N ESQUER POSICI\u00d3N EN COMISIONES Y TRIBUNA CAMARAL","datePublished":"2021-12-11T04:40:00+00:00","dateModified":"2021-12-14T04:43:16+00:00","mainEntityOfPage":{"@id":"https:\/\/expressometro.mx\/index.php\/2021\/12\/10\/atiende-ivan-esquer-posicion-en-comisiones-y-tribuna-camaral\/"},"wordCount":223,"commentCount":0,"publisher":{"@id":"https:\/\/expressometro.mx\/#organization"},"image":{"@id":"https:\/\/expressometro.mx\/index.php\/2021\/12\/10\/atiende-ivan-esquer-posicion-en-comisiones-y-tribuna-camaral\/#primaryimage"},"thumbnailUrl":"https:\/\/expressometro.mx\/wp-content\/uploads\/2021\/12\/A4FC50A4-71C1-4DB8-9093-32808EAC6EC7.jpeg","keywords":["Iv\u00e1n Esquer","LXI Legislatura"],"articleSection":["Gobierno"],"inLanguage":"es","potentialAction":[{"@type":"CommentAction","name":"Comment","target":["https:\/\/expressometro.mx\/index.php\/2021\/12\/10\/atiende-ivan-esquer-posicion-en-comisiones-y-tribuna-camaral\/#respond"]}]},{"@type":"WebPage","@id":"https:\/\/expressometro.mx\/index.php\/2021\/12\/10\/atiende-ivan-esquer-posicion-en-comisiones-y-tribuna-camaral\/","url":"https:\/\/expressometro.mx\/index.php\/2021\/12\/10\/atiende-ivan-esquer-posicion-en-comisiones-y-tribuna-camaral\/","name":"ATIENDE IV\u00c1N ESQUER POSICI\u00d3N EN COMISIONES Y TRIBUNA CAMARAL - Expresso Metropolitano","isPartOf":{"@id":"https:\/\/expressometro.mx\/#website"},"primaryImageOfPage":{"@id":"https:\/\/expressometro.mx\/index.php\/2021\/12\/10\/atiende-ivan-esquer-posicion-en-comisiones-y-tribuna-camaral\/#primaryimage"},"image":{"@id":"https:\/\/expressometro.mx\/index.php\/2021\/12\/10\/atiende-ivan-esquer-posicion-en-comisiones-y-tribuna-camaral\/#primaryimage"},"thumbnailUrl":"https:\/\/expressometro.mx\/wp-content\/uploads\/2021\/12\/A4FC50A4-71C1-4DB8-9093-32808EAC6EC7.jpeg","datePublished":"2021-12-11T04:40:00+00:00","dateModified":"2021-12-14T04:43:16+00:00","breadcrumb":{"@id":"https:\/\/expressometro.mx\/index.php\/2021\/12\/10\/atiende-ivan-esquer-posicion-en-comisiones-y-tribuna-camaral\/#breadcrumb"},"inLanguage":"es","potentialAction":[{"@type":"ReadAction","target":["https:\/\/expressometro.mx\/index.php\/2021\/12\/10\/atiende-ivan-esquer-posicion-en-comisiones-y-tribuna-camaral\/"]}]},{"@type":"ImageObject","inLanguage":"es","@id":"https:\/\/expressometro.mx\/index.php\/2021\/12\/10\/atiende-ivan-esquer-posicion-en-comisiones-y-tribuna-camaral\/#primaryimage","url":"https:\/\/expressometro.mx\/wp-content\/uploads\/2021\/12\/A4FC50A4-71C1-4DB8-9093-32808EAC6EC7.jpeg","contentUrl":"https:\/\/expressometro.mx\/wp-content\/uploads\/2021\/12\/A4FC50A4-71C1-4DB8-9093-32808EAC6EC7.jpeg","width":960,"height":640},{"@type":"BreadcrumbList","@id":"https:\/\/expressometro.mx\/index.php\/2021\/12\/10\/atiende-ivan-esquer-posicion-en-comisiones-y-tribuna-camaral\/#breadcrumb","itemListElement":[{"@type":"ListItem","position":1,"name":"Inicio","item":"https:\/\/expressometro.mx\/"},{"@type":"ListItem","position":2,"name":"ATIENDE IV\u00c1N ESQUER POSICI\u00d3N EN COMISIONES Y TRIBUNA CAMARAL"}]},{"@type":"WebSite","@id":"https:\/\/expressometro.mx\/#website","url":"https:\/\/expressometro.mx\/","name":"Expresso Metropolitano","description":"Periodismo comprometido, informaci\u00f3n, investigaci\u00f3n y an\u00e1lisis","publisher":{"@id":"https:\/\/expressometro.mx\/#organization"},"potentialAction":[{"@type":"SearchAction","target":{"@type":"EntryPoint","urlTemplate":"https:\/\/expressometro.mx\/?s={search_term_string}"},"query-input":{"@type":"PropertyValueSpecification","valueRequired":true,"valueName":"search_term_string"}}],"inLanguage":"es"},{"@type":"Organization","@id":"https:\/\/expressometro.mx\/#organization","name":"Expresso Metropolitano","url":"https:\/\/expressometro.mx\/","logo":{"@type":"ImageObject","inLanguage":"es","@id":"https:\/\/expressometro.mx\/#\/schema\/logo\/image\/","url":"https:\/\/expressometro.mx\/wp-content\/uploads\/2019\/07\/cropped-Logo-Expresso-Metropolitano-1-1.jpeg","contentUrl":"https:\/\/expressometro.mx\/wp-content\/uploads\/2019\/07\/cropped-Logo-Expresso-Metropolitano-1-1.jpeg","width":290,"height":73,"caption":"Expresso Metropolitano"},"image":{"@id":"https:\/\/expressometro.mx\/#\/schema\/logo\/image\/"}},{"@type":"Person","@id":"https:\/\/expressometro.mx\/#\/schema\/person\/67a95b8e3862085c7598f66237488f1f","name":"Cecilia Vega","image":{"@type":"ImageObject","inLanguage":"es","@id":"https:\/\/secure.gravatar.com\/avatar\/13aae9944ab2ee472a9e407c9487fdbd03b049abaa559af32fe5dbcf615c981b?s=96&d=mm&r=g","url":"https:\/\/secure.gravatar.com\/avatar\/13aae9944ab2ee472a9e407c9487fdbd03b049abaa559af32fe5dbcf615c981b?s=96&d=mm&r=g","contentUrl":"https:\/\/secure.gravatar.com\/avatar\/13aae9944ab2ee472a9e407c9487fdbd03b049abaa559af32fe5dbcf615c981b?s=96&d=mm&r=g","caption":"Cecilia Vega"},"url":"https:\/\/expressometro.mx\/index.php\/author\/cecilia-vega\/"}]}},"amp_enabled":true,"_links":{"self":[{"href":"https:\/\/expressometro.mx\/index.php\/wp-json\/wp\/v2\/posts\/4630","targetHints":{"allow":["GET"]}}],"collection":[{"href":"https:\/\/expressometro.mx\/index.php\/wp-json\/wp\/v2\/posts"}],"about":[{"href":"https:\/\/expressometro.mx\/index.php\/wp-json\/wp\/v2\/types\/post"}],"author":[{"embeddable":true,"href":"https:\/\/expressometro.mx\/index.php\/wp-json\/wp\/v2\/users\/2"}],"replies":[{"embeddable":true,"href":"https:\/\/expressometro.mx\/index.php\/wp-json\/wp\/v2\/comments?post=4630"}],"version-history":[{"count":1,"href":"https:\/\/expressometro.mx\/index.php\/wp-json\/wp\/v2\/posts\/4630\/revisions"}],"predecessor-version":[{"id":4635,"href":"https:\/\/expressometro.mx\/index.php\/wp-json\/wp\/v2\/posts\/4630\/revisions\/4635"}],"wp:featuredmedia":[{"embeddable":true,"href":"https:\/\/expressometro.mx\/index.php\/wp-json\/wp\/v2\/media\/4634"}],"wp:attachment":[{"href":"https:\/\/expressometro.mx\/index.php\/wp-json\/wp\/v2\/media?parent=4630"}],"wp:term":[{"taxonomy":"category","embeddable":true,"href":"https:\/\/expressometro.mx\/index.php\/wp-json\/wp\/v2\/categories?post=4630"},{"taxonomy":"post_tag","embeddable":true,"href":"https:\/\/expressometro.mx\/index.php\/wp-json\/wp\/v2\/tags?post=4630"}],"curies":[{"name":"wp","href":"https:\/\/api.w.org\/{rel}","templated":true}]}}