{"id":4618,"date":"2021-12-12T12:22:42","date_gmt":"2021-12-12T18:22:42","guid":{"rendered":"https:\/\/expressometro.mx\/?p=4618"},"modified":"2021-12-12T12:22:43","modified_gmt":"2021-12-12T18:22:43","slug":"queda-tejupilco-en-buenas-manos","status":"publish","type":"post","link":"https:\/\/expressometro.mx\/index.php\/2021\/12\/12\/queda-tejupilco-en-buenas-manos\/","title":{"rendered":"Queda Tejupilco en buenas manos"},"content":{"rendered":"\n<p>Al rendir protesta como alcalde de Tejupilco, Rigoberto L\u00f3pez Rivera dej\u00f3 en claro que su administraci\u00f3n aspira a ser eficaz, eficiente y efectiva para cumplir las expectativas del pueblo que con el esfuerzo de todos se podr\u00e1 alcanzar el desarrollo de las familias.<\/p>\n\n\n\n<p>Ante representante del gobierno estatal, Jorge Rescala P\u00e9rez, el Presidente municipal electo dijo que el prop\u00f3sito es contar con un mejor espacio donde habitar por ello \u201cquedo comprometido para dar el mejor resultado\u201d.<\/p>\n\n\n\n<p>L\u00f3pez Rivera sostuvo que se ha dise\u00f1ado un plan de trabajo luego de sentir las necesidades m\u00e1s apremiantes de Tejupilco.<\/p>\n\n\n\n<p>En materia de desarrollo social se dar\u00e1 atenci\u00f3n a grupos vulnerables como adultos mayores, j\u00f3venes, migrantes, mujeres y pueblos ind\u00edgenas. \u201cCrearemos la direcci\u00f3n de la mujer para erradicar cualquier tipo de violencia y discriminaci\u00f3n\u201d.<\/p>\n\n\n\n<p>En desarrollo econ\u00f3mico se sentar\u00e1n las bases de un municipio competitivo y se impulsar\u00e1 la econom\u00eda local con qpoyo y subsidio a la producci\u00f3n.<\/p>\n\n\n\n<p>En desarrollo urbano se atender el servicio de agua potable para la comunidades, pues es una demanda muy sentida del pueblo. \u201cEs impostergable, el Pueblo y gobierno encontrar\u00e1n la soluci\u00f3n al desabasto\u201d.<\/p>\n\n\n\n<p>En Seguridad p\u00fablica dijo que se aplicar\u00e1n Cursos de capacitaci\u00f3n y certificaci\u00f3n del servicio; un Plan de prevenci\u00f3n del delito y la elaboraci\u00f3n del atlas de riesgo municipal.<\/p>\n\n\n\n<figure class=\"wp-block-image size-large\"><img decoding=\"async\" width=\"557\" height=\"480\" src=\"https:\/\/expressometro.mx\/wp-content\/uploads\/2021\/12\/958151C7-3B31-4B51-AA20-4DEC25716CB8-557x480.jpeg\" alt=\"\" class=\"wp-image-4619\" srcset=\"https:\/\/expressometro.mx\/wp-content\/uploads\/2021\/12\/958151C7-3B31-4B51-AA20-4DEC25716CB8-557x480.jpeg 557w, https:\/\/expressometro.mx\/wp-content\/uploads\/2021\/12\/958151C7-3B31-4B51-AA20-4DEC25716CB8-423x365.jpeg 423w, https:\/\/expressometro.mx\/wp-content\/uploads\/2021\/12\/958151C7-3B31-4B51-AA20-4DEC25716CB8-768x662.jpeg 768w, https:\/\/expressometro.mx\/wp-content\/uploads\/2021\/12\/958151C7-3B31-4B51-AA20-4DEC25716CB8-1536x1325.jpeg 1536w, https:\/\/expressometro.mx\/wp-content\/uploads\/2021\/12\/958151C7-3B31-4B51-AA20-4DEC25716CB8.jpeg 1600w\" sizes=\"(max-width: 557px) 100vw, 557px\" \/><\/figure>\n","protected":false},"excerpt":{"rendered":"<p>L\u00f3pez Rivera sostuvo que se ha dise\u00f1ado un plan de trabajo luego de sentir las necesidades m\u00e1s apremiantes de Tejupilco.<\/p>\n","protected":false},"author":2,"featured_media":4621,"comment_status":"open","ping_status":"open","sticky":false,"template":"","format":"standard","meta":{"footnotes":""},"categories":[1],"tags":[471],"class_list":["post-4618","post","type-post","status-publish","format-standard","has-post-thumbnail","hentry","category-otros","tag-tejupilco"],"yoast_head":"<!-- This site is optimized with the Yoast SEO plugin v27.5 - https:\/\/yoast.com\/product\/yoast-seo-wordpress\/ -->\n<title>Queda Tejupilco en buenas manos - Expresso Metropolitano<\/title>\n<meta name=\"robots\" content=\"index, follow, max-snippet:-1, max-image-preview:large, max-video-preview:-1\" \/>\n<link rel=\"canonical\" href=\"https:\/\/expressometro.mx\/index.php\/2021\/12\/12\/queda-tejupilco-en-buenas-manos\/\" \/>\n<meta property=\"og:locale\" content=\"es_MX\" \/>\n<meta property=\"og:type\" content=\"article\" \/>\n<meta property=\"og:title\" content=\"Queda Tejupilco en buenas manos - Expresso Metropolitano\" \/>\n<meta property=\"og:description\" content=\"L\u00f3pez Rivera sostuvo que se ha dise\u00f1ado un plan de trabajo luego de sentir las necesidades m\u00e1s apremiantes de Tejupilco.\" \/>\n<meta property=\"og:url\" content=\"https:\/\/expressometro.mx\/index.php\/2021\/12\/12\/queda-tejupilco-en-buenas-manos\/\" \/>\n<meta property=\"og:site_name\" content=\"Expresso Metropolitano\" \/>\n<meta property=\"article:published_time\" content=\"2021-12-12T18:22:42+00:00\" \/>\n<meta property=\"article:modified_time\" content=\"2021-12-12T18:22:43+00:00\" \/>\n<meta property=\"og:image\" content=\"http:\/\/expressometro.mx\/wp-content\/uploads\/2021\/12\/55220B96-357E-4C4B-8858-BD773995C4D4.jpeg\" \/>\n\t<meta property=\"og:image:width\" content=\"1600\" \/>\n\t<meta property=\"og:image:height\" content=\"737\" \/>\n\t<meta property=\"og:image:type\" content=\"image\/jpeg\" \/>\n<meta name=\"author\" content=\"Cecilia Vega\" \/>\n<meta name=\"twitter:label1\" content=\"Escrito por\" \/>\n\t<meta name=\"twitter:data1\" content=\"Cecilia Vega\" \/>\n\t<meta name=\"twitter:label2\" content=\"Tiempo de lectura\" \/>\n\t<meta name=\"twitter:data2\" content=\"2 minutos\" \/>\n<script type=\"application\/ld+json\" class=\"yoast-schema-graph\">{\"@context\":\"https:\\\/\\\/schema.org\",\"@graph\":[{\"@type\":\"Article\",\"@id\":\"https:\\\/\\\/expressometro.mx\\\/index.php\\\/2021\\\/12\\\/12\\\/queda-tejupilco-en-buenas-manos\\\/#article\",\"isPartOf\":{\"@id\":\"https:\\\/\\\/expressometro.mx\\\/index.php\\\/2021\\\/12\\\/12\\\/queda-tejupilco-en-buenas-manos\\\/\"},\"author\":{\"name\":\"Cecilia Vega\",\"@id\":\"https:\\\/\\\/expressometro.mx\\\/#\\\/schema\\\/person\\\/67a95b8e3862085c7598f66237488f1f\"},\"headline\":\"Queda Tejupilco en buenas manos\",\"datePublished\":\"2021-12-12T18:22:42+00:00\",\"dateModified\":\"2021-12-12T18:22:43+00:00\",\"mainEntityOfPage\":{\"@id\":\"https:\\\/\\\/expressometro.mx\\\/index.php\\\/2021\\\/12\\\/12\\\/queda-tejupilco-en-buenas-manos\\\/\"},\"wordCount\":243,\"commentCount\":0,\"publisher\":{\"@id\":\"https:\\\/\\\/expressometro.mx\\\/#organization\"},\"image\":{\"@id\":\"https:\\\/\\\/expressometro.mx\\\/index.php\\\/2021\\\/12\\\/12\\\/queda-tejupilco-en-buenas-manos\\\/#primaryimage\"},\"thumbnailUrl\":\"https:\\\/\\\/expressometro.mx\\\/wp-content\\\/uploads\\\/2021\\\/12\\\/55220B96-357E-4C4B-8858-BD773995C4D4.jpeg\",\"keywords\":[\"Tejupilco\"],\"articleSection\":[\"Otros\"],\"inLanguage\":\"es\",\"potentialAction\":[{\"@type\":\"CommentAction\",\"name\":\"Comment\",\"target\":[\"https:\\\/\\\/expressometro.mx\\\/index.php\\\/2021\\\/12\\\/12\\\/queda-tejupilco-en-buenas-manos\\\/#respond\"]}]},{\"@type\":\"WebPage\",\"@id\":\"https:\\\/\\\/expressometro.mx\\\/index.php\\\/2021\\\/12\\\/12\\\/queda-tejupilco-en-buenas-manos\\\/\",\"url\":\"https:\\\/\\\/expressometro.mx\\\/index.php\\\/2021\\\/12\\\/12\\\/queda-tejupilco-en-buenas-manos\\\/\",\"name\":\"Queda Tejupilco en buenas manos - Expresso Metropolitano\",\"isPartOf\":{\"@id\":\"https:\\\/\\\/expressometro.mx\\\/#website\"},\"primaryImageOfPage\":{\"@id\":\"https:\\\/\\\/expressometro.mx\\\/index.php\\\/2021\\\/12\\\/12\\\/queda-tejupilco-en-buenas-manos\\\/#primaryimage\"},\"image\":{\"@id\":\"https:\\\/\\\/expressometro.mx\\\/index.php\\\/2021\\\/12\\\/12\\\/queda-tejupilco-en-buenas-manos\\\/#primaryimage\"},\"thumbnailUrl\":\"https:\\\/\\\/expressometro.mx\\\/wp-content\\\/uploads\\\/2021\\\/12\\\/55220B96-357E-4C4B-8858-BD773995C4D4.jpeg\",\"datePublished\":\"2021-12-12T18:22:42+00:00\",\"dateModified\":\"2021-12-12T18:22:43+00:00\",\"breadcrumb\":{\"@id\":\"https:\\\/\\\/expressometro.mx\\\/index.php\\\/2021\\\/12\\\/12\\\/queda-tejupilco-en-buenas-manos\\\/#breadcrumb\"},\"inLanguage\":\"es\",\"potentialAction\":[{\"@type\":\"ReadAction\",\"target\":[\"https:\\\/\\\/expressometro.mx\\\/index.php\\\/2021\\\/12\\\/12\\\/queda-tejupilco-en-buenas-manos\\\/\"]}]},{\"@type\":\"ImageObject\",\"inLanguage\":\"es\",\"@id\":\"https:\\\/\\\/expressometro.mx\\\/index.php\\\/2021\\\/12\\\/12\\\/queda-tejupilco-en-buenas-manos\\\/#primaryimage\",\"url\":\"https:\\\/\\\/expressometro.mx\\\/wp-content\\\/uploads\\\/2021\\\/12\\\/55220B96-357E-4C4B-8858-BD773995C4D4.jpeg\",\"contentUrl\":\"https:\\\/\\\/expressometro.mx\\\/wp-content\\\/uploads\\\/2021\\\/12\\\/55220B96-357E-4C4B-8858-BD773995C4D4.jpeg\",\"width\":1600,\"height\":737},{\"@type\":\"BreadcrumbList\",\"@id\":\"https:\\\/\\\/expressometro.mx\\\/index.php\\\/2021\\\/12\\\/12\\\/queda-tejupilco-en-buenas-manos\\\/#breadcrumb\",\"itemListElement\":[{\"@type\":\"ListItem\",\"position\":1,\"name\":\"Inicio\",\"item\":\"https:\\\/\\\/expressometro.mx\\\/\"},{\"@type\":\"ListItem\",\"position\":2,\"name\":\"Queda Tejupilco en buenas manos\"}]},{\"@type\":\"WebSite\",\"@id\":\"https:\\\/\\\/expressometro.mx\\\/#website\",\"url\":\"https:\\\/\\\/expressometro.mx\\\/\",\"name\":\"Expresso Metropolitano\",\"description\":\"Periodismo comprometido, informaci\u00f3n, investigaci\u00f3n y an\u00e1lisis\",\"publisher\":{\"@id\":\"https:\\\/\\\/expressometro.mx\\\/#organization\"},\"potentialAction\":[{\"@type\":\"SearchAction\",\"target\":{\"@type\":\"EntryPoint\",\"urlTemplate\":\"https:\\\/\\\/expressometro.mx\\\/?s={search_term_string}\"},\"query-input\":{\"@type\":\"PropertyValueSpecification\",\"valueRequired\":true,\"valueName\":\"search_term_string\"}}],\"inLanguage\":\"es\"},{\"@type\":\"Organization\",\"@id\":\"https:\\\/\\\/expressometro.mx\\\/#organization\",\"name\":\"Expresso Metropolitano\",\"url\":\"https:\\\/\\\/expressometro.mx\\\/\",\"logo\":{\"@type\":\"ImageObject\",\"inLanguage\":\"es\",\"@id\":\"https:\\\/\\\/expressometro.mx\\\/#\\\/schema\\\/logo\\\/image\\\/\",\"url\":\"https:\\\/\\\/expressometro.mx\\\/wp-content\\\/uploads\\\/2019\\\/07\\\/cropped-Logo-Expresso-Metropolitano-1-1.jpeg\",\"contentUrl\":\"https:\\\/\\\/expressometro.mx\\\/wp-content\\\/uploads\\\/2019\\\/07\\\/cropped-Logo-Expresso-Metropolitano-1-1.jpeg\",\"width\":290,\"height\":73,\"caption\":\"Expresso Metropolitano\"},\"image\":{\"@id\":\"https:\\\/\\\/expressometro.mx\\\/#\\\/schema\\\/logo\\\/image\\\/\"}},{\"@type\":\"Person\",\"@id\":\"https:\\\/\\\/expressometro.mx\\\/#\\\/schema\\\/person\\\/67a95b8e3862085c7598f66237488f1f\",\"name\":\"Cecilia Vega\",\"image\":{\"@type\":\"ImageObject\",\"inLanguage\":\"es\",\"@id\":\"https:\\\/\\\/secure.gravatar.com\\\/avatar\\\/13aae9944ab2ee472a9e407c9487fdbd03b049abaa559af32fe5dbcf615c981b?s=96&d=mm&r=g\",\"url\":\"https:\\\/\\\/secure.gravatar.com\\\/avatar\\\/13aae9944ab2ee472a9e407c9487fdbd03b049abaa559af32fe5dbcf615c981b?s=96&d=mm&r=g\",\"contentUrl\":\"https:\\\/\\\/secure.gravatar.com\\\/avatar\\\/13aae9944ab2ee472a9e407c9487fdbd03b049abaa559af32fe5dbcf615c981b?s=96&d=mm&r=g\",\"caption\":\"Cecilia Vega\"},\"url\":\"https:\\\/\\\/expressometro.mx\\\/index.php\\\/author\\\/cecilia-vega\\\/\"}]}<\/script>\n<!-- \/ Yoast SEO plugin. -->","yoast_head_json":{"title":"Queda Tejupilco en buenas manos - Expresso Metropolitano","robots":{"index":"index","follow":"follow","max-snippet":"max-snippet:-1","max-image-preview":"max-image-preview:large","max-video-preview":"max-video-preview:-1"},"canonical":"https:\/\/expressometro.mx\/index.php\/2021\/12\/12\/queda-tejupilco-en-buenas-manos\/","og_locale":"es_MX","og_type":"article","og_title":"Queda Tejupilco en buenas manos - Expresso Metropolitano","og_description":"L\u00f3pez Rivera sostuvo que se ha dise\u00f1ado un plan de trabajo luego de sentir las necesidades m\u00e1s apremiantes de Tejupilco.","og_url":"https:\/\/expressometro.mx\/index.php\/2021\/12\/12\/queda-tejupilco-en-buenas-manos\/","og_site_name":"Expresso Metropolitano","article_published_time":"2021-12-12T18:22:42+00:00","article_modified_time":"2021-12-12T18:22:43+00:00","og_image":[{"width":1600,"height":737,"url":"http:\/\/expressometro.mx\/wp-content\/uploads\/2021\/12\/55220B96-357E-4C4B-8858-BD773995C4D4.jpeg","type":"image\/jpeg"}],"author":"Cecilia Vega","twitter_misc":{"Escrito por":"Cecilia Vega","Tiempo de lectura":"2 minutos"},"schema":{"@context":"https:\/\/schema.org","@graph":[{"@type":"Article","@id":"https:\/\/expressometro.mx\/index.php\/2021\/12\/12\/queda-tejupilco-en-buenas-manos\/#article","isPartOf":{"@id":"https:\/\/expressometro.mx\/index.php\/2021\/12\/12\/queda-tejupilco-en-buenas-manos\/"},"author":{"name":"Cecilia Vega","@id":"https:\/\/expressometro.mx\/#\/schema\/person\/67a95b8e3862085c7598f66237488f1f"},"headline":"Queda Tejupilco en buenas manos","datePublished":"2021-12-12T18:22:42+00:00","dateModified":"2021-12-12T18:22:43+00:00","mainEntityOfPage":{"@id":"https:\/\/expressometro.mx\/index.php\/2021\/12\/12\/queda-tejupilco-en-buenas-manos\/"},"wordCount":243,"commentCount":0,"publisher":{"@id":"https:\/\/expressometro.mx\/#organization"},"image":{"@id":"https:\/\/expressometro.mx\/index.php\/2021\/12\/12\/queda-tejupilco-en-buenas-manos\/#primaryimage"},"thumbnailUrl":"https:\/\/expressometro.mx\/wp-content\/uploads\/2021\/12\/55220B96-357E-4C4B-8858-BD773995C4D4.jpeg","keywords":["Tejupilco"],"articleSection":["Otros"],"inLanguage":"es","potentialAction":[{"@type":"CommentAction","name":"Comment","target":["https:\/\/expressometro.mx\/index.php\/2021\/12\/12\/queda-tejupilco-en-buenas-manos\/#respond"]}]},{"@type":"WebPage","@id":"https:\/\/expressometro.mx\/index.php\/2021\/12\/12\/queda-tejupilco-en-buenas-manos\/","url":"https:\/\/expressometro.mx\/index.php\/2021\/12\/12\/queda-tejupilco-en-buenas-manos\/","name":"Queda Tejupilco en buenas manos - Expresso Metropolitano","isPartOf":{"@id":"https:\/\/expressometro.mx\/#website"},"primaryImageOfPage":{"@id":"https:\/\/expressometro.mx\/index.php\/2021\/12\/12\/queda-tejupilco-en-buenas-manos\/#primaryimage"},"image":{"@id":"https:\/\/expressometro.mx\/index.php\/2021\/12\/12\/queda-tejupilco-en-buenas-manos\/#primaryimage"},"thumbnailUrl":"https:\/\/expressometro.mx\/wp-content\/uploads\/2021\/12\/55220B96-357E-4C4B-8858-BD773995C4D4.jpeg","datePublished":"2021-12-12T18:22:42+00:00","dateModified":"2021-12-12T18:22:43+00:00","breadcrumb":{"@id":"https:\/\/expressometro.mx\/index.php\/2021\/12\/12\/queda-tejupilco-en-buenas-manos\/#breadcrumb"},"inLanguage":"es","potentialAction":[{"@type":"ReadAction","target":["https:\/\/expressometro.mx\/index.php\/2021\/12\/12\/queda-tejupilco-en-buenas-manos\/"]}]},{"@type":"ImageObject","inLanguage":"es","@id":"https:\/\/expressometro.mx\/index.php\/2021\/12\/12\/queda-tejupilco-en-buenas-manos\/#primaryimage","url":"https:\/\/expressometro.mx\/wp-content\/uploads\/2021\/12\/55220B96-357E-4C4B-8858-BD773995C4D4.jpeg","contentUrl":"https:\/\/expressometro.mx\/wp-content\/uploads\/2021\/12\/55220B96-357E-4C4B-8858-BD773995C4D4.jpeg","width":1600,"height":737},{"@type":"BreadcrumbList","@id":"https:\/\/expressometro.mx\/index.php\/2021\/12\/12\/queda-tejupilco-en-buenas-manos\/#breadcrumb","itemListElement":[{"@type":"ListItem","position":1,"name":"Inicio","item":"https:\/\/expressometro.mx\/"},{"@type":"ListItem","position":2,"name":"Queda Tejupilco en buenas manos"}]},{"@type":"WebSite","@id":"https:\/\/expressometro.mx\/#website","url":"https:\/\/expressometro.mx\/","name":"Expresso Metropolitano","description":"Periodismo comprometido, informaci\u00f3n, investigaci\u00f3n y an\u00e1lisis","publisher":{"@id":"https:\/\/expressometro.mx\/#organization"},"potentialAction":[{"@type":"SearchAction","target":{"@type":"EntryPoint","urlTemplate":"https:\/\/expressometro.mx\/?s={search_term_string}"},"query-input":{"@type":"PropertyValueSpecification","valueRequired":true,"valueName":"search_term_string"}}],"inLanguage":"es"},{"@type":"Organization","@id":"https:\/\/expressometro.mx\/#organization","name":"Expresso Metropolitano","url":"https:\/\/expressometro.mx\/","logo":{"@type":"ImageObject","inLanguage":"es","@id":"https:\/\/expressometro.mx\/#\/schema\/logo\/image\/","url":"https:\/\/expressometro.mx\/wp-content\/uploads\/2019\/07\/cropped-Logo-Expresso-Metropolitano-1-1.jpeg","contentUrl":"https:\/\/expressometro.mx\/wp-content\/uploads\/2019\/07\/cropped-Logo-Expresso-Metropolitano-1-1.jpeg","width":290,"height":73,"caption":"Expresso Metropolitano"},"image":{"@id":"https:\/\/expressometro.mx\/#\/schema\/logo\/image\/"}},{"@type":"Person","@id":"https:\/\/expressometro.mx\/#\/schema\/person\/67a95b8e3862085c7598f66237488f1f","name":"Cecilia Vega","image":{"@type":"ImageObject","inLanguage":"es","@id":"https:\/\/secure.gravatar.com\/avatar\/13aae9944ab2ee472a9e407c9487fdbd03b049abaa559af32fe5dbcf615c981b?s=96&d=mm&r=g","url":"https:\/\/secure.gravatar.com\/avatar\/13aae9944ab2ee472a9e407c9487fdbd03b049abaa559af32fe5dbcf615c981b?s=96&d=mm&r=g","contentUrl":"https:\/\/secure.gravatar.com\/avatar\/13aae9944ab2ee472a9e407c9487fdbd03b049abaa559af32fe5dbcf615c981b?s=96&d=mm&r=g","caption":"Cecilia Vega"},"url":"https:\/\/expressometro.mx\/index.php\/author\/cecilia-vega\/"}]}},"amp_enabled":true,"_links":{"self":[{"href":"https:\/\/expressometro.mx\/index.php\/wp-json\/wp\/v2\/posts\/4618","targetHints":{"allow":["GET"]}}],"collection":[{"href":"https:\/\/expressometro.mx\/index.php\/wp-json\/wp\/v2\/posts"}],"about":[{"href":"https:\/\/expressometro.mx\/index.php\/wp-json\/wp\/v2\/types\/post"}],"author":[{"embeddable":true,"href":"https:\/\/expressometro.mx\/index.php\/wp-json\/wp\/v2\/users\/2"}],"replies":[{"embeddable":true,"href":"https:\/\/expressometro.mx\/index.php\/wp-json\/wp\/v2\/comments?post=4618"}],"version-history":[{"count":1,"href":"https:\/\/expressometro.mx\/index.php\/wp-json\/wp\/v2\/posts\/4618\/revisions"}],"predecessor-version":[{"id":4622,"href":"https:\/\/expressometro.mx\/index.php\/wp-json\/wp\/v2\/posts\/4618\/revisions\/4622"}],"wp:featuredmedia":[{"embeddable":true,"href":"https:\/\/expressometro.mx\/index.php\/wp-json\/wp\/v2\/media\/4621"}],"wp:attachment":[{"href":"https:\/\/expressometro.mx\/index.php\/wp-json\/wp\/v2\/media?parent=4618"}],"wp:term":[{"taxonomy":"category","embeddable":true,"href":"https:\/\/expressometro.mx\/index.php\/wp-json\/wp\/v2\/categories?post=4618"},{"taxonomy":"post_tag","embeddable":true,"href":"https:\/\/expressometro.mx\/index.php\/wp-json\/wp\/v2\/tags?post=4618"}],"curies":[{"name":"wp","href":"https:\/\/api.w.org\/{rel}","templated":true}]}}