{"id":4580,"date":"2021-12-02T14:34:24","date_gmt":"2021-12-02T20:34:24","guid":{"rendered":"https:\/\/expressometro.mx\/?p=4580"},"modified":"2021-12-02T14:34:24","modified_gmt":"2021-12-02T20:34:24","slug":"marca-grupo-parlamentario-del-pri-la-agenda-legislativa","status":"publish","type":"post","link":"https:\/\/expressometro.mx\/index.php\/2021\/12\/02\/marca-grupo-parlamentario-del-pri-la-agenda-legislativa\/","title":{"rendered":"MARCA GRUPO PARLAMENTARIO DEL PRI LA AGENDA LEGISLATIVA"},"content":{"rendered":"\n<p>Con las sesiones ordinarias en la C\u00e1mara de Diputados, previamente el Grupo Parlamentario del PRI se re\u00fane para marcar la agenda legislativa que debe abordarse para atender las necesidades del pueblo de M\u00e9xico.<\/p>\n\n\n\n<p>A las reuniones previas ya se integr\u00f3 de nueva cuenta el Diputado Gustavo C\u00e1rdenas Monroy con el fin de apoyar los trabajos que preside el Coordinador de la bancada pri\u00edsta del Congreso de la Uni\u00f3n Dip. Rub\u00e9n Moreira Vald\u00e9s.<\/p>\n\n\n\n<p>Su incorporaci\u00f3n a los trabajos legislativos es de cara a la recta final del primer periodo de sesiones ordinarias de la LXV Legislatura. La cual demandar\u00e1 participaci\u00f3n en comisiones y en tribuna.<\/p>\n\n\n\n<p>El legislador mexiquense ostenta la Secretario adjunta a la Presidencia Naci\u00f3n del PRI, la Delegaci\u00f3n general del PRI en la Ciudad de M\u00e9xico y es Consejero Nacional del PRI.<\/p>\n\n\n\n<p>En la C\u00e1mara federal es Secretario de la Comisi\u00f3n de Desarrollo Urbano y Ordenamiento Territorial de la LXV Legislatura federal.<\/p>\n","protected":false},"excerpt":{"rendered":"<p>En la C\u00e1mara federal es Secretario de la Comisi\u00f3n de Desarrollo Urbano y Ordenamiento Territorial de la LXV Legislatura federal.<\/p>\n","protected":false},"author":2,"featured_media":4582,"comment_status":"open","ping_status":"open","sticky":false,"template":"","format":"standard","meta":{"footnotes":""},"categories":[3],"tags":[],"class_list":["post-4580","post","type-post","status-publish","format-standard","has-post-thumbnail","hentry","category-gobierno"],"yoast_head":"<!-- This site is optimized with the Yoast SEO plugin v27.5 - https:\/\/yoast.com\/product\/yoast-seo-wordpress\/ -->\n<title>MARCA GRUPO PARLAMENTARIO DEL PRI LA AGENDA LEGISLATIVA - Expresso Metropolitano<\/title>\n<meta name=\"robots\" content=\"index, follow, max-snippet:-1, max-image-preview:large, max-video-preview:-1\" \/>\n<link rel=\"canonical\" href=\"https:\/\/expressometro.mx\/index.php\/2021\/12\/02\/marca-grupo-parlamentario-del-pri-la-agenda-legislativa\/\" \/>\n<meta property=\"og:locale\" content=\"es_MX\" \/>\n<meta property=\"og:type\" content=\"article\" \/>\n<meta property=\"og:title\" content=\"MARCA GRUPO PARLAMENTARIO DEL PRI LA AGENDA LEGISLATIVA - Expresso Metropolitano\" \/>\n<meta property=\"og:description\" content=\"En la C\u00e1mara federal es Secretario de la Comisi\u00f3n de Desarrollo Urbano y Ordenamiento Territorial de la LXV Legislatura federal.\" \/>\n<meta property=\"og:url\" content=\"https:\/\/expressometro.mx\/index.php\/2021\/12\/02\/marca-grupo-parlamentario-del-pri-la-agenda-legislativa\/\" \/>\n<meta property=\"og:site_name\" content=\"Expresso Metropolitano\" \/>\n<meta property=\"article:published_time\" content=\"2021-12-02T20:34:24+00:00\" \/>\n<meta property=\"og:image\" content=\"http:\/\/expressometro.mx\/wp-content\/uploads\/2021\/12\/48AEE479-C886-4D69-A09D-38FF84412ACA.jpeg\" \/>\n\t<meta property=\"og:image:width\" content=\"1024\" \/>\n\t<meta property=\"og:image:height\" content=\"683\" \/>\n\t<meta property=\"og:image:type\" content=\"image\/jpeg\" \/>\n<meta name=\"author\" content=\"Cecilia Vega\" \/>\n<meta name=\"twitter:label1\" content=\"Escrito por\" \/>\n\t<meta name=\"twitter:data1\" content=\"Cecilia Vega\" \/>\n\t<meta name=\"twitter:label2\" content=\"Tiempo de lectura\" \/>\n\t<meta name=\"twitter:data2\" content=\"1 minuto\" \/>\n<script type=\"application\/ld+json\" class=\"yoast-schema-graph\">{\"@context\":\"https:\\\/\\\/schema.org\",\"@graph\":[{\"@type\":\"Article\",\"@id\":\"https:\\\/\\\/expressometro.mx\\\/index.php\\\/2021\\\/12\\\/02\\\/marca-grupo-parlamentario-del-pri-la-agenda-legislativa\\\/#article\",\"isPartOf\":{\"@id\":\"https:\\\/\\\/expressometro.mx\\\/index.php\\\/2021\\\/12\\\/02\\\/marca-grupo-parlamentario-del-pri-la-agenda-legislativa\\\/\"},\"author\":{\"name\":\"Cecilia Vega\",\"@id\":\"https:\\\/\\\/expressometro.mx\\\/#\\\/schema\\\/person\\\/67a95b8e3862085c7598f66237488f1f\"},\"headline\":\"MARCA GRUPO PARLAMENTARIO DEL PRI LA AGENDA LEGISLATIVA\",\"datePublished\":\"2021-12-02T20:34:24+00:00\",\"mainEntityOfPage\":{\"@id\":\"https:\\\/\\\/expressometro.mx\\\/index.php\\\/2021\\\/12\\\/02\\\/marca-grupo-parlamentario-del-pri-la-agenda-legislativa\\\/\"},\"wordCount\":176,\"commentCount\":0,\"publisher\":{\"@id\":\"https:\\\/\\\/expressometro.mx\\\/#organization\"},\"image\":{\"@id\":\"https:\\\/\\\/expressometro.mx\\\/index.php\\\/2021\\\/12\\\/02\\\/marca-grupo-parlamentario-del-pri-la-agenda-legislativa\\\/#primaryimage\"},\"thumbnailUrl\":\"https:\\\/\\\/expressometro.mx\\\/wp-content\\\/uploads\\\/2021\\\/12\\\/48AEE479-C886-4D69-A09D-38FF84412ACA.jpeg\",\"articleSection\":[\"Gobierno\"],\"inLanguage\":\"es\",\"potentialAction\":[{\"@type\":\"CommentAction\",\"name\":\"Comment\",\"target\":[\"https:\\\/\\\/expressometro.mx\\\/index.php\\\/2021\\\/12\\\/02\\\/marca-grupo-parlamentario-del-pri-la-agenda-legislativa\\\/#respond\"]}]},{\"@type\":\"WebPage\",\"@id\":\"https:\\\/\\\/expressometro.mx\\\/index.php\\\/2021\\\/12\\\/02\\\/marca-grupo-parlamentario-del-pri-la-agenda-legislativa\\\/\",\"url\":\"https:\\\/\\\/expressometro.mx\\\/index.php\\\/2021\\\/12\\\/02\\\/marca-grupo-parlamentario-del-pri-la-agenda-legislativa\\\/\",\"name\":\"MARCA GRUPO PARLAMENTARIO DEL PRI LA AGENDA LEGISLATIVA - Expresso Metropolitano\",\"isPartOf\":{\"@id\":\"https:\\\/\\\/expressometro.mx\\\/#website\"},\"primaryImageOfPage\":{\"@id\":\"https:\\\/\\\/expressometro.mx\\\/index.php\\\/2021\\\/12\\\/02\\\/marca-grupo-parlamentario-del-pri-la-agenda-legislativa\\\/#primaryimage\"},\"image\":{\"@id\":\"https:\\\/\\\/expressometro.mx\\\/index.php\\\/2021\\\/12\\\/02\\\/marca-grupo-parlamentario-del-pri-la-agenda-legislativa\\\/#primaryimage\"},\"thumbnailUrl\":\"https:\\\/\\\/expressometro.mx\\\/wp-content\\\/uploads\\\/2021\\\/12\\\/48AEE479-C886-4D69-A09D-38FF84412ACA.jpeg\",\"datePublished\":\"2021-12-02T20:34:24+00:00\",\"breadcrumb\":{\"@id\":\"https:\\\/\\\/expressometro.mx\\\/index.php\\\/2021\\\/12\\\/02\\\/marca-grupo-parlamentario-del-pri-la-agenda-legislativa\\\/#breadcrumb\"},\"inLanguage\":\"es\",\"potentialAction\":[{\"@type\":\"ReadAction\",\"target\":[\"https:\\\/\\\/expressometro.mx\\\/index.php\\\/2021\\\/12\\\/02\\\/marca-grupo-parlamentario-del-pri-la-agenda-legislativa\\\/\"]}]},{\"@type\":\"ImageObject\",\"inLanguage\":\"es\",\"@id\":\"https:\\\/\\\/expressometro.mx\\\/index.php\\\/2021\\\/12\\\/02\\\/marca-grupo-parlamentario-del-pri-la-agenda-legislativa\\\/#primaryimage\",\"url\":\"https:\\\/\\\/expressometro.mx\\\/wp-content\\\/uploads\\\/2021\\\/12\\\/48AEE479-C886-4D69-A09D-38FF84412ACA.jpeg\",\"contentUrl\":\"https:\\\/\\\/expressometro.mx\\\/wp-content\\\/uploads\\\/2021\\\/12\\\/48AEE479-C886-4D69-A09D-38FF84412ACA.jpeg\",\"width\":1024,\"height\":683},{\"@type\":\"BreadcrumbList\",\"@id\":\"https:\\\/\\\/expressometro.mx\\\/index.php\\\/2021\\\/12\\\/02\\\/marca-grupo-parlamentario-del-pri-la-agenda-legislativa\\\/#breadcrumb\",\"itemListElement\":[{\"@type\":\"ListItem\",\"position\":1,\"name\":\"Inicio\",\"item\":\"https:\\\/\\\/expressometro.mx\\\/\"},{\"@type\":\"ListItem\",\"position\":2,\"name\":\"MARCA GRUPO PARLAMENTARIO DEL PRI LA AGENDA LEGISLATIVA\"}]},{\"@type\":\"WebSite\",\"@id\":\"https:\\\/\\\/expressometro.mx\\\/#website\",\"url\":\"https:\\\/\\\/expressometro.mx\\\/\",\"name\":\"Expresso Metropolitano\",\"description\":\"Periodismo comprometido, informaci\u00f3n, investigaci\u00f3n y an\u00e1lisis\",\"publisher\":{\"@id\":\"https:\\\/\\\/expressometro.mx\\\/#organization\"},\"potentialAction\":[{\"@type\":\"SearchAction\",\"target\":{\"@type\":\"EntryPoint\",\"urlTemplate\":\"https:\\\/\\\/expressometro.mx\\\/?s={search_term_string}\"},\"query-input\":{\"@type\":\"PropertyValueSpecification\",\"valueRequired\":true,\"valueName\":\"search_term_string\"}}],\"inLanguage\":\"es\"},{\"@type\":\"Organization\",\"@id\":\"https:\\\/\\\/expressometro.mx\\\/#organization\",\"name\":\"Expresso Metropolitano\",\"url\":\"https:\\\/\\\/expressometro.mx\\\/\",\"logo\":{\"@type\":\"ImageObject\",\"inLanguage\":\"es\",\"@id\":\"https:\\\/\\\/expressometro.mx\\\/#\\\/schema\\\/logo\\\/image\\\/\",\"url\":\"https:\\\/\\\/expressometro.mx\\\/wp-content\\\/uploads\\\/2019\\\/07\\\/cropped-Logo-Expresso-Metropolitano-1-1.jpeg\",\"contentUrl\":\"https:\\\/\\\/expressometro.mx\\\/wp-content\\\/uploads\\\/2019\\\/07\\\/cropped-Logo-Expresso-Metropolitano-1-1.jpeg\",\"width\":290,\"height\":73,\"caption\":\"Expresso Metropolitano\"},\"image\":{\"@id\":\"https:\\\/\\\/expressometro.mx\\\/#\\\/schema\\\/logo\\\/image\\\/\"}},{\"@type\":\"Person\",\"@id\":\"https:\\\/\\\/expressometro.mx\\\/#\\\/schema\\\/person\\\/67a95b8e3862085c7598f66237488f1f\",\"name\":\"Cecilia Vega\",\"image\":{\"@type\":\"ImageObject\",\"inLanguage\":\"es\",\"@id\":\"https:\\\/\\\/secure.gravatar.com\\\/avatar\\\/13aae9944ab2ee472a9e407c9487fdbd03b049abaa559af32fe5dbcf615c981b?s=96&d=mm&r=g\",\"url\":\"https:\\\/\\\/secure.gravatar.com\\\/avatar\\\/13aae9944ab2ee472a9e407c9487fdbd03b049abaa559af32fe5dbcf615c981b?s=96&d=mm&r=g\",\"contentUrl\":\"https:\\\/\\\/secure.gravatar.com\\\/avatar\\\/13aae9944ab2ee472a9e407c9487fdbd03b049abaa559af32fe5dbcf615c981b?s=96&d=mm&r=g\",\"caption\":\"Cecilia Vega\"},\"url\":\"https:\\\/\\\/expressometro.mx\\\/index.php\\\/author\\\/cecilia-vega\\\/\"}]}<\/script>\n<!-- \/ Yoast SEO plugin. -->","yoast_head_json":{"title":"MARCA GRUPO PARLAMENTARIO DEL PRI LA AGENDA LEGISLATIVA - Expresso Metropolitano","robots":{"index":"index","follow":"follow","max-snippet":"max-snippet:-1","max-image-preview":"max-image-preview:large","max-video-preview":"max-video-preview:-1"},"canonical":"https:\/\/expressometro.mx\/index.php\/2021\/12\/02\/marca-grupo-parlamentario-del-pri-la-agenda-legislativa\/","og_locale":"es_MX","og_type":"article","og_title":"MARCA GRUPO PARLAMENTARIO DEL PRI LA AGENDA LEGISLATIVA - Expresso Metropolitano","og_description":"En la C\u00e1mara federal es Secretario de la Comisi\u00f3n de Desarrollo Urbano y Ordenamiento Territorial de la LXV Legislatura federal.","og_url":"https:\/\/expressometro.mx\/index.php\/2021\/12\/02\/marca-grupo-parlamentario-del-pri-la-agenda-legislativa\/","og_site_name":"Expresso Metropolitano","article_published_time":"2021-12-02T20:34:24+00:00","og_image":[{"width":1024,"height":683,"url":"http:\/\/expressometro.mx\/wp-content\/uploads\/2021\/12\/48AEE479-C886-4D69-A09D-38FF84412ACA.jpeg","type":"image\/jpeg"}],"author":"Cecilia Vega","twitter_misc":{"Escrito por":"Cecilia Vega","Tiempo de lectura":"1 minuto"},"schema":{"@context":"https:\/\/schema.org","@graph":[{"@type":"Article","@id":"https:\/\/expressometro.mx\/index.php\/2021\/12\/02\/marca-grupo-parlamentario-del-pri-la-agenda-legislativa\/#article","isPartOf":{"@id":"https:\/\/expressometro.mx\/index.php\/2021\/12\/02\/marca-grupo-parlamentario-del-pri-la-agenda-legislativa\/"},"author":{"name":"Cecilia Vega","@id":"https:\/\/expressometro.mx\/#\/schema\/person\/67a95b8e3862085c7598f66237488f1f"},"headline":"MARCA GRUPO PARLAMENTARIO DEL PRI LA AGENDA LEGISLATIVA","datePublished":"2021-12-02T20:34:24+00:00","mainEntityOfPage":{"@id":"https:\/\/expressometro.mx\/index.php\/2021\/12\/02\/marca-grupo-parlamentario-del-pri-la-agenda-legislativa\/"},"wordCount":176,"commentCount":0,"publisher":{"@id":"https:\/\/expressometro.mx\/#organization"},"image":{"@id":"https:\/\/expressometro.mx\/index.php\/2021\/12\/02\/marca-grupo-parlamentario-del-pri-la-agenda-legislativa\/#primaryimage"},"thumbnailUrl":"https:\/\/expressometro.mx\/wp-content\/uploads\/2021\/12\/48AEE479-C886-4D69-A09D-38FF84412ACA.jpeg","articleSection":["Gobierno"],"inLanguage":"es","potentialAction":[{"@type":"CommentAction","name":"Comment","target":["https:\/\/expressometro.mx\/index.php\/2021\/12\/02\/marca-grupo-parlamentario-del-pri-la-agenda-legislativa\/#respond"]}]},{"@type":"WebPage","@id":"https:\/\/expressometro.mx\/index.php\/2021\/12\/02\/marca-grupo-parlamentario-del-pri-la-agenda-legislativa\/","url":"https:\/\/expressometro.mx\/index.php\/2021\/12\/02\/marca-grupo-parlamentario-del-pri-la-agenda-legislativa\/","name":"MARCA GRUPO PARLAMENTARIO DEL PRI LA AGENDA LEGISLATIVA - Expresso Metropolitano","isPartOf":{"@id":"https:\/\/expressometro.mx\/#website"},"primaryImageOfPage":{"@id":"https:\/\/expressometro.mx\/index.php\/2021\/12\/02\/marca-grupo-parlamentario-del-pri-la-agenda-legislativa\/#primaryimage"},"image":{"@id":"https:\/\/expressometro.mx\/index.php\/2021\/12\/02\/marca-grupo-parlamentario-del-pri-la-agenda-legislativa\/#primaryimage"},"thumbnailUrl":"https:\/\/expressometro.mx\/wp-content\/uploads\/2021\/12\/48AEE479-C886-4D69-A09D-38FF84412ACA.jpeg","datePublished":"2021-12-02T20:34:24+00:00","breadcrumb":{"@id":"https:\/\/expressometro.mx\/index.php\/2021\/12\/02\/marca-grupo-parlamentario-del-pri-la-agenda-legislativa\/#breadcrumb"},"inLanguage":"es","potentialAction":[{"@type":"ReadAction","target":["https:\/\/expressometro.mx\/index.php\/2021\/12\/02\/marca-grupo-parlamentario-del-pri-la-agenda-legislativa\/"]}]},{"@type":"ImageObject","inLanguage":"es","@id":"https:\/\/expressometro.mx\/index.php\/2021\/12\/02\/marca-grupo-parlamentario-del-pri-la-agenda-legislativa\/#primaryimage","url":"https:\/\/expressometro.mx\/wp-content\/uploads\/2021\/12\/48AEE479-C886-4D69-A09D-38FF84412ACA.jpeg","contentUrl":"https:\/\/expressometro.mx\/wp-content\/uploads\/2021\/12\/48AEE479-C886-4D69-A09D-38FF84412ACA.jpeg","width":1024,"height":683},{"@type":"BreadcrumbList","@id":"https:\/\/expressometro.mx\/index.php\/2021\/12\/02\/marca-grupo-parlamentario-del-pri-la-agenda-legislativa\/#breadcrumb","itemListElement":[{"@type":"ListItem","position":1,"name":"Inicio","item":"https:\/\/expressometro.mx\/"},{"@type":"ListItem","position":2,"name":"MARCA GRUPO PARLAMENTARIO DEL PRI LA AGENDA LEGISLATIVA"}]},{"@type":"WebSite","@id":"https:\/\/expressometro.mx\/#website","url":"https:\/\/expressometro.mx\/","name":"Expresso Metropolitano","description":"Periodismo comprometido, informaci\u00f3n, investigaci\u00f3n y an\u00e1lisis","publisher":{"@id":"https:\/\/expressometro.mx\/#organization"},"potentialAction":[{"@type":"SearchAction","target":{"@type":"EntryPoint","urlTemplate":"https:\/\/expressometro.mx\/?s={search_term_string}"},"query-input":{"@type":"PropertyValueSpecification","valueRequired":true,"valueName":"search_term_string"}}],"inLanguage":"es"},{"@type":"Organization","@id":"https:\/\/expressometro.mx\/#organization","name":"Expresso Metropolitano","url":"https:\/\/expressometro.mx\/","logo":{"@type":"ImageObject","inLanguage":"es","@id":"https:\/\/expressometro.mx\/#\/schema\/logo\/image\/","url":"https:\/\/expressometro.mx\/wp-content\/uploads\/2019\/07\/cropped-Logo-Expresso-Metropolitano-1-1.jpeg","contentUrl":"https:\/\/expressometro.mx\/wp-content\/uploads\/2019\/07\/cropped-Logo-Expresso-Metropolitano-1-1.jpeg","width":290,"height":73,"caption":"Expresso Metropolitano"},"image":{"@id":"https:\/\/expressometro.mx\/#\/schema\/logo\/image\/"}},{"@type":"Person","@id":"https:\/\/expressometro.mx\/#\/schema\/person\/67a95b8e3862085c7598f66237488f1f","name":"Cecilia Vega","image":{"@type":"ImageObject","inLanguage":"es","@id":"https:\/\/secure.gravatar.com\/avatar\/13aae9944ab2ee472a9e407c9487fdbd03b049abaa559af32fe5dbcf615c981b?s=96&d=mm&r=g","url":"https:\/\/secure.gravatar.com\/avatar\/13aae9944ab2ee472a9e407c9487fdbd03b049abaa559af32fe5dbcf615c981b?s=96&d=mm&r=g","contentUrl":"https:\/\/secure.gravatar.com\/avatar\/13aae9944ab2ee472a9e407c9487fdbd03b049abaa559af32fe5dbcf615c981b?s=96&d=mm&r=g","caption":"Cecilia Vega"},"url":"https:\/\/expressometro.mx\/index.php\/author\/cecilia-vega\/"}]}},"amp_enabled":true,"_links":{"self":[{"href":"https:\/\/expressometro.mx\/index.php\/wp-json\/wp\/v2\/posts\/4580","targetHints":{"allow":["GET"]}}],"collection":[{"href":"https:\/\/expressometro.mx\/index.php\/wp-json\/wp\/v2\/posts"}],"about":[{"href":"https:\/\/expressometro.mx\/index.php\/wp-json\/wp\/v2\/types\/post"}],"author":[{"embeddable":true,"href":"https:\/\/expressometro.mx\/index.php\/wp-json\/wp\/v2\/users\/2"}],"replies":[{"embeddable":true,"href":"https:\/\/expressometro.mx\/index.php\/wp-json\/wp\/v2\/comments?post=4580"}],"version-history":[{"count":1,"href":"https:\/\/expressometro.mx\/index.php\/wp-json\/wp\/v2\/posts\/4580\/revisions"}],"predecessor-version":[{"id":4584,"href":"https:\/\/expressometro.mx\/index.php\/wp-json\/wp\/v2\/posts\/4580\/revisions\/4584"}],"wp:featuredmedia":[{"embeddable":true,"href":"https:\/\/expressometro.mx\/index.php\/wp-json\/wp\/v2\/media\/4582"}],"wp:attachment":[{"href":"https:\/\/expressometro.mx\/index.php\/wp-json\/wp\/v2\/media?parent=4580"}],"wp:term":[{"taxonomy":"category","embeddable":true,"href":"https:\/\/expressometro.mx\/index.php\/wp-json\/wp\/v2\/categories?post=4580"},{"taxonomy":"post_tag","embeddable":true,"href":"https:\/\/expressometro.mx\/index.php\/wp-json\/wp\/v2\/tags?post=4580"}],"curies":[{"name":"wp","href":"https:\/\/api.w.org\/{rel}","templated":true}]}}