{"id":4537,"date":"2021-11-30T14:24:11","date_gmt":"2021-11-30T20:24:11","guid":{"rendered":"https:\/\/expressometro.mx\/?p=4537"},"modified":"2021-11-30T14:24:12","modified_gmt":"2021-11-30T20:24:12","slug":"regresan-diputados-del-pri-a-comunidades-para-impulsar-obras-de-impacto-social","status":"publish","type":"post","link":"https:\/\/expressometro.mx\/index.php\/2021\/11\/30\/regresan-diputados-del-pri-a-comunidades-para-impulsar-obras-de-impacto-social\/","title":{"rendered":"Regresan diputados del PRI a comunidades para impulsar obras de impacto social"},"content":{"rendered":"\n<p>Regresar a las comunidades para escuchar a la gente y sumarse al trabajo en obras de impacto social es el sello distintivo de los diputados del Grupo Parlamentario del Partido Revolucionario Institucional, en la LXI Legislatura local.<\/p>\n\n\n\n<p>As\u00ed lo asegur\u00f3 El\u00edas Rescala, coordinador de la fracci\u00f3n legislativa en el Congreso local, al acudir a una faena de trabajo que beneficia a decenas de estudiantes de la escuela primaria de la comunidad de Santa Catarina Tabernillas, organizada por la diputada local, Myriam C\u00e1rdenas.<\/p>\n\n\n\n<p>Acompa\u00f1ado del presidente municipal electo de Almoloya de Ju\u00e1rez, \u00d3scar S\u00e1nchez, as\u00ed como por vecinas y vecinos de esta comunidad, el coordinador de los diputados priistas, resalt\u00f3 la importancia de trabajar de manera conjunta para atender las principales demandas de la poblaci\u00f3n.<\/p>\n\n\n\n<p>Record\u00f3 que los diputados del Revolucionario Institucional, siguen el ejemplo de trabajo del gobernador Alfredo Del Mazo, qui\u00e9n ha hecho de la cercan\u00eda permanente una forma de atender las demandas de las y los mexiquenses.<\/p>\n\n\n\n<p>Por eso estamos regresando a las comunidades a dar la cara, a escuchar sus necesidades y seguir trabajando de la mano para aportar nuestro granito de arena y ayudar a mejorar las condiciones de vida de quienes nos dieron su confianza.<\/p>\n\n\n\n<p>En su oportunidad, la diputada Myriam C\u00e1rdenas agradeci\u00f3 el respaldo de la fracci\u00f3n legislativa del PRI y el compromiso de los padres de familia para trabajar en esta obra que permitir\u00e1 que las y los estudiantes de la escuela primaria cuenten con una barda perimetral que ayude para su seguridad.<\/p>\n\n\n\n<p>Por su parte, el presidente municipal electo de Almoloya de Ju\u00e1rez, \u00d3scar S\u00e1nchez, reconoci\u00f3 la importancia de trabajar de manera coordinada para atender las principales necesidades de la gente, por lo que agradeci\u00f3 el respaldo de la fracci\u00f3n Legislativa del PRI para sumarse a este tipo de obras que impactan de manera directa en la calidad de vida de las familias del municipio.<\/p>\n\n\n\n<figure class=\"wp-block-gallery columns-3 is-cropped wp-block-gallery-1 is-layout-flex wp-block-gallery-is-layout-flex\"><ul class=\"blocks-gallery-grid\"><li class=\"blocks-gallery-item\"><figure><img loading=\"lazy\" decoding=\"async\" width=\"720\" height=\"480\" src=\"https:\/\/expressometro.mx\/wp-content\/uploads\/2021\/11\/WhatsApp-Image-2021-11-29-at-6.04.52-PM-1-720x480.jpeg\" alt=\"\" data-id=\"4539\" data-link=\"https:\/\/expressometro.mx\/?attachment_id=4539\" class=\"wp-image-4539\" srcset=\"https:\/\/expressometro.mx\/wp-content\/uploads\/2021\/11\/WhatsApp-Image-2021-11-29-at-6.04.52-PM-1-720x480.jpeg 720w, https:\/\/expressometro.mx\/wp-content\/uploads\/2021\/11\/WhatsApp-Image-2021-11-29-at-6.04.52-PM-1-547x365.jpeg 547w, https:\/\/expressometro.mx\/wp-content\/uploads\/2021\/11\/WhatsApp-Image-2021-11-29-at-6.04.52-PM-1-768x512.jpeg 768w, https:\/\/expressometro.mx\/wp-content\/uploads\/2021\/11\/WhatsApp-Image-2021-11-29-at-6.04.52-PM-1.jpeg 859w\" sizes=\"auto, (max-width: 720px) 100vw, 720px\" \/><\/figure><\/li><li class=\"blocks-gallery-item\"><figure><img loading=\"lazy\" decoding=\"async\" width=\"634\" height=\"423\" src=\"https:\/\/expressometro.mx\/wp-content\/uploads\/2021\/11\/WhatsApp-Image-2021-11-29-at-6.04.52-PM-2.jpeg\" alt=\"\" data-id=\"4541\" data-link=\"https:\/\/expressometro.mx\/?attachment_id=4541\" class=\"wp-image-4541\" srcset=\"https:\/\/expressometro.mx\/wp-content\/uploads\/2021\/11\/WhatsApp-Image-2021-11-29-at-6.04.52-PM-2.jpeg 634w, https:\/\/expressometro.mx\/wp-content\/uploads\/2021\/11\/WhatsApp-Image-2021-11-29-at-6.04.52-PM-2-547x365.jpeg 547w\" sizes=\"auto, (max-width: 634px) 100vw, 634px\" \/><\/figure><\/li><li class=\"blocks-gallery-item\"><figure><img loading=\"lazy\" decoding=\"async\" width=\"320\" height=\"480\" src=\"https:\/\/expressometro.mx\/wp-content\/uploads\/2021\/11\/WhatsApp-Image-2021-11-29-at-6.04.53-PM-320x480.jpeg\" alt=\"\" data-id=\"4542\" data-full-url=\"https:\/\/expressometro.mx\/wp-content\/uploads\/2021\/11\/WhatsApp-Image-2021-11-29-at-6.04.53-PM.jpeg\" data-link=\"https:\/\/expressometro.mx\/?attachment_id=4542\" class=\"wp-image-4542\" srcset=\"https:\/\/expressometro.mx\/wp-content\/uploads\/2021\/11\/WhatsApp-Image-2021-11-29-at-6.04.53-PM-320x480.jpeg 320w, https:\/\/expressometro.mx\/wp-content\/uploads\/2021\/11\/WhatsApp-Image-2021-11-29-at-6.04.53-PM-243x365.jpeg 243w, https:\/\/expressometro.mx\/wp-content\/uploads\/2021\/11\/WhatsApp-Image-2021-11-29-at-6.04.53-PM-768x1152.jpeg 768w, https:\/\/expressometro.mx\/wp-content\/uploads\/2021\/11\/WhatsApp-Image-2021-11-29-at-6.04.53-PM.jpeg 853w\" sizes=\"auto, (max-width: 320px) 100vw, 320px\" \/><\/figure><\/li><\/ul><\/figure>\n","protected":false},"excerpt":{"rendered":"<p>Record\u00f3 que los diputados del Revolucionario Institucional, siguen el ejemplo de trabajo del gobernador Alfredo Del Mazo, qui\u00e9n ha hecho de la cercan\u00eda permanente una forma de atender las demandas de las y los mexiquenses.<\/p>\n","protected":false},"author":2,"featured_media":4540,"comment_status":"open","ping_status":"open","sticky":false,"template":"","format":"standard","meta":{"footnotes":""},"categories":[3],"tags":[831,782,158],"class_list":["post-4537","post","type-post","status-publish","format-standard","has-post-thumbnail","hentry","category-gobierno","tag-elias-rescala","tag-lxi-legislatura","tag-pri"],"yoast_head":"<!-- This site is optimized with the Yoast SEO plugin v27.5 - https:\/\/yoast.com\/product\/yoast-seo-wordpress\/ -->\n<title>Regresan diputados del PRI a comunidades para impulsar obras de impacto social - Expresso Metropolitano<\/title>\n<meta name=\"robots\" content=\"index, follow, max-snippet:-1, max-image-preview:large, max-video-preview:-1\" \/>\n<link rel=\"canonical\" href=\"https:\/\/expressometro.mx\/index.php\/2021\/11\/30\/regresan-diputados-del-pri-a-comunidades-para-impulsar-obras-de-impacto-social\/\" \/>\n<meta property=\"og:locale\" content=\"es_MX\" \/>\n<meta property=\"og:type\" content=\"article\" \/>\n<meta property=\"og:title\" content=\"Regresan diputados del PRI a comunidades para impulsar obras de impacto social - Expresso Metropolitano\" \/>\n<meta property=\"og:description\" content=\"Record\u00f3 que los diputados del Revolucionario Institucional, siguen el ejemplo de trabajo del gobernador Alfredo Del Mazo, qui\u00e9n ha hecho de la cercan\u00eda permanente una forma de atender las demandas de las y los mexiquenses.\" \/>\n<meta property=\"og:url\" content=\"https:\/\/expressometro.mx\/index.php\/2021\/11\/30\/regresan-diputados-del-pri-a-comunidades-para-impulsar-obras-de-impacto-social\/\" \/>\n<meta property=\"og:site_name\" content=\"Expresso Metropolitano\" \/>\n<meta property=\"article:published_time\" content=\"2021-11-30T20:24:11+00:00\" \/>\n<meta property=\"article:modified_time\" content=\"2021-11-30T20:24:12+00:00\" \/>\n<meta property=\"og:image\" content=\"http:\/\/expressometro.mx\/wp-content\/uploads\/2021\/11\/WhatsApp-Image-2021-11-29-at-6.04.52-PM.jpeg\" \/>\n\t<meta property=\"og:image:width\" content=\"1280\" \/>\n\t<meta property=\"og:image:height\" content=\"853\" \/>\n\t<meta property=\"og:image:type\" content=\"image\/jpeg\" \/>\n<meta name=\"author\" content=\"Cecilia Vega\" \/>\n<meta name=\"twitter:label1\" content=\"Escrito por\" \/>\n\t<meta name=\"twitter:data1\" content=\"Cecilia Vega\" \/>\n\t<meta name=\"twitter:label2\" content=\"Tiempo de lectura\" \/>\n\t<meta name=\"twitter:data2\" content=\"2 minutos\" \/>\n<script type=\"application\/ld+json\" class=\"yoast-schema-graph\">{\"@context\":\"https:\\\/\\\/schema.org\",\"@graph\":[{\"@type\":\"Article\",\"@id\":\"https:\\\/\\\/expressometro.mx\\\/index.php\\\/2021\\\/11\\\/30\\\/regresan-diputados-del-pri-a-comunidades-para-impulsar-obras-de-impacto-social\\\/#article\",\"isPartOf\":{\"@id\":\"https:\\\/\\\/expressometro.mx\\\/index.php\\\/2021\\\/11\\\/30\\\/regresan-diputados-del-pri-a-comunidades-para-impulsar-obras-de-impacto-social\\\/\"},\"author\":{\"name\":\"Cecilia Vega\",\"@id\":\"https:\\\/\\\/expressometro.mx\\\/#\\\/schema\\\/person\\\/67a95b8e3862085c7598f66237488f1f\"},\"headline\":\"Regresan diputados del PRI a comunidades para impulsar obras de impacto social\",\"datePublished\":\"2021-11-30T20:24:11+00:00\",\"dateModified\":\"2021-11-30T20:24:12+00:00\",\"mainEntityOfPage\":{\"@id\":\"https:\\\/\\\/expressometro.mx\\\/index.php\\\/2021\\\/11\\\/30\\\/regresan-diputados-del-pri-a-comunidades-para-impulsar-obras-de-impacto-social\\\/\"},\"wordCount\":339,\"commentCount\":0,\"publisher\":{\"@id\":\"https:\\\/\\\/expressometro.mx\\\/#organization\"},\"image\":{\"@id\":\"https:\\\/\\\/expressometro.mx\\\/index.php\\\/2021\\\/11\\\/30\\\/regresan-diputados-del-pri-a-comunidades-para-impulsar-obras-de-impacto-social\\\/#primaryimage\"},\"thumbnailUrl\":\"https:\\\/\\\/expressometro.mx\\\/wp-content\\\/uploads\\\/2021\\\/11\\\/WhatsApp-Image-2021-11-29-at-6.04.52-PM.jpeg\",\"keywords\":[\"El\u00edas Rescala\",\"LXI Legislatura\",\"PRI\"],\"articleSection\":[\"Gobierno\"],\"inLanguage\":\"es\",\"potentialAction\":[{\"@type\":\"CommentAction\",\"name\":\"Comment\",\"target\":[\"https:\\\/\\\/expressometro.mx\\\/index.php\\\/2021\\\/11\\\/30\\\/regresan-diputados-del-pri-a-comunidades-para-impulsar-obras-de-impacto-social\\\/#respond\"]}]},{\"@type\":\"WebPage\",\"@id\":\"https:\\\/\\\/expressometro.mx\\\/index.php\\\/2021\\\/11\\\/30\\\/regresan-diputados-del-pri-a-comunidades-para-impulsar-obras-de-impacto-social\\\/\",\"url\":\"https:\\\/\\\/expressometro.mx\\\/index.php\\\/2021\\\/11\\\/30\\\/regresan-diputados-del-pri-a-comunidades-para-impulsar-obras-de-impacto-social\\\/\",\"name\":\"Regresan diputados del PRI a comunidades para impulsar obras de impacto social - Expresso Metropolitano\",\"isPartOf\":{\"@id\":\"https:\\\/\\\/expressometro.mx\\\/#website\"},\"primaryImageOfPage\":{\"@id\":\"https:\\\/\\\/expressometro.mx\\\/index.php\\\/2021\\\/11\\\/30\\\/regresan-diputados-del-pri-a-comunidades-para-impulsar-obras-de-impacto-social\\\/#primaryimage\"},\"image\":{\"@id\":\"https:\\\/\\\/expressometro.mx\\\/index.php\\\/2021\\\/11\\\/30\\\/regresan-diputados-del-pri-a-comunidades-para-impulsar-obras-de-impacto-social\\\/#primaryimage\"},\"thumbnailUrl\":\"https:\\\/\\\/expressometro.mx\\\/wp-content\\\/uploads\\\/2021\\\/11\\\/WhatsApp-Image-2021-11-29-at-6.04.52-PM.jpeg\",\"datePublished\":\"2021-11-30T20:24:11+00:00\",\"dateModified\":\"2021-11-30T20:24:12+00:00\",\"breadcrumb\":{\"@id\":\"https:\\\/\\\/expressometro.mx\\\/index.php\\\/2021\\\/11\\\/30\\\/regresan-diputados-del-pri-a-comunidades-para-impulsar-obras-de-impacto-social\\\/#breadcrumb\"},\"inLanguage\":\"es\",\"potentialAction\":[{\"@type\":\"ReadAction\",\"target\":[\"https:\\\/\\\/expressometro.mx\\\/index.php\\\/2021\\\/11\\\/30\\\/regresan-diputados-del-pri-a-comunidades-para-impulsar-obras-de-impacto-social\\\/\"]}]},{\"@type\":\"ImageObject\",\"inLanguage\":\"es\",\"@id\":\"https:\\\/\\\/expressometro.mx\\\/index.php\\\/2021\\\/11\\\/30\\\/regresan-diputados-del-pri-a-comunidades-para-impulsar-obras-de-impacto-social\\\/#primaryimage\",\"url\":\"https:\\\/\\\/expressometro.mx\\\/wp-content\\\/uploads\\\/2021\\\/11\\\/WhatsApp-Image-2021-11-29-at-6.04.52-PM.jpeg\",\"contentUrl\":\"https:\\\/\\\/expressometro.mx\\\/wp-content\\\/uploads\\\/2021\\\/11\\\/WhatsApp-Image-2021-11-29-at-6.04.52-PM.jpeg\",\"width\":1280,\"height\":853},{\"@type\":\"BreadcrumbList\",\"@id\":\"https:\\\/\\\/expressometro.mx\\\/index.php\\\/2021\\\/11\\\/30\\\/regresan-diputados-del-pri-a-comunidades-para-impulsar-obras-de-impacto-social\\\/#breadcrumb\",\"itemListElement\":[{\"@type\":\"ListItem\",\"position\":1,\"name\":\"Inicio\",\"item\":\"https:\\\/\\\/expressometro.mx\\\/\"},{\"@type\":\"ListItem\",\"position\":2,\"name\":\"Regresan diputados del PRI a comunidades para impulsar obras de impacto social\"}]},{\"@type\":\"WebSite\",\"@id\":\"https:\\\/\\\/expressometro.mx\\\/#website\",\"url\":\"https:\\\/\\\/expressometro.mx\\\/\",\"name\":\"Expresso Metropolitano\",\"description\":\"Periodismo comprometido, informaci\u00f3n, investigaci\u00f3n y an\u00e1lisis\",\"publisher\":{\"@id\":\"https:\\\/\\\/expressometro.mx\\\/#organization\"},\"potentialAction\":[{\"@type\":\"SearchAction\",\"target\":{\"@type\":\"EntryPoint\",\"urlTemplate\":\"https:\\\/\\\/expressometro.mx\\\/?s={search_term_string}\"},\"query-input\":{\"@type\":\"PropertyValueSpecification\",\"valueRequired\":true,\"valueName\":\"search_term_string\"}}],\"inLanguage\":\"es\"},{\"@type\":\"Organization\",\"@id\":\"https:\\\/\\\/expressometro.mx\\\/#organization\",\"name\":\"Expresso Metropolitano\",\"url\":\"https:\\\/\\\/expressometro.mx\\\/\",\"logo\":{\"@type\":\"ImageObject\",\"inLanguage\":\"es\",\"@id\":\"https:\\\/\\\/expressometro.mx\\\/#\\\/schema\\\/logo\\\/image\\\/\",\"url\":\"https:\\\/\\\/expressometro.mx\\\/wp-content\\\/uploads\\\/2019\\\/07\\\/cropped-Logo-Expresso-Metropolitano-1-1.jpeg\",\"contentUrl\":\"https:\\\/\\\/expressometro.mx\\\/wp-content\\\/uploads\\\/2019\\\/07\\\/cropped-Logo-Expresso-Metropolitano-1-1.jpeg\",\"width\":290,\"height\":73,\"caption\":\"Expresso Metropolitano\"},\"image\":{\"@id\":\"https:\\\/\\\/expressometro.mx\\\/#\\\/schema\\\/logo\\\/image\\\/\"}},{\"@type\":\"Person\",\"@id\":\"https:\\\/\\\/expressometro.mx\\\/#\\\/schema\\\/person\\\/67a95b8e3862085c7598f66237488f1f\",\"name\":\"Cecilia Vega\",\"image\":{\"@type\":\"ImageObject\",\"inLanguage\":\"es\",\"@id\":\"https:\\\/\\\/secure.gravatar.com\\\/avatar\\\/13aae9944ab2ee472a9e407c9487fdbd03b049abaa559af32fe5dbcf615c981b?s=96&d=mm&r=g\",\"url\":\"https:\\\/\\\/secure.gravatar.com\\\/avatar\\\/13aae9944ab2ee472a9e407c9487fdbd03b049abaa559af32fe5dbcf615c981b?s=96&d=mm&r=g\",\"contentUrl\":\"https:\\\/\\\/secure.gravatar.com\\\/avatar\\\/13aae9944ab2ee472a9e407c9487fdbd03b049abaa559af32fe5dbcf615c981b?s=96&d=mm&r=g\",\"caption\":\"Cecilia Vega\"},\"url\":\"https:\\\/\\\/expressometro.mx\\\/index.php\\\/author\\\/cecilia-vega\\\/\"}]}<\/script>\n<!-- \/ Yoast SEO plugin. -->","yoast_head_json":{"title":"Regresan diputados del PRI a comunidades para impulsar obras de impacto social - Expresso Metropolitano","robots":{"index":"index","follow":"follow","max-snippet":"max-snippet:-1","max-image-preview":"max-image-preview:large","max-video-preview":"max-video-preview:-1"},"canonical":"https:\/\/expressometro.mx\/index.php\/2021\/11\/30\/regresan-diputados-del-pri-a-comunidades-para-impulsar-obras-de-impacto-social\/","og_locale":"es_MX","og_type":"article","og_title":"Regresan diputados del PRI a comunidades para impulsar obras de impacto social - Expresso Metropolitano","og_description":"Record\u00f3 que los diputados del Revolucionario Institucional, siguen el ejemplo de trabajo del gobernador Alfredo Del Mazo, qui\u00e9n ha hecho de la cercan\u00eda permanente una forma de atender las demandas de las y los mexiquenses.","og_url":"https:\/\/expressometro.mx\/index.php\/2021\/11\/30\/regresan-diputados-del-pri-a-comunidades-para-impulsar-obras-de-impacto-social\/","og_site_name":"Expresso Metropolitano","article_published_time":"2021-11-30T20:24:11+00:00","article_modified_time":"2021-11-30T20:24:12+00:00","og_image":[{"width":1280,"height":853,"url":"http:\/\/expressometro.mx\/wp-content\/uploads\/2021\/11\/WhatsApp-Image-2021-11-29-at-6.04.52-PM.jpeg","type":"image\/jpeg"}],"author":"Cecilia Vega","twitter_misc":{"Escrito por":"Cecilia Vega","Tiempo de lectura":"2 minutos"},"schema":{"@context":"https:\/\/schema.org","@graph":[{"@type":"Article","@id":"https:\/\/expressometro.mx\/index.php\/2021\/11\/30\/regresan-diputados-del-pri-a-comunidades-para-impulsar-obras-de-impacto-social\/#article","isPartOf":{"@id":"https:\/\/expressometro.mx\/index.php\/2021\/11\/30\/regresan-diputados-del-pri-a-comunidades-para-impulsar-obras-de-impacto-social\/"},"author":{"name":"Cecilia Vega","@id":"https:\/\/expressometro.mx\/#\/schema\/person\/67a95b8e3862085c7598f66237488f1f"},"headline":"Regresan diputados del PRI a comunidades para impulsar obras de impacto social","datePublished":"2021-11-30T20:24:11+00:00","dateModified":"2021-11-30T20:24:12+00:00","mainEntityOfPage":{"@id":"https:\/\/expressometro.mx\/index.php\/2021\/11\/30\/regresan-diputados-del-pri-a-comunidades-para-impulsar-obras-de-impacto-social\/"},"wordCount":339,"commentCount":0,"publisher":{"@id":"https:\/\/expressometro.mx\/#organization"},"image":{"@id":"https:\/\/expressometro.mx\/index.php\/2021\/11\/30\/regresan-diputados-del-pri-a-comunidades-para-impulsar-obras-de-impacto-social\/#primaryimage"},"thumbnailUrl":"https:\/\/expressometro.mx\/wp-content\/uploads\/2021\/11\/WhatsApp-Image-2021-11-29-at-6.04.52-PM.jpeg","keywords":["El\u00edas Rescala","LXI Legislatura","PRI"],"articleSection":["Gobierno"],"inLanguage":"es","potentialAction":[{"@type":"CommentAction","name":"Comment","target":["https:\/\/expressometro.mx\/index.php\/2021\/11\/30\/regresan-diputados-del-pri-a-comunidades-para-impulsar-obras-de-impacto-social\/#respond"]}]},{"@type":"WebPage","@id":"https:\/\/expressometro.mx\/index.php\/2021\/11\/30\/regresan-diputados-del-pri-a-comunidades-para-impulsar-obras-de-impacto-social\/","url":"https:\/\/expressometro.mx\/index.php\/2021\/11\/30\/regresan-diputados-del-pri-a-comunidades-para-impulsar-obras-de-impacto-social\/","name":"Regresan diputados del PRI a comunidades para impulsar obras de impacto social - Expresso Metropolitano","isPartOf":{"@id":"https:\/\/expressometro.mx\/#website"},"primaryImageOfPage":{"@id":"https:\/\/expressometro.mx\/index.php\/2021\/11\/30\/regresan-diputados-del-pri-a-comunidades-para-impulsar-obras-de-impacto-social\/#primaryimage"},"image":{"@id":"https:\/\/expressometro.mx\/index.php\/2021\/11\/30\/regresan-diputados-del-pri-a-comunidades-para-impulsar-obras-de-impacto-social\/#primaryimage"},"thumbnailUrl":"https:\/\/expressometro.mx\/wp-content\/uploads\/2021\/11\/WhatsApp-Image-2021-11-29-at-6.04.52-PM.jpeg","datePublished":"2021-11-30T20:24:11+00:00","dateModified":"2021-11-30T20:24:12+00:00","breadcrumb":{"@id":"https:\/\/expressometro.mx\/index.php\/2021\/11\/30\/regresan-diputados-del-pri-a-comunidades-para-impulsar-obras-de-impacto-social\/#breadcrumb"},"inLanguage":"es","potentialAction":[{"@type":"ReadAction","target":["https:\/\/expressometro.mx\/index.php\/2021\/11\/30\/regresan-diputados-del-pri-a-comunidades-para-impulsar-obras-de-impacto-social\/"]}]},{"@type":"ImageObject","inLanguage":"es","@id":"https:\/\/expressometro.mx\/index.php\/2021\/11\/30\/regresan-diputados-del-pri-a-comunidades-para-impulsar-obras-de-impacto-social\/#primaryimage","url":"https:\/\/expressometro.mx\/wp-content\/uploads\/2021\/11\/WhatsApp-Image-2021-11-29-at-6.04.52-PM.jpeg","contentUrl":"https:\/\/expressometro.mx\/wp-content\/uploads\/2021\/11\/WhatsApp-Image-2021-11-29-at-6.04.52-PM.jpeg","width":1280,"height":853},{"@type":"BreadcrumbList","@id":"https:\/\/expressometro.mx\/index.php\/2021\/11\/30\/regresan-diputados-del-pri-a-comunidades-para-impulsar-obras-de-impacto-social\/#breadcrumb","itemListElement":[{"@type":"ListItem","position":1,"name":"Inicio","item":"https:\/\/expressometro.mx\/"},{"@type":"ListItem","position":2,"name":"Regresan diputados del PRI a comunidades para impulsar obras de impacto social"}]},{"@type":"WebSite","@id":"https:\/\/expressometro.mx\/#website","url":"https:\/\/expressometro.mx\/","name":"Expresso Metropolitano","description":"Periodismo comprometido, informaci\u00f3n, investigaci\u00f3n y an\u00e1lisis","publisher":{"@id":"https:\/\/expressometro.mx\/#organization"},"potentialAction":[{"@type":"SearchAction","target":{"@type":"EntryPoint","urlTemplate":"https:\/\/expressometro.mx\/?s={search_term_string}"},"query-input":{"@type":"PropertyValueSpecification","valueRequired":true,"valueName":"search_term_string"}}],"inLanguage":"es"},{"@type":"Organization","@id":"https:\/\/expressometro.mx\/#organization","name":"Expresso Metropolitano","url":"https:\/\/expressometro.mx\/","logo":{"@type":"ImageObject","inLanguage":"es","@id":"https:\/\/expressometro.mx\/#\/schema\/logo\/image\/","url":"https:\/\/expressometro.mx\/wp-content\/uploads\/2019\/07\/cropped-Logo-Expresso-Metropolitano-1-1.jpeg","contentUrl":"https:\/\/expressometro.mx\/wp-content\/uploads\/2019\/07\/cropped-Logo-Expresso-Metropolitano-1-1.jpeg","width":290,"height":73,"caption":"Expresso Metropolitano"},"image":{"@id":"https:\/\/expressometro.mx\/#\/schema\/logo\/image\/"}},{"@type":"Person","@id":"https:\/\/expressometro.mx\/#\/schema\/person\/67a95b8e3862085c7598f66237488f1f","name":"Cecilia Vega","image":{"@type":"ImageObject","inLanguage":"es","@id":"https:\/\/secure.gravatar.com\/avatar\/13aae9944ab2ee472a9e407c9487fdbd03b049abaa559af32fe5dbcf615c981b?s=96&d=mm&r=g","url":"https:\/\/secure.gravatar.com\/avatar\/13aae9944ab2ee472a9e407c9487fdbd03b049abaa559af32fe5dbcf615c981b?s=96&d=mm&r=g","contentUrl":"https:\/\/secure.gravatar.com\/avatar\/13aae9944ab2ee472a9e407c9487fdbd03b049abaa559af32fe5dbcf615c981b?s=96&d=mm&r=g","caption":"Cecilia Vega"},"url":"https:\/\/expressometro.mx\/index.php\/author\/cecilia-vega\/"}]}},"amp_enabled":true,"_links":{"self":[{"href":"https:\/\/expressometro.mx\/index.php\/wp-json\/wp\/v2\/posts\/4537","targetHints":{"allow":["GET"]}}],"collection":[{"href":"https:\/\/expressometro.mx\/index.php\/wp-json\/wp\/v2\/posts"}],"about":[{"href":"https:\/\/expressometro.mx\/index.php\/wp-json\/wp\/v2\/types\/post"}],"author":[{"embeddable":true,"href":"https:\/\/expressometro.mx\/index.php\/wp-json\/wp\/v2\/users\/2"}],"replies":[{"embeddable":true,"href":"https:\/\/expressometro.mx\/index.php\/wp-json\/wp\/v2\/comments?post=4537"}],"version-history":[{"count":1,"href":"https:\/\/expressometro.mx\/index.php\/wp-json\/wp\/v2\/posts\/4537\/revisions"}],"predecessor-version":[{"id":4543,"href":"https:\/\/expressometro.mx\/index.php\/wp-json\/wp\/v2\/posts\/4537\/revisions\/4543"}],"wp:featuredmedia":[{"embeddable":true,"href":"https:\/\/expressometro.mx\/index.php\/wp-json\/wp\/v2\/media\/4540"}],"wp:attachment":[{"href":"https:\/\/expressometro.mx\/index.php\/wp-json\/wp\/v2\/media?parent=4537"}],"wp:term":[{"taxonomy":"category","embeddable":true,"href":"https:\/\/expressometro.mx\/index.php\/wp-json\/wp\/v2\/categories?post=4537"},{"taxonomy":"post_tag","embeddable":true,"href":"https:\/\/expressometro.mx\/index.php\/wp-json\/wp\/v2\/tags?post=4537"}],"curies":[{"name":"wp","href":"https:\/\/api.w.org\/{rel}","templated":true}]}}