{"id":4524,"date":"2021-11-29T11:45:32","date_gmt":"2021-11-29T17:45:32","guid":{"rendered":"https:\/\/expressometro.mx\/?p=4524"},"modified":"2021-11-29T12:25:26","modified_gmt":"2021-11-29T18:25:26","slug":"activo-el-diputado-gustavo-cardenas-en-ruta-ciclista","status":"publish","type":"post","link":"https:\/\/expressometro.mx\/index.php\/2021\/11\/29\/activo-el-diputado-gustavo-cardenas-en-ruta-ciclista\/","title":{"rendered":"ACTIVO EL DIPUTADO GUSTAVO C\u00c1RDENAS EN RUTA CICLISTA"},"content":{"rendered":"\n<ul class=\"wp-block-list\"><li>Se comprometi\u00f3 a seguir con otras actividades deportivas como atletismo, f\u00fatbol, b\u00e1squetbol, entre otros. Se trata de cumplir con las promesas que se hicieron en campa\u00f1a en esta materia y atender la confianza de la ciudadan\u00eda.<\/li><\/ul>\n\n\n\n<ul class=\"wp-block-list\"><li>Llam\u00f3 a atender los requerimientos de sana distancia y uso de cubrebocas porque la pandemia est\u00e1 latente.<\/li><\/ul>\n\n\n\n<p>Activo de nueva cuenta y con el \u00e1nimo de escuchar a la gente de su Distrito Federal electoral con sede en Atlacomulco, el diputado federal Gustavo C\u00e1rdenas Monroy asisti\u00f3 a la Ruta Ciclista \u201cConoce El Encanto del Distrito XIII Local\u201d.<\/p>\n\n\n\n<p>El legislador pri\u00edsta acompa\u00f1\u00f3 la actividad organizada por el diputado Iv\u00e1n Esquer Cruz, a la cual asistieron m\u00e1s de 500 ciclistas de la entidad mexiquense y de otros Estados en esta \u00faltima etapa del circuito programado.<\/p>\n\n\n\n<p>La mayor\u00eda de los bikers siguieron esta actividad en todas sus ediciones, que con satisfacci\u00f3n ha cubierto todos los municipios del Distrito XIII en su primera vuelta.<\/p>\n\n\n\n<p>En el acto cierre de la vuelta ciclista, agradecieron la asistencia del Diputado Federal, Gustavo C\u00e1rdenas Monroy; del presidente municipal de Jocotitl\u00e1n, Armando S\u00e1nchez Mendoza; del presidente municipal electo de Temascalcingo, Jos\u00e9 Luis Espinoza Navarrete.<\/p>\n\n\n\n<p>Adem\u00e1s de Ruth Salazar Garc\u00eda, alcaldesa electa de El Oro y la valiosa anfitrion\u00eda de Marisol Arias Flores, presidenta municipal electa de Atlacomulco, cabecera del distrito local y federal.<\/p>\n\n\n\n<p>Aseguraron que este tipo de Iniciativas se seguir\u00e1n durante toda la gesti\u00f3n del diputado local Iv\u00e1n Esquer, pues todas las autoridades del distrito que en Junio pasado recibieron la confianza del voto ciudadano \u201chemos decidido trabajar en equipo y por el mismo rumbo para entregar resultados de excelencia a toda la ciudadan\u00eda de nuestra regi\u00f3n\u201d.<\/p>\n\n\n\n<figure class=\"wp-block-gallery columns-3 is-cropped wp-block-gallery-1 is-layout-flex wp-block-gallery-is-layout-flex\"><ul class=\"blocks-gallery-grid\"><li class=\"blocks-gallery-item\"><figure><img loading=\"lazy\" decoding=\"async\" width=\"840\" height=\"473\" src=\"https:\/\/expressometro.mx\/wp-content\/uploads\/2021\/11\/WhatsApp-Image-2021-11-29-at-11.26.48-AM-840x473.jpeg\" alt=\"\" data-id=\"4526\" data-link=\"https:\/\/expressometro.mx\/?attachment_id=4526\" class=\"wp-image-4526\" srcset=\"https:\/\/expressometro.mx\/wp-content\/uploads\/2021\/11\/WhatsApp-Image-2021-11-29-at-11.26.48-AM-840x473.jpeg 840w, https:\/\/expressometro.mx\/wp-content\/uploads\/2021\/11\/WhatsApp-Image-2021-11-29-at-11.26.48-AM-649x365.jpeg 649w, https:\/\/expressometro.mx\/wp-content\/uploads\/2021\/11\/WhatsApp-Image-2021-11-29-at-11.26.48-AM-768x432.jpeg 768w, https:\/\/expressometro.mx\/wp-content\/uploads\/2021\/11\/WhatsApp-Image-2021-11-29-at-11.26.48-AM.jpeg 960w\" sizes=\"auto, (max-width: 840px) 100vw, 840px\" \/><\/figure><\/li><li class=\"blocks-gallery-item\"><figure><img loading=\"lazy\" decoding=\"async\" width=\"840\" height=\"473\" src=\"https:\/\/expressometro.mx\/wp-content\/uploads\/2021\/11\/WhatsApp-Image-2021-11-29-at-11.26.49-AM-840x473.jpeg\" alt=\"\" data-id=\"4527\" data-link=\"https:\/\/expressometro.mx\/?attachment_id=4527\" class=\"wp-image-4527\" srcset=\"https:\/\/expressometro.mx\/wp-content\/uploads\/2021\/11\/WhatsApp-Image-2021-11-29-at-11.26.49-AM-840x473.jpeg 840w, https:\/\/expressometro.mx\/wp-content\/uploads\/2021\/11\/WhatsApp-Image-2021-11-29-at-11.26.49-AM-648x365.jpeg 648w, https:\/\/expressometro.mx\/wp-content\/uploads\/2021\/11\/WhatsApp-Image-2021-11-29-at-11.26.49-AM-768x432.jpeg 768w, https:\/\/expressometro.mx\/wp-content\/uploads\/2021\/11\/WhatsApp-Image-2021-11-29-at-11.26.49-AM.jpeg 959w\" sizes=\"auto, (max-width: 840px) 100vw, 840px\" \/><\/figure><\/li><li class=\"blocks-gallery-item\"><figure><img loading=\"lazy\" decoding=\"async\" width=\"840\" height=\"473\" src=\"https:\/\/expressometro.mx\/wp-content\/uploads\/2021\/11\/WhatsApp-Image-2021-11-29-at-11.26.49-AM-1-1-840x473.jpeg\" alt=\"\" data-id=\"4529\" data-link=\"https:\/\/expressometro.mx\/?attachment_id=4529\" class=\"wp-image-4529\" srcset=\"https:\/\/expressometro.mx\/wp-content\/uploads\/2021\/11\/WhatsApp-Image-2021-11-29-at-11.26.49-AM-1-1-840x473.jpeg 840w, https:\/\/expressometro.mx\/wp-content\/uploads\/2021\/11\/WhatsApp-Image-2021-11-29-at-11.26.49-AM-1-1-648x365.jpeg 648w, https:\/\/expressometro.mx\/wp-content\/uploads\/2021\/11\/WhatsApp-Image-2021-11-29-at-11.26.49-AM-1-1-768x432.jpeg 768w, https:\/\/expressometro.mx\/wp-content\/uploads\/2021\/11\/WhatsApp-Image-2021-11-29-at-11.26.49-AM-1-1.jpeg 959w\" sizes=\"auto, (max-width: 840px) 100vw, 840px\" \/><\/figure><\/li><li class=\"blocks-gallery-item\"><figure><img loading=\"lazy\" decoding=\"async\" width=\"840\" height=\"473\" src=\"https:\/\/expressometro.mx\/wp-content\/uploads\/2021\/11\/WhatsApp-Image-2021-11-29-at-11.26.50-AM-840x473.jpeg\" alt=\"\" data-id=\"4530\" data-link=\"https:\/\/expressometro.mx\/?attachment_id=4530\" class=\"wp-image-4530\" srcset=\"https:\/\/expressometro.mx\/wp-content\/uploads\/2021\/11\/WhatsApp-Image-2021-11-29-at-11.26.50-AM-840x473.jpeg 840w, https:\/\/expressometro.mx\/wp-content\/uploads\/2021\/11\/WhatsApp-Image-2021-11-29-at-11.26.50-AM-648x365.jpeg 648w, https:\/\/expressometro.mx\/wp-content\/uploads\/2021\/11\/WhatsApp-Image-2021-11-29-at-11.26.50-AM-768x432.jpeg 768w, https:\/\/expressometro.mx\/wp-content\/uploads\/2021\/11\/WhatsApp-Image-2021-11-29-at-11.26.50-AM.jpeg 959w\" sizes=\"auto, (max-width: 840px) 100vw, 840px\" \/><\/figure><\/li><li class=\"blocks-gallery-item\"><figure><img loading=\"lazy\" decoding=\"async\" width=\"840\" height=\"473\" src=\"https:\/\/expressometro.mx\/wp-content\/uploads\/2021\/11\/WhatsApp-Image-2021-11-29-at-11.26.50-AM-1-840x473.jpeg\" alt=\"\" data-id=\"4531\" data-full-url=\"https:\/\/expressometro.mx\/wp-content\/uploads\/2021\/11\/WhatsApp-Image-2021-11-29-at-11.26.50-AM-1.jpeg\" data-link=\"https:\/\/expressometro.mx\/?attachment_id=4531\" class=\"wp-image-4531\" srcset=\"https:\/\/expressometro.mx\/wp-content\/uploads\/2021\/11\/WhatsApp-Image-2021-11-29-at-11.26.50-AM-1-840x473.jpeg 840w, https:\/\/expressometro.mx\/wp-content\/uploads\/2021\/11\/WhatsApp-Image-2021-11-29-at-11.26.50-AM-1-649x365.jpeg 649w, https:\/\/expressometro.mx\/wp-content\/uploads\/2021\/11\/WhatsApp-Image-2021-11-29-at-11.26.50-AM-1-768x432.jpeg 768w, https:\/\/expressometro.mx\/wp-content\/uploads\/2021\/11\/WhatsApp-Image-2021-11-29-at-11.26.50-AM-1.jpeg 960w\" sizes=\"auto, (max-width: 840px) 100vw, 840px\" \/><\/figure><\/li><\/ul><\/figure>\n","protected":false},"excerpt":{"rendered":"<p>Adem\u00e1s de Ruth Salazar Garc\u00eda, alcaldesa electa de El Oro y la valiosa anfitrion\u00eda de Marisol Arias Flores, presidenta municipal electa de Atlacomulco, cabecera del distrito local y federal.<\/p>\n","protected":false},"author":2,"featured_media":4532,"comment_status":"open","ping_status":"open","sticky":false,"template":"","format":"standard","meta":{"footnotes":""},"categories":[9,3],"tags":[1230,891,576,1233],"class_list":["post-4524","post","type-post","status-publish","format-standard","has-post-thumbnail","hentry","category-deportes","category-gobierno","tag-distrito-xiii","tag-gustavo-cardenas-2","tag-ivan-esquer","tag-ruta-ciclista"],"yoast_head":"<!-- This site is optimized with the Yoast SEO plugin v27.5 - https:\/\/yoast.com\/product\/yoast-seo-wordpress\/ -->\n<title>ACTIVO EL DIPUTADO GUSTAVO C\u00c1RDENAS EN RUTA CICLISTA - Expresso Metropolitano<\/title>\n<meta name=\"robots\" content=\"index, follow, max-snippet:-1, max-image-preview:large, max-video-preview:-1\" \/>\n<link rel=\"canonical\" href=\"https:\/\/expressometro.mx\/index.php\/2021\/11\/29\/activo-el-diputado-gustavo-cardenas-en-ruta-ciclista\/\" \/>\n<meta property=\"og:locale\" content=\"es_MX\" \/>\n<meta property=\"og:type\" content=\"article\" \/>\n<meta property=\"og:title\" content=\"ACTIVO EL DIPUTADO GUSTAVO C\u00c1RDENAS EN RUTA CICLISTA - Expresso Metropolitano\" \/>\n<meta property=\"og:description\" content=\"Adem\u00e1s de Ruth Salazar Garc\u00eda, alcaldesa electa de El Oro y la valiosa anfitrion\u00eda de Marisol Arias Flores, presidenta municipal electa de Atlacomulco, cabecera del distrito local y federal.\" \/>\n<meta property=\"og:url\" content=\"https:\/\/expressometro.mx\/index.php\/2021\/11\/29\/activo-el-diputado-gustavo-cardenas-en-ruta-ciclista\/\" \/>\n<meta property=\"og:site_name\" content=\"Expresso Metropolitano\" \/>\n<meta property=\"article:published_time\" content=\"2021-11-29T17:45:32+00:00\" \/>\n<meta property=\"article:modified_time\" content=\"2021-11-29T18:25:26+00:00\" \/>\n<meta property=\"og:image\" content=\"http:\/\/expressometro.mx\/wp-content\/uploads\/2021\/11\/WhatsApp-Image-2021-11-29-at-11.26.51-AM.jpeg\" \/>\n\t<meta property=\"og:image:width\" content=\"959\" \/>\n\t<meta property=\"og:image:height\" content=\"540\" \/>\n\t<meta property=\"og:image:type\" content=\"image\/jpeg\" \/>\n<meta name=\"author\" content=\"Cecilia Vega\" \/>\n<meta name=\"twitter:label1\" content=\"Escrito por\" \/>\n\t<meta name=\"twitter:data1\" content=\"Cecilia Vega\" \/>\n\t<meta name=\"twitter:label2\" content=\"Tiempo de lectura\" \/>\n\t<meta name=\"twitter:data2\" content=\"3 minutos\" \/>\n<script type=\"application\/ld+json\" class=\"yoast-schema-graph\">{\"@context\":\"https:\\\/\\\/schema.org\",\"@graph\":[{\"@type\":\"Article\",\"@id\":\"https:\\\/\\\/expressometro.mx\\\/index.php\\\/2021\\\/11\\\/29\\\/activo-el-diputado-gustavo-cardenas-en-ruta-ciclista\\\/#article\",\"isPartOf\":{\"@id\":\"https:\\\/\\\/expressometro.mx\\\/index.php\\\/2021\\\/11\\\/29\\\/activo-el-diputado-gustavo-cardenas-en-ruta-ciclista\\\/\"},\"author\":{\"name\":\"Cecilia Vega\",\"@id\":\"https:\\\/\\\/expressometro.mx\\\/#\\\/schema\\\/person\\\/67a95b8e3862085c7598f66237488f1f\"},\"headline\":\"ACTIVO EL DIPUTADO GUSTAVO C\u00c1RDENAS EN RUTA CICLISTA\",\"datePublished\":\"2021-11-29T17:45:32+00:00\",\"dateModified\":\"2021-11-29T18:25:26+00:00\",\"mainEntityOfPage\":{\"@id\":\"https:\\\/\\\/expressometro.mx\\\/index.php\\\/2021\\\/11\\\/29\\\/activo-el-diputado-gustavo-cardenas-en-ruta-ciclista\\\/\"},\"wordCount\":304,\"commentCount\":0,\"publisher\":{\"@id\":\"https:\\\/\\\/expressometro.mx\\\/#organization\"},\"image\":{\"@id\":\"https:\\\/\\\/expressometro.mx\\\/index.php\\\/2021\\\/11\\\/29\\\/activo-el-diputado-gustavo-cardenas-en-ruta-ciclista\\\/#primaryimage\"},\"thumbnailUrl\":\"https:\\\/\\\/expressometro.mx\\\/wp-content\\\/uploads\\\/2021\\\/11\\\/WhatsApp-Image-2021-11-29-at-11.26.51-AM.jpeg\",\"keywords\":[\"Distrito XIII\",\"Gustavo C\u00e1rdenas\",\"Iv\u00e1n Esquer\",\"Ruta ciclista\"],\"articleSection\":[\"Deportes\",\"Gobierno\"],\"inLanguage\":\"es\",\"potentialAction\":[{\"@type\":\"CommentAction\",\"name\":\"Comment\",\"target\":[\"https:\\\/\\\/expressometro.mx\\\/index.php\\\/2021\\\/11\\\/29\\\/activo-el-diputado-gustavo-cardenas-en-ruta-ciclista\\\/#respond\"]}]},{\"@type\":\"WebPage\",\"@id\":\"https:\\\/\\\/expressometro.mx\\\/index.php\\\/2021\\\/11\\\/29\\\/activo-el-diputado-gustavo-cardenas-en-ruta-ciclista\\\/\",\"url\":\"https:\\\/\\\/expressometro.mx\\\/index.php\\\/2021\\\/11\\\/29\\\/activo-el-diputado-gustavo-cardenas-en-ruta-ciclista\\\/\",\"name\":\"ACTIVO EL DIPUTADO GUSTAVO C\u00c1RDENAS EN RUTA CICLISTA - Expresso Metropolitano\",\"isPartOf\":{\"@id\":\"https:\\\/\\\/expressometro.mx\\\/#website\"},\"primaryImageOfPage\":{\"@id\":\"https:\\\/\\\/expressometro.mx\\\/index.php\\\/2021\\\/11\\\/29\\\/activo-el-diputado-gustavo-cardenas-en-ruta-ciclista\\\/#primaryimage\"},\"image\":{\"@id\":\"https:\\\/\\\/expressometro.mx\\\/index.php\\\/2021\\\/11\\\/29\\\/activo-el-diputado-gustavo-cardenas-en-ruta-ciclista\\\/#primaryimage\"},\"thumbnailUrl\":\"https:\\\/\\\/expressometro.mx\\\/wp-content\\\/uploads\\\/2021\\\/11\\\/WhatsApp-Image-2021-11-29-at-11.26.51-AM.jpeg\",\"datePublished\":\"2021-11-29T17:45:32+00:00\",\"dateModified\":\"2021-11-29T18:25:26+00:00\",\"breadcrumb\":{\"@id\":\"https:\\\/\\\/expressometro.mx\\\/index.php\\\/2021\\\/11\\\/29\\\/activo-el-diputado-gustavo-cardenas-en-ruta-ciclista\\\/#breadcrumb\"},\"inLanguage\":\"es\",\"potentialAction\":[{\"@type\":\"ReadAction\",\"target\":[\"https:\\\/\\\/expressometro.mx\\\/index.php\\\/2021\\\/11\\\/29\\\/activo-el-diputado-gustavo-cardenas-en-ruta-ciclista\\\/\"]}]},{\"@type\":\"ImageObject\",\"inLanguage\":\"es\",\"@id\":\"https:\\\/\\\/expressometro.mx\\\/index.php\\\/2021\\\/11\\\/29\\\/activo-el-diputado-gustavo-cardenas-en-ruta-ciclista\\\/#primaryimage\",\"url\":\"https:\\\/\\\/expressometro.mx\\\/wp-content\\\/uploads\\\/2021\\\/11\\\/WhatsApp-Image-2021-11-29-at-11.26.51-AM.jpeg\",\"contentUrl\":\"https:\\\/\\\/expressometro.mx\\\/wp-content\\\/uploads\\\/2021\\\/11\\\/WhatsApp-Image-2021-11-29-at-11.26.51-AM.jpeg\",\"width\":959,\"height\":540},{\"@type\":\"BreadcrumbList\",\"@id\":\"https:\\\/\\\/expressometro.mx\\\/index.php\\\/2021\\\/11\\\/29\\\/activo-el-diputado-gustavo-cardenas-en-ruta-ciclista\\\/#breadcrumb\",\"itemListElement\":[{\"@type\":\"ListItem\",\"position\":1,\"name\":\"Inicio\",\"item\":\"https:\\\/\\\/expressometro.mx\\\/\"},{\"@type\":\"ListItem\",\"position\":2,\"name\":\"ACTIVO EL DIPUTADO GUSTAVO C\u00c1RDENAS EN RUTA CICLISTA\"}]},{\"@type\":\"WebSite\",\"@id\":\"https:\\\/\\\/expressometro.mx\\\/#website\",\"url\":\"https:\\\/\\\/expressometro.mx\\\/\",\"name\":\"Expresso Metropolitano\",\"description\":\"Periodismo comprometido, informaci\u00f3n, investigaci\u00f3n y an\u00e1lisis\",\"publisher\":{\"@id\":\"https:\\\/\\\/expressometro.mx\\\/#organization\"},\"potentialAction\":[{\"@type\":\"SearchAction\",\"target\":{\"@type\":\"EntryPoint\",\"urlTemplate\":\"https:\\\/\\\/expressometro.mx\\\/?s={search_term_string}\"},\"query-input\":{\"@type\":\"PropertyValueSpecification\",\"valueRequired\":true,\"valueName\":\"search_term_string\"}}],\"inLanguage\":\"es\"},{\"@type\":\"Organization\",\"@id\":\"https:\\\/\\\/expressometro.mx\\\/#organization\",\"name\":\"Expresso Metropolitano\",\"url\":\"https:\\\/\\\/expressometro.mx\\\/\",\"logo\":{\"@type\":\"ImageObject\",\"inLanguage\":\"es\",\"@id\":\"https:\\\/\\\/expressometro.mx\\\/#\\\/schema\\\/logo\\\/image\\\/\",\"url\":\"https:\\\/\\\/expressometro.mx\\\/wp-content\\\/uploads\\\/2019\\\/07\\\/cropped-Logo-Expresso-Metropolitano-1-1.jpeg\",\"contentUrl\":\"https:\\\/\\\/expressometro.mx\\\/wp-content\\\/uploads\\\/2019\\\/07\\\/cropped-Logo-Expresso-Metropolitano-1-1.jpeg\",\"width\":290,\"height\":73,\"caption\":\"Expresso Metropolitano\"},\"image\":{\"@id\":\"https:\\\/\\\/expressometro.mx\\\/#\\\/schema\\\/logo\\\/image\\\/\"}},{\"@type\":\"Person\",\"@id\":\"https:\\\/\\\/expressometro.mx\\\/#\\\/schema\\\/person\\\/67a95b8e3862085c7598f66237488f1f\",\"name\":\"Cecilia Vega\",\"image\":{\"@type\":\"ImageObject\",\"inLanguage\":\"es\",\"@id\":\"https:\\\/\\\/secure.gravatar.com\\\/avatar\\\/13aae9944ab2ee472a9e407c9487fdbd03b049abaa559af32fe5dbcf615c981b?s=96&d=mm&r=g\",\"url\":\"https:\\\/\\\/secure.gravatar.com\\\/avatar\\\/13aae9944ab2ee472a9e407c9487fdbd03b049abaa559af32fe5dbcf615c981b?s=96&d=mm&r=g\",\"contentUrl\":\"https:\\\/\\\/secure.gravatar.com\\\/avatar\\\/13aae9944ab2ee472a9e407c9487fdbd03b049abaa559af32fe5dbcf615c981b?s=96&d=mm&r=g\",\"caption\":\"Cecilia Vega\"},\"url\":\"https:\\\/\\\/expressometro.mx\\\/index.php\\\/author\\\/cecilia-vega\\\/\"}]}<\/script>\n<!-- \/ Yoast SEO plugin. -->","yoast_head_json":{"title":"ACTIVO EL DIPUTADO GUSTAVO C\u00c1RDENAS EN RUTA CICLISTA - Expresso Metropolitano","robots":{"index":"index","follow":"follow","max-snippet":"max-snippet:-1","max-image-preview":"max-image-preview:large","max-video-preview":"max-video-preview:-1"},"canonical":"https:\/\/expressometro.mx\/index.php\/2021\/11\/29\/activo-el-diputado-gustavo-cardenas-en-ruta-ciclista\/","og_locale":"es_MX","og_type":"article","og_title":"ACTIVO EL DIPUTADO GUSTAVO C\u00c1RDENAS EN RUTA CICLISTA - Expresso Metropolitano","og_description":"Adem\u00e1s de Ruth Salazar Garc\u00eda, alcaldesa electa de El Oro y la valiosa anfitrion\u00eda de Marisol Arias Flores, presidenta municipal electa de Atlacomulco, cabecera del distrito local y federal.","og_url":"https:\/\/expressometro.mx\/index.php\/2021\/11\/29\/activo-el-diputado-gustavo-cardenas-en-ruta-ciclista\/","og_site_name":"Expresso Metropolitano","article_published_time":"2021-11-29T17:45:32+00:00","article_modified_time":"2021-11-29T18:25:26+00:00","og_image":[{"width":959,"height":540,"url":"http:\/\/expressometro.mx\/wp-content\/uploads\/2021\/11\/WhatsApp-Image-2021-11-29-at-11.26.51-AM.jpeg","type":"image\/jpeg"}],"author":"Cecilia Vega","twitter_misc":{"Escrito por":"Cecilia Vega","Tiempo de lectura":"3 minutos"},"schema":{"@context":"https:\/\/schema.org","@graph":[{"@type":"Article","@id":"https:\/\/expressometro.mx\/index.php\/2021\/11\/29\/activo-el-diputado-gustavo-cardenas-en-ruta-ciclista\/#article","isPartOf":{"@id":"https:\/\/expressometro.mx\/index.php\/2021\/11\/29\/activo-el-diputado-gustavo-cardenas-en-ruta-ciclista\/"},"author":{"name":"Cecilia Vega","@id":"https:\/\/expressometro.mx\/#\/schema\/person\/67a95b8e3862085c7598f66237488f1f"},"headline":"ACTIVO EL DIPUTADO GUSTAVO C\u00c1RDENAS EN RUTA CICLISTA","datePublished":"2021-11-29T17:45:32+00:00","dateModified":"2021-11-29T18:25:26+00:00","mainEntityOfPage":{"@id":"https:\/\/expressometro.mx\/index.php\/2021\/11\/29\/activo-el-diputado-gustavo-cardenas-en-ruta-ciclista\/"},"wordCount":304,"commentCount":0,"publisher":{"@id":"https:\/\/expressometro.mx\/#organization"},"image":{"@id":"https:\/\/expressometro.mx\/index.php\/2021\/11\/29\/activo-el-diputado-gustavo-cardenas-en-ruta-ciclista\/#primaryimage"},"thumbnailUrl":"https:\/\/expressometro.mx\/wp-content\/uploads\/2021\/11\/WhatsApp-Image-2021-11-29-at-11.26.51-AM.jpeg","keywords":["Distrito XIII","Gustavo C\u00e1rdenas","Iv\u00e1n Esquer","Ruta ciclista"],"articleSection":["Deportes","Gobierno"],"inLanguage":"es","potentialAction":[{"@type":"CommentAction","name":"Comment","target":["https:\/\/expressometro.mx\/index.php\/2021\/11\/29\/activo-el-diputado-gustavo-cardenas-en-ruta-ciclista\/#respond"]}]},{"@type":"WebPage","@id":"https:\/\/expressometro.mx\/index.php\/2021\/11\/29\/activo-el-diputado-gustavo-cardenas-en-ruta-ciclista\/","url":"https:\/\/expressometro.mx\/index.php\/2021\/11\/29\/activo-el-diputado-gustavo-cardenas-en-ruta-ciclista\/","name":"ACTIVO EL DIPUTADO GUSTAVO C\u00c1RDENAS EN RUTA CICLISTA - Expresso Metropolitano","isPartOf":{"@id":"https:\/\/expressometro.mx\/#website"},"primaryImageOfPage":{"@id":"https:\/\/expressometro.mx\/index.php\/2021\/11\/29\/activo-el-diputado-gustavo-cardenas-en-ruta-ciclista\/#primaryimage"},"image":{"@id":"https:\/\/expressometro.mx\/index.php\/2021\/11\/29\/activo-el-diputado-gustavo-cardenas-en-ruta-ciclista\/#primaryimage"},"thumbnailUrl":"https:\/\/expressometro.mx\/wp-content\/uploads\/2021\/11\/WhatsApp-Image-2021-11-29-at-11.26.51-AM.jpeg","datePublished":"2021-11-29T17:45:32+00:00","dateModified":"2021-11-29T18:25:26+00:00","breadcrumb":{"@id":"https:\/\/expressometro.mx\/index.php\/2021\/11\/29\/activo-el-diputado-gustavo-cardenas-en-ruta-ciclista\/#breadcrumb"},"inLanguage":"es","potentialAction":[{"@type":"ReadAction","target":["https:\/\/expressometro.mx\/index.php\/2021\/11\/29\/activo-el-diputado-gustavo-cardenas-en-ruta-ciclista\/"]}]},{"@type":"ImageObject","inLanguage":"es","@id":"https:\/\/expressometro.mx\/index.php\/2021\/11\/29\/activo-el-diputado-gustavo-cardenas-en-ruta-ciclista\/#primaryimage","url":"https:\/\/expressometro.mx\/wp-content\/uploads\/2021\/11\/WhatsApp-Image-2021-11-29-at-11.26.51-AM.jpeg","contentUrl":"https:\/\/expressometro.mx\/wp-content\/uploads\/2021\/11\/WhatsApp-Image-2021-11-29-at-11.26.51-AM.jpeg","width":959,"height":540},{"@type":"BreadcrumbList","@id":"https:\/\/expressometro.mx\/index.php\/2021\/11\/29\/activo-el-diputado-gustavo-cardenas-en-ruta-ciclista\/#breadcrumb","itemListElement":[{"@type":"ListItem","position":1,"name":"Inicio","item":"https:\/\/expressometro.mx\/"},{"@type":"ListItem","position":2,"name":"ACTIVO EL DIPUTADO GUSTAVO C\u00c1RDENAS EN RUTA CICLISTA"}]},{"@type":"WebSite","@id":"https:\/\/expressometro.mx\/#website","url":"https:\/\/expressometro.mx\/","name":"Expresso Metropolitano","description":"Periodismo comprometido, informaci\u00f3n, investigaci\u00f3n y an\u00e1lisis","publisher":{"@id":"https:\/\/expressometro.mx\/#organization"},"potentialAction":[{"@type":"SearchAction","target":{"@type":"EntryPoint","urlTemplate":"https:\/\/expressometro.mx\/?s={search_term_string}"},"query-input":{"@type":"PropertyValueSpecification","valueRequired":true,"valueName":"search_term_string"}}],"inLanguage":"es"},{"@type":"Organization","@id":"https:\/\/expressometro.mx\/#organization","name":"Expresso Metropolitano","url":"https:\/\/expressometro.mx\/","logo":{"@type":"ImageObject","inLanguage":"es","@id":"https:\/\/expressometro.mx\/#\/schema\/logo\/image\/","url":"https:\/\/expressometro.mx\/wp-content\/uploads\/2019\/07\/cropped-Logo-Expresso-Metropolitano-1-1.jpeg","contentUrl":"https:\/\/expressometro.mx\/wp-content\/uploads\/2019\/07\/cropped-Logo-Expresso-Metropolitano-1-1.jpeg","width":290,"height":73,"caption":"Expresso Metropolitano"},"image":{"@id":"https:\/\/expressometro.mx\/#\/schema\/logo\/image\/"}},{"@type":"Person","@id":"https:\/\/expressometro.mx\/#\/schema\/person\/67a95b8e3862085c7598f66237488f1f","name":"Cecilia Vega","image":{"@type":"ImageObject","inLanguage":"es","@id":"https:\/\/secure.gravatar.com\/avatar\/13aae9944ab2ee472a9e407c9487fdbd03b049abaa559af32fe5dbcf615c981b?s=96&d=mm&r=g","url":"https:\/\/secure.gravatar.com\/avatar\/13aae9944ab2ee472a9e407c9487fdbd03b049abaa559af32fe5dbcf615c981b?s=96&d=mm&r=g","contentUrl":"https:\/\/secure.gravatar.com\/avatar\/13aae9944ab2ee472a9e407c9487fdbd03b049abaa559af32fe5dbcf615c981b?s=96&d=mm&r=g","caption":"Cecilia Vega"},"url":"https:\/\/expressometro.mx\/index.php\/author\/cecilia-vega\/"}]}},"amp_enabled":true,"_links":{"self":[{"href":"https:\/\/expressometro.mx\/index.php\/wp-json\/wp\/v2\/posts\/4524","targetHints":{"allow":["GET"]}}],"collection":[{"href":"https:\/\/expressometro.mx\/index.php\/wp-json\/wp\/v2\/posts"}],"about":[{"href":"https:\/\/expressometro.mx\/index.php\/wp-json\/wp\/v2\/types\/post"}],"author":[{"embeddable":true,"href":"https:\/\/expressometro.mx\/index.php\/wp-json\/wp\/v2\/users\/2"}],"replies":[{"embeddable":true,"href":"https:\/\/expressometro.mx\/index.php\/wp-json\/wp\/v2\/comments?post=4524"}],"version-history":[{"count":2,"href":"https:\/\/expressometro.mx\/index.php\/wp-json\/wp\/v2\/posts\/4524\/revisions"}],"predecessor-version":[{"id":4536,"href":"https:\/\/expressometro.mx\/index.php\/wp-json\/wp\/v2\/posts\/4524\/revisions\/4536"}],"wp:featuredmedia":[{"embeddable":true,"href":"https:\/\/expressometro.mx\/index.php\/wp-json\/wp\/v2\/media\/4532"}],"wp:attachment":[{"href":"https:\/\/expressometro.mx\/index.php\/wp-json\/wp\/v2\/media?parent=4524"}],"wp:term":[{"taxonomy":"category","embeddable":true,"href":"https:\/\/expressometro.mx\/index.php\/wp-json\/wp\/v2\/categories?post=4524"},{"taxonomy":"post_tag","embeddable":true,"href":"https:\/\/expressometro.mx\/index.php\/wp-json\/wp\/v2\/tags?post=4524"}],"curies":[{"name":"wp","href":"https:\/\/api.w.org\/{rel}","templated":true}]}}