{"id":4489,"date":"2021-11-24T23:13:00","date_gmt":"2021-11-25T05:13:00","guid":{"rendered":"https:\/\/expressometro.mx\/?p=4489"},"modified":"2021-11-26T20:09:36","modified_gmt":"2021-11-27T02:09:36","slug":"de-buena-fuente-columna-opinion-3","status":"publish","type":"post","link":"https:\/\/expressometro.mx\/index.php\/2021\/11\/24\/de-buena-fuente-columna-opinion-3\/","title":{"rendered":"DE BUENA FUENTE; Columna- Opini\u00f3n"},"content":{"rendered":"\n<p>Gustavo C\u00e1rdenas Monroy es el diputado federal que tiene la representaci\u00f3n del Distrito 03 con sede en Atlacomulco. Su ausencia en San L\u00e1zaro fue notoria en las ultimas cuatro semanas, pero por causas de salud ya que tuvo que enfrentar los s\u00edntomas del Covid.<\/p>\n\n\n\n<p>Estuvo convaleciente todo este tiempo y brinc\u00f3 los efectos de la pandemia por su disciplina f\u00edsica que mantiene desde muy joven en el deporte y los buenos h\u00e1bitos de vida que ha llevado a la fecha.<\/p>\n\n\n\n<p>Sin embargo, estuvo activo a distancia en la discusi\u00f3n del presupuesto y este jueves de sesi\u00f3n ordinaria se present\u00f3 en su curul completamente repuesto para dar la batalla en la distribuci\u00f3n d los recursos aprobados en el Presupuesto.<\/p>\n\n\n\n<p>Lo que hoy podemos adelantar en esta columna es que se dispone a subir en breve a la tribuna m\u00e1s alta del pa\u00eds para presentar iniciativas que busquen mejores condiciones de vida para los mexicanos.<\/p>\n\n\n\n<p>Adem\u00e1s, iniciar\u00e1 de nueva cuenta recorridos por los Municipios de su Distrito Federal con el fin de acercarse a los mexiquenses que depositaron su confianza y que los alcaldes en turno cierren su administraci\u00f3n en la ruta correcta.<\/p>\n","protected":false},"excerpt":{"rendered":"<p>Lo que hoy podemos adelantar en esta columna es que se dispone a subir en breve a la tribuna m\u00e1s alta del pa\u00eds para presentar iniciativas que busquen mejores condiciones de vida para los mexicanos.<\/p>\n","protected":false},"author":2,"featured_media":4491,"comment_status":"open","ping_status":"open","sticky":false,"template":"","format":"standard","meta":{"footnotes":""},"categories":[212],"tags":[389,891],"class_list":["post-4489","post","type-post","status-publish","format-standard","has-post-thumbnail","hentry","category-columna-opinion","tag-atlacomulco","tag-gustavo-cardenas-2"],"yoast_head":"<!-- This site is optimized with the Yoast SEO plugin v27.5 - https:\/\/yoast.com\/product\/yoast-seo-wordpress\/ -->\n<title>DE BUENA FUENTE; Columna- Opini\u00f3n - Expresso Metropolitano<\/title>\n<meta name=\"robots\" content=\"index, follow, max-snippet:-1, max-image-preview:large, max-video-preview:-1\" \/>\n<link rel=\"canonical\" href=\"https:\/\/expressometro.mx\/index.php\/2021\/11\/24\/de-buena-fuente-columna-opinion-3\/\" \/>\n<meta property=\"og:locale\" content=\"es_MX\" \/>\n<meta property=\"og:type\" content=\"article\" \/>\n<meta property=\"og:title\" content=\"DE BUENA FUENTE; Columna- Opini\u00f3n - Expresso Metropolitano\" \/>\n<meta property=\"og:description\" content=\"Lo que hoy podemos adelantar en esta columna es que se dispone a subir en breve a la tribuna m\u00e1s alta del pa\u00eds para presentar iniciativas que busquen mejores condiciones de vida para los mexicanos.\" \/>\n<meta property=\"og:url\" content=\"https:\/\/expressometro.mx\/index.php\/2021\/11\/24\/de-buena-fuente-columna-opinion-3\/\" \/>\n<meta property=\"og:site_name\" content=\"Expresso Metropolitano\" \/>\n<meta property=\"article:published_time\" content=\"2021-11-25T05:13:00+00:00\" \/>\n<meta property=\"article:modified_time\" content=\"2021-11-27T02:09:36+00:00\" \/>\n<meta property=\"og:image\" content=\"http:\/\/expressometro.mx\/wp-content\/uploads\/2021\/11\/WhatsApp-Image-2021-11-25-at-9.49.01-PM.jpeg\" \/>\n\t<meta property=\"og:image:width\" content=\"932\" \/>\n\t<meta property=\"og:image:height\" content=\"1066\" \/>\n\t<meta property=\"og:image:type\" content=\"image\/jpeg\" \/>\n<meta name=\"author\" content=\"Cecilia Vega\" \/>\n<meta name=\"twitter:label1\" content=\"Escrito por\" \/>\n\t<meta name=\"twitter:data1\" content=\"Cecilia Vega\" \/>\n\t<meta name=\"twitter:label2\" content=\"Tiempo de lectura\" \/>\n\t<meta name=\"twitter:data2\" content=\"1 minuto\" \/>\n<script type=\"application\/ld+json\" class=\"yoast-schema-graph\">{\"@context\":\"https:\\\/\\\/schema.org\",\"@graph\":[{\"@type\":\"Article\",\"@id\":\"https:\\\/\\\/expressometro.mx\\\/index.php\\\/2021\\\/11\\\/24\\\/de-buena-fuente-columna-opinion-3\\\/#article\",\"isPartOf\":{\"@id\":\"https:\\\/\\\/expressometro.mx\\\/index.php\\\/2021\\\/11\\\/24\\\/de-buena-fuente-columna-opinion-3\\\/\"},\"author\":{\"name\":\"Cecilia Vega\",\"@id\":\"https:\\\/\\\/expressometro.mx\\\/#\\\/schema\\\/person\\\/67a95b8e3862085c7598f66237488f1f\"},\"headline\":\"DE BUENA FUENTE; Columna- Opini\u00f3n\",\"datePublished\":\"2021-11-25T05:13:00+00:00\",\"dateModified\":\"2021-11-27T02:09:36+00:00\",\"mainEntityOfPage\":{\"@id\":\"https:\\\/\\\/expressometro.mx\\\/index.php\\\/2021\\\/11\\\/24\\\/de-buena-fuente-columna-opinion-3\\\/\"},\"wordCount\":209,\"commentCount\":0,\"publisher\":{\"@id\":\"https:\\\/\\\/expressometro.mx\\\/#organization\"},\"image\":{\"@id\":\"https:\\\/\\\/expressometro.mx\\\/index.php\\\/2021\\\/11\\\/24\\\/de-buena-fuente-columna-opinion-3\\\/#primaryimage\"},\"thumbnailUrl\":\"https:\\\/\\\/expressometro.mx\\\/wp-content\\\/uploads\\\/2021\\\/11\\\/WhatsApp-Image-2021-11-25-at-9.49.01-PM.jpeg\",\"keywords\":[\"Atlacomulco\",\"Gustavo C\u00e1rdenas\"],\"articleSection\":[\"Columna - Opini\u00f3n\"],\"inLanguage\":\"es\",\"potentialAction\":[{\"@type\":\"CommentAction\",\"name\":\"Comment\",\"target\":[\"https:\\\/\\\/expressometro.mx\\\/index.php\\\/2021\\\/11\\\/24\\\/de-buena-fuente-columna-opinion-3\\\/#respond\"]}]},{\"@type\":\"WebPage\",\"@id\":\"https:\\\/\\\/expressometro.mx\\\/index.php\\\/2021\\\/11\\\/24\\\/de-buena-fuente-columna-opinion-3\\\/\",\"url\":\"https:\\\/\\\/expressometro.mx\\\/index.php\\\/2021\\\/11\\\/24\\\/de-buena-fuente-columna-opinion-3\\\/\",\"name\":\"DE BUENA FUENTE; Columna- Opini\u00f3n - Expresso Metropolitano\",\"isPartOf\":{\"@id\":\"https:\\\/\\\/expressometro.mx\\\/#website\"},\"primaryImageOfPage\":{\"@id\":\"https:\\\/\\\/expressometro.mx\\\/index.php\\\/2021\\\/11\\\/24\\\/de-buena-fuente-columna-opinion-3\\\/#primaryimage\"},\"image\":{\"@id\":\"https:\\\/\\\/expressometro.mx\\\/index.php\\\/2021\\\/11\\\/24\\\/de-buena-fuente-columna-opinion-3\\\/#primaryimage\"},\"thumbnailUrl\":\"https:\\\/\\\/expressometro.mx\\\/wp-content\\\/uploads\\\/2021\\\/11\\\/WhatsApp-Image-2021-11-25-at-9.49.01-PM.jpeg\",\"datePublished\":\"2021-11-25T05:13:00+00:00\",\"dateModified\":\"2021-11-27T02:09:36+00:00\",\"breadcrumb\":{\"@id\":\"https:\\\/\\\/expressometro.mx\\\/index.php\\\/2021\\\/11\\\/24\\\/de-buena-fuente-columna-opinion-3\\\/#breadcrumb\"},\"inLanguage\":\"es\",\"potentialAction\":[{\"@type\":\"ReadAction\",\"target\":[\"https:\\\/\\\/expressometro.mx\\\/index.php\\\/2021\\\/11\\\/24\\\/de-buena-fuente-columna-opinion-3\\\/\"]}]},{\"@type\":\"ImageObject\",\"inLanguage\":\"es\",\"@id\":\"https:\\\/\\\/expressometro.mx\\\/index.php\\\/2021\\\/11\\\/24\\\/de-buena-fuente-columna-opinion-3\\\/#primaryimage\",\"url\":\"https:\\\/\\\/expressometro.mx\\\/wp-content\\\/uploads\\\/2021\\\/11\\\/WhatsApp-Image-2021-11-25-at-9.49.01-PM.jpeg\",\"contentUrl\":\"https:\\\/\\\/expressometro.mx\\\/wp-content\\\/uploads\\\/2021\\\/11\\\/WhatsApp-Image-2021-11-25-at-9.49.01-PM.jpeg\",\"width\":932,\"height\":1066},{\"@type\":\"BreadcrumbList\",\"@id\":\"https:\\\/\\\/expressometro.mx\\\/index.php\\\/2021\\\/11\\\/24\\\/de-buena-fuente-columna-opinion-3\\\/#breadcrumb\",\"itemListElement\":[{\"@type\":\"ListItem\",\"position\":1,\"name\":\"Inicio\",\"item\":\"https:\\\/\\\/expressometro.mx\\\/\"},{\"@type\":\"ListItem\",\"position\":2,\"name\":\"DE BUENA FUENTE; Columna- Opini\u00f3n\"}]},{\"@type\":\"WebSite\",\"@id\":\"https:\\\/\\\/expressometro.mx\\\/#website\",\"url\":\"https:\\\/\\\/expressometro.mx\\\/\",\"name\":\"Expresso Metropolitano\",\"description\":\"Periodismo comprometido, informaci\u00f3n, investigaci\u00f3n y an\u00e1lisis\",\"publisher\":{\"@id\":\"https:\\\/\\\/expressometro.mx\\\/#organization\"},\"potentialAction\":[{\"@type\":\"SearchAction\",\"target\":{\"@type\":\"EntryPoint\",\"urlTemplate\":\"https:\\\/\\\/expressometro.mx\\\/?s={search_term_string}\"},\"query-input\":{\"@type\":\"PropertyValueSpecification\",\"valueRequired\":true,\"valueName\":\"search_term_string\"}}],\"inLanguage\":\"es\"},{\"@type\":\"Organization\",\"@id\":\"https:\\\/\\\/expressometro.mx\\\/#organization\",\"name\":\"Expresso Metropolitano\",\"url\":\"https:\\\/\\\/expressometro.mx\\\/\",\"logo\":{\"@type\":\"ImageObject\",\"inLanguage\":\"es\",\"@id\":\"https:\\\/\\\/expressometro.mx\\\/#\\\/schema\\\/logo\\\/image\\\/\",\"url\":\"https:\\\/\\\/expressometro.mx\\\/wp-content\\\/uploads\\\/2019\\\/07\\\/cropped-Logo-Expresso-Metropolitano-1-1.jpeg\",\"contentUrl\":\"https:\\\/\\\/expressometro.mx\\\/wp-content\\\/uploads\\\/2019\\\/07\\\/cropped-Logo-Expresso-Metropolitano-1-1.jpeg\",\"width\":290,\"height\":73,\"caption\":\"Expresso Metropolitano\"},\"image\":{\"@id\":\"https:\\\/\\\/expressometro.mx\\\/#\\\/schema\\\/logo\\\/image\\\/\"}},{\"@type\":\"Person\",\"@id\":\"https:\\\/\\\/expressometro.mx\\\/#\\\/schema\\\/person\\\/67a95b8e3862085c7598f66237488f1f\",\"name\":\"Cecilia Vega\",\"image\":{\"@type\":\"ImageObject\",\"inLanguage\":\"es\",\"@id\":\"https:\\\/\\\/secure.gravatar.com\\\/avatar\\\/13aae9944ab2ee472a9e407c9487fdbd03b049abaa559af32fe5dbcf615c981b?s=96&d=mm&r=g\",\"url\":\"https:\\\/\\\/secure.gravatar.com\\\/avatar\\\/13aae9944ab2ee472a9e407c9487fdbd03b049abaa559af32fe5dbcf615c981b?s=96&d=mm&r=g\",\"contentUrl\":\"https:\\\/\\\/secure.gravatar.com\\\/avatar\\\/13aae9944ab2ee472a9e407c9487fdbd03b049abaa559af32fe5dbcf615c981b?s=96&d=mm&r=g\",\"caption\":\"Cecilia Vega\"},\"url\":\"https:\\\/\\\/expressometro.mx\\\/index.php\\\/author\\\/cecilia-vega\\\/\"}]}<\/script>\n<!-- \/ Yoast SEO plugin. -->","yoast_head_json":{"title":"DE BUENA FUENTE; Columna- Opini\u00f3n - Expresso Metropolitano","robots":{"index":"index","follow":"follow","max-snippet":"max-snippet:-1","max-image-preview":"max-image-preview:large","max-video-preview":"max-video-preview:-1"},"canonical":"https:\/\/expressometro.mx\/index.php\/2021\/11\/24\/de-buena-fuente-columna-opinion-3\/","og_locale":"es_MX","og_type":"article","og_title":"DE BUENA FUENTE; Columna- Opini\u00f3n - Expresso Metropolitano","og_description":"Lo que hoy podemos adelantar en esta columna es que se dispone a subir en breve a la tribuna m\u00e1s alta del pa\u00eds para presentar iniciativas que busquen mejores condiciones de vida para los mexicanos.","og_url":"https:\/\/expressometro.mx\/index.php\/2021\/11\/24\/de-buena-fuente-columna-opinion-3\/","og_site_name":"Expresso Metropolitano","article_published_time":"2021-11-25T05:13:00+00:00","article_modified_time":"2021-11-27T02:09:36+00:00","og_image":[{"width":932,"height":1066,"url":"http:\/\/expressometro.mx\/wp-content\/uploads\/2021\/11\/WhatsApp-Image-2021-11-25-at-9.49.01-PM.jpeg","type":"image\/jpeg"}],"author":"Cecilia Vega","twitter_misc":{"Escrito por":"Cecilia Vega","Tiempo de lectura":"1 minuto"},"schema":{"@context":"https:\/\/schema.org","@graph":[{"@type":"Article","@id":"https:\/\/expressometro.mx\/index.php\/2021\/11\/24\/de-buena-fuente-columna-opinion-3\/#article","isPartOf":{"@id":"https:\/\/expressometro.mx\/index.php\/2021\/11\/24\/de-buena-fuente-columna-opinion-3\/"},"author":{"name":"Cecilia Vega","@id":"https:\/\/expressometro.mx\/#\/schema\/person\/67a95b8e3862085c7598f66237488f1f"},"headline":"DE BUENA FUENTE; Columna- Opini\u00f3n","datePublished":"2021-11-25T05:13:00+00:00","dateModified":"2021-11-27T02:09:36+00:00","mainEntityOfPage":{"@id":"https:\/\/expressometro.mx\/index.php\/2021\/11\/24\/de-buena-fuente-columna-opinion-3\/"},"wordCount":209,"commentCount":0,"publisher":{"@id":"https:\/\/expressometro.mx\/#organization"},"image":{"@id":"https:\/\/expressometro.mx\/index.php\/2021\/11\/24\/de-buena-fuente-columna-opinion-3\/#primaryimage"},"thumbnailUrl":"https:\/\/expressometro.mx\/wp-content\/uploads\/2021\/11\/WhatsApp-Image-2021-11-25-at-9.49.01-PM.jpeg","keywords":["Atlacomulco","Gustavo C\u00e1rdenas"],"articleSection":["Columna - Opini\u00f3n"],"inLanguage":"es","potentialAction":[{"@type":"CommentAction","name":"Comment","target":["https:\/\/expressometro.mx\/index.php\/2021\/11\/24\/de-buena-fuente-columna-opinion-3\/#respond"]}]},{"@type":"WebPage","@id":"https:\/\/expressometro.mx\/index.php\/2021\/11\/24\/de-buena-fuente-columna-opinion-3\/","url":"https:\/\/expressometro.mx\/index.php\/2021\/11\/24\/de-buena-fuente-columna-opinion-3\/","name":"DE BUENA FUENTE; Columna- Opini\u00f3n - Expresso Metropolitano","isPartOf":{"@id":"https:\/\/expressometro.mx\/#website"},"primaryImageOfPage":{"@id":"https:\/\/expressometro.mx\/index.php\/2021\/11\/24\/de-buena-fuente-columna-opinion-3\/#primaryimage"},"image":{"@id":"https:\/\/expressometro.mx\/index.php\/2021\/11\/24\/de-buena-fuente-columna-opinion-3\/#primaryimage"},"thumbnailUrl":"https:\/\/expressometro.mx\/wp-content\/uploads\/2021\/11\/WhatsApp-Image-2021-11-25-at-9.49.01-PM.jpeg","datePublished":"2021-11-25T05:13:00+00:00","dateModified":"2021-11-27T02:09:36+00:00","breadcrumb":{"@id":"https:\/\/expressometro.mx\/index.php\/2021\/11\/24\/de-buena-fuente-columna-opinion-3\/#breadcrumb"},"inLanguage":"es","potentialAction":[{"@type":"ReadAction","target":["https:\/\/expressometro.mx\/index.php\/2021\/11\/24\/de-buena-fuente-columna-opinion-3\/"]}]},{"@type":"ImageObject","inLanguage":"es","@id":"https:\/\/expressometro.mx\/index.php\/2021\/11\/24\/de-buena-fuente-columna-opinion-3\/#primaryimage","url":"https:\/\/expressometro.mx\/wp-content\/uploads\/2021\/11\/WhatsApp-Image-2021-11-25-at-9.49.01-PM.jpeg","contentUrl":"https:\/\/expressometro.mx\/wp-content\/uploads\/2021\/11\/WhatsApp-Image-2021-11-25-at-9.49.01-PM.jpeg","width":932,"height":1066},{"@type":"BreadcrumbList","@id":"https:\/\/expressometro.mx\/index.php\/2021\/11\/24\/de-buena-fuente-columna-opinion-3\/#breadcrumb","itemListElement":[{"@type":"ListItem","position":1,"name":"Inicio","item":"https:\/\/expressometro.mx\/"},{"@type":"ListItem","position":2,"name":"DE BUENA FUENTE; Columna- Opini\u00f3n"}]},{"@type":"WebSite","@id":"https:\/\/expressometro.mx\/#website","url":"https:\/\/expressometro.mx\/","name":"Expresso Metropolitano","description":"Periodismo comprometido, informaci\u00f3n, investigaci\u00f3n y an\u00e1lisis","publisher":{"@id":"https:\/\/expressometro.mx\/#organization"},"potentialAction":[{"@type":"SearchAction","target":{"@type":"EntryPoint","urlTemplate":"https:\/\/expressometro.mx\/?s={search_term_string}"},"query-input":{"@type":"PropertyValueSpecification","valueRequired":true,"valueName":"search_term_string"}}],"inLanguage":"es"},{"@type":"Organization","@id":"https:\/\/expressometro.mx\/#organization","name":"Expresso Metropolitano","url":"https:\/\/expressometro.mx\/","logo":{"@type":"ImageObject","inLanguage":"es","@id":"https:\/\/expressometro.mx\/#\/schema\/logo\/image\/","url":"https:\/\/expressometro.mx\/wp-content\/uploads\/2019\/07\/cropped-Logo-Expresso-Metropolitano-1-1.jpeg","contentUrl":"https:\/\/expressometro.mx\/wp-content\/uploads\/2019\/07\/cropped-Logo-Expresso-Metropolitano-1-1.jpeg","width":290,"height":73,"caption":"Expresso Metropolitano"},"image":{"@id":"https:\/\/expressometro.mx\/#\/schema\/logo\/image\/"}},{"@type":"Person","@id":"https:\/\/expressometro.mx\/#\/schema\/person\/67a95b8e3862085c7598f66237488f1f","name":"Cecilia Vega","image":{"@type":"ImageObject","inLanguage":"es","@id":"https:\/\/secure.gravatar.com\/avatar\/13aae9944ab2ee472a9e407c9487fdbd03b049abaa559af32fe5dbcf615c981b?s=96&d=mm&r=g","url":"https:\/\/secure.gravatar.com\/avatar\/13aae9944ab2ee472a9e407c9487fdbd03b049abaa559af32fe5dbcf615c981b?s=96&d=mm&r=g","contentUrl":"https:\/\/secure.gravatar.com\/avatar\/13aae9944ab2ee472a9e407c9487fdbd03b049abaa559af32fe5dbcf615c981b?s=96&d=mm&r=g","caption":"Cecilia Vega"},"url":"https:\/\/expressometro.mx\/index.php\/author\/cecilia-vega\/"}]}},"amp_enabled":true,"_links":{"self":[{"href":"https:\/\/expressometro.mx\/index.php\/wp-json\/wp\/v2\/posts\/4489","targetHints":{"allow":["GET"]}}],"collection":[{"href":"https:\/\/expressometro.mx\/index.php\/wp-json\/wp\/v2\/posts"}],"about":[{"href":"https:\/\/expressometro.mx\/index.php\/wp-json\/wp\/v2\/types\/post"}],"author":[{"embeddable":true,"href":"https:\/\/expressometro.mx\/index.php\/wp-json\/wp\/v2\/users\/2"}],"replies":[{"embeddable":true,"href":"https:\/\/expressometro.mx\/index.php\/wp-json\/wp\/v2\/comments?post=4489"}],"version-history":[{"count":2,"href":"https:\/\/expressometro.mx\/index.php\/wp-json\/wp\/v2\/posts\/4489\/revisions"}],"predecessor-version":[{"id":4495,"href":"https:\/\/expressometro.mx\/index.php\/wp-json\/wp\/v2\/posts\/4489\/revisions\/4495"}],"wp:featuredmedia":[{"embeddable":true,"href":"https:\/\/expressometro.mx\/index.php\/wp-json\/wp\/v2\/media\/4491"}],"wp:attachment":[{"href":"https:\/\/expressometro.mx\/index.php\/wp-json\/wp\/v2\/media?parent=4489"}],"wp:term":[{"taxonomy":"category","embeddable":true,"href":"https:\/\/expressometro.mx\/index.php\/wp-json\/wp\/v2\/categories?post=4489"},{"taxonomy":"post_tag","embeddable":true,"href":"https:\/\/expressometro.mx\/index.php\/wp-json\/wp\/v2\/tags?post=4489"}],"curies":[{"name":"wp","href":"https:\/\/api.w.org\/{rel}","templated":true}]}}