{"id":4480,"date":"2021-11-24T12:30:07","date_gmt":"2021-11-24T18:30:07","guid":{"rendered":"https:\/\/expressometro.mx\/?p=4480"},"modified":"2021-11-24T12:30:09","modified_gmt":"2021-11-24T18:30:09","slug":"inauguraron-alfredo-del-mazo-y-marco-aurelio-carbajal-unidad-deportiva-del-smsem-en-el-valle-de-mexico","status":"publish","type":"post","link":"https:\/\/expressometro.mx\/index.php\/2021\/11\/24\/inauguraron-alfredo-del-mazo-y-marco-aurelio-carbajal-unidad-deportiva-del-smsem-en-el-valle-de-mexico\/","title":{"rendered":"Inauguraron Alfredo Del Mazo y Marco Aurelio Carbajal Unidad Deportiva del SMSEM en el Valle de M\u00e9xico"},"content":{"rendered":"\n<p>La Paz, Estado de M\u00e9xico.- En el marco de la inauguraci\u00f3n de la Unidad Deportiva del Sindicato de Maestros al Servicio del Estado de M\u00e9xico (SMSEM) en la regi\u00f3n sindical 7, Marco Aurelio Carbajal Leyva, Secretario General del SMSEM, solicit\u00f3 el apoyo del Gobernador Alfredo Del Mazo Maza, para dar continuidad a los procesos de basificaci\u00f3n de plazas locales, as\u00ed como la implementaci\u00f3n de un programa emergente de vacunaci\u00f3n contra COVID-19, para fortalecer el sistema inmunol\u00f3gico de los maestros, en el contexto del regreso a clases presenciales.<\/p>\n\n\n\n<p>\u201cHago oportuno el momento para solicitarle su invaluable apoyo para dar continuidad a los procesos de entrega de nombramientos de basificaci\u00f3n de plazas docentes locales, a nuestros compa\u00f1eros que est\u00e1n en posibilidades de recibir ese beneficio de car\u00e1cter laboral, en aras de trabajar de forma m\u00e1s comprometida en diversas funciones, escuelas y dependencias que, en conjunto, hacen m\u00e1s fuerte a nuestro Subsistema Educativo Estatal\u201d, refiri\u00f3 Marco Aurelio Carbajal Leyva, luego de agradecer y reconocer el apoyo del titular del Ejecutivo Mexiquense para cristalizar la obra inaugurada.<\/p>\n\n\n\n<p>De la misma forma, solicit\u00f3 revisar y operar los procesos de basificaci\u00f3n previstos en la Ley Federal del Sistema para la Carrera de las Maestras y los Maestros.<\/p>\n\n\n\n<p>En el contexto del regreso a clases presenciales, el Secretario General del SMSEM extern\u00f3 \u201cel pedimento m\u00e1s sentido de las maestras y los maestros\u201d para garantizar su seguridad m\u00e9dica, impulsando un programa de vacunaci\u00f3n emergente con el que se garantice el fortalecimiento del sistema inmunol\u00f3gico del magisterio, que sirve con profesionalismo a la sociedad mexiquense.<\/p>\n\n\n\n<p>Carbajal Leyva dio a conocer que su Comit\u00e9 Ejecutivo se encuentra listo para entregar los pliegos petitorios en materia econ\u00f3mico-salarial, profesional y m\u00e9dico asistencial, por lo que en fechas pr\u00f3ximas, estar\u00e1n tocando las puertas del gobierno del estado, en busca de mejores condiciones laborales y de vida para los agremiados al SMSEM.<\/p>\n\n\n\n<p>Respecto a la Unidad Deportiva, el l\u00edder del magisterio estatal resalt\u00f3 que es un espacio que busca la promoci\u00f3n del deporte y la vida sana, as\u00ed como la convivencia y recreaci\u00f3n entre los profesores circunscritos laboralmente al \u00e1rea del Valle de M\u00e9xico, un tema fundamental para su dirigencia.<\/p>\n\n\n\n<p>El Gobernador Del Mazo hizo entrega de esta importante obra al magisterio, especialmente del Valle de M\u00e9xico, la cual, inform\u00f3, tuvo una inversi\u00f3n cercana a los 90 millones de pesos\u200by ser\u00e1 un espacio para promover la cultura deportiva entre la membres\u00eda afiliada al SMSEM.<\/p>\n\n\n\n<p>Luego de recorrer junto al Secretario General, la Unidad Deportiva del SMSEM en el Valle de M\u00e9xico, el Gobernador Del Mazo Maza destac\u00f3 el clima de unidad en que se dio la elecci\u00f3n de la dirigencia de Carbajal Leyva, \u201cque adem\u00e1s naci\u00f3 con un gran \u00e1nimo, una gran fortaleza, en un proceso unido, en un proceso fortalecido, en un proceso de mucho respaldo al interior del magisterio y que se pasa ahora la batuta, para que un nuevo dirigente con trayectoria, con experiencia, con una gran formaci\u00f3n y un gran compromiso tambi\u00e9n, con las maestras y maestros mexiquenses, pueda continuar con este gran trabajo, por seguir apoyando a las maestras y maestras del Estado de M\u00e9xico y tambi\u00e9n con una cercan\u00eda, una relaci\u00f3n institucional y cercana con el gobierno del estado\u201d, refiri\u00f3.<\/p>\n\n\n\n<p>Tras escuchar el mensaje de Marco Aurelio Carbajal, Alfredo Del Mazo asegur\u00f3 que su gobierno continuar\u00e1 respaldando al magisterio, cuyas demandas, peticiones, inquietudes y preocupaciones ser\u00e1n atendidas y escuchadas, haciendo el mayor esfuerzo posible por apoyarles.<\/p>\n\n\n\n<p>\u201cDe entrada, recojo primero estos dos planteamientos que hizo Marco hace un momento, para continuar la basificaci\u00f3n. Es un esfuerzo que ya se impuls\u00f3 de manera importante en una primera etapa, sabemos que todav\u00eda hace falta m\u00e1s y vamos a darle continuidad con mucho gusto a este impulso para la basificaci\u00f3n de las maestras y maestros&#8221;, apunt\u00f3.<\/p>\n\n\n\n<p>Asimismo, dio a conocer que har\u00e1 las gestiones necesarias ante el gobierno federal, que es quien surte las vacunas contra el COVID-19, para que se pueda tener el refuerzo para las maestras y maestros, pues saben de su compromiso y gran esfuerzo para concluir dos ciclos escolares a distancia, adem\u00e1s de ser parte fundamental en el regreso a clases presenciales.<\/p>\n\n\n\n<p>El Gobernador Del Mazo inform\u00f3 que el 96 por ciento de las maestras y maestros ya se encuentran en clases presenciales, atendiendo a m\u00e1s de 3.3 millones de alumnos, que representa el 76 por ciento de la matr\u00edcula, datos que, explic\u00f3, representan un gran avance para la educaci\u00f3n en la entidad.<\/p>\n\n\n\n<p>Finalmente, Alfredo Del Mazo reiter\u00f3 el compromiso del Gobierno del Estado de M\u00e9xico de seguir impulsando infraestructura como la que hoy se entrega y que, adem\u00e1s de propiciar el deporte, permitir\u00e1 retomar los Eventos Culturales y Deportivos del SMSEM, que llevan dos a\u00f1os sin poderse llevar a cabo por la pandemia por COVID-19.<\/p>\n\n\n\n<p>La Unidad Deportiva del SMSEM cuenta con alberca semiol\u00edmpica (con vestidores y servicios sanitarios), gimnasio de usos m\u00faltiples, 2 canchas de futbol 7 con pasto sint\u00e9tico y gradas; 2 canchas de voleibol, cancha de front\u00f3n doble, cancha de squash; \u00e1rea de juegos infantiles, aparatos de ejercitaci\u00f3n, trotapista, andadores; edificio administrativo, consultorio m\u00e9dico y estacionamiento con 80 cajones.<\/p>\n\n\n\n<p>En el acto, estuvo presente Gerardo Monroy Serrano, Secretario de Educaci\u00f3n; Jos\u00e9 Manuel Uribe Navarrete, ex Secretario General del SMSEM, as\u00ed como integrantes de la dirigencia 2021-2024, Delegados Sindicales y maestros que laboran en el Valle de M\u00e9xico.<\/p>\n\n\n\n<figure class=\"wp-block-gallery columns-3 is-cropped wp-block-gallery-1 is-layout-flex wp-block-gallery-is-layout-flex\"><ul class=\"blocks-gallery-grid\"><li class=\"blocks-gallery-item\"><figure><img decoding=\"async\" width=\"693\" height=\"480\" src=\"https:\/\/expressometro.mx\/wp-content\/uploads\/2021\/11\/WhatsApp-Image-2021-11-24-at-10.27.33-AM-693x480.jpeg\" alt=\"\" data-id=\"4482\" data-link=\"https:\/\/expressometro.mx\/?attachment_id=4482\" class=\"wp-image-4482\" srcset=\"https:\/\/expressometro.mx\/wp-content\/uploads\/2021\/11\/WhatsApp-Image-2021-11-24-at-10.27.33-AM-693x480.jpeg 693w, https:\/\/expressometro.mx\/wp-content\/uploads\/2021\/11\/WhatsApp-Image-2021-11-24-at-10.27.33-AM-527x365.jpeg 527w, https:\/\/expressometro.mx\/wp-content\/uploads\/2021\/11\/WhatsApp-Image-2021-11-24-at-10.27.33-AM-768x532.jpeg 768w, https:\/\/expressometro.mx\/wp-content\/uploads\/2021\/11\/WhatsApp-Image-2021-11-24-at-10.27.33-AM.jpeg 1040w\" sizes=\"(max-width: 693px) 100vw, 693px\" \/><\/figure><\/li><li class=\"blocks-gallery-item\"><figure><img decoding=\"async\" width=\"693\" height=\"480\" src=\"https:\/\/expressometro.mx\/wp-content\/uploads\/2021\/11\/WhatsApp-Image-2021-11-24-at-10.27.34-AM-693x480.jpeg\" alt=\"\" data-id=\"4483\" data-link=\"https:\/\/expressometro.mx\/?attachment_id=4483\" class=\"wp-image-4483\" srcset=\"https:\/\/expressometro.mx\/wp-content\/uploads\/2021\/11\/WhatsApp-Image-2021-11-24-at-10.27.34-AM-693x480.jpeg 693w, https:\/\/expressometro.mx\/wp-content\/uploads\/2021\/11\/WhatsApp-Image-2021-11-24-at-10.27.34-AM-527x365.jpeg 527w, https:\/\/expressometro.mx\/wp-content\/uploads\/2021\/11\/WhatsApp-Image-2021-11-24-at-10.27.34-AM-768x532.jpeg 768w, https:\/\/expressometro.mx\/wp-content\/uploads\/2021\/11\/WhatsApp-Image-2021-11-24-at-10.27.34-AM.jpeg 1040w\" sizes=\"(max-width: 693px) 100vw, 693px\" \/><\/figure><\/li><li class=\"blocks-gallery-item\"><figure><img decoding=\"async\" width=\"693\" height=\"480\" src=\"https:\/\/expressometro.mx\/wp-content\/uploads\/2021\/11\/WhatsApp-Image-2021-11-24-at-10.27.35-AM-693x480.jpeg\" alt=\"\" data-id=\"4484\" data-full-url=\"https:\/\/expressometro.mx\/wp-content\/uploads\/2021\/11\/WhatsApp-Image-2021-11-24-at-10.27.35-AM.jpeg\" data-link=\"https:\/\/expressometro.mx\/?attachment_id=4484\" class=\"wp-image-4484\" srcset=\"https:\/\/expressometro.mx\/wp-content\/uploads\/2021\/11\/WhatsApp-Image-2021-11-24-at-10.27.35-AM-693x480.jpeg 693w, https:\/\/expressometro.mx\/wp-content\/uploads\/2021\/11\/WhatsApp-Image-2021-11-24-at-10.27.35-AM-527x365.jpeg 527w, https:\/\/expressometro.mx\/wp-content\/uploads\/2021\/11\/WhatsApp-Image-2021-11-24-at-10.27.35-AM-768x532.jpeg 768w, https:\/\/expressometro.mx\/wp-content\/uploads\/2021\/11\/WhatsApp-Image-2021-11-24-at-10.27.35-AM.jpeg 1040w\" sizes=\"(max-width: 693px) 100vw, 693px\" \/><\/figure><\/li><\/ul><\/figure>\n","protected":false},"excerpt":{"rendered":"<p>En este marco, el Secretario General del SMSEM solicit\u00f3 al Gobernador dar continuidad a los procesos de basificaci\u00f3n de plazas locales.<\/p>\n","protected":false},"author":2,"featured_media":4485,"comment_status":"open","ping_status":"open","sticky":false,"template":"","format":"standard","meta":{"footnotes":""},"categories":[9,3],"tags":[87,1218,1219],"class_list":["post-4480","post","type-post","status-publish","format-standard","has-post-thumbnail","hentry","category-deportes","category-gobierno","tag-alfredo-del-mazo","tag-marco-aurelio","tag-smsem"],"yoast_head":"<!-- This site is optimized with the Yoast SEO plugin v27.4 - https:\/\/yoast.com\/product\/yoast-seo-wordpress\/ -->\n<title>Inauguraron Alfredo Del Mazo y Marco Aurelio Carbajal Unidad Deportiva del SMSEM en el Valle de M\u00e9xico - Expresso Metropolitano<\/title>\n<meta name=\"robots\" content=\"index, follow, max-snippet:-1, max-image-preview:large, max-video-preview:-1\" \/>\n<link rel=\"canonical\" href=\"https:\/\/expressometro.mx\/index.php\/2021\/11\/24\/inauguraron-alfredo-del-mazo-y-marco-aurelio-carbajal-unidad-deportiva-del-smsem-en-el-valle-de-mexico\/\" \/>\n<meta property=\"og:locale\" content=\"es_MX\" \/>\n<meta property=\"og:type\" content=\"article\" \/>\n<meta property=\"og:title\" content=\"Inauguraron Alfredo Del Mazo y Marco Aurelio Carbajal Unidad Deportiva del SMSEM en el Valle de M\u00e9xico - Expresso Metropolitano\" \/>\n<meta property=\"og:description\" content=\"En este marco, el Secretario General del SMSEM solicit\u00f3 al Gobernador dar continuidad a los procesos de basificaci\u00f3n de plazas locales.\" \/>\n<meta property=\"og:url\" content=\"https:\/\/expressometro.mx\/index.php\/2021\/11\/24\/inauguraron-alfredo-del-mazo-y-marco-aurelio-carbajal-unidad-deportiva-del-smsem-en-el-valle-de-mexico\/\" \/>\n<meta property=\"og:site_name\" content=\"Expresso Metropolitano\" \/>\n<meta property=\"article:published_time\" content=\"2021-11-24T18:30:07+00:00\" \/>\n<meta property=\"article:modified_time\" content=\"2021-11-24T18:30:09+00:00\" \/>\n<meta property=\"og:image\" content=\"http:\/\/expressometro.mx\/wp-content\/uploads\/2021\/11\/WhatsApp-Image-2021-11-24-at-10.27.32-AM.jpeg\" \/>\n\t<meta property=\"og:image:width\" content=\"1040\" \/>\n\t<meta property=\"og:image:height\" content=\"720\" \/>\n\t<meta property=\"og:image:type\" content=\"image\/jpeg\" \/>\n<meta name=\"author\" content=\"Cecilia Vega\" \/>\n<meta name=\"twitter:label1\" content=\"Escrito por\" \/>\n\t<meta name=\"twitter:data1\" content=\"Cecilia Vega\" \/>\n\t<meta name=\"twitter:label2\" content=\"Tiempo de lectura\" \/>\n\t<meta name=\"twitter:data2\" content=\"5 minutos\" \/>\n<script type=\"application\/ld+json\" class=\"yoast-schema-graph\">{\"@context\":\"https:\\\/\\\/schema.org\",\"@graph\":[{\"@type\":\"Article\",\"@id\":\"https:\\\/\\\/expressometro.mx\\\/index.php\\\/2021\\\/11\\\/24\\\/inauguraron-alfredo-del-mazo-y-marco-aurelio-carbajal-unidad-deportiva-del-smsem-en-el-valle-de-mexico\\\/#article\",\"isPartOf\":{\"@id\":\"https:\\\/\\\/expressometro.mx\\\/index.php\\\/2021\\\/11\\\/24\\\/inauguraron-alfredo-del-mazo-y-marco-aurelio-carbajal-unidad-deportiva-del-smsem-en-el-valle-de-mexico\\\/\"},\"author\":{\"name\":\"Cecilia Vega\",\"@id\":\"https:\\\/\\\/expressometro.mx\\\/#\\\/schema\\\/person\\\/67a95b8e3862085c7598f66237488f1f\"},\"headline\":\"Inauguraron Alfredo Del Mazo y Marco Aurelio Carbajal Unidad Deportiva del SMSEM en el Valle de M\u00e9xico\",\"datePublished\":\"2021-11-24T18:30:07+00:00\",\"dateModified\":\"2021-11-24T18:30:09+00:00\",\"mainEntityOfPage\":{\"@id\":\"https:\\\/\\\/expressometro.mx\\\/index.php\\\/2021\\\/11\\\/24\\\/inauguraron-alfredo-del-mazo-y-marco-aurelio-carbajal-unidad-deportiva-del-smsem-en-el-valle-de-mexico\\\/\"},\"wordCount\":954,\"commentCount\":0,\"publisher\":{\"@id\":\"https:\\\/\\\/expressometro.mx\\\/#organization\"},\"image\":{\"@id\":\"https:\\\/\\\/expressometro.mx\\\/index.php\\\/2021\\\/11\\\/24\\\/inauguraron-alfredo-del-mazo-y-marco-aurelio-carbajal-unidad-deportiva-del-smsem-en-el-valle-de-mexico\\\/#primaryimage\"},\"thumbnailUrl\":\"https:\\\/\\\/expressometro.mx\\\/wp-content\\\/uploads\\\/2021\\\/11\\\/WhatsApp-Image-2021-11-24-at-10.27.32-AM.jpeg\",\"keywords\":[\"Alfredo del Mazo\",\"Marco Aurelio\",\"SMSEM\"],\"articleSection\":[\"Deportes\",\"Gobierno\"],\"inLanguage\":\"es\",\"potentialAction\":[{\"@type\":\"CommentAction\",\"name\":\"Comment\",\"target\":[\"https:\\\/\\\/expressometro.mx\\\/index.php\\\/2021\\\/11\\\/24\\\/inauguraron-alfredo-del-mazo-y-marco-aurelio-carbajal-unidad-deportiva-del-smsem-en-el-valle-de-mexico\\\/#respond\"]}]},{\"@type\":\"WebPage\",\"@id\":\"https:\\\/\\\/expressometro.mx\\\/index.php\\\/2021\\\/11\\\/24\\\/inauguraron-alfredo-del-mazo-y-marco-aurelio-carbajal-unidad-deportiva-del-smsem-en-el-valle-de-mexico\\\/\",\"url\":\"https:\\\/\\\/expressometro.mx\\\/index.php\\\/2021\\\/11\\\/24\\\/inauguraron-alfredo-del-mazo-y-marco-aurelio-carbajal-unidad-deportiva-del-smsem-en-el-valle-de-mexico\\\/\",\"name\":\"Inauguraron Alfredo Del Mazo y Marco Aurelio Carbajal Unidad Deportiva del SMSEM en el Valle de M\u00e9xico - Expresso Metropolitano\",\"isPartOf\":{\"@id\":\"https:\\\/\\\/expressometro.mx\\\/#website\"},\"primaryImageOfPage\":{\"@id\":\"https:\\\/\\\/expressometro.mx\\\/index.php\\\/2021\\\/11\\\/24\\\/inauguraron-alfredo-del-mazo-y-marco-aurelio-carbajal-unidad-deportiva-del-smsem-en-el-valle-de-mexico\\\/#primaryimage\"},\"image\":{\"@id\":\"https:\\\/\\\/expressometro.mx\\\/index.php\\\/2021\\\/11\\\/24\\\/inauguraron-alfredo-del-mazo-y-marco-aurelio-carbajal-unidad-deportiva-del-smsem-en-el-valle-de-mexico\\\/#primaryimage\"},\"thumbnailUrl\":\"https:\\\/\\\/expressometro.mx\\\/wp-content\\\/uploads\\\/2021\\\/11\\\/WhatsApp-Image-2021-11-24-at-10.27.32-AM.jpeg\",\"datePublished\":\"2021-11-24T18:30:07+00:00\",\"dateModified\":\"2021-11-24T18:30:09+00:00\",\"breadcrumb\":{\"@id\":\"https:\\\/\\\/expressometro.mx\\\/index.php\\\/2021\\\/11\\\/24\\\/inauguraron-alfredo-del-mazo-y-marco-aurelio-carbajal-unidad-deportiva-del-smsem-en-el-valle-de-mexico\\\/#breadcrumb\"},\"inLanguage\":\"es\",\"potentialAction\":[{\"@type\":\"ReadAction\",\"target\":[\"https:\\\/\\\/expressometro.mx\\\/index.php\\\/2021\\\/11\\\/24\\\/inauguraron-alfredo-del-mazo-y-marco-aurelio-carbajal-unidad-deportiva-del-smsem-en-el-valle-de-mexico\\\/\"]}]},{\"@type\":\"ImageObject\",\"inLanguage\":\"es\",\"@id\":\"https:\\\/\\\/expressometro.mx\\\/index.php\\\/2021\\\/11\\\/24\\\/inauguraron-alfredo-del-mazo-y-marco-aurelio-carbajal-unidad-deportiva-del-smsem-en-el-valle-de-mexico\\\/#primaryimage\",\"url\":\"https:\\\/\\\/expressometro.mx\\\/wp-content\\\/uploads\\\/2021\\\/11\\\/WhatsApp-Image-2021-11-24-at-10.27.32-AM.jpeg\",\"contentUrl\":\"https:\\\/\\\/expressometro.mx\\\/wp-content\\\/uploads\\\/2021\\\/11\\\/WhatsApp-Image-2021-11-24-at-10.27.32-AM.jpeg\",\"width\":1040,\"height\":720},{\"@type\":\"BreadcrumbList\",\"@id\":\"https:\\\/\\\/expressometro.mx\\\/index.php\\\/2021\\\/11\\\/24\\\/inauguraron-alfredo-del-mazo-y-marco-aurelio-carbajal-unidad-deportiva-del-smsem-en-el-valle-de-mexico\\\/#breadcrumb\",\"itemListElement\":[{\"@type\":\"ListItem\",\"position\":1,\"name\":\"Inicio\",\"item\":\"https:\\\/\\\/expressometro.mx\\\/\"},{\"@type\":\"ListItem\",\"position\":2,\"name\":\"Inauguraron Alfredo Del Mazo y Marco Aurelio Carbajal Unidad Deportiva del SMSEM en el Valle de M\u00e9xico\"}]},{\"@type\":\"WebSite\",\"@id\":\"https:\\\/\\\/expressometro.mx\\\/#website\",\"url\":\"https:\\\/\\\/expressometro.mx\\\/\",\"name\":\"Expresso Metropolitano\",\"description\":\"Periodismo comprometido, informaci\u00f3n, investigaci\u00f3n y an\u00e1lisis\",\"publisher\":{\"@id\":\"https:\\\/\\\/expressometro.mx\\\/#organization\"},\"potentialAction\":[{\"@type\":\"SearchAction\",\"target\":{\"@type\":\"EntryPoint\",\"urlTemplate\":\"https:\\\/\\\/expressometro.mx\\\/?s={search_term_string}\"},\"query-input\":{\"@type\":\"PropertyValueSpecification\",\"valueRequired\":true,\"valueName\":\"search_term_string\"}}],\"inLanguage\":\"es\"},{\"@type\":\"Organization\",\"@id\":\"https:\\\/\\\/expressometro.mx\\\/#organization\",\"name\":\"Expresso Metropolitano\",\"url\":\"https:\\\/\\\/expressometro.mx\\\/\",\"logo\":{\"@type\":\"ImageObject\",\"inLanguage\":\"es\",\"@id\":\"https:\\\/\\\/expressometro.mx\\\/#\\\/schema\\\/logo\\\/image\\\/\",\"url\":\"https:\\\/\\\/expressometro.mx\\\/wp-content\\\/uploads\\\/2019\\\/07\\\/cropped-Logo-Expresso-Metropolitano-1-1.jpeg\",\"contentUrl\":\"https:\\\/\\\/expressometro.mx\\\/wp-content\\\/uploads\\\/2019\\\/07\\\/cropped-Logo-Expresso-Metropolitano-1-1.jpeg\",\"width\":290,\"height\":73,\"caption\":\"Expresso Metropolitano\"},\"image\":{\"@id\":\"https:\\\/\\\/expressometro.mx\\\/#\\\/schema\\\/logo\\\/image\\\/\"}},{\"@type\":\"Person\",\"@id\":\"https:\\\/\\\/expressometro.mx\\\/#\\\/schema\\\/person\\\/67a95b8e3862085c7598f66237488f1f\",\"name\":\"Cecilia Vega\",\"image\":{\"@type\":\"ImageObject\",\"inLanguage\":\"es\",\"@id\":\"https:\\\/\\\/secure.gravatar.com\\\/avatar\\\/13aae9944ab2ee472a9e407c9487fdbd03b049abaa559af32fe5dbcf615c981b?s=96&d=mm&r=g\",\"url\":\"https:\\\/\\\/secure.gravatar.com\\\/avatar\\\/13aae9944ab2ee472a9e407c9487fdbd03b049abaa559af32fe5dbcf615c981b?s=96&d=mm&r=g\",\"contentUrl\":\"https:\\\/\\\/secure.gravatar.com\\\/avatar\\\/13aae9944ab2ee472a9e407c9487fdbd03b049abaa559af32fe5dbcf615c981b?s=96&d=mm&r=g\",\"caption\":\"Cecilia Vega\"},\"url\":\"https:\\\/\\\/expressometro.mx\\\/index.php\\\/author\\\/cecilia-vega\\\/\"}]}<\/script>\n<!-- \/ Yoast SEO plugin. -->","yoast_head_json":{"title":"Inauguraron Alfredo Del Mazo y Marco Aurelio Carbajal Unidad Deportiva del SMSEM en el Valle de M\u00e9xico - Expresso Metropolitano","robots":{"index":"index","follow":"follow","max-snippet":"max-snippet:-1","max-image-preview":"max-image-preview:large","max-video-preview":"max-video-preview:-1"},"canonical":"https:\/\/expressometro.mx\/index.php\/2021\/11\/24\/inauguraron-alfredo-del-mazo-y-marco-aurelio-carbajal-unidad-deportiva-del-smsem-en-el-valle-de-mexico\/","og_locale":"es_MX","og_type":"article","og_title":"Inauguraron Alfredo Del Mazo y Marco Aurelio Carbajal Unidad Deportiva del SMSEM en el Valle de M\u00e9xico - Expresso Metropolitano","og_description":"En este marco, el Secretario General del SMSEM solicit\u00f3 al Gobernador dar continuidad a los procesos de basificaci\u00f3n de plazas locales.","og_url":"https:\/\/expressometro.mx\/index.php\/2021\/11\/24\/inauguraron-alfredo-del-mazo-y-marco-aurelio-carbajal-unidad-deportiva-del-smsem-en-el-valle-de-mexico\/","og_site_name":"Expresso Metropolitano","article_published_time":"2021-11-24T18:30:07+00:00","article_modified_time":"2021-11-24T18:30:09+00:00","og_image":[{"width":1040,"height":720,"url":"http:\/\/expressometro.mx\/wp-content\/uploads\/2021\/11\/WhatsApp-Image-2021-11-24-at-10.27.32-AM.jpeg","type":"image\/jpeg"}],"author":"Cecilia Vega","twitter_misc":{"Escrito por":"Cecilia Vega","Tiempo de lectura":"5 minutos"},"schema":{"@context":"https:\/\/schema.org","@graph":[{"@type":"Article","@id":"https:\/\/expressometro.mx\/index.php\/2021\/11\/24\/inauguraron-alfredo-del-mazo-y-marco-aurelio-carbajal-unidad-deportiva-del-smsem-en-el-valle-de-mexico\/#article","isPartOf":{"@id":"https:\/\/expressometro.mx\/index.php\/2021\/11\/24\/inauguraron-alfredo-del-mazo-y-marco-aurelio-carbajal-unidad-deportiva-del-smsem-en-el-valle-de-mexico\/"},"author":{"name":"Cecilia Vega","@id":"https:\/\/expressometro.mx\/#\/schema\/person\/67a95b8e3862085c7598f66237488f1f"},"headline":"Inauguraron Alfredo Del Mazo y Marco Aurelio Carbajal Unidad Deportiva del SMSEM en el Valle de M\u00e9xico","datePublished":"2021-11-24T18:30:07+00:00","dateModified":"2021-11-24T18:30:09+00:00","mainEntityOfPage":{"@id":"https:\/\/expressometro.mx\/index.php\/2021\/11\/24\/inauguraron-alfredo-del-mazo-y-marco-aurelio-carbajal-unidad-deportiva-del-smsem-en-el-valle-de-mexico\/"},"wordCount":954,"commentCount":0,"publisher":{"@id":"https:\/\/expressometro.mx\/#organization"},"image":{"@id":"https:\/\/expressometro.mx\/index.php\/2021\/11\/24\/inauguraron-alfredo-del-mazo-y-marco-aurelio-carbajal-unidad-deportiva-del-smsem-en-el-valle-de-mexico\/#primaryimage"},"thumbnailUrl":"https:\/\/expressometro.mx\/wp-content\/uploads\/2021\/11\/WhatsApp-Image-2021-11-24-at-10.27.32-AM.jpeg","keywords":["Alfredo del Mazo","Marco Aurelio","SMSEM"],"articleSection":["Deportes","Gobierno"],"inLanguage":"es","potentialAction":[{"@type":"CommentAction","name":"Comment","target":["https:\/\/expressometro.mx\/index.php\/2021\/11\/24\/inauguraron-alfredo-del-mazo-y-marco-aurelio-carbajal-unidad-deportiva-del-smsem-en-el-valle-de-mexico\/#respond"]}]},{"@type":"WebPage","@id":"https:\/\/expressometro.mx\/index.php\/2021\/11\/24\/inauguraron-alfredo-del-mazo-y-marco-aurelio-carbajal-unidad-deportiva-del-smsem-en-el-valle-de-mexico\/","url":"https:\/\/expressometro.mx\/index.php\/2021\/11\/24\/inauguraron-alfredo-del-mazo-y-marco-aurelio-carbajal-unidad-deportiva-del-smsem-en-el-valle-de-mexico\/","name":"Inauguraron Alfredo Del Mazo y Marco Aurelio Carbajal Unidad Deportiva del SMSEM en el Valle de M\u00e9xico - Expresso Metropolitano","isPartOf":{"@id":"https:\/\/expressometro.mx\/#website"},"primaryImageOfPage":{"@id":"https:\/\/expressometro.mx\/index.php\/2021\/11\/24\/inauguraron-alfredo-del-mazo-y-marco-aurelio-carbajal-unidad-deportiva-del-smsem-en-el-valle-de-mexico\/#primaryimage"},"image":{"@id":"https:\/\/expressometro.mx\/index.php\/2021\/11\/24\/inauguraron-alfredo-del-mazo-y-marco-aurelio-carbajal-unidad-deportiva-del-smsem-en-el-valle-de-mexico\/#primaryimage"},"thumbnailUrl":"https:\/\/expressometro.mx\/wp-content\/uploads\/2021\/11\/WhatsApp-Image-2021-11-24-at-10.27.32-AM.jpeg","datePublished":"2021-11-24T18:30:07+00:00","dateModified":"2021-11-24T18:30:09+00:00","breadcrumb":{"@id":"https:\/\/expressometro.mx\/index.php\/2021\/11\/24\/inauguraron-alfredo-del-mazo-y-marco-aurelio-carbajal-unidad-deportiva-del-smsem-en-el-valle-de-mexico\/#breadcrumb"},"inLanguage":"es","potentialAction":[{"@type":"ReadAction","target":["https:\/\/expressometro.mx\/index.php\/2021\/11\/24\/inauguraron-alfredo-del-mazo-y-marco-aurelio-carbajal-unidad-deportiva-del-smsem-en-el-valle-de-mexico\/"]}]},{"@type":"ImageObject","inLanguage":"es","@id":"https:\/\/expressometro.mx\/index.php\/2021\/11\/24\/inauguraron-alfredo-del-mazo-y-marco-aurelio-carbajal-unidad-deportiva-del-smsem-en-el-valle-de-mexico\/#primaryimage","url":"https:\/\/expressometro.mx\/wp-content\/uploads\/2021\/11\/WhatsApp-Image-2021-11-24-at-10.27.32-AM.jpeg","contentUrl":"https:\/\/expressometro.mx\/wp-content\/uploads\/2021\/11\/WhatsApp-Image-2021-11-24-at-10.27.32-AM.jpeg","width":1040,"height":720},{"@type":"BreadcrumbList","@id":"https:\/\/expressometro.mx\/index.php\/2021\/11\/24\/inauguraron-alfredo-del-mazo-y-marco-aurelio-carbajal-unidad-deportiva-del-smsem-en-el-valle-de-mexico\/#breadcrumb","itemListElement":[{"@type":"ListItem","position":1,"name":"Inicio","item":"https:\/\/expressometro.mx\/"},{"@type":"ListItem","position":2,"name":"Inauguraron Alfredo Del Mazo y Marco Aurelio Carbajal Unidad Deportiva del SMSEM en el Valle de M\u00e9xico"}]},{"@type":"WebSite","@id":"https:\/\/expressometro.mx\/#website","url":"https:\/\/expressometro.mx\/","name":"Expresso Metropolitano","description":"Periodismo comprometido, informaci\u00f3n, investigaci\u00f3n y an\u00e1lisis","publisher":{"@id":"https:\/\/expressometro.mx\/#organization"},"potentialAction":[{"@type":"SearchAction","target":{"@type":"EntryPoint","urlTemplate":"https:\/\/expressometro.mx\/?s={search_term_string}"},"query-input":{"@type":"PropertyValueSpecification","valueRequired":true,"valueName":"search_term_string"}}],"inLanguage":"es"},{"@type":"Organization","@id":"https:\/\/expressometro.mx\/#organization","name":"Expresso Metropolitano","url":"https:\/\/expressometro.mx\/","logo":{"@type":"ImageObject","inLanguage":"es","@id":"https:\/\/expressometro.mx\/#\/schema\/logo\/image\/","url":"https:\/\/expressometro.mx\/wp-content\/uploads\/2019\/07\/cropped-Logo-Expresso-Metropolitano-1-1.jpeg","contentUrl":"https:\/\/expressometro.mx\/wp-content\/uploads\/2019\/07\/cropped-Logo-Expresso-Metropolitano-1-1.jpeg","width":290,"height":73,"caption":"Expresso Metropolitano"},"image":{"@id":"https:\/\/expressometro.mx\/#\/schema\/logo\/image\/"}},{"@type":"Person","@id":"https:\/\/expressometro.mx\/#\/schema\/person\/67a95b8e3862085c7598f66237488f1f","name":"Cecilia Vega","image":{"@type":"ImageObject","inLanguage":"es","@id":"https:\/\/secure.gravatar.com\/avatar\/13aae9944ab2ee472a9e407c9487fdbd03b049abaa559af32fe5dbcf615c981b?s=96&d=mm&r=g","url":"https:\/\/secure.gravatar.com\/avatar\/13aae9944ab2ee472a9e407c9487fdbd03b049abaa559af32fe5dbcf615c981b?s=96&d=mm&r=g","contentUrl":"https:\/\/secure.gravatar.com\/avatar\/13aae9944ab2ee472a9e407c9487fdbd03b049abaa559af32fe5dbcf615c981b?s=96&d=mm&r=g","caption":"Cecilia Vega"},"url":"https:\/\/expressometro.mx\/index.php\/author\/cecilia-vega\/"}]}},"amp_enabled":true,"_links":{"self":[{"href":"https:\/\/expressometro.mx\/index.php\/wp-json\/wp\/v2\/posts\/4480","targetHints":{"allow":["GET"]}}],"collection":[{"href":"https:\/\/expressometro.mx\/index.php\/wp-json\/wp\/v2\/posts"}],"about":[{"href":"https:\/\/expressometro.mx\/index.php\/wp-json\/wp\/v2\/types\/post"}],"author":[{"embeddable":true,"href":"https:\/\/expressometro.mx\/index.php\/wp-json\/wp\/v2\/users\/2"}],"replies":[{"embeddable":true,"href":"https:\/\/expressometro.mx\/index.php\/wp-json\/wp\/v2\/comments?post=4480"}],"version-history":[{"count":1,"href":"https:\/\/expressometro.mx\/index.php\/wp-json\/wp\/v2\/posts\/4480\/revisions"}],"predecessor-version":[{"id":4486,"href":"https:\/\/expressometro.mx\/index.php\/wp-json\/wp\/v2\/posts\/4480\/revisions\/4486"}],"wp:featuredmedia":[{"embeddable":true,"href":"https:\/\/expressometro.mx\/index.php\/wp-json\/wp\/v2\/media\/4485"}],"wp:attachment":[{"href":"https:\/\/expressometro.mx\/index.php\/wp-json\/wp\/v2\/media?parent=4480"}],"wp:term":[{"taxonomy":"category","embeddable":true,"href":"https:\/\/expressometro.mx\/index.php\/wp-json\/wp\/v2\/categories?post=4480"},{"taxonomy":"post_tag","embeddable":true,"href":"https:\/\/expressometro.mx\/index.php\/wp-json\/wp\/v2\/tags?post=4480"}],"curies":[{"name":"wp","href":"https:\/\/api.w.org\/{rel}","templated":true}]}}