{"id":4427,"date":"2021-11-16T17:31:00","date_gmt":"2021-11-16T23:31:00","guid":{"rendered":"https:\/\/expressometro.mx\/?p=4427"},"modified":"2021-11-17T17:34:10","modified_gmt":"2021-11-17T23:34:10","slug":"transparencia-y-rendicion-de-cuentas-pilares-de-la-administracion-universitaria-2021-2025-de-la-uaem","status":"publish","type":"post","link":"https:\/\/expressometro.mx\/index.php\/2021\/11\/16\/transparencia-y-rendicion-de-cuentas-pilares-de-la-administracion-universitaria-2021-2025-de-la-uaem\/","title":{"rendered":"Transparencia y rendici\u00f3n de cuentas, pilares de la Administraci\u00f3n Universitaria 2021-2025 de la UAEM"},"content":{"rendered":"\n<p>Toluca, M\u00e9x; 16 de noviembre de 2021. Una de las primeras acciones emprendidas en la presente administraci\u00f3n de la Universidad Aut\u00f3noma del Estado de M\u00e9xico (UAEM) fue lograr una estrecha colaboraci\u00f3n con el \u00d3rgano Interno de Control (OIC), lo que dio como resultado que durante los meses de mayo y junio un total de siete mil 722 universitarios presentaran sus Declaraciones de Situaci\u00f3n Patrimonial y de Intereses.<br>La claridad en el uso y aplicaci\u00f3n de los recursos p\u00fablicos ha sido una labor fundamental en este periodo, de manera que el H. Consejo Universitario aprob\u00f3 el nuevo Reglamento de Obra Universitaria. De este hecho, destaca la incorporaci\u00f3n del titular del OIC, como integrante del comit\u00e9 cuando se apliquen recursos p\u00fablicos federales, estatales o municipales; la integraci\u00f3n de un especialista en obra universitaria, un integrante de la comunidad universitaria y la difusi\u00f3n de las convocatorias en medios y diarios de circulaci\u00f3n nacional y local, as\u00ed como en medios electr\u00f3nicos de la UAEM. Menci\u00f3n especial merece la publicaci\u00f3n en la p\u00e1gina web institucional de cinco licitaciones.<br>En beneficio de la comunidad estudiantil, el H. Consejo Universitario respald\u00f3 el nuevo Reglamento de Becas, Apoyos y Est\u00edmulos de la Universidad donde se incluye al OIC para que participe en el comit\u00e9, dando mayor certidumbre y certeza a la asignaci\u00f3n de recursos para los estudiantes. Tras la supresi\u00f3n de dos secretar\u00edas del organigrama universitario se ha podido incrementar en un cinco por ciento el n\u00famero de becas otorgadas a las y los estudiantes.<br>El portal de transparencia de la UAEM se ha situado como espacio que facilita a la sociedad el acceso a la informaci\u00f3n p\u00fablica de la instituci\u00f3n. En este semestre suman 34 mil 793 visitas al sitio, el cual se actualiza de manera trimestral y recibi\u00f3 la primera etapa de la verificaci\u00f3n virtual oficiosa al portal del Sistema de Informaci\u00f3n P\u00fablica de Oficio Mexiquense (IPOMEX), interconectado con la Plataforma Nacional de Transparencia, obteniendo un porcentaje de aprobaci\u00f3n de los usuarios de 94 por ciento y el 100 por ciento de cumplimiento.<br>La promoci\u00f3n de los derechos de Acceso a la Informaci\u00f3n y Protecci\u00f3n de Datos Personales se ubica como una de las estrategias para fortalecer la cultura de la transparencia entre la comunidad universitaria que ha recibido 28 pl\u00e1ticas virtuales, principalmente a estudiantes de nuevo ingreso y cinco capacitaciones a personal docente y administrativo. En tanto, el H. Consejo Universitario aprob\u00f3 la creaci\u00f3n del Diplomado Superior en Transparencia, Acceso a la Informaci\u00f3n P\u00fablica, Protecci\u00f3n de Datos Personales, Gobierno Abierto, Gesti\u00f3n Documental y Archivos.<\/p>\n\n\n\n<figure class=\"wp-block-gallery columns-3 is-cropped wp-block-gallery-1 is-layout-flex wp-block-gallery-is-layout-flex\"><ul class=\"blocks-gallery-grid\"><li class=\"blocks-gallery-item\"><figure><img decoding=\"async\" width=\"720\" height=\"480\" src=\"https:\/\/expressometro.mx\/wp-content\/uploads\/2021\/11\/WhatsApp-Image-2021-11-16-at-6.36.50-AM-1-720x480.jpeg\" alt=\"\" data-id=\"4428\" data-link=\"https:\/\/expressometro.mx\/?attachment_id=4428\" class=\"wp-image-4428\" srcset=\"https:\/\/expressometro.mx\/wp-content\/uploads\/2021\/11\/WhatsApp-Image-2021-11-16-at-6.36.50-AM-1-720x480.jpeg 720w, https:\/\/expressometro.mx\/wp-content\/uploads\/2021\/11\/WhatsApp-Image-2021-11-16-at-6.36.50-AM-1-548x365.jpeg 548w, https:\/\/expressometro.mx\/wp-content\/uploads\/2021\/11\/WhatsApp-Image-2021-11-16-at-6.36.50-AM-1-768x512.jpeg 768w, https:\/\/expressometro.mx\/wp-content\/uploads\/2021\/11\/WhatsApp-Image-2021-11-16-at-6.36.50-AM-1.jpeg 960w\" sizes=\"(max-width: 720px) 100vw, 720px\" \/><\/figure><\/li><li class=\"blocks-gallery-item\"><figure><img decoding=\"async\" width=\"720\" height=\"480\" src=\"https:\/\/expressometro.mx\/wp-content\/uploads\/2021\/11\/WhatsApp-Image-2021-11-16-at-6.36.50-AM-2-720x480.jpeg\" alt=\"\" data-id=\"4431\" data-link=\"https:\/\/expressometro.mx\/?attachment_id=4431\" class=\"wp-image-4431\" srcset=\"https:\/\/expressometro.mx\/wp-content\/uploads\/2021\/11\/WhatsApp-Image-2021-11-16-at-6.36.50-AM-2-720x480.jpeg 720w, https:\/\/expressometro.mx\/wp-content\/uploads\/2021\/11\/WhatsApp-Image-2021-11-16-at-6.36.50-AM-2-548x365.jpeg 548w, https:\/\/expressometro.mx\/wp-content\/uploads\/2021\/11\/WhatsApp-Image-2021-11-16-at-6.36.50-AM-2-768x512.jpeg 768w, https:\/\/expressometro.mx\/wp-content\/uploads\/2021\/11\/WhatsApp-Image-2021-11-16-at-6.36.50-AM-2.jpeg 960w\" sizes=\"(max-width: 720px) 100vw, 720px\" \/><\/figure><\/li><li class=\"blocks-gallery-item\"><figure><img decoding=\"async\" width=\"720\" height=\"480\" src=\"https:\/\/expressometro.mx\/wp-content\/uploads\/2021\/11\/WhatsApp-Image-2021-11-16-at-6.36.51-AM-720x480.jpeg\" alt=\"\" data-id=\"4432\" data-full-url=\"https:\/\/expressometro.mx\/wp-content\/uploads\/2021\/11\/WhatsApp-Image-2021-11-16-at-6.36.51-AM.jpeg\" data-link=\"https:\/\/expressometro.mx\/?attachment_id=4432\" class=\"wp-image-4432\" srcset=\"https:\/\/expressometro.mx\/wp-content\/uploads\/2021\/11\/WhatsApp-Image-2021-11-16-at-6.36.51-AM-720x480.jpeg 720w, https:\/\/expressometro.mx\/wp-content\/uploads\/2021\/11\/WhatsApp-Image-2021-11-16-at-6.36.51-AM-548x365.jpeg 548w, https:\/\/expressometro.mx\/wp-content\/uploads\/2021\/11\/WhatsApp-Image-2021-11-16-at-6.36.51-AM-768x512.jpeg 768w, https:\/\/expressometro.mx\/wp-content\/uploads\/2021\/11\/WhatsApp-Image-2021-11-16-at-6.36.51-AM.jpeg 960w\" sizes=\"(max-width: 720px) 100vw, 720px\" \/><\/figure><\/li><\/ul><\/figure>\n","protected":false},"excerpt":{"rendered":"<p>A seis meses de que arranc\u00f3 la administraci\u00f3n 2021-2025, se han emprendido acciones en todas las \u00e1reas de la Universidad fortaleciendo su marco normativo de la mano de la legislaci\u00f3n estatal y nacional para el combate a la corrupci\u00f3n.<\/p>\n","protected":false},"author":2,"featured_media":4429,"comment_status":"open","ping_status":"open","sticky":false,"template":"","format":"standard","meta":{"footnotes":""},"categories":[108,231],"tags":[313,82],"class_list":["post-4427","post","type-post","status-publish","format-standard","has-post-thumbnail","hentry","category-educacion","category-politica","tag-carlos-eduardo-barrera-diaz","tag-uaemex"],"yoast_head":"<!-- This site is optimized with the Yoast SEO plugin v27.5 - https:\/\/yoast.com\/product\/yoast-seo-wordpress\/ -->\n<title>Transparencia y rendici\u00f3n de cuentas, pilares de la Administraci\u00f3n Universitaria 2021-2025 de la UAEM - Expresso Metropolitano<\/title>\n<meta name=\"robots\" content=\"index, follow, max-snippet:-1, max-image-preview:large, max-video-preview:-1\" \/>\n<link rel=\"canonical\" href=\"https:\/\/expressometro.mx\/index.php\/2021\/11\/16\/transparencia-y-rendicion-de-cuentas-pilares-de-la-administracion-universitaria-2021-2025-de-la-uaem\/\" \/>\n<meta property=\"og:locale\" content=\"es_MX\" \/>\n<meta property=\"og:type\" content=\"article\" \/>\n<meta property=\"og:title\" content=\"Transparencia y rendici\u00f3n de cuentas, pilares de la Administraci\u00f3n Universitaria 2021-2025 de la UAEM - Expresso Metropolitano\" \/>\n<meta property=\"og:description\" content=\"A seis meses de que arranc\u00f3 la administraci\u00f3n 2021-2025, se han emprendido acciones en todas las \u00e1reas de la Universidad fortaleciendo su marco normativo de la mano de la legislaci\u00f3n estatal y nacional para el combate a la corrupci\u00f3n.\" \/>\n<meta property=\"og:url\" content=\"https:\/\/expressometro.mx\/index.php\/2021\/11\/16\/transparencia-y-rendicion-de-cuentas-pilares-de-la-administracion-universitaria-2021-2025-de-la-uaem\/\" \/>\n<meta property=\"og:site_name\" content=\"Expresso Metropolitano\" \/>\n<meta property=\"article:published_time\" content=\"2021-11-16T23:31:00+00:00\" \/>\n<meta property=\"article:modified_time\" content=\"2021-11-17T23:34:10+00:00\" \/>\n<meta property=\"og:image\" content=\"https:\/\/expressometro.mx\/wp-content\/uploads\/2021\/11\/WhatsApp-Image-2021-11-16-at-6.36.50-AM.jpeg\" \/>\n\t<meta property=\"og:image:width\" content=\"960\" \/>\n\t<meta property=\"og:image:height\" content=\"640\" \/>\n\t<meta property=\"og:image:type\" content=\"image\/jpeg\" \/>\n<meta name=\"author\" content=\"Cecilia Vega\" \/>\n<meta name=\"twitter:label1\" content=\"Escrito por\" \/>\n\t<meta name=\"twitter:data1\" content=\"Cecilia Vega\" \/>\n\t<meta name=\"twitter:label2\" content=\"Tiempo de lectura\" \/>\n\t<meta name=\"twitter:data2\" content=\"3 minutos\" \/>\n<script type=\"application\/ld+json\" class=\"yoast-schema-graph\">{\"@context\":\"https:\\\/\\\/schema.org\",\"@graph\":[{\"@type\":\"Article\",\"@id\":\"https:\\\/\\\/expressometro.mx\\\/index.php\\\/2021\\\/11\\\/16\\\/transparencia-y-rendicion-de-cuentas-pilares-de-la-administracion-universitaria-2021-2025-de-la-uaem\\\/#article\",\"isPartOf\":{\"@id\":\"https:\\\/\\\/expressometro.mx\\\/index.php\\\/2021\\\/11\\\/16\\\/transparencia-y-rendicion-de-cuentas-pilares-de-la-administracion-universitaria-2021-2025-de-la-uaem\\\/\"},\"author\":{\"name\":\"Cecilia Vega\",\"@id\":\"https:\\\/\\\/expressometro.mx\\\/#\\\/schema\\\/person\\\/67a95b8e3862085c7598f66237488f1f\"},\"headline\":\"Transparencia y rendici\u00f3n de cuentas, pilares de la Administraci\u00f3n Universitaria 2021-2025 de la UAEM\",\"datePublished\":\"2021-11-16T23:31:00+00:00\",\"dateModified\":\"2021-11-17T23:34:10+00:00\",\"mainEntityOfPage\":{\"@id\":\"https:\\\/\\\/expressometro.mx\\\/index.php\\\/2021\\\/11\\\/16\\\/transparencia-y-rendicion-de-cuentas-pilares-de-la-administracion-universitaria-2021-2025-de-la-uaem\\\/\"},\"wordCount\":465,\"commentCount\":0,\"publisher\":{\"@id\":\"https:\\\/\\\/expressometro.mx\\\/#organization\"},\"image\":{\"@id\":\"https:\\\/\\\/expressometro.mx\\\/index.php\\\/2021\\\/11\\\/16\\\/transparencia-y-rendicion-de-cuentas-pilares-de-la-administracion-universitaria-2021-2025-de-la-uaem\\\/#primaryimage\"},\"thumbnailUrl\":\"https:\\\/\\\/expressometro.mx\\\/wp-content\\\/uploads\\\/2021\\\/11\\\/WhatsApp-Image-2021-11-16-at-6.36.50-AM.jpeg\",\"keywords\":[\"Carlos Eduardo Barrera D\u00edaz\",\"UAEMex\"],\"articleSection\":[\"Educaci\u00f3n\",\"Pol\u00edtica\"],\"inLanguage\":\"es\",\"potentialAction\":[{\"@type\":\"CommentAction\",\"name\":\"Comment\",\"target\":[\"https:\\\/\\\/expressometro.mx\\\/index.php\\\/2021\\\/11\\\/16\\\/transparencia-y-rendicion-de-cuentas-pilares-de-la-administracion-universitaria-2021-2025-de-la-uaem\\\/#respond\"]}]},{\"@type\":\"WebPage\",\"@id\":\"https:\\\/\\\/expressometro.mx\\\/index.php\\\/2021\\\/11\\\/16\\\/transparencia-y-rendicion-de-cuentas-pilares-de-la-administracion-universitaria-2021-2025-de-la-uaem\\\/\",\"url\":\"https:\\\/\\\/expressometro.mx\\\/index.php\\\/2021\\\/11\\\/16\\\/transparencia-y-rendicion-de-cuentas-pilares-de-la-administracion-universitaria-2021-2025-de-la-uaem\\\/\",\"name\":\"Transparencia y rendici\u00f3n de cuentas, pilares de la Administraci\u00f3n Universitaria 2021-2025 de la UAEM - Expresso Metropolitano\",\"isPartOf\":{\"@id\":\"https:\\\/\\\/expressometro.mx\\\/#website\"},\"primaryImageOfPage\":{\"@id\":\"https:\\\/\\\/expressometro.mx\\\/index.php\\\/2021\\\/11\\\/16\\\/transparencia-y-rendicion-de-cuentas-pilares-de-la-administracion-universitaria-2021-2025-de-la-uaem\\\/#primaryimage\"},\"image\":{\"@id\":\"https:\\\/\\\/expressometro.mx\\\/index.php\\\/2021\\\/11\\\/16\\\/transparencia-y-rendicion-de-cuentas-pilares-de-la-administracion-universitaria-2021-2025-de-la-uaem\\\/#primaryimage\"},\"thumbnailUrl\":\"https:\\\/\\\/expressometro.mx\\\/wp-content\\\/uploads\\\/2021\\\/11\\\/WhatsApp-Image-2021-11-16-at-6.36.50-AM.jpeg\",\"datePublished\":\"2021-11-16T23:31:00+00:00\",\"dateModified\":\"2021-11-17T23:34:10+00:00\",\"breadcrumb\":{\"@id\":\"https:\\\/\\\/expressometro.mx\\\/index.php\\\/2021\\\/11\\\/16\\\/transparencia-y-rendicion-de-cuentas-pilares-de-la-administracion-universitaria-2021-2025-de-la-uaem\\\/#breadcrumb\"},\"inLanguage\":\"es\",\"potentialAction\":[{\"@type\":\"ReadAction\",\"target\":[\"https:\\\/\\\/expressometro.mx\\\/index.php\\\/2021\\\/11\\\/16\\\/transparencia-y-rendicion-de-cuentas-pilares-de-la-administracion-universitaria-2021-2025-de-la-uaem\\\/\"]}]},{\"@type\":\"ImageObject\",\"inLanguage\":\"es\",\"@id\":\"https:\\\/\\\/expressometro.mx\\\/index.php\\\/2021\\\/11\\\/16\\\/transparencia-y-rendicion-de-cuentas-pilares-de-la-administracion-universitaria-2021-2025-de-la-uaem\\\/#primaryimage\",\"url\":\"https:\\\/\\\/expressometro.mx\\\/wp-content\\\/uploads\\\/2021\\\/11\\\/WhatsApp-Image-2021-11-16-at-6.36.50-AM.jpeg\",\"contentUrl\":\"https:\\\/\\\/expressometro.mx\\\/wp-content\\\/uploads\\\/2021\\\/11\\\/WhatsApp-Image-2021-11-16-at-6.36.50-AM.jpeg\",\"width\":960,\"height\":640},{\"@type\":\"BreadcrumbList\",\"@id\":\"https:\\\/\\\/expressometro.mx\\\/index.php\\\/2021\\\/11\\\/16\\\/transparencia-y-rendicion-de-cuentas-pilares-de-la-administracion-universitaria-2021-2025-de-la-uaem\\\/#breadcrumb\",\"itemListElement\":[{\"@type\":\"ListItem\",\"position\":1,\"name\":\"Inicio\",\"item\":\"https:\\\/\\\/expressometro.mx\\\/\"},{\"@type\":\"ListItem\",\"position\":2,\"name\":\"Transparencia y rendici\u00f3n de cuentas, pilares de la Administraci\u00f3n Universitaria 2021-2025 de la UAEM\"}]},{\"@type\":\"WebSite\",\"@id\":\"https:\\\/\\\/expressometro.mx\\\/#website\",\"url\":\"https:\\\/\\\/expressometro.mx\\\/\",\"name\":\"Expresso Metropolitano\",\"description\":\"Periodismo comprometido, informaci\u00f3n, investigaci\u00f3n y an\u00e1lisis\",\"publisher\":{\"@id\":\"https:\\\/\\\/expressometro.mx\\\/#organization\"},\"potentialAction\":[{\"@type\":\"SearchAction\",\"target\":{\"@type\":\"EntryPoint\",\"urlTemplate\":\"https:\\\/\\\/expressometro.mx\\\/?s={search_term_string}\"},\"query-input\":{\"@type\":\"PropertyValueSpecification\",\"valueRequired\":true,\"valueName\":\"search_term_string\"}}],\"inLanguage\":\"es\"},{\"@type\":\"Organization\",\"@id\":\"https:\\\/\\\/expressometro.mx\\\/#organization\",\"name\":\"Expresso Metropolitano\",\"url\":\"https:\\\/\\\/expressometro.mx\\\/\",\"logo\":{\"@type\":\"ImageObject\",\"inLanguage\":\"es\",\"@id\":\"https:\\\/\\\/expressometro.mx\\\/#\\\/schema\\\/logo\\\/image\\\/\",\"url\":\"https:\\\/\\\/expressometro.mx\\\/wp-content\\\/uploads\\\/2019\\\/07\\\/cropped-Logo-Expresso-Metropolitano-1-1.jpeg\",\"contentUrl\":\"https:\\\/\\\/expressometro.mx\\\/wp-content\\\/uploads\\\/2019\\\/07\\\/cropped-Logo-Expresso-Metropolitano-1-1.jpeg\",\"width\":290,\"height\":73,\"caption\":\"Expresso Metropolitano\"},\"image\":{\"@id\":\"https:\\\/\\\/expressometro.mx\\\/#\\\/schema\\\/logo\\\/image\\\/\"}},{\"@type\":\"Person\",\"@id\":\"https:\\\/\\\/expressometro.mx\\\/#\\\/schema\\\/person\\\/67a95b8e3862085c7598f66237488f1f\",\"name\":\"Cecilia Vega\",\"image\":{\"@type\":\"ImageObject\",\"inLanguage\":\"es\",\"@id\":\"https:\\\/\\\/secure.gravatar.com\\\/avatar\\\/13aae9944ab2ee472a9e407c9487fdbd03b049abaa559af32fe5dbcf615c981b?s=96&d=mm&r=g\",\"url\":\"https:\\\/\\\/secure.gravatar.com\\\/avatar\\\/13aae9944ab2ee472a9e407c9487fdbd03b049abaa559af32fe5dbcf615c981b?s=96&d=mm&r=g\",\"contentUrl\":\"https:\\\/\\\/secure.gravatar.com\\\/avatar\\\/13aae9944ab2ee472a9e407c9487fdbd03b049abaa559af32fe5dbcf615c981b?s=96&d=mm&r=g\",\"caption\":\"Cecilia Vega\"},\"url\":\"https:\\\/\\\/expressometro.mx\\\/index.php\\\/author\\\/cecilia-vega\\\/\"}]}<\/script>\n<!-- \/ Yoast SEO plugin. -->","yoast_head_json":{"title":"Transparencia y rendici\u00f3n de cuentas, pilares de la Administraci\u00f3n Universitaria 2021-2025 de la UAEM - Expresso Metropolitano","robots":{"index":"index","follow":"follow","max-snippet":"max-snippet:-1","max-image-preview":"max-image-preview:large","max-video-preview":"max-video-preview:-1"},"canonical":"https:\/\/expressometro.mx\/index.php\/2021\/11\/16\/transparencia-y-rendicion-de-cuentas-pilares-de-la-administracion-universitaria-2021-2025-de-la-uaem\/","og_locale":"es_MX","og_type":"article","og_title":"Transparencia y rendici\u00f3n de cuentas, pilares de la Administraci\u00f3n Universitaria 2021-2025 de la UAEM - Expresso Metropolitano","og_description":"A seis meses de que arranc\u00f3 la administraci\u00f3n 2021-2025, se han emprendido acciones en todas las \u00e1reas de la Universidad fortaleciendo su marco normativo de la mano de la legislaci\u00f3n estatal y nacional para el combate a la corrupci\u00f3n.","og_url":"https:\/\/expressometro.mx\/index.php\/2021\/11\/16\/transparencia-y-rendicion-de-cuentas-pilares-de-la-administracion-universitaria-2021-2025-de-la-uaem\/","og_site_name":"Expresso Metropolitano","article_published_time":"2021-11-16T23:31:00+00:00","article_modified_time":"2021-11-17T23:34:10+00:00","og_image":[{"width":960,"height":640,"url":"https:\/\/expressometro.mx\/wp-content\/uploads\/2021\/11\/WhatsApp-Image-2021-11-16-at-6.36.50-AM.jpeg","type":"image\/jpeg"}],"author":"Cecilia Vega","twitter_misc":{"Escrito por":"Cecilia Vega","Tiempo de lectura":"3 minutos"},"schema":{"@context":"https:\/\/schema.org","@graph":[{"@type":"Article","@id":"https:\/\/expressometro.mx\/index.php\/2021\/11\/16\/transparencia-y-rendicion-de-cuentas-pilares-de-la-administracion-universitaria-2021-2025-de-la-uaem\/#article","isPartOf":{"@id":"https:\/\/expressometro.mx\/index.php\/2021\/11\/16\/transparencia-y-rendicion-de-cuentas-pilares-de-la-administracion-universitaria-2021-2025-de-la-uaem\/"},"author":{"name":"Cecilia Vega","@id":"https:\/\/expressometro.mx\/#\/schema\/person\/67a95b8e3862085c7598f66237488f1f"},"headline":"Transparencia y rendici\u00f3n de cuentas, pilares de la Administraci\u00f3n Universitaria 2021-2025 de la UAEM","datePublished":"2021-11-16T23:31:00+00:00","dateModified":"2021-11-17T23:34:10+00:00","mainEntityOfPage":{"@id":"https:\/\/expressometro.mx\/index.php\/2021\/11\/16\/transparencia-y-rendicion-de-cuentas-pilares-de-la-administracion-universitaria-2021-2025-de-la-uaem\/"},"wordCount":465,"commentCount":0,"publisher":{"@id":"https:\/\/expressometro.mx\/#organization"},"image":{"@id":"https:\/\/expressometro.mx\/index.php\/2021\/11\/16\/transparencia-y-rendicion-de-cuentas-pilares-de-la-administracion-universitaria-2021-2025-de-la-uaem\/#primaryimage"},"thumbnailUrl":"https:\/\/expressometro.mx\/wp-content\/uploads\/2021\/11\/WhatsApp-Image-2021-11-16-at-6.36.50-AM.jpeg","keywords":["Carlos Eduardo Barrera D\u00edaz","UAEMex"],"articleSection":["Educaci\u00f3n","Pol\u00edtica"],"inLanguage":"es","potentialAction":[{"@type":"CommentAction","name":"Comment","target":["https:\/\/expressometro.mx\/index.php\/2021\/11\/16\/transparencia-y-rendicion-de-cuentas-pilares-de-la-administracion-universitaria-2021-2025-de-la-uaem\/#respond"]}]},{"@type":"WebPage","@id":"https:\/\/expressometro.mx\/index.php\/2021\/11\/16\/transparencia-y-rendicion-de-cuentas-pilares-de-la-administracion-universitaria-2021-2025-de-la-uaem\/","url":"https:\/\/expressometro.mx\/index.php\/2021\/11\/16\/transparencia-y-rendicion-de-cuentas-pilares-de-la-administracion-universitaria-2021-2025-de-la-uaem\/","name":"Transparencia y rendici\u00f3n de cuentas, pilares de la Administraci\u00f3n Universitaria 2021-2025 de la UAEM - Expresso Metropolitano","isPartOf":{"@id":"https:\/\/expressometro.mx\/#website"},"primaryImageOfPage":{"@id":"https:\/\/expressometro.mx\/index.php\/2021\/11\/16\/transparencia-y-rendicion-de-cuentas-pilares-de-la-administracion-universitaria-2021-2025-de-la-uaem\/#primaryimage"},"image":{"@id":"https:\/\/expressometro.mx\/index.php\/2021\/11\/16\/transparencia-y-rendicion-de-cuentas-pilares-de-la-administracion-universitaria-2021-2025-de-la-uaem\/#primaryimage"},"thumbnailUrl":"https:\/\/expressometro.mx\/wp-content\/uploads\/2021\/11\/WhatsApp-Image-2021-11-16-at-6.36.50-AM.jpeg","datePublished":"2021-11-16T23:31:00+00:00","dateModified":"2021-11-17T23:34:10+00:00","breadcrumb":{"@id":"https:\/\/expressometro.mx\/index.php\/2021\/11\/16\/transparencia-y-rendicion-de-cuentas-pilares-de-la-administracion-universitaria-2021-2025-de-la-uaem\/#breadcrumb"},"inLanguage":"es","potentialAction":[{"@type":"ReadAction","target":["https:\/\/expressometro.mx\/index.php\/2021\/11\/16\/transparencia-y-rendicion-de-cuentas-pilares-de-la-administracion-universitaria-2021-2025-de-la-uaem\/"]}]},{"@type":"ImageObject","inLanguage":"es","@id":"https:\/\/expressometro.mx\/index.php\/2021\/11\/16\/transparencia-y-rendicion-de-cuentas-pilares-de-la-administracion-universitaria-2021-2025-de-la-uaem\/#primaryimage","url":"https:\/\/expressometro.mx\/wp-content\/uploads\/2021\/11\/WhatsApp-Image-2021-11-16-at-6.36.50-AM.jpeg","contentUrl":"https:\/\/expressometro.mx\/wp-content\/uploads\/2021\/11\/WhatsApp-Image-2021-11-16-at-6.36.50-AM.jpeg","width":960,"height":640},{"@type":"BreadcrumbList","@id":"https:\/\/expressometro.mx\/index.php\/2021\/11\/16\/transparencia-y-rendicion-de-cuentas-pilares-de-la-administracion-universitaria-2021-2025-de-la-uaem\/#breadcrumb","itemListElement":[{"@type":"ListItem","position":1,"name":"Inicio","item":"https:\/\/expressometro.mx\/"},{"@type":"ListItem","position":2,"name":"Transparencia y rendici\u00f3n de cuentas, pilares de la Administraci\u00f3n Universitaria 2021-2025 de la UAEM"}]},{"@type":"WebSite","@id":"https:\/\/expressometro.mx\/#website","url":"https:\/\/expressometro.mx\/","name":"Expresso Metropolitano","description":"Periodismo comprometido, informaci\u00f3n, investigaci\u00f3n y an\u00e1lisis","publisher":{"@id":"https:\/\/expressometro.mx\/#organization"},"potentialAction":[{"@type":"SearchAction","target":{"@type":"EntryPoint","urlTemplate":"https:\/\/expressometro.mx\/?s={search_term_string}"},"query-input":{"@type":"PropertyValueSpecification","valueRequired":true,"valueName":"search_term_string"}}],"inLanguage":"es"},{"@type":"Organization","@id":"https:\/\/expressometro.mx\/#organization","name":"Expresso Metropolitano","url":"https:\/\/expressometro.mx\/","logo":{"@type":"ImageObject","inLanguage":"es","@id":"https:\/\/expressometro.mx\/#\/schema\/logo\/image\/","url":"https:\/\/expressometro.mx\/wp-content\/uploads\/2019\/07\/cropped-Logo-Expresso-Metropolitano-1-1.jpeg","contentUrl":"https:\/\/expressometro.mx\/wp-content\/uploads\/2019\/07\/cropped-Logo-Expresso-Metropolitano-1-1.jpeg","width":290,"height":73,"caption":"Expresso Metropolitano"},"image":{"@id":"https:\/\/expressometro.mx\/#\/schema\/logo\/image\/"}},{"@type":"Person","@id":"https:\/\/expressometro.mx\/#\/schema\/person\/67a95b8e3862085c7598f66237488f1f","name":"Cecilia Vega","image":{"@type":"ImageObject","inLanguage":"es","@id":"https:\/\/secure.gravatar.com\/avatar\/13aae9944ab2ee472a9e407c9487fdbd03b049abaa559af32fe5dbcf615c981b?s=96&d=mm&r=g","url":"https:\/\/secure.gravatar.com\/avatar\/13aae9944ab2ee472a9e407c9487fdbd03b049abaa559af32fe5dbcf615c981b?s=96&d=mm&r=g","contentUrl":"https:\/\/secure.gravatar.com\/avatar\/13aae9944ab2ee472a9e407c9487fdbd03b049abaa559af32fe5dbcf615c981b?s=96&d=mm&r=g","caption":"Cecilia Vega"},"url":"https:\/\/expressometro.mx\/index.php\/author\/cecilia-vega\/"}]}},"amp_enabled":true,"_links":{"self":[{"href":"https:\/\/expressometro.mx\/index.php\/wp-json\/wp\/v2\/posts\/4427","targetHints":{"allow":["GET"]}}],"collection":[{"href":"https:\/\/expressometro.mx\/index.php\/wp-json\/wp\/v2\/posts"}],"about":[{"href":"https:\/\/expressometro.mx\/index.php\/wp-json\/wp\/v2\/types\/post"}],"author":[{"embeddable":true,"href":"https:\/\/expressometro.mx\/index.php\/wp-json\/wp\/v2\/users\/2"}],"replies":[{"embeddable":true,"href":"https:\/\/expressometro.mx\/index.php\/wp-json\/wp\/v2\/comments?post=4427"}],"version-history":[{"count":1,"href":"https:\/\/expressometro.mx\/index.php\/wp-json\/wp\/v2\/posts\/4427\/revisions"}],"predecessor-version":[{"id":4433,"href":"https:\/\/expressometro.mx\/index.php\/wp-json\/wp\/v2\/posts\/4427\/revisions\/4433"}],"wp:featuredmedia":[{"embeddable":true,"href":"https:\/\/expressometro.mx\/index.php\/wp-json\/wp\/v2\/media\/4429"}],"wp:attachment":[{"href":"https:\/\/expressometro.mx\/index.php\/wp-json\/wp\/v2\/media?parent=4427"}],"wp:term":[{"taxonomy":"category","embeddable":true,"href":"https:\/\/expressometro.mx\/index.php\/wp-json\/wp\/v2\/categories?post=4427"},{"taxonomy":"post_tag","embeddable":true,"href":"https:\/\/expressometro.mx\/index.php\/wp-json\/wp\/v2\/tags?post=4427"}],"curies":[{"name":"wp","href":"https:\/\/api.w.org\/{rel}","templated":true}]}}