{"id":4421,"date":"2021-11-14T17:29:00","date_gmt":"2021-11-14T23:29:00","guid":{"rendered":"https:\/\/expressometro.mx\/?p=4421"},"modified":"2021-11-17T17:31:13","modified_gmt":"2021-11-17T23:31:13","slug":"voz-de-los-mexiquenses-base-de-la-agenda-legislativa-del-pri-elias-rescala","status":"publish","type":"post","link":"https:\/\/expressometro.mx\/index.php\/2021\/11\/14\/voz-de-los-mexiquenses-base-de-la-agenda-legislativa-del-pri-elias-rescala\/","title":{"rendered":"Voz de los mexiquenses, base de la agenda legislativa del PRI: El\u00edas Rescala"},"content":{"rendered":"\n<p>Toluca, Estado de M\u00e9xico, 15 de noviembre de 2021.- La voz de los mexiquenses es la base de la agenda legislativa del PRI, porque a trav\u00e9s del encuentro y cercan\u00eda permanente con la gente es como nutrimos los diferentes puntos de acuerdo e iniciativas que llevaremos a la Tribuna de la C\u00e1mara de Diputados.<\/p>\n\n\n\n<p>As\u00ed lo asegur\u00f3 El\u00edas Rescala, coordinador de los diputados del Partido Revolucionario Institucional en la LXI Legislatura del Estado de M\u00e9xico. Adem\u00e1s, sostuvo que en el inicio del periodo legislativo, el PRI ha impulsado acciones que ayudan a fortalecer la reactivaci\u00f3n econ\u00f3mica de la entidad, as\u00ed como para la adecuaci\u00f3n de diversas leyes que garanticen un mejor desarrollo de diversas instituciones y organismos, y sobre todo para apoyar la econom\u00eda familiar.<\/p>\n\n\n\n<p>La gente nos dio su confianza para representarlos de manera responsable, y los diputados del PRI tenemos en claro que no podemos hacerlo si no mantenemos contacto permanente con ellos, y esa cercan\u00eda, se da regresando a las calles y comunidades para impulsar los temas que realmente les preocupan dijo.<\/p>\n\n\n\n<p>El\u00edas Rescala record\u00f3 que la fracci\u00f3n del PRI es una representaci\u00f3n s\u00f3lida y unida que respalda en todo momento la acci\u00f3n de gobierno de Alfredo Del Mazo, para impulsar mejores leyes que se reflejen en la calidad de vida de las familias mexiquenses.<\/p>\n\n\n\n<p>En el PRI, dijo, estamos construyendo acuerdos y generando consensos con todas las voces pol\u00edticas porque, a trav\u00e9s de la diversidad de opiniones, es como mejor se construyen proyectos legislativos.<\/p>\n\n\n\n<p>Finalmente, el coordinador de los diputados del PRI adelant\u00f3 que estar\u00e1n presentando diversas iniciativas para fortalecer la recuperaci\u00f3n econ\u00f3mica de la entidad, adem\u00e1s de un conjunto de acciones en beneficio de las mujeres, que garanticen sus derechos y ayuden a abrir m\u00e1s espacios para su participaci\u00f3n.<\/p>\n\n\n\n<figure class=\"wp-block-image size-large\"><img loading=\"lazy\" decoding=\"async\" width=\"720\" height=\"480\" src=\"https:\/\/expressometro.mx\/wp-content\/uploads\/2021\/11\/WhatsApp-Image-2021-11-15-at-4.48.53-PM-720x480.jpeg\" alt=\"\" class=\"wp-image-4422\" srcset=\"https:\/\/expressometro.mx\/wp-content\/uploads\/2021\/11\/WhatsApp-Image-2021-11-15-at-4.48.53-PM-720x480.jpeg 720w, https:\/\/expressometro.mx\/wp-content\/uploads\/2021\/11\/WhatsApp-Image-2021-11-15-at-4.48.53-PM-548x365.jpeg 548w, https:\/\/expressometro.mx\/wp-content\/uploads\/2021\/11\/WhatsApp-Image-2021-11-15-at-4.48.53-PM-768x512.jpeg 768w, https:\/\/expressometro.mx\/wp-content\/uploads\/2021\/11\/WhatsApp-Image-2021-11-15-at-4.48.53-PM.jpeg 1280w\" sizes=\"auto, (max-width: 720px) 100vw, 720px\" \/><\/figure>\n","protected":false},"excerpt":{"rendered":"<p>La gente nos dio su confianza para representarlos de manera responsable, y los diputados del PRI tenemos en claro que no podemos hacerlo si no mantenemos contacto permanente con ellos, y esa cercan\u00eda, se da regresando a las calles y comunidades para impulsar los temas que realmente les preocupan dijo.<\/p>\n","protected":false},"author":2,"featured_media":4423,"comment_status":"open","ping_status":"open","sticky":false,"template":"","format":"standard","meta":{"footnotes":""},"categories":[3],"tags":[831,158],"class_list":["post-4421","post","type-post","status-publish","format-standard","has-post-thumbnail","hentry","category-gobierno","tag-elias-rescala","tag-pri"],"yoast_head":"<!-- This site is optimized with the Yoast SEO plugin v27.5 - https:\/\/yoast.com\/product\/yoast-seo-wordpress\/ -->\n<title>Voz de los mexiquenses, base de la agenda legislativa del PRI: El\u00edas Rescala - Expresso Metropolitano<\/title>\n<meta name=\"robots\" content=\"index, follow, max-snippet:-1, max-image-preview:large, max-video-preview:-1\" \/>\n<link rel=\"canonical\" href=\"https:\/\/expressometro.mx\/index.php\/2021\/11\/14\/voz-de-los-mexiquenses-base-de-la-agenda-legislativa-del-pri-elias-rescala\/\" \/>\n<meta property=\"og:locale\" content=\"es_MX\" \/>\n<meta property=\"og:type\" content=\"article\" \/>\n<meta property=\"og:title\" content=\"Voz de los mexiquenses, base de la agenda legislativa del PRI: El\u00edas Rescala - Expresso Metropolitano\" \/>\n<meta property=\"og:description\" content=\"La gente nos dio su confianza para representarlos de manera responsable, y los diputados del PRI tenemos en claro que no podemos hacerlo si no mantenemos contacto permanente con ellos, y esa cercan\u00eda, se da regresando a las calles y comunidades para impulsar los temas que realmente les preocupan dijo.\" \/>\n<meta property=\"og:url\" content=\"https:\/\/expressometro.mx\/index.php\/2021\/11\/14\/voz-de-los-mexiquenses-base-de-la-agenda-legislativa-del-pri-elias-rescala\/\" \/>\n<meta property=\"og:site_name\" content=\"Expresso Metropolitano\" \/>\n<meta property=\"article:published_time\" content=\"2021-11-14T23:29:00+00:00\" \/>\n<meta property=\"article:modified_time\" content=\"2021-11-17T23:31:13+00:00\" \/>\n<meta property=\"og:image\" content=\"https:\/\/expressometro.mx\/wp-content\/uploads\/2021\/11\/WhatsApp-Image-2021-11-15-at-4.48.52-PM.jpeg\" \/>\n\t<meta property=\"og:image:width\" content=\"1280\" \/>\n\t<meta property=\"og:image:height\" content=\"853\" \/>\n\t<meta property=\"og:image:type\" content=\"image\/jpeg\" \/>\n<meta name=\"author\" content=\"Cecilia Vega\" \/>\n<meta name=\"twitter:label1\" content=\"Escrito por\" \/>\n\t<meta name=\"twitter:data1\" content=\"Cecilia Vega\" \/>\n\t<meta name=\"twitter:label2\" content=\"Tiempo de lectura\" \/>\n\t<meta name=\"twitter:data2\" content=\"2 minutos\" \/>\n<script type=\"application\/ld+json\" class=\"yoast-schema-graph\">{\"@context\":\"https:\\\/\\\/schema.org\",\"@graph\":[{\"@type\":\"Article\",\"@id\":\"https:\\\/\\\/expressometro.mx\\\/index.php\\\/2021\\\/11\\\/14\\\/voz-de-los-mexiquenses-base-de-la-agenda-legislativa-del-pri-elias-rescala\\\/#article\",\"isPartOf\":{\"@id\":\"https:\\\/\\\/expressometro.mx\\\/index.php\\\/2021\\\/11\\\/14\\\/voz-de-los-mexiquenses-base-de-la-agenda-legislativa-del-pri-elias-rescala\\\/\"},\"author\":{\"name\":\"Cecilia Vega\",\"@id\":\"https:\\\/\\\/expressometro.mx\\\/#\\\/schema\\\/person\\\/67a95b8e3862085c7598f66237488f1f\"},\"headline\":\"Voz de los mexiquenses, base de la agenda legislativa del PRI: El\u00edas Rescala\",\"datePublished\":\"2021-11-14T23:29:00+00:00\",\"dateModified\":\"2021-11-17T23:31:13+00:00\",\"mainEntityOfPage\":{\"@id\":\"https:\\\/\\\/expressometro.mx\\\/index.php\\\/2021\\\/11\\\/14\\\/voz-de-los-mexiquenses-base-de-la-agenda-legislativa-del-pri-elias-rescala\\\/\"},\"wordCount\":332,\"commentCount\":0,\"publisher\":{\"@id\":\"https:\\\/\\\/expressometro.mx\\\/#organization\"},\"image\":{\"@id\":\"https:\\\/\\\/expressometro.mx\\\/index.php\\\/2021\\\/11\\\/14\\\/voz-de-los-mexiquenses-base-de-la-agenda-legislativa-del-pri-elias-rescala\\\/#primaryimage\"},\"thumbnailUrl\":\"https:\\\/\\\/expressometro.mx\\\/wp-content\\\/uploads\\\/2021\\\/11\\\/WhatsApp-Image-2021-11-15-at-4.48.52-PM.jpeg\",\"keywords\":[\"El\u00edas Rescala\",\"PRI\"],\"articleSection\":[\"Gobierno\"],\"inLanguage\":\"es\",\"potentialAction\":[{\"@type\":\"CommentAction\",\"name\":\"Comment\",\"target\":[\"https:\\\/\\\/expressometro.mx\\\/index.php\\\/2021\\\/11\\\/14\\\/voz-de-los-mexiquenses-base-de-la-agenda-legislativa-del-pri-elias-rescala\\\/#respond\"]}]},{\"@type\":\"WebPage\",\"@id\":\"https:\\\/\\\/expressometro.mx\\\/index.php\\\/2021\\\/11\\\/14\\\/voz-de-los-mexiquenses-base-de-la-agenda-legislativa-del-pri-elias-rescala\\\/\",\"url\":\"https:\\\/\\\/expressometro.mx\\\/index.php\\\/2021\\\/11\\\/14\\\/voz-de-los-mexiquenses-base-de-la-agenda-legislativa-del-pri-elias-rescala\\\/\",\"name\":\"Voz de los mexiquenses, base de la agenda legislativa del PRI: El\u00edas Rescala - Expresso Metropolitano\",\"isPartOf\":{\"@id\":\"https:\\\/\\\/expressometro.mx\\\/#website\"},\"primaryImageOfPage\":{\"@id\":\"https:\\\/\\\/expressometro.mx\\\/index.php\\\/2021\\\/11\\\/14\\\/voz-de-los-mexiquenses-base-de-la-agenda-legislativa-del-pri-elias-rescala\\\/#primaryimage\"},\"image\":{\"@id\":\"https:\\\/\\\/expressometro.mx\\\/index.php\\\/2021\\\/11\\\/14\\\/voz-de-los-mexiquenses-base-de-la-agenda-legislativa-del-pri-elias-rescala\\\/#primaryimage\"},\"thumbnailUrl\":\"https:\\\/\\\/expressometro.mx\\\/wp-content\\\/uploads\\\/2021\\\/11\\\/WhatsApp-Image-2021-11-15-at-4.48.52-PM.jpeg\",\"datePublished\":\"2021-11-14T23:29:00+00:00\",\"dateModified\":\"2021-11-17T23:31:13+00:00\",\"breadcrumb\":{\"@id\":\"https:\\\/\\\/expressometro.mx\\\/index.php\\\/2021\\\/11\\\/14\\\/voz-de-los-mexiquenses-base-de-la-agenda-legislativa-del-pri-elias-rescala\\\/#breadcrumb\"},\"inLanguage\":\"es\",\"potentialAction\":[{\"@type\":\"ReadAction\",\"target\":[\"https:\\\/\\\/expressometro.mx\\\/index.php\\\/2021\\\/11\\\/14\\\/voz-de-los-mexiquenses-base-de-la-agenda-legislativa-del-pri-elias-rescala\\\/\"]}]},{\"@type\":\"ImageObject\",\"inLanguage\":\"es\",\"@id\":\"https:\\\/\\\/expressometro.mx\\\/index.php\\\/2021\\\/11\\\/14\\\/voz-de-los-mexiquenses-base-de-la-agenda-legislativa-del-pri-elias-rescala\\\/#primaryimage\",\"url\":\"https:\\\/\\\/expressometro.mx\\\/wp-content\\\/uploads\\\/2021\\\/11\\\/WhatsApp-Image-2021-11-15-at-4.48.52-PM.jpeg\",\"contentUrl\":\"https:\\\/\\\/expressometro.mx\\\/wp-content\\\/uploads\\\/2021\\\/11\\\/WhatsApp-Image-2021-11-15-at-4.48.52-PM.jpeg\",\"width\":1280,\"height\":853},{\"@type\":\"BreadcrumbList\",\"@id\":\"https:\\\/\\\/expressometro.mx\\\/index.php\\\/2021\\\/11\\\/14\\\/voz-de-los-mexiquenses-base-de-la-agenda-legislativa-del-pri-elias-rescala\\\/#breadcrumb\",\"itemListElement\":[{\"@type\":\"ListItem\",\"position\":1,\"name\":\"Inicio\",\"item\":\"https:\\\/\\\/expressometro.mx\\\/\"},{\"@type\":\"ListItem\",\"position\":2,\"name\":\"Voz de los mexiquenses, base de la agenda legislativa del PRI: El\u00edas Rescala\"}]},{\"@type\":\"WebSite\",\"@id\":\"https:\\\/\\\/expressometro.mx\\\/#website\",\"url\":\"https:\\\/\\\/expressometro.mx\\\/\",\"name\":\"Expresso Metropolitano\",\"description\":\"Periodismo comprometido, informaci\u00f3n, investigaci\u00f3n y an\u00e1lisis\",\"publisher\":{\"@id\":\"https:\\\/\\\/expressometro.mx\\\/#organization\"},\"potentialAction\":[{\"@type\":\"SearchAction\",\"target\":{\"@type\":\"EntryPoint\",\"urlTemplate\":\"https:\\\/\\\/expressometro.mx\\\/?s={search_term_string}\"},\"query-input\":{\"@type\":\"PropertyValueSpecification\",\"valueRequired\":true,\"valueName\":\"search_term_string\"}}],\"inLanguage\":\"es\"},{\"@type\":\"Organization\",\"@id\":\"https:\\\/\\\/expressometro.mx\\\/#organization\",\"name\":\"Expresso Metropolitano\",\"url\":\"https:\\\/\\\/expressometro.mx\\\/\",\"logo\":{\"@type\":\"ImageObject\",\"inLanguage\":\"es\",\"@id\":\"https:\\\/\\\/expressometro.mx\\\/#\\\/schema\\\/logo\\\/image\\\/\",\"url\":\"https:\\\/\\\/expressometro.mx\\\/wp-content\\\/uploads\\\/2019\\\/07\\\/cropped-Logo-Expresso-Metropolitano-1-1.jpeg\",\"contentUrl\":\"https:\\\/\\\/expressometro.mx\\\/wp-content\\\/uploads\\\/2019\\\/07\\\/cropped-Logo-Expresso-Metropolitano-1-1.jpeg\",\"width\":290,\"height\":73,\"caption\":\"Expresso Metropolitano\"},\"image\":{\"@id\":\"https:\\\/\\\/expressometro.mx\\\/#\\\/schema\\\/logo\\\/image\\\/\"}},{\"@type\":\"Person\",\"@id\":\"https:\\\/\\\/expressometro.mx\\\/#\\\/schema\\\/person\\\/67a95b8e3862085c7598f66237488f1f\",\"name\":\"Cecilia Vega\",\"image\":{\"@type\":\"ImageObject\",\"inLanguage\":\"es\",\"@id\":\"https:\\\/\\\/secure.gravatar.com\\\/avatar\\\/13aae9944ab2ee472a9e407c9487fdbd03b049abaa559af32fe5dbcf615c981b?s=96&d=mm&r=g\",\"url\":\"https:\\\/\\\/secure.gravatar.com\\\/avatar\\\/13aae9944ab2ee472a9e407c9487fdbd03b049abaa559af32fe5dbcf615c981b?s=96&d=mm&r=g\",\"contentUrl\":\"https:\\\/\\\/secure.gravatar.com\\\/avatar\\\/13aae9944ab2ee472a9e407c9487fdbd03b049abaa559af32fe5dbcf615c981b?s=96&d=mm&r=g\",\"caption\":\"Cecilia Vega\"},\"url\":\"https:\\\/\\\/expressometro.mx\\\/index.php\\\/author\\\/cecilia-vega\\\/\"}]}<\/script>\n<!-- \/ Yoast SEO plugin. -->","yoast_head_json":{"title":"Voz de los mexiquenses, base de la agenda legislativa del PRI: El\u00edas Rescala - Expresso Metropolitano","robots":{"index":"index","follow":"follow","max-snippet":"max-snippet:-1","max-image-preview":"max-image-preview:large","max-video-preview":"max-video-preview:-1"},"canonical":"https:\/\/expressometro.mx\/index.php\/2021\/11\/14\/voz-de-los-mexiquenses-base-de-la-agenda-legislativa-del-pri-elias-rescala\/","og_locale":"es_MX","og_type":"article","og_title":"Voz de los mexiquenses, base de la agenda legislativa del PRI: El\u00edas Rescala - Expresso Metropolitano","og_description":"La gente nos dio su confianza para representarlos de manera responsable, y los diputados del PRI tenemos en claro que no podemos hacerlo si no mantenemos contacto permanente con ellos, y esa cercan\u00eda, se da regresando a las calles y comunidades para impulsar los temas que realmente les preocupan dijo.","og_url":"https:\/\/expressometro.mx\/index.php\/2021\/11\/14\/voz-de-los-mexiquenses-base-de-la-agenda-legislativa-del-pri-elias-rescala\/","og_site_name":"Expresso Metropolitano","article_published_time":"2021-11-14T23:29:00+00:00","article_modified_time":"2021-11-17T23:31:13+00:00","og_image":[{"width":1280,"height":853,"url":"https:\/\/expressometro.mx\/wp-content\/uploads\/2021\/11\/WhatsApp-Image-2021-11-15-at-4.48.52-PM.jpeg","type":"image\/jpeg"}],"author":"Cecilia Vega","twitter_misc":{"Escrito por":"Cecilia Vega","Tiempo de lectura":"2 minutos"},"schema":{"@context":"https:\/\/schema.org","@graph":[{"@type":"Article","@id":"https:\/\/expressometro.mx\/index.php\/2021\/11\/14\/voz-de-los-mexiquenses-base-de-la-agenda-legislativa-del-pri-elias-rescala\/#article","isPartOf":{"@id":"https:\/\/expressometro.mx\/index.php\/2021\/11\/14\/voz-de-los-mexiquenses-base-de-la-agenda-legislativa-del-pri-elias-rescala\/"},"author":{"name":"Cecilia Vega","@id":"https:\/\/expressometro.mx\/#\/schema\/person\/67a95b8e3862085c7598f66237488f1f"},"headline":"Voz de los mexiquenses, base de la agenda legislativa del PRI: El\u00edas Rescala","datePublished":"2021-11-14T23:29:00+00:00","dateModified":"2021-11-17T23:31:13+00:00","mainEntityOfPage":{"@id":"https:\/\/expressometro.mx\/index.php\/2021\/11\/14\/voz-de-los-mexiquenses-base-de-la-agenda-legislativa-del-pri-elias-rescala\/"},"wordCount":332,"commentCount":0,"publisher":{"@id":"https:\/\/expressometro.mx\/#organization"},"image":{"@id":"https:\/\/expressometro.mx\/index.php\/2021\/11\/14\/voz-de-los-mexiquenses-base-de-la-agenda-legislativa-del-pri-elias-rescala\/#primaryimage"},"thumbnailUrl":"https:\/\/expressometro.mx\/wp-content\/uploads\/2021\/11\/WhatsApp-Image-2021-11-15-at-4.48.52-PM.jpeg","keywords":["El\u00edas Rescala","PRI"],"articleSection":["Gobierno"],"inLanguage":"es","potentialAction":[{"@type":"CommentAction","name":"Comment","target":["https:\/\/expressometro.mx\/index.php\/2021\/11\/14\/voz-de-los-mexiquenses-base-de-la-agenda-legislativa-del-pri-elias-rescala\/#respond"]}]},{"@type":"WebPage","@id":"https:\/\/expressometro.mx\/index.php\/2021\/11\/14\/voz-de-los-mexiquenses-base-de-la-agenda-legislativa-del-pri-elias-rescala\/","url":"https:\/\/expressometro.mx\/index.php\/2021\/11\/14\/voz-de-los-mexiquenses-base-de-la-agenda-legislativa-del-pri-elias-rescala\/","name":"Voz de los mexiquenses, base de la agenda legislativa del PRI: El\u00edas Rescala - Expresso Metropolitano","isPartOf":{"@id":"https:\/\/expressometro.mx\/#website"},"primaryImageOfPage":{"@id":"https:\/\/expressometro.mx\/index.php\/2021\/11\/14\/voz-de-los-mexiquenses-base-de-la-agenda-legislativa-del-pri-elias-rescala\/#primaryimage"},"image":{"@id":"https:\/\/expressometro.mx\/index.php\/2021\/11\/14\/voz-de-los-mexiquenses-base-de-la-agenda-legislativa-del-pri-elias-rescala\/#primaryimage"},"thumbnailUrl":"https:\/\/expressometro.mx\/wp-content\/uploads\/2021\/11\/WhatsApp-Image-2021-11-15-at-4.48.52-PM.jpeg","datePublished":"2021-11-14T23:29:00+00:00","dateModified":"2021-11-17T23:31:13+00:00","breadcrumb":{"@id":"https:\/\/expressometro.mx\/index.php\/2021\/11\/14\/voz-de-los-mexiquenses-base-de-la-agenda-legislativa-del-pri-elias-rescala\/#breadcrumb"},"inLanguage":"es","potentialAction":[{"@type":"ReadAction","target":["https:\/\/expressometro.mx\/index.php\/2021\/11\/14\/voz-de-los-mexiquenses-base-de-la-agenda-legislativa-del-pri-elias-rescala\/"]}]},{"@type":"ImageObject","inLanguage":"es","@id":"https:\/\/expressometro.mx\/index.php\/2021\/11\/14\/voz-de-los-mexiquenses-base-de-la-agenda-legislativa-del-pri-elias-rescala\/#primaryimage","url":"https:\/\/expressometro.mx\/wp-content\/uploads\/2021\/11\/WhatsApp-Image-2021-11-15-at-4.48.52-PM.jpeg","contentUrl":"https:\/\/expressometro.mx\/wp-content\/uploads\/2021\/11\/WhatsApp-Image-2021-11-15-at-4.48.52-PM.jpeg","width":1280,"height":853},{"@type":"BreadcrumbList","@id":"https:\/\/expressometro.mx\/index.php\/2021\/11\/14\/voz-de-los-mexiquenses-base-de-la-agenda-legislativa-del-pri-elias-rescala\/#breadcrumb","itemListElement":[{"@type":"ListItem","position":1,"name":"Inicio","item":"https:\/\/expressometro.mx\/"},{"@type":"ListItem","position":2,"name":"Voz de los mexiquenses, base de la agenda legislativa del PRI: El\u00edas Rescala"}]},{"@type":"WebSite","@id":"https:\/\/expressometro.mx\/#website","url":"https:\/\/expressometro.mx\/","name":"Expresso Metropolitano","description":"Periodismo comprometido, informaci\u00f3n, investigaci\u00f3n y an\u00e1lisis","publisher":{"@id":"https:\/\/expressometro.mx\/#organization"},"potentialAction":[{"@type":"SearchAction","target":{"@type":"EntryPoint","urlTemplate":"https:\/\/expressometro.mx\/?s={search_term_string}"},"query-input":{"@type":"PropertyValueSpecification","valueRequired":true,"valueName":"search_term_string"}}],"inLanguage":"es"},{"@type":"Organization","@id":"https:\/\/expressometro.mx\/#organization","name":"Expresso Metropolitano","url":"https:\/\/expressometro.mx\/","logo":{"@type":"ImageObject","inLanguage":"es","@id":"https:\/\/expressometro.mx\/#\/schema\/logo\/image\/","url":"https:\/\/expressometro.mx\/wp-content\/uploads\/2019\/07\/cropped-Logo-Expresso-Metropolitano-1-1.jpeg","contentUrl":"https:\/\/expressometro.mx\/wp-content\/uploads\/2019\/07\/cropped-Logo-Expresso-Metropolitano-1-1.jpeg","width":290,"height":73,"caption":"Expresso Metropolitano"},"image":{"@id":"https:\/\/expressometro.mx\/#\/schema\/logo\/image\/"}},{"@type":"Person","@id":"https:\/\/expressometro.mx\/#\/schema\/person\/67a95b8e3862085c7598f66237488f1f","name":"Cecilia Vega","image":{"@type":"ImageObject","inLanguage":"es","@id":"https:\/\/secure.gravatar.com\/avatar\/13aae9944ab2ee472a9e407c9487fdbd03b049abaa559af32fe5dbcf615c981b?s=96&d=mm&r=g","url":"https:\/\/secure.gravatar.com\/avatar\/13aae9944ab2ee472a9e407c9487fdbd03b049abaa559af32fe5dbcf615c981b?s=96&d=mm&r=g","contentUrl":"https:\/\/secure.gravatar.com\/avatar\/13aae9944ab2ee472a9e407c9487fdbd03b049abaa559af32fe5dbcf615c981b?s=96&d=mm&r=g","caption":"Cecilia Vega"},"url":"https:\/\/expressometro.mx\/index.php\/author\/cecilia-vega\/"}]}},"amp_enabled":true,"_links":{"self":[{"href":"https:\/\/expressometro.mx\/index.php\/wp-json\/wp\/v2\/posts\/4421","targetHints":{"allow":["GET"]}}],"collection":[{"href":"https:\/\/expressometro.mx\/index.php\/wp-json\/wp\/v2\/posts"}],"about":[{"href":"https:\/\/expressometro.mx\/index.php\/wp-json\/wp\/v2\/types\/post"}],"author":[{"embeddable":true,"href":"https:\/\/expressometro.mx\/index.php\/wp-json\/wp\/v2\/users\/2"}],"replies":[{"embeddable":true,"href":"https:\/\/expressometro.mx\/index.php\/wp-json\/wp\/v2\/comments?post=4421"}],"version-history":[{"count":1,"href":"https:\/\/expressometro.mx\/index.php\/wp-json\/wp\/v2\/posts\/4421\/revisions"}],"predecessor-version":[{"id":4425,"href":"https:\/\/expressometro.mx\/index.php\/wp-json\/wp\/v2\/posts\/4421\/revisions\/4425"}],"wp:featuredmedia":[{"embeddable":true,"href":"https:\/\/expressometro.mx\/index.php\/wp-json\/wp\/v2\/media\/4423"}],"wp:attachment":[{"href":"https:\/\/expressometro.mx\/index.php\/wp-json\/wp\/v2\/media?parent=4421"}],"wp:term":[{"taxonomy":"category","embeddable":true,"href":"https:\/\/expressometro.mx\/index.php\/wp-json\/wp\/v2\/categories?post=4421"},{"taxonomy":"post_tag","embeddable":true,"href":"https:\/\/expressometro.mx\/index.php\/wp-json\/wp\/v2\/tags?post=4421"}],"curies":[{"name":"wp","href":"https:\/\/api.w.org\/{rel}","templated":true}]}}