{"id":4392,"date":"2021-11-12T01:14:44","date_gmt":"2021-11-12T07:14:44","guid":{"rendered":"https:\/\/expressometro.mx\/?p=4392"},"modified":"2021-11-12T01:14:45","modified_gmt":"2021-11-12T07:14:45","slug":"piden-informes-sobre-la-vacunacion-contra-influenza","status":"publish","type":"post","link":"https:\/\/expressometro.mx\/index.php\/2021\/11\/12\/piden-informes-sobre-la-vacunacion-contra-influenza\/","title":{"rendered":"PIDEN INFORMES SOBRE LA VACUNACI\u00d3N CONTRA INFLUENZA"},"content":{"rendered":"\n<p>El diputado Alfredo Quiroz Fuentes, present\u00f3 un Punto de Acuerdo, mediante el cual se exhorta a los titulares de la Secretar\u00eda de Salud Federal y la Secretar\u00eda de Salud del Estado de M\u00e9xico, para que, en el \u00e1mbito de su competencia, informen sobre las acciones que se est\u00e1n realizando en el marco de las Campa\u00f1as de Vacunaci\u00f3n contra la Influenza.<\/p>\n\n\n\n<p>Al respecto, se\u00f1al\u00f3 que el grupo parlamentario del PRI comprende la importancia que tiene el cuidado de la salud de las y los mexiquenses, por lo que la prevenci\u00f3n y el cuidado de los factores de riesgo como esta enfermedad respiratoria que es de f\u00e1cil propagaci\u00f3n en entornos como escuelas y espacios cerrados, o de alta concentraci\u00f3n de gente.<\/p>\n\n\n\n<p>Por ello, a nombre de los diputados del PRI pidi\u00f3 requerir a las secretar\u00edas responsables de la vacunaci\u00f3n y difusi\u00f3n de informaci\u00f3n preventiva, toda la informaci\u00f3n relacionada a la campa\u00f1a de vacunaci\u00f3n 2021-2021 contra la Influenza.<\/p>\n","protected":false},"excerpt":{"rendered":"<p>Por ello, a nombre de los diputados del PRI pidi\u00f3 requerir a las secretar\u00edas responsables de la vacunaci\u00f3n y difusi\u00f3n de informaci\u00f3n preventiva, toda la informaci\u00f3n relacionada a la campa\u00f1a de vacunaci\u00f3n 2021-2021 contra la Influenza.<\/p>\n","protected":false},"author":2,"featured_media":4394,"comment_status":"open","ping_status":"open","sticky":false,"template":"","format":"standard","meta":{"footnotes":""},"categories":[3,5],"tags":[963,1184,782],"class_list":["post-4392","post","type-post","status-publish","format-standard","has-post-thumbnail","hentry","category-gobierno","category-salud","tag-alfredo-quiroz","tag-influenza","tag-lxi-legislatura"],"yoast_head":"<!-- This site is optimized with the Yoast SEO plugin v27.5 - https:\/\/yoast.com\/product\/yoast-seo-wordpress\/ -->\n<title>PIDEN INFORMES SOBRE LA VACUNACI\u00d3N CONTRA INFLUENZA - Expresso Metropolitano<\/title>\n<meta name=\"robots\" content=\"index, follow, max-snippet:-1, max-image-preview:large, max-video-preview:-1\" \/>\n<link rel=\"canonical\" href=\"https:\/\/expressometro.mx\/index.php\/2021\/11\/12\/piden-informes-sobre-la-vacunacion-contra-influenza\/\" \/>\n<meta property=\"og:locale\" content=\"es_MX\" \/>\n<meta property=\"og:type\" content=\"article\" \/>\n<meta property=\"og:title\" content=\"PIDEN INFORMES SOBRE LA VACUNACI\u00d3N CONTRA INFLUENZA - Expresso Metropolitano\" \/>\n<meta property=\"og:description\" content=\"Por ello, a nombre de los diputados del PRI pidi\u00f3 requerir a las secretar\u00edas responsables de la vacunaci\u00f3n y difusi\u00f3n de informaci\u00f3n preventiva, toda la informaci\u00f3n relacionada a la campa\u00f1a de vacunaci\u00f3n 2021-2021 contra la Influenza.\" \/>\n<meta property=\"og:url\" content=\"https:\/\/expressometro.mx\/index.php\/2021\/11\/12\/piden-informes-sobre-la-vacunacion-contra-influenza\/\" \/>\n<meta property=\"og:site_name\" content=\"Expresso Metropolitano\" \/>\n<meta property=\"article:published_time\" content=\"2021-11-12T07:14:44+00:00\" \/>\n<meta property=\"article:modified_time\" content=\"2021-11-12T07:14:45+00:00\" \/>\n<meta property=\"og:image\" content=\"https:\/\/expressometro.mx\/wp-content\/uploads\/2021\/11\/WhatsApp-Image-2021-11-12-at-12.08.53-AM.jpeg\" \/>\n\t<meta property=\"og:image:width\" content=\"1024\" \/>\n\t<meta property=\"og:image:height\" content=\"683\" \/>\n\t<meta property=\"og:image:type\" content=\"image\/jpeg\" \/>\n<meta name=\"author\" content=\"Cecilia Vega\" \/>\n<meta name=\"twitter:label1\" content=\"Escrito por\" \/>\n\t<meta name=\"twitter:data1\" content=\"Cecilia Vega\" \/>\n\t<meta name=\"twitter:label2\" content=\"Tiempo de lectura\" \/>\n\t<meta name=\"twitter:data2\" content=\"1 minuto\" \/>\n<script type=\"application\/ld+json\" class=\"yoast-schema-graph\">{\"@context\":\"https:\\\/\\\/schema.org\",\"@graph\":[{\"@type\":\"Article\",\"@id\":\"https:\\\/\\\/expressometro.mx\\\/index.php\\\/2021\\\/11\\\/12\\\/piden-informes-sobre-la-vacunacion-contra-influenza\\\/#article\",\"isPartOf\":{\"@id\":\"https:\\\/\\\/expressometro.mx\\\/index.php\\\/2021\\\/11\\\/12\\\/piden-informes-sobre-la-vacunacion-contra-influenza\\\/\"},\"author\":{\"name\":\"Cecilia Vega\",\"@id\":\"https:\\\/\\\/expressometro.mx\\\/#\\\/schema\\\/person\\\/67a95b8e3862085c7598f66237488f1f\"},\"headline\":\"PIDEN INFORMES SOBRE LA VACUNACI\u00d3N CONTRA INFLUENZA\",\"datePublished\":\"2021-11-12T07:14:44+00:00\",\"dateModified\":\"2021-11-12T07:14:45+00:00\",\"mainEntityOfPage\":{\"@id\":\"https:\\\/\\\/expressometro.mx\\\/index.php\\\/2021\\\/11\\\/12\\\/piden-informes-sobre-la-vacunacion-contra-influenza\\\/\"},\"wordCount\":181,\"commentCount\":0,\"publisher\":{\"@id\":\"https:\\\/\\\/expressometro.mx\\\/#organization\"},\"image\":{\"@id\":\"https:\\\/\\\/expressometro.mx\\\/index.php\\\/2021\\\/11\\\/12\\\/piden-informes-sobre-la-vacunacion-contra-influenza\\\/#primaryimage\"},\"thumbnailUrl\":\"https:\\\/\\\/expressometro.mx\\\/wp-content\\\/uploads\\\/2021\\\/11\\\/WhatsApp-Image-2021-11-12-at-12.08.53-AM.jpeg\",\"keywords\":[\"Alfredo Quiroz\",\"Influenza\",\"LXI Legislatura\"],\"articleSection\":[\"Gobierno\",\"Salud\"],\"inLanguage\":\"es\",\"potentialAction\":[{\"@type\":\"CommentAction\",\"name\":\"Comment\",\"target\":[\"https:\\\/\\\/expressometro.mx\\\/index.php\\\/2021\\\/11\\\/12\\\/piden-informes-sobre-la-vacunacion-contra-influenza\\\/#respond\"]}]},{\"@type\":\"WebPage\",\"@id\":\"https:\\\/\\\/expressometro.mx\\\/index.php\\\/2021\\\/11\\\/12\\\/piden-informes-sobre-la-vacunacion-contra-influenza\\\/\",\"url\":\"https:\\\/\\\/expressometro.mx\\\/index.php\\\/2021\\\/11\\\/12\\\/piden-informes-sobre-la-vacunacion-contra-influenza\\\/\",\"name\":\"PIDEN INFORMES SOBRE LA VACUNACI\u00d3N CONTRA INFLUENZA - Expresso Metropolitano\",\"isPartOf\":{\"@id\":\"https:\\\/\\\/expressometro.mx\\\/#website\"},\"primaryImageOfPage\":{\"@id\":\"https:\\\/\\\/expressometro.mx\\\/index.php\\\/2021\\\/11\\\/12\\\/piden-informes-sobre-la-vacunacion-contra-influenza\\\/#primaryimage\"},\"image\":{\"@id\":\"https:\\\/\\\/expressometro.mx\\\/index.php\\\/2021\\\/11\\\/12\\\/piden-informes-sobre-la-vacunacion-contra-influenza\\\/#primaryimage\"},\"thumbnailUrl\":\"https:\\\/\\\/expressometro.mx\\\/wp-content\\\/uploads\\\/2021\\\/11\\\/WhatsApp-Image-2021-11-12-at-12.08.53-AM.jpeg\",\"datePublished\":\"2021-11-12T07:14:44+00:00\",\"dateModified\":\"2021-11-12T07:14:45+00:00\",\"breadcrumb\":{\"@id\":\"https:\\\/\\\/expressometro.mx\\\/index.php\\\/2021\\\/11\\\/12\\\/piden-informes-sobre-la-vacunacion-contra-influenza\\\/#breadcrumb\"},\"inLanguage\":\"es\",\"potentialAction\":[{\"@type\":\"ReadAction\",\"target\":[\"https:\\\/\\\/expressometro.mx\\\/index.php\\\/2021\\\/11\\\/12\\\/piden-informes-sobre-la-vacunacion-contra-influenza\\\/\"]}]},{\"@type\":\"ImageObject\",\"inLanguage\":\"es\",\"@id\":\"https:\\\/\\\/expressometro.mx\\\/index.php\\\/2021\\\/11\\\/12\\\/piden-informes-sobre-la-vacunacion-contra-influenza\\\/#primaryimage\",\"url\":\"https:\\\/\\\/expressometro.mx\\\/wp-content\\\/uploads\\\/2021\\\/11\\\/WhatsApp-Image-2021-11-12-at-12.08.53-AM.jpeg\",\"contentUrl\":\"https:\\\/\\\/expressometro.mx\\\/wp-content\\\/uploads\\\/2021\\\/11\\\/WhatsApp-Image-2021-11-12-at-12.08.53-AM.jpeg\",\"width\":1024,\"height\":683},{\"@type\":\"BreadcrumbList\",\"@id\":\"https:\\\/\\\/expressometro.mx\\\/index.php\\\/2021\\\/11\\\/12\\\/piden-informes-sobre-la-vacunacion-contra-influenza\\\/#breadcrumb\",\"itemListElement\":[{\"@type\":\"ListItem\",\"position\":1,\"name\":\"Inicio\",\"item\":\"https:\\\/\\\/expressometro.mx\\\/\"},{\"@type\":\"ListItem\",\"position\":2,\"name\":\"PIDEN INFORMES SOBRE LA VACUNACI\u00d3N CONTRA INFLUENZA\"}]},{\"@type\":\"WebSite\",\"@id\":\"https:\\\/\\\/expressometro.mx\\\/#website\",\"url\":\"https:\\\/\\\/expressometro.mx\\\/\",\"name\":\"Expresso Metropolitano\",\"description\":\"Periodismo comprometido, informaci\u00f3n, investigaci\u00f3n y an\u00e1lisis\",\"publisher\":{\"@id\":\"https:\\\/\\\/expressometro.mx\\\/#organization\"},\"potentialAction\":[{\"@type\":\"SearchAction\",\"target\":{\"@type\":\"EntryPoint\",\"urlTemplate\":\"https:\\\/\\\/expressometro.mx\\\/?s={search_term_string}\"},\"query-input\":{\"@type\":\"PropertyValueSpecification\",\"valueRequired\":true,\"valueName\":\"search_term_string\"}}],\"inLanguage\":\"es\"},{\"@type\":\"Organization\",\"@id\":\"https:\\\/\\\/expressometro.mx\\\/#organization\",\"name\":\"Expresso Metropolitano\",\"url\":\"https:\\\/\\\/expressometro.mx\\\/\",\"logo\":{\"@type\":\"ImageObject\",\"inLanguage\":\"es\",\"@id\":\"https:\\\/\\\/expressometro.mx\\\/#\\\/schema\\\/logo\\\/image\\\/\",\"url\":\"https:\\\/\\\/expressometro.mx\\\/wp-content\\\/uploads\\\/2019\\\/07\\\/cropped-Logo-Expresso-Metropolitano-1-1.jpeg\",\"contentUrl\":\"https:\\\/\\\/expressometro.mx\\\/wp-content\\\/uploads\\\/2019\\\/07\\\/cropped-Logo-Expresso-Metropolitano-1-1.jpeg\",\"width\":290,\"height\":73,\"caption\":\"Expresso Metropolitano\"},\"image\":{\"@id\":\"https:\\\/\\\/expressometro.mx\\\/#\\\/schema\\\/logo\\\/image\\\/\"}},{\"@type\":\"Person\",\"@id\":\"https:\\\/\\\/expressometro.mx\\\/#\\\/schema\\\/person\\\/67a95b8e3862085c7598f66237488f1f\",\"name\":\"Cecilia Vega\",\"image\":{\"@type\":\"ImageObject\",\"inLanguage\":\"es\",\"@id\":\"https:\\\/\\\/secure.gravatar.com\\\/avatar\\\/13aae9944ab2ee472a9e407c9487fdbd03b049abaa559af32fe5dbcf615c981b?s=96&d=mm&r=g\",\"url\":\"https:\\\/\\\/secure.gravatar.com\\\/avatar\\\/13aae9944ab2ee472a9e407c9487fdbd03b049abaa559af32fe5dbcf615c981b?s=96&d=mm&r=g\",\"contentUrl\":\"https:\\\/\\\/secure.gravatar.com\\\/avatar\\\/13aae9944ab2ee472a9e407c9487fdbd03b049abaa559af32fe5dbcf615c981b?s=96&d=mm&r=g\",\"caption\":\"Cecilia Vega\"},\"url\":\"https:\\\/\\\/expressometro.mx\\\/index.php\\\/author\\\/cecilia-vega\\\/\"}]}<\/script>\n<!-- \/ Yoast SEO plugin. -->","yoast_head_json":{"title":"PIDEN INFORMES SOBRE LA VACUNACI\u00d3N CONTRA INFLUENZA - Expresso Metropolitano","robots":{"index":"index","follow":"follow","max-snippet":"max-snippet:-1","max-image-preview":"max-image-preview:large","max-video-preview":"max-video-preview:-1"},"canonical":"https:\/\/expressometro.mx\/index.php\/2021\/11\/12\/piden-informes-sobre-la-vacunacion-contra-influenza\/","og_locale":"es_MX","og_type":"article","og_title":"PIDEN INFORMES SOBRE LA VACUNACI\u00d3N CONTRA INFLUENZA - Expresso Metropolitano","og_description":"Por ello, a nombre de los diputados del PRI pidi\u00f3 requerir a las secretar\u00edas responsables de la vacunaci\u00f3n y difusi\u00f3n de informaci\u00f3n preventiva, toda la informaci\u00f3n relacionada a la campa\u00f1a de vacunaci\u00f3n 2021-2021 contra la Influenza.","og_url":"https:\/\/expressometro.mx\/index.php\/2021\/11\/12\/piden-informes-sobre-la-vacunacion-contra-influenza\/","og_site_name":"Expresso Metropolitano","article_published_time":"2021-11-12T07:14:44+00:00","article_modified_time":"2021-11-12T07:14:45+00:00","og_image":[{"width":1024,"height":683,"url":"https:\/\/expressometro.mx\/wp-content\/uploads\/2021\/11\/WhatsApp-Image-2021-11-12-at-12.08.53-AM.jpeg","type":"image\/jpeg"}],"author":"Cecilia Vega","twitter_misc":{"Escrito por":"Cecilia Vega","Tiempo de lectura":"1 minuto"},"schema":{"@context":"https:\/\/schema.org","@graph":[{"@type":"Article","@id":"https:\/\/expressometro.mx\/index.php\/2021\/11\/12\/piden-informes-sobre-la-vacunacion-contra-influenza\/#article","isPartOf":{"@id":"https:\/\/expressometro.mx\/index.php\/2021\/11\/12\/piden-informes-sobre-la-vacunacion-contra-influenza\/"},"author":{"name":"Cecilia Vega","@id":"https:\/\/expressometro.mx\/#\/schema\/person\/67a95b8e3862085c7598f66237488f1f"},"headline":"PIDEN INFORMES SOBRE LA VACUNACI\u00d3N CONTRA INFLUENZA","datePublished":"2021-11-12T07:14:44+00:00","dateModified":"2021-11-12T07:14:45+00:00","mainEntityOfPage":{"@id":"https:\/\/expressometro.mx\/index.php\/2021\/11\/12\/piden-informes-sobre-la-vacunacion-contra-influenza\/"},"wordCount":181,"commentCount":0,"publisher":{"@id":"https:\/\/expressometro.mx\/#organization"},"image":{"@id":"https:\/\/expressometro.mx\/index.php\/2021\/11\/12\/piden-informes-sobre-la-vacunacion-contra-influenza\/#primaryimage"},"thumbnailUrl":"https:\/\/expressometro.mx\/wp-content\/uploads\/2021\/11\/WhatsApp-Image-2021-11-12-at-12.08.53-AM.jpeg","keywords":["Alfredo Quiroz","Influenza","LXI Legislatura"],"articleSection":["Gobierno","Salud"],"inLanguage":"es","potentialAction":[{"@type":"CommentAction","name":"Comment","target":["https:\/\/expressometro.mx\/index.php\/2021\/11\/12\/piden-informes-sobre-la-vacunacion-contra-influenza\/#respond"]}]},{"@type":"WebPage","@id":"https:\/\/expressometro.mx\/index.php\/2021\/11\/12\/piden-informes-sobre-la-vacunacion-contra-influenza\/","url":"https:\/\/expressometro.mx\/index.php\/2021\/11\/12\/piden-informes-sobre-la-vacunacion-contra-influenza\/","name":"PIDEN INFORMES SOBRE LA VACUNACI\u00d3N CONTRA INFLUENZA - Expresso Metropolitano","isPartOf":{"@id":"https:\/\/expressometro.mx\/#website"},"primaryImageOfPage":{"@id":"https:\/\/expressometro.mx\/index.php\/2021\/11\/12\/piden-informes-sobre-la-vacunacion-contra-influenza\/#primaryimage"},"image":{"@id":"https:\/\/expressometro.mx\/index.php\/2021\/11\/12\/piden-informes-sobre-la-vacunacion-contra-influenza\/#primaryimage"},"thumbnailUrl":"https:\/\/expressometro.mx\/wp-content\/uploads\/2021\/11\/WhatsApp-Image-2021-11-12-at-12.08.53-AM.jpeg","datePublished":"2021-11-12T07:14:44+00:00","dateModified":"2021-11-12T07:14:45+00:00","breadcrumb":{"@id":"https:\/\/expressometro.mx\/index.php\/2021\/11\/12\/piden-informes-sobre-la-vacunacion-contra-influenza\/#breadcrumb"},"inLanguage":"es","potentialAction":[{"@type":"ReadAction","target":["https:\/\/expressometro.mx\/index.php\/2021\/11\/12\/piden-informes-sobre-la-vacunacion-contra-influenza\/"]}]},{"@type":"ImageObject","inLanguage":"es","@id":"https:\/\/expressometro.mx\/index.php\/2021\/11\/12\/piden-informes-sobre-la-vacunacion-contra-influenza\/#primaryimage","url":"https:\/\/expressometro.mx\/wp-content\/uploads\/2021\/11\/WhatsApp-Image-2021-11-12-at-12.08.53-AM.jpeg","contentUrl":"https:\/\/expressometro.mx\/wp-content\/uploads\/2021\/11\/WhatsApp-Image-2021-11-12-at-12.08.53-AM.jpeg","width":1024,"height":683},{"@type":"BreadcrumbList","@id":"https:\/\/expressometro.mx\/index.php\/2021\/11\/12\/piden-informes-sobre-la-vacunacion-contra-influenza\/#breadcrumb","itemListElement":[{"@type":"ListItem","position":1,"name":"Inicio","item":"https:\/\/expressometro.mx\/"},{"@type":"ListItem","position":2,"name":"PIDEN INFORMES SOBRE LA VACUNACI\u00d3N CONTRA INFLUENZA"}]},{"@type":"WebSite","@id":"https:\/\/expressometro.mx\/#website","url":"https:\/\/expressometro.mx\/","name":"Expresso Metropolitano","description":"Periodismo comprometido, informaci\u00f3n, investigaci\u00f3n y an\u00e1lisis","publisher":{"@id":"https:\/\/expressometro.mx\/#organization"},"potentialAction":[{"@type":"SearchAction","target":{"@type":"EntryPoint","urlTemplate":"https:\/\/expressometro.mx\/?s={search_term_string}"},"query-input":{"@type":"PropertyValueSpecification","valueRequired":true,"valueName":"search_term_string"}}],"inLanguage":"es"},{"@type":"Organization","@id":"https:\/\/expressometro.mx\/#organization","name":"Expresso Metropolitano","url":"https:\/\/expressometro.mx\/","logo":{"@type":"ImageObject","inLanguage":"es","@id":"https:\/\/expressometro.mx\/#\/schema\/logo\/image\/","url":"https:\/\/expressometro.mx\/wp-content\/uploads\/2019\/07\/cropped-Logo-Expresso-Metropolitano-1-1.jpeg","contentUrl":"https:\/\/expressometro.mx\/wp-content\/uploads\/2019\/07\/cropped-Logo-Expresso-Metropolitano-1-1.jpeg","width":290,"height":73,"caption":"Expresso Metropolitano"},"image":{"@id":"https:\/\/expressometro.mx\/#\/schema\/logo\/image\/"}},{"@type":"Person","@id":"https:\/\/expressometro.mx\/#\/schema\/person\/67a95b8e3862085c7598f66237488f1f","name":"Cecilia Vega","image":{"@type":"ImageObject","inLanguage":"es","@id":"https:\/\/secure.gravatar.com\/avatar\/13aae9944ab2ee472a9e407c9487fdbd03b049abaa559af32fe5dbcf615c981b?s=96&d=mm&r=g","url":"https:\/\/secure.gravatar.com\/avatar\/13aae9944ab2ee472a9e407c9487fdbd03b049abaa559af32fe5dbcf615c981b?s=96&d=mm&r=g","contentUrl":"https:\/\/secure.gravatar.com\/avatar\/13aae9944ab2ee472a9e407c9487fdbd03b049abaa559af32fe5dbcf615c981b?s=96&d=mm&r=g","caption":"Cecilia Vega"},"url":"https:\/\/expressometro.mx\/index.php\/author\/cecilia-vega\/"}]}},"amp_enabled":true,"_links":{"self":[{"href":"https:\/\/expressometro.mx\/index.php\/wp-json\/wp\/v2\/posts\/4392","targetHints":{"allow":["GET"]}}],"collection":[{"href":"https:\/\/expressometro.mx\/index.php\/wp-json\/wp\/v2\/posts"}],"about":[{"href":"https:\/\/expressometro.mx\/index.php\/wp-json\/wp\/v2\/types\/post"}],"author":[{"embeddable":true,"href":"https:\/\/expressometro.mx\/index.php\/wp-json\/wp\/v2\/users\/2"}],"replies":[{"embeddable":true,"href":"https:\/\/expressometro.mx\/index.php\/wp-json\/wp\/v2\/comments?post=4392"}],"version-history":[{"count":1,"href":"https:\/\/expressometro.mx\/index.php\/wp-json\/wp\/v2\/posts\/4392\/revisions"}],"predecessor-version":[{"id":4395,"href":"https:\/\/expressometro.mx\/index.php\/wp-json\/wp\/v2\/posts\/4392\/revisions\/4395"}],"wp:featuredmedia":[{"embeddable":true,"href":"https:\/\/expressometro.mx\/index.php\/wp-json\/wp\/v2\/media\/4394"}],"wp:attachment":[{"href":"https:\/\/expressometro.mx\/index.php\/wp-json\/wp\/v2\/media?parent=4392"}],"wp:term":[{"taxonomy":"category","embeddable":true,"href":"https:\/\/expressometro.mx\/index.php\/wp-json\/wp\/v2\/categories?post=4392"},{"taxonomy":"post_tag","embeddable":true,"href":"https:\/\/expressometro.mx\/index.php\/wp-json\/wp\/v2\/tags?post=4392"}],"curies":[{"name":"wp","href":"https:\/\/api.w.org\/{rel}","templated":true}]}}