{"id":4319,"date":"2021-11-08T14:56:00","date_gmt":"2021-11-08T20:56:00","guid":{"rendered":"https:\/\/expressometro.mx\/?p=4319"},"modified":"2021-11-10T14:58:21","modified_gmt":"2021-11-10T20:58:21","slug":"obligatorio-derrotar-en-las-elecciones-del-2023-al-corrupto-gobierno-priista-convertido-en-el-principal-obstaculo-de-la-democracia-y-desarrollo-de-los-mexiquenses","status":"publish","type":"post","link":"https:\/\/expressometro.mx\/index.php\/2021\/11\/08\/obligatorio-derrotar-en-las-elecciones-del-2023-al-corrupto-gobierno-priista-convertido-en-el-principal-obstaculo-de-la-democracia-y-desarrollo-de-los-mexiquenses\/","title":{"rendered":"OBLIGATORIO DERROTAR EN LAS ELECCIONES DEL 2023 AL CORRUPTO GOBIERNO PRIISTA CONVERTIDO EN EL PRINCIPAL OBST\u00c1CULO DE LA DEMOCRACIA Y DESARROLLO DE LOS MEXIQUENSES"},"content":{"rendered":"\n<p>Ante el deterioro del tejido social que ha llevado al Estado de M\u00e9xico a ser una entidad federativa con alta incidencia criminal y violencia, feminicidios dolosos, complicidad del crimen organizado con las autoridades, pobreza extrema, carencia de trabajos, entre otros, se hace un llamado a todas las organizaciones sociales, as\u00ed como a las y los mexiquenses en general sin o con partido pol\u00edtico, a constituir el Frente \u201cJUNTOS, por un mejor Estado de M\u00e9xico es posible\u201d.<\/p>\n\n\n\n<p>Lo anterior fue el llamado de Juan Hugo de la Rosa Garc\u00eda, dirigente de Unidos por un Mejor Pa\u00eds, en presencia de \u00d3scar Gonz\u00e1lez Y\u00e1\u00f1ez, del PT; Alfonso Ram\u00edrez Cu\u00e9llar de Morena; Ferm\u00edn Carre\u00f1o Mel\u00e9ndez, de la Red Universitaria para la Transformaci\u00f3n, as\u00ed como de dirigentes de organizaciones sociales y pol\u00edticas y de representantes de los presidentes municipales de Tlalnepantla y Ecatepec, quienes respaldaron la creaci\u00f3n de este Frente de lucha democr\u00e1tica, plural, progresista y antineoliberal.<\/p>\n\n\n\n<p>Subray\u00f3 que uno de los objetivos es luchar por el poder p\u00fablico para transformarlo y ponerlo al servicio del pueblo, luchar organizada y democr\u00e1ticamente para elevar el nivel de bienestar de las mayor\u00edas empobrecidas y excluidas por el neoliberalismo impuesto por las \u00e9lites pol\u00edticas y financieras.<\/p>\n\n\n\n<p>Precis\u00f3 que el llamado a las y los mexiquenses es luchar para terminar con el abuso del poder, y la impunidad del gobierno estatal, por ello como JUNTOS asumir\u00e1 la tarea de luchar contra la desigualdad social, la injusticia, los privilegios de la clase gobernante, la pobreza, la falta de empleo, el abandono del campo y todo signo ominoso de la explotaci\u00f3n y exclusi\u00f3n social.<\/p>\n\n\n\n<p>Por lo anterior, anunci\u00f3 que el pr\u00f3ximo 21 de noviembre quedar\u00e1 constituido formalmente el Frente \u201cJUNTOS un mejor Estado de M\u00e9xico es posible\u201d, en el que podr\u00e1n tomar parte todas las organizaciones de izquierda, agrupaciones sociales y todo aquel o aquella mexiquense que busque acabar con todo aquello que tanto da\u00f1o le han hecho los grupos de poder enquistados en la entidad.<\/p>\n\n\n\n<p>La derecha no est\u00e1 arrinconada, por lo contrario, est\u00e1 decidida a defender sus privilegios y fortalecer sus bases de poder y se ha colocado como enemiga a muerte de la 4t, esa misma derecha que provoc\u00f3 la concentraci\u00f3n de la riqueza en pocas manos y la miseria de las masas, por ello, la principal tarea es impedir su regreso al poder, as\u00ed como apoyar la ratificaci\u00f3n del mandato del presidente Andr\u00e9s Manuel L\u00f3pez Obrador y defender la reforma el\u00e9ctrica, coincidieron Juan Hugo de la Rosa, \u00d3scar Gonz\u00e1lez Y\u00e1\u00f1ez y Alfonso Ram\u00edrez Cu\u00e9llar.<\/p>\n\n\n\n<p>Juan Hugo de la Rosa record\u00f3 que en el estado de M\u00e9xico, la mitad de la poblaci\u00f3n vive en la pobreza, 9.2 millones carece de seguridad social, 55 por ciento de los trabajadores laboran en la informalidad y 4.3 millones tienen ingresos de 0 a 2 salarios m\u00ednimos, mientras que m\u00e1s de un mill\u00f3n 300 mil j\u00f3venes de entre 15 y 22 a\u00f1os no cursan la educaci\u00f3n media superior y superior, como un signo m\u00e1s de la desigualdad que sufren las y los mexiquenses.<\/p>\n\n\n\n<p>Otras tareas ser\u00e1n las de promover el rescate y conservaci\u00f3n del medio ambiente, el respeto a los derechos humanos y el empoderamiento de la mujer y la igualdad sustantiva, pero de manera particular los derechos y cultura ind\u00edgenas, se\u00f1al\u00f3 el dirigente de Por Un Mejor Pa\u00eds, Juan Hugo de la Rosa.<\/p>\n\n\n\n<p>En su oportunidad, \u00d3scar Gonz\u00e1lez Y\u00e1\u00f1ez y Alfonso Ram\u00edrez Cu\u00e9llar, coincidieron en que ser\u00e1 prioritario establecer medidas que fortalezcan la instituci\u00f3n municipal y un eficiente aparato de fiscalizaci\u00f3n estatal, y que los poderes del Estado se ajusten a la voluntad democr\u00e1tica de los ciudadanos.<\/p>\n\n\n\n<p>JUNTOS tenemos el deber de proponer acciones tendientes a garantizar la democracia participativa e instrumentar pol\u00edticas integrales para erradicar la corrupci\u00f3n de las instituciones del poder p\u00fablico, la impunidad, la violencia y el crimen organizado.<\/p>\n\n\n\n<p>De igual manera resaltaron la necesidad que como JUNTOS har\u00e1n cumplir su responsabilidad de constructor de la unidad pol\u00edtica como estrategia fundamental para el desarrollo del Estado de M\u00e9xico.<\/p>\n\n\n\n<p>Quienes hicieron uso de la palabra, hicieron el llamado a la poblaci\u00f3n en general, a las y los mexiquenses, para que cada quien, desde sus trincheras, se busque tener una mejor sociedad, construida por todos y todas y desde abajo, no desde la c\u00fapula de los partidos pol\u00edticos, con legitimidad y sin oportunismo.<\/p>\n\n\n\n<figure class=\"wp-block-gallery columns-3 is-cropped wp-block-gallery-1 is-layout-flex wp-block-gallery-is-layout-flex\"><ul class=\"blocks-gallery-grid\"><li class=\"blocks-gallery-item\"><figure><img decoding=\"async\" width=\"840\" height=\"473\" src=\"https:\/\/expressometro.mx\/wp-content\/uploads\/2021\/11\/WhatsApp-Image-2021-11-10-at-2.17.10-PM-2-840x473.jpeg\" alt=\"\" data-id=\"4320\" data-link=\"https:\/\/expressometro.mx\/?attachment_id=4320\" class=\"wp-image-4320\" srcset=\"https:\/\/expressometro.mx\/wp-content\/uploads\/2021\/11\/WhatsApp-Image-2021-11-10-at-2.17.10-PM-2-840x473.jpeg 840w, https:\/\/expressometro.mx\/wp-content\/uploads\/2021\/11\/WhatsApp-Image-2021-11-10-at-2.17.10-PM-2-649x365.jpeg 649w, https:\/\/expressometro.mx\/wp-content\/uploads\/2021\/11\/WhatsApp-Image-2021-11-10-at-2.17.10-PM-2-768x432.jpeg 768w, https:\/\/expressometro.mx\/wp-content\/uploads\/2021\/11\/WhatsApp-Image-2021-11-10-at-2.17.10-PM-2.jpeg 1024w\" sizes=\"(max-width: 840px) 100vw, 840px\" \/><\/figure><\/li><li class=\"blocks-gallery-item\"><figure><img decoding=\"async\" width=\"840\" height=\"473\" src=\"https:\/\/expressometro.mx\/wp-content\/uploads\/2021\/11\/WhatsApp-Image-2021-11-10-at-2.17.10-PM-3-840x473.jpeg\" alt=\"\" data-id=\"4322\" data-link=\"https:\/\/expressometro.mx\/?attachment_id=4322\" class=\"wp-image-4322\" srcset=\"https:\/\/expressometro.mx\/wp-content\/uploads\/2021\/11\/WhatsApp-Image-2021-11-10-at-2.17.10-PM-3-840x473.jpeg 840w, https:\/\/expressometro.mx\/wp-content\/uploads\/2021\/11\/WhatsApp-Image-2021-11-10-at-2.17.10-PM-3-649x365.jpeg 649w, https:\/\/expressometro.mx\/wp-content\/uploads\/2021\/11\/WhatsApp-Image-2021-11-10-at-2.17.10-PM-3-768x432.jpeg 768w, https:\/\/expressometro.mx\/wp-content\/uploads\/2021\/11\/WhatsApp-Image-2021-11-10-at-2.17.10-PM-3.jpeg 1024w\" sizes=\"(max-width: 840px) 100vw, 840px\" \/><\/figure><\/li><li class=\"blocks-gallery-item\"><figure><img decoding=\"async\" width=\"840\" height=\"473\" src=\"https:\/\/expressometro.mx\/wp-content\/uploads\/2021\/11\/WhatsApp-Image-2021-11-10-at-2.17.10-PM-4-840x473.jpeg\" alt=\"\" data-id=\"4323\" data-full-url=\"https:\/\/expressometro.mx\/wp-content\/uploads\/2021\/11\/WhatsApp-Image-2021-11-10-at-2.17.10-PM-4.jpeg\" data-link=\"https:\/\/expressometro.mx\/?attachment_id=4323\" class=\"wp-image-4323\" srcset=\"https:\/\/expressometro.mx\/wp-content\/uploads\/2021\/11\/WhatsApp-Image-2021-11-10-at-2.17.10-PM-4-840x473.jpeg 840w, https:\/\/expressometro.mx\/wp-content\/uploads\/2021\/11\/WhatsApp-Image-2021-11-10-at-2.17.10-PM-4-649x365.jpeg 649w, https:\/\/expressometro.mx\/wp-content\/uploads\/2021\/11\/WhatsApp-Image-2021-11-10-at-2.17.10-PM-4-768x432.jpeg 768w, https:\/\/expressometro.mx\/wp-content\/uploads\/2021\/11\/WhatsApp-Image-2021-11-10-at-2.17.10-PM-4.jpeg 1024w\" sizes=\"(max-width: 840px) 100vw, 840px\" \/><\/figure><\/li><\/ul><\/figure>\n","protected":false},"excerpt":{"rendered":"<p>El pr\u00f3ximo 21 de noviembre quedar\u00e1 constituido el Frente \u201cJUNTOS un mejor Estado de M\u00e9xico es posible\u201d: Juan Hugo de la Rosa dirigente de Unidos por un Mejor Pa\u00eds.<\/p>\n","protected":false},"author":2,"featured_media":4321,"comment_status":"open","ping_status":"open","sticky":false,"template":"","format":"standard","meta":{"footnotes":""},"categories":[231],"tags":[1159,84,566],"class_list":["post-4319","post","type-post","status-publish","format-standard","has-post-thumbnail","hentry","category-politica","tag-hugo-de-la-rosa","tag-morena","tag-oscar-gonzalez"],"yoast_head":"<!-- This site is optimized with the Yoast SEO plugin v27.5 - https:\/\/yoast.com\/product\/yoast-seo-wordpress\/ -->\n<title>OBLIGATORIO DERROTAR EN LAS ELECCIONES DEL 2023 AL CORRUPTO GOBIERNO PRIISTA CONVERTIDO EN EL PRINCIPAL OBST\u00c1CULO DE LA DEMOCRACIA Y DESARROLLO DE LOS MEXIQUENSES - Expresso Metropolitano<\/title>\n<meta name=\"robots\" content=\"index, follow, max-snippet:-1, max-image-preview:large, max-video-preview:-1\" \/>\n<link rel=\"canonical\" href=\"https:\/\/expressometro.mx\/index.php\/2021\/11\/08\/obligatorio-derrotar-en-las-elecciones-del-2023-al-corrupto-gobierno-priista-convertido-en-el-principal-obstaculo-de-la-democracia-y-desarrollo-de-los-mexiquenses\/\" \/>\n<meta property=\"og:locale\" content=\"es_MX\" \/>\n<meta property=\"og:type\" content=\"article\" \/>\n<meta property=\"og:title\" content=\"OBLIGATORIO DERROTAR EN LAS ELECCIONES DEL 2023 AL CORRUPTO GOBIERNO PRIISTA CONVERTIDO EN EL PRINCIPAL OBST\u00c1CULO DE LA DEMOCRACIA Y DESARROLLO DE LOS MEXIQUENSES - Expresso Metropolitano\" \/>\n<meta property=\"og:description\" content=\"El pr\u00f3ximo 21 de noviembre quedar\u00e1 constituido el Frente \u201cJUNTOS un mejor Estado de M\u00e9xico es posible\u201d: Juan Hugo de la Rosa dirigente de Unidos por un Mejor Pa\u00eds.\" \/>\n<meta property=\"og:url\" content=\"https:\/\/expressometro.mx\/index.php\/2021\/11\/08\/obligatorio-derrotar-en-las-elecciones-del-2023-al-corrupto-gobierno-priista-convertido-en-el-principal-obstaculo-de-la-democracia-y-desarrollo-de-los-mexiquenses\/\" \/>\n<meta property=\"og:site_name\" content=\"Expresso Metropolitano\" \/>\n<meta property=\"article:published_time\" content=\"2021-11-08T20:56:00+00:00\" \/>\n<meta property=\"article:modified_time\" content=\"2021-11-10T20:58:21+00:00\" \/>\n<meta property=\"og:image\" content=\"https:\/\/expressometro.mx\/wp-content\/uploads\/2021\/11\/WhatsApp-Image-2021-11-10-at-2.17.10-PM-1.jpeg\" \/>\n\t<meta property=\"og:image:width\" content=\"1024\" \/>\n\t<meta property=\"og:image:height\" content=\"576\" \/>\n\t<meta property=\"og:image:type\" content=\"image\/jpeg\" \/>\n<meta name=\"author\" content=\"Cecilia Vega\" \/>\n<meta name=\"twitter:label1\" content=\"Escrito por\" \/>\n\t<meta name=\"twitter:data1\" content=\"Cecilia Vega\" \/>\n\t<meta name=\"twitter:label2\" content=\"Tiempo de lectura\" \/>\n\t<meta name=\"twitter:data2\" content=\"4 minutos\" \/>\n<script type=\"application\/ld+json\" class=\"yoast-schema-graph\">{\"@context\":\"https:\\\/\\\/schema.org\",\"@graph\":[{\"@type\":\"Article\",\"@id\":\"https:\\\/\\\/expressometro.mx\\\/index.php\\\/2021\\\/11\\\/08\\\/obligatorio-derrotar-en-las-elecciones-del-2023-al-corrupto-gobierno-priista-convertido-en-el-principal-obstaculo-de-la-democracia-y-desarrollo-de-los-mexiquenses\\\/#article\",\"isPartOf\":{\"@id\":\"https:\\\/\\\/expressometro.mx\\\/index.php\\\/2021\\\/11\\\/08\\\/obligatorio-derrotar-en-las-elecciones-del-2023-al-corrupto-gobierno-priista-convertido-en-el-principal-obstaculo-de-la-democracia-y-desarrollo-de-los-mexiquenses\\\/\"},\"author\":{\"name\":\"Cecilia Vega\",\"@id\":\"https:\\\/\\\/expressometro.mx\\\/#\\\/schema\\\/person\\\/67a95b8e3862085c7598f66237488f1f\"},\"headline\":\"OBLIGATORIO DERROTAR EN LAS ELECCIONES DEL 2023 AL CORRUPTO GOBIERNO PRIISTA CONVERTIDO EN EL PRINCIPAL OBST\u00c1CULO DE LA DEMOCRACIA Y DESARROLLO DE LOS MEXIQUENSES\",\"datePublished\":\"2021-11-08T20:56:00+00:00\",\"dateModified\":\"2021-11-10T20:58:21+00:00\",\"mainEntityOfPage\":{\"@id\":\"https:\\\/\\\/expressometro.mx\\\/index.php\\\/2021\\\/11\\\/08\\\/obligatorio-derrotar-en-las-elecciones-del-2023-al-corrupto-gobierno-priista-convertido-en-el-principal-obstaculo-de-la-democracia-y-desarrollo-de-los-mexiquenses\\\/\"},\"wordCount\":793,\"commentCount\":0,\"publisher\":{\"@id\":\"https:\\\/\\\/expressometro.mx\\\/#organization\"},\"image\":{\"@id\":\"https:\\\/\\\/expressometro.mx\\\/index.php\\\/2021\\\/11\\\/08\\\/obligatorio-derrotar-en-las-elecciones-del-2023-al-corrupto-gobierno-priista-convertido-en-el-principal-obstaculo-de-la-democracia-y-desarrollo-de-los-mexiquenses\\\/#primaryimage\"},\"thumbnailUrl\":\"https:\\\/\\\/expressometro.mx\\\/wp-content\\\/uploads\\\/2021\\\/11\\\/WhatsApp-Image-2021-11-10-at-2.17.10-PM-1.jpeg\",\"keywords\":[\"Hugo de la Rosa\",\"Morena\",\"\u00d3scar Gonz\u00e1lez\"],\"articleSection\":[\"Pol\u00edtica\"],\"inLanguage\":\"es\",\"potentialAction\":[{\"@type\":\"CommentAction\",\"name\":\"Comment\",\"target\":[\"https:\\\/\\\/expressometro.mx\\\/index.php\\\/2021\\\/11\\\/08\\\/obligatorio-derrotar-en-las-elecciones-del-2023-al-corrupto-gobierno-priista-convertido-en-el-principal-obstaculo-de-la-democracia-y-desarrollo-de-los-mexiquenses\\\/#respond\"]}]},{\"@type\":\"WebPage\",\"@id\":\"https:\\\/\\\/expressometro.mx\\\/index.php\\\/2021\\\/11\\\/08\\\/obligatorio-derrotar-en-las-elecciones-del-2023-al-corrupto-gobierno-priista-convertido-en-el-principal-obstaculo-de-la-democracia-y-desarrollo-de-los-mexiquenses\\\/\",\"url\":\"https:\\\/\\\/expressometro.mx\\\/index.php\\\/2021\\\/11\\\/08\\\/obligatorio-derrotar-en-las-elecciones-del-2023-al-corrupto-gobierno-priista-convertido-en-el-principal-obstaculo-de-la-democracia-y-desarrollo-de-los-mexiquenses\\\/\",\"name\":\"OBLIGATORIO DERROTAR EN LAS ELECCIONES DEL 2023 AL CORRUPTO GOBIERNO PRIISTA CONVERTIDO EN EL PRINCIPAL OBST\u00c1CULO DE LA DEMOCRACIA Y DESARROLLO DE LOS MEXIQUENSES - Expresso Metropolitano\",\"isPartOf\":{\"@id\":\"https:\\\/\\\/expressometro.mx\\\/#website\"},\"primaryImageOfPage\":{\"@id\":\"https:\\\/\\\/expressometro.mx\\\/index.php\\\/2021\\\/11\\\/08\\\/obligatorio-derrotar-en-las-elecciones-del-2023-al-corrupto-gobierno-priista-convertido-en-el-principal-obstaculo-de-la-democracia-y-desarrollo-de-los-mexiquenses\\\/#primaryimage\"},\"image\":{\"@id\":\"https:\\\/\\\/expressometro.mx\\\/index.php\\\/2021\\\/11\\\/08\\\/obligatorio-derrotar-en-las-elecciones-del-2023-al-corrupto-gobierno-priista-convertido-en-el-principal-obstaculo-de-la-democracia-y-desarrollo-de-los-mexiquenses\\\/#primaryimage\"},\"thumbnailUrl\":\"https:\\\/\\\/expressometro.mx\\\/wp-content\\\/uploads\\\/2021\\\/11\\\/WhatsApp-Image-2021-11-10-at-2.17.10-PM-1.jpeg\",\"datePublished\":\"2021-11-08T20:56:00+00:00\",\"dateModified\":\"2021-11-10T20:58:21+00:00\",\"breadcrumb\":{\"@id\":\"https:\\\/\\\/expressometro.mx\\\/index.php\\\/2021\\\/11\\\/08\\\/obligatorio-derrotar-en-las-elecciones-del-2023-al-corrupto-gobierno-priista-convertido-en-el-principal-obstaculo-de-la-democracia-y-desarrollo-de-los-mexiquenses\\\/#breadcrumb\"},\"inLanguage\":\"es\",\"potentialAction\":[{\"@type\":\"ReadAction\",\"target\":[\"https:\\\/\\\/expressometro.mx\\\/index.php\\\/2021\\\/11\\\/08\\\/obligatorio-derrotar-en-las-elecciones-del-2023-al-corrupto-gobierno-priista-convertido-en-el-principal-obstaculo-de-la-democracia-y-desarrollo-de-los-mexiquenses\\\/\"]}]},{\"@type\":\"ImageObject\",\"inLanguage\":\"es\",\"@id\":\"https:\\\/\\\/expressometro.mx\\\/index.php\\\/2021\\\/11\\\/08\\\/obligatorio-derrotar-en-las-elecciones-del-2023-al-corrupto-gobierno-priista-convertido-en-el-principal-obstaculo-de-la-democracia-y-desarrollo-de-los-mexiquenses\\\/#primaryimage\",\"url\":\"https:\\\/\\\/expressometro.mx\\\/wp-content\\\/uploads\\\/2021\\\/11\\\/WhatsApp-Image-2021-11-10-at-2.17.10-PM-1.jpeg\",\"contentUrl\":\"https:\\\/\\\/expressometro.mx\\\/wp-content\\\/uploads\\\/2021\\\/11\\\/WhatsApp-Image-2021-11-10-at-2.17.10-PM-1.jpeg\",\"width\":1024,\"height\":576},{\"@type\":\"BreadcrumbList\",\"@id\":\"https:\\\/\\\/expressometro.mx\\\/index.php\\\/2021\\\/11\\\/08\\\/obligatorio-derrotar-en-las-elecciones-del-2023-al-corrupto-gobierno-priista-convertido-en-el-principal-obstaculo-de-la-democracia-y-desarrollo-de-los-mexiquenses\\\/#breadcrumb\",\"itemListElement\":[{\"@type\":\"ListItem\",\"position\":1,\"name\":\"Inicio\",\"item\":\"https:\\\/\\\/expressometro.mx\\\/\"},{\"@type\":\"ListItem\",\"position\":2,\"name\":\"OBLIGATORIO DERROTAR EN LAS ELECCIONES DEL 2023 AL CORRUPTO GOBIERNO PRIISTA CONVERTIDO EN EL PRINCIPAL OBST\u00c1CULO DE LA DEMOCRACIA Y DESARROLLO DE LOS MEXIQUENSES\"}]},{\"@type\":\"WebSite\",\"@id\":\"https:\\\/\\\/expressometro.mx\\\/#website\",\"url\":\"https:\\\/\\\/expressometro.mx\\\/\",\"name\":\"Expresso Metropolitano\",\"description\":\"Periodismo comprometido, informaci\u00f3n, investigaci\u00f3n y an\u00e1lisis\",\"publisher\":{\"@id\":\"https:\\\/\\\/expressometro.mx\\\/#organization\"},\"potentialAction\":[{\"@type\":\"SearchAction\",\"target\":{\"@type\":\"EntryPoint\",\"urlTemplate\":\"https:\\\/\\\/expressometro.mx\\\/?s={search_term_string}\"},\"query-input\":{\"@type\":\"PropertyValueSpecification\",\"valueRequired\":true,\"valueName\":\"search_term_string\"}}],\"inLanguage\":\"es\"},{\"@type\":\"Organization\",\"@id\":\"https:\\\/\\\/expressometro.mx\\\/#organization\",\"name\":\"Expresso Metropolitano\",\"url\":\"https:\\\/\\\/expressometro.mx\\\/\",\"logo\":{\"@type\":\"ImageObject\",\"inLanguage\":\"es\",\"@id\":\"https:\\\/\\\/expressometro.mx\\\/#\\\/schema\\\/logo\\\/image\\\/\",\"url\":\"https:\\\/\\\/expressometro.mx\\\/wp-content\\\/uploads\\\/2019\\\/07\\\/cropped-Logo-Expresso-Metropolitano-1-1.jpeg\",\"contentUrl\":\"https:\\\/\\\/expressometro.mx\\\/wp-content\\\/uploads\\\/2019\\\/07\\\/cropped-Logo-Expresso-Metropolitano-1-1.jpeg\",\"width\":290,\"height\":73,\"caption\":\"Expresso Metropolitano\"},\"image\":{\"@id\":\"https:\\\/\\\/expressometro.mx\\\/#\\\/schema\\\/logo\\\/image\\\/\"}},{\"@type\":\"Person\",\"@id\":\"https:\\\/\\\/expressometro.mx\\\/#\\\/schema\\\/person\\\/67a95b8e3862085c7598f66237488f1f\",\"name\":\"Cecilia Vega\",\"image\":{\"@type\":\"ImageObject\",\"inLanguage\":\"es\",\"@id\":\"https:\\\/\\\/secure.gravatar.com\\\/avatar\\\/13aae9944ab2ee472a9e407c9487fdbd03b049abaa559af32fe5dbcf615c981b?s=96&d=mm&r=g\",\"url\":\"https:\\\/\\\/secure.gravatar.com\\\/avatar\\\/13aae9944ab2ee472a9e407c9487fdbd03b049abaa559af32fe5dbcf615c981b?s=96&d=mm&r=g\",\"contentUrl\":\"https:\\\/\\\/secure.gravatar.com\\\/avatar\\\/13aae9944ab2ee472a9e407c9487fdbd03b049abaa559af32fe5dbcf615c981b?s=96&d=mm&r=g\",\"caption\":\"Cecilia Vega\"},\"url\":\"https:\\\/\\\/expressometro.mx\\\/index.php\\\/author\\\/cecilia-vega\\\/\"}]}<\/script>\n<!-- \/ Yoast SEO plugin. -->","yoast_head_json":{"title":"OBLIGATORIO DERROTAR EN LAS ELECCIONES DEL 2023 AL CORRUPTO GOBIERNO PRIISTA CONVERTIDO EN EL PRINCIPAL OBST\u00c1CULO DE LA DEMOCRACIA Y DESARROLLO DE LOS MEXIQUENSES - Expresso Metropolitano","robots":{"index":"index","follow":"follow","max-snippet":"max-snippet:-1","max-image-preview":"max-image-preview:large","max-video-preview":"max-video-preview:-1"},"canonical":"https:\/\/expressometro.mx\/index.php\/2021\/11\/08\/obligatorio-derrotar-en-las-elecciones-del-2023-al-corrupto-gobierno-priista-convertido-en-el-principal-obstaculo-de-la-democracia-y-desarrollo-de-los-mexiquenses\/","og_locale":"es_MX","og_type":"article","og_title":"OBLIGATORIO DERROTAR EN LAS ELECCIONES DEL 2023 AL CORRUPTO GOBIERNO PRIISTA CONVERTIDO EN EL PRINCIPAL OBST\u00c1CULO DE LA DEMOCRACIA Y DESARROLLO DE LOS MEXIQUENSES - Expresso Metropolitano","og_description":"El pr\u00f3ximo 21 de noviembre quedar\u00e1 constituido el Frente \u201cJUNTOS un mejor Estado de M\u00e9xico es posible\u201d: Juan Hugo de la Rosa dirigente de Unidos por un Mejor Pa\u00eds.","og_url":"https:\/\/expressometro.mx\/index.php\/2021\/11\/08\/obligatorio-derrotar-en-las-elecciones-del-2023-al-corrupto-gobierno-priista-convertido-en-el-principal-obstaculo-de-la-democracia-y-desarrollo-de-los-mexiquenses\/","og_site_name":"Expresso Metropolitano","article_published_time":"2021-11-08T20:56:00+00:00","article_modified_time":"2021-11-10T20:58:21+00:00","og_image":[{"width":1024,"height":576,"url":"https:\/\/expressometro.mx\/wp-content\/uploads\/2021\/11\/WhatsApp-Image-2021-11-10-at-2.17.10-PM-1.jpeg","type":"image\/jpeg"}],"author":"Cecilia Vega","twitter_misc":{"Escrito por":"Cecilia Vega","Tiempo de lectura":"4 minutos"},"schema":{"@context":"https:\/\/schema.org","@graph":[{"@type":"Article","@id":"https:\/\/expressometro.mx\/index.php\/2021\/11\/08\/obligatorio-derrotar-en-las-elecciones-del-2023-al-corrupto-gobierno-priista-convertido-en-el-principal-obstaculo-de-la-democracia-y-desarrollo-de-los-mexiquenses\/#article","isPartOf":{"@id":"https:\/\/expressometro.mx\/index.php\/2021\/11\/08\/obligatorio-derrotar-en-las-elecciones-del-2023-al-corrupto-gobierno-priista-convertido-en-el-principal-obstaculo-de-la-democracia-y-desarrollo-de-los-mexiquenses\/"},"author":{"name":"Cecilia Vega","@id":"https:\/\/expressometro.mx\/#\/schema\/person\/67a95b8e3862085c7598f66237488f1f"},"headline":"OBLIGATORIO DERROTAR EN LAS ELECCIONES DEL 2023 AL CORRUPTO GOBIERNO PRIISTA CONVERTIDO EN EL PRINCIPAL OBST\u00c1CULO DE LA DEMOCRACIA Y DESARROLLO DE LOS MEXIQUENSES","datePublished":"2021-11-08T20:56:00+00:00","dateModified":"2021-11-10T20:58:21+00:00","mainEntityOfPage":{"@id":"https:\/\/expressometro.mx\/index.php\/2021\/11\/08\/obligatorio-derrotar-en-las-elecciones-del-2023-al-corrupto-gobierno-priista-convertido-en-el-principal-obstaculo-de-la-democracia-y-desarrollo-de-los-mexiquenses\/"},"wordCount":793,"commentCount":0,"publisher":{"@id":"https:\/\/expressometro.mx\/#organization"},"image":{"@id":"https:\/\/expressometro.mx\/index.php\/2021\/11\/08\/obligatorio-derrotar-en-las-elecciones-del-2023-al-corrupto-gobierno-priista-convertido-en-el-principal-obstaculo-de-la-democracia-y-desarrollo-de-los-mexiquenses\/#primaryimage"},"thumbnailUrl":"https:\/\/expressometro.mx\/wp-content\/uploads\/2021\/11\/WhatsApp-Image-2021-11-10-at-2.17.10-PM-1.jpeg","keywords":["Hugo de la Rosa","Morena","\u00d3scar Gonz\u00e1lez"],"articleSection":["Pol\u00edtica"],"inLanguage":"es","potentialAction":[{"@type":"CommentAction","name":"Comment","target":["https:\/\/expressometro.mx\/index.php\/2021\/11\/08\/obligatorio-derrotar-en-las-elecciones-del-2023-al-corrupto-gobierno-priista-convertido-en-el-principal-obstaculo-de-la-democracia-y-desarrollo-de-los-mexiquenses\/#respond"]}]},{"@type":"WebPage","@id":"https:\/\/expressometro.mx\/index.php\/2021\/11\/08\/obligatorio-derrotar-en-las-elecciones-del-2023-al-corrupto-gobierno-priista-convertido-en-el-principal-obstaculo-de-la-democracia-y-desarrollo-de-los-mexiquenses\/","url":"https:\/\/expressometro.mx\/index.php\/2021\/11\/08\/obligatorio-derrotar-en-las-elecciones-del-2023-al-corrupto-gobierno-priista-convertido-en-el-principal-obstaculo-de-la-democracia-y-desarrollo-de-los-mexiquenses\/","name":"OBLIGATORIO DERROTAR EN LAS ELECCIONES DEL 2023 AL CORRUPTO GOBIERNO PRIISTA CONVERTIDO EN EL PRINCIPAL OBST\u00c1CULO DE LA DEMOCRACIA Y DESARROLLO DE LOS MEXIQUENSES - Expresso Metropolitano","isPartOf":{"@id":"https:\/\/expressometro.mx\/#website"},"primaryImageOfPage":{"@id":"https:\/\/expressometro.mx\/index.php\/2021\/11\/08\/obligatorio-derrotar-en-las-elecciones-del-2023-al-corrupto-gobierno-priista-convertido-en-el-principal-obstaculo-de-la-democracia-y-desarrollo-de-los-mexiquenses\/#primaryimage"},"image":{"@id":"https:\/\/expressometro.mx\/index.php\/2021\/11\/08\/obligatorio-derrotar-en-las-elecciones-del-2023-al-corrupto-gobierno-priista-convertido-en-el-principal-obstaculo-de-la-democracia-y-desarrollo-de-los-mexiquenses\/#primaryimage"},"thumbnailUrl":"https:\/\/expressometro.mx\/wp-content\/uploads\/2021\/11\/WhatsApp-Image-2021-11-10-at-2.17.10-PM-1.jpeg","datePublished":"2021-11-08T20:56:00+00:00","dateModified":"2021-11-10T20:58:21+00:00","breadcrumb":{"@id":"https:\/\/expressometro.mx\/index.php\/2021\/11\/08\/obligatorio-derrotar-en-las-elecciones-del-2023-al-corrupto-gobierno-priista-convertido-en-el-principal-obstaculo-de-la-democracia-y-desarrollo-de-los-mexiquenses\/#breadcrumb"},"inLanguage":"es","potentialAction":[{"@type":"ReadAction","target":["https:\/\/expressometro.mx\/index.php\/2021\/11\/08\/obligatorio-derrotar-en-las-elecciones-del-2023-al-corrupto-gobierno-priista-convertido-en-el-principal-obstaculo-de-la-democracia-y-desarrollo-de-los-mexiquenses\/"]}]},{"@type":"ImageObject","inLanguage":"es","@id":"https:\/\/expressometro.mx\/index.php\/2021\/11\/08\/obligatorio-derrotar-en-las-elecciones-del-2023-al-corrupto-gobierno-priista-convertido-en-el-principal-obstaculo-de-la-democracia-y-desarrollo-de-los-mexiquenses\/#primaryimage","url":"https:\/\/expressometro.mx\/wp-content\/uploads\/2021\/11\/WhatsApp-Image-2021-11-10-at-2.17.10-PM-1.jpeg","contentUrl":"https:\/\/expressometro.mx\/wp-content\/uploads\/2021\/11\/WhatsApp-Image-2021-11-10-at-2.17.10-PM-1.jpeg","width":1024,"height":576},{"@type":"BreadcrumbList","@id":"https:\/\/expressometro.mx\/index.php\/2021\/11\/08\/obligatorio-derrotar-en-las-elecciones-del-2023-al-corrupto-gobierno-priista-convertido-en-el-principal-obstaculo-de-la-democracia-y-desarrollo-de-los-mexiquenses\/#breadcrumb","itemListElement":[{"@type":"ListItem","position":1,"name":"Inicio","item":"https:\/\/expressometro.mx\/"},{"@type":"ListItem","position":2,"name":"OBLIGATORIO DERROTAR EN LAS ELECCIONES DEL 2023 AL CORRUPTO GOBIERNO PRIISTA CONVERTIDO EN EL PRINCIPAL OBST\u00c1CULO DE LA DEMOCRACIA Y DESARROLLO DE LOS MEXIQUENSES"}]},{"@type":"WebSite","@id":"https:\/\/expressometro.mx\/#website","url":"https:\/\/expressometro.mx\/","name":"Expresso Metropolitano","description":"Periodismo comprometido, informaci\u00f3n, investigaci\u00f3n y an\u00e1lisis","publisher":{"@id":"https:\/\/expressometro.mx\/#organization"},"potentialAction":[{"@type":"SearchAction","target":{"@type":"EntryPoint","urlTemplate":"https:\/\/expressometro.mx\/?s={search_term_string}"},"query-input":{"@type":"PropertyValueSpecification","valueRequired":true,"valueName":"search_term_string"}}],"inLanguage":"es"},{"@type":"Organization","@id":"https:\/\/expressometro.mx\/#organization","name":"Expresso Metropolitano","url":"https:\/\/expressometro.mx\/","logo":{"@type":"ImageObject","inLanguage":"es","@id":"https:\/\/expressometro.mx\/#\/schema\/logo\/image\/","url":"https:\/\/expressometro.mx\/wp-content\/uploads\/2019\/07\/cropped-Logo-Expresso-Metropolitano-1-1.jpeg","contentUrl":"https:\/\/expressometro.mx\/wp-content\/uploads\/2019\/07\/cropped-Logo-Expresso-Metropolitano-1-1.jpeg","width":290,"height":73,"caption":"Expresso Metropolitano"},"image":{"@id":"https:\/\/expressometro.mx\/#\/schema\/logo\/image\/"}},{"@type":"Person","@id":"https:\/\/expressometro.mx\/#\/schema\/person\/67a95b8e3862085c7598f66237488f1f","name":"Cecilia Vega","image":{"@type":"ImageObject","inLanguage":"es","@id":"https:\/\/secure.gravatar.com\/avatar\/13aae9944ab2ee472a9e407c9487fdbd03b049abaa559af32fe5dbcf615c981b?s=96&d=mm&r=g","url":"https:\/\/secure.gravatar.com\/avatar\/13aae9944ab2ee472a9e407c9487fdbd03b049abaa559af32fe5dbcf615c981b?s=96&d=mm&r=g","contentUrl":"https:\/\/secure.gravatar.com\/avatar\/13aae9944ab2ee472a9e407c9487fdbd03b049abaa559af32fe5dbcf615c981b?s=96&d=mm&r=g","caption":"Cecilia Vega"},"url":"https:\/\/expressometro.mx\/index.php\/author\/cecilia-vega\/"}]}},"amp_enabled":true,"_links":{"self":[{"href":"https:\/\/expressometro.mx\/index.php\/wp-json\/wp\/v2\/posts\/4319","targetHints":{"allow":["GET"]}}],"collection":[{"href":"https:\/\/expressometro.mx\/index.php\/wp-json\/wp\/v2\/posts"}],"about":[{"href":"https:\/\/expressometro.mx\/index.php\/wp-json\/wp\/v2\/types\/post"}],"author":[{"embeddable":true,"href":"https:\/\/expressometro.mx\/index.php\/wp-json\/wp\/v2\/users\/2"}],"replies":[{"embeddable":true,"href":"https:\/\/expressometro.mx\/index.php\/wp-json\/wp\/v2\/comments?post=4319"}],"version-history":[{"count":1,"href":"https:\/\/expressometro.mx\/index.php\/wp-json\/wp\/v2\/posts\/4319\/revisions"}],"predecessor-version":[{"id":4325,"href":"https:\/\/expressometro.mx\/index.php\/wp-json\/wp\/v2\/posts\/4319\/revisions\/4325"}],"wp:featuredmedia":[{"embeddable":true,"href":"https:\/\/expressometro.mx\/index.php\/wp-json\/wp\/v2\/media\/4321"}],"wp:attachment":[{"href":"https:\/\/expressometro.mx\/index.php\/wp-json\/wp\/v2\/media?parent=4319"}],"wp:term":[{"taxonomy":"category","embeddable":true,"href":"https:\/\/expressometro.mx\/index.php\/wp-json\/wp\/v2\/categories?post=4319"},{"taxonomy":"post_tag","embeddable":true,"href":"https:\/\/expressometro.mx\/index.php\/wp-json\/wp\/v2\/tags?post=4319"}],"curies":[{"name":"wp","href":"https:\/\/api.w.org\/{rel}","templated":true}]}}