{"id":4291,"date":"2021-11-08T14:23:00","date_gmt":"2021-11-08T20:23:00","guid":{"rendered":"https:\/\/expressometro.mx\/?p=4291"},"modified":"2021-11-10T14:25:28","modified_gmt":"2021-11-10T20:25:28","slug":"inaugura-mario-santana-casa-de-atencion-ciudadana-en-villa-victoria","status":"publish","type":"post","link":"https:\/\/expressometro.mx\/index.php\/2021\/11\/08\/inaugura-mario-santana-casa-de-atencion-ciudadana-en-villa-victoria\/","title":{"rendered":"Inaugura Mario Santana Casa de Atenci\u00f3n Ciudadana en Villa Victoria"},"content":{"rendered":"\n<p>Para mantener la cercan\u00eda con la poblaci\u00f3n y atender de primera mano sus demandas, el diputado Mario Santana Carbajal, representante del d\u00e9cimo distrito electoral local con cabecera en Valle de Bravo, inaugur\u00f3 su Casa de Atenci\u00f3n Ciudadana en el municipio de Villa Victoria, donde se comprometi\u00f3 a recorrer los 12 municipios que representa para gestionar los recursos que contribuyan a resolver sus principales problem\u00e1ticas.<\/p>\n\n\n\n<p>Acompa\u00f1ado del legislador El\u00edas Rescala Jim\u00e9nez, coordinador parlamentario del PRI en el Congreso local, el legislador Mario Santana subray\u00f3 que, adem\u00e1s de su trabajo legislativo, enfocar\u00e1 sus esfuerzos en acciones coordinadas con alcaldesas y alcaldes electos de los municipios del distrito electoral para acompa\u00f1ar las causas que reclama la ciudadan\u00eda y comparti\u00f3 que en total tendr\u00e1 tres casas de atenci\u00f3n, dos m\u00e1s en Temascaltepec y Valle de Bravo.<\/p>\n\n\n\n<p>El legislador explic\u00f3 que gracias a las gestiones del diputado El\u00edas Rescala fue posible entregar apoyos sociales a personas de los municipios de Donato Guerra, Villa de Allende, Villa Victoria e Ixtapan del Oro, y le solicit\u00f3 hacer patente su agradecimiento al gobernador Alfredo del Mazo Maza.<\/p>\n\n\n\n<p>En presencia de Carmen Albarr\u00e1n Gabriel, Carlos Gonz\u00e1lez Berra y Javier Lujano Huerta, alcaldesa y alcaldes electos de Donato Guerra, Temascaltepec y Texcaltitl\u00e1n, respectivamente, el legislador El\u00edas Rescala destac\u00f3 el trabajo realizado por Mario Santana en sus primeros d\u00edas de gesti\u00f3n, mientras que el alcalde sustituto de Villa Victoria, Ra\u00fal Ascencio Pilar reconoci\u00f3 que esta Casa Ciudadana permitir\u00e1 a la poblaci\u00f3n mantener contacto con sus representantes en el Congreso local mexiquense.<\/p>\n\n\n\n<figure class=\"wp-block-gallery columns-1 is-cropped wp-block-gallery-1 is-layout-flex wp-block-gallery-is-layout-flex\"><ul class=\"blocks-gallery-grid\"><li class=\"blocks-gallery-item\"><figure><img decoding=\"async\" width=\"840\" height=\"432\" src=\"https:\/\/expressometro.mx\/wp-content\/uploads\/2021\/11\/WhatsApp-Image-2021-11-10-at-2.17.08-PM-2-840x432.jpeg\" alt=\"\" data-id=\"4292\" data-full-url=\"https:\/\/expressometro.mx\/wp-content\/uploads\/2021\/11\/WhatsApp-Image-2021-11-10-at-2.17.08-PM-2.jpeg\" data-link=\"https:\/\/expressometro.mx\/?attachment_id=4292\" class=\"wp-image-4292\" srcset=\"https:\/\/expressometro.mx\/wp-content\/uploads\/2021\/11\/WhatsApp-Image-2021-11-10-at-2.17.08-PM-2-840x432.jpeg 840w, https:\/\/expressometro.mx\/wp-content\/uploads\/2021\/11\/WhatsApp-Image-2021-11-10-at-2.17.08-PM-2-660x339.jpeg 660w, https:\/\/expressometro.mx\/wp-content\/uploads\/2021\/11\/WhatsApp-Image-2021-11-10-at-2.17.08-PM-2-768x395.jpeg 768w, https:\/\/expressometro.mx\/wp-content\/uploads\/2021\/11\/WhatsApp-Image-2021-11-10-at-2.17.08-PM-2-1536x789.jpeg 1536w, https:\/\/expressometro.mx\/wp-content\/uploads\/2021\/11\/WhatsApp-Image-2021-11-10-at-2.17.08-PM-2.jpeg 1600w\" sizes=\"(max-width: 840px) 100vw, 840px\" \/><\/figure><\/li><\/ul><\/figure>\n","protected":false},"excerpt":{"rendered":"<p>El legislador explic\u00f3 que gracias a las gestiones del diputado El\u00edas Rescala fue posible entregar apoyos sociales a personas de los municipios de Donato Guerra, Villa de Allende, Villa Victoria e Ixtapan del Oro, y le solicit\u00f3 hacer patente su agradecimiento al gobernador Alfredo del Mazo Maza.<\/p>\n","protected":false},"author":2,"featured_media":4293,"comment_status":"open","ping_status":"open","sticky":false,"template":"","format":"standard","meta":{"footnotes":""},"categories":[4,3],"tags":[1144,831,1078,158],"class_list":["post-4291","post","type-post","status-publish","format-standard","has-post-thumbnail","hentry","category-finanzas","category-gobierno","tag-casa-de-atencion-ciudadana","tag-elias-rescala","tag-mario-santana","tag-pri"],"yoast_head":"<!-- This site is optimized with the Yoast SEO plugin v27.5 - https:\/\/yoast.com\/product\/yoast-seo-wordpress\/ -->\n<title>Inaugura Mario Santana Casa de Atenci\u00f3n Ciudadana en Villa Victoria - Expresso Metropolitano<\/title>\n<meta name=\"robots\" content=\"index, follow, max-snippet:-1, max-image-preview:large, max-video-preview:-1\" \/>\n<link rel=\"canonical\" href=\"https:\/\/expressometro.mx\/index.php\/2021\/11\/08\/inaugura-mario-santana-casa-de-atencion-ciudadana-en-villa-victoria\/\" \/>\n<meta property=\"og:locale\" content=\"es_MX\" \/>\n<meta property=\"og:type\" content=\"article\" \/>\n<meta property=\"og:title\" content=\"Inaugura Mario Santana Casa de Atenci\u00f3n Ciudadana en Villa Victoria - Expresso Metropolitano\" \/>\n<meta property=\"og:description\" content=\"El legislador explic\u00f3 que gracias a las gestiones del diputado El\u00edas Rescala fue posible entregar apoyos sociales a personas de los municipios de Donato Guerra, Villa de Allende, Villa Victoria e Ixtapan del Oro, y le solicit\u00f3 hacer patente su agradecimiento al gobernador Alfredo del Mazo Maza.\" \/>\n<meta property=\"og:url\" content=\"https:\/\/expressometro.mx\/index.php\/2021\/11\/08\/inaugura-mario-santana-casa-de-atencion-ciudadana-en-villa-victoria\/\" \/>\n<meta property=\"og:site_name\" content=\"Expresso Metropolitano\" \/>\n<meta property=\"article:published_time\" content=\"2021-11-08T20:23:00+00:00\" \/>\n<meta property=\"article:modified_time\" content=\"2021-11-10T20:25:28+00:00\" \/>\n<meta property=\"og:image\" content=\"https:\/\/expressometro.mx\/wp-content\/uploads\/2021\/11\/WhatsApp-Image-2021-11-10-at-2.17.08-PM-1.jpeg\" \/>\n\t<meta property=\"og:image:width\" content=\"1600\" \/>\n\t<meta property=\"og:image:height\" content=\"1066\" \/>\n\t<meta property=\"og:image:type\" content=\"image\/jpeg\" \/>\n<meta name=\"author\" content=\"Cecilia Vega\" \/>\n<meta name=\"twitter:label1\" content=\"Escrito por\" \/>\n\t<meta name=\"twitter:data1\" content=\"Cecilia Vega\" \/>\n\t<meta name=\"twitter:label2\" content=\"Tiempo de lectura\" \/>\n\t<meta name=\"twitter:data2\" content=\"2 minutos\" \/>\n<script type=\"application\/ld+json\" class=\"yoast-schema-graph\">{\"@context\":\"https:\\\/\\\/schema.org\",\"@graph\":[{\"@type\":\"Article\",\"@id\":\"https:\\\/\\\/expressometro.mx\\\/index.php\\\/2021\\\/11\\\/08\\\/inaugura-mario-santana-casa-de-atencion-ciudadana-en-villa-victoria\\\/#article\",\"isPartOf\":{\"@id\":\"https:\\\/\\\/expressometro.mx\\\/index.php\\\/2021\\\/11\\\/08\\\/inaugura-mario-santana-casa-de-atencion-ciudadana-en-villa-victoria\\\/\"},\"author\":{\"name\":\"Cecilia Vega\",\"@id\":\"https:\\\/\\\/expressometro.mx\\\/#\\\/schema\\\/person\\\/67a95b8e3862085c7598f66237488f1f\"},\"headline\":\"Inaugura Mario Santana Casa de Atenci\u00f3n Ciudadana en Villa Victoria\",\"datePublished\":\"2021-11-08T20:23:00+00:00\",\"dateModified\":\"2021-11-10T20:25:28+00:00\",\"mainEntityOfPage\":{\"@id\":\"https:\\\/\\\/expressometro.mx\\\/index.php\\\/2021\\\/11\\\/08\\\/inaugura-mario-santana-casa-de-atencion-ciudadana-en-villa-victoria\\\/\"},\"wordCount\":282,\"commentCount\":0,\"publisher\":{\"@id\":\"https:\\\/\\\/expressometro.mx\\\/#organization\"},\"image\":{\"@id\":\"https:\\\/\\\/expressometro.mx\\\/index.php\\\/2021\\\/11\\\/08\\\/inaugura-mario-santana-casa-de-atencion-ciudadana-en-villa-victoria\\\/#primaryimage\"},\"thumbnailUrl\":\"https:\\\/\\\/expressometro.mx\\\/wp-content\\\/uploads\\\/2021\\\/11\\\/WhatsApp-Image-2021-11-10-at-2.17.08-PM-1.jpeg\",\"keywords\":[\"Casa de Atenci\u00f3n Ciudadana\",\"El\u00edas Rescala\",\"Mario Santana\",\"PRI\"],\"articleSection\":[\"Finanzas\",\"Gobierno\"],\"inLanguage\":\"es\",\"potentialAction\":[{\"@type\":\"CommentAction\",\"name\":\"Comment\",\"target\":[\"https:\\\/\\\/expressometro.mx\\\/index.php\\\/2021\\\/11\\\/08\\\/inaugura-mario-santana-casa-de-atencion-ciudadana-en-villa-victoria\\\/#respond\"]}]},{\"@type\":\"WebPage\",\"@id\":\"https:\\\/\\\/expressometro.mx\\\/index.php\\\/2021\\\/11\\\/08\\\/inaugura-mario-santana-casa-de-atencion-ciudadana-en-villa-victoria\\\/\",\"url\":\"https:\\\/\\\/expressometro.mx\\\/index.php\\\/2021\\\/11\\\/08\\\/inaugura-mario-santana-casa-de-atencion-ciudadana-en-villa-victoria\\\/\",\"name\":\"Inaugura Mario Santana Casa de Atenci\u00f3n Ciudadana en Villa Victoria - Expresso Metropolitano\",\"isPartOf\":{\"@id\":\"https:\\\/\\\/expressometro.mx\\\/#website\"},\"primaryImageOfPage\":{\"@id\":\"https:\\\/\\\/expressometro.mx\\\/index.php\\\/2021\\\/11\\\/08\\\/inaugura-mario-santana-casa-de-atencion-ciudadana-en-villa-victoria\\\/#primaryimage\"},\"image\":{\"@id\":\"https:\\\/\\\/expressometro.mx\\\/index.php\\\/2021\\\/11\\\/08\\\/inaugura-mario-santana-casa-de-atencion-ciudadana-en-villa-victoria\\\/#primaryimage\"},\"thumbnailUrl\":\"https:\\\/\\\/expressometro.mx\\\/wp-content\\\/uploads\\\/2021\\\/11\\\/WhatsApp-Image-2021-11-10-at-2.17.08-PM-1.jpeg\",\"datePublished\":\"2021-11-08T20:23:00+00:00\",\"dateModified\":\"2021-11-10T20:25:28+00:00\",\"breadcrumb\":{\"@id\":\"https:\\\/\\\/expressometro.mx\\\/index.php\\\/2021\\\/11\\\/08\\\/inaugura-mario-santana-casa-de-atencion-ciudadana-en-villa-victoria\\\/#breadcrumb\"},\"inLanguage\":\"es\",\"potentialAction\":[{\"@type\":\"ReadAction\",\"target\":[\"https:\\\/\\\/expressometro.mx\\\/index.php\\\/2021\\\/11\\\/08\\\/inaugura-mario-santana-casa-de-atencion-ciudadana-en-villa-victoria\\\/\"]}]},{\"@type\":\"ImageObject\",\"inLanguage\":\"es\",\"@id\":\"https:\\\/\\\/expressometro.mx\\\/index.php\\\/2021\\\/11\\\/08\\\/inaugura-mario-santana-casa-de-atencion-ciudadana-en-villa-victoria\\\/#primaryimage\",\"url\":\"https:\\\/\\\/expressometro.mx\\\/wp-content\\\/uploads\\\/2021\\\/11\\\/WhatsApp-Image-2021-11-10-at-2.17.08-PM-1.jpeg\",\"contentUrl\":\"https:\\\/\\\/expressometro.mx\\\/wp-content\\\/uploads\\\/2021\\\/11\\\/WhatsApp-Image-2021-11-10-at-2.17.08-PM-1.jpeg\",\"width\":1600,\"height\":1066},{\"@type\":\"BreadcrumbList\",\"@id\":\"https:\\\/\\\/expressometro.mx\\\/index.php\\\/2021\\\/11\\\/08\\\/inaugura-mario-santana-casa-de-atencion-ciudadana-en-villa-victoria\\\/#breadcrumb\",\"itemListElement\":[{\"@type\":\"ListItem\",\"position\":1,\"name\":\"Inicio\",\"item\":\"https:\\\/\\\/expressometro.mx\\\/\"},{\"@type\":\"ListItem\",\"position\":2,\"name\":\"Inaugura Mario Santana Casa de Atenci\u00f3n Ciudadana en Villa Victoria\"}]},{\"@type\":\"WebSite\",\"@id\":\"https:\\\/\\\/expressometro.mx\\\/#website\",\"url\":\"https:\\\/\\\/expressometro.mx\\\/\",\"name\":\"Expresso Metropolitano\",\"description\":\"Periodismo comprometido, informaci\u00f3n, investigaci\u00f3n y an\u00e1lisis\",\"publisher\":{\"@id\":\"https:\\\/\\\/expressometro.mx\\\/#organization\"},\"potentialAction\":[{\"@type\":\"SearchAction\",\"target\":{\"@type\":\"EntryPoint\",\"urlTemplate\":\"https:\\\/\\\/expressometro.mx\\\/?s={search_term_string}\"},\"query-input\":{\"@type\":\"PropertyValueSpecification\",\"valueRequired\":true,\"valueName\":\"search_term_string\"}}],\"inLanguage\":\"es\"},{\"@type\":\"Organization\",\"@id\":\"https:\\\/\\\/expressometro.mx\\\/#organization\",\"name\":\"Expresso Metropolitano\",\"url\":\"https:\\\/\\\/expressometro.mx\\\/\",\"logo\":{\"@type\":\"ImageObject\",\"inLanguage\":\"es\",\"@id\":\"https:\\\/\\\/expressometro.mx\\\/#\\\/schema\\\/logo\\\/image\\\/\",\"url\":\"https:\\\/\\\/expressometro.mx\\\/wp-content\\\/uploads\\\/2019\\\/07\\\/cropped-Logo-Expresso-Metropolitano-1-1.jpeg\",\"contentUrl\":\"https:\\\/\\\/expressometro.mx\\\/wp-content\\\/uploads\\\/2019\\\/07\\\/cropped-Logo-Expresso-Metropolitano-1-1.jpeg\",\"width\":290,\"height\":73,\"caption\":\"Expresso Metropolitano\"},\"image\":{\"@id\":\"https:\\\/\\\/expressometro.mx\\\/#\\\/schema\\\/logo\\\/image\\\/\"}},{\"@type\":\"Person\",\"@id\":\"https:\\\/\\\/expressometro.mx\\\/#\\\/schema\\\/person\\\/67a95b8e3862085c7598f66237488f1f\",\"name\":\"Cecilia Vega\",\"image\":{\"@type\":\"ImageObject\",\"inLanguage\":\"es\",\"@id\":\"https:\\\/\\\/secure.gravatar.com\\\/avatar\\\/13aae9944ab2ee472a9e407c9487fdbd03b049abaa559af32fe5dbcf615c981b?s=96&d=mm&r=g\",\"url\":\"https:\\\/\\\/secure.gravatar.com\\\/avatar\\\/13aae9944ab2ee472a9e407c9487fdbd03b049abaa559af32fe5dbcf615c981b?s=96&d=mm&r=g\",\"contentUrl\":\"https:\\\/\\\/secure.gravatar.com\\\/avatar\\\/13aae9944ab2ee472a9e407c9487fdbd03b049abaa559af32fe5dbcf615c981b?s=96&d=mm&r=g\",\"caption\":\"Cecilia Vega\"},\"url\":\"https:\\\/\\\/expressometro.mx\\\/index.php\\\/author\\\/cecilia-vega\\\/\"}]}<\/script>\n<!-- \/ Yoast SEO plugin. -->","yoast_head_json":{"title":"Inaugura Mario Santana Casa de Atenci\u00f3n Ciudadana en Villa Victoria - Expresso Metropolitano","robots":{"index":"index","follow":"follow","max-snippet":"max-snippet:-1","max-image-preview":"max-image-preview:large","max-video-preview":"max-video-preview:-1"},"canonical":"https:\/\/expressometro.mx\/index.php\/2021\/11\/08\/inaugura-mario-santana-casa-de-atencion-ciudadana-en-villa-victoria\/","og_locale":"es_MX","og_type":"article","og_title":"Inaugura Mario Santana Casa de Atenci\u00f3n Ciudadana en Villa Victoria - Expresso Metropolitano","og_description":"El legislador explic\u00f3 que gracias a las gestiones del diputado El\u00edas Rescala fue posible entregar apoyos sociales a personas de los municipios de Donato Guerra, Villa de Allende, Villa Victoria e Ixtapan del Oro, y le solicit\u00f3 hacer patente su agradecimiento al gobernador Alfredo del Mazo Maza.","og_url":"https:\/\/expressometro.mx\/index.php\/2021\/11\/08\/inaugura-mario-santana-casa-de-atencion-ciudadana-en-villa-victoria\/","og_site_name":"Expresso Metropolitano","article_published_time":"2021-11-08T20:23:00+00:00","article_modified_time":"2021-11-10T20:25:28+00:00","og_image":[{"width":1600,"height":1066,"url":"https:\/\/expressometro.mx\/wp-content\/uploads\/2021\/11\/WhatsApp-Image-2021-11-10-at-2.17.08-PM-1.jpeg","type":"image\/jpeg"}],"author":"Cecilia Vega","twitter_misc":{"Escrito por":"Cecilia Vega","Tiempo de lectura":"2 minutos"},"schema":{"@context":"https:\/\/schema.org","@graph":[{"@type":"Article","@id":"https:\/\/expressometro.mx\/index.php\/2021\/11\/08\/inaugura-mario-santana-casa-de-atencion-ciudadana-en-villa-victoria\/#article","isPartOf":{"@id":"https:\/\/expressometro.mx\/index.php\/2021\/11\/08\/inaugura-mario-santana-casa-de-atencion-ciudadana-en-villa-victoria\/"},"author":{"name":"Cecilia Vega","@id":"https:\/\/expressometro.mx\/#\/schema\/person\/67a95b8e3862085c7598f66237488f1f"},"headline":"Inaugura Mario Santana Casa de Atenci\u00f3n Ciudadana en Villa Victoria","datePublished":"2021-11-08T20:23:00+00:00","dateModified":"2021-11-10T20:25:28+00:00","mainEntityOfPage":{"@id":"https:\/\/expressometro.mx\/index.php\/2021\/11\/08\/inaugura-mario-santana-casa-de-atencion-ciudadana-en-villa-victoria\/"},"wordCount":282,"commentCount":0,"publisher":{"@id":"https:\/\/expressometro.mx\/#organization"},"image":{"@id":"https:\/\/expressometro.mx\/index.php\/2021\/11\/08\/inaugura-mario-santana-casa-de-atencion-ciudadana-en-villa-victoria\/#primaryimage"},"thumbnailUrl":"https:\/\/expressometro.mx\/wp-content\/uploads\/2021\/11\/WhatsApp-Image-2021-11-10-at-2.17.08-PM-1.jpeg","keywords":["Casa de Atenci\u00f3n Ciudadana","El\u00edas Rescala","Mario Santana","PRI"],"articleSection":["Finanzas","Gobierno"],"inLanguage":"es","potentialAction":[{"@type":"CommentAction","name":"Comment","target":["https:\/\/expressometro.mx\/index.php\/2021\/11\/08\/inaugura-mario-santana-casa-de-atencion-ciudadana-en-villa-victoria\/#respond"]}]},{"@type":"WebPage","@id":"https:\/\/expressometro.mx\/index.php\/2021\/11\/08\/inaugura-mario-santana-casa-de-atencion-ciudadana-en-villa-victoria\/","url":"https:\/\/expressometro.mx\/index.php\/2021\/11\/08\/inaugura-mario-santana-casa-de-atencion-ciudadana-en-villa-victoria\/","name":"Inaugura Mario Santana Casa de Atenci\u00f3n Ciudadana en Villa Victoria - Expresso Metropolitano","isPartOf":{"@id":"https:\/\/expressometro.mx\/#website"},"primaryImageOfPage":{"@id":"https:\/\/expressometro.mx\/index.php\/2021\/11\/08\/inaugura-mario-santana-casa-de-atencion-ciudadana-en-villa-victoria\/#primaryimage"},"image":{"@id":"https:\/\/expressometro.mx\/index.php\/2021\/11\/08\/inaugura-mario-santana-casa-de-atencion-ciudadana-en-villa-victoria\/#primaryimage"},"thumbnailUrl":"https:\/\/expressometro.mx\/wp-content\/uploads\/2021\/11\/WhatsApp-Image-2021-11-10-at-2.17.08-PM-1.jpeg","datePublished":"2021-11-08T20:23:00+00:00","dateModified":"2021-11-10T20:25:28+00:00","breadcrumb":{"@id":"https:\/\/expressometro.mx\/index.php\/2021\/11\/08\/inaugura-mario-santana-casa-de-atencion-ciudadana-en-villa-victoria\/#breadcrumb"},"inLanguage":"es","potentialAction":[{"@type":"ReadAction","target":["https:\/\/expressometro.mx\/index.php\/2021\/11\/08\/inaugura-mario-santana-casa-de-atencion-ciudadana-en-villa-victoria\/"]}]},{"@type":"ImageObject","inLanguage":"es","@id":"https:\/\/expressometro.mx\/index.php\/2021\/11\/08\/inaugura-mario-santana-casa-de-atencion-ciudadana-en-villa-victoria\/#primaryimage","url":"https:\/\/expressometro.mx\/wp-content\/uploads\/2021\/11\/WhatsApp-Image-2021-11-10-at-2.17.08-PM-1.jpeg","contentUrl":"https:\/\/expressometro.mx\/wp-content\/uploads\/2021\/11\/WhatsApp-Image-2021-11-10-at-2.17.08-PM-1.jpeg","width":1600,"height":1066},{"@type":"BreadcrumbList","@id":"https:\/\/expressometro.mx\/index.php\/2021\/11\/08\/inaugura-mario-santana-casa-de-atencion-ciudadana-en-villa-victoria\/#breadcrumb","itemListElement":[{"@type":"ListItem","position":1,"name":"Inicio","item":"https:\/\/expressometro.mx\/"},{"@type":"ListItem","position":2,"name":"Inaugura Mario Santana Casa de Atenci\u00f3n Ciudadana en Villa Victoria"}]},{"@type":"WebSite","@id":"https:\/\/expressometro.mx\/#website","url":"https:\/\/expressometro.mx\/","name":"Expresso Metropolitano","description":"Periodismo comprometido, informaci\u00f3n, investigaci\u00f3n y an\u00e1lisis","publisher":{"@id":"https:\/\/expressometro.mx\/#organization"},"potentialAction":[{"@type":"SearchAction","target":{"@type":"EntryPoint","urlTemplate":"https:\/\/expressometro.mx\/?s={search_term_string}"},"query-input":{"@type":"PropertyValueSpecification","valueRequired":true,"valueName":"search_term_string"}}],"inLanguage":"es"},{"@type":"Organization","@id":"https:\/\/expressometro.mx\/#organization","name":"Expresso Metropolitano","url":"https:\/\/expressometro.mx\/","logo":{"@type":"ImageObject","inLanguage":"es","@id":"https:\/\/expressometro.mx\/#\/schema\/logo\/image\/","url":"https:\/\/expressometro.mx\/wp-content\/uploads\/2019\/07\/cropped-Logo-Expresso-Metropolitano-1-1.jpeg","contentUrl":"https:\/\/expressometro.mx\/wp-content\/uploads\/2019\/07\/cropped-Logo-Expresso-Metropolitano-1-1.jpeg","width":290,"height":73,"caption":"Expresso Metropolitano"},"image":{"@id":"https:\/\/expressometro.mx\/#\/schema\/logo\/image\/"}},{"@type":"Person","@id":"https:\/\/expressometro.mx\/#\/schema\/person\/67a95b8e3862085c7598f66237488f1f","name":"Cecilia Vega","image":{"@type":"ImageObject","inLanguage":"es","@id":"https:\/\/secure.gravatar.com\/avatar\/13aae9944ab2ee472a9e407c9487fdbd03b049abaa559af32fe5dbcf615c981b?s=96&d=mm&r=g","url":"https:\/\/secure.gravatar.com\/avatar\/13aae9944ab2ee472a9e407c9487fdbd03b049abaa559af32fe5dbcf615c981b?s=96&d=mm&r=g","contentUrl":"https:\/\/secure.gravatar.com\/avatar\/13aae9944ab2ee472a9e407c9487fdbd03b049abaa559af32fe5dbcf615c981b?s=96&d=mm&r=g","caption":"Cecilia Vega"},"url":"https:\/\/expressometro.mx\/index.php\/author\/cecilia-vega\/"}]}},"amp_enabled":true,"_links":{"self":[{"href":"https:\/\/expressometro.mx\/index.php\/wp-json\/wp\/v2\/posts\/4291","targetHints":{"allow":["GET"]}}],"collection":[{"href":"https:\/\/expressometro.mx\/index.php\/wp-json\/wp\/v2\/posts"}],"about":[{"href":"https:\/\/expressometro.mx\/index.php\/wp-json\/wp\/v2\/types\/post"}],"author":[{"embeddable":true,"href":"https:\/\/expressometro.mx\/index.php\/wp-json\/wp\/v2\/users\/2"}],"replies":[{"embeddable":true,"href":"https:\/\/expressometro.mx\/index.php\/wp-json\/wp\/v2\/comments?post=4291"}],"version-history":[{"count":1,"href":"https:\/\/expressometro.mx\/index.php\/wp-json\/wp\/v2\/posts\/4291\/revisions"}],"predecessor-version":[{"id":4295,"href":"https:\/\/expressometro.mx\/index.php\/wp-json\/wp\/v2\/posts\/4291\/revisions\/4295"}],"wp:featuredmedia":[{"embeddable":true,"href":"https:\/\/expressometro.mx\/index.php\/wp-json\/wp\/v2\/media\/4293"}],"wp:attachment":[{"href":"https:\/\/expressometro.mx\/index.php\/wp-json\/wp\/v2\/media?parent=4291"}],"wp:term":[{"taxonomy":"category","embeddable":true,"href":"https:\/\/expressometro.mx\/index.php\/wp-json\/wp\/v2\/categories?post=4291"},{"taxonomy":"post_tag","embeddable":true,"href":"https:\/\/expressometro.mx\/index.php\/wp-json\/wp\/v2\/tags?post=4291"}],"curies":[{"name":"wp","href":"https:\/\/api.w.org\/{rel}","templated":true}]}}