{"id":4271,"date":"2021-11-09T14:07:00","date_gmt":"2021-11-09T20:07:00","guid":{"rendered":"https:\/\/expressometro.mx\/?p=4271"},"modified":"2021-11-10T14:10:12","modified_gmt":"2021-11-10T20:10:12","slug":"uaem-institucion-sensible-y-renovada-ante-los-retos-del-siglo-xxi-cebd","status":"publish","type":"post","link":"https:\/\/expressometro.mx\/index.php\/2021\/11\/09\/uaem-institucion-sensible-y-renovada-ante-los-retos-del-siglo-xxi-cebd\/","title":{"rendered":"UAEM, instituci\u00f3n sensible y renovada ante los retos del siglo XXI: CEBD"},"content":{"rendered":"\n<p>Toluca, M\u00e9x; 09 de noviembre de 2021. El compromiso de la Administraci\u00f3n 2021-2025 de la Universidad Aut\u00f3noma del Estado de M\u00e9xico (UAEM) es escuchar y atender las necesidades de la comunidad universitaria, sostuvo el rector Carlos Eduardo Barrera D\u00edaz, al presidir la ceremonia conmemorativa al 44 aniversario de la Licenciatura en Antropolog\u00eda Social.<\/p>\n\n\n\n<p>Detall\u00f3 que se ha avanzado en trabajos de infraestructura en la Facultad de Antropolog\u00eda como la ampliaci\u00f3n del Edificio A, consistente en la construcci\u00f3n de tres aulas y cubierta de acero. Del mismo modo, se adquiri\u00f3 un hidroneum\u00e1tico que mejorar\u00e1 la presi\u00f3n de agua en los edificios.<\/p>\n\n\n\n<p>Abund\u00f3 que se reemplaz\u00f3 el domo de policarbonato por un techo de teja y se instalaron dos rellenadores de agua, con lo cual se atiende la sustentabilidad y reducci\u00f3n del uso y contaminaci\u00f3n por pl\u00e1stico como el PET.<\/p>\n\n\n\n<p>El rector Carlos Eduardo Barrera mencion\u00f3 que la antropolog\u00eda es sensible ante los cambios que el mundo experimenta en la actualidad y ofrece una renovada perspectiva en el siglo XXI. \u201cPara el antrop\u00f3logo la diversidad provee el marco de referencia a trav\u00e9s del cual busca comprender cualquier aspecto de la experiencia humana\u201d.<\/p>\n\n\n\n<p>La encargada de la direcci\u00f3n de la Facultad de Antropolog\u00eda, Mireya N\u00fa\u00f1ez Mart\u00ednez, enfatiz\u00f3 que la Licenciatura en Antropolog\u00eda Social mantiene su pertinencia en la coyuntura actual.<\/p>\n\n\n\n<p>\u201cBuscamos cubrir las expectativas de la sociedad como preservar y difundir la cultura, el patrimonio y la identidad de las sociedades, a trav\u00e9s de la investigaci\u00f3n, la docencia y la difusi\u00f3n\u201d.<\/p>\n\n\n\n<p>En su oportunidad, el cronista de este organismo acad\u00e9mico, H\u00e9ctor Hern\u00e1ndez Rosales, refiri\u00f3 que en 1977 iniciaron los cursos antropol\u00f3gicos en la Facultad de Humanidades y fue hasta 1987 cuando se cre\u00f3 la Escuela de Antropolog\u00eda en el Campus \u201cLos Uribe\u201d.<\/p>\n\n\n\n<p>Indic\u00f3 que en 1991 la Escuela se traslad\u00f3 a su ubicaci\u00f3n actual en el Campus \u201cCol\u00f3n\u201d, donde comparti\u00f3 espacios con la Facultad de Planeaci\u00f3n Urbana y Regional. En 1995 se transform\u00f3 en Facultad de Antropolog\u00eda y en 1995 se formaliz\u00f3 este espacio exclusivo para dichos estudios.<\/p>\n\n\n\n<p>En el marco de esta ceremonia se entregaron reconocimientos a estudiantes con los mejores promedios de licenciatura y maestr\u00eda, as\u00ed como la Presea \u201cIgnacio Manuel Altamirano Basilio\u201d; asimismo, se entregaron reconocimientos a docentes y personal administrativo, por su compromiso y dedicaci\u00f3n al servicio de este espacio universitario.<\/p>\n\n\n\n<figure class=\"wp-block-gallery columns-3 is-cropped wp-block-gallery-1 is-layout-flex wp-block-gallery-is-layout-flex\"><ul class=\"blocks-gallery-grid\"><li class=\"blocks-gallery-item\"><figure><img decoding=\"async\" width=\"720\" height=\"480\" src=\"https:\/\/expressometro.mx\/wp-content\/uploads\/2021\/11\/WhatsApp-Image-2021-11-09-at-9.55.35-PM-720x480.jpeg\" alt=\"\" data-id=\"4273\" data-link=\"https:\/\/expressometro.mx\/?attachment_id=4273\" class=\"wp-image-4273\" srcset=\"https:\/\/expressometro.mx\/wp-content\/uploads\/2021\/11\/WhatsApp-Image-2021-11-09-at-9.55.35-PM-720x480.jpeg 720w, https:\/\/expressometro.mx\/wp-content\/uploads\/2021\/11\/WhatsApp-Image-2021-11-09-at-9.55.35-PM-548x365.jpeg 548w, https:\/\/expressometro.mx\/wp-content\/uploads\/2021\/11\/WhatsApp-Image-2021-11-09-at-9.55.35-PM-768x512.jpeg 768w, https:\/\/expressometro.mx\/wp-content\/uploads\/2021\/11\/WhatsApp-Image-2021-11-09-at-9.55.35-PM.jpeg 960w\" sizes=\"(max-width: 720px) 100vw, 720px\" \/><\/figure><\/li><li class=\"blocks-gallery-item\"><figure><img decoding=\"async\" width=\"720\" height=\"480\" src=\"https:\/\/expressometro.mx\/wp-content\/uploads\/2021\/11\/WhatsApp-Image-2021-11-09-at-9.55.35-PM-1-720x480.jpeg\" alt=\"\" data-id=\"4274\" data-link=\"https:\/\/expressometro.mx\/?attachment_id=4274\" class=\"wp-image-4274\" srcset=\"https:\/\/expressometro.mx\/wp-content\/uploads\/2021\/11\/WhatsApp-Image-2021-11-09-at-9.55.35-PM-1-720x480.jpeg 720w, https:\/\/expressometro.mx\/wp-content\/uploads\/2021\/11\/WhatsApp-Image-2021-11-09-at-9.55.35-PM-1-548x365.jpeg 548w, https:\/\/expressometro.mx\/wp-content\/uploads\/2021\/11\/WhatsApp-Image-2021-11-09-at-9.55.35-PM-1-768x512.jpeg 768w, https:\/\/expressometro.mx\/wp-content\/uploads\/2021\/11\/WhatsApp-Image-2021-11-09-at-9.55.35-PM-1.jpeg 960w\" sizes=\"(max-width: 720px) 100vw, 720px\" \/><\/figure><\/li><li class=\"blocks-gallery-item\"><figure><img decoding=\"async\" width=\"720\" height=\"480\" src=\"https:\/\/expressometro.mx\/wp-content\/uploads\/2021\/11\/WhatsApp-Image-2021-11-09-at-9.55.36-PM-720x480.jpeg\" alt=\"\" data-id=\"4275\" data-full-url=\"https:\/\/expressometro.mx\/wp-content\/uploads\/2021\/11\/WhatsApp-Image-2021-11-09-at-9.55.36-PM.jpeg\" data-link=\"https:\/\/expressometro.mx\/?attachment_id=4275\" class=\"wp-image-4275\" srcset=\"https:\/\/expressometro.mx\/wp-content\/uploads\/2021\/11\/WhatsApp-Image-2021-11-09-at-9.55.36-PM-720x480.jpeg 720w, https:\/\/expressometro.mx\/wp-content\/uploads\/2021\/11\/WhatsApp-Image-2021-11-09-at-9.55.36-PM-548x365.jpeg 548w, https:\/\/expressometro.mx\/wp-content\/uploads\/2021\/11\/WhatsApp-Image-2021-11-09-at-9.55.36-PM-768x512.jpeg 768w, https:\/\/expressometro.mx\/wp-content\/uploads\/2021\/11\/WhatsApp-Image-2021-11-09-at-9.55.36-PM.jpeg 960w\" sizes=\"(max-width: 720px) 100vw, 720px\" \/><\/figure><\/li><\/ul><\/figure>\n","protected":false},"excerpt":{"rendered":"<p>Al presidir la ceremonia conmemorativa al 44 aniversario de la Licenciatura en Antropolog\u00eda Social, el rector Carlos Eduardo Barrera D\u00edaz, mencion\u00f3 que el compromiso de esta administraci\u00f3n es escuchar y atender las necesidades de la comunidad universitaria. <\/p>\n","protected":false},"author":2,"featured_media":4276,"comment_status":"open","ping_status":"open","sticky":false,"template":"","format":"standard","meta":{"footnotes":""},"categories":[108],"tags":[313,82],"class_list":["post-4271","post","type-post","status-publish","format-standard","has-post-thumbnail","hentry","category-educacion","tag-carlos-eduardo-barrera-diaz","tag-uaemex"],"yoast_head":"<!-- This site is optimized with the Yoast SEO plugin v27.5 - https:\/\/yoast.com\/product\/yoast-seo-wordpress\/ -->\n<title>UAEM, instituci\u00f3n sensible y renovada ante los retos del siglo XXI: CEBD - Expresso Metropolitano<\/title>\n<meta name=\"robots\" content=\"index, follow, max-snippet:-1, max-image-preview:large, max-video-preview:-1\" \/>\n<link rel=\"canonical\" href=\"https:\/\/expressometro.mx\/index.php\/2021\/11\/09\/uaem-institucion-sensible-y-renovada-ante-los-retos-del-siglo-xxi-cebd\/\" \/>\n<meta property=\"og:locale\" content=\"es_MX\" \/>\n<meta property=\"og:type\" content=\"article\" \/>\n<meta property=\"og:title\" content=\"UAEM, instituci\u00f3n sensible y renovada ante los retos del siglo XXI: CEBD - Expresso Metropolitano\" \/>\n<meta property=\"og:description\" content=\"Al presidir la ceremonia conmemorativa al 44 aniversario de la Licenciatura en Antropolog\u00eda Social, el rector Carlos Eduardo Barrera D\u00edaz, mencion\u00f3 que el compromiso de esta administraci\u00f3n es escuchar y atender las necesidades de la comunidad universitaria.\" \/>\n<meta property=\"og:url\" content=\"https:\/\/expressometro.mx\/index.php\/2021\/11\/09\/uaem-institucion-sensible-y-renovada-ante-los-retos-del-siglo-xxi-cebd\/\" \/>\n<meta property=\"og:site_name\" content=\"Expresso Metropolitano\" \/>\n<meta property=\"article:published_time\" content=\"2021-11-09T20:07:00+00:00\" \/>\n<meta property=\"article:modified_time\" content=\"2021-11-10T20:10:12+00:00\" \/>\n<meta property=\"og:image\" content=\"https:\/\/expressometro.mx\/wp-content\/uploads\/2021\/11\/WhatsApp-Image-2021-11-09-at-9.55.34-PM.jpeg\" \/>\n\t<meta property=\"og:image:width\" content=\"960\" \/>\n\t<meta property=\"og:image:height\" content=\"640\" \/>\n\t<meta property=\"og:image:type\" content=\"image\/jpeg\" \/>\n<meta name=\"author\" content=\"Cecilia Vega\" \/>\n<meta name=\"twitter:label1\" content=\"Escrito por\" \/>\n\t<meta name=\"twitter:data1\" content=\"Cecilia Vega\" \/>\n\t<meta name=\"twitter:label2\" content=\"Tiempo de lectura\" \/>\n\t<meta name=\"twitter:data2\" content=\"3 minutos\" \/>\n<script type=\"application\/ld+json\" class=\"yoast-schema-graph\">{\"@context\":\"https:\\\/\\\/schema.org\",\"@graph\":[{\"@type\":\"Article\",\"@id\":\"https:\\\/\\\/expressometro.mx\\\/index.php\\\/2021\\\/11\\\/09\\\/uaem-institucion-sensible-y-renovada-ante-los-retos-del-siglo-xxi-cebd\\\/#article\",\"isPartOf\":{\"@id\":\"https:\\\/\\\/expressometro.mx\\\/index.php\\\/2021\\\/11\\\/09\\\/uaem-institucion-sensible-y-renovada-ante-los-retos-del-siglo-xxi-cebd\\\/\"},\"author\":{\"name\":\"Cecilia Vega\",\"@id\":\"https:\\\/\\\/expressometro.mx\\\/#\\\/schema\\\/person\\\/67a95b8e3862085c7598f66237488f1f\"},\"headline\":\"UAEM, instituci\u00f3n sensible y renovada ante los retos del siglo XXI: CEBD\",\"datePublished\":\"2021-11-09T20:07:00+00:00\",\"dateModified\":\"2021-11-10T20:10:12+00:00\",\"mainEntityOfPage\":{\"@id\":\"https:\\\/\\\/expressometro.mx\\\/index.php\\\/2021\\\/11\\\/09\\\/uaem-institucion-sensible-y-renovada-ante-los-retos-del-siglo-xxi-cebd\\\/\"},\"wordCount\":423,\"commentCount\":0,\"publisher\":{\"@id\":\"https:\\\/\\\/expressometro.mx\\\/#organization\"},\"image\":{\"@id\":\"https:\\\/\\\/expressometro.mx\\\/index.php\\\/2021\\\/11\\\/09\\\/uaem-institucion-sensible-y-renovada-ante-los-retos-del-siglo-xxi-cebd\\\/#primaryimage\"},\"thumbnailUrl\":\"https:\\\/\\\/expressometro.mx\\\/wp-content\\\/uploads\\\/2021\\\/11\\\/WhatsApp-Image-2021-11-09-at-9.55.34-PM.jpeg\",\"keywords\":[\"Carlos Eduardo Barrera D\u00edaz\",\"UAEMex\"],\"articleSection\":[\"Educaci\u00f3n\"],\"inLanguage\":\"es\",\"potentialAction\":[{\"@type\":\"CommentAction\",\"name\":\"Comment\",\"target\":[\"https:\\\/\\\/expressometro.mx\\\/index.php\\\/2021\\\/11\\\/09\\\/uaem-institucion-sensible-y-renovada-ante-los-retos-del-siglo-xxi-cebd\\\/#respond\"]}]},{\"@type\":\"WebPage\",\"@id\":\"https:\\\/\\\/expressometro.mx\\\/index.php\\\/2021\\\/11\\\/09\\\/uaem-institucion-sensible-y-renovada-ante-los-retos-del-siglo-xxi-cebd\\\/\",\"url\":\"https:\\\/\\\/expressometro.mx\\\/index.php\\\/2021\\\/11\\\/09\\\/uaem-institucion-sensible-y-renovada-ante-los-retos-del-siglo-xxi-cebd\\\/\",\"name\":\"UAEM, instituci\u00f3n sensible y renovada ante los retos del siglo XXI: CEBD - Expresso Metropolitano\",\"isPartOf\":{\"@id\":\"https:\\\/\\\/expressometro.mx\\\/#website\"},\"primaryImageOfPage\":{\"@id\":\"https:\\\/\\\/expressometro.mx\\\/index.php\\\/2021\\\/11\\\/09\\\/uaem-institucion-sensible-y-renovada-ante-los-retos-del-siglo-xxi-cebd\\\/#primaryimage\"},\"image\":{\"@id\":\"https:\\\/\\\/expressometro.mx\\\/index.php\\\/2021\\\/11\\\/09\\\/uaem-institucion-sensible-y-renovada-ante-los-retos-del-siglo-xxi-cebd\\\/#primaryimage\"},\"thumbnailUrl\":\"https:\\\/\\\/expressometro.mx\\\/wp-content\\\/uploads\\\/2021\\\/11\\\/WhatsApp-Image-2021-11-09-at-9.55.34-PM.jpeg\",\"datePublished\":\"2021-11-09T20:07:00+00:00\",\"dateModified\":\"2021-11-10T20:10:12+00:00\",\"breadcrumb\":{\"@id\":\"https:\\\/\\\/expressometro.mx\\\/index.php\\\/2021\\\/11\\\/09\\\/uaem-institucion-sensible-y-renovada-ante-los-retos-del-siglo-xxi-cebd\\\/#breadcrumb\"},\"inLanguage\":\"es\",\"potentialAction\":[{\"@type\":\"ReadAction\",\"target\":[\"https:\\\/\\\/expressometro.mx\\\/index.php\\\/2021\\\/11\\\/09\\\/uaem-institucion-sensible-y-renovada-ante-los-retos-del-siglo-xxi-cebd\\\/\"]}]},{\"@type\":\"ImageObject\",\"inLanguage\":\"es\",\"@id\":\"https:\\\/\\\/expressometro.mx\\\/index.php\\\/2021\\\/11\\\/09\\\/uaem-institucion-sensible-y-renovada-ante-los-retos-del-siglo-xxi-cebd\\\/#primaryimage\",\"url\":\"https:\\\/\\\/expressometro.mx\\\/wp-content\\\/uploads\\\/2021\\\/11\\\/WhatsApp-Image-2021-11-09-at-9.55.34-PM.jpeg\",\"contentUrl\":\"https:\\\/\\\/expressometro.mx\\\/wp-content\\\/uploads\\\/2021\\\/11\\\/WhatsApp-Image-2021-11-09-at-9.55.34-PM.jpeg\",\"width\":960,\"height\":640},{\"@type\":\"BreadcrumbList\",\"@id\":\"https:\\\/\\\/expressometro.mx\\\/index.php\\\/2021\\\/11\\\/09\\\/uaem-institucion-sensible-y-renovada-ante-los-retos-del-siglo-xxi-cebd\\\/#breadcrumb\",\"itemListElement\":[{\"@type\":\"ListItem\",\"position\":1,\"name\":\"Inicio\",\"item\":\"https:\\\/\\\/expressometro.mx\\\/\"},{\"@type\":\"ListItem\",\"position\":2,\"name\":\"UAEM, instituci\u00f3n sensible y renovada ante los retos del siglo XXI: CEBD\"}]},{\"@type\":\"WebSite\",\"@id\":\"https:\\\/\\\/expressometro.mx\\\/#website\",\"url\":\"https:\\\/\\\/expressometro.mx\\\/\",\"name\":\"Expresso Metropolitano\",\"description\":\"Periodismo comprometido, informaci\u00f3n, investigaci\u00f3n y an\u00e1lisis\",\"publisher\":{\"@id\":\"https:\\\/\\\/expressometro.mx\\\/#organization\"},\"potentialAction\":[{\"@type\":\"SearchAction\",\"target\":{\"@type\":\"EntryPoint\",\"urlTemplate\":\"https:\\\/\\\/expressometro.mx\\\/?s={search_term_string}\"},\"query-input\":{\"@type\":\"PropertyValueSpecification\",\"valueRequired\":true,\"valueName\":\"search_term_string\"}}],\"inLanguage\":\"es\"},{\"@type\":\"Organization\",\"@id\":\"https:\\\/\\\/expressometro.mx\\\/#organization\",\"name\":\"Expresso Metropolitano\",\"url\":\"https:\\\/\\\/expressometro.mx\\\/\",\"logo\":{\"@type\":\"ImageObject\",\"inLanguage\":\"es\",\"@id\":\"https:\\\/\\\/expressometro.mx\\\/#\\\/schema\\\/logo\\\/image\\\/\",\"url\":\"https:\\\/\\\/expressometro.mx\\\/wp-content\\\/uploads\\\/2019\\\/07\\\/cropped-Logo-Expresso-Metropolitano-1-1.jpeg\",\"contentUrl\":\"https:\\\/\\\/expressometro.mx\\\/wp-content\\\/uploads\\\/2019\\\/07\\\/cropped-Logo-Expresso-Metropolitano-1-1.jpeg\",\"width\":290,\"height\":73,\"caption\":\"Expresso Metropolitano\"},\"image\":{\"@id\":\"https:\\\/\\\/expressometro.mx\\\/#\\\/schema\\\/logo\\\/image\\\/\"}},{\"@type\":\"Person\",\"@id\":\"https:\\\/\\\/expressometro.mx\\\/#\\\/schema\\\/person\\\/67a95b8e3862085c7598f66237488f1f\",\"name\":\"Cecilia Vega\",\"image\":{\"@type\":\"ImageObject\",\"inLanguage\":\"es\",\"@id\":\"https:\\\/\\\/secure.gravatar.com\\\/avatar\\\/13aae9944ab2ee472a9e407c9487fdbd03b049abaa559af32fe5dbcf615c981b?s=96&d=mm&r=g\",\"url\":\"https:\\\/\\\/secure.gravatar.com\\\/avatar\\\/13aae9944ab2ee472a9e407c9487fdbd03b049abaa559af32fe5dbcf615c981b?s=96&d=mm&r=g\",\"contentUrl\":\"https:\\\/\\\/secure.gravatar.com\\\/avatar\\\/13aae9944ab2ee472a9e407c9487fdbd03b049abaa559af32fe5dbcf615c981b?s=96&d=mm&r=g\",\"caption\":\"Cecilia Vega\"},\"url\":\"https:\\\/\\\/expressometro.mx\\\/index.php\\\/author\\\/cecilia-vega\\\/\"}]}<\/script>\n<!-- \/ Yoast SEO plugin. -->","yoast_head_json":{"title":"UAEM, instituci\u00f3n sensible y renovada ante los retos del siglo XXI: CEBD - Expresso Metropolitano","robots":{"index":"index","follow":"follow","max-snippet":"max-snippet:-1","max-image-preview":"max-image-preview:large","max-video-preview":"max-video-preview:-1"},"canonical":"https:\/\/expressometro.mx\/index.php\/2021\/11\/09\/uaem-institucion-sensible-y-renovada-ante-los-retos-del-siglo-xxi-cebd\/","og_locale":"es_MX","og_type":"article","og_title":"UAEM, instituci\u00f3n sensible y renovada ante los retos del siglo XXI: CEBD - Expresso Metropolitano","og_description":"Al presidir la ceremonia conmemorativa al 44 aniversario de la Licenciatura en Antropolog\u00eda Social, el rector Carlos Eduardo Barrera D\u00edaz, mencion\u00f3 que el compromiso de esta administraci\u00f3n es escuchar y atender las necesidades de la comunidad universitaria.","og_url":"https:\/\/expressometro.mx\/index.php\/2021\/11\/09\/uaem-institucion-sensible-y-renovada-ante-los-retos-del-siglo-xxi-cebd\/","og_site_name":"Expresso Metropolitano","article_published_time":"2021-11-09T20:07:00+00:00","article_modified_time":"2021-11-10T20:10:12+00:00","og_image":[{"width":960,"height":640,"url":"https:\/\/expressometro.mx\/wp-content\/uploads\/2021\/11\/WhatsApp-Image-2021-11-09-at-9.55.34-PM.jpeg","type":"image\/jpeg"}],"author":"Cecilia Vega","twitter_misc":{"Escrito por":"Cecilia Vega","Tiempo de lectura":"3 minutos"},"schema":{"@context":"https:\/\/schema.org","@graph":[{"@type":"Article","@id":"https:\/\/expressometro.mx\/index.php\/2021\/11\/09\/uaem-institucion-sensible-y-renovada-ante-los-retos-del-siglo-xxi-cebd\/#article","isPartOf":{"@id":"https:\/\/expressometro.mx\/index.php\/2021\/11\/09\/uaem-institucion-sensible-y-renovada-ante-los-retos-del-siglo-xxi-cebd\/"},"author":{"name":"Cecilia Vega","@id":"https:\/\/expressometro.mx\/#\/schema\/person\/67a95b8e3862085c7598f66237488f1f"},"headline":"UAEM, instituci\u00f3n sensible y renovada ante los retos del siglo XXI: CEBD","datePublished":"2021-11-09T20:07:00+00:00","dateModified":"2021-11-10T20:10:12+00:00","mainEntityOfPage":{"@id":"https:\/\/expressometro.mx\/index.php\/2021\/11\/09\/uaem-institucion-sensible-y-renovada-ante-los-retos-del-siglo-xxi-cebd\/"},"wordCount":423,"commentCount":0,"publisher":{"@id":"https:\/\/expressometro.mx\/#organization"},"image":{"@id":"https:\/\/expressometro.mx\/index.php\/2021\/11\/09\/uaem-institucion-sensible-y-renovada-ante-los-retos-del-siglo-xxi-cebd\/#primaryimage"},"thumbnailUrl":"https:\/\/expressometro.mx\/wp-content\/uploads\/2021\/11\/WhatsApp-Image-2021-11-09-at-9.55.34-PM.jpeg","keywords":["Carlos Eduardo Barrera D\u00edaz","UAEMex"],"articleSection":["Educaci\u00f3n"],"inLanguage":"es","potentialAction":[{"@type":"CommentAction","name":"Comment","target":["https:\/\/expressometro.mx\/index.php\/2021\/11\/09\/uaem-institucion-sensible-y-renovada-ante-los-retos-del-siglo-xxi-cebd\/#respond"]}]},{"@type":"WebPage","@id":"https:\/\/expressometro.mx\/index.php\/2021\/11\/09\/uaem-institucion-sensible-y-renovada-ante-los-retos-del-siglo-xxi-cebd\/","url":"https:\/\/expressometro.mx\/index.php\/2021\/11\/09\/uaem-institucion-sensible-y-renovada-ante-los-retos-del-siglo-xxi-cebd\/","name":"UAEM, instituci\u00f3n sensible y renovada ante los retos del siglo XXI: CEBD - Expresso Metropolitano","isPartOf":{"@id":"https:\/\/expressometro.mx\/#website"},"primaryImageOfPage":{"@id":"https:\/\/expressometro.mx\/index.php\/2021\/11\/09\/uaem-institucion-sensible-y-renovada-ante-los-retos-del-siglo-xxi-cebd\/#primaryimage"},"image":{"@id":"https:\/\/expressometro.mx\/index.php\/2021\/11\/09\/uaem-institucion-sensible-y-renovada-ante-los-retos-del-siglo-xxi-cebd\/#primaryimage"},"thumbnailUrl":"https:\/\/expressometro.mx\/wp-content\/uploads\/2021\/11\/WhatsApp-Image-2021-11-09-at-9.55.34-PM.jpeg","datePublished":"2021-11-09T20:07:00+00:00","dateModified":"2021-11-10T20:10:12+00:00","breadcrumb":{"@id":"https:\/\/expressometro.mx\/index.php\/2021\/11\/09\/uaem-institucion-sensible-y-renovada-ante-los-retos-del-siglo-xxi-cebd\/#breadcrumb"},"inLanguage":"es","potentialAction":[{"@type":"ReadAction","target":["https:\/\/expressometro.mx\/index.php\/2021\/11\/09\/uaem-institucion-sensible-y-renovada-ante-los-retos-del-siglo-xxi-cebd\/"]}]},{"@type":"ImageObject","inLanguage":"es","@id":"https:\/\/expressometro.mx\/index.php\/2021\/11\/09\/uaem-institucion-sensible-y-renovada-ante-los-retos-del-siglo-xxi-cebd\/#primaryimage","url":"https:\/\/expressometro.mx\/wp-content\/uploads\/2021\/11\/WhatsApp-Image-2021-11-09-at-9.55.34-PM.jpeg","contentUrl":"https:\/\/expressometro.mx\/wp-content\/uploads\/2021\/11\/WhatsApp-Image-2021-11-09-at-9.55.34-PM.jpeg","width":960,"height":640},{"@type":"BreadcrumbList","@id":"https:\/\/expressometro.mx\/index.php\/2021\/11\/09\/uaem-institucion-sensible-y-renovada-ante-los-retos-del-siglo-xxi-cebd\/#breadcrumb","itemListElement":[{"@type":"ListItem","position":1,"name":"Inicio","item":"https:\/\/expressometro.mx\/"},{"@type":"ListItem","position":2,"name":"UAEM, instituci\u00f3n sensible y renovada ante los retos del siglo XXI: CEBD"}]},{"@type":"WebSite","@id":"https:\/\/expressometro.mx\/#website","url":"https:\/\/expressometro.mx\/","name":"Expresso Metropolitano","description":"Periodismo comprometido, informaci\u00f3n, investigaci\u00f3n y an\u00e1lisis","publisher":{"@id":"https:\/\/expressometro.mx\/#organization"},"potentialAction":[{"@type":"SearchAction","target":{"@type":"EntryPoint","urlTemplate":"https:\/\/expressometro.mx\/?s={search_term_string}"},"query-input":{"@type":"PropertyValueSpecification","valueRequired":true,"valueName":"search_term_string"}}],"inLanguage":"es"},{"@type":"Organization","@id":"https:\/\/expressometro.mx\/#organization","name":"Expresso Metropolitano","url":"https:\/\/expressometro.mx\/","logo":{"@type":"ImageObject","inLanguage":"es","@id":"https:\/\/expressometro.mx\/#\/schema\/logo\/image\/","url":"https:\/\/expressometro.mx\/wp-content\/uploads\/2019\/07\/cropped-Logo-Expresso-Metropolitano-1-1.jpeg","contentUrl":"https:\/\/expressometro.mx\/wp-content\/uploads\/2019\/07\/cropped-Logo-Expresso-Metropolitano-1-1.jpeg","width":290,"height":73,"caption":"Expresso Metropolitano"},"image":{"@id":"https:\/\/expressometro.mx\/#\/schema\/logo\/image\/"}},{"@type":"Person","@id":"https:\/\/expressometro.mx\/#\/schema\/person\/67a95b8e3862085c7598f66237488f1f","name":"Cecilia Vega","image":{"@type":"ImageObject","inLanguage":"es","@id":"https:\/\/secure.gravatar.com\/avatar\/13aae9944ab2ee472a9e407c9487fdbd03b049abaa559af32fe5dbcf615c981b?s=96&d=mm&r=g","url":"https:\/\/secure.gravatar.com\/avatar\/13aae9944ab2ee472a9e407c9487fdbd03b049abaa559af32fe5dbcf615c981b?s=96&d=mm&r=g","contentUrl":"https:\/\/secure.gravatar.com\/avatar\/13aae9944ab2ee472a9e407c9487fdbd03b049abaa559af32fe5dbcf615c981b?s=96&d=mm&r=g","caption":"Cecilia Vega"},"url":"https:\/\/expressometro.mx\/index.php\/author\/cecilia-vega\/"}]}},"amp_enabled":true,"_links":{"self":[{"href":"https:\/\/expressometro.mx\/index.php\/wp-json\/wp\/v2\/posts\/4271","targetHints":{"allow":["GET"]}}],"collection":[{"href":"https:\/\/expressometro.mx\/index.php\/wp-json\/wp\/v2\/posts"}],"about":[{"href":"https:\/\/expressometro.mx\/index.php\/wp-json\/wp\/v2\/types\/post"}],"author":[{"embeddable":true,"href":"https:\/\/expressometro.mx\/index.php\/wp-json\/wp\/v2\/users\/2"}],"replies":[{"embeddable":true,"href":"https:\/\/expressometro.mx\/index.php\/wp-json\/wp\/v2\/comments?post=4271"}],"version-history":[{"count":1,"href":"https:\/\/expressometro.mx\/index.php\/wp-json\/wp\/v2\/posts\/4271\/revisions"}],"predecessor-version":[{"id":4277,"href":"https:\/\/expressometro.mx\/index.php\/wp-json\/wp\/v2\/posts\/4271\/revisions\/4277"}],"wp:featuredmedia":[{"embeddable":true,"href":"https:\/\/expressometro.mx\/index.php\/wp-json\/wp\/v2\/media\/4276"}],"wp:attachment":[{"href":"https:\/\/expressometro.mx\/index.php\/wp-json\/wp\/v2\/media?parent=4271"}],"wp:term":[{"taxonomy":"category","embeddable":true,"href":"https:\/\/expressometro.mx\/index.php\/wp-json\/wp\/v2\/categories?post=4271"},{"taxonomy":"post_tag","embeddable":true,"href":"https:\/\/expressometro.mx\/index.php\/wp-json\/wp\/v2\/tags?post=4271"}],"curies":[{"name":"wp","href":"https:\/\/api.w.org\/{rel}","templated":true}]}}