{"id":4259,"date":"2021-11-10T10:00:05","date_gmt":"2021-11-10T16:00:05","guid":{"rendered":"https:\/\/expressometro.mx\/?p=4259"},"modified":"2021-11-10T10:00:06","modified_gmt":"2021-11-10T16:00:06","slug":"asume-diputado-ivan-esquer-la-vicepresidencia-en-mesa-directiva","status":"publish","type":"post","link":"https:\/\/expressometro.mx\/index.php\/2021\/11\/10\/asume-diputado-ivan-esquer-la-vicepresidencia-en-mesa-directiva\/","title":{"rendered":"ASUME DIPUTADO IV\u00c1N ESQUER LA VICEPRESIDENCIA EN MESA DIRECTIVA"},"content":{"rendered":"\n<p>El diputado Iv\u00e1n Esquer Cruz dej\u00f3 en claro que desde el inicio de su gesti\u00f3n en la Legislatura Estatal se propuso estar cercano a la gente para legislar y apoyar cada una de las necesidades del Distrito XIII.<\/p>\n\n\n\n<p>Luego de asumir la vicepresidencia de la Mesa Directiva de la LXI legislatura local se\u00f1al\u00f3 en sus redes sociales que trabajar\u00e1 haciendo equipo con los ciudadanos y defender\u00e1 las causas encaminadas que beneficien al Estado de M\u00e9xico.<\/p>\n\n\n\n<p>\u201cHoy me integro a la Mesa Directiva c\u00f3mo Vicepresidente ; hoy toc\u00f3 desahogar una agenda legislativa en materia de tarifas de agua potable y predial; iniciativas de reforma al reglamento del poder legislativo; reformas al c\u00f3digo de biodiversidad en materia de residuos s\u00f3lidos entre otras que permiten actualizar al Edomex en un marco jur\u00eddico resilente de mejora continua\u201d, detall\u00f3 el legislador.<\/p>\n\n\n\n<p>Antes agradeci\u00f3 a sus compa\u00f1eras y compa\u00f1eros del Grupo Parlamentario y al Coordinador de la bancada El\u00edas Rescala Jim\u00e9nez, de votar a favor para representar a la fracci\u00f3n del PRI en la Vicepresidencia de la Mesa Directiva de la LXI Legislatura del Estado de M\u00e9xico.<\/p>\n\n\n\n<p>El consenso y respeto a la soberan\u00eda ser\u00e1n nuestra tarea constante, hacer una Legislatura de altura, puntualiz\u00f3 Esquer Cruz.<\/p>\n\n\n\n<figure class=\"wp-block-gallery columns-3 is-cropped wp-block-gallery-1 is-layout-flex wp-block-gallery-is-layout-flex\"><ul class=\"blocks-gallery-grid\"><li class=\"blocks-gallery-item\"><figure><img decoding=\"async\" width=\"320\" height=\"480\" src=\"https:\/\/expressometro.mx\/wp-content\/uploads\/2021\/11\/WhatsApp-Image-2021-11-10-at-9.37.27-AM-1-320x480.jpeg\" alt=\"\" data-id=\"4261\" data-link=\"https:\/\/expressometro.mx\/?attachment_id=4261\" class=\"wp-image-4261\" srcset=\"https:\/\/expressometro.mx\/wp-content\/uploads\/2021\/11\/WhatsApp-Image-2021-11-10-at-9.37.27-AM-1-320x480.jpeg 320w, https:\/\/expressometro.mx\/wp-content\/uploads\/2021\/11\/WhatsApp-Image-2021-11-10-at-9.37.27-AM-1-243x365.jpeg 243w, https:\/\/expressometro.mx\/wp-content\/uploads\/2021\/11\/WhatsApp-Image-2021-11-10-at-9.37.27-AM-1.jpeg 640w\" sizes=\"(max-width: 320px) 100vw, 320px\" \/><\/figure><\/li><li class=\"blocks-gallery-item\"><figure><img decoding=\"async\" width=\"720\" height=\"480\" src=\"https:\/\/expressometro.mx\/wp-content\/uploads\/2021\/11\/WhatsApp-Image-2021-11-10-at-9.37.27-AM-2-720x480.jpeg\" alt=\"\" data-id=\"4263\" data-link=\"https:\/\/expressometro.mx\/?attachment_id=4263\" class=\"wp-image-4263\" srcset=\"https:\/\/expressometro.mx\/wp-content\/uploads\/2021\/11\/WhatsApp-Image-2021-11-10-at-9.37.27-AM-2-720x480.jpeg 720w, https:\/\/expressometro.mx\/wp-content\/uploads\/2021\/11\/WhatsApp-Image-2021-11-10-at-9.37.27-AM-2-548x365.jpeg 548w, https:\/\/expressometro.mx\/wp-content\/uploads\/2021\/11\/WhatsApp-Image-2021-11-10-at-9.37.27-AM-2-768x512.jpeg 768w, https:\/\/expressometro.mx\/wp-content\/uploads\/2021\/11\/WhatsApp-Image-2021-11-10-at-9.37.27-AM-2.jpeg 960w\" sizes=\"(max-width: 720px) 100vw, 720px\" \/><\/figure><\/li><li class=\"blocks-gallery-item\"><figure><img decoding=\"async\" width=\"720\" height=\"480\" src=\"https:\/\/expressometro.mx\/wp-content\/uploads\/2021\/11\/WhatsApp-Image-2021-11-10-at-9.37.28-AM-720x480.jpeg\" alt=\"\" data-id=\"4264\" data-full-url=\"https:\/\/expressometro.mx\/wp-content\/uploads\/2021\/11\/WhatsApp-Image-2021-11-10-at-9.37.28-AM.jpeg\" data-link=\"https:\/\/expressometro.mx\/?attachment_id=4264\" class=\"wp-image-4264\" srcset=\"https:\/\/expressometro.mx\/wp-content\/uploads\/2021\/11\/WhatsApp-Image-2021-11-10-at-9.37.28-AM-720x480.jpeg 720w, https:\/\/expressometro.mx\/wp-content\/uploads\/2021\/11\/WhatsApp-Image-2021-11-10-at-9.37.28-AM-548x365.jpeg 548w, https:\/\/expressometro.mx\/wp-content\/uploads\/2021\/11\/WhatsApp-Image-2021-11-10-at-9.37.28-AM-768x512.jpeg 768w, https:\/\/expressometro.mx\/wp-content\/uploads\/2021\/11\/WhatsApp-Image-2021-11-10-at-9.37.28-AM.jpeg 960w\" sizes=\"(max-width: 720px) 100vw, 720px\" \/><\/figure><\/li><\/ul><\/figure>\n","protected":false},"excerpt":{"rendered":"<p>El consenso y respeto a la soberan\u00eda ser\u00e1n nuestra tarea constante, hacer una Legislatura de altura, puntualiz\u00f3 Esquer Cruz.<\/p>\n","protected":false},"author":2,"featured_media":4262,"comment_status":"open","ping_status":"open","sticky":false,"template":"","format":"standard","meta":{"footnotes":""},"categories":[6],"tags":[576,782],"class_list":["post-4259","post","type-post","status-publish","format-standard","has-post-thumbnail","hentry","category-seguridad","tag-ivan-esquer","tag-lxi-legislatura"],"yoast_head":"<!-- This site is optimized with the Yoast SEO plugin v27.5 - https:\/\/yoast.com\/product\/yoast-seo-wordpress\/ -->\n<title>ASUME DIPUTADO IV\u00c1N ESQUER LA VICEPRESIDENCIA EN MESA DIRECTIVA - Expresso Metropolitano<\/title>\n<meta name=\"robots\" content=\"index, follow, max-snippet:-1, max-image-preview:large, max-video-preview:-1\" \/>\n<link rel=\"canonical\" href=\"https:\/\/expressometro.mx\/index.php\/2021\/11\/10\/asume-diputado-ivan-esquer-la-vicepresidencia-en-mesa-directiva\/\" \/>\n<meta property=\"og:locale\" content=\"es_MX\" \/>\n<meta property=\"og:type\" content=\"article\" \/>\n<meta property=\"og:title\" content=\"ASUME DIPUTADO IV\u00c1N ESQUER LA VICEPRESIDENCIA EN MESA DIRECTIVA - Expresso Metropolitano\" \/>\n<meta property=\"og:description\" content=\"El consenso y respeto a la soberan\u00eda ser\u00e1n nuestra tarea constante, hacer una Legislatura de altura, puntualiz\u00f3 Esquer Cruz.\" \/>\n<meta property=\"og:url\" content=\"https:\/\/expressometro.mx\/index.php\/2021\/11\/10\/asume-diputado-ivan-esquer-la-vicepresidencia-en-mesa-directiva\/\" \/>\n<meta property=\"og:site_name\" content=\"Expresso Metropolitano\" \/>\n<meta property=\"article:published_time\" content=\"2021-11-10T16:00:05+00:00\" \/>\n<meta property=\"article:modified_time\" content=\"2021-11-10T16:00:06+00:00\" \/>\n<meta property=\"og:image\" content=\"https:\/\/expressometro.mx\/wp-content\/uploads\/2021\/11\/WhatsApp-Image-2021-11-10-at-9.37.27-AM.jpeg\" \/>\n\t<meta property=\"og:image:width\" content=\"960\" \/>\n\t<meta property=\"og:image:height\" content=\"639\" \/>\n\t<meta property=\"og:image:type\" content=\"image\/jpeg\" \/>\n<meta name=\"author\" content=\"Cecilia Vega\" \/>\n<meta name=\"twitter:label1\" content=\"Escrito por\" \/>\n\t<meta name=\"twitter:data1\" content=\"Cecilia Vega\" \/>\n\t<meta name=\"twitter:label2\" content=\"Tiempo de lectura\" \/>\n\t<meta name=\"twitter:data2\" content=\"2 minutos\" \/>\n<script type=\"application\/ld+json\" class=\"yoast-schema-graph\">{\"@context\":\"https:\\\/\\\/schema.org\",\"@graph\":[{\"@type\":\"Article\",\"@id\":\"https:\\\/\\\/expressometro.mx\\\/index.php\\\/2021\\\/11\\\/10\\\/asume-diputado-ivan-esquer-la-vicepresidencia-en-mesa-directiva\\\/#article\",\"isPartOf\":{\"@id\":\"https:\\\/\\\/expressometro.mx\\\/index.php\\\/2021\\\/11\\\/10\\\/asume-diputado-ivan-esquer-la-vicepresidencia-en-mesa-directiva\\\/\"},\"author\":{\"name\":\"Cecilia Vega\",\"@id\":\"https:\\\/\\\/expressometro.mx\\\/#\\\/schema\\\/person\\\/67a95b8e3862085c7598f66237488f1f\"},\"headline\":\"ASUME DIPUTADO IV\u00c1N ESQUER LA VICEPRESIDENCIA EN MESA DIRECTIVA\",\"datePublished\":\"2021-11-10T16:00:05+00:00\",\"dateModified\":\"2021-11-10T16:00:06+00:00\",\"mainEntityOfPage\":{\"@id\":\"https:\\\/\\\/expressometro.mx\\\/index.php\\\/2021\\\/11\\\/10\\\/asume-diputado-ivan-esquer-la-vicepresidencia-en-mesa-directiva\\\/\"},\"wordCount\":225,\"commentCount\":0,\"publisher\":{\"@id\":\"https:\\\/\\\/expressometro.mx\\\/#organization\"},\"image\":{\"@id\":\"https:\\\/\\\/expressometro.mx\\\/index.php\\\/2021\\\/11\\\/10\\\/asume-diputado-ivan-esquer-la-vicepresidencia-en-mesa-directiva\\\/#primaryimage\"},\"thumbnailUrl\":\"https:\\\/\\\/expressometro.mx\\\/wp-content\\\/uploads\\\/2021\\\/11\\\/WhatsApp-Image-2021-11-10-at-9.37.27-AM.jpeg\",\"keywords\":[\"Iv\u00e1n Esquer\",\"LXI Legislatura\"],\"articleSection\":[\"Seguridad\"],\"inLanguage\":\"es\",\"potentialAction\":[{\"@type\":\"CommentAction\",\"name\":\"Comment\",\"target\":[\"https:\\\/\\\/expressometro.mx\\\/index.php\\\/2021\\\/11\\\/10\\\/asume-diputado-ivan-esquer-la-vicepresidencia-en-mesa-directiva\\\/#respond\"]}]},{\"@type\":\"WebPage\",\"@id\":\"https:\\\/\\\/expressometro.mx\\\/index.php\\\/2021\\\/11\\\/10\\\/asume-diputado-ivan-esquer-la-vicepresidencia-en-mesa-directiva\\\/\",\"url\":\"https:\\\/\\\/expressometro.mx\\\/index.php\\\/2021\\\/11\\\/10\\\/asume-diputado-ivan-esquer-la-vicepresidencia-en-mesa-directiva\\\/\",\"name\":\"ASUME DIPUTADO IV\u00c1N ESQUER LA VICEPRESIDENCIA EN MESA DIRECTIVA - Expresso Metropolitano\",\"isPartOf\":{\"@id\":\"https:\\\/\\\/expressometro.mx\\\/#website\"},\"primaryImageOfPage\":{\"@id\":\"https:\\\/\\\/expressometro.mx\\\/index.php\\\/2021\\\/11\\\/10\\\/asume-diputado-ivan-esquer-la-vicepresidencia-en-mesa-directiva\\\/#primaryimage\"},\"image\":{\"@id\":\"https:\\\/\\\/expressometro.mx\\\/index.php\\\/2021\\\/11\\\/10\\\/asume-diputado-ivan-esquer-la-vicepresidencia-en-mesa-directiva\\\/#primaryimage\"},\"thumbnailUrl\":\"https:\\\/\\\/expressometro.mx\\\/wp-content\\\/uploads\\\/2021\\\/11\\\/WhatsApp-Image-2021-11-10-at-9.37.27-AM.jpeg\",\"datePublished\":\"2021-11-10T16:00:05+00:00\",\"dateModified\":\"2021-11-10T16:00:06+00:00\",\"breadcrumb\":{\"@id\":\"https:\\\/\\\/expressometro.mx\\\/index.php\\\/2021\\\/11\\\/10\\\/asume-diputado-ivan-esquer-la-vicepresidencia-en-mesa-directiva\\\/#breadcrumb\"},\"inLanguage\":\"es\",\"potentialAction\":[{\"@type\":\"ReadAction\",\"target\":[\"https:\\\/\\\/expressometro.mx\\\/index.php\\\/2021\\\/11\\\/10\\\/asume-diputado-ivan-esquer-la-vicepresidencia-en-mesa-directiva\\\/\"]}]},{\"@type\":\"ImageObject\",\"inLanguage\":\"es\",\"@id\":\"https:\\\/\\\/expressometro.mx\\\/index.php\\\/2021\\\/11\\\/10\\\/asume-diputado-ivan-esquer-la-vicepresidencia-en-mesa-directiva\\\/#primaryimage\",\"url\":\"https:\\\/\\\/expressometro.mx\\\/wp-content\\\/uploads\\\/2021\\\/11\\\/WhatsApp-Image-2021-11-10-at-9.37.27-AM.jpeg\",\"contentUrl\":\"https:\\\/\\\/expressometro.mx\\\/wp-content\\\/uploads\\\/2021\\\/11\\\/WhatsApp-Image-2021-11-10-at-9.37.27-AM.jpeg\",\"width\":960,\"height\":639},{\"@type\":\"BreadcrumbList\",\"@id\":\"https:\\\/\\\/expressometro.mx\\\/index.php\\\/2021\\\/11\\\/10\\\/asume-diputado-ivan-esquer-la-vicepresidencia-en-mesa-directiva\\\/#breadcrumb\",\"itemListElement\":[{\"@type\":\"ListItem\",\"position\":1,\"name\":\"Inicio\",\"item\":\"https:\\\/\\\/expressometro.mx\\\/\"},{\"@type\":\"ListItem\",\"position\":2,\"name\":\"ASUME DIPUTADO IV\u00c1N ESQUER LA VICEPRESIDENCIA EN MESA DIRECTIVA\"}]},{\"@type\":\"WebSite\",\"@id\":\"https:\\\/\\\/expressometro.mx\\\/#website\",\"url\":\"https:\\\/\\\/expressometro.mx\\\/\",\"name\":\"Expresso Metropolitano\",\"description\":\"Periodismo comprometido, informaci\u00f3n, investigaci\u00f3n y an\u00e1lisis\",\"publisher\":{\"@id\":\"https:\\\/\\\/expressometro.mx\\\/#organization\"},\"potentialAction\":[{\"@type\":\"SearchAction\",\"target\":{\"@type\":\"EntryPoint\",\"urlTemplate\":\"https:\\\/\\\/expressometro.mx\\\/?s={search_term_string}\"},\"query-input\":{\"@type\":\"PropertyValueSpecification\",\"valueRequired\":true,\"valueName\":\"search_term_string\"}}],\"inLanguage\":\"es\"},{\"@type\":\"Organization\",\"@id\":\"https:\\\/\\\/expressometro.mx\\\/#organization\",\"name\":\"Expresso Metropolitano\",\"url\":\"https:\\\/\\\/expressometro.mx\\\/\",\"logo\":{\"@type\":\"ImageObject\",\"inLanguage\":\"es\",\"@id\":\"https:\\\/\\\/expressometro.mx\\\/#\\\/schema\\\/logo\\\/image\\\/\",\"url\":\"https:\\\/\\\/expressometro.mx\\\/wp-content\\\/uploads\\\/2019\\\/07\\\/cropped-Logo-Expresso-Metropolitano-1-1.jpeg\",\"contentUrl\":\"https:\\\/\\\/expressometro.mx\\\/wp-content\\\/uploads\\\/2019\\\/07\\\/cropped-Logo-Expresso-Metropolitano-1-1.jpeg\",\"width\":290,\"height\":73,\"caption\":\"Expresso Metropolitano\"},\"image\":{\"@id\":\"https:\\\/\\\/expressometro.mx\\\/#\\\/schema\\\/logo\\\/image\\\/\"}},{\"@type\":\"Person\",\"@id\":\"https:\\\/\\\/expressometro.mx\\\/#\\\/schema\\\/person\\\/67a95b8e3862085c7598f66237488f1f\",\"name\":\"Cecilia Vega\",\"image\":{\"@type\":\"ImageObject\",\"inLanguage\":\"es\",\"@id\":\"https:\\\/\\\/secure.gravatar.com\\\/avatar\\\/13aae9944ab2ee472a9e407c9487fdbd03b049abaa559af32fe5dbcf615c981b?s=96&d=mm&r=g\",\"url\":\"https:\\\/\\\/secure.gravatar.com\\\/avatar\\\/13aae9944ab2ee472a9e407c9487fdbd03b049abaa559af32fe5dbcf615c981b?s=96&d=mm&r=g\",\"contentUrl\":\"https:\\\/\\\/secure.gravatar.com\\\/avatar\\\/13aae9944ab2ee472a9e407c9487fdbd03b049abaa559af32fe5dbcf615c981b?s=96&d=mm&r=g\",\"caption\":\"Cecilia Vega\"},\"url\":\"https:\\\/\\\/expressometro.mx\\\/index.php\\\/author\\\/cecilia-vega\\\/\"}]}<\/script>\n<!-- \/ Yoast SEO plugin. -->","yoast_head_json":{"title":"ASUME DIPUTADO IV\u00c1N ESQUER LA VICEPRESIDENCIA EN MESA DIRECTIVA - Expresso Metropolitano","robots":{"index":"index","follow":"follow","max-snippet":"max-snippet:-1","max-image-preview":"max-image-preview:large","max-video-preview":"max-video-preview:-1"},"canonical":"https:\/\/expressometro.mx\/index.php\/2021\/11\/10\/asume-diputado-ivan-esquer-la-vicepresidencia-en-mesa-directiva\/","og_locale":"es_MX","og_type":"article","og_title":"ASUME DIPUTADO IV\u00c1N ESQUER LA VICEPRESIDENCIA EN MESA DIRECTIVA - Expresso Metropolitano","og_description":"El consenso y respeto a la soberan\u00eda ser\u00e1n nuestra tarea constante, hacer una Legislatura de altura, puntualiz\u00f3 Esquer Cruz.","og_url":"https:\/\/expressometro.mx\/index.php\/2021\/11\/10\/asume-diputado-ivan-esquer-la-vicepresidencia-en-mesa-directiva\/","og_site_name":"Expresso Metropolitano","article_published_time":"2021-11-10T16:00:05+00:00","article_modified_time":"2021-11-10T16:00:06+00:00","og_image":[{"width":960,"height":639,"url":"https:\/\/expressometro.mx\/wp-content\/uploads\/2021\/11\/WhatsApp-Image-2021-11-10-at-9.37.27-AM.jpeg","type":"image\/jpeg"}],"author":"Cecilia Vega","twitter_misc":{"Escrito por":"Cecilia Vega","Tiempo de lectura":"2 minutos"},"schema":{"@context":"https:\/\/schema.org","@graph":[{"@type":"Article","@id":"https:\/\/expressometro.mx\/index.php\/2021\/11\/10\/asume-diputado-ivan-esquer-la-vicepresidencia-en-mesa-directiva\/#article","isPartOf":{"@id":"https:\/\/expressometro.mx\/index.php\/2021\/11\/10\/asume-diputado-ivan-esquer-la-vicepresidencia-en-mesa-directiva\/"},"author":{"name":"Cecilia Vega","@id":"https:\/\/expressometro.mx\/#\/schema\/person\/67a95b8e3862085c7598f66237488f1f"},"headline":"ASUME DIPUTADO IV\u00c1N ESQUER LA VICEPRESIDENCIA EN MESA DIRECTIVA","datePublished":"2021-11-10T16:00:05+00:00","dateModified":"2021-11-10T16:00:06+00:00","mainEntityOfPage":{"@id":"https:\/\/expressometro.mx\/index.php\/2021\/11\/10\/asume-diputado-ivan-esquer-la-vicepresidencia-en-mesa-directiva\/"},"wordCount":225,"commentCount":0,"publisher":{"@id":"https:\/\/expressometro.mx\/#organization"},"image":{"@id":"https:\/\/expressometro.mx\/index.php\/2021\/11\/10\/asume-diputado-ivan-esquer-la-vicepresidencia-en-mesa-directiva\/#primaryimage"},"thumbnailUrl":"https:\/\/expressometro.mx\/wp-content\/uploads\/2021\/11\/WhatsApp-Image-2021-11-10-at-9.37.27-AM.jpeg","keywords":["Iv\u00e1n Esquer","LXI Legislatura"],"articleSection":["Seguridad"],"inLanguage":"es","potentialAction":[{"@type":"CommentAction","name":"Comment","target":["https:\/\/expressometro.mx\/index.php\/2021\/11\/10\/asume-diputado-ivan-esquer-la-vicepresidencia-en-mesa-directiva\/#respond"]}]},{"@type":"WebPage","@id":"https:\/\/expressometro.mx\/index.php\/2021\/11\/10\/asume-diputado-ivan-esquer-la-vicepresidencia-en-mesa-directiva\/","url":"https:\/\/expressometro.mx\/index.php\/2021\/11\/10\/asume-diputado-ivan-esquer-la-vicepresidencia-en-mesa-directiva\/","name":"ASUME DIPUTADO IV\u00c1N ESQUER LA VICEPRESIDENCIA EN MESA DIRECTIVA - Expresso Metropolitano","isPartOf":{"@id":"https:\/\/expressometro.mx\/#website"},"primaryImageOfPage":{"@id":"https:\/\/expressometro.mx\/index.php\/2021\/11\/10\/asume-diputado-ivan-esquer-la-vicepresidencia-en-mesa-directiva\/#primaryimage"},"image":{"@id":"https:\/\/expressometro.mx\/index.php\/2021\/11\/10\/asume-diputado-ivan-esquer-la-vicepresidencia-en-mesa-directiva\/#primaryimage"},"thumbnailUrl":"https:\/\/expressometro.mx\/wp-content\/uploads\/2021\/11\/WhatsApp-Image-2021-11-10-at-9.37.27-AM.jpeg","datePublished":"2021-11-10T16:00:05+00:00","dateModified":"2021-11-10T16:00:06+00:00","breadcrumb":{"@id":"https:\/\/expressometro.mx\/index.php\/2021\/11\/10\/asume-diputado-ivan-esquer-la-vicepresidencia-en-mesa-directiva\/#breadcrumb"},"inLanguage":"es","potentialAction":[{"@type":"ReadAction","target":["https:\/\/expressometro.mx\/index.php\/2021\/11\/10\/asume-diputado-ivan-esquer-la-vicepresidencia-en-mesa-directiva\/"]}]},{"@type":"ImageObject","inLanguage":"es","@id":"https:\/\/expressometro.mx\/index.php\/2021\/11\/10\/asume-diputado-ivan-esquer-la-vicepresidencia-en-mesa-directiva\/#primaryimage","url":"https:\/\/expressometro.mx\/wp-content\/uploads\/2021\/11\/WhatsApp-Image-2021-11-10-at-9.37.27-AM.jpeg","contentUrl":"https:\/\/expressometro.mx\/wp-content\/uploads\/2021\/11\/WhatsApp-Image-2021-11-10-at-9.37.27-AM.jpeg","width":960,"height":639},{"@type":"BreadcrumbList","@id":"https:\/\/expressometro.mx\/index.php\/2021\/11\/10\/asume-diputado-ivan-esquer-la-vicepresidencia-en-mesa-directiva\/#breadcrumb","itemListElement":[{"@type":"ListItem","position":1,"name":"Inicio","item":"https:\/\/expressometro.mx\/"},{"@type":"ListItem","position":2,"name":"ASUME DIPUTADO IV\u00c1N ESQUER LA VICEPRESIDENCIA EN MESA DIRECTIVA"}]},{"@type":"WebSite","@id":"https:\/\/expressometro.mx\/#website","url":"https:\/\/expressometro.mx\/","name":"Expresso Metropolitano","description":"Periodismo comprometido, informaci\u00f3n, investigaci\u00f3n y an\u00e1lisis","publisher":{"@id":"https:\/\/expressometro.mx\/#organization"},"potentialAction":[{"@type":"SearchAction","target":{"@type":"EntryPoint","urlTemplate":"https:\/\/expressometro.mx\/?s={search_term_string}"},"query-input":{"@type":"PropertyValueSpecification","valueRequired":true,"valueName":"search_term_string"}}],"inLanguage":"es"},{"@type":"Organization","@id":"https:\/\/expressometro.mx\/#organization","name":"Expresso Metropolitano","url":"https:\/\/expressometro.mx\/","logo":{"@type":"ImageObject","inLanguage":"es","@id":"https:\/\/expressometro.mx\/#\/schema\/logo\/image\/","url":"https:\/\/expressometro.mx\/wp-content\/uploads\/2019\/07\/cropped-Logo-Expresso-Metropolitano-1-1.jpeg","contentUrl":"https:\/\/expressometro.mx\/wp-content\/uploads\/2019\/07\/cropped-Logo-Expresso-Metropolitano-1-1.jpeg","width":290,"height":73,"caption":"Expresso Metropolitano"},"image":{"@id":"https:\/\/expressometro.mx\/#\/schema\/logo\/image\/"}},{"@type":"Person","@id":"https:\/\/expressometro.mx\/#\/schema\/person\/67a95b8e3862085c7598f66237488f1f","name":"Cecilia Vega","image":{"@type":"ImageObject","inLanguage":"es","@id":"https:\/\/secure.gravatar.com\/avatar\/13aae9944ab2ee472a9e407c9487fdbd03b049abaa559af32fe5dbcf615c981b?s=96&d=mm&r=g","url":"https:\/\/secure.gravatar.com\/avatar\/13aae9944ab2ee472a9e407c9487fdbd03b049abaa559af32fe5dbcf615c981b?s=96&d=mm&r=g","contentUrl":"https:\/\/secure.gravatar.com\/avatar\/13aae9944ab2ee472a9e407c9487fdbd03b049abaa559af32fe5dbcf615c981b?s=96&d=mm&r=g","caption":"Cecilia Vega"},"url":"https:\/\/expressometro.mx\/index.php\/author\/cecilia-vega\/"}]}},"amp_enabled":true,"_links":{"self":[{"href":"https:\/\/expressometro.mx\/index.php\/wp-json\/wp\/v2\/posts\/4259","targetHints":{"allow":["GET"]}}],"collection":[{"href":"https:\/\/expressometro.mx\/index.php\/wp-json\/wp\/v2\/posts"}],"about":[{"href":"https:\/\/expressometro.mx\/index.php\/wp-json\/wp\/v2\/types\/post"}],"author":[{"embeddable":true,"href":"https:\/\/expressometro.mx\/index.php\/wp-json\/wp\/v2\/users\/2"}],"replies":[{"embeddable":true,"href":"https:\/\/expressometro.mx\/index.php\/wp-json\/wp\/v2\/comments?post=4259"}],"version-history":[{"count":1,"href":"https:\/\/expressometro.mx\/index.php\/wp-json\/wp\/v2\/posts\/4259\/revisions"}],"predecessor-version":[{"id":4265,"href":"https:\/\/expressometro.mx\/index.php\/wp-json\/wp\/v2\/posts\/4259\/revisions\/4265"}],"wp:featuredmedia":[{"embeddable":true,"href":"https:\/\/expressometro.mx\/index.php\/wp-json\/wp\/v2\/media\/4262"}],"wp:attachment":[{"href":"https:\/\/expressometro.mx\/index.php\/wp-json\/wp\/v2\/media?parent=4259"}],"wp:term":[{"taxonomy":"category","embeddable":true,"href":"https:\/\/expressometro.mx\/index.php\/wp-json\/wp\/v2\/categories?post=4259"},{"taxonomy":"post_tag","embeddable":true,"href":"https:\/\/expressometro.mx\/index.php\/wp-json\/wp\/v2\/tags?post=4259"}],"curies":[{"name":"wp","href":"https:\/\/api.w.org\/{rel}","templated":true}]}}