{"id":4251,"date":"2021-11-05T18:24:00","date_gmt":"2021-11-06T00:24:00","guid":{"rendered":"https:\/\/expressometro.mx\/?p=4251"},"modified":"2021-11-09T18:26:50","modified_gmt":"2021-11-10T00:26:50","slug":"presenta-miguel-samano-iniciativa-de-reforma","status":"publish","type":"post","link":"https:\/\/expressometro.mx\/index.php\/2021\/11\/05\/presenta-miguel-samano-iniciativa-de-reforma\/","title":{"rendered":"PRESENTA MIGUEL S\u00c1MANO INICIATIVA DE REFORMA"},"content":{"rendered":"\n<p>El diputado federal Miguel S\u00e1mano Peralta present\u00f3 una iniciativa para reformar la fracci\u00f3n III del art\u00edculo 74 de la Constituci\u00f3n Pol\u00edtica de los Estados Unidos Mexicanos.<\/p>\n\n\n\n<p>Esto con el fin de establecer un plazo para la ratificaci\u00f3n del Secretario de Hacienda y Cr\u00e9dito P\u00fablico y de los Empleados Superiores de Hacienda.<\/p>\n\n\n\n<p>Ello permitir\u00e1 dar mayor certidumbre jur\u00eddica a quienes ostenten dichos cargos, as\u00ed como a los actos y decisiones que se deriven de sus responsabilidades.<\/p>\n\n\n\n<p>El Coordinador de los Diputados pri\u00edstas del Estado de M\u00e9xico dijo que se trata de establecer un plazo m\u00e1ximo de 15 d\u00edas para que la C\u00e1mara de Diputados ratifique el nombramiento de titulares de la Secretar\u00eda de Hacienda y Cr\u00e9dito P\u00fablico, a partir de la presentaci\u00f3n de la propuesta del ejecutivo.<\/p>\n\n\n\n<figure class=\"wp-block-gallery columns-3 is-cropped wp-block-gallery-1 is-layout-flex wp-block-gallery-is-layout-flex\"><ul class=\"blocks-gallery-grid\"><li class=\"blocks-gallery-item\"><figure><img loading=\"lazy\" decoding=\"async\" width=\"320\" height=\"480\" src=\"https:\/\/expressometro.mx\/wp-content\/uploads\/2021\/11\/WhatsApp-Image-2021-11-09-at-4.22.27-PM-320x480.jpeg\" alt=\"\" data-id=\"4252\" data-link=\"https:\/\/expressometro.mx\/?attachment_id=4252\" class=\"wp-image-4252\" srcset=\"https:\/\/expressometro.mx\/wp-content\/uploads\/2021\/11\/WhatsApp-Image-2021-11-09-at-4.22.27-PM-320x480.jpeg 320w, https:\/\/expressometro.mx\/wp-content\/uploads\/2021\/11\/WhatsApp-Image-2021-11-09-at-4.22.27-PM-243x365.jpeg 243w, https:\/\/expressometro.mx\/wp-content\/uploads\/2021\/11\/WhatsApp-Image-2021-11-09-at-4.22.27-PM.jpeg 640w\" sizes=\"auto, (max-width: 320px) 100vw, 320px\" \/><\/figure><\/li><li class=\"blocks-gallery-item\"><figure><img loading=\"lazy\" decoding=\"async\" width=\"561\" height=\"480\" src=\"https:\/\/expressometro.mx\/wp-content\/uploads\/2021\/11\/WhatsApp-Image-2021-11-09-at-4.22.27-PM-2-561x480.jpeg\" alt=\"\" data-id=\"4254\" data-link=\"https:\/\/expressometro.mx\/?attachment_id=4254\" class=\"wp-image-4254\" srcset=\"https:\/\/expressometro.mx\/wp-content\/uploads\/2021\/11\/WhatsApp-Image-2021-11-09-at-4.22.27-PM-2-561x480.jpeg 561w, https:\/\/expressometro.mx\/wp-content\/uploads\/2021\/11\/WhatsApp-Image-2021-11-09-at-4.22.27-PM-2-426x365.jpeg 426w, https:\/\/expressometro.mx\/wp-content\/uploads\/2021\/11\/WhatsApp-Image-2021-11-09-at-4.22.27-PM-2-768x658.jpeg 768w, https:\/\/expressometro.mx\/wp-content\/uploads\/2021\/11\/WhatsApp-Image-2021-11-09-at-4.22.27-PM-2.jpeg 960w\" sizes=\"auto, (max-width: 561px) 100vw, 561px\" \/><\/figure><\/li><li class=\"blocks-gallery-item\"><figure><img loading=\"lazy\" decoding=\"async\" width=\"720\" height=\"480\" src=\"https:\/\/expressometro.mx\/wp-content\/uploads\/2021\/11\/WhatsApp-Image-2021-11-09-at-4.22.27-PM-3-720x480.jpeg\" alt=\"\" data-id=\"4255\" data-full-url=\"https:\/\/expressometro.mx\/wp-content\/uploads\/2021\/11\/WhatsApp-Image-2021-11-09-at-4.22.27-PM-3.jpeg\" data-link=\"https:\/\/expressometro.mx\/?attachment_id=4255\" class=\"wp-image-4255\" srcset=\"https:\/\/expressometro.mx\/wp-content\/uploads\/2021\/11\/WhatsApp-Image-2021-11-09-at-4.22.27-PM-3-720x480.jpeg 720w, https:\/\/expressometro.mx\/wp-content\/uploads\/2021\/11\/WhatsApp-Image-2021-11-09-at-4.22.27-PM-3-548x365.jpeg 548w, https:\/\/expressometro.mx\/wp-content\/uploads\/2021\/11\/WhatsApp-Image-2021-11-09-at-4.22.27-PM-3-768x512.jpeg 768w, https:\/\/expressometro.mx\/wp-content\/uploads\/2021\/11\/WhatsApp-Image-2021-11-09-at-4.22.27-PM-3.jpeg 960w\" sizes=\"auto, (max-width: 720px) 100vw, 720px\" \/><\/figure><\/li><\/ul><\/figure>\n","protected":false},"excerpt":{"rendered":"<p>Ello permitir\u00e1 dar mayor certidumbre jur\u00eddica a quienes ostenten dichos cargos, as\u00ed como a los actos y decisiones que se deriven de sus responsabilidades.<\/p>\n","protected":false},"author":2,"featured_media":4253,"comment_status":"open","ping_status":"open","sticky":false,"template":"","format":"standard","meta":{"footnotes":""},"categories":[3],"tags":[376,158],"class_list":["post-4251","post","type-post","status-publish","format-standard","has-post-thumbnail","hentry","category-gobierno","tag-miguel-samano","tag-pri"],"yoast_head":"<!-- This site is optimized with the Yoast SEO plugin v27.5 - https:\/\/yoast.com\/product\/yoast-seo-wordpress\/ -->\n<title>PRESENTA MIGUEL S\u00c1MANO INICIATIVA DE REFORMA - Expresso Metropolitano<\/title>\n<meta name=\"robots\" content=\"index, follow, max-snippet:-1, max-image-preview:large, max-video-preview:-1\" \/>\n<link rel=\"canonical\" href=\"https:\/\/expressometro.mx\/index.php\/2021\/11\/05\/presenta-miguel-samano-iniciativa-de-reforma\/\" \/>\n<meta property=\"og:locale\" content=\"es_MX\" \/>\n<meta property=\"og:type\" content=\"article\" \/>\n<meta property=\"og:title\" content=\"PRESENTA MIGUEL S\u00c1MANO INICIATIVA DE REFORMA - Expresso Metropolitano\" \/>\n<meta property=\"og:description\" content=\"Ello permitir\u00e1 dar mayor certidumbre jur\u00eddica a quienes ostenten dichos cargos, as\u00ed como a los actos y decisiones que se deriven de sus responsabilidades.\" \/>\n<meta property=\"og:url\" content=\"https:\/\/expressometro.mx\/index.php\/2021\/11\/05\/presenta-miguel-samano-iniciativa-de-reforma\/\" \/>\n<meta property=\"og:site_name\" content=\"Expresso Metropolitano\" \/>\n<meta property=\"article:published_time\" content=\"2021-11-06T00:24:00+00:00\" \/>\n<meta property=\"article:modified_time\" content=\"2021-11-10T00:26:50+00:00\" \/>\n<meta property=\"og:image\" content=\"https:\/\/expressometro.mx\/wp-content\/uploads\/2021\/11\/WhatsApp-Image-2021-11-09-at-4.22.27-PM-1.jpeg\" \/>\n\t<meta property=\"og:image:width\" content=\"640\" \/>\n\t<meta property=\"og:image:height\" content=\"960\" \/>\n\t<meta property=\"og:image:type\" content=\"image\/jpeg\" \/>\n<meta name=\"author\" content=\"Cecilia Vega\" \/>\n<meta name=\"twitter:label1\" content=\"Escrito por\" \/>\n\t<meta name=\"twitter:data1\" content=\"Cecilia Vega\" \/>\n\t<meta name=\"twitter:label2\" content=\"Tiempo de lectura\" \/>\n\t<meta name=\"twitter:data2\" content=\"2 minutos\" \/>\n<script type=\"application\/ld+json\" class=\"yoast-schema-graph\">{\"@context\":\"https:\\\/\\\/schema.org\",\"@graph\":[{\"@type\":\"Article\",\"@id\":\"https:\\\/\\\/expressometro.mx\\\/index.php\\\/2021\\\/11\\\/05\\\/presenta-miguel-samano-iniciativa-de-reforma\\\/#article\",\"isPartOf\":{\"@id\":\"https:\\\/\\\/expressometro.mx\\\/index.php\\\/2021\\\/11\\\/05\\\/presenta-miguel-samano-iniciativa-de-reforma\\\/\"},\"author\":{\"name\":\"Cecilia Vega\",\"@id\":\"https:\\\/\\\/expressometro.mx\\\/#\\\/schema\\\/person\\\/67a95b8e3862085c7598f66237488f1f\"},\"headline\":\"PRESENTA MIGUEL S\u00c1MANO INICIATIVA DE REFORMA\",\"datePublished\":\"2021-11-06T00:24:00+00:00\",\"dateModified\":\"2021-11-10T00:26:50+00:00\",\"mainEntityOfPage\":{\"@id\":\"https:\\\/\\\/expressometro.mx\\\/index.php\\\/2021\\\/11\\\/05\\\/presenta-miguel-samano-iniciativa-de-reforma\\\/\"},\"wordCount\":149,\"commentCount\":0,\"publisher\":{\"@id\":\"https:\\\/\\\/expressometro.mx\\\/#organization\"},\"image\":{\"@id\":\"https:\\\/\\\/expressometro.mx\\\/index.php\\\/2021\\\/11\\\/05\\\/presenta-miguel-samano-iniciativa-de-reforma\\\/#primaryimage\"},\"thumbnailUrl\":\"https:\\\/\\\/expressometro.mx\\\/wp-content\\\/uploads\\\/2021\\\/11\\\/WhatsApp-Image-2021-11-09-at-4.22.27-PM-1.jpeg\",\"keywords\":[\"Miguel S\u00e1mano\",\"PRI\"],\"articleSection\":[\"Gobierno\"],\"inLanguage\":\"es\",\"potentialAction\":[{\"@type\":\"CommentAction\",\"name\":\"Comment\",\"target\":[\"https:\\\/\\\/expressometro.mx\\\/index.php\\\/2021\\\/11\\\/05\\\/presenta-miguel-samano-iniciativa-de-reforma\\\/#respond\"]}]},{\"@type\":\"WebPage\",\"@id\":\"https:\\\/\\\/expressometro.mx\\\/index.php\\\/2021\\\/11\\\/05\\\/presenta-miguel-samano-iniciativa-de-reforma\\\/\",\"url\":\"https:\\\/\\\/expressometro.mx\\\/index.php\\\/2021\\\/11\\\/05\\\/presenta-miguel-samano-iniciativa-de-reforma\\\/\",\"name\":\"PRESENTA MIGUEL S\u00c1MANO INICIATIVA DE REFORMA - Expresso Metropolitano\",\"isPartOf\":{\"@id\":\"https:\\\/\\\/expressometro.mx\\\/#website\"},\"primaryImageOfPage\":{\"@id\":\"https:\\\/\\\/expressometro.mx\\\/index.php\\\/2021\\\/11\\\/05\\\/presenta-miguel-samano-iniciativa-de-reforma\\\/#primaryimage\"},\"image\":{\"@id\":\"https:\\\/\\\/expressometro.mx\\\/index.php\\\/2021\\\/11\\\/05\\\/presenta-miguel-samano-iniciativa-de-reforma\\\/#primaryimage\"},\"thumbnailUrl\":\"https:\\\/\\\/expressometro.mx\\\/wp-content\\\/uploads\\\/2021\\\/11\\\/WhatsApp-Image-2021-11-09-at-4.22.27-PM-1.jpeg\",\"datePublished\":\"2021-11-06T00:24:00+00:00\",\"dateModified\":\"2021-11-10T00:26:50+00:00\",\"breadcrumb\":{\"@id\":\"https:\\\/\\\/expressometro.mx\\\/index.php\\\/2021\\\/11\\\/05\\\/presenta-miguel-samano-iniciativa-de-reforma\\\/#breadcrumb\"},\"inLanguage\":\"es\",\"potentialAction\":[{\"@type\":\"ReadAction\",\"target\":[\"https:\\\/\\\/expressometro.mx\\\/index.php\\\/2021\\\/11\\\/05\\\/presenta-miguel-samano-iniciativa-de-reforma\\\/\"]}]},{\"@type\":\"ImageObject\",\"inLanguage\":\"es\",\"@id\":\"https:\\\/\\\/expressometro.mx\\\/index.php\\\/2021\\\/11\\\/05\\\/presenta-miguel-samano-iniciativa-de-reforma\\\/#primaryimage\",\"url\":\"https:\\\/\\\/expressometro.mx\\\/wp-content\\\/uploads\\\/2021\\\/11\\\/WhatsApp-Image-2021-11-09-at-4.22.27-PM-1.jpeg\",\"contentUrl\":\"https:\\\/\\\/expressometro.mx\\\/wp-content\\\/uploads\\\/2021\\\/11\\\/WhatsApp-Image-2021-11-09-at-4.22.27-PM-1.jpeg\",\"width\":640,\"height\":960},{\"@type\":\"BreadcrumbList\",\"@id\":\"https:\\\/\\\/expressometro.mx\\\/index.php\\\/2021\\\/11\\\/05\\\/presenta-miguel-samano-iniciativa-de-reforma\\\/#breadcrumb\",\"itemListElement\":[{\"@type\":\"ListItem\",\"position\":1,\"name\":\"Inicio\",\"item\":\"https:\\\/\\\/expressometro.mx\\\/\"},{\"@type\":\"ListItem\",\"position\":2,\"name\":\"PRESENTA MIGUEL S\u00c1MANO INICIATIVA DE REFORMA\"}]},{\"@type\":\"WebSite\",\"@id\":\"https:\\\/\\\/expressometro.mx\\\/#website\",\"url\":\"https:\\\/\\\/expressometro.mx\\\/\",\"name\":\"Expresso Metropolitano\",\"description\":\"Periodismo comprometido, informaci\u00f3n, investigaci\u00f3n y an\u00e1lisis\",\"publisher\":{\"@id\":\"https:\\\/\\\/expressometro.mx\\\/#organization\"},\"potentialAction\":[{\"@type\":\"SearchAction\",\"target\":{\"@type\":\"EntryPoint\",\"urlTemplate\":\"https:\\\/\\\/expressometro.mx\\\/?s={search_term_string}\"},\"query-input\":{\"@type\":\"PropertyValueSpecification\",\"valueRequired\":true,\"valueName\":\"search_term_string\"}}],\"inLanguage\":\"es\"},{\"@type\":\"Organization\",\"@id\":\"https:\\\/\\\/expressometro.mx\\\/#organization\",\"name\":\"Expresso Metropolitano\",\"url\":\"https:\\\/\\\/expressometro.mx\\\/\",\"logo\":{\"@type\":\"ImageObject\",\"inLanguage\":\"es\",\"@id\":\"https:\\\/\\\/expressometro.mx\\\/#\\\/schema\\\/logo\\\/image\\\/\",\"url\":\"https:\\\/\\\/expressometro.mx\\\/wp-content\\\/uploads\\\/2019\\\/07\\\/cropped-Logo-Expresso-Metropolitano-1-1.jpeg\",\"contentUrl\":\"https:\\\/\\\/expressometro.mx\\\/wp-content\\\/uploads\\\/2019\\\/07\\\/cropped-Logo-Expresso-Metropolitano-1-1.jpeg\",\"width\":290,\"height\":73,\"caption\":\"Expresso Metropolitano\"},\"image\":{\"@id\":\"https:\\\/\\\/expressometro.mx\\\/#\\\/schema\\\/logo\\\/image\\\/\"}},{\"@type\":\"Person\",\"@id\":\"https:\\\/\\\/expressometro.mx\\\/#\\\/schema\\\/person\\\/67a95b8e3862085c7598f66237488f1f\",\"name\":\"Cecilia Vega\",\"image\":{\"@type\":\"ImageObject\",\"inLanguage\":\"es\",\"@id\":\"https:\\\/\\\/secure.gravatar.com\\\/avatar\\\/13aae9944ab2ee472a9e407c9487fdbd03b049abaa559af32fe5dbcf615c981b?s=96&d=mm&r=g\",\"url\":\"https:\\\/\\\/secure.gravatar.com\\\/avatar\\\/13aae9944ab2ee472a9e407c9487fdbd03b049abaa559af32fe5dbcf615c981b?s=96&d=mm&r=g\",\"contentUrl\":\"https:\\\/\\\/secure.gravatar.com\\\/avatar\\\/13aae9944ab2ee472a9e407c9487fdbd03b049abaa559af32fe5dbcf615c981b?s=96&d=mm&r=g\",\"caption\":\"Cecilia Vega\"},\"url\":\"https:\\\/\\\/expressometro.mx\\\/index.php\\\/author\\\/cecilia-vega\\\/\"}]}<\/script>\n<!-- \/ Yoast SEO plugin. -->","yoast_head_json":{"title":"PRESENTA MIGUEL S\u00c1MANO INICIATIVA DE REFORMA - Expresso Metropolitano","robots":{"index":"index","follow":"follow","max-snippet":"max-snippet:-1","max-image-preview":"max-image-preview:large","max-video-preview":"max-video-preview:-1"},"canonical":"https:\/\/expressometro.mx\/index.php\/2021\/11\/05\/presenta-miguel-samano-iniciativa-de-reforma\/","og_locale":"es_MX","og_type":"article","og_title":"PRESENTA MIGUEL S\u00c1MANO INICIATIVA DE REFORMA - Expresso Metropolitano","og_description":"Ello permitir\u00e1 dar mayor certidumbre jur\u00eddica a quienes ostenten dichos cargos, as\u00ed como a los actos y decisiones que se deriven de sus responsabilidades.","og_url":"https:\/\/expressometro.mx\/index.php\/2021\/11\/05\/presenta-miguel-samano-iniciativa-de-reforma\/","og_site_name":"Expresso Metropolitano","article_published_time":"2021-11-06T00:24:00+00:00","article_modified_time":"2021-11-10T00:26:50+00:00","og_image":[{"width":640,"height":960,"url":"https:\/\/expressometro.mx\/wp-content\/uploads\/2021\/11\/WhatsApp-Image-2021-11-09-at-4.22.27-PM-1.jpeg","type":"image\/jpeg"}],"author":"Cecilia Vega","twitter_misc":{"Escrito por":"Cecilia Vega","Tiempo de lectura":"2 minutos"},"schema":{"@context":"https:\/\/schema.org","@graph":[{"@type":"Article","@id":"https:\/\/expressometro.mx\/index.php\/2021\/11\/05\/presenta-miguel-samano-iniciativa-de-reforma\/#article","isPartOf":{"@id":"https:\/\/expressometro.mx\/index.php\/2021\/11\/05\/presenta-miguel-samano-iniciativa-de-reforma\/"},"author":{"name":"Cecilia Vega","@id":"https:\/\/expressometro.mx\/#\/schema\/person\/67a95b8e3862085c7598f66237488f1f"},"headline":"PRESENTA MIGUEL S\u00c1MANO INICIATIVA DE REFORMA","datePublished":"2021-11-06T00:24:00+00:00","dateModified":"2021-11-10T00:26:50+00:00","mainEntityOfPage":{"@id":"https:\/\/expressometro.mx\/index.php\/2021\/11\/05\/presenta-miguel-samano-iniciativa-de-reforma\/"},"wordCount":149,"commentCount":0,"publisher":{"@id":"https:\/\/expressometro.mx\/#organization"},"image":{"@id":"https:\/\/expressometro.mx\/index.php\/2021\/11\/05\/presenta-miguel-samano-iniciativa-de-reforma\/#primaryimage"},"thumbnailUrl":"https:\/\/expressometro.mx\/wp-content\/uploads\/2021\/11\/WhatsApp-Image-2021-11-09-at-4.22.27-PM-1.jpeg","keywords":["Miguel S\u00e1mano","PRI"],"articleSection":["Gobierno"],"inLanguage":"es","potentialAction":[{"@type":"CommentAction","name":"Comment","target":["https:\/\/expressometro.mx\/index.php\/2021\/11\/05\/presenta-miguel-samano-iniciativa-de-reforma\/#respond"]}]},{"@type":"WebPage","@id":"https:\/\/expressometro.mx\/index.php\/2021\/11\/05\/presenta-miguel-samano-iniciativa-de-reforma\/","url":"https:\/\/expressometro.mx\/index.php\/2021\/11\/05\/presenta-miguel-samano-iniciativa-de-reforma\/","name":"PRESENTA MIGUEL S\u00c1MANO INICIATIVA DE REFORMA - Expresso Metropolitano","isPartOf":{"@id":"https:\/\/expressometro.mx\/#website"},"primaryImageOfPage":{"@id":"https:\/\/expressometro.mx\/index.php\/2021\/11\/05\/presenta-miguel-samano-iniciativa-de-reforma\/#primaryimage"},"image":{"@id":"https:\/\/expressometro.mx\/index.php\/2021\/11\/05\/presenta-miguel-samano-iniciativa-de-reforma\/#primaryimage"},"thumbnailUrl":"https:\/\/expressometro.mx\/wp-content\/uploads\/2021\/11\/WhatsApp-Image-2021-11-09-at-4.22.27-PM-1.jpeg","datePublished":"2021-11-06T00:24:00+00:00","dateModified":"2021-11-10T00:26:50+00:00","breadcrumb":{"@id":"https:\/\/expressometro.mx\/index.php\/2021\/11\/05\/presenta-miguel-samano-iniciativa-de-reforma\/#breadcrumb"},"inLanguage":"es","potentialAction":[{"@type":"ReadAction","target":["https:\/\/expressometro.mx\/index.php\/2021\/11\/05\/presenta-miguel-samano-iniciativa-de-reforma\/"]}]},{"@type":"ImageObject","inLanguage":"es","@id":"https:\/\/expressometro.mx\/index.php\/2021\/11\/05\/presenta-miguel-samano-iniciativa-de-reforma\/#primaryimage","url":"https:\/\/expressometro.mx\/wp-content\/uploads\/2021\/11\/WhatsApp-Image-2021-11-09-at-4.22.27-PM-1.jpeg","contentUrl":"https:\/\/expressometro.mx\/wp-content\/uploads\/2021\/11\/WhatsApp-Image-2021-11-09-at-4.22.27-PM-1.jpeg","width":640,"height":960},{"@type":"BreadcrumbList","@id":"https:\/\/expressometro.mx\/index.php\/2021\/11\/05\/presenta-miguel-samano-iniciativa-de-reforma\/#breadcrumb","itemListElement":[{"@type":"ListItem","position":1,"name":"Inicio","item":"https:\/\/expressometro.mx\/"},{"@type":"ListItem","position":2,"name":"PRESENTA MIGUEL S\u00c1MANO INICIATIVA DE REFORMA"}]},{"@type":"WebSite","@id":"https:\/\/expressometro.mx\/#website","url":"https:\/\/expressometro.mx\/","name":"Expresso Metropolitano","description":"Periodismo comprometido, informaci\u00f3n, investigaci\u00f3n y an\u00e1lisis","publisher":{"@id":"https:\/\/expressometro.mx\/#organization"},"potentialAction":[{"@type":"SearchAction","target":{"@type":"EntryPoint","urlTemplate":"https:\/\/expressometro.mx\/?s={search_term_string}"},"query-input":{"@type":"PropertyValueSpecification","valueRequired":true,"valueName":"search_term_string"}}],"inLanguage":"es"},{"@type":"Organization","@id":"https:\/\/expressometro.mx\/#organization","name":"Expresso Metropolitano","url":"https:\/\/expressometro.mx\/","logo":{"@type":"ImageObject","inLanguage":"es","@id":"https:\/\/expressometro.mx\/#\/schema\/logo\/image\/","url":"https:\/\/expressometro.mx\/wp-content\/uploads\/2019\/07\/cropped-Logo-Expresso-Metropolitano-1-1.jpeg","contentUrl":"https:\/\/expressometro.mx\/wp-content\/uploads\/2019\/07\/cropped-Logo-Expresso-Metropolitano-1-1.jpeg","width":290,"height":73,"caption":"Expresso Metropolitano"},"image":{"@id":"https:\/\/expressometro.mx\/#\/schema\/logo\/image\/"}},{"@type":"Person","@id":"https:\/\/expressometro.mx\/#\/schema\/person\/67a95b8e3862085c7598f66237488f1f","name":"Cecilia Vega","image":{"@type":"ImageObject","inLanguage":"es","@id":"https:\/\/secure.gravatar.com\/avatar\/13aae9944ab2ee472a9e407c9487fdbd03b049abaa559af32fe5dbcf615c981b?s=96&d=mm&r=g","url":"https:\/\/secure.gravatar.com\/avatar\/13aae9944ab2ee472a9e407c9487fdbd03b049abaa559af32fe5dbcf615c981b?s=96&d=mm&r=g","contentUrl":"https:\/\/secure.gravatar.com\/avatar\/13aae9944ab2ee472a9e407c9487fdbd03b049abaa559af32fe5dbcf615c981b?s=96&d=mm&r=g","caption":"Cecilia Vega"},"url":"https:\/\/expressometro.mx\/index.php\/author\/cecilia-vega\/"}]}},"amp_enabled":true,"_links":{"self":[{"href":"https:\/\/expressometro.mx\/index.php\/wp-json\/wp\/v2\/posts\/4251","targetHints":{"allow":["GET"]}}],"collection":[{"href":"https:\/\/expressometro.mx\/index.php\/wp-json\/wp\/v2\/posts"}],"about":[{"href":"https:\/\/expressometro.mx\/index.php\/wp-json\/wp\/v2\/types\/post"}],"author":[{"embeddable":true,"href":"https:\/\/expressometro.mx\/index.php\/wp-json\/wp\/v2\/users\/2"}],"replies":[{"embeddable":true,"href":"https:\/\/expressometro.mx\/index.php\/wp-json\/wp\/v2\/comments?post=4251"}],"version-history":[{"count":1,"href":"https:\/\/expressometro.mx\/index.php\/wp-json\/wp\/v2\/posts\/4251\/revisions"}],"predecessor-version":[{"id":4257,"href":"https:\/\/expressometro.mx\/index.php\/wp-json\/wp\/v2\/posts\/4251\/revisions\/4257"}],"wp:featuredmedia":[{"embeddable":true,"href":"https:\/\/expressometro.mx\/index.php\/wp-json\/wp\/v2\/media\/4253"}],"wp:attachment":[{"href":"https:\/\/expressometro.mx\/index.php\/wp-json\/wp\/v2\/media?parent=4251"}],"wp:term":[{"taxonomy":"category","embeddable":true,"href":"https:\/\/expressometro.mx\/index.php\/wp-json\/wp\/v2\/categories?post=4251"},{"taxonomy":"post_tag","embeddable":true,"href":"https:\/\/expressometro.mx\/index.php\/wp-json\/wp\/v2\/tags?post=4251"}],"curies":[{"name":"wp","href":"https:\/\/api.w.org\/{rel}","templated":true}]}}