{"id":4185,"date":"2021-10-30T18:59:00","date_gmt":"2021-10-30T23:59:00","guid":{"rendered":"https:\/\/expressometro.mx\/?p=4185"},"modified":"2021-11-03T19:01:05","modified_gmt":"2021-11-04T01:01:05","slug":"disparo-en-la-cabeza-contra-octavio-ocana-actor-de-vecinos-fiscalia","status":"publish","type":"post","link":"https:\/\/expressometro.mx\/index.php\/2021\/10\/30\/disparo-en-la-cabeza-contra-octavio-ocana-actor-de-vecinos-fiscalia\/","title":{"rendered":"DISPARO EN LA CABEZA CONTRA OCTAVIO OCA\u00d1A, ACTOR DE VECINOS: FISCALIA"},"content":{"rendered":"\n<p>La Fiscalia General de Justicia del Estado de M\u00e9xico avanza en las diligencias para esclarecer las causas por las cuales un sujeto de 22 a\u00f1os, el cual ya fue identificado, perdi\u00f3 la vida por un disparo de arma de fuego en la cabeza, y cuyo cuerpo fue encontrado dentro de la camioneta que conduc\u00eda, misma que fue hallada en la autopista Chamapa-Lecher\u00eda, a la altura de la colonia Prados Iztacala en el municipio de Atizap\u00e1n de Zaragoza.<\/p>\n\n\n\n<p>Esta Instituci\u00f3n mantiene en desarrollo diversas pruebas periciales, entre las que se encuentran las relacionadas con criminal\u00edstica, qu\u00edmica, fotograf\u00eda y mec\u00e1nica de hechos.<\/p>\n\n\n\n<p>En las inspecciones realizadas a la camioneta donde viajaba la persona que perdi\u00f3 la vida, y dos sujetos m\u00e1s, fue encontrada un arma de fuego, un casquillo percutido e indicios bal\u00edsticos en el techo de la unidad, justo a altura del conductor.<\/p>\n\n\n\n<p>Los testimonios recabados con las dos personas que viajaban en la camioneta se\u00f1alan que conoc\u00edan al conductor desde hace varios a\u00f1os y en d\u00edas recientes hab\u00edan estado con \u00e9l consumiendo alcohol. Han referido, adem\u00e1s, que la tarde de ayer viernes 29 de octubre al transitar por calles del municipio de Cuautitl\u00e1n Izcalli, polic\u00edas municipales les habr\u00edan marcado el alto, sin embargo, el conductor no detuvo la marcha y aceler\u00f3 para evitar ser detenido, lo que inici\u00f3 una persecuci\u00f3n.<\/p>\n\n\n\n<p>Uno de los acompa\u00f1antes ha declarado que el conductor portaba un arma de fuego, misma que hab\u00eda sacado de la guantera del veh\u00edculo. Durante la persecuci\u00f3n el conductor perdi\u00f3 el control de la unidad y \u00e9sta se estrell\u00f3 a un costado de la v\u00eda, lugar en donde el conductor fue encontrado con una lesi\u00f3n por arma de fuego en la cabeza y los dos acompa\u00f1antes fueron asegurados por elementos de la polic\u00eda municipal.<\/p>\n\n\n\n<p>Tanto los testigos que viajaban con la persona fallecida, como los polic\u00edas municipales que intentaron detener la unidad, han referido que no hubo intercambio de disparos.<\/p>\n\n\n\n<p>Las pruebas periciales que est\u00e1n en desarrollo ser\u00e1n determinantes para esclarecer la forma en la que el conductor de la camioneta perdi\u00f3 la vida, y las cuales ser\u00e1n dadas a conocer por las v\u00edas institucionales de esta Fiscal\u00eda General.<\/p>\n","protected":false},"excerpt":{"rendered":"<p>Descanse en paz Octavio Oca\u00f1a.<\/p>\n","protected":false},"author":2,"featured_media":4186,"comment_status":"open","ping_status":"open","sticky":false,"template":"","format":"standard","meta":{"footnotes":""},"categories":[6],"tags":[1110],"class_list":["post-4185","post","type-post","status-publish","format-standard","has-post-thumbnail","hentry","category-seguridad","tag-octavio-ocana"],"yoast_head":"<!-- This site is optimized with the Yoast SEO plugin v27.5 - https:\/\/yoast.com\/product\/yoast-seo-wordpress\/ -->\n<title>DISPARO EN LA CABEZA CONTRA OCTAVIO OCA\u00d1A, ACTOR DE VECINOS: FISCALIA - Expresso Metropolitano<\/title>\n<meta name=\"robots\" content=\"index, follow, max-snippet:-1, max-image-preview:large, max-video-preview:-1\" \/>\n<link rel=\"canonical\" href=\"https:\/\/expressometro.mx\/index.php\/2021\/10\/30\/disparo-en-la-cabeza-contra-octavio-ocana-actor-de-vecinos-fiscalia\/\" \/>\n<meta property=\"og:locale\" content=\"es_MX\" \/>\n<meta property=\"og:type\" content=\"article\" \/>\n<meta property=\"og:title\" content=\"DISPARO EN LA CABEZA CONTRA OCTAVIO OCA\u00d1A, ACTOR DE VECINOS: FISCALIA - Expresso Metropolitano\" \/>\n<meta property=\"og:description\" content=\"Descanse en paz Octavio Oca\u00f1a.\" \/>\n<meta property=\"og:url\" content=\"https:\/\/expressometro.mx\/index.php\/2021\/10\/30\/disparo-en-la-cabeza-contra-octavio-ocana-actor-de-vecinos-fiscalia\/\" \/>\n<meta property=\"og:site_name\" content=\"Expresso Metropolitano\" \/>\n<meta property=\"article:published_time\" content=\"2021-10-30T23:59:00+00:00\" \/>\n<meta property=\"article:modified_time\" content=\"2021-11-04T01:01:05+00:00\" \/>\n<meta property=\"og:image\" content=\"https:\/\/expressometro.mx\/wp-content\/uploads\/2021\/11\/WhatsApp-Image-2021-10-30-at-13.43.18.jpeg\" \/>\n\t<meta property=\"og:image:width\" content=\"1113\" \/>\n\t<meta property=\"og:image:height\" content=\"760\" \/>\n\t<meta property=\"og:image:type\" content=\"image\/jpeg\" \/>\n<meta name=\"author\" content=\"Cecilia Vega\" \/>\n<meta name=\"twitter:label1\" content=\"Escrito por\" \/>\n\t<meta name=\"twitter:data1\" content=\"Cecilia Vega\" \/>\n\t<meta name=\"twitter:label2\" content=\"Tiempo de lectura\" \/>\n\t<meta name=\"twitter:data2\" content=\"2 minutos\" \/>\n<script type=\"application\/ld+json\" class=\"yoast-schema-graph\">{\"@context\":\"https:\\\/\\\/schema.org\",\"@graph\":[{\"@type\":\"Article\",\"@id\":\"https:\\\/\\\/expressometro.mx\\\/index.php\\\/2021\\\/10\\\/30\\\/disparo-en-la-cabeza-contra-octavio-ocana-actor-de-vecinos-fiscalia\\\/#article\",\"isPartOf\":{\"@id\":\"https:\\\/\\\/expressometro.mx\\\/index.php\\\/2021\\\/10\\\/30\\\/disparo-en-la-cabeza-contra-octavio-ocana-actor-de-vecinos-fiscalia\\\/\"},\"author\":{\"name\":\"Cecilia Vega\",\"@id\":\"https:\\\/\\\/expressometro.mx\\\/#\\\/schema\\\/person\\\/67a95b8e3862085c7598f66237488f1f\"},\"headline\":\"DISPARO EN LA CABEZA CONTRA OCTAVIO OCA\u00d1A, ACTOR DE VECINOS: FISCALIA\",\"datePublished\":\"2021-10-30T23:59:00+00:00\",\"dateModified\":\"2021-11-04T01:01:05+00:00\",\"mainEntityOfPage\":{\"@id\":\"https:\\\/\\\/expressometro.mx\\\/index.php\\\/2021\\\/10\\\/30\\\/disparo-en-la-cabeza-contra-octavio-ocana-actor-de-vecinos-fiscalia\\\/\"},\"wordCount\":404,\"commentCount\":0,\"publisher\":{\"@id\":\"https:\\\/\\\/expressometro.mx\\\/#organization\"},\"image\":{\"@id\":\"https:\\\/\\\/expressometro.mx\\\/index.php\\\/2021\\\/10\\\/30\\\/disparo-en-la-cabeza-contra-octavio-ocana-actor-de-vecinos-fiscalia\\\/#primaryimage\"},\"thumbnailUrl\":\"https:\\\/\\\/expressometro.mx\\\/wp-content\\\/uploads\\\/2021\\\/11\\\/WhatsApp-Image-2021-10-30-at-13.43.18.jpeg\",\"keywords\":[\"Octavio Oca\u00f1a\"],\"articleSection\":[\"Seguridad\"],\"inLanguage\":\"es\",\"potentialAction\":[{\"@type\":\"CommentAction\",\"name\":\"Comment\",\"target\":[\"https:\\\/\\\/expressometro.mx\\\/index.php\\\/2021\\\/10\\\/30\\\/disparo-en-la-cabeza-contra-octavio-ocana-actor-de-vecinos-fiscalia\\\/#respond\"]}]},{\"@type\":\"WebPage\",\"@id\":\"https:\\\/\\\/expressometro.mx\\\/index.php\\\/2021\\\/10\\\/30\\\/disparo-en-la-cabeza-contra-octavio-ocana-actor-de-vecinos-fiscalia\\\/\",\"url\":\"https:\\\/\\\/expressometro.mx\\\/index.php\\\/2021\\\/10\\\/30\\\/disparo-en-la-cabeza-contra-octavio-ocana-actor-de-vecinos-fiscalia\\\/\",\"name\":\"DISPARO EN LA CABEZA CONTRA OCTAVIO OCA\u00d1A, ACTOR DE VECINOS: FISCALIA - Expresso Metropolitano\",\"isPartOf\":{\"@id\":\"https:\\\/\\\/expressometro.mx\\\/#website\"},\"primaryImageOfPage\":{\"@id\":\"https:\\\/\\\/expressometro.mx\\\/index.php\\\/2021\\\/10\\\/30\\\/disparo-en-la-cabeza-contra-octavio-ocana-actor-de-vecinos-fiscalia\\\/#primaryimage\"},\"image\":{\"@id\":\"https:\\\/\\\/expressometro.mx\\\/index.php\\\/2021\\\/10\\\/30\\\/disparo-en-la-cabeza-contra-octavio-ocana-actor-de-vecinos-fiscalia\\\/#primaryimage\"},\"thumbnailUrl\":\"https:\\\/\\\/expressometro.mx\\\/wp-content\\\/uploads\\\/2021\\\/11\\\/WhatsApp-Image-2021-10-30-at-13.43.18.jpeg\",\"datePublished\":\"2021-10-30T23:59:00+00:00\",\"dateModified\":\"2021-11-04T01:01:05+00:00\",\"breadcrumb\":{\"@id\":\"https:\\\/\\\/expressometro.mx\\\/index.php\\\/2021\\\/10\\\/30\\\/disparo-en-la-cabeza-contra-octavio-ocana-actor-de-vecinos-fiscalia\\\/#breadcrumb\"},\"inLanguage\":\"es\",\"potentialAction\":[{\"@type\":\"ReadAction\",\"target\":[\"https:\\\/\\\/expressometro.mx\\\/index.php\\\/2021\\\/10\\\/30\\\/disparo-en-la-cabeza-contra-octavio-ocana-actor-de-vecinos-fiscalia\\\/\"]}]},{\"@type\":\"ImageObject\",\"inLanguage\":\"es\",\"@id\":\"https:\\\/\\\/expressometro.mx\\\/index.php\\\/2021\\\/10\\\/30\\\/disparo-en-la-cabeza-contra-octavio-ocana-actor-de-vecinos-fiscalia\\\/#primaryimage\",\"url\":\"https:\\\/\\\/expressometro.mx\\\/wp-content\\\/uploads\\\/2021\\\/11\\\/WhatsApp-Image-2021-10-30-at-13.43.18.jpeg\",\"contentUrl\":\"https:\\\/\\\/expressometro.mx\\\/wp-content\\\/uploads\\\/2021\\\/11\\\/WhatsApp-Image-2021-10-30-at-13.43.18.jpeg\",\"width\":1113,\"height\":760},{\"@type\":\"BreadcrumbList\",\"@id\":\"https:\\\/\\\/expressometro.mx\\\/index.php\\\/2021\\\/10\\\/30\\\/disparo-en-la-cabeza-contra-octavio-ocana-actor-de-vecinos-fiscalia\\\/#breadcrumb\",\"itemListElement\":[{\"@type\":\"ListItem\",\"position\":1,\"name\":\"Inicio\",\"item\":\"https:\\\/\\\/expressometro.mx\\\/\"},{\"@type\":\"ListItem\",\"position\":2,\"name\":\"DISPARO EN LA CABEZA CONTRA OCTAVIO OCA\u00d1A, ACTOR DE VECINOS: FISCALIA\"}]},{\"@type\":\"WebSite\",\"@id\":\"https:\\\/\\\/expressometro.mx\\\/#website\",\"url\":\"https:\\\/\\\/expressometro.mx\\\/\",\"name\":\"Expresso Metropolitano\",\"description\":\"Periodismo comprometido, informaci\u00f3n, investigaci\u00f3n y an\u00e1lisis\",\"publisher\":{\"@id\":\"https:\\\/\\\/expressometro.mx\\\/#organization\"},\"potentialAction\":[{\"@type\":\"SearchAction\",\"target\":{\"@type\":\"EntryPoint\",\"urlTemplate\":\"https:\\\/\\\/expressometro.mx\\\/?s={search_term_string}\"},\"query-input\":{\"@type\":\"PropertyValueSpecification\",\"valueRequired\":true,\"valueName\":\"search_term_string\"}}],\"inLanguage\":\"es\"},{\"@type\":\"Organization\",\"@id\":\"https:\\\/\\\/expressometro.mx\\\/#organization\",\"name\":\"Expresso Metropolitano\",\"url\":\"https:\\\/\\\/expressometro.mx\\\/\",\"logo\":{\"@type\":\"ImageObject\",\"inLanguage\":\"es\",\"@id\":\"https:\\\/\\\/expressometro.mx\\\/#\\\/schema\\\/logo\\\/image\\\/\",\"url\":\"https:\\\/\\\/expressometro.mx\\\/wp-content\\\/uploads\\\/2019\\\/07\\\/cropped-Logo-Expresso-Metropolitano-1-1.jpeg\",\"contentUrl\":\"https:\\\/\\\/expressometro.mx\\\/wp-content\\\/uploads\\\/2019\\\/07\\\/cropped-Logo-Expresso-Metropolitano-1-1.jpeg\",\"width\":290,\"height\":73,\"caption\":\"Expresso Metropolitano\"},\"image\":{\"@id\":\"https:\\\/\\\/expressometro.mx\\\/#\\\/schema\\\/logo\\\/image\\\/\"}},{\"@type\":\"Person\",\"@id\":\"https:\\\/\\\/expressometro.mx\\\/#\\\/schema\\\/person\\\/67a95b8e3862085c7598f66237488f1f\",\"name\":\"Cecilia Vega\",\"image\":{\"@type\":\"ImageObject\",\"inLanguage\":\"es\",\"@id\":\"https:\\\/\\\/secure.gravatar.com\\\/avatar\\\/13aae9944ab2ee472a9e407c9487fdbd03b049abaa559af32fe5dbcf615c981b?s=96&d=mm&r=g\",\"url\":\"https:\\\/\\\/secure.gravatar.com\\\/avatar\\\/13aae9944ab2ee472a9e407c9487fdbd03b049abaa559af32fe5dbcf615c981b?s=96&d=mm&r=g\",\"contentUrl\":\"https:\\\/\\\/secure.gravatar.com\\\/avatar\\\/13aae9944ab2ee472a9e407c9487fdbd03b049abaa559af32fe5dbcf615c981b?s=96&d=mm&r=g\",\"caption\":\"Cecilia Vega\"},\"url\":\"https:\\\/\\\/expressometro.mx\\\/index.php\\\/author\\\/cecilia-vega\\\/\"}]}<\/script>\n<!-- \/ Yoast SEO plugin. -->","yoast_head_json":{"title":"DISPARO EN LA CABEZA CONTRA OCTAVIO OCA\u00d1A, ACTOR DE VECINOS: FISCALIA - Expresso Metropolitano","robots":{"index":"index","follow":"follow","max-snippet":"max-snippet:-1","max-image-preview":"max-image-preview:large","max-video-preview":"max-video-preview:-1"},"canonical":"https:\/\/expressometro.mx\/index.php\/2021\/10\/30\/disparo-en-la-cabeza-contra-octavio-ocana-actor-de-vecinos-fiscalia\/","og_locale":"es_MX","og_type":"article","og_title":"DISPARO EN LA CABEZA CONTRA OCTAVIO OCA\u00d1A, ACTOR DE VECINOS: FISCALIA - Expresso Metropolitano","og_description":"Descanse en paz Octavio Oca\u00f1a.","og_url":"https:\/\/expressometro.mx\/index.php\/2021\/10\/30\/disparo-en-la-cabeza-contra-octavio-ocana-actor-de-vecinos-fiscalia\/","og_site_name":"Expresso Metropolitano","article_published_time":"2021-10-30T23:59:00+00:00","article_modified_time":"2021-11-04T01:01:05+00:00","og_image":[{"width":1113,"height":760,"url":"https:\/\/expressometro.mx\/wp-content\/uploads\/2021\/11\/WhatsApp-Image-2021-10-30-at-13.43.18.jpeg","type":"image\/jpeg"}],"author":"Cecilia Vega","twitter_misc":{"Escrito por":"Cecilia Vega","Tiempo de lectura":"2 minutos"},"schema":{"@context":"https:\/\/schema.org","@graph":[{"@type":"Article","@id":"https:\/\/expressometro.mx\/index.php\/2021\/10\/30\/disparo-en-la-cabeza-contra-octavio-ocana-actor-de-vecinos-fiscalia\/#article","isPartOf":{"@id":"https:\/\/expressometro.mx\/index.php\/2021\/10\/30\/disparo-en-la-cabeza-contra-octavio-ocana-actor-de-vecinos-fiscalia\/"},"author":{"name":"Cecilia Vega","@id":"https:\/\/expressometro.mx\/#\/schema\/person\/67a95b8e3862085c7598f66237488f1f"},"headline":"DISPARO EN LA CABEZA CONTRA OCTAVIO OCA\u00d1A, ACTOR DE VECINOS: FISCALIA","datePublished":"2021-10-30T23:59:00+00:00","dateModified":"2021-11-04T01:01:05+00:00","mainEntityOfPage":{"@id":"https:\/\/expressometro.mx\/index.php\/2021\/10\/30\/disparo-en-la-cabeza-contra-octavio-ocana-actor-de-vecinos-fiscalia\/"},"wordCount":404,"commentCount":0,"publisher":{"@id":"https:\/\/expressometro.mx\/#organization"},"image":{"@id":"https:\/\/expressometro.mx\/index.php\/2021\/10\/30\/disparo-en-la-cabeza-contra-octavio-ocana-actor-de-vecinos-fiscalia\/#primaryimage"},"thumbnailUrl":"https:\/\/expressometro.mx\/wp-content\/uploads\/2021\/11\/WhatsApp-Image-2021-10-30-at-13.43.18.jpeg","keywords":["Octavio Oca\u00f1a"],"articleSection":["Seguridad"],"inLanguage":"es","potentialAction":[{"@type":"CommentAction","name":"Comment","target":["https:\/\/expressometro.mx\/index.php\/2021\/10\/30\/disparo-en-la-cabeza-contra-octavio-ocana-actor-de-vecinos-fiscalia\/#respond"]}]},{"@type":"WebPage","@id":"https:\/\/expressometro.mx\/index.php\/2021\/10\/30\/disparo-en-la-cabeza-contra-octavio-ocana-actor-de-vecinos-fiscalia\/","url":"https:\/\/expressometro.mx\/index.php\/2021\/10\/30\/disparo-en-la-cabeza-contra-octavio-ocana-actor-de-vecinos-fiscalia\/","name":"DISPARO EN LA CABEZA CONTRA OCTAVIO OCA\u00d1A, ACTOR DE VECINOS: FISCALIA - Expresso Metropolitano","isPartOf":{"@id":"https:\/\/expressometro.mx\/#website"},"primaryImageOfPage":{"@id":"https:\/\/expressometro.mx\/index.php\/2021\/10\/30\/disparo-en-la-cabeza-contra-octavio-ocana-actor-de-vecinos-fiscalia\/#primaryimage"},"image":{"@id":"https:\/\/expressometro.mx\/index.php\/2021\/10\/30\/disparo-en-la-cabeza-contra-octavio-ocana-actor-de-vecinos-fiscalia\/#primaryimage"},"thumbnailUrl":"https:\/\/expressometro.mx\/wp-content\/uploads\/2021\/11\/WhatsApp-Image-2021-10-30-at-13.43.18.jpeg","datePublished":"2021-10-30T23:59:00+00:00","dateModified":"2021-11-04T01:01:05+00:00","breadcrumb":{"@id":"https:\/\/expressometro.mx\/index.php\/2021\/10\/30\/disparo-en-la-cabeza-contra-octavio-ocana-actor-de-vecinos-fiscalia\/#breadcrumb"},"inLanguage":"es","potentialAction":[{"@type":"ReadAction","target":["https:\/\/expressometro.mx\/index.php\/2021\/10\/30\/disparo-en-la-cabeza-contra-octavio-ocana-actor-de-vecinos-fiscalia\/"]}]},{"@type":"ImageObject","inLanguage":"es","@id":"https:\/\/expressometro.mx\/index.php\/2021\/10\/30\/disparo-en-la-cabeza-contra-octavio-ocana-actor-de-vecinos-fiscalia\/#primaryimage","url":"https:\/\/expressometro.mx\/wp-content\/uploads\/2021\/11\/WhatsApp-Image-2021-10-30-at-13.43.18.jpeg","contentUrl":"https:\/\/expressometro.mx\/wp-content\/uploads\/2021\/11\/WhatsApp-Image-2021-10-30-at-13.43.18.jpeg","width":1113,"height":760},{"@type":"BreadcrumbList","@id":"https:\/\/expressometro.mx\/index.php\/2021\/10\/30\/disparo-en-la-cabeza-contra-octavio-ocana-actor-de-vecinos-fiscalia\/#breadcrumb","itemListElement":[{"@type":"ListItem","position":1,"name":"Inicio","item":"https:\/\/expressometro.mx\/"},{"@type":"ListItem","position":2,"name":"DISPARO EN LA CABEZA CONTRA OCTAVIO OCA\u00d1A, ACTOR DE VECINOS: FISCALIA"}]},{"@type":"WebSite","@id":"https:\/\/expressometro.mx\/#website","url":"https:\/\/expressometro.mx\/","name":"Expresso Metropolitano","description":"Periodismo comprometido, informaci\u00f3n, investigaci\u00f3n y an\u00e1lisis","publisher":{"@id":"https:\/\/expressometro.mx\/#organization"},"potentialAction":[{"@type":"SearchAction","target":{"@type":"EntryPoint","urlTemplate":"https:\/\/expressometro.mx\/?s={search_term_string}"},"query-input":{"@type":"PropertyValueSpecification","valueRequired":true,"valueName":"search_term_string"}}],"inLanguage":"es"},{"@type":"Organization","@id":"https:\/\/expressometro.mx\/#organization","name":"Expresso Metropolitano","url":"https:\/\/expressometro.mx\/","logo":{"@type":"ImageObject","inLanguage":"es","@id":"https:\/\/expressometro.mx\/#\/schema\/logo\/image\/","url":"https:\/\/expressometro.mx\/wp-content\/uploads\/2019\/07\/cropped-Logo-Expresso-Metropolitano-1-1.jpeg","contentUrl":"https:\/\/expressometro.mx\/wp-content\/uploads\/2019\/07\/cropped-Logo-Expresso-Metropolitano-1-1.jpeg","width":290,"height":73,"caption":"Expresso Metropolitano"},"image":{"@id":"https:\/\/expressometro.mx\/#\/schema\/logo\/image\/"}},{"@type":"Person","@id":"https:\/\/expressometro.mx\/#\/schema\/person\/67a95b8e3862085c7598f66237488f1f","name":"Cecilia Vega","image":{"@type":"ImageObject","inLanguage":"es","@id":"https:\/\/secure.gravatar.com\/avatar\/13aae9944ab2ee472a9e407c9487fdbd03b049abaa559af32fe5dbcf615c981b?s=96&d=mm&r=g","url":"https:\/\/secure.gravatar.com\/avatar\/13aae9944ab2ee472a9e407c9487fdbd03b049abaa559af32fe5dbcf615c981b?s=96&d=mm&r=g","contentUrl":"https:\/\/secure.gravatar.com\/avatar\/13aae9944ab2ee472a9e407c9487fdbd03b049abaa559af32fe5dbcf615c981b?s=96&d=mm&r=g","caption":"Cecilia Vega"},"url":"https:\/\/expressometro.mx\/index.php\/author\/cecilia-vega\/"}]}},"amp_enabled":true,"_links":{"self":[{"href":"https:\/\/expressometro.mx\/index.php\/wp-json\/wp\/v2\/posts\/4185","targetHints":{"allow":["GET"]}}],"collection":[{"href":"https:\/\/expressometro.mx\/index.php\/wp-json\/wp\/v2\/posts"}],"about":[{"href":"https:\/\/expressometro.mx\/index.php\/wp-json\/wp\/v2\/types\/post"}],"author":[{"embeddable":true,"href":"https:\/\/expressometro.mx\/index.php\/wp-json\/wp\/v2\/users\/2"}],"replies":[{"embeddable":true,"href":"https:\/\/expressometro.mx\/index.php\/wp-json\/wp\/v2\/comments?post=4185"}],"version-history":[{"count":1,"href":"https:\/\/expressometro.mx\/index.php\/wp-json\/wp\/v2\/posts\/4185\/revisions"}],"predecessor-version":[{"id":4188,"href":"https:\/\/expressometro.mx\/index.php\/wp-json\/wp\/v2\/posts\/4185\/revisions\/4188"}],"wp:featuredmedia":[{"embeddable":true,"href":"https:\/\/expressometro.mx\/index.php\/wp-json\/wp\/v2\/media\/4186"}],"wp:attachment":[{"href":"https:\/\/expressometro.mx\/index.php\/wp-json\/wp\/v2\/media?parent=4185"}],"wp:term":[{"taxonomy":"category","embeddable":true,"href":"https:\/\/expressometro.mx\/index.php\/wp-json\/wp\/v2\/categories?post=4185"},{"taxonomy":"post_tag","embeddable":true,"href":"https:\/\/expressometro.mx\/index.php\/wp-json\/wp\/v2\/tags?post=4185"}],"curies":[{"name":"wp","href":"https:\/\/api.w.org\/{rel}","templated":true}]}}