{"id":4138,"date":"2021-10-26T18:45:00","date_gmt":"2021-10-26T23:45:00","guid":{"rendered":"https:\/\/expressometro.mx\/?p=4138"},"modified":"2021-10-27T18:46:36","modified_gmt":"2021-10-27T23:46:36","slug":"instalan-comision-para-las-declaratorias-de-alerta-de-violencia-de-genero","status":"publish","type":"post","link":"https:\/\/expressometro.mx\/index.php\/2021\/10\/26\/instalan-comision-para-las-declaratorias-de-alerta-de-violencia-de-genero\/","title":{"rendered":"Instalan Comisi\u00f3n para las Declaratorias de Alerta de Violencia de G\u00e9nero"},"content":{"rendered":"\n<p>La Comisi\u00f3n para las Declaratorias de Alerta de Violencia de G\u00e9nero contra las Mujeres por Feminicidio y Desaparici\u00f3n ser\u00e1 la \u00b4caja de resonancia\u00b4 de las v\u00edctimas y sus familias para que su voz se escuch\u00e9 en el Congreso local y se traduzca en pol\u00edticas p\u00fablicas que contribuyan a la verdad y a la justicia, sostuvo la diputada Karina Labastida Sotelo (Morena), presidenta de este \u00f3rgano parlamentario.<\/p>\n\n\n\n<p>En reuni\u00f3n de instalaci\u00f3n, atestiguada por el diputado Maurilio Hern\u00e1ndez Gonz\u00e1lez, presidente de la Junta de Coordinaci\u00f3n Pol\u00edtica (Jucopo) y la legisladora Ingrid Schemelensky Castro (PAN), presidenta de la Directiva, Karina Labastida dijo que esta instancia legislativa mejorar\u00e1 las respuestas legislativas ante los feminicidios y las desapariciones e incidir\u00e1 en el dise\u00f1o de pol\u00edticas p\u00fablicas adecuadas para prevenirlos y sancionarlos.<\/p>\n\n\n\n<p>Para ello, la comisi\u00f3n conformar\u00e1 un grupo de trabajo para analizar la legislaci\u00f3n relacionada con los derechos de las mujeres y ni\u00f1as para detectar las que menoscaben sus derechos; modificar\u00e1 las leyes que permitan la persistencia o la tolerancia de la violencia contra la mujer; se coordinar\u00e1 con los 11 municipios alertados y seguir\u00e1 dando seguimiento al uso del presupuesto etiquetado para combatir la violencia de g\u00e9nero.<\/p>\n\n\n\n<p>Integran esta comisi\u00f3n las diputadas Myriam C\u00e1rdenas Rojas (PRI) y Mar\u00eda de los \u00c1ngeles D\u00e1vila Vargas (PAN), como secretaria y prosecretaria; as\u00ed como Lourdes Jezabel Delgado Flores, Yesica Yanet Rojas Hern\u00e1ndez y M\u00f3nica Ang\u00e9lica \u00c1lvarez Nemer, de Morena; Paola Jim\u00e9nez Hern\u00e1ndez y Gretel Gonz\u00e1lez Aguirre, del PRI; Ingrid Schemelensky Castro (PAN), Silvia Barberena Maldonado (PT), Viridiana Fuentes Cruz (PRD), Claudia Desiree Morales Robledo (PVEM), Juana Bonilla Jaime (MC) y M\u00f3nica Miriam Granillo Velazco (NA). Ana Isabel G\u00f3mez Bernal fue designada secretaria t\u00e9cnica.<\/p>\n","protected":false},"excerpt":{"rendered":"<p>La Comisi\u00f3n para las Declaratorias de Alerta de Violencia de G\u00e9nero contra las Mujeres por Feminicidio y Desaparici\u00f3n ser\u00e1 la \u00b4caja de resonancia\u00b4 de las v\u00edctimas y sus familias para que su voz se escuch\u00e9 en el Congreso local y se traduzca en pol\u00edticas p\u00fablicas que contribuyan a la verdad y a la justicia, sostuvo la diputada Karina Labastida Sotelo (Morena), presidenta de este \u00f3rgano parlamentario.<\/p>\n","protected":false},"author":2,"featured_media":4139,"comment_status":"open","ping_status":"open","sticky":false,"template":"","format":"standard","meta":{"footnotes":""},"categories":[3,6],"tags":[358],"class_list":["post-4138","post","type-post","status-publish","format-standard","has-post-thumbnail","hentry","category-gobierno","category-seguridad","tag-violencia-de-genero"],"yoast_head":"<!-- This site is optimized with the Yoast SEO plugin v27.5 - https:\/\/yoast.com\/product\/yoast-seo-wordpress\/ -->\n<title>Instalan Comisi\u00f3n para las Declaratorias de Alerta de Violencia de G\u00e9nero - Expresso Metropolitano<\/title>\n<meta name=\"robots\" content=\"index, follow, max-snippet:-1, max-image-preview:large, max-video-preview:-1\" \/>\n<link rel=\"canonical\" href=\"https:\/\/expressometro.mx\/index.php\/2021\/10\/26\/instalan-comision-para-las-declaratorias-de-alerta-de-violencia-de-genero\/\" \/>\n<meta property=\"og:locale\" content=\"es_MX\" \/>\n<meta property=\"og:type\" content=\"article\" \/>\n<meta property=\"og:title\" content=\"Instalan Comisi\u00f3n para las Declaratorias de Alerta de Violencia de G\u00e9nero - Expresso Metropolitano\" \/>\n<meta property=\"og:description\" content=\"La Comisi\u00f3n para las Declaratorias de Alerta de Violencia de G\u00e9nero contra las Mujeres por Feminicidio y Desaparici\u00f3n ser\u00e1 la \u00b4caja de resonancia\u00b4 de las v\u00edctimas y sus familias para que su voz se escuch\u00e9 en el Congreso local y se traduzca en pol\u00edticas p\u00fablicas que contribuyan a la verdad y a la justicia, sostuvo la diputada Karina Labastida Sotelo (Morena), presidenta de este \u00f3rgano parlamentario.\" \/>\n<meta property=\"og:url\" content=\"https:\/\/expressometro.mx\/index.php\/2021\/10\/26\/instalan-comision-para-las-declaratorias-de-alerta-de-violencia-de-genero\/\" \/>\n<meta property=\"og:site_name\" content=\"Expresso Metropolitano\" \/>\n<meta property=\"article:published_time\" content=\"2021-10-26T23:45:00+00:00\" \/>\n<meta property=\"article:modified_time\" content=\"2021-10-27T23:46:36+00:00\" \/>\n<meta property=\"og:image\" content=\"https:\/\/expressometro.mx\/wp-content\/uploads\/2021\/10\/WhatsApp-Image-2021-10-26-at-22.13.17.jpeg\" \/>\n\t<meta property=\"og:image:width\" content=\"1024\" \/>\n\t<meta property=\"og:image:height\" content=\"684\" \/>\n\t<meta property=\"og:image:type\" content=\"image\/jpeg\" \/>\n<meta name=\"author\" content=\"Cecilia Vega\" \/>\n<meta name=\"twitter:label1\" content=\"Escrito por\" \/>\n\t<meta name=\"twitter:data1\" content=\"Cecilia Vega\" \/>\n\t<meta name=\"twitter:label2\" content=\"Tiempo de lectura\" \/>\n\t<meta name=\"twitter:data2\" content=\"2 minutos\" \/>\n<script type=\"application\/ld+json\" class=\"yoast-schema-graph\">{\"@context\":\"https:\\\/\\\/schema.org\",\"@graph\":[{\"@type\":\"Article\",\"@id\":\"https:\\\/\\\/expressometro.mx\\\/index.php\\\/2021\\\/10\\\/26\\\/instalan-comision-para-las-declaratorias-de-alerta-de-violencia-de-genero\\\/#article\",\"isPartOf\":{\"@id\":\"https:\\\/\\\/expressometro.mx\\\/index.php\\\/2021\\\/10\\\/26\\\/instalan-comision-para-las-declaratorias-de-alerta-de-violencia-de-genero\\\/\"},\"author\":{\"name\":\"Cecilia Vega\",\"@id\":\"https:\\\/\\\/expressometro.mx\\\/#\\\/schema\\\/person\\\/67a95b8e3862085c7598f66237488f1f\"},\"headline\":\"Instalan Comisi\u00f3n para las Declaratorias de Alerta de Violencia de G\u00e9nero\",\"datePublished\":\"2021-10-26T23:45:00+00:00\",\"dateModified\":\"2021-10-27T23:46:36+00:00\",\"mainEntityOfPage\":{\"@id\":\"https:\\\/\\\/expressometro.mx\\\/index.php\\\/2021\\\/10\\\/26\\\/instalan-comision-para-las-declaratorias-de-alerta-de-violencia-de-genero\\\/\"},\"wordCount\":319,\"commentCount\":0,\"publisher\":{\"@id\":\"https:\\\/\\\/expressometro.mx\\\/#organization\"},\"image\":{\"@id\":\"https:\\\/\\\/expressometro.mx\\\/index.php\\\/2021\\\/10\\\/26\\\/instalan-comision-para-las-declaratorias-de-alerta-de-violencia-de-genero\\\/#primaryimage\"},\"thumbnailUrl\":\"https:\\\/\\\/expressometro.mx\\\/wp-content\\\/uploads\\\/2021\\\/10\\\/WhatsApp-Image-2021-10-26-at-22.13.17.jpeg\",\"keywords\":[\"Violencia de g\u00e9nero\"],\"articleSection\":[\"Gobierno\",\"Seguridad\"],\"inLanguage\":\"es\",\"potentialAction\":[{\"@type\":\"CommentAction\",\"name\":\"Comment\",\"target\":[\"https:\\\/\\\/expressometro.mx\\\/index.php\\\/2021\\\/10\\\/26\\\/instalan-comision-para-las-declaratorias-de-alerta-de-violencia-de-genero\\\/#respond\"]}]},{\"@type\":\"WebPage\",\"@id\":\"https:\\\/\\\/expressometro.mx\\\/index.php\\\/2021\\\/10\\\/26\\\/instalan-comision-para-las-declaratorias-de-alerta-de-violencia-de-genero\\\/\",\"url\":\"https:\\\/\\\/expressometro.mx\\\/index.php\\\/2021\\\/10\\\/26\\\/instalan-comision-para-las-declaratorias-de-alerta-de-violencia-de-genero\\\/\",\"name\":\"Instalan Comisi\u00f3n para las Declaratorias de Alerta de Violencia de G\u00e9nero - Expresso Metropolitano\",\"isPartOf\":{\"@id\":\"https:\\\/\\\/expressometro.mx\\\/#website\"},\"primaryImageOfPage\":{\"@id\":\"https:\\\/\\\/expressometro.mx\\\/index.php\\\/2021\\\/10\\\/26\\\/instalan-comision-para-las-declaratorias-de-alerta-de-violencia-de-genero\\\/#primaryimage\"},\"image\":{\"@id\":\"https:\\\/\\\/expressometro.mx\\\/index.php\\\/2021\\\/10\\\/26\\\/instalan-comision-para-las-declaratorias-de-alerta-de-violencia-de-genero\\\/#primaryimage\"},\"thumbnailUrl\":\"https:\\\/\\\/expressometro.mx\\\/wp-content\\\/uploads\\\/2021\\\/10\\\/WhatsApp-Image-2021-10-26-at-22.13.17.jpeg\",\"datePublished\":\"2021-10-26T23:45:00+00:00\",\"dateModified\":\"2021-10-27T23:46:36+00:00\",\"breadcrumb\":{\"@id\":\"https:\\\/\\\/expressometro.mx\\\/index.php\\\/2021\\\/10\\\/26\\\/instalan-comision-para-las-declaratorias-de-alerta-de-violencia-de-genero\\\/#breadcrumb\"},\"inLanguage\":\"es\",\"potentialAction\":[{\"@type\":\"ReadAction\",\"target\":[\"https:\\\/\\\/expressometro.mx\\\/index.php\\\/2021\\\/10\\\/26\\\/instalan-comision-para-las-declaratorias-de-alerta-de-violencia-de-genero\\\/\"]}]},{\"@type\":\"ImageObject\",\"inLanguage\":\"es\",\"@id\":\"https:\\\/\\\/expressometro.mx\\\/index.php\\\/2021\\\/10\\\/26\\\/instalan-comision-para-las-declaratorias-de-alerta-de-violencia-de-genero\\\/#primaryimage\",\"url\":\"https:\\\/\\\/expressometro.mx\\\/wp-content\\\/uploads\\\/2021\\\/10\\\/WhatsApp-Image-2021-10-26-at-22.13.17.jpeg\",\"contentUrl\":\"https:\\\/\\\/expressometro.mx\\\/wp-content\\\/uploads\\\/2021\\\/10\\\/WhatsApp-Image-2021-10-26-at-22.13.17.jpeg\",\"width\":1024,\"height\":684},{\"@type\":\"BreadcrumbList\",\"@id\":\"https:\\\/\\\/expressometro.mx\\\/index.php\\\/2021\\\/10\\\/26\\\/instalan-comision-para-las-declaratorias-de-alerta-de-violencia-de-genero\\\/#breadcrumb\",\"itemListElement\":[{\"@type\":\"ListItem\",\"position\":1,\"name\":\"Inicio\",\"item\":\"https:\\\/\\\/expressometro.mx\\\/\"},{\"@type\":\"ListItem\",\"position\":2,\"name\":\"Instalan Comisi\u00f3n para las Declaratorias de Alerta de Violencia de G\u00e9nero\"}]},{\"@type\":\"WebSite\",\"@id\":\"https:\\\/\\\/expressometro.mx\\\/#website\",\"url\":\"https:\\\/\\\/expressometro.mx\\\/\",\"name\":\"Expresso Metropolitano\",\"description\":\"Periodismo comprometido, informaci\u00f3n, investigaci\u00f3n y an\u00e1lisis\",\"publisher\":{\"@id\":\"https:\\\/\\\/expressometro.mx\\\/#organization\"},\"potentialAction\":[{\"@type\":\"SearchAction\",\"target\":{\"@type\":\"EntryPoint\",\"urlTemplate\":\"https:\\\/\\\/expressometro.mx\\\/?s={search_term_string}\"},\"query-input\":{\"@type\":\"PropertyValueSpecification\",\"valueRequired\":true,\"valueName\":\"search_term_string\"}}],\"inLanguage\":\"es\"},{\"@type\":\"Organization\",\"@id\":\"https:\\\/\\\/expressometro.mx\\\/#organization\",\"name\":\"Expresso Metropolitano\",\"url\":\"https:\\\/\\\/expressometro.mx\\\/\",\"logo\":{\"@type\":\"ImageObject\",\"inLanguage\":\"es\",\"@id\":\"https:\\\/\\\/expressometro.mx\\\/#\\\/schema\\\/logo\\\/image\\\/\",\"url\":\"https:\\\/\\\/expressometro.mx\\\/wp-content\\\/uploads\\\/2019\\\/07\\\/cropped-Logo-Expresso-Metropolitano-1-1.jpeg\",\"contentUrl\":\"https:\\\/\\\/expressometro.mx\\\/wp-content\\\/uploads\\\/2019\\\/07\\\/cropped-Logo-Expresso-Metropolitano-1-1.jpeg\",\"width\":290,\"height\":73,\"caption\":\"Expresso Metropolitano\"},\"image\":{\"@id\":\"https:\\\/\\\/expressometro.mx\\\/#\\\/schema\\\/logo\\\/image\\\/\"}},{\"@type\":\"Person\",\"@id\":\"https:\\\/\\\/expressometro.mx\\\/#\\\/schema\\\/person\\\/67a95b8e3862085c7598f66237488f1f\",\"name\":\"Cecilia Vega\",\"image\":{\"@type\":\"ImageObject\",\"inLanguage\":\"es\",\"@id\":\"https:\\\/\\\/secure.gravatar.com\\\/avatar\\\/13aae9944ab2ee472a9e407c9487fdbd03b049abaa559af32fe5dbcf615c981b?s=96&d=mm&r=g\",\"url\":\"https:\\\/\\\/secure.gravatar.com\\\/avatar\\\/13aae9944ab2ee472a9e407c9487fdbd03b049abaa559af32fe5dbcf615c981b?s=96&d=mm&r=g\",\"contentUrl\":\"https:\\\/\\\/secure.gravatar.com\\\/avatar\\\/13aae9944ab2ee472a9e407c9487fdbd03b049abaa559af32fe5dbcf615c981b?s=96&d=mm&r=g\",\"caption\":\"Cecilia Vega\"},\"url\":\"https:\\\/\\\/expressometro.mx\\\/index.php\\\/author\\\/cecilia-vega\\\/\"}]}<\/script>\n<!-- \/ Yoast SEO plugin. -->","yoast_head_json":{"title":"Instalan Comisi\u00f3n para las Declaratorias de Alerta de Violencia de G\u00e9nero - Expresso Metropolitano","robots":{"index":"index","follow":"follow","max-snippet":"max-snippet:-1","max-image-preview":"max-image-preview:large","max-video-preview":"max-video-preview:-1"},"canonical":"https:\/\/expressometro.mx\/index.php\/2021\/10\/26\/instalan-comision-para-las-declaratorias-de-alerta-de-violencia-de-genero\/","og_locale":"es_MX","og_type":"article","og_title":"Instalan Comisi\u00f3n para las Declaratorias de Alerta de Violencia de G\u00e9nero - Expresso Metropolitano","og_description":"La Comisi\u00f3n para las Declaratorias de Alerta de Violencia de G\u00e9nero contra las Mujeres por Feminicidio y Desaparici\u00f3n ser\u00e1 la \u00b4caja de resonancia\u00b4 de las v\u00edctimas y sus familias para que su voz se escuch\u00e9 en el Congreso local y se traduzca en pol\u00edticas p\u00fablicas que contribuyan a la verdad y a la justicia, sostuvo la diputada Karina Labastida Sotelo (Morena), presidenta de este \u00f3rgano parlamentario.","og_url":"https:\/\/expressometro.mx\/index.php\/2021\/10\/26\/instalan-comision-para-las-declaratorias-de-alerta-de-violencia-de-genero\/","og_site_name":"Expresso Metropolitano","article_published_time":"2021-10-26T23:45:00+00:00","article_modified_time":"2021-10-27T23:46:36+00:00","og_image":[{"width":1024,"height":684,"url":"https:\/\/expressometro.mx\/wp-content\/uploads\/2021\/10\/WhatsApp-Image-2021-10-26-at-22.13.17.jpeg","type":"image\/jpeg"}],"author":"Cecilia Vega","twitter_misc":{"Escrito por":"Cecilia Vega","Tiempo de lectura":"2 minutos"},"schema":{"@context":"https:\/\/schema.org","@graph":[{"@type":"Article","@id":"https:\/\/expressometro.mx\/index.php\/2021\/10\/26\/instalan-comision-para-las-declaratorias-de-alerta-de-violencia-de-genero\/#article","isPartOf":{"@id":"https:\/\/expressometro.mx\/index.php\/2021\/10\/26\/instalan-comision-para-las-declaratorias-de-alerta-de-violencia-de-genero\/"},"author":{"name":"Cecilia Vega","@id":"https:\/\/expressometro.mx\/#\/schema\/person\/67a95b8e3862085c7598f66237488f1f"},"headline":"Instalan Comisi\u00f3n para las Declaratorias de Alerta de Violencia de G\u00e9nero","datePublished":"2021-10-26T23:45:00+00:00","dateModified":"2021-10-27T23:46:36+00:00","mainEntityOfPage":{"@id":"https:\/\/expressometro.mx\/index.php\/2021\/10\/26\/instalan-comision-para-las-declaratorias-de-alerta-de-violencia-de-genero\/"},"wordCount":319,"commentCount":0,"publisher":{"@id":"https:\/\/expressometro.mx\/#organization"},"image":{"@id":"https:\/\/expressometro.mx\/index.php\/2021\/10\/26\/instalan-comision-para-las-declaratorias-de-alerta-de-violencia-de-genero\/#primaryimage"},"thumbnailUrl":"https:\/\/expressometro.mx\/wp-content\/uploads\/2021\/10\/WhatsApp-Image-2021-10-26-at-22.13.17.jpeg","keywords":["Violencia de g\u00e9nero"],"articleSection":["Gobierno","Seguridad"],"inLanguage":"es","potentialAction":[{"@type":"CommentAction","name":"Comment","target":["https:\/\/expressometro.mx\/index.php\/2021\/10\/26\/instalan-comision-para-las-declaratorias-de-alerta-de-violencia-de-genero\/#respond"]}]},{"@type":"WebPage","@id":"https:\/\/expressometro.mx\/index.php\/2021\/10\/26\/instalan-comision-para-las-declaratorias-de-alerta-de-violencia-de-genero\/","url":"https:\/\/expressometro.mx\/index.php\/2021\/10\/26\/instalan-comision-para-las-declaratorias-de-alerta-de-violencia-de-genero\/","name":"Instalan Comisi\u00f3n para las Declaratorias de Alerta de Violencia de G\u00e9nero - Expresso Metropolitano","isPartOf":{"@id":"https:\/\/expressometro.mx\/#website"},"primaryImageOfPage":{"@id":"https:\/\/expressometro.mx\/index.php\/2021\/10\/26\/instalan-comision-para-las-declaratorias-de-alerta-de-violencia-de-genero\/#primaryimage"},"image":{"@id":"https:\/\/expressometro.mx\/index.php\/2021\/10\/26\/instalan-comision-para-las-declaratorias-de-alerta-de-violencia-de-genero\/#primaryimage"},"thumbnailUrl":"https:\/\/expressometro.mx\/wp-content\/uploads\/2021\/10\/WhatsApp-Image-2021-10-26-at-22.13.17.jpeg","datePublished":"2021-10-26T23:45:00+00:00","dateModified":"2021-10-27T23:46:36+00:00","breadcrumb":{"@id":"https:\/\/expressometro.mx\/index.php\/2021\/10\/26\/instalan-comision-para-las-declaratorias-de-alerta-de-violencia-de-genero\/#breadcrumb"},"inLanguage":"es","potentialAction":[{"@type":"ReadAction","target":["https:\/\/expressometro.mx\/index.php\/2021\/10\/26\/instalan-comision-para-las-declaratorias-de-alerta-de-violencia-de-genero\/"]}]},{"@type":"ImageObject","inLanguage":"es","@id":"https:\/\/expressometro.mx\/index.php\/2021\/10\/26\/instalan-comision-para-las-declaratorias-de-alerta-de-violencia-de-genero\/#primaryimage","url":"https:\/\/expressometro.mx\/wp-content\/uploads\/2021\/10\/WhatsApp-Image-2021-10-26-at-22.13.17.jpeg","contentUrl":"https:\/\/expressometro.mx\/wp-content\/uploads\/2021\/10\/WhatsApp-Image-2021-10-26-at-22.13.17.jpeg","width":1024,"height":684},{"@type":"BreadcrumbList","@id":"https:\/\/expressometro.mx\/index.php\/2021\/10\/26\/instalan-comision-para-las-declaratorias-de-alerta-de-violencia-de-genero\/#breadcrumb","itemListElement":[{"@type":"ListItem","position":1,"name":"Inicio","item":"https:\/\/expressometro.mx\/"},{"@type":"ListItem","position":2,"name":"Instalan Comisi\u00f3n para las Declaratorias de Alerta de Violencia de G\u00e9nero"}]},{"@type":"WebSite","@id":"https:\/\/expressometro.mx\/#website","url":"https:\/\/expressometro.mx\/","name":"Expresso Metropolitano","description":"Periodismo comprometido, informaci\u00f3n, investigaci\u00f3n y an\u00e1lisis","publisher":{"@id":"https:\/\/expressometro.mx\/#organization"},"potentialAction":[{"@type":"SearchAction","target":{"@type":"EntryPoint","urlTemplate":"https:\/\/expressometro.mx\/?s={search_term_string}"},"query-input":{"@type":"PropertyValueSpecification","valueRequired":true,"valueName":"search_term_string"}}],"inLanguage":"es"},{"@type":"Organization","@id":"https:\/\/expressometro.mx\/#organization","name":"Expresso Metropolitano","url":"https:\/\/expressometro.mx\/","logo":{"@type":"ImageObject","inLanguage":"es","@id":"https:\/\/expressometro.mx\/#\/schema\/logo\/image\/","url":"https:\/\/expressometro.mx\/wp-content\/uploads\/2019\/07\/cropped-Logo-Expresso-Metropolitano-1-1.jpeg","contentUrl":"https:\/\/expressometro.mx\/wp-content\/uploads\/2019\/07\/cropped-Logo-Expresso-Metropolitano-1-1.jpeg","width":290,"height":73,"caption":"Expresso Metropolitano"},"image":{"@id":"https:\/\/expressometro.mx\/#\/schema\/logo\/image\/"}},{"@type":"Person","@id":"https:\/\/expressometro.mx\/#\/schema\/person\/67a95b8e3862085c7598f66237488f1f","name":"Cecilia Vega","image":{"@type":"ImageObject","inLanguage":"es","@id":"https:\/\/secure.gravatar.com\/avatar\/13aae9944ab2ee472a9e407c9487fdbd03b049abaa559af32fe5dbcf615c981b?s=96&d=mm&r=g","url":"https:\/\/secure.gravatar.com\/avatar\/13aae9944ab2ee472a9e407c9487fdbd03b049abaa559af32fe5dbcf615c981b?s=96&d=mm&r=g","contentUrl":"https:\/\/secure.gravatar.com\/avatar\/13aae9944ab2ee472a9e407c9487fdbd03b049abaa559af32fe5dbcf615c981b?s=96&d=mm&r=g","caption":"Cecilia Vega"},"url":"https:\/\/expressometro.mx\/index.php\/author\/cecilia-vega\/"}]}},"amp_enabled":true,"_links":{"self":[{"href":"https:\/\/expressometro.mx\/index.php\/wp-json\/wp\/v2\/posts\/4138","targetHints":{"allow":["GET"]}}],"collection":[{"href":"https:\/\/expressometro.mx\/index.php\/wp-json\/wp\/v2\/posts"}],"about":[{"href":"https:\/\/expressometro.mx\/index.php\/wp-json\/wp\/v2\/types\/post"}],"author":[{"embeddable":true,"href":"https:\/\/expressometro.mx\/index.php\/wp-json\/wp\/v2\/users\/2"}],"replies":[{"embeddable":true,"href":"https:\/\/expressometro.mx\/index.php\/wp-json\/wp\/v2\/comments?post=4138"}],"version-history":[{"count":1,"href":"https:\/\/expressometro.mx\/index.php\/wp-json\/wp\/v2\/posts\/4138\/revisions"}],"predecessor-version":[{"id":4141,"href":"https:\/\/expressometro.mx\/index.php\/wp-json\/wp\/v2\/posts\/4138\/revisions\/4141"}],"wp:featuredmedia":[{"embeddable":true,"href":"https:\/\/expressometro.mx\/index.php\/wp-json\/wp\/v2\/media\/4139"}],"wp:attachment":[{"href":"https:\/\/expressometro.mx\/index.php\/wp-json\/wp\/v2\/media?parent=4138"}],"wp:term":[{"taxonomy":"category","embeddable":true,"href":"https:\/\/expressometro.mx\/index.php\/wp-json\/wp\/v2\/categories?post=4138"},{"taxonomy":"post_tag","embeddable":true,"href":"https:\/\/expressometro.mx\/index.php\/wp-json\/wp\/v2\/tags?post=4138"}],"curies":[{"name":"wp","href":"https:\/\/api.w.org\/{rel}","templated":true}]}}