{"id":4100,"date":"2021-10-26T18:18:00","date_gmt":"2021-10-26T23:18:00","guid":{"rendered":"https:\/\/expressometro.mx\/?p=4100"},"modified":"2021-10-27T18:20:45","modified_gmt":"2021-10-27T23:20:45","slug":"representaran-leticia-mejia-y-braulio-alvarez-al-congreso-ante-el-cedipiem","status":"publish","type":"post","link":"https:\/\/expressometro.mx\/index.php\/2021\/10\/26\/representaran-leticia-mejia-y-braulio-alvarez-al-congreso-ante-el-cedipiem\/","title":{"rendered":"Representar\u00e1n Leticia Mej\u00eda y Braulio \u00c1lvarez al Congreso ante el Cedipiem"},"content":{"rendered":"\n<p>A propuesta de la Junta de Coordinaci\u00f3n Pol\u00edtica, el Congreso mexiquense design\u00f3 por unanimidad de votos a la diputada Leticia Mej\u00eda Garc\u00eda (PRI) y al diputado Braulio Antonio \u00c1lvarez Jasso (PRI), presidente y prosecretario de la Comisi\u00f3n de Asuntos Ind\u00edgenas, respectivamente, como representante y suplente del Poder Legislativo para integrar la junta de gobierno del Consejo Estatal para el Desarrollo Integral de los Pueblos Ind\u00edgenas del Estado de M\u00e9xico (Cedipiem).<\/p>\n\n\n\n<p>En sesi\u00f3n deliberante, el Pleno legislativo tambi\u00e9n se dio por enterado de la recepci\u00f3n de las propuestas de Tablas de valores unitarios de suelo y construcciones para el ejercicio fiscal 2022 de 107 municipios, las cuales sirven de base, entre otros, para la determinaci\u00f3n del impuesto predial, as\u00ed como la recepci\u00f3n de la iniciativa de tarifas de agua diferentes a las del C\u00f3digo Financiero del Estado de M\u00e9xico y Municipios presentada por el ayuntamiento de Toluca.<\/p>\n\n\n\n<p>Estas iniciativas, expuestas por el legislador Faustino de la Cruz P\u00e9rez (Morena) y por la diputada Lilia Urbina Salazar (PRI), fueron turnadas para su dictamen a las comisiones legislativas de Legislaci\u00f3n y Administraci\u00f3n Municipal, de Finanzas P\u00fablicas y de Recursos Hidr\u00e1ulicos.<\/p>\n\n\n\n<figure class=\"wp-block-image size-large\"><img decoding=\"async\" width=\"720\" height=\"480\" src=\"https:\/\/expressometro.mx\/wp-content\/uploads\/2021\/10\/WhatsApp-Image-2021-10-26-at-21.56.54-1-720x480.jpeg\" alt=\"\" class=\"wp-image-4102\" srcset=\"https:\/\/expressometro.mx\/wp-content\/uploads\/2021\/10\/WhatsApp-Image-2021-10-26-at-21.56.54-1-720x480.jpeg 720w, https:\/\/expressometro.mx\/wp-content\/uploads\/2021\/10\/WhatsApp-Image-2021-10-26-at-21.56.54-1-547x365.jpeg 547w, https:\/\/expressometro.mx\/wp-content\/uploads\/2021\/10\/WhatsApp-Image-2021-10-26-at-21.56.54-1-768x512.jpeg 768w, https:\/\/expressometro.mx\/wp-content\/uploads\/2021\/10\/WhatsApp-Image-2021-10-26-at-21.56.54-1.jpeg 1024w\" sizes=\"(max-width: 720px) 100vw, 720px\" \/><\/figure>\n","protected":false},"excerpt":{"rendered":"<p>Estas iniciativas, expuestas por el legislador Faustino de la Cruz P\u00e9rez (Morena) y por la diputada Lilia Urbina Salazar (PRI), fueron turnadas para su dictamen a las comisiones legislativas de Legislaci\u00f3n y Administraci\u00f3n Municipal, de Finanzas P\u00fablicas y de Recursos Hidr\u00e1ulicos.<\/p>\n","protected":false},"author":2,"featured_media":4103,"comment_status":"open","ping_status":"open","sticky":false,"template":"","format":"standard","meta":{"footnotes":""},"categories":[3],"tags":[853,1068,1069],"class_list":["post-4100","post","type-post","status-publish","format-standard","has-post-thumbnail","hentry","category-gobierno","tag-braulio-alvarez","tag-cedipiem","tag-leticia-mejia"],"yoast_head":"<!-- This site is optimized with the Yoast SEO plugin v27.4 - https:\/\/yoast.com\/product\/yoast-seo-wordpress\/ -->\n<title>Representar\u00e1n Leticia Mej\u00eda y Braulio \u00c1lvarez al Congreso ante el Cedipiem - Expresso Metropolitano<\/title>\n<meta name=\"robots\" content=\"index, follow, max-snippet:-1, max-image-preview:large, max-video-preview:-1\" \/>\n<link rel=\"canonical\" href=\"https:\/\/expressometro.mx\/index.php\/2021\/10\/26\/representaran-leticia-mejia-y-braulio-alvarez-al-congreso-ante-el-cedipiem\/\" \/>\n<meta property=\"og:locale\" content=\"es_MX\" \/>\n<meta property=\"og:type\" content=\"article\" \/>\n<meta property=\"og:title\" content=\"Representar\u00e1n Leticia Mej\u00eda y Braulio \u00c1lvarez al Congreso ante el Cedipiem - Expresso Metropolitano\" \/>\n<meta property=\"og:description\" content=\"Estas iniciativas, expuestas por el legislador Faustino de la Cruz P\u00e9rez (Morena) y por la diputada Lilia Urbina Salazar (PRI), fueron turnadas para su dictamen a las comisiones legislativas de Legislaci\u00f3n y Administraci\u00f3n Municipal, de Finanzas P\u00fablicas y de Recursos Hidr\u00e1ulicos.\" \/>\n<meta property=\"og:url\" content=\"https:\/\/expressometro.mx\/index.php\/2021\/10\/26\/representaran-leticia-mejia-y-braulio-alvarez-al-congreso-ante-el-cedipiem\/\" \/>\n<meta property=\"og:site_name\" content=\"Expresso Metropolitano\" \/>\n<meta property=\"article:published_time\" content=\"2021-10-26T23:18:00+00:00\" \/>\n<meta property=\"article:modified_time\" content=\"2021-10-27T23:20:45+00:00\" \/>\n<meta property=\"og:image\" content=\"https:\/\/expressometro.mx\/wp-content\/uploads\/2021\/10\/WhatsApp-Image-2021-10-26-at-21.56.54.jpeg\" \/>\n\t<meta property=\"og:image:width\" content=\"1024\" \/>\n\t<meta property=\"og:image:height\" content=\"683\" \/>\n\t<meta property=\"og:image:type\" content=\"image\/jpeg\" \/>\n<meta name=\"author\" content=\"Cecilia Vega\" \/>\n<meta name=\"twitter:label1\" content=\"Escrito por\" \/>\n\t<meta name=\"twitter:data1\" content=\"Cecilia Vega\" \/>\n\t<meta name=\"twitter:label2\" content=\"Tiempo de lectura\" \/>\n\t<meta name=\"twitter:data2\" content=\"2 minutos\" \/>\n<script type=\"application\/ld+json\" class=\"yoast-schema-graph\">{\"@context\":\"https:\\\/\\\/schema.org\",\"@graph\":[{\"@type\":\"Article\",\"@id\":\"https:\\\/\\\/expressometro.mx\\\/index.php\\\/2021\\\/10\\\/26\\\/representaran-leticia-mejia-y-braulio-alvarez-al-congreso-ante-el-cedipiem\\\/#article\",\"isPartOf\":{\"@id\":\"https:\\\/\\\/expressometro.mx\\\/index.php\\\/2021\\\/10\\\/26\\\/representaran-leticia-mejia-y-braulio-alvarez-al-congreso-ante-el-cedipiem\\\/\"},\"author\":{\"name\":\"Cecilia Vega\",\"@id\":\"https:\\\/\\\/expressometro.mx\\\/#\\\/schema\\\/person\\\/67a95b8e3862085c7598f66237488f1f\"},\"headline\":\"Representar\u00e1n Leticia Mej\u00eda y Braulio \u00c1lvarez al Congreso ante el Cedipiem\",\"datePublished\":\"2021-10-26T23:18:00+00:00\",\"dateModified\":\"2021-10-27T23:20:45+00:00\",\"mainEntityOfPage\":{\"@id\":\"https:\\\/\\\/expressometro.mx\\\/index.php\\\/2021\\\/10\\\/26\\\/representaran-leticia-mejia-y-braulio-alvarez-al-congreso-ante-el-cedipiem\\\/\"},\"wordCount\":218,\"commentCount\":0,\"publisher\":{\"@id\":\"https:\\\/\\\/expressometro.mx\\\/#organization\"},\"image\":{\"@id\":\"https:\\\/\\\/expressometro.mx\\\/index.php\\\/2021\\\/10\\\/26\\\/representaran-leticia-mejia-y-braulio-alvarez-al-congreso-ante-el-cedipiem\\\/#primaryimage\"},\"thumbnailUrl\":\"https:\\\/\\\/expressometro.mx\\\/wp-content\\\/uploads\\\/2021\\\/10\\\/WhatsApp-Image-2021-10-26-at-21.56.54.jpeg\",\"keywords\":[\"Braulio \u00c1lvarez\",\"Cedipiem\",\"Leticia Mej\u00eda\"],\"articleSection\":[\"Gobierno\"],\"inLanguage\":\"es\",\"potentialAction\":[{\"@type\":\"CommentAction\",\"name\":\"Comment\",\"target\":[\"https:\\\/\\\/expressometro.mx\\\/index.php\\\/2021\\\/10\\\/26\\\/representaran-leticia-mejia-y-braulio-alvarez-al-congreso-ante-el-cedipiem\\\/#respond\"]}]},{\"@type\":\"WebPage\",\"@id\":\"https:\\\/\\\/expressometro.mx\\\/index.php\\\/2021\\\/10\\\/26\\\/representaran-leticia-mejia-y-braulio-alvarez-al-congreso-ante-el-cedipiem\\\/\",\"url\":\"https:\\\/\\\/expressometro.mx\\\/index.php\\\/2021\\\/10\\\/26\\\/representaran-leticia-mejia-y-braulio-alvarez-al-congreso-ante-el-cedipiem\\\/\",\"name\":\"Representar\u00e1n Leticia Mej\u00eda y Braulio \u00c1lvarez al Congreso ante el Cedipiem - Expresso Metropolitano\",\"isPartOf\":{\"@id\":\"https:\\\/\\\/expressometro.mx\\\/#website\"},\"primaryImageOfPage\":{\"@id\":\"https:\\\/\\\/expressometro.mx\\\/index.php\\\/2021\\\/10\\\/26\\\/representaran-leticia-mejia-y-braulio-alvarez-al-congreso-ante-el-cedipiem\\\/#primaryimage\"},\"image\":{\"@id\":\"https:\\\/\\\/expressometro.mx\\\/index.php\\\/2021\\\/10\\\/26\\\/representaran-leticia-mejia-y-braulio-alvarez-al-congreso-ante-el-cedipiem\\\/#primaryimage\"},\"thumbnailUrl\":\"https:\\\/\\\/expressometro.mx\\\/wp-content\\\/uploads\\\/2021\\\/10\\\/WhatsApp-Image-2021-10-26-at-21.56.54.jpeg\",\"datePublished\":\"2021-10-26T23:18:00+00:00\",\"dateModified\":\"2021-10-27T23:20:45+00:00\",\"breadcrumb\":{\"@id\":\"https:\\\/\\\/expressometro.mx\\\/index.php\\\/2021\\\/10\\\/26\\\/representaran-leticia-mejia-y-braulio-alvarez-al-congreso-ante-el-cedipiem\\\/#breadcrumb\"},\"inLanguage\":\"es\",\"potentialAction\":[{\"@type\":\"ReadAction\",\"target\":[\"https:\\\/\\\/expressometro.mx\\\/index.php\\\/2021\\\/10\\\/26\\\/representaran-leticia-mejia-y-braulio-alvarez-al-congreso-ante-el-cedipiem\\\/\"]}]},{\"@type\":\"ImageObject\",\"inLanguage\":\"es\",\"@id\":\"https:\\\/\\\/expressometro.mx\\\/index.php\\\/2021\\\/10\\\/26\\\/representaran-leticia-mejia-y-braulio-alvarez-al-congreso-ante-el-cedipiem\\\/#primaryimage\",\"url\":\"https:\\\/\\\/expressometro.mx\\\/wp-content\\\/uploads\\\/2021\\\/10\\\/WhatsApp-Image-2021-10-26-at-21.56.54.jpeg\",\"contentUrl\":\"https:\\\/\\\/expressometro.mx\\\/wp-content\\\/uploads\\\/2021\\\/10\\\/WhatsApp-Image-2021-10-26-at-21.56.54.jpeg\",\"width\":1024,\"height\":683},{\"@type\":\"BreadcrumbList\",\"@id\":\"https:\\\/\\\/expressometro.mx\\\/index.php\\\/2021\\\/10\\\/26\\\/representaran-leticia-mejia-y-braulio-alvarez-al-congreso-ante-el-cedipiem\\\/#breadcrumb\",\"itemListElement\":[{\"@type\":\"ListItem\",\"position\":1,\"name\":\"Inicio\",\"item\":\"https:\\\/\\\/expressometro.mx\\\/\"},{\"@type\":\"ListItem\",\"position\":2,\"name\":\"Representar\u00e1n Leticia Mej\u00eda y Braulio \u00c1lvarez al Congreso ante el Cedipiem\"}]},{\"@type\":\"WebSite\",\"@id\":\"https:\\\/\\\/expressometro.mx\\\/#website\",\"url\":\"https:\\\/\\\/expressometro.mx\\\/\",\"name\":\"Expresso Metropolitano\",\"description\":\"Periodismo comprometido, informaci\u00f3n, investigaci\u00f3n y an\u00e1lisis\",\"publisher\":{\"@id\":\"https:\\\/\\\/expressometro.mx\\\/#organization\"},\"potentialAction\":[{\"@type\":\"SearchAction\",\"target\":{\"@type\":\"EntryPoint\",\"urlTemplate\":\"https:\\\/\\\/expressometro.mx\\\/?s={search_term_string}\"},\"query-input\":{\"@type\":\"PropertyValueSpecification\",\"valueRequired\":true,\"valueName\":\"search_term_string\"}}],\"inLanguage\":\"es\"},{\"@type\":\"Organization\",\"@id\":\"https:\\\/\\\/expressometro.mx\\\/#organization\",\"name\":\"Expresso Metropolitano\",\"url\":\"https:\\\/\\\/expressometro.mx\\\/\",\"logo\":{\"@type\":\"ImageObject\",\"inLanguage\":\"es\",\"@id\":\"https:\\\/\\\/expressometro.mx\\\/#\\\/schema\\\/logo\\\/image\\\/\",\"url\":\"https:\\\/\\\/expressometro.mx\\\/wp-content\\\/uploads\\\/2019\\\/07\\\/cropped-Logo-Expresso-Metropolitano-1-1.jpeg\",\"contentUrl\":\"https:\\\/\\\/expressometro.mx\\\/wp-content\\\/uploads\\\/2019\\\/07\\\/cropped-Logo-Expresso-Metropolitano-1-1.jpeg\",\"width\":290,\"height\":73,\"caption\":\"Expresso Metropolitano\"},\"image\":{\"@id\":\"https:\\\/\\\/expressometro.mx\\\/#\\\/schema\\\/logo\\\/image\\\/\"}},{\"@type\":\"Person\",\"@id\":\"https:\\\/\\\/expressometro.mx\\\/#\\\/schema\\\/person\\\/67a95b8e3862085c7598f66237488f1f\",\"name\":\"Cecilia Vega\",\"image\":{\"@type\":\"ImageObject\",\"inLanguage\":\"es\",\"@id\":\"https:\\\/\\\/secure.gravatar.com\\\/avatar\\\/13aae9944ab2ee472a9e407c9487fdbd03b049abaa559af32fe5dbcf615c981b?s=96&d=mm&r=g\",\"url\":\"https:\\\/\\\/secure.gravatar.com\\\/avatar\\\/13aae9944ab2ee472a9e407c9487fdbd03b049abaa559af32fe5dbcf615c981b?s=96&d=mm&r=g\",\"contentUrl\":\"https:\\\/\\\/secure.gravatar.com\\\/avatar\\\/13aae9944ab2ee472a9e407c9487fdbd03b049abaa559af32fe5dbcf615c981b?s=96&d=mm&r=g\",\"caption\":\"Cecilia Vega\"},\"url\":\"https:\\\/\\\/expressometro.mx\\\/index.php\\\/author\\\/cecilia-vega\\\/\"}]}<\/script>\n<!-- \/ Yoast SEO plugin. -->","yoast_head_json":{"title":"Representar\u00e1n Leticia Mej\u00eda y Braulio \u00c1lvarez al Congreso ante el Cedipiem - Expresso Metropolitano","robots":{"index":"index","follow":"follow","max-snippet":"max-snippet:-1","max-image-preview":"max-image-preview:large","max-video-preview":"max-video-preview:-1"},"canonical":"https:\/\/expressometro.mx\/index.php\/2021\/10\/26\/representaran-leticia-mejia-y-braulio-alvarez-al-congreso-ante-el-cedipiem\/","og_locale":"es_MX","og_type":"article","og_title":"Representar\u00e1n Leticia Mej\u00eda y Braulio \u00c1lvarez al Congreso ante el Cedipiem - Expresso Metropolitano","og_description":"Estas iniciativas, expuestas por el legislador Faustino de la Cruz P\u00e9rez (Morena) y por la diputada Lilia Urbina Salazar (PRI), fueron turnadas para su dictamen a las comisiones legislativas de Legislaci\u00f3n y Administraci\u00f3n Municipal, de Finanzas P\u00fablicas y de Recursos Hidr\u00e1ulicos.","og_url":"https:\/\/expressometro.mx\/index.php\/2021\/10\/26\/representaran-leticia-mejia-y-braulio-alvarez-al-congreso-ante-el-cedipiem\/","og_site_name":"Expresso Metropolitano","article_published_time":"2021-10-26T23:18:00+00:00","article_modified_time":"2021-10-27T23:20:45+00:00","og_image":[{"width":1024,"height":683,"url":"https:\/\/expressometro.mx\/wp-content\/uploads\/2021\/10\/WhatsApp-Image-2021-10-26-at-21.56.54.jpeg","type":"image\/jpeg"}],"author":"Cecilia Vega","twitter_misc":{"Escrito por":"Cecilia Vega","Tiempo de lectura":"2 minutos"},"schema":{"@context":"https:\/\/schema.org","@graph":[{"@type":"Article","@id":"https:\/\/expressometro.mx\/index.php\/2021\/10\/26\/representaran-leticia-mejia-y-braulio-alvarez-al-congreso-ante-el-cedipiem\/#article","isPartOf":{"@id":"https:\/\/expressometro.mx\/index.php\/2021\/10\/26\/representaran-leticia-mejia-y-braulio-alvarez-al-congreso-ante-el-cedipiem\/"},"author":{"name":"Cecilia Vega","@id":"https:\/\/expressometro.mx\/#\/schema\/person\/67a95b8e3862085c7598f66237488f1f"},"headline":"Representar\u00e1n Leticia Mej\u00eda y Braulio \u00c1lvarez al Congreso ante el Cedipiem","datePublished":"2021-10-26T23:18:00+00:00","dateModified":"2021-10-27T23:20:45+00:00","mainEntityOfPage":{"@id":"https:\/\/expressometro.mx\/index.php\/2021\/10\/26\/representaran-leticia-mejia-y-braulio-alvarez-al-congreso-ante-el-cedipiem\/"},"wordCount":218,"commentCount":0,"publisher":{"@id":"https:\/\/expressometro.mx\/#organization"},"image":{"@id":"https:\/\/expressometro.mx\/index.php\/2021\/10\/26\/representaran-leticia-mejia-y-braulio-alvarez-al-congreso-ante-el-cedipiem\/#primaryimage"},"thumbnailUrl":"https:\/\/expressometro.mx\/wp-content\/uploads\/2021\/10\/WhatsApp-Image-2021-10-26-at-21.56.54.jpeg","keywords":["Braulio \u00c1lvarez","Cedipiem","Leticia Mej\u00eda"],"articleSection":["Gobierno"],"inLanguage":"es","potentialAction":[{"@type":"CommentAction","name":"Comment","target":["https:\/\/expressometro.mx\/index.php\/2021\/10\/26\/representaran-leticia-mejia-y-braulio-alvarez-al-congreso-ante-el-cedipiem\/#respond"]}]},{"@type":"WebPage","@id":"https:\/\/expressometro.mx\/index.php\/2021\/10\/26\/representaran-leticia-mejia-y-braulio-alvarez-al-congreso-ante-el-cedipiem\/","url":"https:\/\/expressometro.mx\/index.php\/2021\/10\/26\/representaran-leticia-mejia-y-braulio-alvarez-al-congreso-ante-el-cedipiem\/","name":"Representar\u00e1n Leticia Mej\u00eda y Braulio \u00c1lvarez al Congreso ante el Cedipiem - Expresso Metropolitano","isPartOf":{"@id":"https:\/\/expressometro.mx\/#website"},"primaryImageOfPage":{"@id":"https:\/\/expressometro.mx\/index.php\/2021\/10\/26\/representaran-leticia-mejia-y-braulio-alvarez-al-congreso-ante-el-cedipiem\/#primaryimage"},"image":{"@id":"https:\/\/expressometro.mx\/index.php\/2021\/10\/26\/representaran-leticia-mejia-y-braulio-alvarez-al-congreso-ante-el-cedipiem\/#primaryimage"},"thumbnailUrl":"https:\/\/expressometro.mx\/wp-content\/uploads\/2021\/10\/WhatsApp-Image-2021-10-26-at-21.56.54.jpeg","datePublished":"2021-10-26T23:18:00+00:00","dateModified":"2021-10-27T23:20:45+00:00","breadcrumb":{"@id":"https:\/\/expressometro.mx\/index.php\/2021\/10\/26\/representaran-leticia-mejia-y-braulio-alvarez-al-congreso-ante-el-cedipiem\/#breadcrumb"},"inLanguage":"es","potentialAction":[{"@type":"ReadAction","target":["https:\/\/expressometro.mx\/index.php\/2021\/10\/26\/representaran-leticia-mejia-y-braulio-alvarez-al-congreso-ante-el-cedipiem\/"]}]},{"@type":"ImageObject","inLanguage":"es","@id":"https:\/\/expressometro.mx\/index.php\/2021\/10\/26\/representaran-leticia-mejia-y-braulio-alvarez-al-congreso-ante-el-cedipiem\/#primaryimage","url":"https:\/\/expressometro.mx\/wp-content\/uploads\/2021\/10\/WhatsApp-Image-2021-10-26-at-21.56.54.jpeg","contentUrl":"https:\/\/expressometro.mx\/wp-content\/uploads\/2021\/10\/WhatsApp-Image-2021-10-26-at-21.56.54.jpeg","width":1024,"height":683},{"@type":"BreadcrumbList","@id":"https:\/\/expressometro.mx\/index.php\/2021\/10\/26\/representaran-leticia-mejia-y-braulio-alvarez-al-congreso-ante-el-cedipiem\/#breadcrumb","itemListElement":[{"@type":"ListItem","position":1,"name":"Inicio","item":"https:\/\/expressometro.mx\/"},{"@type":"ListItem","position":2,"name":"Representar\u00e1n Leticia Mej\u00eda y Braulio \u00c1lvarez al Congreso ante el Cedipiem"}]},{"@type":"WebSite","@id":"https:\/\/expressometro.mx\/#website","url":"https:\/\/expressometro.mx\/","name":"Expresso Metropolitano","description":"Periodismo comprometido, informaci\u00f3n, investigaci\u00f3n y an\u00e1lisis","publisher":{"@id":"https:\/\/expressometro.mx\/#organization"},"potentialAction":[{"@type":"SearchAction","target":{"@type":"EntryPoint","urlTemplate":"https:\/\/expressometro.mx\/?s={search_term_string}"},"query-input":{"@type":"PropertyValueSpecification","valueRequired":true,"valueName":"search_term_string"}}],"inLanguage":"es"},{"@type":"Organization","@id":"https:\/\/expressometro.mx\/#organization","name":"Expresso Metropolitano","url":"https:\/\/expressometro.mx\/","logo":{"@type":"ImageObject","inLanguage":"es","@id":"https:\/\/expressometro.mx\/#\/schema\/logo\/image\/","url":"https:\/\/expressometro.mx\/wp-content\/uploads\/2019\/07\/cropped-Logo-Expresso-Metropolitano-1-1.jpeg","contentUrl":"https:\/\/expressometro.mx\/wp-content\/uploads\/2019\/07\/cropped-Logo-Expresso-Metropolitano-1-1.jpeg","width":290,"height":73,"caption":"Expresso Metropolitano"},"image":{"@id":"https:\/\/expressometro.mx\/#\/schema\/logo\/image\/"}},{"@type":"Person","@id":"https:\/\/expressometro.mx\/#\/schema\/person\/67a95b8e3862085c7598f66237488f1f","name":"Cecilia Vega","image":{"@type":"ImageObject","inLanguage":"es","@id":"https:\/\/secure.gravatar.com\/avatar\/13aae9944ab2ee472a9e407c9487fdbd03b049abaa559af32fe5dbcf615c981b?s=96&d=mm&r=g","url":"https:\/\/secure.gravatar.com\/avatar\/13aae9944ab2ee472a9e407c9487fdbd03b049abaa559af32fe5dbcf615c981b?s=96&d=mm&r=g","contentUrl":"https:\/\/secure.gravatar.com\/avatar\/13aae9944ab2ee472a9e407c9487fdbd03b049abaa559af32fe5dbcf615c981b?s=96&d=mm&r=g","caption":"Cecilia Vega"},"url":"https:\/\/expressometro.mx\/index.php\/author\/cecilia-vega\/"}]}},"amp_enabled":true,"_links":{"self":[{"href":"https:\/\/expressometro.mx\/index.php\/wp-json\/wp\/v2\/posts\/4100","targetHints":{"allow":["GET"]}}],"collection":[{"href":"https:\/\/expressometro.mx\/index.php\/wp-json\/wp\/v2\/posts"}],"about":[{"href":"https:\/\/expressometro.mx\/index.php\/wp-json\/wp\/v2\/types\/post"}],"author":[{"embeddable":true,"href":"https:\/\/expressometro.mx\/index.php\/wp-json\/wp\/v2\/users\/2"}],"replies":[{"embeddable":true,"href":"https:\/\/expressometro.mx\/index.php\/wp-json\/wp\/v2\/comments?post=4100"}],"version-history":[{"count":1,"href":"https:\/\/expressometro.mx\/index.php\/wp-json\/wp\/v2\/posts\/4100\/revisions"}],"predecessor-version":[{"id":4104,"href":"https:\/\/expressometro.mx\/index.php\/wp-json\/wp\/v2\/posts\/4100\/revisions\/4104"}],"wp:featuredmedia":[{"embeddable":true,"href":"https:\/\/expressometro.mx\/index.php\/wp-json\/wp\/v2\/media\/4103"}],"wp:attachment":[{"href":"https:\/\/expressometro.mx\/index.php\/wp-json\/wp\/v2\/media?parent=4100"}],"wp:term":[{"taxonomy":"category","embeddable":true,"href":"https:\/\/expressometro.mx\/index.php\/wp-json\/wp\/v2\/categories?post=4100"},{"taxonomy":"post_tag","embeddable":true,"href":"https:\/\/expressometro.mx\/index.php\/wp-json\/wp\/v2\/tags?post=4100"}],"curies":[{"name":"wp","href":"https:\/\/api.w.org\/{rel}","templated":true}]}}