{"id":4087,"date":"2021-10-26T17:53:00","date_gmt":"2021-10-26T22:53:00","guid":{"rendered":"https:\/\/expressometro.mx\/?p=4087"},"modified":"2021-10-27T18:10:02","modified_gmt":"2021-10-27T23:10:02","slug":"va-morena-por-colaboracion-de-escuelas-para-reducir-obesidad-infantil","status":"publish","type":"post","link":"https:\/\/expressometro.mx\/index.php\/2021\/10\/26\/va-morena-por-colaboracion-de-escuelas-para-reducir-obesidad-infantil\/","title":{"rendered":"Va Morena por colaboraci\u00f3n de escuelas para reducir obesidad infantil"},"content":{"rendered":"\n<p>Con el prop\u00f3sito de reducir el sedentarismo y la obesidad infantil, la diputada Anais Miriam Burgos Hern\u00e1ndez (Morena) propuso que los planteles de educaci\u00f3n b\u00e1sica impartan 180 minutos de educaci\u00f3n f\u00edsica, es decir, tres horas divididas en tres sesiones a la semana, cuyos resultados deber\u00e1n evaluarse anualmente.<\/p>\n\n\n\n<p>Al presentar su propuesta de reforma a la Ley de Educaci\u00f3n estatal, la legisladora Anais Burgos destac\u00f3 que la intervenci\u00f3n del sistema educativo debe enfocarse en cambios de comportamiento que incrementen la actividad f\u00edsica del alumnado con el objetivo de reducir el sedentarismo, pues actualmente m\u00e1s de 40% de la poblaci\u00f3n infantil tiene sobrepeso.<\/p>\n\n\n\n<p>Dijo que estimaciones del Observatorio Mexicano de Enfermedades No Transmisibles y del Sistema de Indicadores para Monitorear los Avances de la Estrategia Nacional para la Prevenci\u00f3n y Control del Sobrepeso, la Obesidad y la Diabetes se\u00f1alan que en 2013 la entidad mexiquense destin\u00f3 11.23% del gasto en salud anual para el control del peso, la hipertensi\u00f3n y la diabetes, con lo que se ocup\u00f3 el s\u00e9ptimo lugar nacional en gasto para el control de estas enfermedades.<\/p>\n\n\n\n<p>Buscan combatir la alienaci\u00f3n parental<\/p>\n\n\n\n<p>El diputado Emiliano Aguirre Cruz (Morena) present\u00f3 una iniciativa para disminuir y atender los casos de alienaci\u00f3n parental, definida como la conducta del padre o la madre que ejerza la guarda y custodia o patria potestad de su hijo o hija menor de edad, tendiente a influir negativamente en los hijos en contra del otro padre o madre, provoc\u00e1ndole sentimientos y acciones negativas de rechazo o distanciamiento.<\/p>\n\n\n\n<p>A trav\u00e9s de reformas y adiciones al C\u00f3digo Civil y al C\u00f3digo de Procedimientos Civiles, ambos estatales, se propone que si la madre o el padre realizan cualquier acto de alienaci\u00f3n parental se informe al juez para que ordene terapias de psicolog\u00eda familiar necesarias para los menores y sus padres; adem\u00e1s de que el juez podr\u00e1 hacer uso de las medidas de apremio para su cumplimiento.<\/p>\n\n\n\n<p>Entre los actos que ser\u00e1n considerados como conductas de alienaci\u00f3n parental destacan: impedir que el padre o la madre ejerza el derecho de convivencia con sus hijos; desvalorizar e insultar al otro padre o madre en presencia de los ni\u00f1os y en su ausencia; ridiculizar los sentimientos de afecto de los ni\u00f1os hacia el otro padre o madre; provocar, promover o premiar las conductas despectivas y de rechazo hacia el otro padre o madre.<\/p>\n\n\n\n<p>Para su dictamen, la iniciativa se envi\u00f3 a las comisiones de Procuraci\u00f3n y Administraci\u00f3n de Justicia, de Familia y Desarrollo Humano y de los Derechos de las Ni\u00f1as, Ni\u00f1os y Adolescentes y la Primera Infancia.<\/p>\n\n\n\n<figure class=\"wp-block-image size-large\"><img loading=\"lazy\" decoding=\"async\" width=\"720\" height=\"480\" src=\"https:\/\/expressometro.mx\/wp-content\/uploads\/2021\/10\/WhatsApp-Image-2021-10-26-at-21.51.28-1-720x480.jpeg\" alt=\"\" class=\"wp-image-4089\" srcset=\"https:\/\/expressometro.mx\/wp-content\/uploads\/2021\/10\/WhatsApp-Image-2021-10-26-at-21.51.28-1-720x480.jpeg 720w, https:\/\/expressometro.mx\/wp-content\/uploads\/2021\/10\/WhatsApp-Image-2021-10-26-at-21.51.28-1-547x365.jpeg 547w, https:\/\/expressometro.mx\/wp-content\/uploads\/2021\/10\/WhatsApp-Image-2021-10-26-at-21.51.28-1-768x512.jpeg 768w, https:\/\/expressometro.mx\/wp-content\/uploads\/2021\/10\/WhatsApp-Image-2021-10-26-at-21.51.28-1.jpeg 1024w\" sizes=\"auto, (max-width: 720px) 100vw, 720px\" \/><\/figure>\n","protected":false},"excerpt":{"rendered":"<p>Con el prop\u00f3sito de reducir el sedentarismo y la obesidad infantil, la diputada Anais Miriam Burgos Hern\u00e1ndez (Morena) propuso que los planteles de educaci\u00f3n b\u00e1sica impartan 180 minutos de educaci\u00f3n f\u00edsica.<\/p>\n","protected":false},"author":2,"featured_media":4090,"comment_status":"open","ping_status":"open","sticky":false,"template":"","format":"standard","meta":{"footnotes":""},"categories":[9,108,3],"tags":[1062,782],"class_list":["post-4087","post","type-post","status-publish","format-standard","has-post-thumbnail","hentry","category-deportes","category-educacion","category-gobierno","tag-anais-miriam-burgos","tag-lxi-legislatura"],"yoast_head":"<!-- This site is optimized with the Yoast SEO plugin v27.5 - https:\/\/yoast.com\/product\/yoast-seo-wordpress\/ -->\n<title>Va Morena por colaboraci\u00f3n de escuelas para reducir obesidad infantil - Expresso Metropolitano<\/title>\n<meta name=\"robots\" content=\"index, follow, max-snippet:-1, max-image-preview:large, max-video-preview:-1\" \/>\n<link rel=\"canonical\" href=\"https:\/\/expressometro.mx\/index.php\/2021\/10\/26\/va-morena-por-colaboracion-de-escuelas-para-reducir-obesidad-infantil\/\" \/>\n<meta property=\"og:locale\" content=\"es_MX\" \/>\n<meta property=\"og:type\" content=\"article\" \/>\n<meta property=\"og:title\" content=\"Va Morena por colaboraci\u00f3n de escuelas para reducir obesidad infantil - Expresso Metropolitano\" \/>\n<meta property=\"og:description\" content=\"Con el prop\u00f3sito de reducir el sedentarismo y la obesidad infantil, la diputada Anais Miriam Burgos Hern\u00e1ndez (Morena) propuso que los planteles de educaci\u00f3n b\u00e1sica impartan 180 minutos de educaci\u00f3n f\u00edsica.\" \/>\n<meta property=\"og:url\" content=\"https:\/\/expressometro.mx\/index.php\/2021\/10\/26\/va-morena-por-colaboracion-de-escuelas-para-reducir-obesidad-infantil\/\" \/>\n<meta property=\"og:site_name\" content=\"Expresso Metropolitano\" \/>\n<meta property=\"article:published_time\" content=\"2021-10-26T22:53:00+00:00\" \/>\n<meta property=\"article:modified_time\" content=\"2021-10-27T23:10:02+00:00\" \/>\n<meta property=\"og:image\" content=\"https:\/\/expressometro.mx\/wp-content\/uploads\/2021\/10\/WhatsApp-Image-2021-10-26-at-21.51.28.jpeg\" \/>\n\t<meta property=\"og:image:width\" content=\"1024\" \/>\n\t<meta property=\"og:image:height\" content=\"683\" \/>\n\t<meta property=\"og:image:type\" content=\"image\/jpeg\" \/>\n<meta name=\"author\" content=\"Cecilia Vega\" \/>\n<meta name=\"twitter:label1\" content=\"Escrito por\" \/>\n\t<meta name=\"twitter:data1\" content=\"Cecilia Vega\" \/>\n\t<meta name=\"twitter:label2\" content=\"Tiempo de lectura\" \/>\n\t<meta name=\"twitter:data2\" content=\"3 minutos\" \/>\n<script type=\"application\/ld+json\" class=\"yoast-schema-graph\">{\"@context\":\"https:\\\/\\\/schema.org\",\"@graph\":[{\"@type\":\"Article\",\"@id\":\"https:\\\/\\\/expressometro.mx\\\/index.php\\\/2021\\\/10\\\/26\\\/va-morena-por-colaboracion-de-escuelas-para-reducir-obesidad-infantil\\\/#article\",\"isPartOf\":{\"@id\":\"https:\\\/\\\/expressometro.mx\\\/index.php\\\/2021\\\/10\\\/26\\\/va-morena-por-colaboracion-de-escuelas-para-reducir-obesidad-infantil\\\/\"},\"author\":{\"name\":\"Cecilia Vega\",\"@id\":\"https:\\\/\\\/expressometro.mx\\\/#\\\/schema\\\/person\\\/67a95b8e3862085c7598f66237488f1f\"},\"headline\":\"Va Morena por colaboraci\u00f3n de escuelas para reducir obesidad infantil\",\"datePublished\":\"2021-10-26T22:53:00+00:00\",\"dateModified\":\"2021-10-27T23:10:02+00:00\",\"mainEntityOfPage\":{\"@id\":\"https:\\\/\\\/expressometro.mx\\\/index.php\\\/2021\\\/10\\\/26\\\/va-morena-por-colaboracion-de-escuelas-para-reducir-obesidad-infantil\\\/\"},\"wordCount\":464,\"commentCount\":0,\"publisher\":{\"@id\":\"https:\\\/\\\/expressometro.mx\\\/#organization\"},\"image\":{\"@id\":\"https:\\\/\\\/expressometro.mx\\\/index.php\\\/2021\\\/10\\\/26\\\/va-morena-por-colaboracion-de-escuelas-para-reducir-obesidad-infantil\\\/#primaryimage\"},\"thumbnailUrl\":\"https:\\\/\\\/expressometro.mx\\\/wp-content\\\/uploads\\\/2021\\\/10\\\/WhatsApp-Image-2021-10-26-at-21.51.28.jpeg\",\"keywords\":[\"Anais Miriam Burgos\",\"LXI Legislatura\"],\"articleSection\":[\"Deportes\",\"Educaci\u00f3n\",\"Gobierno\"],\"inLanguage\":\"es\",\"potentialAction\":[{\"@type\":\"CommentAction\",\"name\":\"Comment\",\"target\":[\"https:\\\/\\\/expressometro.mx\\\/index.php\\\/2021\\\/10\\\/26\\\/va-morena-por-colaboracion-de-escuelas-para-reducir-obesidad-infantil\\\/#respond\"]}]},{\"@type\":\"WebPage\",\"@id\":\"https:\\\/\\\/expressometro.mx\\\/index.php\\\/2021\\\/10\\\/26\\\/va-morena-por-colaboracion-de-escuelas-para-reducir-obesidad-infantil\\\/\",\"url\":\"https:\\\/\\\/expressometro.mx\\\/index.php\\\/2021\\\/10\\\/26\\\/va-morena-por-colaboracion-de-escuelas-para-reducir-obesidad-infantil\\\/\",\"name\":\"Va Morena por colaboraci\u00f3n de escuelas para reducir obesidad infantil - Expresso Metropolitano\",\"isPartOf\":{\"@id\":\"https:\\\/\\\/expressometro.mx\\\/#website\"},\"primaryImageOfPage\":{\"@id\":\"https:\\\/\\\/expressometro.mx\\\/index.php\\\/2021\\\/10\\\/26\\\/va-morena-por-colaboracion-de-escuelas-para-reducir-obesidad-infantil\\\/#primaryimage\"},\"image\":{\"@id\":\"https:\\\/\\\/expressometro.mx\\\/index.php\\\/2021\\\/10\\\/26\\\/va-morena-por-colaboracion-de-escuelas-para-reducir-obesidad-infantil\\\/#primaryimage\"},\"thumbnailUrl\":\"https:\\\/\\\/expressometro.mx\\\/wp-content\\\/uploads\\\/2021\\\/10\\\/WhatsApp-Image-2021-10-26-at-21.51.28.jpeg\",\"datePublished\":\"2021-10-26T22:53:00+00:00\",\"dateModified\":\"2021-10-27T23:10:02+00:00\",\"breadcrumb\":{\"@id\":\"https:\\\/\\\/expressometro.mx\\\/index.php\\\/2021\\\/10\\\/26\\\/va-morena-por-colaboracion-de-escuelas-para-reducir-obesidad-infantil\\\/#breadcrumb\"},\"inLanguage\":\"es\",\"potentialAction\":[{\"@type\":\"ReadAction\",\"target\":[\"https:\\\/\\\/expressometro.mx\\\/index.php\\\/2021\\\/10\\\/26\\\/va-morena-por-colaboracion-de-escuelas-para-reducir-obesidad-infantil\\\/\"]}]},{\"@type\":\"ImageObject\",\"inLanguage\":\"es\",\"@id\":\"https:\\\/\\\/expressometro.mx\\\/index.php\\\/2021\\\/10\\\/26\\\/va-morena-por-colaboracion-de-escuelas-para-reducir-obesidad-infantil\\\/#primaryimage\",\"url\":\"https:\\\/\\\/expressometro.mx\\\/wp-content\\\/uploads\\\/2021\\\/10\\\/WhatsApp-Image-2021-10-26-at-21.51.28.jpeg\",\"contentUrl\":\"https:\\\/\\\/expressometro.mx\\\/wp-content\\\/uploads\\\/2021\\\/10\\\/WhatsApp-Image-2021-10-26-at-21.51.28.jpeg\",\"width\":1024,\"height\":683},{\"@type\":\"BreadcrumbList\",\"@id\":\"https:\\\/\\\/expressometro.mx\\\/index.php\\\/2021\\\/10\\\/26\\\/va-morena-por-colaboracion-de-escuelas-para-reducir-obesidad-infantil\\\/#breadcrumb\",\"itemListElement\":[{\"@type\":\"ListItem\",\"position\":1,\"name\":\"Inicio\",\"item\":\"https:\\\/\\\/expressometro.mx\\\/\"},{\"@type\":\"ListItem\",\"position\":2,\"name\":\"Va Morena por colaboraci\u00f3n de escuelas para reducir obesidad infantil\"}]},{\"@type\":\"WebSite\",\"@id\":\"https:\\\/\\\/expressometro.mx\\\/#website\",\"url\":\"https:\\\/\\\/expressometro.mx\\\/\",\"name\":\"Expresso Metropolitano\",\"description\":\"Periodismo comprometido, informaci\u00f3n, investigaci\u00f3n y an\u00e1lisis\",\"publisher\":{\"@id\":\"https:\\\/\\\/expressometro.mx\\\/#organization\"},\"potentialAction\":[{\"@type\":\"SearchAction\",\"target\":{\"@type\":\"EntryPoint\",\"urlTemplate\":\"https:\\\/\\\/expressometro.mx\\\/?s={search_term_string}\"},\"query-input\":{\"@type\":\"PropertyValueSpecification\",\"valueRequired\":true,\"valueName\":\"search_term_string\"}}],\"inLanguage\":\"es\"},{\"@type\":\"Organization\",\"@id\":\"https:\\\/\\\/expressometro.mx\\\/#organization\",\"name\":\"Expresso Metropolitano\",\"url\":\"https:\\\/\\\/expressometro.mx\\\/\",\"logo\":{\"@type\":\"ImageObject\",\"inLanguage\":\"es\",\"@id\":\"https:\\\/\\\/expressometro.mx\\\/#\\\/schema\\\/logo\\\/image\\\/\",\"url\":\"https:\\\/\\\/expressometro.mx\\\/wp-content\\\/uploads\\\/2019\\\/07\\\/cropped-Logo-Expresso-Metropolitano-1-1.jpeg\",\"contentUrl\":\"https:\\\/\\\/expressometro.mx\\\/wp-content\\\/uploads\\\/2019\\\/07\\\/cropped-Logo-Expresso-Metropolitano-1-1.jpeg\",\"width\":290,\"height\":73,\"caption\":\"Expresso Metropolitano\"},\"image\":{\"@id\":\"https:\\\/\\\/expressometro.mx\\\/#\\\/schema\\\/logo\\\/image\\\/\"}},{\"@type\":\"Person\",\"@id\":\"https:\\\/\\\/expressometro.mx\\\/#\\\/schema\\\/person\\\/67a95b8e3862085c7598f66237488f1f\",\"name\":\"Cecilia Vega\",\"image\":{\"@type\":\"ImageObject\",\"inLanguage\":\"es\",\"@id\":\"https:\\\/\\\/secure.gravatar.com\\\/avatar\\\/13aae9944ab2ee472a9e407c9487fdbd03b049abaa559af32fe5dbcf615c981b?s=96&d=mm&r=g\",\"url\":\"https:\\\/\\\/secure.gravatar.com\\\/avatar\\\/13aae9944ab2ee472a9e407c9487fdbd03b049abaa559af32fe5dbcf615c981b?s=96&d=mm&r=g\",\"contentUrl\":\"https:\\\/\\\/secure.gravatar.com\\\/avatar\\\/13aae9944ab2ee472a9e407c9487fdbd03b049abaa559af32fe5dbcf615c981b?s=96&d=mm&r=g\",\"caption\":\"Cecilia Vega\"},\"url\":\"https:\\\/\\\/expressometro.mx\\\/index.php\\\/author\\\/cecilia-vega\\\/\"}]}<\/script>\n<!-- \/ Yoast SEO plugin. -->","yoast_head_json":{"title":"Va Morena por colaboraci\u00f3n de escuelas para reducir obesidad infantil - Expresso Metropolitano","robots":{"index":"index","follow":"follow","max-snippet":"max-snippet:-1","max-image-preview":"max-image-preview:large","max-video-preview":"max-video-preview:-1"},"canonical":"https:\/\/expressometro.mx\/index.php\/2021\/10\/26\/va-morena-por-colaboracion-de-escuelas-para-reducir-obesidad-infantil\/","og_locale":"es_MX","og_type":"article","og_title":"Va Morena por colaboraci\u00f3n de escuelas para reducir obesidad infantil - Expresso Metropolitano","og_description":"Con el prop\u00f3sito de reducir el sedentarismo y la obesidad infantil, la diputada Anais Miriam Burgos Hern\u00e1ndez (Morena) propuso que los planteles de educaci\u00f3n b\u00e1sica impartan 180 minutos de educaci\u00f3n f\u00edsica.","og_url":"https:\/\/expressometro.mx\/index.php\/2021\/10\/26\/va-morena-por-colaboracion-de-escuelas-para-reducir-obesidad-infantil\/","og_site_name":"Expresso Metropolitano","article_published_time":"2021-10-26T22:53:00+00:00","article_modified_time":"2021-10-27T23:10:02+00:00","og_image":[{"width":1024,"height":683,"url":"https:\/\/expressometro.mx\/wp-content\/uploads\/2021\/10\/WhatsApp-Image-2021-10-26-at-21.51.28.jpeg","type":"image\/jpeg"}],"author":"Cecilia Vega","twitter_misc":{"Escrito por":"Cecilia Vega","Tiempo de lectura":"3 minutos"},"schema":{"@context":"https:\/\/schema.org","@graph":[{"@type":"Article","@id":"https:\/\/expressometro.mx\/index.php\/2021\/10\/26\/va-morena-por-colaboracion-de-escuelas-para-reducir-obesidad-infantil\/#article","isPartOf":{"@id":"https:\/\/expressometro.mx\/index.php\/2021\/10\/26\/va-morena-por-colaboracion-de-escuelas-para-reducir-obesidad-infantil\/"},"author":{"name":"Cecilia Vega","@id":"https:\/\/expressometro.mx\/#\/schema\/person\/67a95b8e3862085c7598f66237488f1f"},"headline":"Va Morena por colaboraci\u00f3n de escuelas para reducir obesidad infantil","datePublished":"2021-10-26T22:53:00+00:00","dateModified":"2021-10-27T23:10:02+00:00","mainEntityOfPage":{"@id":"https:\/\/expressometro.mx\/index.php\/2021\/10\/26\/va-morena-por-colaboracion-de-escuelas-para-reducir-obesidad-infantil\/"},"wordCount":464,"commentCount":0,"publisher":{"@id":"https:\/\/expressometro.mx\/#organization"},"image":{"@id":"https:\/\/expressometro.mx\/index.php\/2021\/10\/26\/va-morena-por-colaboracion-de-escuelas-para-reducir-obesidad-infantil\/#primaryimage"},"thumbnailUrl":"https:\/\/expressometro.mx\/wp-content\/uploads\/2021\/10\/WhatsApp-Image-2021-10-26-at-21.51.28.jpeg","keywords":["Anais Miriam Burgos","LXI Legislatura"],"articleSection":["Deportes","Educaci\u00f3n","Gobierno"],"inLanguage":"es","potentialAction":[{"@type":"CommentAction","name":"Comment","target":["https:\/\/expressometro.mx\/index.php\/2021\/10\/26\/va-morena-por-colaboracion-de-escuelas-para-reducir-obesidad-infantil\/#respond"]}]},{"@type":"WebPage","@id":"https:\/\/expressometro.mx\/index.php\/2021\/10\/26\/va-morena-por-colaboracion-de-escuelas-para-reducir-obesidad-infantil\/","url":"https:\/\/expressometro.mx\/index.php\/2021\/10\/26\/va-morena-por-colaboracion-de-escuelas-para-reducir-obesidad-infantil\/","name":"Va Morena por colaboraci\u00f3n de escuelas para reducir obesidad infantil - Expresso Metropolitano","isPartOf":{"@id":"https:\/\/expressometro.mx\/#website"},"primaryImageOfPage":{"@id":"https:\/\/expressometro.mx\/index.php\/2021\/10\/26\/va-morena-por-colaboracion-de-escuelas-para-reducir-obesidad-infantil\/#primaryimage"},"image":{"@id":"https:\/\/expressometro.mx\/index.php\/2021\/10\/26\/va-morena-por-colaboracion-de-escuelas-para-reducir-obesidad-infantil\/#primaryimage"},"thumbnailUrl":"https:\/\/expressometro.mx\/wp-content\/uploads\/2021\/10\/WhatsApp-Image-2021-10-26-at-21.51.28.jpeg","datePublished":"2021-10-26T22:53:00+00:00","dateModified":"2021-10-27T23:10:02+00:00","breadcrumb":{"@id":"https:\/\/expressometro.mx\/index.php\/2021\/10\/26\/va-morena-por-colaboracion-de-escuelas-para-reducir-obesidad-infantil\/#breadcrumb"},"inLanguage":"es","potentialAction":[{"@type":"ReadAction","target":["https:\/\/expressometro.mx\/index.php\/2021\/10\/26\/va-morena-por-colaboracion-de-escuelas-para-reducir-obesidad-infantil\/"]}]},{"@type":"ImageObject","inLanguage":"es","@id":"https:\/\/expressometro.mx\/index.php\/2021\/10\/26\/va-morena-por-colaboracion-de-escuelas-para-reducir-obesidad-infantil\/#primaryimage","url":"https:\/\/expressometro.mx\/wp-content\/uploads\/2021\/10\/WhatsApp-Image-2021-10-26-at-21.51.28.jpeg","contentUrl":"https:\/\/expressometro.mx\/wp-content\/uploads\/2021\/10\/WhatsApp-Image-2021-10-26-at-21.51.28.jpeg","width":1024,"height":683},{"@type":"BreadcrumbList","@id":"https:\/\/expressometro.mx\/index.php\/2021\/10\/26\/va-morena-por-colaboracion-de-escuelas-para-reducir-obesidad-infantil\/#breadcrumb","itemListElement":[{"@type":"ListItem","position":1,"name":"Inicio","item":"https:\/\/expressometro.mx\/"},{"@type":"ListItem","position":2,"name":"Va Morena por colaboraci\u00f3n de escuelas para reducir obesidad infantil"}]},{"@type":"WebSite","@id":"https:\/\/expressometro.mx\/#website","url":"https:\/\/expressometro.mx\/","name":"Expresso Metropolitano","description":"Periodismo comprometido, informaci\u00f3n, investigaci\u00f3n y an\u00e1lisis","publisher":{"@id":"https:\/\/expressometro.mx\/#organization"},"potentialAction":[{"@type":"SearchAction","target":{"@type":"EntryPoint","urlTemplate":"https:\/\/expressometro.mx\/?s={search_term_string}"},"query-input":{"@type":"PropertyValueSpecification","valueRequired":true,"valueName":"search_term_string"}}],"inLanguage":"es"},{"@type":"Organization","@id":"https:\/\/expressometro.mx\/#organization","name":"Expresso Metropolitano","url":"https:\/\/expressometro.mx\/","logo":{"@type":"ImageObject","inLanguage":"es","@id":"https:\/\/expressometro.mx\/#\/schema\/logo\/image\/","url":"https:\/\/expressometro.mx\/wp-content\/uploads\/2019\/07\/cropped-Logo-Expresso-Metropolitano-1-1.jpeg","contentUrl":"https:\/\/expressometro.mx\/wp-content\/uploads\/2019\/07\/cropped-Logo-Expresso-Metropolitano-1-1.jpeg","width":290,"height":73,"caption":"Expresso Metropolitano"},"image":{"@id":"https:\/\/expressometro.mx\/#\/schema\/logo\/image\/"}},{"@type":"Person","@id":"https:\/\/expressometro.mx\/#\/schema\/person\/67a95b8e3862085c7598f66237488f1f","name":"Cecilia Vega","image":{"@type":"ImageObject","inLanguage":"es","@id":"https:\/\/secure.gravatar.com\/avatar\/13aae9944ab2ee472a9e407c9487fdbd03b049abaa559af32fe5dbcf615c981b?s=96&d=mm&r=g","url":"https:\/\/secure.gravatar.com\/avatar\/13aae9944ab2ee472a9e407c9487fdbd03b049abaa559af32fe5dbcf615c981b?s=96&d=mm&r=g","contentUrl":"https:\/\/secure.gravatar.com\/avatar\/13aae9944ab2ee472a9e407c9487fdbd03b049abaa559af32fe5dbcf615c981b?s=96&d=mm&r=g","caption":"Cecilia Vega"},"url":"https:\/\/expressometro.mx\/index.php\/author\/cecilia-vega\/"}]}},"amp_enabled":true,"_links":{"self":[{"href":"https:\/\/expressometro.mx\/index.php\/wp-json\/wp\/v2\/posts\/4087","targetHints":{"allow":["GET"]}}],"collection":[{"href":"https:\/\/expressometro.mx\/index.php\/wp-json\/wp\/v2\/posts"}],"about":[{"href":"https:\/\/expressometro.mx\/index.php\/wp-json\/wp\/v2\/types\/post"}],"author":[{"embeddable":true,"href":"https:\/\/expressometro.mx\/index.php\/wp-json\/wp\/v2\/users\/2"}],"replies":[{"embeddable":true,"href":"https:\/\/expressometro.mx\/index.php\/wp-json\/wp\/v2\/comments?post=4087"}],"version-history":[{"count":1,"href":"https:\/\/expressometro.mx\/index.php\/wp-json\/wp\/v2\/posts\/4087\/revisions"}],"predecessor-version":[{"id":4091,"href":"https:\/\/expressometro.mx\/index.php\/wp-json\/wp\/v2\/posts\/4087\/revisions\/4091"}],"wp:featuredmedia":[{"embeddable":true,"href":"https:\/\/expressometro.mx\/index.php\/wp-json\/wp\/v2\/media\/4090"}],"wp:attachment":[{"href":"https:\/\/expressometro.mx\/index.php\/wp-json\/wp\/v2\/media?parent=4087"}],"wp:term":[{"taxonomy":"category","embeddable":true,"href":"https:\/\/expressometro.mx\/index.php\/wp-json\/wp\/v2\/categories?post=4087"},{"taxonomy":"post_tag","embeddable":true,"href":"https:\/\/expressometro.mx\/index.php\/wp-json\/wp\/v2\/tags?post=4087"}],"curies":[{"name":"wp","href":"https:\/\/api.w.org\/{rel}","templated":true}]}}