{"id":4075,"date":"2021-10-26T17:43:00","date_gmt":"2021-10-26T22:43:00","guid":{"rendered":"https:\/\/expressometro.mx\/?p=4075"},"modified":"2021-10-27T17:45:45","modified_gmt":"2021-10-27T22:45:45","slug":"pri-impulsara-una-agenda-legislativa-que-acompane-la-reactivacion-economica-del-edomex-elias-rescala","status":"publish","type":"post","link":"https:\/\/expressometro.mx\/index.php\/2021\/10\/26\/pri-impulsara-una-agenda-legislativa-que-acompane-la-reactivacion-economica-del-edomex-elias-rescala\/","title":{"rendered":"PRI impulsar\u00e1 una agenda legislativa que acompa\u00f1e la reactivaci\u00f3n econ\u00f3mica del Edom\u00e9x: El\u00edas Rescala"},"content":{"rendered":"\n<p>Toluca, Estado de M\u00e9xico, 26 de octubre de 2021.- Los diputados del PRI le extendemos la mano al sector empresarial para trabajar en conjunto y de manera cercana para impulsar una agenda legislativa que acompa\u00f1e y fortalezca la reactivaci\u00f3n econom\u00eda del Estado de M\u00e9xico, adelant\u00f3 el coordinador de los diputados del Partido Revolucionario Institucional en la XLI Legislatura local, El\u00edas Rescala Jim\u00e9nez.<\/p>\n\n\n\n<p>Al acudir a un encuentro con integrantes del Consejo Coordinador Empresarial del Estado de M\u00e9xico, El\u00edas Rescala adelant\u00f3 que la fracci\u00f3n legislativa del PRI trabajar\u00e1 de manera coordinada y cercana al sector empresarial para adecuar un marco legal que facilite y sea el principal impulsor de la econom\u00eda.<\/p>\n\n\n\n<p>Acompa\u00f1ado de Alejandra Del Moral Vela, diputada local y presidenta del PRI en la entidad, as\u00ed como de Gilberto Sauza Mart\u00ednez, presidente de CONCAEM, y de Enrique Jacob Rocha, vicecoordinador del grupo parlamentario del PRI, El\u00edas Rescala reconoci\u00f3 el esfuerzo y compromiso mostrado por los empresarios mexiquenses, que han permitido que la entidad haya enfrentado un gran reto como fue la pandemia por Covid.<\/p>\n\n\n\n<p>Estoy convencido que nos toc\u00f3 enfrentar el m\u00e1s grande reto de nuestra historia moderna, con el mejor gobernador y el mejor sector empresarial, sostuvo al reconocer el trabajo que desde el gobierno de la entidad se realiz\u00f3 a trav\u00e9s de un paquete de medidas de respuesta r\u00e1pida para reactivar la econom\u00eda y contener el choque provocado por la contingencia.<\/p>\n\n\n\n<p>Actualmente, la realidad de la econom\u00eda mexiquense se consolid\u00f3 como el tercer estado con mayor \u00cdndice de Recuperaci\u00f3n Econ\u00f3mica, m\u00e1s de 538 mil mexiquenses han recuperado su ocupaci\u00f3n, se han generado m\u00e1s de 42 mil empleos formales y tan solo en septiembre de este a\u00f1o, en el Estado de M\u00e9xico se generaron m\u00e1s de 18 mil empleos, de acuerdo con cifras oficiales del IMSS, sostuvo.<\/p>\n\n\n\n<p>Finalmente, el coordinador de los diputados del PRI en el congreso mexiquense reafirm\u00f3 que el Estado de M\u00e9xico est\u00e1 llamado a ser una potencia econ\u00f3mica, log\u00edstica e industrial y ser el mejor destino de inversi\u00f3n, por lo que desde el poder Legislativo, el PRI impulsar\u00e1 medidas revisar y redefinir la pol\u00edtica fiscal, as\u00ed como la creaci\u00f3n de un Fondo P\u00fablico para la Productividad, enfocado a impulsar la productividad, y acompa\u00f1ar con financiamientos blandos a micro, peque\u00f1as y medianas empresas.<\/p>\n\n\n\n<p>Vamos a seguir fortaleciendo la agenda de promoci\u00f3n, simplificaci\u00f3n y desregulaci\u00f3n encabezada por el gobernador Alfredo Del Mazo, puntualiz\u00f3.<\/p>\n\n\n\n<p>Al hacer uso de la palabra, la diputada local, Alejandra Del Moral Vela afirm\u00f3 que el PRI ser\u00e1 aliado del sector empresarial y har\u00e1 todo lo que tenga que hacer para impulsar la econom\u00eda mexiquense, adem\u00e1s de fortalecer acciones que permitan generar una equidad laboral entre mujeres y hombres, as\u00ed como el respeto irrestricto de sus derechos.<\/p>\n\n\n\n<p>En su oportunidad, Gilberto Souza Mart\u00ednez, presidente de CONCAEM, reconoci\u00f3 la apertura y la sensibilidad del grupo pol\u00edtico del PRI para abrir espacios de trabajo conjunto y poder consolidar una agenda que garantice el crecimiento econ\u00f3mico de la entidad y escuche las propuestas empresariales.<\/p>\n\n\n\n<p>Durante su intervenci\u00f3n, Enrique Jacob Rocha, presidente de la Comisi\u00f3n de Asuntos Constitucionales de la Legislatura local, agradeci\u00f3 la apertura de estos espacios que permitir\u00e1n trabajar de la mano con la comunidad empresarial para la actualizaci\u00f3n del Marco Jur\u00eddico que acompa\u00f1e y fortalezcan el desarrollo de nuevos empleos y el crecimiento de las empresas.<\/p>\n\n\n\n<figure class=\"wp-block-gallery columns-2 is-cropped wp-block-gallery-1 is-layout-flex wp-block-gallery-is-layout-flex\"><ul class=\"blocks-gallery-grid\"><li class=\"blocks-gallery-item\"><figure><img loading=\"lazy\" decoding=\"async\" width=\"725\" height=\"480\" src=\"https:\/\/expressometro.mx\/wp-content\/uploads\/2021\/10\/WhatsApp-Image-2021-10-26-at-21.37.57-1-725x480.jpeg\" alt=\"\" data-id=\"4078\" data-link=\"https:\/\/expressometro.mx\/?attachment_id=4078\" class=\"wp-image-4078\" srcset=\"https:\/\/expressometro.mx\/wp-content\/uploads\/2021\/10\/WhatsApp-Image-2021-10-26-at-21.37.57-1-725x480.jpeg 725w, https:\/\/expressometro.mx\/wp-content\/uploads\/2021\/10\/WhatsApp-Image-2021-10-26-at-21.37.57-1-552x365.jpeg 552w, https:\/\/expressometro.mx\/wp-content\/uploads\/2021\/10\/WhatsApp-Image-2021-10-26-at-21.37.57-1-768x508.jpeg 768w, https:\/\/expressometro.mx\/wp-content\/uploads\/2021\/10\/WhatsApp-Image-2021-10-26-at-21.37.57-1.jpeg 1280w\" sizes=\"auto, (max-width: 725px) 100vw, 725px\" \/><\/figure><\/li><li class=\"blocks-gallery-item\"><figure><img loading=\"lazy\" decoding=\"async\" width=\"840\" height=\"405\" src=\"https:\/\/expressometro.mx\/wp-content\/uploads\/2021\/10\/WhatsApp-Image-2021-10-26-at-21.37.58-840x405.jpeg\" alt=\"\" data-id=\"4079\" data-full-url=\"https:\/\/expressometro.mx\/wp-content\/uploads\/2021\/10\/WhatsApp-Image-2021-10-26-at-21.37.58.jpeg\" data-link=\"https:\/\/expressometro.mx\/?attachment_id=4079\" class=\"wp-image-4079\" srcset=\"https:\/\/expressometro.mx\/wp-content\/uploads\/2021\/10\/WhatsApp-Image-2021-10-26-at-21.37.58-840x405.jpeg 840w, https:\/\/expressometro.mx\/wp-content\/uploads\/2021\/10\/WhatsApp-Image-2021-10-26-at-21.37.58-660x318.jpeg 660w, https:\/\/expressometro.mx\/wp-content\/uploads\/2021\/10\/WhatsApp-Image-2021-10-26-at-21.37.58-768x370.jpeg 768w, https:\/\/expressometro.mx\/wp-content\/uploads\/2021\/10\/WhatsApp-Image-2021-10-26-at-21.37.58.jpeg 1034w\" sizes=\"auto, (max-width: 840px) 100vw, 840px\" \/><\/figure><\/li><\/ul><\/figure>\n","protected":false},"excerpt":{"rendered":"<p>La Fracci\u00f3n priista en la XLI Legislatura local presentar\u00e1 una serie de iniciativas para fortalecer la reactivaci\u00f3n econ\u00f3mica de la entidad como la creaci\u00f3n de un Fondo P\u00fablico para la Productividad y un Marco Jur\u00eddico que garantice un el impulso<\/p>\n","protected":false},"author":2,"featured_media":4077,"comment_status":"open","ping_status":"open","sticky":false,"template":"","format":"standard","meta":{"footnotes":""},"categories":[231],"tags":[831,158],"class_list":["post-4075","post","type-post","status-publish","format-standard","has-post-thumbnail","hentry","category-politica","tag-elias-rescala","tag-pri"],"yoast_head":"<!-- This site is optimized with the Yoast SEO plugin v27.5 - https:\/\/yoast.com\/product\/yoast-seo-wordpress\/ -->\n<title>PRI impulsar\u00e1 una agenda legislativa que acompa\u00f1e la reactivaci\u00f3n econ\u00f3mica del Edom\u00e9x: El\u00edas Rescala - Expresso Metropolitano<\/title>\n<meta name=\"robots\" content=\"index, follow, max-snippet:-1, max-image-preview:large, max-video-preview:-1\" \/>\n<link rel=\"canonical\" href=\"https:\/\/expressometro.mx\/index.php\/2021\/10\/26\/pri-impulsara-una-agenda-legislativa-que-acompane-la-reactivacion-economica-del-edomex-elias-rescala\/\" \/>\n<meta property=\"og:locale\" content=\"es_MX\" \/>\n<meta property=\"og:type\" content=\"article\" \/>\n<meta property=\"og:title\" content=\"PRI impulsar\u00e1 una agenda legislativa que acompa\u00f1e la reactivaci\u00f3n econ\u00f3mica del Edom\u00e9x: El\u00edas Rescala - Expresso Metropolitano\" \/>\n<meta property=\"og:description\" content=\"La Fracci\u00f3n priista en la XLI Legislatura local presentar\u00e1 una serie de iniciativas para fortalecer la reactivaci\u00f3n econ\u00f3mica de la entidad como la creaci\u00f3n de un Fondo P\u00fablico para la Productividad y un Marco Jur\u00eddico que garantice un el impulso\" \/>\n<meta property=\"og:url\" content=\"https:\/\/expressometro.mx\/index.php\/2021\/10\/26\/pri-impulsara-una-agenda-legislativa-que-acompane-la-reactivacion-economica-del-edomex-elias-rescala\/\" \/>\n<meta property=\"og:site_name\" content=\"Expresso Metropolitano\" \/>\n<meta property=\"article:published_time\" content=\"2021-10-26T22:43:00+00:00\" \/>\n<meta property=\"article:modified_time\" content=\"2021-10-27T22:45:45+00:00\" \/>\n<meta property=\"og:image\" content=\"https:\/\/expressometro.mx\/wp-content\/uploads\/2021\/10\/WhatsApp-Image-2021-10-26-at-21.37.57.jpeg\" \/>\n\t<meta property=\"og:image:width\" content=\"1280\" \/>\n\t<meta property=\"og:image:height\" content=\"847\" \/>\n\t<meta property=\"og:image:type\" content=\"image\/jpeg\" \/>\n<meta name=\"author\" content=\"Cecilia Vega\" \/>\n<meta name=\"twitter:label1\" content=\"Escrito por\" \/>\n\t<meta name=\"twitter:data1\" content=\"Cecilia Vega\" \/>\n\t<meta name=\"twitter:label2\" content=\"Tiempo de lectura\" \/>\n\t<meta name=\"twitter:data2\" content=\"3 minutos\" \/>\n<script type=\"application\/ld+json\" class=\"yoast-schema-graph\">{\"@context\":\"https:\\\/\\\/schema.org\",\"@graph\":[{\"@type\":\"Article\",\"@id\":\"https:\\\/\\\/expressometro.mx\\\/index.php\\\/2021\\\/10\\\/26\\\/pri-impulsara-una-agenda-legislativa-que-acompane-la-reactivacion-economica-del-edomex-elias-rescala\\\/#article\",\"isPartOf\":{\"@id\":\"https:\\\/\\\/expressometro.mx\\\/index.php\\\/2021\\\/10\\\/26\\\/pri-impulsara-una-agenda-legislativa-que-acompane-la-reactivacion-economica-del-edomex-elias-rescala\\\/\"},\"author\":{\"name\":\"Cecilia Vega\",\"@id\":\"https:\\\/\\\/expressometro.mx\\\/#\\\/schema\\\/person\\\/67a95b8e3862085c7598f66237488f1f\"},\"headline\":\"PRI impulsar\u00e1 una agenda legislativa que acompa\u00f1e la reactivaci\u00f3n econ\u00f3mica del Edom\u00e9x: El\u00edas Rescala\",\"datePublished\":\"2021-10-26T22:43:00+00:00\",\"dateModified\":\"2021-10-27T22:45:45+00:00\",\"mainEntityOfPage\":{\"@id\":\"https:\\\/\\\/expressometro.mx\\\/index.php\\\/2021\\\/10\\\/26\\\/pri-impulsara-una-agenda-legislativa-que-acompane-la-reactivacion-economica-del-edomex-elias-rescala\\\/\"},\"wordCount\":616,\"commentCount\":0,\"publisher\":{\"@id\":\"https:\\\/\\\/expressometro.mx\\\/#organization\"},\"image\":{\"@id\":\"https:\\\/\\\/expressometro.mx\\\/index.php\\\/2021\\\/10\\\/26\\\/pri-impulsara-una-agenda-legislativa-que-acompane-la-reactivacion-economica-del-edomex-elias-rescala\\\/#primaryimage\"},\"thumbnailUrl\":\"https:\\\/\\\/expressometro.mx\\\/wp-content\\\/uploads\\\/2021\\\/10\\\/WhatsApp-Image-2021-10-26-at-21.37.57.jpeg\",\"keywords\":[\"El\u00edas Rescala\",\"PRI\"],\"articleSection\":[\"Pol\u00edtica\"],\"inLanguage\":\"es\",\"potentialAction\":[{\"@type\":\"CommentAction\",\"name\":\"Comment\",\"target\":[\"https:\\\/\\\/expressometro.mx\\\/index.php\\\/2021\\\/10\\\/26\\\/pri-impulsara-una-agenda-legislativa-que-acompane-la-reactivacion-economica-del-edomex-elias-rescala\\\/#respond\"]}]},{\"@type\":\"WebPage\",\"@id\":\"https:\\\/\\\/expressometro.mx\\\/index.php\\\/2021\\\/10\\\/26\\\/pri-impulsara-una-agenda-legislativa-que-acompane-la-reactivacion-economica-del-edomex-elias-rescala\\\/\",\"url\":\"https:\\\/\\\/expressometro.mx\\\/index.php\\\/2021\\\/10\\\/26\\\/pri-impulsara-una-agenda-legislativa-que-acompane-la-reactivacion-economica-del-edomex-elias-rescala\\\/\",\"name\":\"PRI impulsar\u00e1 una agenda legislativa que acompa\u00f1e la reactivaci\u00f3n econ\u00f3mica del Edom\u00e9x: El\u00edas Rescala - Expresso Metropolitano\",\"isPartOf\":{\"@id\":\"https:\\\/\\\/expressometro.mx\\\/#website\"},\"primaryImageOfPage\":{\"@id\":\"https:\\\/\\\/expressometro.mx\\\/index.php\\\/2021\\\/10\\\/26\\\/pri-impulsara-una-agenda-legislativa-que-acompane-la-reactivacion-economica-del-edomex-elias-rescala\\\/#primaryimage\"},\"image\":{\"@id\":\"https:\\\/\\\/expressometro.mx\\\/index.php\\\/2021\\\/10\\\/26\\\/pri-impulsara-una-agenda-legislativa-que-acompane-la-reactivacion-economica-del-edomex-elias-rescala\\\/#primaryimage\"},\"thumbnailUrl\":\"https:\\\/\\\/expressometro.mx\\\/wp-content\\\/uploads\\\/2021\\\/10\\\/WhatsApp-Image-2021-10-26-at-21.37.57.jpeg\",\"datePublished\":\"2021-10-26T22:43:00+00:00\",\"dateModified\":\"2021-10-27T22:45:45+00:00\",\"breadcrumb\":{\"@id\":\"https:\\\/\\\/expressometro.mx\\\/index.php\\\/2021\\\/10\\\/26\\\/pri-impulsara-una-agenda-legislativa-que-acompane-la-reactivacion-economica-del-edomex-elias-rescala\\\/#breadcrumb\"},\"inLanguage\":\"es\",\"potentialAction\":[{\"@type\":\"ReadAction\",\"target\":[\"https:\\\/\\\/expressometro.mx\\\/index.php\\\/2021\\\/10\\\/26\\\/pri-impulsara-una-agenda-legislativa-que-acompane-la-reactivacion-economica-del-edomex-elias-rescala\\\/\"]}]},{\"@type\":\"ImageObject\",\"inLanguage\":\"es\",\"@id\":\"https:\\\/\\\/expressometro.mx\\\/index.php\\\/2021\\\/10\\\/26\\\/pri-impulsara-una-agenda-legislativa-que-acompane-la-reactivacion-economica-del-edomex-elias-rescala\\\/#primaryimage\",\"url\":\"https:\\\/\\\/expressometro.mx\\\/wp-content\\\/uploads\\\/2021\\\/10\\\/WhatsApp-Image-2021-10-26-at-21.37.57.jpeg\",\"contentUrl\":\"https:\\\/\\\/expressometro.mx\\\/wp-content\\\/uploads\\\/2021\\\/10\\\/WhatsApp-Image-2021-10-26-at-21.37.57.jpeg\",\"width\":1280,\"height\":847},{\"@type\":\"BreadcrumbList\",\"@id\":\"https:\\\/\\\/expressometro.mx\\\/index.php\\\/2021\\\/10\\\/26\\\/pri-impulsara-una-agenda-legislativa-que-acompane-la-reactivacion-economica-del-edomex-elias-rescala\\\/#breadcrumb\",\"itemListElement\":[{\"@type\":\"ListItem\",\"position\":1,\"name\":\"Inicio\",\"item\":\"https:\\\/\\\/expressometro.mx\\\/\"},{\"@type\":\"ListItem\",\"position\":2,\"name\":\"PRI impulsar\u00e1 una agenda legislativa que acompa\u00f1e la reactivaci\u00f3n econ\u00f3mica del Edom\u00e9x: El\u00edas Rescala\"}]},{\"@type\":\"WebSite\",\"@id\":\"https:\\\/\\\/expressometro.mx\\\/#website\",\"url\":\"https:\\\/\\\/expressometro.mx\\\/\",\"name\":\"Expresso Metropolitano\",\"description\":\"Periodismo comprometido, informaci\u00f3n, investigaci\u00f3n y an\u00e1lisis\",\"publisher\":{\"@id\":\"https:\\\/\\\/expressometro.mx\\\/#organization\"},\"potentialAction\":[{\"@type\":\"SearchAction\",\"target\":{\"@type\":\"EntryPoint\",\"urlTemplate\":\"https:\\\/\\\/expressometro.mx\\\/?s={search_term_string}\"},\"query-input\":{\"@type\":\"PropertyValueSpecification\",\"valueRequired\":true,\"valueName\":\"search_term_string\"}}],\"inLanguage\":\"es\"},{\"@type\":\"Organization\",\"@id\":\"https:\\\/\\\/expressometro.mx\\\/#organization\",\"name\":\"Expresso Metropolitano\",\"url\":\"https:\\\/\\\/expressometro.mx\\\/\",\"logo\":{\"@type\":\"ImageObject\",\"inLanguage\":\"es\",\"@id\":\"https:\\\/\\\/expressometro.mx\\\/#\\\/schema\\\/logo\\\/image\\\/\",\"url\":\"https:\\\/\\\/expressometro.mx\\\/wp-content\\\/uploads\\\/2019\\\/07\\\/cropped-Logo-Expresso-Metropolitano-1-1.jpeg\",\"contentUrl\":\"https:\\\/\\\/expressometro.mx\\\/wp-content\\\/uploads\\\/2019\\\/07\\\/cropped-Logo-Expresso-Metropolitano-1-1.jpeg\",\"width\":290,\"height\":73,\"caption\":\"Expresso Metropolitano\"},\"image\":{\"@id\":\"https:\\\/\\\/expressometro.mx\\\/#\\\/schema\\\/logo\\\/image\\\/\"}},{\"@type\":\"Person\",\"@id\":\"https:\\\/\\\/expressometro.mx\\\/#\\\/schema\\\/person\\\/67a95b8e3862085c7598f66237488f1f\",\"name\":\"Cecilia Vega\",\"image\":{\"@type\":\"ImageObject\",\"inLanguage\":\"es\",\"@id\":\"https:\\\/\\\/secure.gravatar.com\\\/avatar\\\/13aae9944ab2ee472a9e407c9487fdbd03b049abaa559af32fe5dbcf615c981b?s=96&d=mm&r=g\",\"url\":\"https:\\\/\\\/secure.gravatar.com\\\/avatar\\\/13aae9944ab2ee472a9e407c9487fdbd03b049abaa559af32fe5dbcf615c981b?s=96&d=mm&r=g\",\"contentUrl\":\"https:\\\/\\\/secure.gravatar.com\\\/avatar\\\/13aae9944ab2ee472a9e407c9487fdbd03b049abaa559af32fe5dbcf615c981b?s=96&d=mm&r=g\",\"caption\":\"Cecilia Vega\"},\"url\":\"https:\\\/\\\/expressometro.mx\\\/index.php\\\/author\\\/cecilia-vega\\\/\"}]}<\/script>\n<!-- \/ Yoast SEO plugin. -->","yoast_head_json":{"title":"PRI impulsar\u00e1 una agenda legislativa que acompa\u00f1e la reactivaci\u00f3n econ\u00f3mica del Edom\u00e9x: El\u00edas Rescala - Expresso Metropolitano","robots":{"index":"index","follow":"follow","max-snippet":"max-snippet:-1","max-image-preview":"max-image-preview:large","max-video-preview":"max-video-preview:-1"},"canonical":"https:\/\/expressometro.mx\/index.php\/2021\/10\/26\/pri-impulsara-una-agenda-legislativa-que-acompane-la-reactivacion-economica-del-edomex-elias-rescala\/","og_locale":"es_MX","og_type":"article","og_title":"PRI impulsar\u00e1 una agenda legislativa que acompa\u00f1e la reactivaci\u00f3n econ\u00f3mica del Edom\u00e9x: El\u00edas Rescala - Expresso Metropolitano","og_description":"La Fracci\u00f3n priista en la XLI Legislatura local presentar\u00e1 una serie de iniciativas para fortalecer la reactivaci\u00f3n econ\u00f3mica de la entidad como la creaci\u00f3n de un Fondo P\u00fablico para la Productividad y un Marco Jur\u00eddico que garantice un el impulso","og_url":"https:\/\/expressometro.mx\/index.php\/2021\/10\/26\/pri-impulsara-una-agenda-legislativa-que-acompane-la-reactivacion-economica-del-edomex-elias-rescala\/","og_site_name":"Expresso Metropolitano","article_published_time":"2021-10-26T22:43:00+00:00","article_modified_time":"2021-10-27T22:45:45+00:00","og_image":[{"width":1280,"height":847,"url":"https:\/\/expressometro.mx\/wp-content\/uploads\/2021\/10\/WhatsApp-Image-2021-10-26-at-21.37.57.jpeg","type":"image\/jpeg"}],"author":"Cecilia Vega","twitter_misc":{"Escrito por":"Cecilia Vega","Tiempo de lectura":"3 minutos"},"schema":{"@context":"https:\/\/schema.org","@graph":[{"@type":"Article","@id":"https:\/\/expressometro.mx\/index.php\/2021\/10\/26\/pri-impulsara-una-agenda-legislativa-que-acompane-la-reactivacion-economica-del-edomex-elias-rescala\/#article","isPartOf":{"@id":"https:\/\/expressometro.mx\/index.php\/2021\/10\/26\/pri-impulsara-una-agenda-legislativa-que-acompane-la-reactivacion-economica-del-edomex-elias-rescala\/"},"author":{"name":"Cecilia Vega","@id":"https:\/\/expressometro.mx\/#\/schema\/person\/67a95b8e3862085c7598f66237488f1f"},"headline":"PRI impulsar\u00e1 una agenda legislativa que acompa\u00f1e la reactivaci\u00f3n econ\u00f3mica del Edom\u00e9x: El\u00edas Rescala","datePublished":"2021-10-26T22:43:00+00:00","dateModified":"2021-10-27T22:45:45+00:00","mainEntityOfPage":{"@id":"https:\/\/expressometro.mx\/index.php\/2021\/10\/26\/pri-impulsara-una-agenda-legislativa-que-acompane-la-reactivacion-economica-del-edomex-elias-rescala\/"},"wordCount":616,"commentCount":0,"publisher":{"@id":"https:\/\/expressometro.mx\/#organization"},"image":{"@id":"https:\/\/expressometro.mx\/index.php\/2021\/10\/26\/pri-impulsara-una-agenda-legislativa-que-acompane-la-reactivacion-economica-del-edomex-elias-rescala\/#primaryimage"},"thumbnailUrl":"https:\/\/expressometro.mx\/wp-content\/uploads\/2021\/10\/WhatsApp-Image-2021-10-26-at-21.37.57.jpeg","keywords":["El\u00edas Rescala","PRI"],"articleSection":["Pol\u00edtica"],"inLanguage":"es","potentialAction":[{"@type":"CommentAction","name":"Comment","target":["https:\/\/expressometro.mx\/index.php\/2021\/10\/26\/pri-impulsara-una-agenda-legislativa-que-acompane-la-reactivacion-economica-del-edomex-elias-rescala\/#respond"]}]},{"@type":"WebPage","@id":"https:\/\/expressometro.mx\/index.php\/2021\/10\/26\/pri-impulsara-una-agenda-legislativa-que-acompane-la-reactivacion-economica-del-edomex-elias-rescala\/","url":"https:\/\/expressometro.mx\/index.php\/2021\/10\/26\/pri-impulsara-una-agenda-legislativa-que-acompane-la-reactivacion-economica-del-edomex-elias-rescala\/","name":"PRI impulsar\u00e1 una agenda legislativa que acompa\u00f1e la reactivaci\u00f3n econ\u00f3mica del Edom\u00e9x: El\u00edas Rescala - Expresso Metropolitano","isPartOf":{"@id":"https:\/\/expressometro.mx\/#website"},"primaryImageOfPage":{"@id":"https:\/\/expressometro.mx\/index.php\/2021\/10\/26\/pri-impulsara-una-agenda-legislativa-que-acompane-la-reactivacion-economica-del-edomex-elias-rescala\/#primaryimage"},"image":{"@id":"https:\/\/expressometro.mx\/index.php\/2021\/10\/26\/pri-impulsara-una-agenda-legislativa-que-acompane-la-reactivacion-economica-del-edomex-elias-rescala\/#primaryimage"},"thumbnailUrl":"https:\/\/expressometro.mx\/wp-content\/uploads\/2021\/10\/WhatsApp-Image-2021-10-26-at-21.37.57.jpeg","datePublished":"2021-10-26T22:43:00+00:00","dateModified":"2021-10-27T22:45:45+00:00","breadcrumb":{"@id":"https:\/\/expressometro.mx\/index.php\/2021\/10\/26\/pri-impulsara-una-agenda-legislativa-que-acompane-la-reactivacion-economica-del-edomex-elias-rescala\/#breadcrumb"},"inLanguage":"es","potentialAction":[{"@type":"ReadAction","target":["https:\/\/expressometro.mx\/index.php\/2021\/10\/26\/pri-impulsara-una-agenda-legislativa-que-acompane-la-reactivacion-economica-del-edomex-elias-rescala\/"]}]},{"@type":"ImageObject","inLanguage":"es","@id":"https:\/\/expressometro.mx\/index.php\/2021\/10\/26\/pri-impulsara-una-agenda-legislativa-que-acompane-la-reactivacion-economica-del-edomex-elias-rescala\/#primaryimage","url":"https:\/\/expressometro.mx\/wp-content\/uploads\/2021\/10\/WhatsApp-Image-2021-10-26-at-21.37.57.jpeg","contentUrl":"https:\/\/expressometro.mx\/wp-content\/uploads\/2021\/10\/WhatsApp-Image-2021-10-26-at-21.37.57.jpeg","width":1280,"height":847},{"@type":"BreadcrumbList","@id":"https:\/\/expressometro.mx\/index.php\/2021\/10\/26\/pri-impulsara-una-agenda-legislativa-que-acompane-la-reactivacion-economica-del-edomex-elias-rescala\/#breadcrumb","itemListElement":[{"@type":"ListItem","position":1,"name":"Inicio","item":"https:\/\/expressometro.mx\/"},{"@type":"ListItem","position":2,"name":"PRI impulsar\u00e1 una agenda legislativa que acompa\u00f1e la reactivaci\u00f3n econ\u00f3mica del Edom\u00e9x: El\u00edas Rescala"}]},{"@type":"WebSite","@id":"https:\/\/expressometro.mx\/#website","url":"https:\/\/expressometro.mx\/","name":"Expresso Metropolitano","description":"Periodismo comprometido, informaci\u00f3n, investigaci\u00f3n y an\u00e1lisis","publisher":{"@id":"https:\/\/expressometro.mx\/#organization"},"potentialAction":[{"@type":"SearchAction","target":{"@type":"EntryPoint","urlTemplate":"https:\/\/expressometro.mx\/?s={search_term_string}"},"query-input":{"@type":"PropertyValueSpecification","valueRequired":true,"valueName":"search_term_string"}}],"inLanguage":"es"},{"@type":"Organization","@id":"https:\/\/expressometro.mx\/#organization","name":"Expresso Metropolitano","url":"https:\/\/expressometro.mx\/","logo":{"@type":"ImageObject","inLanguage":"es","@id":"https:\/\/expressometro.mx\/#\/schema\/logo\/image\/","url":"https:\/\/expressometro.mx\/wp-content\/uploads\/2019\/07\/cropped-Logo-Expresso-Metropolitano-1-1.jpeg","contentUrl":"https:\/\/expressometro.mx\/wp-content\/uploads\/2019\/07\/cropped-Logo-Expresso-Metropolitano-1-1.jpeg","width":290,"height":73,"caption":"Expresso Metropolitano"},"image":{"@id":"https:\/\/expressometro.mx\/#\/schema\/logo\/image\/"}},{"@type":"Person","@id":"https:\/\/expressometro.mx\/#\/schema\/person\/67a95b8e3862085c7598f66237488f1f","name":"Cecilia Vega","image":{"@type":"ImageObject","inLanguage":"es","@id":"https:\/\/secure.gravatar.com\/avatar\/13aae9944ab2ee472a9e407c9487fdbd03b049abaa559af32fe5dbcf615c981b?s=96&d=mm&r=g","url":"https:\/\/secure.gravatar.com\/avatar\/13aae9944ab2ee472a9e407c9487fdbd03b049abaa559af32fe5dbcf615c981b?s=96&d=mm&r=g","contentUrl":"https:\/\/secure.gravatar.com\/avatar\/13aae9944ab2ee472a9e407c9487fdbd03b049abaa559af32fe5dbcf615c981b?s=96&d=mm&r=g","caption":"Cecilia Vega"},"url":"https:\/\/expressometro.mx\/index.php\/author\/cecilia-vega\/"}]}},"amp_enabled":true,"_links":{"self":[{"href":"https:\/\/expressometro.mx\/index.php\/wp-json\/wp\/v2\/posts\/4075","targetHints":{"allow":["GET"]}}],"collection":[{"href":"https:\/\/expressometro.mx\/index.php\/wp-json\/wp\/v2\/posts"}],"about":[{"href":"https:\/\/expressometro.mx\/index.php\/wp-json\/wp\/v2\/types\/post"}],"author":[{"embeddable":true,"href":"https:\/\/expressometro.mx\/index.php\/wp-json\/wp\/v2\/users\/2"}],"replies":[{"embeddable":true,"href":"https:\/\/expressometro.mx\/index.php\/wp-json\/wp\/v2\/comments?post=4075"}],"version-history":[{"count":1,"href":"https:\/\/expressometro.mx\/index.php\/wp-json\/wp\/v2\/posts\/4075\/revisions"}],"predecessor-version":[{"id":4080,"href":"https:\/\/expressometro.mx\/index.php\/wp-json\/wp\/v2\/posts\/4075\/revisions\/4080"}],"wp:featuredmedia":[{"embeddable":true,"href":"https:\/\/expressometro.mx\/index.php\/wp-json\/wp\/v2\/media\/4077"}],"wp:attachment":[{"href":"https:\/\/expressometro.mx\/index.php\/wp-json\/wp\/v2\/media?parent=4075"}],"wp:term":[{"taxonomy":"category","embeddable":true,"href":"https:\/\/expressometro.mx\/index.php\/wp-json\/wp\/v2\/categories?post=4075"},{"taxonomy":"post_tag","embeddable":true,"href":"https:\/\/expressometro.mx\/index.php\/wp-json\/wp\/v2\/tags?post=4075"}],"curies":[{"name":"wp","href":"https:\/\/api.w.org\/{rel}","templated":true}]}}