{"id":4067,"date":"2021-10-26T17:38:00","date_gmt":"2021-10-26T22:38:00","guid":{"rendered":"https:\/\/expressometro.mx\/?p=4067"},"modified":"2021-10-27T17:41:06","modified_gmt":"2021-10-27T22:41:06","slug":"transparencia-y-rendicion-de-cuentas-principios-que-motivan-el-trabajo-conjunto-entre-uaem-y-osfem","status":"publish","type":"post","link":"https:\/\/expressometro.mx\/index.php\/2021\/10\/26\/transparencia-y-rendicion-de-cuentas-principios-que-motivan-el-trabajo-conjunto-entre-uaem-y-osfem\/","title":{"rendered":"Transparencia y rendici\u00f3n de cuentas, principios que motivan el trabajo conjunto entre UAEM y OSFEM"},"content":{"rendered":"\n<p>Toluca, M\u00e9x; 26 de octubre de 2021.- Con el firme prop\u00f3sito de que el Estado de M\u00e9xico cuente con profesionales del servicio p\u00fablico eficientes y eficaces, los titulares de la Universidad Aut\u00f3noma del Estado de M\u00e9xico (UAEM) y el \u00d3rgano Superior de Fiscalizaci\u00f3n del Estado de M\u00e9xico (OSFEM), Carlos Eduardo Barrera D\u00edaz y Miroslava Carrillo Mart\u00ednez, respectivamente, firmaron un convenio de colaboraci\u00f3n.<\/p>\n\n\n\n<p>Acompa\u00f1ados por el titular de la Unidad de Asuntos Jur\u00eddicos del OSFEM, Jorge Bern\u00e1ldez Aguilar, se indic\u00f3 que con base en este instrumento se impartir\u00e1 el diplomado Superior en Contralor\u00eda Gubernamental a trav\u00e9s de la Facultad de Contadur\u00eda y Administraci\u00f3n (FCA), mediante el cual se actualizar\u00e1, bajo consideraciones \u00e9ticas, a los profesionistas del OSFEM acerca de acciones preventivas de control, fiscalizaci\u00f3n, vigilancia y evaluaci\u00f3n de los ingresos, gastos, recursos y obligaciones.<\/p>\n\n\n\n<p>En la sala del H. Consejo Universitario \u201cLic. Benito Ju\u00e1rez Garc\u00eda\u201d dentro del Edificio de Rector\u00eda, el rector de la UAEM, Carlos Eduardo Barrera D\u00edaz asegur\u00f3 que esta colaboraci\u00f3n lograr\u00e1 una sinergia productiva y exitosa para el perfeccionamiento de la rendici\u00f3n de cuentas y la transparencia de las gestiones p\u00fablicas en la entidad.<\/p>\n\n\n\n<p>Abund\u00f3 en que ambas instancias han construido una s\u00f3lida y prometedora relaci\u00f3n de colaboraci\u00f3n, con los cuales se han otorgado diversos servicios administrativos de formaci\u00f3n de recursos humanos y capacitaci\u00f3n.<\/p>\n\n\n\n<p>Por su parte, Carrillo Mart\u00ednez enfatiz\u00f3 que, \u201cpara contar con servidores p\u00fablicos que se conduzcan bajo los principios de disciplina, legalidad, objetividad, profesionalismo, honradez, lealtad, imparcialidad, integridad, eficacia, eficiencia y rendici\u00f3n de cuentas, es imprescindible ampliar la perspectiva de capacitaci\u00f3n y especializaci\u00f3n\u201d.<\/p>\n\n\n\n<p>En tanto, la secretaria de Investigaci\u00f3n y Estudios Avanzados, Martha Patricia Zarza Delgado, apunt\u00f3 que la firma de este instrumento da ejemplo de voluntad para unir esfuerzos en la b\u00fasqueda de un objetivo com\u00fan: \u201cconferir transparencia y certidumbre a la ciudadan\u00eda sobre el destino del patrimonio p\u00fablico\u201d.<\/p>\n\n\n\n<p>Ante la encargada del despacho de la Direcci\u00f3n de la Facultad de Contadur\u00eda y Administraci\u00f3n, Mar\u00eda del Carmen Hern\u00e1ndez Silva, refiri\u00f3 que el convenio busca mejorar, a trav\u00e9s de la educaci\u00f3n superior, el perfil de los servidores p\u00fablicos. Afirm\u00f3 que su delicada y trascendental misi\u00f3n de verificar el adecuado ejercicio de los recursos p\u00fablicos exige una mejor preparaci\u00f3n y una oportuna actualizaci\u00f3n profesional.<\/p>\n\n\n\n<figure class=\"wp-block-gallery columns-3 is-cropped wp-block-gallery-1 is-layout-flex wp-block-gallery-is-layout-flex\"><ul class=\"blocks-gallery-grid\"><li class=\"blocks-gallery-item\"><figure><img loading=\"lazy\" decoding=\"async\" width=\"720\" height=\"480\" src=\"https:\/\/expressometro.mx\/wp-content\/uploads\/2021\/10\/WhatsApp-Image-2021-10-26-at-21.18.58-720x480.jpeg\" alt=\"\" data-id=\"4069\" data-link=\"https:\/\/expressometro.mx\/?attachment_id=4069\" class=\"wp-image-4069\" srcset=\"https:\/\/expressometro.mx\/wp-content\/uploads\/2021\/10\/WhatsApp-Image-2021-10-26-at-21.18.58-720x480.jpeg 720w, https:\/\/expressometro.mx\/wp-content\/uploads\/2021\/10\/WhatsApp-Image-2021-10-26-at-21.18.58-548x365.jpeg 548w, https:\/\/expressometro.mx\/wp-content\/uploads\/2021\/10\/WhatsApp-Image-2021-10-26-at-21.18.58-768x512.jpeg 768w, https:\/\/expressometro.mx\/wp-content\/uploads\/2021\/10\/WhatsApp-Image-2021-10-26-at-21.18.58.jpeg 960w\" sizes=\"auto, (max-width: 720px) 100vw, 720px\" \/><\/figure><\/li><li class=\"blocks-gallery-item\"><figure><img loading=\"lazy\" decoding=\"async\" width=\"720\" height=\"480\" src=\"https:\/\/expressometro.mx\/wp-content\/uploads\/2021\/10\/WhatsApp-Image-2021-10-26-at-21.18.59-720x480.jpeg\" alt=\"\" data-id=\"4071\" data-link=\"https:\/\/expressometro.mx\/?attachment_id=4071\" class=\"wp-image-4071\" srcset=\"https:\/\/expressometro.mx\/wp-content\/uploads\/2021\/10\/WhatsApp-Image-2021-10-26-at-21.18.59-720x480.jpeg 720w, https:\/\/expressometro.mx\/wp-content\/uploads\/2021\/10\/WhatsApp-Image-2021-10-26-at-21.18.59-548x365.jpeg 548w, https:\/\/expressometro.mx\/wp-content\/uploads\/2021\/10\/WhatsApp-Image-2021-10-26-at-21.18.59-768x512.jpeg 768w, https:\/\/expressometro.mx\/wp-content\/uploads\/2021\/10\/WhatsApp-Image-2021-10-26-at-21.18.59.jpeg 960w\" sizes=\"auto, (max-width: 720px) 100vw, 720px\" \/><\/figure><\/li><li class=\"blocks-gallery-item\"><figure><img loading=\"lazy\" decoding=\"async\" width=\"720\" height=\"480\" src=\"https:\/\/expressometro.mx\/wp-content\/uploads\/2021\/10\/WhatsApp-Image-2021-10-26-at-21.18.59-1-720x480.jpeg\" alt=\"\" data-id=\"4072\" data-full-url=\"https:\/\/expressometro.mx\/wp-content\/uploads\/2021\/10\/WhatsApp-Image-2021-10-26-at-21.18.59-1.jpeg\" data-link=\"https:\/\/expressometro.mx\/?attachment_id=4072\" class=\"wp-image-4072\" srcset=\"https:\/\/expressometro.mx\/wp-content\/uploads\/2021\/10\/WhatsApp-Image-2021-10-26-at-21.18.59-1-720x480.jpeg 720w, https:\/\/expressometro.mx\/wp-content\/uploads\/2021\/10\/WhatsApp-Image-2021-10-26-at-21.18.59-1-548x365.jpeg 548w, https:\/\/expressometro.mx\/wp-content\/uploads\/2021\/10\/WhatsApp-Image-2021-10-26-at-21.18.59-1-768x512.jpeg 768w, https:\/\/expressometro.mx\/wp-content\/uploads\/2021\/10\/WhatsApp-Image-2021-10-26-at-21.18.59-1.jpeg 960w\" sizes=\"auto, (max-width: 720px) 100vw, 720px\" \/><\/figure><\/li><\/ul><\/figure>\n","protected":false},"excerpt":{"rendered":"<p>Los titulares de la Universidad Aut\u00f3noma del Estado de M\u00e9xico (UAEM) y el \u00d3rgano Superior de Fiscalizaci\u00f3n del Estado de M\u00e9xico (OSFEM), Carlos Eduardo Barrera D\u00edaz y Miroslava Carrillo Mart\u00ednez, respectivamente, firmaron un convenio de colaboraci\u00f3n.<\/p>\n","protected":false},"author":2,"featured_media":4070,"comment_status":"open","ping_status":"open","sticky":false,"template":"","format":"standard","meta":{"footnotes":""},"categories":[108,4],"tags":[313,1054,1053,82],"class_list":["post-4067","post","type-post","status-publish","format-standard","has-post-thumbnail","hentry","category-educacion","category-finanzas","tag-carlos-eduardo-barrera-diaz","tag-miroslava-carrillo","tag-osfem","tag-uaemex"],"yoast_head":"<!-- This site is optimized with the Yoast SEO plugin v27.5 - https:\/\/yoast.com\/product\/yoast-seo-wordpress\/ -->\n<title>Transparencia y rendici\u00f3n de cuentas, principios que motivan el trabajo conjunto entre UAEM y OSFEM - Expresso Metropolitano<\/title>\n<meta name=\"robots\" content=\"index, follow, max-snippet:-1, max-image-preview:large, max-video-preview:-1\" \/>\n<link rel=\"canonical\" href=\"https:\/\/expressometro.mx\/index.php\/2021\/10\/26\/transparencia-y-rendicion-de-cuentas-principios-que-motivan-el-trabajo-conjunto-entre-uaem-y-osfem\/\" \/>\n<meta property=\"og:locale\" content=\"es_MX\" \/>\n<meta property=\"og:type\" content=\"article\" \/>\n<meta property=\"og:title\" content=\"Transparencia y rendici\u00f3n de cuentas, principios que motivan el trabajo conjunto entre UAEM y OSFEM - Expresso Metropolitano\" \/>\n<meta property=\"og:description\" content=\"Los titulares de la Universidad Aut\u00f3noma del Estado de M\u00e9xico (UAEM) y el \u00d3rgano Superior de Fiscalizaci\u00f3n del Estado de M\u00e9xico (OSFEM), Carlos Eduardo Barrera D\u00edaz y Miroslava Carrillo Mart\u00ednez, respectivamente, firmaron un convenio de colaboraci\u00f3n.\" \/>\n<meta property=\"og:url\" content=\"https:\/\/expressometro.mx\/index.php\/2021\/10\/26\/transparencia-y-rendicion-de-cuentas-principios-que-motivan-el-trabajo-conjunto-entre-uaem-y-osfem\/\" \/>\n<meta property=\"og:site_name\" content=\"Expresso Metropolitano\" \/>\n<meta property=\"article:published_time\" content=\"2021-10-26T22:38:00+00:00\" \/>\n<meta property=\"article:modified_time\" content=\"2021-10-27T22:41:06+00:00\" \/>\n<meta property=\"og:image\" content=\"https:\/\/expressometro.mx\/wp-content\/uploads\/2021\/10\/WhatsApp-Image-2021-10-26-at-21.18.57.jpeg\" \/>\n\t<meta property=\"og:image:width\" content=\"960\" \/>\n\t<meta property=\"og:image:height\" content=\"640\" \/>\n\t<meta property=\"og:image:type\" content=\"image\/jpeg\" \/>\n<meta name=\"author\" content=\"Cecilia Vega\" \/>\n<meta name=\"twitter:label1\" content=\"Escrito por\" \/>\n\t<meta name=\"twitter:data1\" content=\"Cecilia Vega\" \/>\n\t<meta name=\"twitter:label2\" content=\"Tiempo de lectura\" \/>\n\t<meta name=\"twitter:data2\" content=\"3 minutos\" \/>\n<script type=\"application\/ld+json\" class=\"yoast-schema-graph\">{\"@context\":\"https:\\\/\\\/schema.org\",\"@graph\":[{\"@type\":\"Article\",\"@id\":\"https:\\\/\\\/expressometro.mx\\\/index.php\\\/2021\\\/10\\\/26\\\/transparencia-y-rendicion-de-cuentas-principios-que-motivan-el-trabajo-conjunto-entre-uaem-y-osfem\\\/#article\",\"isPartOf\":{\"@id\":\"https:\\\/\\\/expressometro.mx\\\/index.php\\\/2021\\\/10\\\/26\\\/transparencia-y-rendicion-de-cuentas-principios-que-motivan-el-trabajo-conjunto-entre-uaem-y-osfem\\\/\"},\"author\":{\"name\":\"Cecilia Vega\",\"@id\":\"https:\\\/\\\/expressometro.mx\\\/#\\\/schema\\\/person\\\/67a95b8e3862085c7598f66237488f1f\"},\"headline\":\"Transparencia y rendici\u00f3n de cuentas, principios que motivan el trabajo conjunto entre UAEM y OSFEM\",\"datePublished\":\"2021-10-26T22:38:00+00:00\",\"dateModified\":\"2021-10-27T22:41:06+00:00\",\"mainEntityOfPage\":{\"@id\":\"https:\\\/\\\/expressometro.mx\\\/index.php\\\/2021\\\/10\\\/26\\\/transparencia-y-rendicion-de-cuentas-principios-que-motivan-el-trabajo-conjunto-entre-uaem-y-osfem\\\/\"},\"wordCount\":437,\"commentCount\":0,\"publisher\":{\"@id\":\"https:\\\/\\\/expressometro.mx\\\/#organization\"},\"image\":{\"@id\":\"https:\\\/\\\/expressometro.mx\\\/index.php\\\/2021\\\/10\\\/26\\\/transparencia-y-rendicion-de-cuentas-principios-que-motivan-el-trabajo-conjunto-entre-uaem-y-osfem\\\/#primaryimage\"},\"thumbnailUrl\":\"https:\\\/\\\/expressometro.mx\\\/wp-content\\\/uploads\\\/2021\\\/10\\\/WhatsApp-Image-2021-10-26-at-21.18.57.jpeg\",\"keywords\":[\"Carlos Eduardo Barrera D\u00edaz\",\"Miroslava Carrillo\",\"OSFEM\",\"UAEMex\"],\"articleSection\":[\"Educaci\u00f3n\",\"Finanzas\"],\"inLanguage\":\"es\",\"potentialAction\":[{\"@type\":\"CommentAction\",\"name\":\"Comment\",\"target\":[\"https:\\\/\\\/expressometro.mx\\\/index.php\\\/2021\\\/10\\\/26\\\/transparencia-y-rendicion-de-cuentas-principios-que-motivan-el-trabajo-conjunto-entre-uaem-y-osfem\\\/#respond\"]}]},{\"@type\":\"WebPage\",\"@id\":\"https:\\\/\\\/expressometro.mx\\\/index.php\\\/2021\\\/10\\\/26\\\/transparencia-y-rendicion-de-cuentas-principios-que-motivan-el-trabajo-conjunto-entre-uaem-y-osfem\\\/\",\"url\":\"https:\\\/\\\/expressometro.mx\\\/index.php\\\/2021\\\/10\\\/26\\\/transparencia-y-rendicion-de-cuentas-principios-que-motivan-el-trabajo-conjunto-entre-uaem-y-osfem\\\/\",\"name\":\"Transparencia y rendici\u00f3n de cuentas, principios que motivan el trabajo conjunto entre UAEM y OSFEM - Expresso Metropolitano\",\"isPartOf\":{\"@id\":\"https:\\\/\\\/expressometro.mx\\\/#website\"},\"primaryImageOfPage\":{\"@id\":\"https:\\\/\\\/expressometro.mx\\\/index.php\\\/2021\\\/10\\\/26\\\/transparencia-y-rendicion-de-cuentas-principios-que-motivan-el-trabajo-conjunto-entre-uaem-y-osfem\\\/#primaryimage\"},\"image\":{\"@id\":\"https:\\\/\\\/expressometro.mx\\\/index.php\\\/2021\\\/10\\\/26\\\/transparencia-y-rendicion-de-cuentas-principios-que-motivan-el-trabajo-conjunto-entre-uaem-y-osfem\\\/#primaryimage\"},\"thumbnailUrl\":\"https:\\\/\\\/expressometro.mx\\\/wp-content\\\/uploads\\\/2021\\\/10\\\/WhatsApp-Image-2021-10-26-at-21.18.57.jpeg\",\"datePublished\":\"2021-10-26T22:38:00+00:00\",\"dateModified\":\"2021-10-27T22:41:06+00:00\",\"breadcrumb\":{\"@id\":\"https:\\\/\\\/expressometro.mx\\\/index.php\\\/2021\\\/10\\\/26\\\/transparencia-y-rendicion-de-cuentas-principios-que-motivan-el-trabajo-conjunto-entre-uaem-y-osfem\\\/#breadcrumb\"},\"inLanguage\":\"es\",\"potentialAction\":[{\"@type\":\"ReadAction\",\"target\":[\"https:\\\/\\\/expressometro.mx\\\/index.php\\\/2021\\\/10\\\/26\\\/transparencia-y-rendicion-de-cuentas-principios-que-motivan-el-trabajo-conjunto-entre-uaem-y-osfem\\\/\"]}]},{\"@type\":\"ImageObject\",\"inLanguage\":\"es\",\"@id\":\"https:\\\/\\\/expressometro.mx\\\/index.php\\\/2021\\\/10\\\/26\\\/transparencia-y-rendicion-de-cuentas-principios-que-motivan-el-trabajo-conjunto-entre-uaem-y-osfem\\\/#primaryimage\",\"url\":\"https:\\\/\\\/expressometro.mx\\\/wp-content\\\/uploads\\\/2021\\\/10\\\/WhatsApp-Image-2021-10-26-at-21.18.57.jpeg\",\"contentUrl\":\"https:\\\/\\\/expressometro.mx\\\/wp-content\\\/uploads\\\/2021\\\/10\\\/WhatsApp-Image-2021-10-26-at-21.18.57.jpeg\",\"width\":960,\"height\":640},{\"@type\":\"BreadcrumbList\",\"@id\":\"https:\\\/\\\/expressometro.mx\\\/index.php\\\/2021\\\/10\\\/26\\\/transparencia-y-rendicion-de-cuentas-principios-que-motivan-el-trabajo-conjunto-entre-uaem-y-osfem\\\/#breadcrumb\",\"itemListElement\":[{\"@type\":\"ListItem\",\"position\":1,\"name\":\"Inicio\",\"item\":\"https:\\\/\\\/expressometro.mx\\\/\"},{\"@type\":\"ListItem\",\"position\":2,\"name\":\"Transparencia y rendici\u00f3n de cuentas, principios que motivan el trabajo conjunto entre UAEM y OSFEM\"}]},{\"@type\":\"WebSite\",\"@id\":\"https:\\\/\\\/expressometro.mx\\\/#website\",\"url\":\"https:\\\/\\\/expressometro.mx\\\/\",\"name\":\"Expresso Metropolitano\",\"description\":\"Periodismo comprometido, informaci\u00f3n, investigaci\u00f3n y an\u00e1lisis\",\"publisher\":{\"@id\":\"https:\\\/\\\/expressometro.mx\\\/#organization\"},\"potentialAction\":[{\"@type\":\"SearchAction\",\"target\":{\"@type\":\"EntryPoint\",\"urlTemplate\":\"https:\\\/\\\/expressometro.mx\\\/?s={search_term_string}\"},\"query-input\":{\"@type\":\"PropertyValueSpecification\",\"valueRequired\":true,\"valueName\":\"search_term_string\"}}],\"inLanguage\":\"es\"},{\"@type\":\"Organization\",\"@id\":\"https:\\\/\\\/expressometro.mx\\\/#organization\",\"name\":\"Expresso Metropolitano\",\"url\":\"https:\\\/\\\/expressometro.mx\\\/\",\"logo\":{\"@type\":\"ImageObject\",\"inLanguage\":\"es\",\"@id\":\"https:\\\/\\\/expressometro.mx\\\/#\\\/schema\\\/logo\\\/image\\\/\",\"url\":\"https:\\\/\\\/expressometro.mx\\\/wp-content\\\/uploads\\\/2019\\\/07\\\/cropped-Logo-Expresso-Metropolitano-1-1.jpeg\",\"contentUrl\":\"https:\\\/\\\/expressometro.mx\\\/wp-content\\\/uploads\\\/2019\\\/07\\\/cropped-Logo-Expresso-Metropolitano-1-1.jpeg\",\"width\":290,\"height\":73,\"caption\":\"Expresso Metropolitano\"},\"image\":{\"@id\":\"https:\\\/\\\/expressometro.mx\\\/#\\\/schema\\\/logo\\\/image\\\/\"}},{\"@type\":\"Person\",\"@id\":\"https:\\\/\\\/expressometro.mx\\\/#\\\/schema\\\/person\\\/67a95b8e3862085c7598f66237488f1f\",\"name\":\"Cecilia Vega\",\"image\":{\"@type\":\"ImageObject\",\"inLanguage\":\"es\",\"@id\":\"https:\\\/\\\/secure.gravatar.com\\\/avatar\\\/13aae9944ab2ee472a9e407c9487fdbd03b049abaa559af32fe5dbcf615c981b?s=96&d=mm&r=g\",\"url\":\"https:\\\/\\\/secure.gravatar.com\\\/avatar\\\/13aae9944ab2ee472a9e407c9487fdbd03b049abaa559af32fe5dbcf615c981b?s=96&d=mm&r=g\",\"contentUrl\":\"https:\\\/\\\/secure.gravatar.com\\\/avatar\\\/13aae9944ab2ee472a9e407c9487fdbd03b049abaa559af32fe5dbcf615c981b?s=96&d=mm&r=g\",\"caption\":\"Cecilia Vega\"},\"url\":\"https:\\\/\\\/expressometro.mx\\\/index.php\\\/author\\\/cecilia-vega\\\/\"}]}<\/script>\n<!-- \/ Yoast SEO plugin. -->","yoast_head_json":{"title":"Transparencia y rendici\u00f3n de cuentas, principios que motivan el trabajo conjunto entre UAEM y OSFEM - Expresso Metropolitano","robots":{"index":"index","follow":"follow","max-snippet":"max-snippet:-1","max-image-preview":"max-image-preview:large","max-video-preview":"max-video-preview:-1"},"canonical":"https:\/\/expressometro.mx\/index.php\/2021\/10\/26\/transparencia-y-rendicion-de-cuentas-principios-que-motivan-el-trabajo-conjunto-entre-uaem-y-osfem\/","og_locale":"es_MX","og_type":"article","og_title":"Transparencia y rendici\u00f3n de cuentas, principios que motivan el trabajo conjunto entre UAEM y OSFEM - Expresso Metropolitano","og_description":"Los titulares de la Universidad Aut\u00f3noma del Estado de M\u00e9xico (UAEM) y el \u00d3rgano Superior de Fiscalizaci\u00f3n del Estado de M\u00e9xico (OSFEM), Carlos Eduardo Barrera D\u00edaz y Miroslava Carrillo Mart\u00ednez, respectivamente, firmaron un convenio de colaboraci\u00f3n.","og_url":"https:\/\/expressometro.mx\/index.php\/2021\/10\/26\/transparencia-y-rendicion-de-cuentas-principios-que-motivan-el-trabajo-conjunto-entre-uaem-y-osfem\/","og_site_name":"Expresso Metropolitano","article_published_time":"2021-10-26T22:38:00+00:00","article_modified_time":"2021-10-27T22:41:06+00:00","og_image":[{"width":960,"height":640,"url":"https:\/\/expressometro.mx\/wp-content\/uploads\/2021\/10\/WhatsApp-Image-2021-10-26-at-21.18.57.jpeg","type":"image\/jpeg"}],"author":"Cecilia Vega","twitter_misc":{"Escrito por":"Cecilia Vega","Tiempo de lectura":"3 minutos"},"schema":{"@context":"https:\/\/schema.org","@graph":[{"@type":"Article","@id":"https:\/\/expressometro.mx\/index.php\/2021\/10\/26\/transparencia-y-rendicion-de-cuentas-principios-que-motivan-el-trabajo-conjunto-entre-uaem-y-osfem\/#article","isPartOf":{"@id":"https:\/\/expressometro.mx\/index.php\/2021\/10\/26\/transparencia-y-rendicion-de-cuentas-principios-que-motivan-el-trabajo-conjunto-entre-uaem-y-osfem\/"},"author":{"name":"Cecilia Vega","@id":"https:\/\/expressometro.mx\/#\/schema\/person\/67a95b8e3862085c7598f66237488f1f"},"headline":"Transparencia y rendici\u00f3n de cuentas, principios que motivan el trabajo conjunto entre UAEM y OSFEM","datePublished":"2021-10-26T22:38:00+00:00","dateModified":"2021-10-27T22:41:06+00:00","mainEntityOfPage":{"@id":"https:\/\/expressometro.mx\/index.php\/2021\/10\/26\/transparencia-y-rendicion-de-cuentas-principios-que-motivan-el-trabajo-conjunto-entre-uaem-y-osfem\/"},"wordCount":437,"commentCount":0,"publisher":{"@id":"https:\/\/expressometro.mx\/#organization"},"image":{"@id":"https:\/\/expressometro.mx\/index.php\/2021\/10\/26\/transparencia-y-rendicion-de-cuentas-principios-que-motivan-el-trabajo-conjunto-entre-uaem-y-osfem\/#primaryimage"},"thumbnailUrl":"https:\/\/expressometro.mx\/wp-content\/uploads\/2021\/10\/WhatsApp-Image-2021-10-26-at-21.18.57.jpeg","keywords":["Carlos Eduardo Barrera D\u00edaz","Miroslava Carrillo","OSFEM","UAEMex"],"articleSection":["Educaci\u00f3n","Finanzas"],"inLanguage":"es","potentialAction":[{"@type":"CommentAction","name":"Comment","target":["https:\/\/expressometro.mx\/index.php\/2021\/10\/26\/transparencia-y-rendicion-de-cuentas-principios-que-motivan-el-trabajo-conjunto-entre-uaem-y-osfem\/#respond"]}]},{"@type":"WebPage","@id":"https:\/\/expressometro.mx\/index.php\/2021\/10\/26\/transparencia-y-rendicion-de-cuentas-principios-que-motivan-el-trabajo-conjunto-entre-uaem-y-osfem\/","url":"https:\/\/expressometro.mx\/index.php\/2021\/10\/26\/transparencia-y-rendicion-de-cuentas-principios-que-motivan-el-trabajo-conjunto-entre-uaem-y-osfem\/","name":"Transparencia y rendici\u00f3n de cuentas, principios que motivan el trabajo conjunto entre UAEM y OSFEM - Expresso Metropolitano","isPartOf":{"@id":"https:\/\/expressometro.mx\/#website"},"primaryImageOfPage":{"@id":"https:\/\/expressometro.mx\/index.php\/2021\/10\/26\/transparencia-y-rendicion-de-cuentas-principios-que-motivan-el-trabajo-conjunto-entre-uaem-y-osfem\/#primaryimage"},"image":{"@id":"https:\/\/expressometro.mx\/index.php\/2021\/10\/26\/transparencia-y-rendicion-de-cuentas-principios-que-motivan-el-trabajo-conjunto-entre-uaem-y-osfem\/#primaryimage"},"thumbnailUrl":"https:\/\/expressometro.mx\/wp-content\/uploads\/2021\/10\/WhatsApp-Image-2021-10-26-at-21.18.57.jpeg","datePublished":"2021-10-26T22:38:00+00:00","dateModified":"2021-10-27T22:41:06+00:00","breadcrumb":{"@id":"https:\/\/expressometro.mx\/index.php\/2021\/10\/26\/transparencia-y-rendicion-de-cuentas-principios-que-motivan-el-trabajo-conjunto-entre-uaem-y-osfem\/#breadcrumb"},"inLanguage":"es","potentialAction":[{"@type":"ReadAction","target":["https:\/\/expressometro.mx\/index.php\/2021\/10\/26\/transparencia-y-rendicion-de-cuentas-principios-que-motivan-el-trabajo-conjunto-entre-uaem-y-osfem\/"]}]},{"@type":"ImageObject","inLanguage":"es","@id":"https:\/\/expressometro.mx\/index.php\/2021\/10\/26\/transparencia-y-rendicion-de-cuentas-principios-que-motivan-el-trabajo-conjunto-entre-uaem-y-osfem\/#primaryimage","url":"https:\/\/expressometro.mx\/wp-content\/uploads\/2021\/10\/WhatsApp-Image-2021-10-26-at-21.18.57.jpeg","contentUrl":"https:\/\/expressometro.mx\/wp-content\/uploads\/2021\/10\/WhatsApp-Image-2021-10-26-at-21.18.57.jpeg","width":960,"height":640},{"@type":"BreadcrumbList","@id":"https:\/\/expressometro.mx\/index.php\/2021\/10\/26\/transparencia-y-rendicion-de-cuentas-principios-que-motivan-el-trabajo-conjunto-entre-uaem-y-osfem\/#breadcrumb","itemListElement":[{"@type":"ListItem","position":1,"name":"Inicio","item":"https:\/\/expressometro.mx\/"},{"@type":"ListItem","position":2,"name":"Transparencia y rendici\u00f3n de cuentas, principios que motivan el trabajo conjunto entre UAEM y OSFEM"}]},{"@type":"WebSite","@id":"https:\/\/expressometro.mx\/#website","url":"https:\/\/expressometro.mx\/","name":"Expresso Metropolitano","description":"Periodismo comprometido, informaci\u00f3n, investigaci\u00f3n y an\u00e1lisis","publisher":{"@id":"https:\/\/expressometro.mx\/#organization"},"potentialAction":[{"@type":"SearchAction","target":{"@type":"EntryPoint","urlTemplate":"https:\/\/expressometro.mx\/?s={search_term_string}"},"query-input":{"@type":"PropertyValueSpecification","valueRequired":true,"valueName":"search_term_string"}}],"inLanguage":"es"},{"@type":"Organization","@id":"https:\/\/expressometro.mx\/#organization","name":"Expresso Metropolitano","url":"https:\/\/expressometro.mx\/","logo":{"@type":"ImageObject","inLanguage":"es","@id":"https:\/\/expressometro.mx\/#\/schema\/logo\/image\/","url":"https:\/\/expressometro.mx\/wp-content\/uploads\/2019\/07\/cropped-Logo-Expresso-Metropolitano-1-1.jpeg","contentUrl":"https:\/\/expressometro.mx\/wp-content\/uploads\/2019\/07\/cropped-Logo-Expresso-Metropolitano-1-1.jpeg","width":290,"height":73,"caption":"Expresso Metropolitano"},"image":{"@id":"https:\/\/expressometro.mx\/#\/schema\/logo\/image\/"}},{"@type":"Person","@id":"https:\/\/expressometro.mx\/#\/schema\/person\/67a95b8e3862085c7598f66237488f1f","name":"Cecilia Vega","image":{"@type":"ImageObject","inLanguage":"es","@id":"https:\/\/secure.gravatar.com\/avatar\/13aae9944ab2ee472a9e407c9487fdbd03b049abaa559af32fe5dbcf615c981b?s=96&d=mm&r=g","url":"https:\/\/secure.gravatar.com\/avatar\/13aae9944ab2ee472a9e407c9487fdbd03b049abaa559af32fe5dbcf615c981b?s=96&d=mm&r=g","contentUrl":"https:\/\/secure.gravatar.com\/avatar\/13aae9944ab2ee472a9e407c9487fdbd03b049abaa559af32fe5dbcf615c981b?s=96&d=mm&r=g","caption":"Cecilia Vega"},"url":"https:\/\/expressometro.mx\/index.php\/author\/cecilia-vega\/"}]}},"amp_enabled":true,"_links":{"self":[{"href":"https:\/\/expressometro.mx\/index.php\/wp-json\/wp\/v2\/posts\/4067","targetHints":{"allow":["GET"]}}],"collection":[{"href":"https:\/\/expressometro.mx\/index.php\/wp-json\/wp\/v2\/posts"}],"about":[{"href":"https:\/\/expressometro.mx\/index.php\/wp-json\/wp\/v2\/types\/post"}],"author":[{"embeddable":true,"href":"https:\/\/expressometro.mx\/index.php\/wp-json\/wp\/v2\/users\/2"}],"replies":[{"embeddable":true,"href":"https:\/\/expressometro.mx\/index.php\/wp-json\/wp\/v2\/comments?post=4067"}],"version-history":[{"count":1,"href":"https:\/\/expressometro.mx\/index.php\/wp-json\/wp\/v2\/posts\/4067\/revisions"}],"predecessor-version":[{"id":4073,"href":"https:\/\/expressometro.mx\/index.php\/wp-json\/wp\/v2\/posts\/4067\/revisions\/4073"}],"wp:featuredmedia":[{"embeddable":true,"href":"https:\/\/expressometro.mx\/index.php\/wp-json\/wp\/v2\/media\/4070"}],"wp:attachment":[{"href":"https:\/\/expressometro.mx\/index.php\/wp-json\/wp\/v2\/media?parent=4067"}],"wp:term":[{"taxonomy":"category","embeddable":true,"href":"https:\/\/expressometro.mx\/index.php\/wp-json\/wp\/v2\/categories?post=4067"},{"taxonomy":"post_tag","embeddable":true,"href":"https:\/\/expressometro.mx\/index.php\/wp-json\/wp\/v2\/tags?post=4067"}],"curies":[{"name":"wp","href":"https:\/\/api.w.org\/{rel}","templated":true}]}}