{"id":405,"date":"2019-09-04T12:37:38","date_gmt":"2019-09-04T17:37:38","guid":{"rendered":"http:\/\/expressometro.mx\/?p=405"},"modified":"2019-09-25T10:34:50","modified_gmt":"2019-09-25T15:34:50","slug":"con-acciones-concretas-el-gobierno-de-coacalco-y-el-gem-trabajan-en-la-prevencion-del-delito","status":"publish","type":"post","link":"https:\/\/expressometro.mx\/index.php\/2019\/09\/04\/con-acciones-concretas-el-gobierno-de-coacalco-y-el-gem-trabajan-en-la-prevencion-del-delito\/","title":{"rendered":"CON ACCIONES CONCRETAS, EL GOBIERNO DE COACALCO Y EL GEM TRABAJAN EN LA PREVENCI\u00d3N DEL DELITO"},"content":{"rendered":"\n<p>Como parte de las acciones que se realizan para prevenir el delito en territorio municipal, el Gobierno de Coacalco en coordinaci\u00f3n con autoridades estatales realizaron una jornada de mantenimiento en los campos de b\u00e9isbol de la colonia San Rafael.<\/p>\n\n\n\n<p>Dicha acci\u00f3n forma parte de los acuerdos establecidos en sesi\u00f3n del Consejo Municipal de Seguridad P\u00fablica, encaminadas a rescatar espacios p\u00fablicos para promover la sana convivencia y no dejar sitios a la delincuencia.<\/p>\n\n\n\n<p>Con la participaci\u00f3n de servidores p\u00fablicos municipales, estatales e integrantes de los Consejos de Participaci\u00f3n Ciudadana, se mejor\u00f3 las canchas de b\u00e9isbol, futbol, b\u00e1squetbol, de f\u00fatbol r\u00e1pido as\u00ed como una pista de patinaje y se rehabilitaron juegos infantiles.<\/p>\n\n\n\n<p>Entre los trabajos realizados, se llev\u00f3 a cabo la pinta de bardas, canchas, poda de pasto, arregl\u00f3 de la malla cicl\u00f3nica, se soldaron los tableros de basquetbol y se rehabilit\u00f3 el andador. Por parte del Gobierno de Coacalco participaron Obras P\u00fablicas, la Comisar\u00eda de Seguridad P\u00fablica, Servicios P\u00fablicos y la Secretar\u00eda T\u00e9cnica.<\/p>\n","protected":false},"excerpt":{"rendered":"<p>Como parte de las acciones que se realizan para prevenir el delito en territorio municipal, el Gobierno de Coacalco en coordinaci\u00f3n con autoridades estatales realizaron una jornada de mantenimiento en los campos de b\u00e9isbol de la colonia San Rafael. Dicha acci\u00f3n forma parte de los acuerdos establecidos en sesi\u00f3n del Consejo Municipal de Seguridad P\u00fablica, encaminadas a rescatar espacios p\u00fablicos para promover la sana convivencia y no dejar sitios a la delincuencia. Con la participaci\u00f3n de servidores p\u00fablicos municipales, estatales e integrantes de los Consejos de Participaci\u00f3n Ciudadana, se mejor\u00f3&hellip;<\/p>\n","protected":false},"author":1,"featured_media":406,"comment_status":"open","ping_status":"open","sticky":false,"template":"","format":"standard","meta":{"footnotes":""},"categories":[3,6],"tags":[],"class_list":["post-405","post","type-post","status-publish","format-standard","has-post-thumbnail","hentry","category-gobierno","category-seguridad"],"yoast_head":"<!-- This site is optimized with the Yoast SEO plugin v27.5 - https:\/\/yoast.com\/product\/yoast-seo-wordpress\/ -->\n<title>CON ACCIONES CONCRETAS, EL GOBIERNO DE COACALCO Y EL GEM TRABAJAN EN LA PREVENCI\u00d3N DEL DELITO - Expresso Metropolitano<\/title>\n<meta name=\"robots\" content=\"index, follow, max-snippet:-1, max-image-preview:large, max-video-preview:-1\" \/>\n<link rel=\"canonical\" href=\"https:\/\/expressometro.mx\/index.php\/2019\/09\/04\/con-acciones-concretas-el-gobierno-de-coacalco-y-el-gem-trabajan-en-la-prevencion-del-delito\/\" \/>\n<meta property=\"og:locale\" content=\"es_MX\" \/>\n<meta property=\"og:type\" content=\"article\" \/>\n<meta property=\"og:title\" content=\"CON ACCIONES CONCRETAS, EL GOBIERNO DE COACALCO Y EL GEM TRABAJAN EN LA PREVENCI\u00d3N DEL DELITO - Expresso Metropolitano\" \/>\n<meta property=\"og:description\" content=\"Como parte de las acciones que se realizan para prevenir el delito en territorio municipal, el Gobierno de Coacalco en coordinaci\u00f3n con autoridades estatales realizaron una jornada de mantenimiento en los campos de b\u00e9isbol de la colonia San Rafael. Dicha acci\u00f3n forma parte de los acuerdos establecidos en sesi\u00f3n del Consejo Municipal de Seguridad P\u00fablica, encaminadas a rescatar espacios p\u00fablicos para promover la sana convivencia y no dejar sitios a la delincuencia. Con la participaci\u00f3n de servidores p\u00fablicos municipales, estatales e integrantes de los Consejos de Participaci\u00f3n Ciudadana, se mejor\u00f3&hellip;\" \/>\n<meta property=\"og:url\" content=\"https:\/\/expressometro.mx\/index.php\/2019\/09\/04\/con-acciones-concretas-el-gobierno-de-coacalco-y-el-gem-trabajan-en-la-prevencion-del-delito\/\" \/>\n<meta property=\"og:site_name\" content=\"Expresso Metropolitano\" \/>\n<meta property=\"article:published_time\" content=\"2019-09-04T17:37:38+00:00\" \/>\n<meta property=\"article:modified_time\" content=\"2019-09-25T15:34:50+00:00\" \/>\n<meta property=\"og:image\" content=\"https:\/\/expressometro.mx\/wp-content\/uploads\/2019\/09\/Jornada-7.jpeg\" \/>\n\t<meta property=\"og:image:width\" content=\"1280\" \/>\n\t<meta property=\"og:image:height\" content=\"960\" \/>\n\t<meta property=\"og:image:type\" content=\"image\/jpeg\" \/>\n<meta name=\"author\" content=\"Expresso Metropolitano\" \/>\n<meta name=\"twitter:label1\" content=\"Escrito por\" \/>\n\t<meta name=\"twitter:data1\" content=\"Expresso Metropolitano\" \/>\n\t<meta name=\"twitter:label2\" content=\"Tiempo de lectura\" \/>\n\t<meta name=\"twitter:data2\" content=\"1 minuto\" \/>\n<script type=\"application\/ld+json\" class=\"yoast-schema-graph\">{\"@context\":\"https:\\\/\\\/schema.org\",\"@graph\":[{\"@type\":\"Article\",\"@id\":\"https:\\\/\\\/expressometro.mx\\\/index.php\\\/2019\\\/09\\\/04\\\/con-acciones-concretas-el-gobierno-de-coacalco-y-el-gem-trabajan-en-la-prevencion-del-delito\\\/#article\",\"isPartOf\":{\"@id\":\"https:\\\/\\\/expressometro.mx\\\/index.php\\\/2019\\\/09\\\/04\\\/con-acciones-concretas-el-gobierno-de-coacalco-y-el-gem-trabajan-en-la-prevencion-del-delito\\\/\"},\"author\":{\"name\":\"Expresso Metropolitano\",\"@id\":\"https:\\\/\\\/expressometro.mx\\\/#\\\/schema\\\/person\\\/efa971b4a0664db8ed5c22b1b0dd2f5d\"},\"headline\":\"CON ACCIONES CONCRETAS, EL GOBIERNO DE COACALCO Y EL GEM TRABAJAN EN LA PREVENCI\u00d3N DEL DELITO\",\"datePublished\":\"2019-09-04T17:37:38+00:00\",\"dateModified\":\"2019-09-25T15:34:50+00:00\",\"mainEntityOfPage\":{\"@id\":\"https:\\\/\\\/expressometro.mx\\\/index.php\\\/2019\\\/09\\\/04\\\/con-acciones-concretas-el-gobierno-de-coacalco-y-el-gem-trabajan-en-la-prevencion-del-delito\\\/\"},\"wordCount\":199,\"commentCount\":0,\"publisher\":{\"@id\":\"https:\\\/\\\/expressometro.mx\\\/#organization\"},\"image\":{\"@id\":\"https:\\\/\\\/expressometro.mx\\\/index.php\\\/2019\\\/09\\\/04\\\/con-acciones-concretas-el-gobierno-de-coacalco-y-el-gem-trabajan-en-la-prevencion-del-delito\\\/#primaryimage\"},\"thumbnailUrl\":\"https:\\\/\\\/expressometro.mx\\\/wp-content\\\/uploads\\\/2019\\\/09\\\/Jornada-7.jpeg\",\"articleSection\":[\"Gobierno\",\"Seguridad\"],\"inLanguage\":\"es\",\"potentialAction\":[{\"@type\":\"CommentAction\",\"name\":\"Comment\",\"target\":[\"https:\\\/\\\/expressometro.mx\\\/index.php\\\/2019\\\/09\\\/04\\\/con-acciones-concretas-el-gobierno-de-coacalco-y-el-gem-trabajan-en-la-prevencion-del-delito\\\/#respond\"]}]},{\"@type\":\"WebPage\",\"@id\":\"https:\\\/\\\/expressometro.mx\\\/index.php\\\/2019\\\/09\\\/04\\\/con-acciones-concretas-el-gobierno-de-coacalco-y-el-gem-trabajan-en-la-prevencion-del-delito\\\/\",\"url\":\"https:\\\/\\\/expressometro.mx\\\/index.php\\\/2019\\\/09\\\/04\\\/con-acciones-concretas-el-gobierno-de-coacalco-y-el-gem-trabajan-en-la-prevencion-del-delito\\\/\",\"name\":\"CON ACCIONES CONCRETAS, EL GOBIERNO DE COACALCO Y EL GEM TRABAJAN EN LA PREVENCI\u00d3N DEL DELITO - Expresso Metropolitano\",\"isPartOf\":{\"@id\":\"https:\\\/\\\/expressometro.mx\\\/#website\"},\"primaryImageOfPage\":{\"@id\":\"https:\\\/\\\/expressometro.mx\\\/index.php\\\/2019\\\/09\\\/04\\\/con-acciones-concretas-el-gobierno-de-coacalco-y-el-gem-trabajan-en-la-prevencion-del-delito\\\/#primaryimage\"},\"image\":{\"@id\":\"https:\\\/\\\/expressometro.mx\\\/index.php\\\/2019\\\/09\\\/04\\\/con-acciones-concretas-el-gobierno-de-coacalco-y-el-gem-trabajan-en-la-prevencion-del-delito\\\/#primaryimage\"},\"thumbnailUrl\":\"https:\\\/\\\/expressometro.mx\\\/wp-content\\\/uploads\\\/2019\\\/09\\\/Jornada-7.jpeg\",\"datePublished\":\"2019-09-04T17:37:38+00:00\",\"dateModified\":\"2019-09-25T15:34:50+00:00\",\"breadcrumb\":{\"@id\":\"https:\\\/\\\/expressometro.mx\\\/index.php\\\/2019\\\/09\\\/04\\\/con-acciones-concretas-el-gobierno-de-coacalco-y-el-gem-trabajan-en-la-prevencion-del-delito\\\/#breadcrumb\"},\"inLanguage\":\"es\",\"potentialAction\":[{\"@type\":\"ReadAction\",\"target\":[\"https:\\\/\\\/expressometro.mx\\\/index.php\\\/2019\\\/09\\\/04\\\/con-acciones-concretas-el-gobierno-de-coacalco-y-el-gem-trabajan-en-la-prevencion-del-delito\\\/\"]}]},{\"@type\":\"ImageObject\",\"inLanguage\":\"es\",\"@id\":\"https:\\\/\\\/expressometro.mx\\\/index.php\\\/2019\\\/09\\\/04\\\/con-acciones-concretas-el-gobierno-de-coacalco-y-el-gem-trabajan-en-la-prevencion-del-delito\\\/#primaryimage\",\"url\":\"https:\\\/\\\/expressometro.mx\\\/wp-content\\\/uploads\\\/2019\\\/09\\\/Jornada-7.jpeg\",\"contentUrl\":\"https:\\\/\\\/expressometro.mx\\\/wp-content\\\/uploads\\\/2019\\\/09\\\/Jornada-7.jpeg\",\"width\":1280,\"height\":960},{\"@type\":\"BreadcrumbList\",\"@id\":\"https:\\\/\\\/expressometro.mx\\\/index.php\\\/2019\\\/09\\\/04\\\/con-acciones-concretas-el-gobierno-de-coacalco-y-el-gem-trabajan-en-la-prevencion-del-delito\\\/#breadcrumb\",\"itemListElement\":[{\"@type\":\"ListItem\",\"position\":1,\"name\":\"Inicio\",\"item\":\"https:\\\/\\\/expressometro.mx\\\/\"},{\"@type\":\"ListItem\",\"position\":2,\"name\":\"CON ACCIONES CONCRETAS, EL GOBIERNO DE COACALCO Y EL GEM TRABAJAN EN LA PREVENCI\u00d3N DEL DELITO\"}]},{\"@type\":\"WebSite\",\"@id\":\"https:\\\/\\\/expressometro.mx\\\/#website\",\"url\":\"https:\\\/\\\/expressometro.mx\\\/\",\"name\":\"Expresso Metropolitano\",\"description\":\"Periodismo comprometido, informaci\u00f3n, investigaci\u00f3n y an\u00e1lisis\",\"publisher\":{\"@id\":\"https:\\\/\\\/expressometro.mx\\\/#organization\"},\"potentialAction\":[{\"@type\":\"SearchAction\",\"target\":{\"@type\":\"EntryPoint\",\"urlTemplate\":\"https:\\\/\\\/expressometro.mx\\\/?s={search_term_string}\"},\"query-input\":{\"@type\":\"PropertyValueSpecification\",\"valueRequired\":true,\"valueName\":\"search_term_string\"}}],\"inLanguage\":\"es\"},{\"@type\":\"Organization\",\"@id\":\"https:\\\/\\\/expressometro.mx\\\/#organization\",\"name\":\"Expresso Metropolitano\",\"url\":\"https:\\\/\\\/expressometro.mx\\\/\",\"logo\":{\"@type\":\"ImageObject\",\"inLanguage\":\"es\",\"@id\":\"https:\\\/\\\/expressometro.mx\\\/#\\\/schema\\\/logo\\\/image\\\/\",\"url\":\"https:\\\/\\\/expressometro.mx\\\/wp-content\\\/uploads\\\/2019\\\/07\\\/cropped-Logo-Expresso-Metropolitano-1-1.jpeg\",\"contentUrl\":\"https:\\\/\\\/expressometro.mx\\\/wp-content\\\/uploads\\\/2019\\\/07\\\/cropped-Logo-Expresso-Metropolitano-1-1.jpeg\",\"width\":290,\"height\":73,\"caption\":\"Expresso Metropolitano\"},\"image\":{\"@id\":\"https:\\\/\\\/expressometro.mx\\\/#\\\/schema\\\/logo\\\/image\\\/\"}},{\"@type\":\"Person\",\"@id\":\"https:\\\/\\\/expressometro.mx\\\/#\\\/schema\\\/person\\\/efa971b4a0664db8ed5c22b1b0dd2f5d\",\"name\":\"Expresso Metropolitano\",\"image\":{\"@type\":\"ImageObject\",\"inLanguage\":\"es\",\"@id\":\"https:\\\/\\\/secure.gravatar.com\\\/avatar\\\/a89f802b8de18c6952f223c88d3d106e9e3679839f4e25a02f4a6cc2ae6ba3b3?s=96&d=mm&r=g\",\"url\":\"https:\\\/\\\/secure.gravatar.com\\\/avatar\\\/a89f802b8de18c6952f223c88d3d106e9e3679839f4e25a02f4a6cc2ae6ba3b3?s=96&d=mm&r=g\",\"contentUrl\":\"https:\\\/\\\/secure.gravatar.com\\\/avatar\\\/a89f802b8de18c6952f223c88d3d106e9e3679839f4e25a02f4a6cc2ae6ba3b3?s=96&d=mm&r=g\",\"caption\":\"Expresso Metropolitano\"},\"url\":\"https:\\\/\\\/expressometro.mx\\\/index.php\\\/author\\\/diego\\\/\"}]}<\/script>\n<!-- \/ Yoast SEO plugin. -->","yoast_head_json":{"title":"CON ACCIONES CONCRETAS, EL GOBIERNO DE COACALCO Y EL GEM TRABAJAN EN LA PREVENCI\u00d3N DEL DELITO - Expresso Metropolitano","robots":{"index":"index","follow":"follow","max-snippet":"max-snippet:-1","max-image-preview":"max-image-preview:large","max-video-preview":"max-video-preview:-1"},"canonical":"https:\/\/expressometro.mx\/index.php\/2019\/09\/04\/con-acciones-concretas-el-gobierno-de-coacalco-y-el-gem-trabajan-en-la-prevencion-del-delito\/","og_locale":"es_MX","og_type":"article","og_title":"CON ACCIONES CONCRETAS, EL GOBIERNO DE COACALCO Y EL GEM TRABAJAN EN LA PREVENCI\u00d3N DEL DELITO - Expresso Metropolitano","og_description":"Como parte de las acciones que se realizan para prevenir el delito en territorio municipal, el Gobierno de Coacalco en coordinaci\u00f3n con autoridades estatales realizaron una jornada de mantenimiento en los campos de b\u00e9isbol de la colonia San Rafael. Dicha acci\u00f3n forma parte de los acuerdos establecidos en sesi\u00f3n del Consejo Municipal de Seguridad P\u00fablica, encaminadas a rescatar espacios p\u00fablicos para promover la sana convivencia y no dejar sitios a la delincuencia. Con la participaci\u00f3n de servidores p\u00fablicos municipales, estatales e integrantes de los Consejos de Participaci\u00f3n Ciudadana, se mejor\u00f3&hellip;","og_url":"https:\/\/expressometro.mx\/index.php\/2019\/09\/04\/con-acciones-concretas-el-gobierno-de-coacalco-y-el-gem-trabajan-en-la-prevencion-del-delito\/","og_site_name":"Expresso Metropolitano","article_published_time":"2019-09-04T17:37:38+00:00","article_modified_time":"2019-09-25T15:34:50+00:00","og_image":[{"width":1280,"height":960,"url":"https:\/\/expressometro.mx\/wp-content\/uploads\/2019\/09\/Jornada-7.jpeg","type":"image\/jpeg"}],"author":"Expresso Metropolitano","twitter_misc":{"Escrito por":"Expresso Metropolitano","Tiempo de lectura":"1 minuto"},"schema":{"@context":"https:\/\/schema.org","@graph":[{"@type":"Article","@id":"https:\/\/expressometro.mx\/index.php\/2019\/09\/04\/con-acciones-concretas-el-gobierno-de-coacalco-y-el-gem-trabajan-en-la-prevencion-del-delito\/#article","isPartOf":{"@id":"https:\/\/expressometro.mx\/index.php\/2019\/09\/04\/con-acciones-concretas-el-gobierno-de-coacalco-y-el-gem-trabajan-en-la-prevencion-del-delito\/"},"author":{"name":"Expresso Metropolitano","@id":"https:\/\/expressometro.mx\/#\/schema\/person\/efa971b4a0664db8ed5c22b1b0dd2f5d"},"headline":"CON ACCIONES CONCRETAS, EL GOBIERNO DE COACALCO Y EL GEM TRABAJAN EN LA PREVENCI\u00d3N DEL DELITO","datePublished":"2019-09-04T17:37:38+00:00","dateModified":"2019-09-25T15:34:50+00:00","mainEntityOfPage":{"@id":"https:\/\/expressometro.mx\/index.php\/2019\/09\/04\/con-acciones-concretas-el-gobierno-de-coacalco-y-el-gem-trabajan-en-la-prevencion-del-delito\/"},"wordCount":199,"commentCount":0,"publisher":{"@id":"https:\/\/expressometro.mx\/#organization"},"image":{"@id":"https:\/\/expressometro.mx\/index.php\/2019\/09\/04\/con-acciones-concretas-el-gobierno-de-coacalco-y-el-gem-trabajan-en-la-prevencion-del-delito\/#primaryimage"},"thumbnailUrl":"https:\/\/expressometro.mx\/wp-content\/uploads\/2019\/09\/Jornada-7.jpeg","articleSection":["Gobierno","Seguridad"],"inLanguage":"es","potentialAction":[{"@type":"CommentAction","name":"Comment","target":["https:\/\/expressometro.mx\/index.php\/2019\/09\/04\/con-acciones-concretas-el-gobierno-de-coacalco-y-el-gem-trabajan-en-la-prevencion-del-delito\/#respond"]}]},{"@type":"WebPage","@id":"https:\/\/expressometro.mx\/index.php\/2019\/09\/04\/con-acciones-concretas-el-gobierno-de-coacalco-y-el-gem-trabajan-en-la-prevencion-del-delito\/","url":"https:\/\/expressometro.mx\/index.php\/2019\/09\/04\/con-acciones-concretas-el-gobierno-de-coacalco-y-el-gem-trabajan-en-la-prevencion-del-delito\/","name":"CON ACCIONES CONCRETAS, EL GOBIERNO DE COACALCO Y EL GEM TRABAJAN EN LA PREVENCI\u00d3N DEL DELITO - Expresso Metropolitano","isPartOf":{"@id":"https:\/\/expressometro.mx\/#website"},"primaryImageOfPage":{"@id":"https:\/\/expressometro.mx\/index.php\/2019\/09\/04\/con-acciones-concretas-el-gobierno-de-coacalco-y-el-gem-trabajan-en-la-prevencion-del-delito\/#primaryimage"},"image":{"@id":"https:\/\/expressometro.mx\/index.php\/2019\/09\/04\/con-acciones-concretas-el-gobierno-de-coacalco-y-el-gem-trabajan-en-la-prevencion-del-delito\/#primaryimage"},"thumbnailUrl":"https:\/\/expressometro.mx\/wp-content\/uploads\/2019\/09\/Jornada-7.jpeg","datePublished":"2019-09-04T17:37:38+00:00","dateModified":"2019-09-25T15:34:50+00:00","breadcrumb":{"@id":"https:\/\/expressometro.mx\/index.php\/2019\/09\/04\/con-acciones-concretas-el-gobierno-de-coacalco-y-el-gem-trabajan-en-la-prevencion-del-delito\/#breadcrumb"},"inLanguage":"es","potentialAction":[{"@type":"ReadAction","target":["https:\/\/expressometro.mx\/index.php\/2019\/09\/04\/con-acciones-concretas-el-gobierno-de-coacalco-y-el-gem-trabajan-en-la-prevencion-del-delito\/"]}]},{"@type":"ImageObject","inLanguage":"es","@id":"https:\/\/expressometro.mx\/index.php\/2019\/09\/04\/con-acciones-concretas-el-gobierno-de-coacalco-y-el-gem-trabajan-en-la-prevencion-del-delito\/#primaryimage","url":"https:\/\/expressometro.mx\/wp-content\/uploads\/2019\/09\/Jornada-7.jpeg","contentUrl":"https:\/\/expressometro.mx\/wp-content\/uploads\/2019\/09\/Jornada-7.jpeg","width":1280,"height":960},{"@type":"BreadcrumbList","@id":"https:\/\/expressometro.mx\/index.php\/2019\/09\/04\/con-acciones-concretas-el-gobierno-de-coacalco-y-el-gem-trabajan-en-la-prevencion-del-delito\/#breadcrumb","itemListElement":[{"@type":"ListItem","position":1,"name":"Inicio","item":"https:\/\/expressometro.mx\/"},{"@type":"ListItem","position":2,"name":"CON ACCIONES CONCRETAS, EL GOBIERNO DE COACALCO Y EL GEM TRABAJAN EN LA PREVENCI\u00d3N DEL DELITO"}]},{"@type":"WebSite","@id":"https:\/\/expressometro.mx\/#website","url":"https:\/\/expressometro.mx\/","name":"Expresso Metropolitano","description":"Periodismo comprometido, informaci\u00f3n, investigaci\u00f3n y an\u00e1lisis","publisher":{"@id":"https:\/\/expressometro.mx\/#organization"},"potentialAction":[{"@type":"SearchAction","target":{"@type":"EntryPoint","urlTemplate":"https:\/\/expressometro.mx\/?s={search_term_string}"},"query-input":{"@type":"PropertyValueSpecification","valueRequired":true,"valueName":"search_term_string"}}],"inLanguage":"es"},{"@type":"Organization","@id":"https:\/\/expressometro.mx\/#organization","name":"Expresso Metropolitano","url":"https:\/\/expressometro.mx\/","logo":{"@type":"ImageObject","inLanguage":"es","@id":"https:\/\/expressometro.mx\/#\/schema\/logo\/image\/","url":"https:\/\/expressometro.mx\/wp-content\/uploads\/2019\/07\/cropped-Logo-Expresso-Metropolitano-1-1.jpeg","contentUrl":"https:\/\/expressometro.mx\/wp-content\/uploads\/2019\/07\/cropped-Logo-Expresso-Metropolitano-1-1.jpeg","width":290,"height":73,"caption":"Expresso Metropolitano"},"image":{"@id":"https:\/\/expressometro.mx\/#\/schema\/logo\/image\/"}},{"@type":"Person","@id":"https:\/\/expressometro.mx\/#\/schema\/person\/efa971b4a0664db8ed5c22b1b0dd2f5d","name":"Expresso Metropolitano","image":{"@type":"ImageObject","inLanguage":"es","@id":"https:\/\/secure.gravatar.com\/avatar\/a89f802b8de18c6952f223c88d3d106e9e3679839f4e25a02f4a6cc2ae6ba3b3?s=96&d=mm&r=g","url":"https:\/\/secure.gravatar.com\/avatar\/a89f802b8de18c6952f223c88d3d106e9e3679839f4e25a02f4a6cc2ae6ba3b3?s=96&d=mm&r=g","contentUrl":"https:\/\/secure.gravatar.com\/avatar\/a89f802b8de18c6952f223c88d3d106e9e3679839f4e25a02f4a6cc2ae6ba3b3?s=96&d=mm&r=g","caption":"Expresso Metropolitano"},"url":"https:\/\/expressometro.mx\/index.php\/author\/diego\/"}]}},"amp_enabled":true,"_links":{"self":[{"href":"https:\/\/expressometro.mx\/index.php\/wp-json\/wp\/v2\/posts\/405","targetHints":{"allow":["GET"]}}],"collection":[{"href":"https:\/\/expressometro.mx\/index.php\/wp-json\/wp\/v2\/posts"}],"about":[{"href":"https:\/\/expressometro.mx\/index.php\/wp-json\/wp\/v2\/types\/post"}],"author":[{"embeddable":true,"href":"https:\/\/expressometro.mx\/index.php\/wp-json\/wp\/v2\/users\/1"}],"replies":[{"embeddable":true,"href":"https:\/\/expressometro.mx\/index.php\/wp-json\/wp\/v2\/comments?post=405"}],"version-history":[{"count":1,"href":"https:\/\/expressometro.mx\/index.php\/wp-json\/wp\/v2\/posts\/405\/revisions"}],"predecessor-version":[{"id":407,"href":"https:\/\/expressometro.mx\/index.php\/wp-json\/wp\/v2\/posts\/405\/revisions\/407"}],"wp:featuredmedia":[{"embeddable":true,"href":"https:\/\/expressometro.mx\/index.php\/wp-json\/wp\/v2\/media\/406"}],"wp:attachment":[{"href":"https:\/\/expressometro.mx\/index.php\/wp-json\/wp\/v2\/media?parent=405"}],"wp:term":[{"taxonomy":"category","embeddable":true,"href":"https:\/\/expressometro.mx\/index.php\/wp-json\/wp\/v2\/categories?post=405"},{"taxonomy":"post_tag","embeddable":true,"href":"https:\/\/expressometro.mx\/index.php\/wp-json\/wp\/v2\/tags?post=405"}],"curies":[{"name":"wp","href":"https:\/\/api.w.org\/{rel}","templated":true}]}}