{"id":3976,"date":"2021-10-24T10:04:00","date_gmt":"2021-10-24T15:04:00","guid":{"rendered":"https:\/\/expressometro.mx\/?p=3976"},"modified":"2021-10-26T14:40:34","modified_gmt":"2021-10-26T19:40:34","slug":"predica-con-el-ejemplo-marco-barranco-en-vacunacion-covid","status":"publish","type":"post","link":"https:\/\/expressometro.mx\/index.php\/2021\/10\/24\/predica-con-el-ejemplo-marco-barranco-en-vacunacion-covid\/","title":{"rendered":"PREDICA CON EL EJEMPLO MARCO BARRANCO EN VACUNACI\u00d3N COVID"},"content":{"rendered":"\n<p>CON el fin de impulsar una vacunaci\u00f3n integral en el municipio de El Oro en el \u00e1nimo de afrontar la pandemia por Covid-19, el alcalde Marco Barranco S\u00e1nchez se sum\u00f3 a la segunda dosis de la campa\u00f1a sanitaria.<\/p>\n\n\n\n<p>En sus redes sociales, difundi\u00f3 que recibi\u00f3 la segunda dosis de la vacuna anti Covid, pues \u201cestando protegidos cuidamos de los dem\u00e1s, agradezco el trabajo de todas y todos los que apoyan en estas jornadas y a seguir con las recomendaciones sanitarias\u201d.<\/p>\n\n\n\n<p>En el marco de la campa\u00f1a de vacunaci\u00f3n, agradeci\u00f3 a personal del sector salud y de seguridad por haber hecho posible hasta este momento la campa\u00f1a de inoculaci\u00f3n en sus diferentes etapas.<\/p>\n\n\n\n<p>Dijo que el Estado de M\u00e9xico est\u00e1 en sem\u00e1foro verde, pero la contingencia sanitaria sigue, \u201cdebemos continuar con las medidas preventivas y seguir cuidando y todos de todos\u201d.<\/p>\n\n\n\n<p>Adem\u00e1s, inform\u00f3 que ha concluido la jornada de vacunaci\u00f3n de segunda dosis para 30 a 39 a\u00f1os y rezagados con 4,500 vacunas aplicadas. \u201cTodo mi reconocimiento y agradecimiento para las personas que participan en estas largas jornadas\u201d.<\/p>\n\n\n\n<p>En El Oro nos vacunamos todos, dijo el presidente municipal al enviar un reconocimiento especial para los m\u00e9dicos que trabajan en el municipio \u201cmi agradecimiento porque en estos tiempos de pandemia han estado al pie del ca\u00f1\u00f3n, reciban un abrazo\u201d.<\/p>\n\n\n\n<figure class=\"wp-block-gallery columns-3 is-cropped wp-block-gallery-1 is-layout-flex wp-block-gallery-is-layout-flex\"><ul class=\"blocks-gallery-grid\"><li class=\"blocks-gallery-item\"><figure><img decoding=\"async\" width=\"720\" height=\"480\" src=\"https:\/\/expressometro.mx\/wp-content\/uploads\/2021\/10\/WhatsApp-Image-2021-10-24-at-17.58.41-720x480.jpeg\" alt=\"\" data-id=\"3979\" data-link=\"https:\/\/expressometro.mx\/?attachment_id=3979\" class=\"wp-image-3979\" srcset=\"https:\/\/expressometro.mx\/wp-content\/uploads\/2021\/10\/WhatsApp-Image-2021-10-24-at-17.58.41-720x480.jpeg 720w, https:\/\/expressometro.mx\/wp-content\/uploads\/2021\/10\/WhatsApp-Image-2021-10-24-at-17.58.41-548x365.jpeg 548w, https:\/\/expressometro.mx\/wp-content\/uploads\/2021\/10\/WhatsApp-Image-2021-10-24-at-17.58.41-768x512.jpeg 768w, https:\/\/expressometro.mx\/wp-content\/uploads\/2021\/10\/WhatsApp-Image-2021-10-24-at-17.58.41.jpeg 960w\" sizes=\"(max-width: 720px) 100vw, 720px\" \/><\/figure><\/li><li class=\"blocks-gallery-item\"><figure><img decoding=\"async\" width=\"720\" height=\"480\" src=\"https:\/\/expressometro.mx\/wp-content\/uploads\/2021\/10\/WhatsApp-Image-2021-10-24-at-17.58.42-720x480.jpeg\" alt=\"\" data-id=\"3980\" data-link=\"https:\/\/expressometro.mx\/?attachment_id=3980\" class=\"wp-image-3980\" srcset=\"https:\/\/expressometro.mx\/wp-content\/uploads\/2021\/10\/WhatsApp-Image-2021-10-24-at-17.58.42-720x480.jpeg 720w, https:\/\/expressometro.mx\/wp-content\/uploads\/2021\/10\/WhatsApp-Image-2021-10-24-at-17.58.42-548x365.jpeg 548w, https:\/\/expressometro.mx\/wp-content\/uploads\/2021\/10\/WhatsApp-Image-2021-10-24-at-17.58.42-768x512.jpeg 768w, https:\/\/expressometro.mx\/wp-content\/uploads\/2021\/10\/WhatsApp-Image-2021-10-24-at-17.58.42.jpeg 960w\" sizes=\"(max-width: 720px) 100vw, 720px\" \/><\/figure><\/li><li class=\"blocks-gallery-item\"><figure><img decoding=\"async\" width=\"720\" height=\"480\" src=\"https:\/\/expressometro.mx\/wp-content\/uploads\/2021\/10\/WhatsApp-Image-2021-10-24-at-17.58.42-1-720x480.jpeg\" alt=\"\" data-id=\"3981\" data-full-url=\"https:\/\/expressometro.mx\/wp-content\/uploads\/2021\/10\/WhatsApp-Image-2021-10-24-at-17.58.42-1.jpeg\" data-link=\"https:\/\/expressometro.mx\/?attachment_id=3981\" class=\"wp-image-3981\" srcset=\"https:\/\/expressometro.mx\/wp-content\/uploads\/2021\/10\/WhatsApp-Image-2021-10-24-at-17.58.42-1-720x480.jpeg 720w, https:\/\/expressometro.mx\/wp-content\/uploads\/2021\/10\/WhatsApp-Image-2021-10-24-at-17.58.42-1-548x365.jpeg 548w, https:\/\/expressometro.mx\/wp-content\/uploads\/2021\/10\/WhatsApp-Image-2021-10-24-at-17.58.42-1-768x512.jpeg 768w, https:\/\/expressometro.mx\/wp-content\/uploads\/2021\/10\/WhatsApp-Image-2021-10-24-at-17.58.42-1.jpeg 960w\" sizes=\"(max-width: 720px) 100vw, 720px\" \/><\/figure><\/li><\/ul><\/figure>\n","protected":false},"excerpt":{"rendered":"<p>Dijo que el Estado de M\u00e9xico est\u00e1 en sem\u00e1foro verde, pero la contingencia sanitaria sigue, \u201cdebemos continuar con las medidas preventivas y seguir cuidando y todos de todos\u201d.<\/p>\n","protected":false},"author":2,"featured_media":3978,"comment_status":"open","ping_status":"open","sticky":false,"template":"","format":"standard","meta":{"footnotes":""},"categories":[3,5],"tags":[485,809,278],"class_list":["post-3976","post","type-post","status-publish","format-standard","has-post-thumbnail","hentry","category-gobierno","category-salud","tag-el-oro","tag-marco-barranco","tag-vacunacion-covid19"],"yoast_head":"<!-- This site is optimized with the Yoast SEO plugin v27.5 - https:\/\/yoast.com\/product\/yoast-seo-wordpress\/ -->\n<title>PREDICA CON EL EJEMPLO MARCO BARRANCO EN VACUNACI\u00d3N COVID - Expresso Metropolitano<\/title>\n<meta name=\"robots\" content=\"index, follow, max-snippet:-1, max-image-preview:large, max-video-preview:-1\" \/>\n<link rel=\"canonical\" href=\"https:\/\/expressometro.mx\/index.php\/2021\/10\/24\/predica-con-el-ejemplo-marco-barranco-en-vacunacion-covid\/\" \/>\n<meta property=\"og:locale\" content=\"es_MX\" \/>\n<meta property=\"og:type\" content=\"article\" \/>\n<meta property=\"og:title\" content=\"PREDICA CON EL EJEMPLO MARCO BARRANCO EN VACUNACI\u00d3N COVID - Expresso Metropolitano\" \/>\n<meta property=\"og:description\" content=\"Dijo que el Estado de M\u00e9xico est\u00e1 en sem\u00e1foro verde, pero la contingencia sanitaria sigue, \u201cdebemos continuar con las medidas preventivas y seguir cuidando y todos de todos\u201d.\" \/>\n<meta property=\"og:url\" content=\"https:\/\/expressometro.mx\/index.php\/2021\/10\/24\/predica-con-el-ejemplo-marco-barranco-en-vacunacion-covid\/\" \/>\n<meta property=\"og:site_name\" content=\"Expresso Metropolitano\" \/>\n<meta property=\"article:published_time\" content=\"2021-10-24T15:04:00+00:00\" \/>\n<meta property=\"article:modified_time\" content=\"2021-10-26T19:40:34+00:00\" \/>\n<meta property=\"og:image\" content=\"https:\/\/expressometro.mx\/wp-content\/uploads\/2021\/10\/WhatsApp-Image-2021-10-24-at-17.58.39.jpeg\" \/>\n\t<meta property=\"og:image:width\" content=\"960\" \/>\n\t<meta property=\"og:image:height\" content=\"640\" \/>\n\t<meta property=\"og:image:type\" content=\"image\/jpeg\" \/>\n<meta name=\"author\" content=\"Cecilia Vega\" \/>\n<meta name=\"twitter:label1\" content=\"Escrito por\" \/>\n\t<meta name=\"twitter:data1\" content=\"Cecilia Vega\" \/>\n\t<meta name=\"twitter:label2\" content=\"Tiempo de lectura\" \/>\n\t<meta name=\"twitter:data2\" content=\"1 minuto\" \/>\n<script type=\"application\/ld+json\" class=\"yoast-schema-graph\">{\"@context\":\"https:\\\/\\\/schema.org\",\"@graph\":[{\"@type\":\"Article\",\"@id\":\"https:\\\/\\\/expressometro.mx\\\/index.php\\\/2021\\\/10\\\/24\\\/predica-con-el-ejemplo-marco-barranco-en-vacunacion-covid\\\/#article\",\"isPartOf\":{\"@id\":\"https:\\\/\\\/expressometro.mx\\\/index.php\\\/2021\\\/10\\\/24\\\/predica-con-el-ejemplo-marco-barranco-en-vacunacion-covid\\\/\"},\"author\":{\"name\":\"Cecilia Vega\",\"@id\":\"https:\\\/\\\/expressometro.mx\\\/#\\\/schema\\\/person\\\/67a95b8e3862085c7598f66237488f1f\"},\"headline\":\"PREDICA CON EL EJEMPLO MARCO BARRANCO EN VACUNACI\u00d3N COVID\",\"datePublished\":\"2021-10-24T15:04:00+00:00\",\"dateModified\":\"2021-10-26T19:40:34+00:00\",\"mainEntityOfPage\":{\"@id\":\"https:\\\/\\\/expressometro.mx\\\/index.php\\\/2021\\\/10\\\/24\\\/predica-con-el-ejemplo-marco-barranco-en-vacunacion-covid\\\/\"},\"wordCount\":239,\"commentCount\":0,\"publisher\":{\"@id\":\"https:\\\/\\\/expressometro.mx\\\/#organization\"},\"image\":{\"@id\":\"https:\\\/\\\/expressometro.mx\\\/index.php\\\/2021\\\/10\\\/24\\\/predica-con-el-ejemplo-marco-barranco-en-vacunacion-covid\\\/#primaryimage\"},\"thumbnailUrl\":\"https:\\\/\\\/expressometro.mx\\\/wp-content\\\/uploads\\\/2021\\\/10\\\/WhatsApp-Image-2021-10-24-at-17.58.39.jpeg\",\"keywords\":[\"El Oro\",\"Marco Barranco\",\"Vacunaci\u00f3n COVID19\"],\"articleSection\":[\"Gobierno\",\"Salud\"],\"inLanguage\":\"es\",\"potentialAction\":[{\"@type\":\"CommentAction\",\"name\":\"Comment\",\"target\":[\"https:\\\/\\\/expressometro.mx\\\/index.php\\\/2021\\\/10\\\/24\\\/predica-con-el-ejemplo-marco-barranco-en-vacunacion-covid\\\/#respond\"]}]},{\"@type\":\"WebPage\",\"@id\":\"https:\\\/\\\/expressometro.mx\\\/index.php\\\/2021\\\/10\\\/24\\\/predica-con-el-ejemplo-marco-barranco-en-vacunacion-covid\\\/\",\"url\":\"https:\\\/\\\/expressometro.mx\\\/index.php\\\/2021\\\/10\\\/24\\\/predica-con-el-ejemplo-marco-barranco-en-vacunacion-covid\\\/\",\"name\":\"PREDICA CON EL EJEMPLO MARCO BARRANCO EN VACUNACI\u00d3N COVID - Expresso Metropolitano\",\"isPartOf\":{\"@id\":\"https:\\\/\\\/expressometro.mx\\\/#website\"},\"primaryImageOfPage\":{\"@id\":\"https:\\\/\\\/expressometro.mx\\\/index.php\\\/2021\\\/10\\\/24\\\/predica-con-el-ejemplo-marco-barranco-en-vacunacion-covid\\\/#primaryimage\"},\"image\":{\"@id\":\"https:\\\/\\\/expressometro.mx\\\/index.php\\\/2021\\\/10\\\/24\\\/predica-con-el-ejemplo-marco-barranco-en-vacunacion-covid\\\/#primaryimage\"},\"thumbnailUrl\":\"https:\\\/\\\/expressometro.mx\\\/wp-content\\\/uploads\\\/2021\\\/10\\\/WhatsApp-Image-2021-10-24-at-17.58.39.jpeg\",\"datePublished\":\"2021-10-24T15:04:00+00:00\",\"dateModified\":\"2021-10-26T19:40:34+00:00\",\"breadcrumb\":{\"@id\":\"https:\\\/\\\/expressometro.mx\\\/index.php\\\/2021\\\/10\\\/24\\\/predica-con-el-ejemplo-marco-barranco-en-vacunacion-covid\\\/#breadcrumb\"},\"inLanguage\":\"es\",\"potentialAction\":[{\"@type\":\"ReadAction\",\"target\":[\"https:\\\/\\\/expressometro.mx\\\/index.php\\\/2021\\\/10\\\/24\\\/predica-con-el-ejemplo-marco-barranco-en-vacunacion-covid\\\/\"]}]},{\"@type\":\"ImageObject\",\"inLanguage\":\"es\",\"@id\":\"https:\\\/\\\/expressometro.mx\\\/index.php\\\/2021\\\/10\\\/24\\\/predica-con-el-ejemplo-marco-barranco-en-vacunacion-covid\\\/#primaryimage\",\"url\":\"https:\\\/\\\/expressometro.mx\\\/wp-content\\\/uploads\\\/2021\\\/10\\\/WhatsApp-Image-2021-10-24-at-17.58.39.jpeg\",\"contentUrl\":\"https:\\\/\\\/expressometro.mx\\\/wp-content\\\/uploads\\\/2021\\\/10\\\/WhatsApp-Image-2021-10-24-at-17.58.39.jpeg\",\"width\":960,\"height\":640},{\"@type\":\"BreadcrumbList\",\"@id\":\"https:\\\/\\\/expressometro.mx\\\/index.php\\\/2021\\\/10\\\/24\\\/predica-con-el-ejemplo-marco-barranco-en-vacunacion-covid\\\/#breadcrumb\",\"itemListElement\":[{\"@type\":\"ListItem\",\"position\":1,\"name\":\"Inicio\",\"item\":\"https:\\\/\\\/expressometro.mx\\\/\"},{\"@type\":\"ListItem\",\"position\":2,\"name\":\"PREDICA CON EL EJEMPLO MARCO BARRANCO EN VACUNACI\u00d3N COVID\"}]},{\"@type\":\"WebSite\",\"@id\":\"https:\\\/\\\/expressometro.mx\\\/#website\",\"url\":\"https:\\\/\\\/expressometro.mx\\\/\",\"name\":\"Expresso Metropolitano\",\"description\":\"Periodismo comprometido, informaci\u00f3n, investigaci\u00f3n y an\u00e1lisis\",\"publisher\":{\"@id\":\"https:\\\/\\\/expressometro.mx\\\/#organization\"},\"potentialAction\":[{\"@type\":\"SearchAction\",\"target\":{\"@type\":\"EntryPoint\",\"urlTemplate\":\"https:\\\/\\\/expressometro.mx\\\/?s={search_term_string}\"},\"query-input\":{\"@type\":\"PropertyValueSpecification\",\"valueRequired\":true,\"valueName\":\"search_term_string\"}}],\"inLanguage\":\"es\"},{\"@type\":\"Organization\",\"@id\":\"https:\\\/\\\/expressometro.mx\\\/#organization\",\"name\":\"Expresso Metropolitano\",\"url\":\"https:\\\/\\\/expressometro.mx\\\/\",\"logo\":{\"@type\":\"ImageObject\",\"inLanguage\":\"es\",\"@id\":\"https:\\\/\\\/expressometro.mx\\\/#\\\/schema\\\/logo\\\/image\\\/\",\"url\":\"https:\\\/\\\/expressometro.mx\\\/wp-content\\\/uploads\\\/2019\\\/07\\\/cropped-Logo-Expresso-Metropolitano-1-1.jpeg\",\"contentUrl\":\"https:\\\/\\\/expressometro.mx\\\/wp-content\\\/uploads\\\/2019\\\/07\\\/cropped-Logo-Expresso-Metropolitano-1-1.jpeg\",\"width\":290,\"height\":73,\"caption\":\"Expresso Metropolitano\"},\"image\":{\"@id\":\"https:\\\/\\\/expressometro.mx\\\/#\\\/schema\\\/logo\\\/image\\\/\"}},{\"@type\":\"Person\",\"@id\":\"https:\\\/\\\/expressometro.mx\\\/#\\\/schema\\\/person\\\/67a95b8e3862085c7598f66237488f1f\",\"name\":\"Cecilia Vega\",\"image\":{\"@type\":\"ImageObject\",\"inLanguage\":\"es\",\"@id\":\"https:\\\/\\\/secure.gravatar.com\\\/avatar\\\/13aae9944ab2ee472a9e407c9487fdbd03b049abaa559af32fe5dbcf615c981b?s=96&d=mm&r=g\",\"url\":\"https:\\\/\\\/secure.gravatar.com\\\/avatar\\\/13aae9944ab2ee472a9e407c9487fdbd03b049abaa559af32fe5dbcf615c981b?s=96&d=mm&r=g\",\"contentUrl\":\"https:\\\/\\\/secure.gravatar.com\\\/avatar\\\/13aae9944ab2ee472a9e407c9487fdbd03b049abaa559af32fe5dbcf615c981b?s=96&d=mm&r=g\",\"caption\":\"Cecilia Vega\"},\"url\":\"https:\\\/\\\/expressometro.mx\\\/index.php\\\/author\\\/cecilia-vega\\\/\"}]}<\/script>\n<!-- \/ Yoast SEO plugin. -->","yoast_head_json":{"title":"PREDICA CON EL EJEMPLO MARCO BARRANCO EN VACUNACI\u00d3N COVID - Expresso Metropolitano","robots":{"index":"index","follow":"follow","max-snippet":"max-snippet:-1","max-image-preview":"max-image-preview:large","max-video-preview":"max-video-preview:-1"},"canonical":"https:\/\/expressometro.mx\/index.php\/2021\/10\/24\/predica-con-el-ejemplo-marco-barranco-en-vacunacion-covid\/","og_locale":"es_MX","og_type":"article","og_title":"PREDICA CON EL EJEMPLO MARCO BARRANCO EN VACUNACI\u00d3N COVID - Expresso Metropolitano","og_description":"Dijo que el Estado de M\u00e9xico est\u00e1 en sem\u00e1foro verde, pero la contingencia sanitaria sigue, \u201cdebemos continuar con las medidas preventivas y seguir cuidando y todos de todos\u201d.","og_url":"https:\/\/expressometro.mx\/index.php\/2021\/10\/24\/predica-con-el-ejemplo-marco-barranco-en-vacunacion-covid\/","og_site_name":"Expresso Metropolitano","article_published_time":"2021-10-24T15:04:00+00:00","article_modified_time":"2021-10-26T19:40:34+00:00","og_image":[{"width":960,"height":640,"url":"https:\/\/expressometro.mx\/wp-content\/uploads\/2021\/10\/WhatsApp-Image-2021-10-24-at-17.58.39.jpeg","type":"image\/jpeg"}],"author":"Cecilia Vega","twitter_misc":{"Escrito por":"Cecilia Vega","Tiempo de lectura":"1 minuto"},"schema":{"@context":"https:\/\/schema.org","@graph":[{"@type":"Article","@id":"https:\/\/expressometro.mx\/index.php\/2021\/10\/24\/predica-con-el-ejemplo-marco-barranco-en-vacunacion-covid\/#article","isPartOf":{"@id":"https:\/\/expressometro.mx\/index.php\/2021\/10\/24\/predica-con-el-ejemplo-marco-barranco-en-vacunacion-covid\/"},"author":{"name":"Cecilia Vega","@id":"https:\/\/expressometro.mx\/#\/schema\/person\/67a95b8e3862085c7598f66237488f1f"},"headline":"PREDICA CON EL EJEMPLO MARCO BARRANCO EN VACUNACI\u00d3N COVID","datePublished":"2021-10-24T15:04:00+00:00","dateModified":"2021-10-26T19:40:34+00:00","mainEntityOfPage":{"@id":"https:\/\/expressometro.mx\/index.php\/2021\/10\/24\/predica-con-el-ejemplo-marco-barranco-en-vacunacion-covid\/"},"wordCount":239,"commentCount":0,"publisher":{"@id":"https:\/\/expressometro.mx\/#organization"},"image":{"@id":"https:\/\/expressometro.mx\/index.php\/2021\/10\/24\/predica-con-el-ejemplo-marco-barranco-en-vacunacion-covid\/#primaryimage"},"thumbnailUrl":"https:\/\/expressometro.mx\/wp-content\/uploads\/2021\/10\/WhatsApp-Image-2021-10-24-at-17.58.39.jpeg","keywords":["El Oro","Marco Barranco","Vacunaci\u00f3n COVID19"],"articleSection":["Gobierno","Salud"],"inLanguage":"es","potentialAction":[{"@type":"CommentAction","name":"Comment","target":["https:\/\/expressometro.mx\/index.php\/2021\/10\/24\/predica-con-el-ejemplo-marco-barranco-en-vacunacion-covid\/#respond"]}]},{"@type":"WebPage","@id":"https:\/\/expressometro.mx\/index.php\/2021\/10\/24\/predica-con-el-ejemplo-marco-barranco-en-vacunacion-covid\/","url":"https:\/\/expressometro.mx\/index.php\/2021\/10\/24\/predica-con-el-ejemplo-marco-barranco-en-vacunacion-covid\/","name":"PREDICA CON EL EJEMPLO MARCO BARRANCO EN VACUNACI\u00d3N COVID - Expresso Metropolitano","isPartOf":{"@id":"https:\/\/expressometro.mx\/#website"},"primaryImageOfPage":{"@id":"https:\/\/expressometro.mx\/index.php\/2021\/10\/24\/predica-con-el-ejemplo-marco-barranco-en-vacunacion-covid\/#primaryimage"},"image":{"@id":"https:\/\/expressometro.mx\/index.php\/2021\/10\/24\/predica-con-el-ejemplo-marco-barranco-en-vacunacion-covid\/#primaryimage"},"thumbnailUrl":"https:\/\/expressometro.mx\/wp-content\/uploads\/2021\/10\/WhatsApp-Image-2021-10-24-at-17.58.39.jpeg","datePublished":"2021-10-24T15:04:00+00:00","dateModified":"2021-10-26T19:40:34+00:00","breadcrumb":{"@id":"https:\/\/expressometro.mx\/index.php\/2021\/10\/24\/predica-con-el-ejemplo-marco-barranco-en-vacunacion-covid\/#breadcrumb"},"inLanguage":"es","potentialAction":[{"@type":"ReadAction","target":["https:\/\/expressometro.mx\/index.php\/2021\/10\/24\/predica-con-el-ejemplo-marco-barranco-en-vacunacion-covid\/"]}]},{"@type":"ImageObject","inLanguage":"es","@id":"https:\/\/expressometro.mx\/index.php\/2021\/10\/24\/predica-con-el-ejemplo-marco-barranco-en-vacunacion-covid\/#primaryimage","url":"https:\/\/expressometro.mx\/wp-content\/uploads\/2021\/10\/WhatsApp-Image-2021-10-24-at-17.58.39.jpeg","contentUrl":"https:\/\/expressometro.mx\/wp-content\/uploads\/2021\/10\/WhatsApp-Image-2021-10-24-at-17.58.39.jpeg","width":960,"height":640},{"@type":"BreadcrumbList","@id":"https:\/\/expressometro.mx\/index.php\/2021\/10\/24\/predica-con-el-ejemplo-marco-barranco-en-vacunacion-covid\/#breadcrumb","itemListElement":[{"@type":"ListItem","position":1,"name":"Inicio","item":"https:\/\/expressometro.mx\/"},{"@type":"ListItem","position":2,"name":"PREDICA CON EL EJEMPLO MARCO BARRANCO EN VACUNACI\u00d3N COVID"}]},{"@type":"WebSite","@id":"https:\/\/expressometro.mx\/#website","url":"https:\/\/expressometro.mx\/","name":"Expresso Metropolitano","description":"Periodismo comprometido, informaci\u00f3n, investigaci\u00f3n y an\u00e1lisis","publisher":{"@id":"https:\/\/expressometro.mx\/#organization"},"potentialAction":[{"@type":"SearchAction","target":{"@type":"EntryPoint","urlTemplate":"https:\/\/expressometro.mx\/?s={search_term_string}"},"query-input":{"@type":"PropertyValueSpecification","valueRequired":true,"valueName":"search_term_string"}}],"inLanguage":"es"},{"@type":"Organization","@id":"https:\/\/expressometro.mx\/#organization","name":"Expresso Metropolitano","url":"https:\/\/expressometro.mx\/","logo":{"@type":"ImageObject","inLanguage":"es","@id":"https:\/\/expressometro.mx\/#\/schema\/logo\/image\/","url":"https:\/\/expressometro.mx\/wp-content\/uploads\/2019\/07\/cropped-Logo-Expresso-Metropolitano-1-1.jpeg","contentUrl":"https:\/\/expressometro.mx\/wp-content\/uploads\/2019\/07\/cropped-Logo-Expresso-Metropolitano-1-1.jpeg","width":290,"height":73,"caption":"Expresso Metropolitano"},"image":{"@id":"https:\/\/expressometro.mx\/#\/schema\/logo\/image\/"}},{"@type":"Person","@id":"https:\/\/expressometro.mx\/#\/schema\/person\/67a95b8e3862085c7598f66237488f1f","name":"Cecilia Vega","image":{"@type":"ImageObject","inLanguage":"es","@id":"https:\/\/secure.gravatar.com\/avatar\/13aae9944ab2ee472a9e407c9487fdbd03b049abaa559af32fe5dbcf615c981b?s=96&d=mm&r=g","url":"https:\/\/secure.gravatar.com\/avatar\/13aae9944ab2ee472a9e407c9487fdbd03b049abaa559af32fe5dbcf615c981b?s=96&d=mm&r=g","contentUrl":"https:\/\/secure.gravatar.com\/avatar\/13aae9944ab2ee472a9e407c9487fdbd03b049abaa559af32fe5dbcf615c981b?s=96&d=mm&r=g","caption":"Cecilia Vega"},"url":"https:\/\/expressometro.mx\/index.php\/author\/cecilia-vega\/"}]}},"amp_enabled":true,"_links":{"self":[{"href":"https:\/\/expressometro.mx\/index.php\/wp-json\/wp\/v2\/posts\/3976","targetHints":{"allow":["GET"]}}],"collection":[{"href":"https:\/\/expressometro.mx\/index.php\/wp-json\/wp\/v2\/posts"}],"about":[{"href":"https:\/\/expressometro.mx\/index.php\/wp-json\/wp\/v2\/types\/post"}],"author":[{"embeddable":true,"href":"https:\/\/expressometro.mx\/index.php\/wp-json\/wp\/v2\/users\/2"}],"replies":[{"embeddable":true,"href":"https:\/\/expressometro.mx\/index.php\/wp-json\/wp\/v2\/comments?post=3976"}],"version-history":[{"count":1,"href":"https:\/\/expressometro.mx\/index.php\/wp-json\/wp\/v2\/posts\/3976\/revisions"}],"predecessor-version":[{"id":3982,"href":"https:\/\/expressometro.mx\/index.php\/wp-json\/wp\/v2\/posts\/3976\/revisions\/3982"}],"wp:featuredmedia":[{"embeddable":true,"href":"https:\/\/expressometro.mx\/index.php\/wp-json\/wp\/v2\/media\/3978"}],"wp:attachment":[{"href":"https:\/\/expressometro.mx\/index.php\/wp-json\/wp\/v2\/media?parent=3976"}],"wp:term":[{"taxonomy":"category","embeddable":true,"href":"https:\/\/expressometro.mx\/index.php\/wp-json\/wp\/v2\/categories?post=3976"},{"taxonomy":"post_tag","embeddable":true,"href":"https:\/\/expressometro.mx\/index.php\/wp-json\/wp\/v2\/tags?post=3976"}],"curies":[{"name":"wp","href":"https:\/\/api.w.org\/{rel}","templated":true}]}}