{"id":3960,"date":"2021-10-23T12:52:20","date_gmt":"2021-10-23T17:52:20","guid":{"rendered":"http:\/\/expressometro.mx\/?p=3960"},"modified":"2021-10-23T12:52:22","modified_gmt":"2021-10-23T17:52:22","slug":"en-el-pri-vamos-a-regresar-a-los-distritos-a-entregar-resultados-a-la-gente-elias-rescala","status":"publish","type":"post","link":"https:\/\/expressometro.mx\/index.php\/2021\/10\/23\/en-el-pri-vamos-a-regresar-a-los-distritos-a-entregar-resultados-a-la-gente-elias-rescala\/","title":{"rendered":"En el PRI vamos a regresar a los distritos a entregar resultados a la gente: Eli\u0301as Rescala"},"content":{"rendered":"\n<p>Aculco, Estado de Me\u0301xico, 25 de octubre de 2021.- Los diputados del PRI vamos a regresar a los distritos a trabajar de la mano con la gente y a responder a su confianza con resultados, aseguro\u0301 el coordinador de los diputados del Partido Revolucionario Institucional en la LXI Legislatura Local, Eli\u0301as Rescala Jime\u0301nez.<\/p>\n\n\n\n<p>Al acompan\u0303ar a la diputada local por el distrito XIV, Aurora Gonza\u0301lez Ledezma a una gira de trabajo por este municipio, Rescala Jime\u0301nez recordo\u0301 que los diputados priistas esta\u0301n obligados a reencontrarse con la gente, a volver a caminar las calles que recorrieron para pedir la confianza de las y los mexiquenses y ser quienes lleven su voz al Congreso.<\/p>\n\n\n\n<p>Los diputados del PRI vamos a trabajar haciendo leyes que van a respaldar el trabajo del gobernador Alfredo Del Mazo y principalmente para respaldar el trabajo y el esfuerzo de las mujeres mexiquenses, esa sera\u0301, dijo, una de nuestras labores fundamentales dentro del parlamento mexiquense.<\/p>\n\n\n\n<p>Rescala Jime\u0301nez adelanto\u0301 que los diputados priistas seguira\u0301n recorriendo todos los distritos para sumarse al trabajo comunitario y hacer que las familias se sientan representadas.<\/p>\n\n\n\n<p>En su oportunidad, la diputada local por el distrito XIV, Aurora Gonza\u0301lez Ledezma, agradecio\u0301 el respaldo y la confianza ciudadana de los habitantes de este distrito, que hoy se traduce en poder representar a nueve municipios en la legislatura mexiquense.<br>La diputada local, reconocio\u0301 el respaldo del coordinador de los diputados del PRI, Eli\u0301as Rescala, quie\u0301n ha impulsado el trabajo en equipo para regresar a las comunidades con respuestas a las principales demandas de la gente.<\/p>\n\n\n\n<p>Finalmente, al dar el mensaje de bienvenida, el presidente municipal de Aculco, Jorge Osornio Victoria, agradecio\u0301 el apoyo que las familias de este municipio han tenido por parte de los diputados del Revolucionario Institucional a trave\u0301s de apoyos que ayuden a mejorar su calidad de vida.<\/p>\n\n\n\n<figure class=\"wp-block-gallery columns-3 is-cropped wp-block-gallery-1 is-layout-flex wp-block-gallery-is-layout-flex\"><ul class=\"blocks-gallery-grid\"><li class=\"blocks-gallery-item\"><figure><img decoding=\"async\" width=\"357\" height=\"480\" src=\"http:\/\/expressometro.mx\/wp-content\/uploads\/2021\/10\/WhatsApp-Image-2021-10-22-at-16.31.57-1-357x480.jpeg\" alt=\"\" data-id=\"3962\" data-link=\"http:\/\/expressometro.mx\/?attachment_id=3962\" class=\"wp-image-3962\" srcset=\"https:\/\/expressometro.mx\/wp-content\/uploads\/2021\/10\/WhatsApp-Image-2021-10-22-at-16.31.57-1-357x480.jpeg 357w, https:\/\/expressometro.mx\/wp-content\/uploads\/2021\/10\/WhatsApp-Image-2021-10-22-at-16.31.57-1-271x365.jpeg 271w, https:\/\/expressometro.mx\/wp-content\/uploads\/2021\/10\/WhatsApp-Image-2021-10-22-at-16.31.57-1-768x1033.jpeg 768w, https:\/\/expressometro.mx\/wp-content\/uploads\/2021\/10\/WhatsApp-Image-2021-10-22-at-16.31.57-1.jpeg 952w\" sizes=\"(max-width: 357px) 100vw, 357px\" \/><\/figure><\/li><li class=\"blocks-gallery-item\"><figure><img decoding=\"async\" width=\"275\" height=\"480\" src=\"http:\/\/expressometro.mx\/wp-content\/uploads\/2021\/10\/WhatsApp-Image-2021-10-22-at-16.31.57-275x480.jpeg\" alt=\"\" data-id=\"3965\" data-link=\"http:\/\/expressometro.mx\/?attachment_id=3965\" class=\"wp-image-3965\" srcset=\"https:\/\/expressometro.mx\/wp-content\/uploads\/2021\/10\/WhatsApp-Image-2021-10-22-at-16.31.57-275x480.jpeg 275w, https:\/\/expressometro.mx\/wp-content\/uploads\/2021\/10\/WhatsApp-Image-2021-10-22-at-16.31.57-209x365.jpeg 209w, https:\/\/expressometro.mx\/wp-content\/uploads\/2021\/10\/WhatsApp-Image-2021-10-22-at-16.31.57.jpeg 734w\" sizes=\"(max-width: 275px) 100vw, 275px\" \/><\/figure><\/li><li class=\"blocks-gallery-item\"><figure><img decoding=\"async\" width=\"725\" height=\"480\" src=\"http:\/\/expressometro.mx\/wp-content\/uploads\/2021\/10\/WhatsApp-Image-2021-10-22-at-16.32.35-725x480.jpeg\" alt=\"\" data-id=\"3966\" data-full-url=\"http:\/\/expressometro.mx\/wp-content\/uploads\/2021\/10\/WhatsApp-Image-2021-10-22-at-16.32.35.jpeg\" data-link=\"http:\/\/expressometro.mx\/?attachment_id=3966\" class=\"wp-image-3966\" srcset=\"https:\/\/expressometro.mx\/wp-content\/uploads\/2021\/10\/WhatsApp-Image-2021-10-22-at-16.32.35-725x480.jpeg 725w, https:\/\/expressometro.mx\/wp-content\/uploads\/2021\/10\/WhatsApp-Image-2021-10-22-at-16.32.35-552x365.jpeg 552w, https:\/\/expressometro.mx\/wp-content\/uploads\/2021\/10\/WhatsApp-Image-2021-10-22-at-16.32.35-768x508.jpeg 768w, https:\/\/expressometro.mx\/wp-content\/uploads\/2021\/10\/WhatsApp-Image-2021-10-22-at-16.32.35.jpeg 1280w\" sizes=\"(max-width: 725px) 100vw, 725px\" \/><\/figure><\/li><\/ul><\/figure>\n","protected":false},"excerpt":{"rendered":"<p>La fraccio\u0301n legislativa del Revolucionario Institucional en el congreso mexiquense respaldara\u0301 el trabajo del gobernador Alfredo Del Mazo, sostuvo el coordinador del grupo parlamentario.<\/p>\n","protected":false},"author":2,"featured_media":3963,"comment_status":"open","ping_status":"open","sticky":false,"template":"","format":"standard","meta":{"footnotes":""},"categories":[3],"tags":[831,782,158],"class_list":["post-3960","post","type-post","status-publish","format-standard","has-post-thumbnail","hentry","category-gobierno","tag-elias-rescala","tag-lxi-legislatura","tag-pri"],"yoast_head":"<!-- This site is optimized with the Yoast SEO plugin v27.4 - https:\/\/yoast.com\/product\/yoast-seo-wordpress\/ -->\n<title>En el PRI vamos a regresar a los distritos a entregar resultados a la gente: Eli\u0301as Rescala - Expresso Metropolitano<\/title>\n<meta name=\"robots\" content=\"index, follow, max-snippet:-1, max-image-preview:large, max-video-preview:-1\" \/>\n<link rel=\"canonical\" href=\"https:\/\/expressometro.mx\/index.php\/2021\/10\/23\/en-el-pri-vamos-a-regresar-a-los-distritos-a-entregar-resultados-a-la-gente-elias-rescala\/\" \/>\n<meta property=\"og:locale\" content=\"es_MX\" \/>\n<meta property=\"og:type\" content=\"article\" \/>\n<meta property=\"og:title\" content=\"En el PRI vamos a regresar a los distritos a entregar resultados a la gente: Eli\u0301as Rescala - Expresso Metropolitano\" \/>\n<meta property=\"og:description\" content=\"La fraccio\u0301n legislativa del Revolucionario Institucional en el congreso mexiquense respaldara\u0301 el trabajo del gobernador Alfredo Del Mazo, sostuvo el coordinador del grupo parlamentario.\" \/>\n<meta property=\"og:url\" content=\"https:\/\/expressometro.mx\/index.php\/2021\/10\/23\/en-el-pri-vamos-a-regresar-a-los-distritos-a-entregar-resultados-a-la-gente-elias-rescala\/\" \/>\n<meta property=\"og:site_name\" content=\"Expresso Metropolitano\" \/>\n<meta property=\"article:published_time\" content=\"2021-10-23T17:52:20+00:00\" \/>\n<meta property=\"article:modified_time\" content=\"2021-10-23T17:52:22+00:00\" \/>\n<meta property=\"og:image\" content=\"https:\/\/expressometro.mx\/wp-content\/uploads\/2021\/10\/WhatsApp-Image-2021-10-22-at-16.31.58.jpeg\" \/>\n\t<meta property=\"og:image:width\" content=\"1024\" \/>\n\t<meta property=\"og:image:height\" content=\"768\" \/>\n\t<meta property=\"og:image:type\" content=\"image\/jpeg\" \/>\n<meta name=\"author\" content=\"Cecilia Vega\" \/>\n<meta name=\"twitter:label1\" content=\"Escrito por\" \/>\n\t<meta name=\"twitter:data1\" content=\"Cecilia Vega\" \/>\n\t<meta name=\"twitter:label2\" content=\"Tiempo de lectura\" \/>\n\t<meta name=\"twitter:data2\" content=\"2 minutos\" \/>\n<script type=\"application\/ld+json\" class=\"yoast-schema-graph\">{\"@context\":\"https:\\\/\\\/schema.org\",\"@graph\":[{\"@type\":\"Article\",\"@id\":\"https:\\\/\\\/expressometro.mx\\\/index.php\\\/2021\\\/10\\\/23\\\/en-el-pri-vamos-a-regresar-a-los-distritos-a-entregar-resultados-a-la-gente-elias-rescala\\\/#article\",\"isPartOf\":{\"@id\":\"https:\\\/\\\/expressometro.mx\\\/index.php\\\/2021\\\/10\\\/23\\\/en-el-pri-vamos-a-regresar-a-los-distritos-a-entregar-resultados-a-la-gente-elias-rescala\\\/\"},\"author\":{\"name\":\"Cecilia Vega\",\"@id\":\"https:\\\/\\\/expressometro.mx\\\/#\\\/schema\\\/person\\\/67a95b8e3862085c7598f66237488f1f\"},\"headline\":\"En el PRI vamos a regresar a los distritos a entregar resultados a la gente: Eli\u0301as Rescala\",\"datePublished\":\"2021-10-23T17:52:20+00:00\",\"dateModified\":\"2021-10-23T17:52:22+00:00\",\"mainEntityOfPage\":{\"@id\":\"https:\\\/\\\/expressometro.mx\\\/index.php\\\/2021\\\/10\\\/23\\\/en-el-pri-vamos-a-regresar-a-los-distritos-a-entregar-resultados-a-la-gente-elias-rescala\\\/\"},\"wordCount\":335,\"commentCount\":0,\"publisher\":{\"@id\":\"https:\\\/\\\/expressometro.mx\\\/#organization\"},\"image\":{\"@id\":\"https:\\\/\\\/expressometro.mx\\\/index.php\\\/2021\\\/10\\\/23\\\/en-el-pri-vamos-a-regresar-a-los-distritos-a-entregar-resultados-a-la-gente-elias-rescala\\\/#primaryimage\"},\"thumbnailUrl\":\"https:\\\/\\\/expressometro.mx\\\/wp-content\\\/uploads\\\/2021\\\/10\\\/WhatsApp-Image-2021-10-22-at-16.31.58.jpeg\",\"keywords\":[\"El\u00edas Rescala\",\"LXI Legislatura\",\"PRI\"],\"articleSection\":[\"Gobierno\"],\"inLanguage\":\"es\",\"potentialAction\":[{\"@type\":\"CommentAction\",\"name\":\"Comment\",\"target\":[\"https:\\\/\\\/expressometro.mx\\\/index.php\\\/2021\\\/10\\\/23\\\/en-el-pri-vamos-a-regresar-a-los-distritos-a-entregar-resultados-a-la-gente-elias-rescala\\\/#respond\"]}]},{\"@type\":\"WebPage\",\"@id\":\"https:\\\/\\\/expressometro.mx\\\/index.php\\\/2021\\\/10\\\/23\\\/en-el-pri-vamos-a-regresar-a-los-distritos-a-entregar-resultados-a-la-gente-elias-rescala\\\/\",\"url\":\"https:\\\/\\\/expressometro.mx\\\/index.php\\\/2021\\\/10\\\/23\\\/en-el-pri-vamos-a-regresar-a-los-distritos-a-entregar-resultados-a-la-gente-elias-rescala\\\/\",\"name\":\"En el PRI vamos a regresar a los distritos a entregar resultados a la gente: Eli\u0301as Rescala - Expresso Metropolitano\",\"isPartOf\":{\"@id\":\"https:\\\/\\\/expressometro.mx\\\/#website\"},\"primaryImageOfPage\":{\"@id\":\"https:\\\/\\\/expressometro.mx\\\/index.php\\\/2021\\\/10\\\/23\\\/en-el-pri-vamos-a-regresar-a-los-distritos-a-entregar-resultados-a-la-gente-elias-rescala\\\/#primaryimage\"},\"image\":{\"@id\":\"https:\\\/\\\/expressometro.mx\\\/index.php\\\/2021\\\/10\\\/23\\\/en-el-pri-vamos-a-regresar-a-los-distritos-a-entregar-resultados-a-la-gente-elias-rescala\\\/#primaryimage\"},\"thumbnailUrl\":\"https:\\\/\\\/expressometro.mx\\\/wp-content\\\/uploads\\\/2021\\\/10\\\/WhatsApp-Image-2021-10-22-at-16.31.58.jpeg\",\"datePublished\":\"2021-10-23T17:52:20+00:00\",\"dateModified\":\"2021-10-23T17:52:22+00:00\",\"breadcrumb\":{\"@id\":\"https:\\\/\\\/expressometro.mx\\\/index.php\\\/2021\\\/10\\\/23\\\/en-el-pri-vamos-a-regresar-a-los-distritos-a-entregar-resultados-a-la-gente-elias-rescala\\\/#breadcrumb\"},\"inLanguage\":\"es\",\"potentialAction\":[{\"@type\":\"ReadAction\",\"target\":[\"https:\\\/\\\/expressometro.mx\\\/index.php\\\/2021\\\/10\\\/23\\\/en-el-pri-vamos-a-regresar-a-los-distritos-a-entregar-resultados-a-la-gente-elias-rescala\\\/\"]}]},{\"@type\":\"ImageObject\",\"inLanguage\":\"es\",\"@id\":\"https:\\\/\\\/expressometro.mx\\\/index.php\\\/2021\\\/10\\\/23\\\/en-el-pri-vamos-a-regresar-a-los-distritos-a-entregar-resultados-a-la-gente-elias-rescala\\\/#primaryimage\",\"url\":\"https:\\\/\\\/expressometro.mx\\\/wp-content\\\/uploads\\\/2021\\\/10\\\/WhatsApp-Image-2021-10-22-at-16.31.58.jpeg\",\"contentUrl\":\"https:\\\/\\\/expressometro.mx\\\/wp-content\\\/uploads\\\/2021\\\/10\\\/WhatsApp-Image-2021-10-22-at-16.31.58.jpeg\",\"width\":1024,\"height\":768},{\"@type\":\"BreadcrumbList\",\"@id\":\"https:\\\/\\\/expressometro.mx\\\/index.php\\\/2021\\\/10\\\/23\\\/en-el-pri-vamos-a-regresar-a-los-distritos-a-entregar-resultados-a-la-gente-elias-rescala\\\/#breadcrumb\",\"itemListElement\":[{\"@type\":\"ListItem\",\"position\":1,\"name\":\"Inicio\",\"item\":\"https:\\\/\\\/expressometro.mx\\\/\"},{\"@type\":\"ListItem\",\"position\":2,\"name\":\"En el PRI vamos a regresar a los distritos a entregar resultados a la gente: Eli\u0301as Rescala\"}]},{\"@type\":\"WebSite\",\"@id\":\"https:\\\/\\\/expressometro.mx\\\/#website\",\"url\":\"https:\\\/\\\/expressometro.mx\\\/\",\"name\":\"Expresso Metropolitano\",\"description\":\"Periodismo comprometido, informaci\u00f3n, investigaci\u00f3n y an\u00e1lisis\",\"publisher\":{\"@id\":\"https:\\\/\\\/expressometro.mx\\\/#organization\"},\"potentialAction\":[{\"@type\":\"SearchAction\",\"target\":{\"@type\":\"EntryPoint\",\"urlTemplate\":\"https:\\\/\\\/expressometro.mx\\\/?s={search_term_string}\"},\"query-input\":{\"@type\":\"PropertyValueSpecification\",\"valueRequired\":true,\"valueName\":\"search_term_string\"}}],\"inLanguage\":\"es\"},{\"@type\":\"Organization\",\"@id\":\"https:\\\/\\\/expressometro.mx\\\/#organization\",\"name\":\"Expresso Metropolitano\",\"url\":\"https:\\\/\\\/expressometro.mx\\\/\",\"logo\":{\"@type\":\"ImageObject\",\"inLanguage\":\"es\",\"@id\":\"https:\\\/\\\/expressometro.mx\\\/#\\\/schema\\\/logo\\\/image\\\/\",\"url\":\"https:\\\/\\\/expressometro.mx\\\/wp-content\\\/uploads\\\/2019\\\/07\\\/cropped-Logo-Expresso-Metropolitano-1-1.jpeg\",\"contentUrl\":\"https:\\\/\\\/expressometro.mx\\\/wp-content\\\/uploads\\\/2019\\\/07\\\/cropped-Logo-Expresso-Metropolitano-1-1.jpeg\",\"width\":290,\"height\":73,\"caption\":\"Expresso Metropolitano\"},\"image\":{\"@id\":\"https:\\\/\\\/expressometro.mx\\\/#\\\/schema\\\/logo\\\/image\\\/\"}},{\"@type\":\"Person\",\"@id\":\"https:\\\/\\\/expressometro.mx\\\/#\\\/schema\\\/person\\\/67a95b8e3862085c7598f66237488f1f\",\"name\":\"Cecilia Vega\",\"image\":{\"@type\":\"ImageObject\",\"inLanguage\":\"es\",\"@id\":\"https:\\\/\\\/secure.gravatar.com\\\/avatar\\\/13aae9944ab2ee472a9e407c9487fdbd03b049abaa559af32fe5dbcf615c981b?s=96&d=mm&r=g\",\"url\":\"https:\\\/\\\/secure.gravatar.com\\\/avatar\\\/13aae9944ab2ee472a9e407c9487fdbd03b049abaa559af32fe5dbcf615c981b?s=96&d=mm&r=g\",\"contentUrl\":\"https:\\\/\\\/secure.gravatar.com\\\/avatar\\\/13aae9944ab2ee472a9e407c9487fdbd03b049abaa559af32fe5dbcf615c981b?s=96&d=mm&r=g\",\"caption\":\"Cecilia Vega\"},\"url\":\"https:\\\/\\\/expressometro.mx\\\/index.php\\\/author\\\/cecilia-vega\\\/\"}]}<\/script>\n<!-- \/ Yoast SEO plugin. -->","yoast_head_json":{"title":"En el PRI vamos a regresar a los distritos a entregar resultados a la gente: Eli\u0301as Rescala - Expresso Metropolitano","robots":{"index":"index","follow":"follow","max-snippet":"max-snippet:-1","max-image-preview":"max-image-preview:large","max-video-preview":"max-video-preview:-1"},"canonical":"https:\/\/expressometro.mx\/index.php\/2021\/10\/23\/en-el-pri-vamos-a-regresar-a-los-distritos-a-entregar-resultados-a-la-gente-elias-rescala\/","og_locale":"es_MX","og_type":"article","og_title":"En el PRI vamos a regresar a los distritos a entregar resultados a la gente: Eli\u0301as Rescala - Expresso Metropolitano","og_description":"La fraccio\u0301n legislativa del Revolucionario Institucional en el congreso mexiquense respaldara\u0301 el trabajo del gobernador Alfredo Del Mazo, sostuvo el coordinador del grupo parlamentario.","og_url":"https:\/\/expressometro.mx\/index.php\/2021\/10\/23\/en-el-pri-vamos-a-regresar-a-los-distritos-a-entregar-resultados-a-la-gente-elias-rescala\/","og_site_name":"Expresso Metropolitano","article_published_time":"2021-10-23T17:52:20+00:00","article_modified_time":"2021-10-23T17:52:22+00:00","og_image":[{"width":1024,"height":768,"url":"https:\/\/expressometro.mx\/wp-content\/uploads\/2021\/10\/WhatsApp-Image-2021-10-22-at-16.31.58.jpeg","type":"image\/jpeg"}],"author":"Cecilia Vega","twitter_misc":{"Escrito por":"Cecilia Vega","Tiempo de lectura":"2 minutos"},"schema":{"@context":"https:\/\/schema.org","@graph":[{"@type":"Article","@id":"https:\/\/expressometro.mx\/index.php\/2021\/10\/23\/en-el-pri-vamos-a-regresar-a-los-distritos-a-entregar-resultados-a-la-gente-elias-rescala\/#article","isPartOf":{"@id":"https:\/\/expressometro.mx\/index.php\/2021\/10\/23\/en-el-pri-vamos-a-regresar-a-los-distritos-a-entregar-resultados-a-la-gente-elias-rescala\/"},"author":{"name":"Cecilia Vega","@id":"https:\/\/expressometro.mx\/#\/schema\/person\/67a95b8e3862085c7598f66237488f1f"},"headline":"En el PRI vamos a regresar a los distritos a entregar resultados a la gente: Eli\u0301as Rescala","datePublished":"2021-10-23T17:52:20+00:00","dateModified":"2021-10-23T17:52:22+00:00","mainEntityOfPage":{"@id":"https:\/\/expressometro.mx\/index.php\/2021\/10\/23\/en-el-pri-vamos-a-regresar-a-los-distritos-a-entregar-resultados-a-la-gente-elias-rescala\/"},"wordCount":335,"commentCount":0,"publisher":{"@id":"https:\/\/expressometro.mx\/#organization"},"image":{"@id":"https:\/\/expressometro.mx\/index.php\/2021\/10\/23\/en-el-pri-vamos-a-regresar-a-los-distritos-a-entregar-resultados-a-la-gente-elias-rescala\/#primaryimage"},"thumbnailUrl":"https:\/\/expressometro.mx\/wp-content\/uploads\/2021\/10\/WhatsApp-Image-2021-10-22-at-16.31.58.jpeg","keywords":["El\u00edas Rescala","LXI Legislatura","PRI"],"articleSection":["Gobierno"],"inLanguage":"es","potentialAction":[{"@type":"CommentAction","name":"Comment","target":["https:\/\/expressometro.mx\/index.php\/2021\/10\/23\/en-el-pri-vamos-a-regresar-a-los-distritos-a-entregar-resultados-a-la-gente-elias-rescala\/#respond"]}]},{"@type":"WebPage","@id":"https:\/\/expressometro.mx\/index.php\/2021\/10\/23\/en-el-pri-vamos-a-regresar-a-los-distritos-a-entregar-resultados-a-la-gente-elias-rescala\/","url":"https:\/\/expressometro.mx\/index.php\/2021\/10\/23\/en-el-pri-vamos-a-regresar-a-los-distritos-a-entregar-resultados-a-la-gente-elias-rescala\/","name":"En el PRI vamos a regresar a los distritos a entregar resultados a la gente: Eli\u0301as Rescala - Expresso Metropolitano","isPartOf":{"@id":"https:\/\/expressometro.mx\/#website"},"primaryImageOfPage":{"@id":"https:\/\/expressometro.mx\/index.php\/2021\/10\/23\/en-el-pri-vamos-a-regresar-a-los-distritos-a-entregar-resultados-a-la-gente-elias-rescala\/#primaryimage"},"image":{"@id":"https:\/\/expressometro.mx\/index.php\/2021\/10\/23\/en-el-pri-vamos-a-regresar-a-los-distritos-a-entregar-resultados-a-la-gente-elias-rescala\/#primaryimage"},"thumbnailUrl":"https:\/\/expressometro.mx\/wp-content\/uploads\/2021\/10\/WhatsApp-Image-2021-10-22-at-16.31.58.jpeg","datePublished":"2021-10-23T17:52:20+00:00","dateModified":"2021-10-23T17:52:22+00:00","breadcrumb":{"@id":"https:\/\/expressometro.mx\/index.php\/2021\/10\/23\/en-el-pri-vamos-a-regresar-a-los-distritos-a-entregar-resultados-a-la-gente-elias-rescala\/#breadcrumb"},"inLanguage":"es","potentialAction":[{"@type":"ReadAction","target":["https:\/\/expressometro.mx\/index.php\/2021\/10\/23\/en-el-pri-vamos-a-regresar-a-los-distritos-a-entregar-resultados-a-la-gente-elias-rescala\/"]}]},{"@type":"ImageObject","inLanguage":"es","@id":"https:\/\/expressometro.mx\/index.php\/2021\/10\/23\/en-el-pri-vamos-a-regresar-a-los-distritos-a-entregar-resultados-a-la-gente-elias-rescala\/#primaryimage","url":"https:\/\/expressometro.mx\/wp-content\/uploads\/2021\/10\/WhatsApp-Image-2021-10-22-at-16.31.58.jpeg","contentUrl":"https:\/\/expressometro.mx\/wp-content\/uploads\/2021\/10\/WhatsApp-Image-2021-10-22-at-16.31.58.jpeg","width":1024,"height":768},{"@type":"BreadcrumbList","@id":"https:\/\/expressometro.mx\/index.php\/2021\/10\/23\/en-el-pri-vamos-a-regresar-a-los-distritos-a-entregar-resultados-a-la-gente-elias-rescala\/#breadcrumb","itemListElement":[{"@type":"ListItem","position":1,"name":"Inicio","item":"https:\/\/expressometro.mx\/"},{"@type":"ListItem","position":2,"name":"En el PRI vamos a regresar a los distritos a entregar resultados a la gente: Eli\u0301as Rescala"}]},{"@type":"WebSite","@id":"https:\/\/expressometro.mx\/#website","url":"https:\/\/expressometro.mx\/","name":"Expresso Metropolitano","description":"Periodismo comprometido, informaci\u00f3n, investigaci\u00f3n y an\u00e1lisis","publisher":{"@id":"https:\/\/expressometro.mx\/#organization"},"potentialAction":[{"@type":"SearchAction","target":{"@type":"EntryPoint","urlTemplate":"https:\/\/expressometro.mx\/?s={search_term_string}"},"query-input":{"@type":"PropertyValueSpecification","valueRequired":true,"valueName":"search_term_string"}}],"inLanguage":"es"},{"@type":"Organization","@id":"https:\/\/expressometro.mx\/#organization","name":"Expresso Metropolitano","url":"https:\/\/expressometro.mx\/","logo":{"@type":"ImageObject","inLanguage":"es","@id":"https:\/\/expressometro.mx\/#\/schema\/logo\/image\/","url":"https:\/\/expressometro.mx\/wp-content\/uploads\/2019\/07\/cropped-Logo-Expresso-Metropolitano-1-1.jpeg","contentUrl":"https:\/\/expressometro.mx\/wp-content\/uploads\/2019\/07\/cropped-Logo-Expresso-Metropolitano-1-1.jpeg","width":290,"height":73,"caption":"Expresso Metropolitano"},"image":{"@id":"https:\/\/expressometro.mx\/#\/schema\/logo\/image\/"}},{"@type":"Person","@id":"https:\/\/expressometro.mx\/#\/schema\/person\/67a95b8e3862085c7598f66237488f1f","name":"Cecilia Vega","image":{"@type":"ImageObject","inLanguage":"es","@id":"https:\/\/secure.gravatar.com\/avatar\/13aae9944ab2ee472a9e407c9487fdbd03b049abaa559af32fe5dbcf615c981b?s=96&d=mm&r=g","url":"https:\/\/secure.gravatar.com\/avatar\/13aae9944ab2ee472a9e407c9487fdbd03b049abaa559af32fe5dbcf615c981b?s=96&d=mm&r=g","contentUrl":"https:\/\/secure.gravatar.com\/avatar\/13aae9944ab2ee472a9e407c9487fdbd03b049abaa559af32fe5dbcf615c981b?s=96&d=mm&r=g","caption":"Cecilia Vega"},"url":"https:\/\/expressometro.mx\/index.php\/author\/cecilia-vega\/"}]}},"amp_enabled":true,"_links":{"self":[{"href":"https:\/\/expressometro.mx\/index.php\/wp-json\/wp\/v2\/posts\/3960","targetHints":{"allow":["GET"]}}],"collection":[{"href":"https:\/\/expressometro.mx\/index.php\/wp-json\/wp\/v2\/posts"}],"about":[{"href":"https:\/\/expressometro.mx\/index.php\/wp-json\/wp\/v2\/types\/post"}],"author":[{"embeddable":true,"href":"https:\/\/expressometro.mx\/index.php\/wp-json\/wp\/v2\/users\/2"}],"replies":[{"embeddable":true,"href":"https:\/\/expressometro.mx\/index.php\/wp-json\/wp\/v2\/comments?post=3960"}],"version-history":[{"count":1,"href":"https:\/\/expressometro.mx\/index.php\/wp-json\/wp\/v2\/posts\/3960\/revisions"}],"predecessor-version":[{"id":3967,"href":"https:\/\/expressometro.mx\/index.php\/wp-json\/wp\/v2\/posts\/3960\/revisions\/3967"}],"wp:featuredmedia":[{"embeddable":true,"href":"https:\/\/expressometro.mx\/index.php\/wp-json\/wp\/v2\/media\/3963"}],"wp:attachment":[{"href":"https:\/\/expressometro.mx\/index.php\/wp-json\/wp\/v2\/media?parent=3960"}],"wp:term":[{"taxonomy":"category","embeddable":true,"href":"https:\/\/expressometro.mx\/index.php\/wp-json\/wp\/v2\/categories?post=3960"},{"taxonomy":"post_tag","embeddable":true,"href":"https:\/\/expressometro.mx\/index.php\/wp-json\/wp\/v2\/tags?post=3960"}],"curies":[{"name":"wp","href":"https:\/\/api.w.org\/{rel}","templated":true}]}}