{"id":396,"date":"2019-09-04T12:22:19","date_gmt":"2019-09-04T17:22:19","guid":{"rendered":"http:\/\/expressometro.mx\/?p=396"},"modified":"2019-09-25T10:35:14","modified_gmt":"2019-09-25T15:35:14","slug":"firma-gem-convenio-de-ordenamiento-ecologico-con-ayuntamiento-de-tlalnepantla","status":"publish","type":"post","link":"https:\/\/expressometro.mx\/index.php\/2019\/09\/04\/firma-gem-convenio-de-ordenamiento-ecologico-con-ayuntamiento-de-tlalnepantla\/","title":{"rendered":"FIRMA GEM CONVENIO DE ORDENAMIENTO ECOL\u00d3GICO CON AYUNTAMIENTO DE TLALNEPANTLA"},"content":{"rendered":"\n<p>Como parte de las acciones que realiza el Gobierno mexiquense para dar cumplimento al Plan de Desarrollo del Estado de M\u00e9xico 2017-2023, se llev\u00f3 a cabo la firma del Convenio de Coordinaci\u00f3n entre la Secretar\u00eda del Medio Ambiente estatal y el Ayuntamiento de Tlalnepantla, para la formulaci\u00f3n, expedici\u00f3n, ejecuci\u00f3n, evaluaci\u00f3n y modificaci\u00f3n del Programa de Ordenamiento Ecol\u00f3gico local, en beneficio de los mexiquenses de este municipio.<\/p>\n\n\n\n<p>El Convenio fue signado por el titular de la Secretar\u00eda del Medio Ambiente del Gobierno estatal, Jorge Rescala P\u00e9rez, y del Presidente municipal de Tlalnepantla, Raciel P\u00e9rez Cruz.<\/p>\n\n\n\n<p>\u201cCon la firma de este convenio, iniciamos formalmente un esfuerzo compartido que nos habr\u00e1 de llevar en el mediano plazo a materializar el Programa de Ordenamiento Ecol\u00f3gico de este municipio, ser\u00e1 fundamental convocar a la ciudadan\u00eda a participar en las consultas de cada fase del programa, para conocer sus expectativas e inquietudes respecto del territorio municipal y su manejo, con el fin de dise\u00f1ar estrategias efectivas para avanzar hacia la sustentabilidad\u201d, coment\u00f3 Rescala P\u00e9rez.<\/p>\n\n\n\n<p>Actualmente son 23 los municipios en la entidad que cuentan con planes de elaboraci\u00f3n de nuevos Ordenamientos Ecol\u00f3gicos municipales, integrando a municipios de la Zona Metropolitana del Valle de M\u00e9xico.<\/p>\n\n\n\n<p>\u201cEntre las principales acciones emprendidas, est\u00e1 la actualizaci\u00f3n del Programa de Ordenamiento Ecol\u00f3gico del territorio del Estado de M\u00e9xico, que desde hace 13 a\u00f1os no ha sido objeto de una indispensable revisi\u00f3n peri\u00f3dica como lo establece la normatividad de la materia\u201d, destac\u00f3 el titular del Medio Ambiente en la entidad.<\/p>\n\n\n\n<p>Por su parte, Nicol\u00e1s Mendoza Jim\u00e9nez, Director General de Ordenamiento e Impacto Ambiental de esta dependencia afirm\u00f3 que, para darle cauce a los trabajos, se estipula la creaci\u00f3n de una instancia de coordinaci\u00f3n constituida en un Comit\u00e9 de Ordenamiento Ecol\u00f3gico, que se encargar\u00e1 del seguimiento y evaluaci\u00f3n del proceso de formulaci\u00f3n del programa, y se integrar\u00e1 posteriormente.<\/p>\n\n\n\n<p>En este acto, tambi\u00e9n estuvieron presentes Mitzi Alicia Anda Rubalcava, Directora de Sustentabilidad Ambiental y Movilidad del Ayuntamiento de Tlalnepantla, Miguel \u00c1ngel Bravo Suberville, Secretario del Ayuntamiento, Salvador Mu\u00f1uzuri, Director General del Centro de Estudios Jur\u00eddicos y Ambientales AC, as\u00ed como integrantes del Cabildo.<\/p>\n\n\n\n<p>El ordenamiento ecol\u00f3gico del territorio es un instrumento de pol\u00edtica ambiental cuyo objeto es regular o inducir el uso de suelo y las actividades productivas con el fin de lograr la protecci\u00f3n del medio ambiente, as\u00ed como la preservaci\u00f3n y aprovechamiento sustentable de los recursos naturales.<\/p>\n\n\n\n<p>En ese sentido, para el Gobierno del Estado de M\u00e9xico es imprescindible continuar trabajando a favor del desarrollo sustentable, coordinando esfuerzos con los gobiernos municipales para la protecci\u00f3n de los ecosistemas y del medio ambiente en toda la entidad.<\/p>\n","protected":false},"excerpt":{"rendered":"<p>Como parte de las acciones que realiza el Gobierno mexiquense para dar cumplimento al Plan de Desarrollo del Estado de M\u00e9xico 2017-2023, se llev\u00f3 a cabo la firma del Convenio de Coordinaci\u00f3n entre la Secretar\u00eda del Medio Ambiente estatal y el Ayuntamiento de Tlalnepantla, para la formulaci\u00f3n, expedici\u00f3n, ejecuci\u00f3n, evaluaci\u00f3n y modificaci\u00f3n del Programa de Ordenamiento Ecol\u00f3gico local, en beneficio de los mexiquenses de este municipio. El Convenio fue signado por el titular de la Secretar\u00eda del Medio Ambiente del Gobierno estatal, Jorge Rescala P\u00e9rez, y del Presidente municipal de&hellip;<\/p>\n","protected":false},"author":1,"featured_media":397,"comment_status":"open","ping_status":"open","sticky":false,"template":"","format":"standard","meta":{"footnotes":""},"categories":[3,8],"tags":[],"class_list":["post-396","post","type-post","status-publish","format-standard","has-post-thumbnail","hentry","category-gobierno","category-medio-ambiente"],"yoast_head":"<!-- This site is optimized with the Yoast SEO plugin v27.5 - https:\/\/yoast.com\/product\/yoast-seo-wordpress\/ -->\n<title>FIRMA GEM CONVENIO DE ORDENAMIENTO ECOL\u00d3GICO CON AYUNTAMIENTO DE TLALNEPANTLA - Expresso Metropolitano<\/title>\n<meta name=\"robots\" content=\"index, follow, max-snippet:-1, max-image-preview:large, max-video-preview:-1\" \/>\n<link rel=\"canonical\" href=\"https:\/\/expressometro.mx\/index.php\/2019\/09\/04\/firma-gem-convenio-de-ordenamiento-ecologico-con-ayuntamiento-de-tlalnepantla\/\" \/>\n<meta property=\"og:locale\" content=\"es_MX\" \/>\n<meta property=\"og:type\" content=\"article\" \/>\n<meta property=\"og:title\" content=\"FIRMA GEM CONVENIO DE ORDENAMIENTO ECOL\u00d3GICO CON AYUNTAMIENTO DE TLALNEPANTLA - Expresso Metropolitano\" \/>\n<meta property=\"og:description\" content=\"Como parte de las acciones que realiza el Gobierno mexiquense para dar cumplimento al Plan de Desarrollo del Estado de M\u00e9xico 2017-2023, se llev\u00f3 a cabo la firma del Convenio de Coordinaci\u00f3n entre la Secretar\u00eda del Medio Ambiente estatal y el Ayuntamiento de Tlalnepantla, para la formulaci\u00f3n, expedici\u00f3n, ejecuci\u00f3n, evaluaci\u00f3n y modificaci\u00f3n del Programa de Ordenamiento Ecol\u00f3gico local, en beneficio de los mexiquenses de este municipio. El Convenio fue signado por el titular de la Secretar\u00eda del Medio Ambiente del Gobierno estatal, Jorge Rescala P\u00e9rez, y del Presidente municipal de&hellip;\" \/>\n<meta property=\"og:url\" content=\"https:\/\/expressometro.mx\/index.php\/2019\/09\/04\/firma-gem-convenio-de-ordenamiento-ecologico-con-ayuntamiento-de-tlalnepantla\/\" \/>\n<meta property=\"og:site_name\" content=\"Expresso Metropolitano\" \/>\n<meta property=\"article:published_time\" content=\"2019-09-04T17:22:19+00:00\" \/>\n<meta property=\"article:modified_time\" content=\"2019-09-25T15:35:14+00:00\" \/>\n<meta property=\"og:image\" content=\"https:\/\/expressometro.mx\/wp-content\/uploads\/2019\/09\/w2_8954_1.jpg\" \/>\n\t<meta property=\"og:image:width\" content=\"2000\" \/>\n\t<meta property=\"og:image:height\" content=\"1410\" \/>\n\t<meta property=\"og:image:type\" content=\"image\/jpeg\" \/>\n<meta name=\"author\" content=\"Expresso Metropolitano\" \/>\n<meta name=\"twitter:label1\" content=\"Escrito por\" \/>\n\t<meta name=\"twitter:data1\" content=\"Expresso Metropolitano\" \/>\n\t<meta name=\"twitter:label2\" content=\"Tiempo de lectura\" \/>\n\t<meta name=\"twitter:data2\" content=\"2 minutos\" \/>\n<script type=\"application\/ld+json\" class=\"yoast-schema-graph\">{\"@context\":\"https:\\\/\\\/schema.org\",\"@graph\":[{\"@type\":\"Article\",\"@id\":\"https:\\\/\\\/expressometro.mx\\\/index.php\\\/2019\\\/09\\\/04\\\/firma-gem-convenio-de-ordenamiento-ecologico-con-ayuntamiento-de-tlalnepantla\\\/#article\",\"isPartOf\":{\"@id\":\"https:\\\/\\\/expressometro.mx\\\/index.php\\\/2019\\\/09\\\/04\\\/firma-gem-convenio-de-ordenamiento-ecologico-con-ayuntamiento-de-tlalnepantla\\\/\"},\"author\":{\"name\":\"Expresso Metropolitano\",\"@id\":\"https:\\\/\\\/expressometro.mx\\\/#\\\/schema\\\/person\\\/efa971b4a0664db8ed5c22b1b0dd2f5d\"},\"headline\":\"FIRMA GEM CONVENIO DE ORDENAMIENTO ECOL\u00d3GICO CON AYUNTAMIENTO DE TLALNEPANTLA\",\"datePublished\":\"2019-09-04T17:22:19+00:00\",\"dateModified\":\"2019-09-25T15:35:14+00:00\",\"mainEntityOfPage\":{\"@id\":\"https:\\\/\\\/expressometro.mx\\\/index.php\\\/2019\\\/09\\\/04\\\/firma-gem-convenio-de-ordenamiento-ecologico-con-ayuntamiento-de-tlalnepantla\\\/\"},\"wordCount\":484,\"commentCount\":0,\"publisher\":{\"@id\":\"https:\\\/\\\/expressometro.mx\\\/#organization\"},\"image\":{\"@id\":\"https:\\\/\\\/expressometro.mx\\\/index.php\\\/2019\\\/09\\\/04\\\/firma-gem-convenio-de-ordenamiento-ecologico-con-ayuntamiento-de-tlalnepantla\\\/#primaryimage\"},\"thumbnailUrl\":\"https:\\\/\\\/expressometro.mx\\\/wp-content\\\/uploads\\\/2019\\\/09\\\/w2_8954_1.jpg\",\"articleSection\":[\"Gobierno\",\"Medio ambiente\"],\"inLanguage\":\"es\",\"potentialAction\":[{\"@type\":\"CommentAction\",\"name\":\"Comment\",\"target\":[\"https:\\\/\\\/expressometro.mx\\\/index.php\\\/2019\\\/09\\\/04\\\/firma-gem-convenio-de-ordenamiento-ecologico-con-ayuntamiento-de-tlalnepantla\\\/#respond\"]}]},{\"@type\":\"WebPage\",\"@id\":\"https:\\\/\\\/expressometro.mx\\\/index.php\\\/2019\\\/09\\\/04\\\/firma-gem-convenio-de-ordenamiento-ecologico-con-ayuntamiento-de-tlalnepantla\\\/\",\"url\":\"https:\\\/\\\/expressometro.mx\\\/index.php\\\/2019\\\/09\\\/04\\\/firma-gem-convenio-de-ordenamiento-ecologico-con-ayuntamiento-de-tlalnepantla\\\/\",\"name\":\"FIRMA GEM CONVENIO DE ORDENAMIENTO ECOL\u00d3GICO CON AYUNTAMIENTO DE TLALNEPANTLA - Expresso Metropolitano\",\"isPartOf\":{\"@id\":\"https:\\\/\\\/expressometro.mx\\\/#website\"},\"primaryImageOfPage\":{\"@id\":\"https:\\\/\\\/expressometro.mx\\\/index.php\\\/2019\\\/09\\\/04\\\/firma-gem-convenio-de-ordenamiento-ecologico-con-ayuntamiento-de-tlalnepantla\\\/#primaryimage\"},\"image\":{\"@id\":\"https:\\\/\\\/expressometro.mx\\\/index.php\\\/2019\\\/09\\\/04\\\/firma-gem-convenio-de-ordenamiento-ecologico-con-ayuntamiento-de-tlalnepantla\\\/#primaryimage\"},\"thumbnailUrl\":\"https:\\\/\\\/expressometro.mx\\\/wp-content\\\/uploads\\\/2019\\\/09\\\/w2_8954_1.jpg\",\"datePublished\":\"2019-09-04T17:22:19+00:00\",\"dateModified\":\"2019-09-25T15:35:14+00:00\",\"breadcrumb\":{\"@id\":\"https:\\\/\\\/expressometro.mx\\\/index.php\\\/2019\\\/09\\\/04\\\/firma-gem-convenio-de-ordenamiento-ecologico-con-ayuntamiento-de-tlalnepantla\\\/#breadcrumb\"},\"inLanguage\":\"es\",\"potentialAction\":[{\"@type\":\"ReadAction\",\"target\":[\"https:\\\/\\\/expressometro.mx\\\/index.php\\\/2019\\\/09\\\/04\\\/firma-gem-convenio-de-ordenamiento-ecologico-con-ayuntamiento-de-tlalnepantla\\\/\"]}]},{\"@type\":\"ImageObject\",\"inLanguage\":\"es\",\"@id\":\"https:\\\/\\\/expressometro.mx\\\/index.php\\\/2019\\\/09\\\/04\\\/firma-gem-convenio-de-ordenamiento-ecologico-con-ayuntamiento-de-tlalnepantla\\\/#primaryimage\",\"url\":\"https:\\\/\\\/expressometro.mx\\\/wp-content\\\/uploads\\\/2019\\\/09\\\/w2_8954_1.jpg\",\"contentUrl\":\"https:\\\/\\\/expressometro.mx\\\/wp-content\\\/uploads\\\/2019\\\/09\\\/w2_8954_1.jpg\",\"width\":2000,\"height\":1410},{\"@type\":\"BreadcrumbList\",\"@id\":\"https:\\\/\\\/expressometro.mx\\\/index.php\\\/2019\\\/09\\\/04\\\/firma-gem-convenio-de-ordenamiento-ecologico-con-ayuntamiento-de-tlalnepantla\\\/#breadcrumb\",\"itemListElement\":[{\"@type\":\"ListItem\",\"position\":1,\"name\":\"Inicio\",\"item\":\"https:\\\/\\\/expressometro.mx\\\/\"},{\"@type\":\"ListItem\",\"position\":2,\"name\":\"FIRMA GEM CONVENIO DE ORDENAMIENTO ECOL\u00d3GICO CON AYUNTAMIENTO DE TLALNEPANTLA\"}]},{\"@type\":\"WebSite\",\"@id\":\"https:\\\/\\\/expressometro.mx\\\/#website\",\"url\":\"https:\\\/\\\/expressometro.mx\\\/\",\"name\":\"Expresso Metropolitano\",\"description\":\"Periodismo comprometido, informaci\u00f3n, investigaci\u00f3n y an\u00e1lisis\",\"publisher\":{\"@id\":\"https:\\\/\\\/expressometro.mx\\\/#organization\"},\"potentialAction\":[{\"@type\":\"SearchAction\",\"target\":{\"@type\":\"EntryPoint\",\"urlTemplate\":\"https:\\\/\\\/expressometro.mx\\\/?s={search_term_string}\"},\"query-input\":{\"@type\":\"PropertyValueSpecification\",\"valueRequired\":true,\"valueName\":\"search_term_string\"}}],\"inLanguage\":\"es\"},{\"@type\":\"Organization\",\"@id\":\"https:\\\/\\\/expressometro.mx\\\/#organization\",\"name\":\"Expresso Metropolitano\",\"url\":\"https:\\\/\\\/expressometro.mx\\\/\",\"logo\":{\"@type\":\"ImageObject\",\"inLanguage\":\"es\",\"@id\":\"https:\\\/\\\/expressometro.mx\\\/#\\\/schema\\\/logo\\\/image\\\/\",\"url\":\"https:\\\/\\\/expressometro.mx\\\/wp-content\\\/uploads\\\/2019\\\/07\\\/cropped-Logo-Expresso-Metropolitano-1-1.jpeg\",\"contentUrl\":\"https:\\\/\\\/expressometro.mx\\\/wp-content\\\/uploads\\\/2019\\\/07\\\/cropped-Logo-Expresso-Metropolitano-1-1.jpeg\",\"width\":290,\"height\":73,\"caption\":\"Expresso Metropolitano\"},\"image\":{\"@id\":\"https:\\\/\\\/expressometro.mx\\\/#\\\/schema\\\/logo\\\/image\\\/\"}},{\"@type\":\"Person\",\"@id\":\"https:\\\/\\\/expressometro.mx\\\/#\\\/schema\\\/person\\\/efa971b4a0664db8ed5c22b1b0dd2f5d\",\"name\":\"Expresso Metropolitano\",\"image\":{\"@type\":\"ImageObject\",\"inLanguage\":\"es\",\"@id\":\"https:\\\/\\\/secure.gravatar.com\\\/avatar\\\/a89f802b8de18c6952f223c88d3d106e9e3679839f4e25a02f4a6cc2ae6ba3b3?s=96&d=mm&r=g\",\"url\":\"https:\\\/\\\/secure.gravatar.com\\\/avatar\\\/a89f802b8de18c6952f223c88d3d106e9e3679839f4e25a02f4a6cc2ae6ba3b3?s=96&d=mm&r=g\",\"contentUrl\":\"https:\\\/\\\/secure.gravatar.com\\\/avatar\\\/a89f802b8de18c6952f223c88d3d106e9e3679839f4e25a02f4a6cc2ae6ba3b3?s=96&d=mm&r=g\",\"caption\":\"Expresso Metropolitano\"},\"url\":\"https:\\\/\\\/expressometro.mx\\\/index.php\\\/author\\\/diego\\\/\"}]}<\/script>\n<!-- \/ Yoast SEO plugin. -->","yoast_head_json":{"title":"FIRMA GEM CONVENIO DE ORDENAMIENTO ECOL\u00d3GICO CON AYUNTAMIENTO DE TLALNEPANTLA - Expresso Metropolitano","robots":{"index":"index","follow":"follow","max-snippet":"max-snippet:-1","max-image-preview":"max-image-preview:large","max-video-preview":"max-video-preview:-1"},"canonical":"https:\/\/expressometro.mx\/index.php\/2019\/09\/04\/firma-gem-convenio-de-ordenamiento-ecologico-con-ayuntamiento-de-tlalnepantla\/","og_locale":"es_MX","og_type":"article","og_title":"FIRMA GEM CONVENIO DE ORDENAMIENTO ECOL\u00d3GICO CON AYUNTAMIENTO DE TLALNEPANTLA - Expresso Metropolitano","og_description":"Como parte de las acciones que realiza el Gobierno mexiquense para dar cumplimento al Plan de Desarrollo del Estado de M\u00e9xico 2017-2023, se llev\u00f3 a cabo la firma del Convenio de Coordinaci\u00f3n entre la Secretar\u00eda del Medio Ambiente estatal y el Ayuntamiento de Tlalnepantla, para la formulaci\u00f3n, expedici\u00f3n, ejecuci\u00f3n, evaluaci\u00f3n y modificaci\u00f3n del Programa de Ordenamiento Ecol\u00f3gico local, en beneficio de los mexiquenses de este municipio. El Convenio fue signado por el titular de la Secretar\u00eda del Medio Ambiente del Gobierno estatal, Jorge Rescala P\u00e9rez, y del Presidente municipal de&hellip;","og_url":"https:\/\/expressometro.mx\/index.php\/2019\/09\/04\/firma-gem-convenio-de-ordenamiento-ecologico-con-ayuntamiento-de-tlalnepantla\/","og_site_name":"Expresso Metropolitano","article_published_time":"2019-09-04T17:22:19+00:00","article_modified_time":"2019-09-25T15:35:14+00:00","og_image":[{"width":2000,"height":1410,"url":"https:\/\/expressometro.mx\/wp-content\/uploads\/2019\/09\/w2_8954_1.jpg","type":"image\/jpeg"}],"author":"Expresso Metropolitano","twitter_misc":{"Escrito por":"Expresso Metropolitano","Tiempo de lectura":"2 minutos"},"schema":{"@context":"https:\/\/schema.org","@graph":[{"@type":"Article","@id":"https:\/\/expressometro.mx\/index.php\/2019\/09\/04\/firma-gem-convenio-de-ordenamiento-ecologico-con-ayuntamiento-de-tlalnepantla\/#article","isPartOf":{"@id":"https:\/\/expressometro.mx\/index.php\/2019\/09\/04\/firma-gem-convenio-de-ordenamiento-ecologico-con-ayuntamiento-de-tlalnepantla\/"},"author":{"name":"Expresso Metropolitano","@id":"https:\/\/expressometro.mx\/#\/schema\/person\/efa971b4a0664db8ed5c22b1b0dd2f5d"},"headline":"FIRMA GEM CONVENIO DE ORDENAMIENTO ECOL\u00d3GICO CON AYUNTAMIENTO DE TLALNEPANTLA","datePublished":"2019-09-04T17:22:19+00:00","dateModified":"2019-09-25T15:35:14+00:00","mainEntityOfPage":{"@id":"https:\/\/expressometro.mx\/index.php\/2019\/09\/04\/firma-gem-convenio-de-ordenamiento-ecologico-con-ayuntamiento-de-tlalnepantla\/"},"wordCount":484,"commentCount":0,"publisher":{"@id":"https:\/\/expressometro.mx\/#organization"},"image":{"@id":"https:\/\/expressometro.mx\/index.php\/2019\/09\/04\/firma-gem-convenio-de-ordenamiento-ecologico-con-ayuntamiento-de-tlalnepantla\/#primaryimage"},"thumbnailUrl":"https:\/\/expressometro.mx\/wp-content\/uploads\/2019\/09\/w2_8954_1.jpg","articleSection":["Gobierno","Medio ambiente"],"inLanguage":"es","potentialAction":[{"@type":"CommentAction","name":"Comment","target":["https:\/\/expressometro.mx\/index.php\/2019\/09\/04\/firma-gem-convenio-de-ordenamiento-ecologico-con-ayuntamiento-de-tlalnepantla\/#respond"]}]},{"@type":"WebPage","@id":"https:\/\/expressometro.mx\/index.php\/2019\/09\/04\/firma-gem-convenio-de-ordenamiento-ecologico-con-ayuntamiento-de-tlalnepantla\/","url":"https:\/\/expressometro.mx\/index.php\/2019\/09\/04\/firma-gem-convenio-de-ordenamiento-ecologico-con-ayuntamiento-de-tlalnepantla\/","name":"FIRMA GEM CONVENIO DE ORDENAMIENTO ECOL\u00d3GICO CON AYUNTAMIENTO DE TLALNEPANTLA - Expresso Metropolitano","isPartOf":{"@id":"https:\/\/expressometro.mx\/#website"},"primaryImageOfPage":{"@id":"https:\/\/expressometro.mx\/index.php\/2019\/09\/04\/firma-gem-convenio-de-ordenamiento-ecologico-con-ayuntamiento-de-tlalnepantla\/#primaryimage"},"image":{"@id":"https:\/\/expressometro.mx\/index.php\/2019\/09\/04\/firma-gem-convenio-de-ordenamiento-ecologico-con-ayuntamiento-de-tlalnepantla\/#primaryimage"},"thumbnailUrl":"https:\/\/expressometro.mx\/wp-content\/uploads\/2019\/09\/w2_8954_1.jpg","datePublished":"2019-09-04T17:22:19+00:00","dateModified":"2019-09-25T15:35:14+00:00","breadcrumb":{"@id":"https:\/\/expressometro.mx\/index.php\/2019\/09\/04\/firma-gem-convenio-de-ordenamiento-ecologico-con-ayuntamiento-de-tlalnepantla\/#breadcrumb"},"inLanguage":"es","potentialAction":[{"@type":"ReadAction","target":["https:\/\/expressometro.mx\/index.php\/2019\/09\/04\/firma-gem-convenio-de-ordenamiento-ecologico-con-ayuntamiento-de-tlalnepantla\/"]}]},{"@type":"ImageObject","inLanguage":"es","@id":"https:\/\/expressometro.mx\/index.php\/2019\/09\/04\/firma-gem-convenio-de-ordenamiento-ecologico-con-ayuntamiento-de-tlalnepantla\/#primaryimage","url":"https:\/\/expressometro.mx\/wp-content\/uploads\/2019\/09\/w2_8954_1.jpg","contentUrl":"https:\/\/expressometro.mx\/wp-content\/uploads\/2019\/09\/w2_8954_1.jpg","width":2000,"height":1410},{"@type":"BreadcrumbList","@id":"https:\/\/expressometro.mx\/index.php\/2019\/09\/04\/firma-gem-convenio-de-ordenamiento-ecologico-con-ayuntamiento-de-tlalnepantla\/#breadcrumb","itemListElement":[{"@type":"ListItem","position":1,"name":"Inicio","item":"https:\/\/expressometro.mx\/"},{"@type":"ListItem","position":2,"name":"FIRMA GEM CONVENIO DE ORDENAMIENTO ECOL\u00d3GICO CON AYUNTAMIENTO DE TLALNEPANTLA"}]},{"@type":"WebSite","@id":"https:\/\/expressometro.mx\/#website","url":"https:\/\/expressometro.mx\/","name":"Expresso Metropolitano","description":"Periodismo comprometido, informaci\u00f3n, investigaci\u00f3n y an\u00e1lisis","publisher":{"@id":"https:\/\/expressometro.mx\/#organization"},"potentialAction":[{"@type":"SearchAction","target":{"@type":"EntryPoint","urlTemplate":"https:\/\/expressometro.mx\/?s={search_term_string}"},"query-input":{"@type":"PropertyValueSpecification","valueRequired":true,"valueName":"search_term_string"}}],"inLanguage":"es"},{"@type":"Organization","@id":"https:\/\/expressometro.mx\/#organization","name":"Expresso Metropolitano","url":"https:\/\/expressometro.mx\/","logo":{"@type":"ImageObject","inLanguage":"es","@id":"https:\/\/expressometro.mx\/#\/schema\/logo\/image\/","url":"https:\/\/expressometro.mx\/wp-content\/uploads\/2019\/07\/cropped-Logo-Expresso-Metropolitano-1-1.jpeg","contentUrl":"https:\/\/expressometro.mx\/wp-content\/uploads\/2019\/07\/cropped-Logo-Expresso-Metropolitano-1-1.jpeg","width":290,"height":73,"caption":"Expresso Metropolitano"},"image":{"@id":"https:\/\/expressometro.mx\/#\/schema\/logo\/image\/"}},{"@type":"Person","@id":"https:\/\/expressometro.mx\/#\/schema\/person\/efa971b4a0664db8ed5c22b1b0dd2f5d","name":"Expresso Metropolitano","image":{"@type":"ImageObject","inLanguage":"es","@id":"https:\/\/secure.gravatar.com\/avatar\/a89f802b8de18c6952f223c88d3d106e9e3679839f4e25a02f4a6cc2ae6ba3b3?s=96&d=mm&r=g","url":"https:\/\/secure.gravatar.com\/avatar\/a89f802b8de18c6952f223c88d3d106e9e3679839f4e25a02f4a6cc2ae6ba3b3?s=96&d=mm&r=g","contentUrl":"https:\/\/secure.gravatar.com\/avatar\/a89f802b8de18c6952f223c88d3d106e9e3679839f4e25a02f4a6cc2ae6ba3b3?s=96&d=mm&r=g","caption":"Expresso Metropolitano"},"url":"https:\/\/expressometro.mx\/index.php\/author\/diego\/"}]}},"amp_enabled":true,"_links":{"self":[{"href":"https:\/\/expressometro.mx\/index.php\/wp-json\/wp\/v2\/posts\/396","targetHints":{"allow":["GET"]}}],"collection":[{"href":"https:\/\/expressometro.mx\/index.php\/wp-json\/wp\/v2\/posts"}],"about":[{"href":"https:\/\/expressometro.mx\/index.php\/wp-json\/wp\/v2\/types\/post"}],"author":[{"embeddable":true,"href":"https:\/\/expressometro.mx\/index.php\/wp-json\/wp\/v2\/users\/1"}],"replies":[{"embeddable":true,"href":"https:\/\/expressometro.mx\/index.php\/wp-json\/wp\/v2\/comments?post=396"}],"version-history":[{"count":1,"href":"https:\/\/expressometro.mx\/index.php\/wp-json\/wp\/v2\/posts\/396\/revisions"}],"predecessor-version":[{"id":398,"href":"https:\/\/expressometro.mx\/index.php\/wp-json\/wp\/v2\/posts\/396\/revisions\/398"}],"wp:featuredmedia":[{"embeddable":true,"href":"https:\/\/expressometro.mx\/index.php\/wp-json\/wp\/v2\/media\/397"}],"wp:attachment":[{"href":"https:\/\/expressometro.mx\/index.php\/wp-json\/wp\/v2\/media?parent=396"}],"wp:term":[{"taxonomy":"category","embeddable":true,"href":"https:\/\/expressometro.mx\/index.php\/wp-json\/wp\/v2\/categories?post=396"},{"taxonomy":"post_tag","embeddable":true,"href":"https:\/\/expressometro.mx\/index.php\/wp-json\/wp\/v2\/tags?post=396"}],"curies":[{"name":"wp","href":"https:\/\/api.w.org\/{rel}","templated":true}]}}