{"id":3933,"date":"2021-10-23T10:01:43","date_gmt":"2021-10-23T15:01:43","guid":{"rendered":"http:\/\/expressometro.mx\/?p=3933"},"modified":"2021-10-23T10:01:43","modified_gmt":"2021-10-23T15:01:43","slug":"fue-instalada-la-comision-de-salud-del-congreso-local","status":"publish","type":"post","link":"https:\/\/expressometro.mx\/index.php\/2021\/10\/23\/fue-instalada-la-comision-de-salud-del-congreso-local\/","title":{"rendered":"Fue instalada la Comisi\u00f3n de Salud del Congreso local"},"content":{"rendered":"\n<p>La Comisi\u00f3n de Salud, Asistencia y Bienestar Social del Congreso mexiquense desarrollar\u00e1 una labor que garantice el acceso a los servicios m\u00e9dicos de toda la poblaci\u00f3n, mediante acciones legislativas y la asignaci\u00f3n presupuestal correspondiente que contribuyan a la consolidaci\u00f3n del sistema de salud de la entidad, destac\u00f3 el diputado Alfredo Quiroz Fuentes (PRI), presidente de este \u00f3rgano legislativo.<\/p>\n\n\n\n<p>En reuni\u00f3n de instalaci\u00f3n, el legislador reconoci\u00f3 la imperiosa necesidad de garantizar en este momento el acceso a los servicios de salud de todas y todos los mexiquenses, para lo cual, como presidente de esta comisi\u00f3n, privilegiar\u00e1 la unidad y los consensos para resolver los asuntos que quedaron pendientes de la pasada Legislatura y los que les sean turnados durante el actual ejercicio constitucional.<\/p>\n\n\n\n<p>Fungen como secretaria y prosecretaria de esta comisi\u00f3n las legisladoras Rosa Mar\u00eda Zetina Gonz\u00e1lez (Morena) y Martha Amalia Moya Bast\u00f3n (PAN), respectivamente, y como miembros fungen las y los diputados Mar\u00eda del Carmen de la Rosa Mendoza, Edith Marisol Mercado Torres y Beatriz Garc\u00eda Villegas, de Morena; Braulio Antonio \u00c1lvarez Jasso y Evelyn Osornio Jim\u00e9nez del PRI; y Rom\u00e1n Francisco Cort\u00e9s Lugo (PAN), Sergio Garc\u00eda Sosa (PT), Mar\u00eda Elida Castel\u00e1n Mondrag\u00f3n (PRD), Martin Zepeda Hern\u00e1ndez (MC) y M\u00f3nica Miriam Granillo Velazco (NA).<\/p>\n\n\n\n<p>Como secretaria t\u00e9cnica de este \u00f3rgano legislativo fue designada Mirey Ivonne \u00c1lvarez Rodr\u00edguez.<\/p>\n\n\n\n<figure class=\"wp-block-gallery columns-2 is-cropped wp-block-gallery-1 is-layout-flex wp-block-gallery-is-layout-flex\"><ul class=\"blocks-gallery-grid\"><li class=\"blocks-gallery-item\"><figure><img loading=\"lazy\" decoding=\"async\" width=\"720\" height=\"480\" src=\"http:\/\/expressometro.mx\/wp-content\/uploads\/2021\/10\/WhatsApp-Image-2021-10-20-at-23.12.41-720x480.jpeg\" alt=\"\" data-id=\"3935\" data-link=\"http:\/\/expressometro.mx\/?attachment_id=3935\" class=\"wp-image-3935\" srcset=\"https:\/\/expressometro.mx\/wp-content\/uploads\/2021\/10\/WhatsApp-Image-2021-10-20-at-23.12.41-720x480.jpeg 720w, https:\/\/expressometro.mx\/wp-content\/uploads\/2021\/10\/WhatsApp-Image-2021-10-20-at-23.12.41-548x365.jpeg 548w, https:\/\/expressometro.mx\/wp-content\/uploads\/2021\/10\/WhatsApp-Image-2021-10-20-at-23.12.41-768x512.jpeg 768w, https:\/\/expressometro.mx\/wp-content\/uploads\/2021\/10\/WhatsApp-Image-2021-10-20-at-23.12.41.jpeg 1023w\" sizes=\"auto, (max-width: 720px) 100vw, 720px\" \/><\/figure><\/li><li class=\"blocks-gallery-item\"><figure><img loading=\"lazy\" decoding=\"async\" width=\"720\" height=\"480\" src=\"http:\/\/expressometro.mx\/wp-content\/uploads\/2021\/10\/WhatsApp-Image-2021-10-20-at-23.12.42-720x480.jpeg\" alt=\"\" data-id=\"3937\" data-full-url=\"http:\/\/expressometro.mx\/wp-content\/uploads\/2021\/10\/WhatsApp-Image-2021-10-20-at-23.12.42.jpeg\" data-link=\"http:\/\/expressometro.mx\/?attachment_id=3937\" class=\"wp-image-3937\" srcset=\"https:\/\/expressometro.mx\/wp-content\/uploads\/2021\/10\/WhatsApp-Image-2021-10-20-at-23.12.42-720x480.jpeg 720w, https:\/\/expressometro.mx\/wp-content\/uploads\/2021\/10\/WhatsApp-Image-2021-10-20-at-23.12.42-548x365.jpeg 548w, https:\/\/expressometro.mx\/wp-content\/uploads\/2021\/10\/WhatsApp-Image-2021-10-20-at-23.12.42-768x512.jpeg 768w, https:\/\/expressometro.mx\/wp-content\/uploads\/2021\/10\/WhatsApp-Image-2021-10-20-at-23.12.42.jpeg 1023w\" sizes=\"auto, (max-width: 720px) 100vw, 720px\" \/><\/figure><\/li><\/ul><\/figure>\n","protected":false},"excerpt":{"rendered":"<p>Es presidida por el diputado Alfredo Quiroz y funge como secretaria la legisladora Rosa Mar\u00eda Zetina.<\/p>\n","protected":false},"author":2,"featured_media":3936,"comment_status":"open","ping_status":"open","sticky":false,"template":"","format":"standard","meta":{"footnotes":""},"categories":[5],"tags":[963,86,782],"class_list":["post-3933","post","type-post","status-publish","format-standard","has-post-thumbnail","hentry","category-salud","tag-alfredo-quiroz","tag-gem","tag-lxi-legislatura"],"yoast_head":"<!-- This site is optimized with the Yoast SEO plugin v27.5 - https:\/\/yoast.com\/product\/yoast-seo-wordpress\/ -->\n<title>Fue instalada la Comisi\u00f3n de Salud del Congreso local - Expresso Metropolitano<\/title>\n<meta name=\"robots\" content=\"index, follow, max-snippet:-1, max-image-preview:large, max-video-preview:-1\" \/>\n<link rel=\"canonical\" href=\"https:\/\/expressometro.mx\/index.php\/2021\/10\/23\/fue-instalada-la-comision-de-salud-del-congreso-local\/\" \/>\n<meta property=\"og:locale\" content=\"es_MX\" \/>\n<meta property=\"og:type\" content=\"article\" \/>\n<meta property=\"og:title\" content=\"Fue instalada la Comisi\u00f3n de Salud del Congreso local - Expresso Metropolitano\" \/>\n<meta property=\"og:description\" content=\"Es presidida por el diputado Alfredo Quiroz y funge como secretaria la legisladora Rosa Mar\u00eda Zetina.\" \/>\n<meta property=\"og:url\" content=\"https:\/\/expressometro.mx\/index.php\/2021\/10\/23\/fue-instalada-la-comision-de-salud-del-congreso-local\/\" \/>\n<meta property=\"og:site_name\" content=\"Expresso Metropolitano\" \/>\n<meta property=\"article:published_time\" content=\"2021-10-23T15:01:43+00:00\" \/>\n<meta property=\"og:image\" content=\"https:\/\/expressometro.mx\/wp-content\/uploads\/2021\/10\/WhatsApp-Image-2021-10-20-at-23.11.43.jpeg\" \/>\n\t<meta property=\"og:image:width\" content=\"1024\" \/>\n\t<meta property=\"og:image:height\" content=\"684\" \/>\n\t<meta property=\"og:image:type\" content=\"image\/jpeg\" \/>\n<meta name=\"author\" content=\"Cecilia Vega\" \/>\n<meta name=\"twitter:label1\" content=\"Escrito por\" \/>\n\t<meta name=\"twitter:data1\" content=\"Cecilia Vega\" \/>\n\t<meta name=\"twitter:label2\" content=\"Tiempo de lectura\" \/>\n\t<meta name=\"twitter:data2\" content=\"1 minuto\" \/>\n<script type=\"application\/ld+json\" class=\"yoast-schema-graph\">{\"@context\":\"https:\\\/\\\/schema.org\",\"@graph\":[{\"@type\":\"Article\",\"@id\":\"https:\\\/\\\/expressometro.mx\\\/index.php\\\/2021\\\/10\\\/23\\\/fue-instalada-la-comision-de-salud-del-congreso-local\\\/#article\",\"isPartOf\":{\"@id\":\"https:\\\/\\\/expressometro.mx\\\/index.php\\\/2021\\\/10\\\/23\\\/fue-instalada-la-comision-de-salud-del-congreso-local\\\/\"},\"author\":{\"name\":\"Cecilia Vega\",\"@id\":\"https:\\\/\\\/expressometro.mx\\\/#\\\/schema\\\/person\\\/67a95b8e3862085c7598f66237488f1f\"},\"headline\":\"Fue instalada la Comisi\u00f3n de Salud del Congreso local\",\"datePublished\":\"2021-10-23T15:01:43+00:00\",\"mainEntityOfPage\":{\"@id\":\"https:\\\/\\\/expressometro.mx\\\/index.php\\\/2021\\\/10\\\/23\\\/fue-instalada-la-comision-de-salud-del-congreso-local\\\/\"},\"wordCount\":252,\"commentCount\":0,\"publisher\":{\"@id\":\"https:\\\/\\\/expressometro.mx\\\/#organization\"},\"image\":{\"@id\":\"https:\\\/\\\/expressometro.mx\\\/index.php\\\/2021\\\/10\\\/23\\\/fue-instalada-la-comision-de-salud-del-congreso-local\\\/#primaryimage\"},\"thumbnailUrl\":\"https:\\\/\\\/expressometro.mx\\\/wp-content\\\/uploads\\\/2021\\\/10\\\/WhatsApp-Image-2021-10-20-at-23.11.43.jpeg\",\"keywords\":[\"Alfredo Quiroz\",\"GEM\",\"LXI Legislatura\"],\"articleSection\":[\"Salud\"],\"inLanguage\":\"es\",\"potentialAction\":[{\"@type\":\"CommentAction\",\"name\":\"Comment\",\"target\":[\"https:\\\/\\\/expressometro.mx\\\/index.php\\\/2021\\\/10\\\/23\\\/fue-instalada-la-comision-de-salud-del-congreso-local\\\/#respond\"]}]},{\"@type\":\"WebPage\",\"@id\":\"https:\\\/\\\/expressometro.mx\\\/index.php\\\/2021\\\/10\\\/23\\\/fue-instalada-la-comision-de-salud-del-congreso-local\\\/\",\"url\":\"https:\\\/\\\/expressometro.mx\\\/index.php\\\/2021\\\/10\\\/23\\\/fue-instalada-la-comision-de-salud-del-congreso-local\\\/\",\"name\":\"Fue instalada la Comisi\u00f3n de Salud del Congreso local - Expresso Metropolitano\",\"isPartOf\":{\"@id\":\"https:\\\/\\\/expressometro.mx\\\/#website\"},\"primaryImageOfPage\":{\"@id\":\"https:\\\/\\\/expressometro.mx\\\/index.php\\\/2021\\\/10\\\/23\\\/fue-instalada-la-comision-de-salud-del-congreso-local\\\/#primaryimage\"},\"image\":{\"@id\":\"https:\\\/\\\/expressometro.mx\\\/index.php\\\/2021\\\/10\\\/23\\\/fue-instalada-la-comision-de-salud-del-congreso-local\\\/#primaryimage\"},\"thumbnailUrl\":\"https:\\\/\\\/expressometro.mx\\\/wp-content\\\/uploads\\\/2021\\\/10\\\/WhatsApp-Image-2021-10-20-at-23.11.43.jpeg\",\"datePublished\":\"2021-10-23T15:01:43+00:00\",\"breadcrumb\":{\"@id\":\"https:\\\/\\\/expressometro.mx\\\/index.php\\\/2021\\\/10\\\/23\\\/fue-instalada-la-comision-de-salud-del-congreso-local\\\/#breadcrumb\"},\"inLanguage\":\"es\",\"potentialAction\":[{\"@type\":\"ReadAction\",\"target\":[\"https:\\\/\\\/expressometro.mx\\\/index.php\\\/2021\\\/10\\\/23\\\/fue-instalada-la-comision-de-salud-del-congreso-local\\\/\"]}]},{\"@type\":\"ImageObject\",\"inLanguage\":\"es\",\"@id\":\"https:\\\/\\\/expressometro.mx\\\/index.php\\\/2021\\\/10\\\/23\\\/fue-instalada-la-comision-de-salud-del-congreso-local\\\/#primaryimage\",\"url\":\"https:\\\/\\\/expressometro.mx\\\/wp-content\\\/uploads\\\/2021\\\/10\\\/WhatsApp-Image-2021-10-20-at-23.11.43.jpeg\",\"contentUrl\":\"https:\\\/\\\/expressometro.mx\\\/wp-content\\\/uploads\\\/2021\\\/10\\\/WhatsApp-Image-2021-10-20-at-23.11.43.jpeg\",\"width\":1024,\"height\":684},{\"@type\":\"BreadcrumbList\",\"@id\":\"https:\\\/\\\/expressometro.mx\\\/index.php\\\/2021\\\/10\\\/23\\\/fue-instalada-la-comision-de-salud-del-congreso-local\\\/#breadcrumb\",\"itemListElement\":[{\"@type\":\"ListItem\",\"position\":1,\"name\":\"Inicio\",\"item\":\"https:\\\/\\\/expressometro.mx\\\/\"},{\"@type\":\"ListItem\",\"position\":2,\"name\":\"Fue instalada la Comisi\u00f3n de Salud del Congreso local\"}]},{\"@type\":\"WebSite\",\"@id\":\"https:\\\/\\\/expressometro.mx\\\/#website\",\"url\":\"https:\\\/\\\/expressometro.mx\\\/\",\"name\":\"Expresso Metropolitano\",\"description\":\"Periodismo comprometido, informaci\u00f3n, investigaci\u00f3n y an\u00e1lisis\",\"publisher\":{\"@id\":\"https:\\\/\\\/expressometro.mx\\\/#organization\"},\"potentialAction\":[{\"@type\":\"SearchAction\",\"target\":{\"@type\":\"EntryPoint\",\"urlTemplate\":\"https:\\\/\\\/expressometro.mx\\\/?s={search_term_string}\"},\"query-input\":{\"@type\":\"PropertyValueSpecification\",\"valueRequired\":true,\"valueName\":\"search_term_string\"}}],\"inLanguage\":\"es\"},{\"@type\":\"Organization\",\"@id\":\"https:\\\/\\\/expressometro.mx\\\/#organization\",\"name\":\"Expresso Metropolitano\",\"url\":\"https:\\\/\\\/expressometro.mx\\\/\",\"logo\":{\"@type\":\"ImageObject\",\"inLanguage\":\"es\",\"@id\":\"https:\\\/\\\/expressometro.mx\\\/#\\\/schema\\\/logo\\\/image\\\/\",\"url\":\"https:\\\/\\\/expressometro.mx\\\/wp-content\\\/uploads\\\/2019\\\/07\\\/cropped-Logo-Expresso-Metropolitano-1-1.jpeg\",\"contentUrl\":\"https:\\\/\\\/expressometro.mx\\\/wp-content\\\/uploads\\\/2019\\\/07\\\/cropped-Logo-Expresso-Metropolitano-1-1.jpeg\",\"width\":290,\"height\":73,\"caption\":\"Expresso Metropolitano\"},\"image\":{\"@id\":\"https:\\\/\\\/expressometro.mx\\\/#\\\/schema\\\/logo\\\/image\\\/\"}},{\"@type\":\"Person\",\"@id\":\"https:\\\/\\\/expressometro.mx\\\/#\\\/schema\\\/person\\\/67a95b8e3862085c7598f66237488f1f\",\"name\":\"Cecilia Vega\",\"image\":{\"@type\":\"ImageObject\",\"inLanguage\":\"es\",\"@id\":\"https:\\\/\\\/secure.gravatar.com\\\/avatar\\\/13aae9944ab2ee472a9e407c9487fdbd03b049abaa559af32fe5dbcf615c981b?s=96&d=mm&r=g\",\"url\":\"https:\\\/\\\/secure.gravatar.com\\\/avatar\\\/13aae9944ab2ee472a9e407c9487fdbd03b049abaa559af32fe5dbcf615c981b?s=96&d=mm&r=g\",\"contentUrl\":\"https:\\\/\\\/secure.gravatar.com\\\/avatar\\\/13aae9944ab2ee472a9e407c9487fdbd03b049abaa559af32fe5dbcf615c981b?s=96&d=mm&r=g\",\"caption\":\"Cecilia Vega\"},\"url\":\"https:\\\/\\\/expressometro.mx\\\/index.php\\\/author\\\/cecilia-vega\\\/\"}]}<\/script>\n<!-- \/ Yoast SEO plugin. -->","yoast_head_json":{"title":"Fue instalada la Comisi\u00f3n de Salud del Congreso local - Expresso Metropolitano","robots":{"index":"index","follow":"follow","max-snippet":"max-snippet:-1","max-image-preview":"max-image-preview:large","max-video-preview":"max-video-preview:-1"},"canonical":"https:\/\/expressometro.mx\/index.php\/2021\/10\/23\/fue-instalada-la-comision-de-salud-del-congreso-local\/","og_locale":"es_MX","og_type":"article","og_title":"Fue instalada la Comisi\u00f3n de Salud del Congreso local - Expresso Metropolitano","og_description":"Es presidida por el diputado Alfredo Quiroz y funge como secretaria la legisladora Rosa Mar\u00eda Zetina.","og_url":"https:\/\/expressometro.mx\/index.php\/2021\/10\/23\/fue-instalada-la-comision-de-salud-del-congreso-local\/","og_site_name":"Expresso Metropolitano","article_published_time":"2021-10-23T15:01:43+00:00","og_image":[{"width":1024,"height":684,"url":"https:\/\/expressometro.mx\/wp-content\/uploads\/2021\/10\/WhatsApp-Image-2021-10-20-at-23.11.43.jpeg","type":"image\/jpeg"}],"author":"Cecilia Vega","twitter_misc":{"Escrito por":"Cecilia Vega","Tiempo de lectura":"1 minuto"},"schema":{"@context":"https:\/\/schema.org","@graph":[{"@type":"Article","@id":"https:\/\/expressometro.mx\/index.php\/2021\/10\/23\/fue-instalada-la-comision-de-salud-del-congreso-local\/#article","isPartOf":{"@id":"https:\/\/expressometro.mx\/index.php\/2021\/10\/23\/fue-instalada-la-comision-de-salud-del-congreso-local\/"},"author":{"name":"Cecilia Vega","@id":"https:\/\/expressometro.mx\/#\/schema\/person\/67a95b8e3862085c7598f66237488f1f"},"headline":"Fue instalada la Comisi\u00f3n de Salud del Congreso local","datePublished":"2021-10-23T15:01:43+00:00","mainEntityOfPage":{"@id":"https:\/\/expressometro.mx\/index.php\/2021\/10\/23\/fue-instalada-la-comision-de-salud-del-congreso-local\/"},"wordCount":252,"commentCount":0,"publisher":{"@id":"https:\/\/expressometro.mx\/#organization"},"image":{"@id":"https:\/\/expressometro.mx\/index.php\/2021\/10\/23\/fue-instalada-la-comision-de-salud-del-congreso-local\/#primaryimage"},"thumbnailUrl":"https:\/\/expressometro.mx\/wp-content\/uploads\/2021\/10\/WhatsApp-Image-2021-10-20-at-23.11.43.jpeg","keywords":["Alfredo Quiroz","GEM","LXI Legislatura"],"articleSection":["Salud"],"inLanguage":"es","potentialAction":[{"@type":"CommentAction","name":"Comment","target":["https:\/\/expressometro.mx\/index.php\/2021\/10\/23\/fue-instalada-la-comision-de-salud-del-congreso-local\/#respond"]}]},{"@type":"WebPage","@id":"https:\/\/expressometro.mx\/index.php\/2021\/10\/23\/fue-instalada-la-comision-de-salud-del-congreso-local\/","url":"https:\/\/expressometro.mx\/index.php\/2021\/10\/23\/fue-instalada-la-comision-de-salud-del-congreso-local\/","name":"Fue instalada la Comisi\u00f3n de Salud del Congreso local - Expresso Metropolitano","isPartOf":{"@id":"https:\/\/expressometro.mx\/#website"},"primaryImageOfPage":{"@id":"https:\/\/expressometro.mx\/index.php\/2021\/10\/23\/fue-instalada-la-comision-de-salud-del-congreso-local\/#primaryimage"},"image":{"@id":"https:\/\/expressometro.mx\/index.php\/2021\/10\/23\/fue-instalada-la-comision-de-salud-del-congreso-local\/#primaryimage"},"thumbnailUrl":"https:\/\/expressometro.mx\/wp-content\/uploads\/2021\/10\/WhatsApp-Image-2021-10-20-at-23.11.43.jpeg","datePublished":"2021-10-23T15:01:43+00:00","breadcrumb":{"@id":"https:\/\/expressometro.mx\/index.php\/2021\/10\/23\/fue-instalada-la-comision-de-salud-del-congreso-local\/#breadcrumb"},"inLanguage":"es","potentialAction":[{"@type":"ReadAction","target":["https:\/\/expressometro.mx\/index.php\/2021\/10\/23\/fue-instalada-la-comision-de-salud-del-congreso-local\/"]}]},{"@type":"ImageObject","inLanguage":"es","@id":"https:\/\/expressometro.mx\/index.php\/2021\/10\/23\/fue-instalada-la-comision-de-salud-del-congreso-local\/#primaryimage","url":"https:\/\/expressometro.mx\/wp-content\/uploads\/2021\/10\/WhatsApp-Image-2021-10-20-at-23.11.43.jpeg","contentUrl":"https:\/\/expressometro.mx\/wp-content\/uploads\/2021\/10\/WhatsApp-Image-2021-10-20-at-23.11.43.jpeg","width":1024,"height":684},{"@type":"BreadcrumbList","@id":"https:\/\/expressometro.mx\/index.php\/2021\/10\/23\/fue-instalada-la-comision-de-salud-del-congreso-local\/#breadcrumb","itemListElement":[{"@type":"ListItem","position":1,"name":"Inicio","item":"https:\/\/expressometro.mx\/"},{"@type":"ListItem","position":2,"name":"Fue instalada la Comisi\u00f3n de Salud del Congreso local"}]},{"@type":"WebSite","@id":"https:\/\/expressometro.mx\/#website","url":"https:\/\/expressometro.mx\/","name":"Expresso Metropolitano","description":"Periodismo comprometido, informaci\u00f3n, investigaci\u00f3n y an\u00e1lisis","publisher":{"@id":"https:\/\/expressometro.mx\/#organization"},"potentialAction":[{"@type":"SearchAction","target":{"@type":"EntryPoint","urlTemplate":"https:\/\/expressometro.mx\/?s={search_term_string}"},"query-input":{"@type":"PropertyValueSpecification","valueRequired":true,"valueName":"search_term_string"}}],"inLanguage":"es"},{"@type":"Organization","@id":"https:\/\/expressometro.mx\/#organization","name":"Expresso Metropolitano","url":"https:\/\/expressometro.mx\/","logo":{"@type":"ImageObject","inLanguage":"es","@id":"https:\/\/expressometro.mx\/#\/schema\/logo\/image\/","url":"https:\/\/expressometro.mx\/wp-content\/uploads\/2019\/07\/cropped-Logo-Expresso-Metropolitano-1-1.jpeg","contentUrl":"https:\/\/expressometro.mx\/wp-content\/uploads\/2019\/07\/cropped-Logo-Expresso-Metropolitano-1-1.jpeg","width":290,"height":73,"caption":"Expresso Metropolitano"},"image":{"@id":"https:\/\/expressometro.mx\/#\/schema\/logo\/image\/"}},{"@type":"Person","@id":"https:\/\/expressometro.mx\/#\/schema\/person\/67a95b8e3862085c7598f66237488f1f","name":"Cecilia Vega","image":{"@type":"ImageObject","inLanguage":"es","@id":"https:\/\/secure.gravatar.com\/avatar\/13aae9944ab2ee472a9e407c9487fdbd03b049abaa559af32fe5dbcf615c981b?s=96&d=mm&r=g","url":"https:\/\/secure.gravatar.com\/avatar\/13aae9944ab2ee472a9e407c9487fdbd03b049abaa559af32fe5dbcf615c981b?s=96&d=mm&r=g","contentUrl":"https:\/\/secure.gravatar.com\/avatar\/13aae9944ab2ee472a9e407c9487fdbd03b049abaa559af32fe5dbcf615c981b?s=96&d=mm&r=g","caption":"Cecilia Vega"},"url":"https:\/\/expressometro.mx\/index.php\/author\/cecilia-vega\/"}]}},"amp_enabled":true,"_links":{"self":[{"href":"https:\/\/expressometro.mx\/index.php\/wp-json\/wp\/v2\/posts\/3933","targetHints":{"allow":["GET"]}}],"collection":[{"href":"https:\/\/expressometro.mx\/index.php\/wp-json\/wp\/v2\/posts"}],"about":[{"href":"https:\/\/expressometro.mx\/index.php\/wp-json\/wp\/v2\/types\/post"}],"author":[{"embeddable":true,"href":"https:\/\/expressometro.mx\/index.php\/wp-json\/wp\/v2\/users\/2"}],"replies":[{"embeddable":true,"href":"https:\/\/expressometro.mx\/index.php\/wp-json\/wp\/v2\/comments?post=3933"}],"version-history":[{"count":1,"href":"https:\/\/expressometro.mx\/index.php\/wp-json\/wp\/v2\/posts\/3933\/revisions"}],"predecessor-version":[{"id":3938,"href":"https:\/\/expressometro.mx\/index.php\/wp-json\/wp\/v2\/posts\/3933\/revisions\/3938"}],"wp:featuredmedia":[{"embeddable":true,"href":"https:\/\/expressometro.mx\/index.php\/wp-json\/wp\/v2\/media\/3936"}],"wp:attachment":[{"href":"https:\/\/expressometro.mx\/index.php\/wp-json\/wp\/v2\/media?parent=3933"}],"wp:term":[{"taxonomy":"category","embeddable":true,"href":"https:\/\/expressometro.mx\/index.php\/wp-json\/wp\/v2\/categories?post=3933"},{"taxonomy":"post_tag","embeddable":true,"href":"https:\/\/expressometro.mx\/index.php\/wp-json\/wp\/v2\/tags?post=3933"}],"curies":[{"name":"wp","href":"https:\/\/api.w.org\/{rel}","templated":true}]}}