{"id":3893,"date":"2021-10-21T11:44:19","date_gmt":"2021-10-21T16:44:19","guid":{"rendered":"http:\/\/expressometro.mx\/?p=3893"},"modified":"2021-10-21T11:44:20","modified_gmt":"2021-10-21T16:44:20","slug":"aculco-no-para-en-compromisos-cumplidos-con-jorge-osornio","status":"publish","type":"post","link":"https:\/\/expressometro.mx\/index.php\/2021\/10\/21\/aculco-no-para-en-compromisos-cumplidos-con-jorge-osornio\/","title":{"rendered":"ACULCO NO PARA EN COMPROMISOS CUMPLIDOS CON JORGE OSORNIO"},"content":{"rendered":"\n<p>No vamos a parar de trabajar un solo d\u00eda para el desarrollo del municipio de Aculco porque la palabra vale y se cumple, afirm\u00f3 el Presidente Municipal, Jorge Osornio Victoria.<\/p>\n\n\n\n<p>Ante la directora general de Infraestructura Rural, Lourdes Hinojosa Jaimes, agradeci\u00f3 los recursos aplicados y la gesti\u00f3n que se hizo para terminar la obra que es inaugurada para la gente.<\/p>\n\n\n\n<p>Dijo que con el mejoramiento a la vivienda se destinaron 300 mil pesos para beneficio de las familias de Aculco, al igual que la instalaci\u00f3n de l\u00e1mparas, \u201ccompromisos que se cumplen en esta administraci\u00f3n\u201d.<\/p>\n\n\n\n<p>En la comunidad La Esperanza donde se hizo entrega de obra comunitaria con columnas y techumbre.<\/p>\n\n\n\n<figure class=\"wp-block-gallery columns-3 is-cropped wp-block-gallery-1 is-layout-flex wp-block-gallery-is-layout-flex\"><ul class=\"blocks-gallery-grid\"><li class=\"blocks-gallery-item\"><figure><img loading=\"lazy\" decoding=\"async\" width=\"640\" height=\"480\" src=\"http:\/\/expressometro.mx\/wp-content\/uploads\/2021\/10\/WhatsApp-Image-2021-10-21-at-11.19.12-640x480.jpeg\" alt=\"\" data-id=\"3894\" data-link=\"http:\/\/expressometro.mx\/?attachment_id=3894\" class=\"wp-image-3894\" srcset=\"https:\/\/expressometro.mx\/wp-content\/uploads\/2021\/10\/WhatsApp-Image-2021-10-21-at-11.19.12-640x480.jpeg 640w, https:\/\/expressometro.mx\/wp-content\/uploads\/2021\/10\/WhatsApp-Image-2021-10-21-at-11.19.12-487x365.jpeg 487w, https:\/\/expressometro.mx\/wp-content\/uploads\/2021\/10\/WhatsApp-Image-2021-10-21-at-11.19.12-768x576.jpeg 768w, https:\/\/expressometro.mx\/wp-content\/uploads\/2021\/10\/WhatsApp-Image-2021-10-21-at-11.19.12-1536x1152.jpeg 1536w, https:\/\/expressometro.mx\/wp-content\/uploads\/2021\/10\/WhatsApp-Image-2021-10-21-at-11.19.12.jpeg 1600w\" sizes=\"auto, (max-width: 640px) 100vw, 640px\" \/><\/figure><\/li><li class=\"blocks-gallery-item\"><figure><img loading=\"lazy\" decoding=\"async\" width=\"664\" height=\"480\" src=\"http:\/\/expressometro.mx\/wp-content\/uploads\/2021\/10\/WhatsApp-Image-2021-10-21-at-11.19.12-1-664x480.jpeg\" alt=\"\" data-id=\"3897\" data-link=\"http:\/\/expressometro.mx\/?attachment_id=3897\" class=\"wp-image-3897\" srcset=\"https:\/\/expressometro.mx\/wp-content\/uploads\/2021\/10\/WhatsApp-Image-2021-10-21-at-11.19.12-1-664x480.jpeg 664w, https:\/\/expressometro.mx\/wp-content\/uploads\/2021\/10\/WhatsApp-Image-2021-10-21-at-11.19.12-1-505x365.jpeg 505w, https:\/\/expressometro.mx\/wp-content\/uploads\/2021\/10\/WhatsApp-Image-2021-10-21-at-11.19.12-1-768x555.jpeg 768w, https:\/\/expressometro.mx\/wp-content\/uploads\/2021\/10\/WhatsApp-Image-2021-10-21-at-11.19.12-1-1536x1110.jpeg 1536w, https:\/\/expressometro.mx\/wp-content\/uploads\/2021\/10\/WhatsApp-Image-2021-10-21-at-11.19.12-1-240x172.jpeg 240w, https:\/\/expressometro.mx\/wp-content\/uploads\/2021\/10\/WhatsApp-Image-2021-10-21-at-11.19.12-1.jpeg 1600w\" sizes=\"auto, (max-width: 664px) 100vw, 664px\" \/><\/figure><\/li><li class=\"blocks-gallery-item\"><figure><img loading=\"lazy\" decoding=\"async\" width=\"640\" height=\"480\" src=\"http:\/\/expressometro.mx\/wp-content\/uploads\/2021\/10\/WhatsApp-Image-2021-10-21-at-11.19.12-2-640x480.jpeg\" alt=\"\" data-id=\"3898\" data-full-url=\"http:\/\/expressometro.mx\/wp-content\/uploads\/2021\/10\/WhatsApp-Image-2021-10-21-at-11.19.12-2.jpeg\" data-link=\"http:\/\/expressometro.mx\/?attachment_id=3898\" class=\"wp-image-3898\" srcset=\"https:\/\/expressometro.mx\/wp-content\/uploads\/2021\/10\/WhatsApp-Image-2021-10-21-at-11.19.12-2-640x480.jpeg 640w, https:\/\/expressometro.mx\/wp-content\/uploads\/2021\/10\/WhatsApp-Image-2021-10-21-at-11.19.12-2-487x365.jpeg 487w, https:\/\/expressometro.mx\/wp-content\/uploads\/2021\/10\/WhatsApp-Image-2021-10-21-at-11.19.12-2-768x576.jpeg 768w, https:\/\/expressometro.mx\/wp-content\/uploads\/2021\/10\/WhatsApp-Image-2021-10-21-at-11.19.12-2-1536x1152.jpeg 1536w, https:\/\/expressometro.mx\/wp-content\/uploads\/2021\/10\/WhatsApp-Image-2021-10-21-at-11.19.12-2.jpeg 1600w\" sizes=\"auto, (max-width: 640px) 100vw, 640px\" \/><\/figure><\/li><\/ul><\/figure>\n","protected":false},"excerpt":{"rendered":"<p>Ante la directora general de Infraestructura Rural, Lourdes Hinojosa Jaimes, agradeci\u00f3 los recursos aplicados y la gesti\u00f3n que se hizo para terminar la obra que es inaugurada para la gente.<\/p>\n","protected":false},"author":2,"featured_media":3896,"comment_status":"open","ping_status":"open","sticky":false,"template":"","format":"standard","meta":{"footnotes":""},"categories":[3],"tags":[955,954],"class_list":["post-3893","post","type-post","status-publish","format-standard","has-post-thumbnail","hentry","category-gobierno","tag-aculco","tag-jorge-osornio"],"yoast_head":"<!-- This site is optimized with the Yoast SEO plugin v27.5 - https:\/\/yoast.com\/product\/yoast-seo-wordpress\/ -->\n<title>ACULCO NO PARA EN COMPROMISOS CUMPLIDOS CON JORGE OSORNIO - Expresso Metropolitano<\/title>\n<meta name=\"robots\" content=\"index, follow, max-snippet:-1, max-image-preview:large, max-video-preview:-1\" \/>\n<link rel=\"canonical\" href=\"https:\/\/expressometro.mx\/index.php\/2021\/10\/21\/aculco-no-para-en-compromisos-cumplidos-con-jorge-osornio\/\" \/>\n<meta property=\"og:locale\" content=\"es_MX\" \/>\n<meta property=\"og:type\" content=\"article\" \/>\n<meta property=\"og:title\" content=\"ACULCO NO PARA EN COMPROMISOS CUMPLIDOS CON JORGE OSORNIO - Expresso Metropolitano\" \/>\n<meta property=\"og:description\" content=\"Ante la directora general de Infraestructura Rural, Lourdes Hinojosa Jaimes, agradeci\u00f3 los recursos aplicados y la gesti\u00f3n que se hizo para terminar la obra que es inaugurada para la gente.\" \/>\n<meta property=\"og:url\" content=\"https:\/\/expressometro.mx\/index.php\/2021\/10\/21\/aculco-no-para-en-compromisos-cumplidos-con-jorge-osornio\/\" \/>\n<meta property=\"og:site_name\" content=\"Expresso Metropolitano\" \/>\n<meta property=\"article:published_time\" content=\"2021-10-21T16:44:19+00:00\" \/>\n<meta property=\"article:modified_time\" content=\"2021-10-21T16:44:20+00:00\" \/>\n<meta property=\"og:image\" content=\"https:\/\/expressometro.mx\/wp-content\/uploads\/2021\/10\/WhatsApp-Image-2021-10-21-at-11.19.11.jpeg\" \/>\n\t<meta property=\"og:image:width\" content=\"1600\" \/>\n\t<meta property=\"og:image:height\" content=\"1200\" \/>\n\t<meta property=\"og:image:type\" content=\"image\/jpeg\" \/>\n<meta name=\"author\" content=\"Cecilia Vega\" \/>\n<meta name=\"twitter:label1\" content=\"Escrito por\" \/>\n\t<meta name=\"twitter:data1\" content=\"Cecilia Vega\" \/>\n\t<meta name=\"twitter:label2\" content=\"Tiempo de lectura\" \/>\n\t<meta name=\"twitter:data2\" content=\"2 minutos\" \/>\n<script type=\"application\/ld+json\" class=\"yoast-schema-graph\">{\"@context\":\"https:\\\/\\\/schema.org\",\"@graph\":[{\"@type\":\"Article\",\"@id\":\"https:\\\/\\\/expressometro.mx\\\/index.php\\\/2021\\\/10\\\/21\\\/aculco-no-para-en-compromisos-cumplidos-con-jorge-osornio\\\/#article\",\"isPartOf\":{\"@id\":\"https:\\\/\\\/expressometro.mx\\\/index.php\\\/2021\\\/10\\\/21\\\/aculco-no-para-en-compromisos-cumplidos-con-jorge-osornio\\\/\"},\"author\":{\"name\":\"Cecilia Vega\",\"@id\":\"https:\\\/\\\/expressometro.mx\\\/#\\\/schema\\\/person\\\/67a95b8e3862085c7598f66237488f1f\"},\"headline\":\"ACULCO NO PARA EN COMPROMISOS CUMPLIDOS CON JORGE OSORNIO\",\"datePublished\":\"2021-10-21T16:44:19+00:00\",\"dateModified\":\"2021-10-21T16:44:20+00:00\",\"mainEntityOfPage\":{\"@id\":\"https:\\\/\\\/expressometro.mx\\\/index.php\\\/2021\\\/10\\\/21\\\/aculco-no-para-en-compromisos-cumplidos-con-jorge-osornio\\\/\"},\"wordCount\":123,\"commentCount\":0,\"publisher\":{\"@id\":\"https:\\\/\\\/expressometro.mx\\\/#organization\"},\"image\":{\"@id\":\"https:\\\/\\\/expressometro.mx\\\/index.php\\\/2021\\\/10\\\/21\\\/aculco-no-para-en-compromisos-cumplidos-con-jorge-osornio\\\/#primaryimage\"},\"thumbnailUrl\":\"https:\\\/\\\/expressometro.mx\\\/wp-content\\\/uploads\\\/2021\\\/10\\\/WhatsApp-Image-2021-10-21-at-11.19.11.jpeg\",\"keywords\":[\"Aculco\",\"Jorge Osornio\"],\"articleSection\":[\"Gobierno\"],\"inLanguage\":\"es\",\"potentialAction\":[{\"@type\":\"CommentAction\",\"name\":\"Comment\",\"target\":[\"https:\\\/\\\/expressometro.mx\\\/index.php\\\/2021\\\/10\\\/21\\\/aculco-no-para-en-compromisos-cumplidos-con-jorge-osornio\\\/#respond\"]}]},{\"@type\":\"WebPage\",\"@id\":\"https:\\\/\\\/expressometro.mx\\\/index.php\\\/2021\\\/10\\\/21\\\/aculco-no-para-en-compromisos-cumplidos-con-jorge-osornio\\\/\",\"url\":\"https:\\\/\\\/expressometro.mx\\\/index.php\\\/2021\\\/10\\\/21\\\/aculco-no-para-en-compromisos-cumplidos-con-jorge-osornio\\\/\",\"name\":\"ACULCO NO PARA EN COMPROMISOS CUMPLIDOS CON JORGE OSORNIO - Expresso Metropolitano\",\"isPartOf\":{\"@id\":\"https:\\\/\\\/expressometro.mx\\\/#website\"},\"primaryImageOfPage\":{\"@id\":\"https:\\\/\\\/expressometro.mx\\\/index.php\\\/2021\\\/10\\\/21\\\/aculco-no-para-en-compromisos-cumplidos-con-jorge-osornio\\\/#primaryimage\"},\"image\":{\"@id\":\"https:\\\/\\\/expressometro.mx\\\/index.php\\\/2021\\\/10\\\/21\\\/aculco-no-para-en-compromisos-cumplidos-con-jorge-osornio\\\/#primaryimage\"},\"thumbnailUrl\":\"https:\\\/\\\/expressometro.mx\\\/wp-content\\\/uploads\\\/2021\\\/10\\\/WhatsApp-Image-2021-10-21-at-11.19.11.jpeg\",\"datePublished\":\"2021-10-21T16:44:19+00:00\",\"dateModified\":\"2021-10-21T16:44:20+00:00\",\"breadcrumb\":{\"@id\":\"https:\\\/\\\/expressometro.mx\\\/index.php\\\/2021\\\/10\\\/21\\\/aculco-no-para-en-compromisos-cumplidos-con-jorge-osornio\\\/#breadcrumb\"},\"inLanguage\":\"es\",\"potentialAction\":[{\"@type\":\"ReadAction\",\"target\":[\"https:\\\/\\\/expressometro.mx\\\/index.php\\\/2021\\\/10\\\/21\\\/aculco-no-para-en-compromisos-cumplidos-con-jorge-osornio\\\/\"]}]},{\"@type\":\"ImageObject\",\"inLanguage\":\"es\",\"@id\":\"https:\\\/\\\/expressometro.mx\\\/index.php\\\/2021\\\/10\\\/21\\\/aculco-no-para-en-compromisos-cumplidos-con-jorge-osornio\\\/#primaryimage\",\"url\":\"https:\\\/\\\/expressometro.mx\\\/wp-content\\\/uploads\\\/2021\\\/10\\\/WhatsApp-Image-2021-10-21-at-11.19.11.jpeg\",\"contentUrl\":\"https:\\\/\\\/expressometro.mx\\\/wp-content\\\/uploads\\\/2021\\\/10\\\/WhatsApp-Image-2021-10-21-at-11.19.11.jpeg\",\"width\":1600,\"height\":1200},{\"@type\":\"BreadcrumbList\",\"@id\":\"https:\\\/\\\/expressometro.mx\\\/index.php\\\/2021\\\/10\\\/21\\\/aculco-no-para-en-compromisos-cumplidos-con-jorge-osornio\\\/#breadcrumb\",\"itemListElement\":[{\"@type\":\"ListItem\",\"position\":1,\"name\":\"Inicio\",\"item\":\"https:\\\/\\\/expressometro.mx\\\/\"},{\"@type\":\"ListItem\",\"position\":2,\"name\":\"ACULCO NO PARA EN COMPROMISOS CUMPLIDOS CON JORGE OSORNIO\"}]},{\"@type\":\"WebSite\",\"@id\":\"https:\\\/\\\/expressometro.mx\\\/#website\",\"url\":\"https:\\\/\\\/expressometro.mx\\\/\",\"name\":\"Expresso Metropolitano\",\"description\":\"Periodismo comprometido, informaci\u00f3n, investigaci\u00f3n y an\u00e1lisis\",\"publisher\":{\"@id\":\"https:\\\/\\\/expressometro.mx\\\/#organization\"},\"potentialAction\":[{\"@type\":\"SearchAction\",\"target\":{\"@type\":\"EntryPoint\",\"urlTemplate\":\"https:\\\/\\\/expressometro.mx\\\/?s={search_term_string}\"},\"query-input\":{\"@type\":\"PropertyValueSpecification\",\"valueRequired\":true,\"valueName\":\"search_term_string\"}}],\"inLanguage\":\"es\"},{\"@type\":\"Organization\",\"@id\":\"https:\\\/\\\/expressometro.mx\\\/#organization\",\"name\":\"Expresso Metropolitano\",\"url\":\"https:\\\/\\\/expressometro.mx\\\/\",\"logo\":{\"@type\":\"ImageObject\",\"inLanguage\":\"es\",\"@id\":\"https:\\\/\\\/expressometro.mx\\\/#\\\/schema\\\/logo\\\/image\\\/\",\"url\":\"https:\\\/\\\/expressometro.mx\\\/wp-content\\\/uploads\\\/2019\\\/07\\\/cropped-Logo-Expresso-Metropolitano-1-1.jpeg\",\"contentUrl\":\"https:\\\/\\\/expressometro.mx\\\/wp-content\\\/uploads\\\/2019\\\/07\\\/cropped-Logo-Expresso-Metropolitano-1-1.jpeg\",\"width\":290,\"height\":73,\"caption\":\"Expresso Metropolitano\"},\"image\":{\"@id\":\"https:\\\/\\\/expressometro.mx\\\/#\\\/schema\\\/logo\\\/image\\\/\"}},{\"@type\":\"Person\",\"@id\":\"https:\\\/\\\/expressometro.mx\\\/#\\\/schema\\\/person\\\/67a95b8e3862085c7598f66237488f1f\",\"name\":\"Cecilia Vega\",\"image\":{\"@type\":\"ImageObject\",\"inLanguage\":\"es\",\"@id\":\"https:\\\/\\\/secure.gravatar.com\\\/avatar\\\/13aae9944ab2ee472a9e407c9487fdbd03b049abaa559af32fe5dbcf615c981b?s=96&d=mm&r=g\",\"url\":\"https:\\\/\\\/secure.gravatar.com\\\/avatar\\\/13aae9944ab2ee472a9e407c9487fdbd03b049abaa559af32fe5dbcf615c981b?s=96&d=mm&r=g\",\"contentUrl\":\"https:\\\/\\\/secure.gravatar.com\\\/avatar\\\/13aae9944ab2ee472a9e407c9487fdbd03b049abaa559af32fe5dbcf615c981b?s=96&d=mm&r=g\",\"caption\":\"Cecilia Vega\"},\"url\":\"https:\\\/\\\/expressometro.mx\\\/index.php\\\/author\\\/cecilia-vega\\\/\"}]}<\/script>\n<!-- \/ Yoast SEO plugin. -->","yoast_head_json":{"title":"ACULCO NO PARA EN COMPROMISOS CUMPLIDOS CON JORGE OSORNIO - Expresso Metropolitano","robots":{"index":"index","follow":"follow","max-snippet":"max-snippet:-1","max-image-preview":"max-image-preview:large","max-video-preview":"max-video-preview:-1"},"canonical":"https:\/\/expressometro.mx\/index.php\/2021\/10\/21\/aculco-no-para-en-compromisos-cumplidos-con-jorge-osornio\/","og_locale":"es_MX","og_type":"article","og_title":"ACULCO NO PARA EN COMPROMISOS CUMPLIDOS CON JORGE OSORNIO - Expresso Metropolitano","og_description":"Ante la directora general de Infraestructura Rural, Lourdes Hinojosa Jaimes, agradeci\u00f3 los recursos aplicados y la gesti\u00f3n que se hizo para terminar la obra que es inaugurada para la gente.","og_url":"https:\/\/expressometro.mx\/index.php\/2021\/10\/21\/aculco-no-para-en-compromisos-cumplidos-con-jorge-osornio\/","og_site_name":"Expresso Metropolitano","article_published_time":"2021-10-21T16:44:19+00:00","article_modified_time":"2021-10-21T16:44:20+00:00","og_image":[{"width":1600,"height":1200,"url":"https:\/\/expressometro.mx\/wp-content\/uploads\/2021\/10\/WhatsApp-Image-2021-10-21-at-11.19.11.jpeg","type":"image\/jpeg"}],"author":"Cecilia Vega","twitter_misc":{"Escrito por":"Cecilia Vega","Tiempo de lectura":"2 minutos"},"schema":{"@context":"https:\/\/schema.org","@graph":[{"@type":"Article","@id":"https:\/\/expressometro.mx\/index.php\/2021\/10\/21\/aculco-no-para-en-compromisos-cumplidos-con-jorge-osornio\/#article","isPartOf":{"@id":"https:\/\/expressometro.mx\/index.php\/2021\/10\/21\/aculco-no-para-en-compromisos-cumplidos-con-jorge-osornio\/"},"author":{"name":"Cecilia Vega","@id":"https:\/\/expressometro.mx\/#\/schema\/person\/67a95b8e3862085c7598f66237488f1f"},"headline":"ACULCO NO PARA EN COMPROMISOS CUMPLIDOS CON JORGE OSORNIO","datePublished":"2021-10-21T16:44:19+00:00","dateModified":"2021-10-21T16:44:20+00:00","mainEntityOfPage":{"@id":"https:\/\/expressometro.mx\/index.php\/2021\/10\/21\/aculco-no-para-en-compromisos-cumplidos-con-jorge-osornio\/"},"wordCount":123,"commentCount":0,"publisher":{"@id":"https:\/\/expressometro.mx\/#organization"},"image":{"@id":"https:\/\/expressometro.mx\/index.php\/2021\/10\/21\/aculco-no-para-en-compromisos-cumplidos-con-jorge-osornio\/#primaryimage"},"thumbnailUrl":"https:\/\/expressometro.mx\/wp-content\/uploads\/2021\/10\/WhatsApp-Image-2021-10-21-at-11.19.11.jpeg","keywords":["Aculco","Jorge Osornio"],"articleSection":["Gobierno"],"inLanguage":"es","potentialAction":[{"@type":"CommentAction","name":"Comment","target":["https:\/\/expressometro.mx\/index.php\/2021\/10\/21\/aculco-no-para-en-compromisos-cumplidos-con-jorge-osornio\/#respond"]}]},{"@type":"WebPage","@id":"https:\/\/expressometro.mx\/index.php\/2021\/10\/21\/aculco-no-para-en-compromisos-cumplidos-con-jorge-osornio\/","url":"https:\/\/expressometro.mx\/index.php\/2021\/10\/21\/aculco-no-para-en-compromisos-cumplidos-con-jorge-osornio\/","name":"ACULCO NO PARA EN COMPROMISOS CUMPLIDOS CON JORGE OSORNIO - Expresso Metropolitano","isPartOf":{"@id":"https:\/\/expressometro.mx\/#website"},"primaryImageOfPage":{"@id":"https:\/\/expressometro.mx\/index.php\/2021\/10\/21\/aculco-no-para-en-compromisos-cumplidos-con-jorge-osornio\/#primaryimage"},"image":{"@id":"https:\/\/expressometro.mx\/index.php\/2021\/10\/21\/aculco-no-para-en-compromisos-cumplidos-con-jorge-osornio\/#primaryimage"},"thumbnailUrl":"https:\/\/expressometro.mx\/wp-content\/uploads\/2021\/10\/WhatsApp-Image-2021-10-21-at-11.19.11.jpeg","datePublished":"2021-10-21T16:44:19+00:00","dateModified":"2021-10-21T16:44:20+00:00","breadcrumb":{"@id":"https:\/\/expressometro.mx\/index.php\/2021\/10\/21\/aculco-no-para-en-compromisos-cumplidos-con-jorge-osornio\/#breadcrumb"},"inLanguage":"es","potentialAction":[{"@type":"ReadAction","target":["https:\/\/expressometro.mx\/index.php\/2021\/10\/21\/aculco-no-para-en-compromisos-cumplidos-con-jorge-osornio\/"]}]},{"@type":"ImageObject","inLanguage":"es","@id":"https:\/\/expressometro.mx\/index.php\/2021\/10\/21\/aculco-no-para-en-compromisos-cumplidos-con-jorge-osornio\/#primaryimage","url":"https:\/\/expressometro.mx\/wp-content\/uploads\/2021\/10\/WhatsApp-Image-2021-10-21-at-11.19.11.jpeg","contentUrl":"https:\/\/expressometro.mx\/wp-content\/uploads\/2021\/10\/WhatsApp-Image-2021-10-21-at-11.19.11.jpeg","width":1600,"height":1200},{"@type":"BreadcrumbList","@id":"https:\/\/expressometro.mx\/index.php\/2021\/10\/21\/aculco-no-para-en-compromisos-cumplidos-con-jorge-osornio\/#breadcrumb","itemListElement":[{"@type":"ListItem","position":1,"name":"Inicio","item":"https:\/\/expressometro.mx\/"},{"@type":"ListItem","position":2,"name":"ACULCO NO PARA EN COMPROMISOS CUMPLIDOS CON JORGE OSORNIO"}]},{"@type":"WebSite","@id":"https:\/\/expressometro.mx\/#website","url":"https:\/\/expressometro.mx\/","name":"Expresso Metropolitano","description":"Periodismo comprometido, informaci\u00f3n, investigaci\u00f3n y an\u00e1lisis","publisher":{"@id":"https:\/\/expressometro.mx\/#organization"},"potentialAction":[{"@type":"SearchAction","target":{"@type":"EntryPoint","urlTemplate":"https:\/\/expressometro.mx\/?s={search_term_string}"},"query-input":{"@type":"PropertyValueSpecification","valueRequired":true,"valueName":"search_term_string"}}],"inLanguage":"es"},{"@type":"Organization","@id":"https:\/\/expressometro.mx\/#organization","name":"Expresso Metropolitano","url":"https:\/\/expressometro.mx\/","logo":{"@type":"ImageObject","inLanguage":"es","@id":"https:\/\/expressometro.mx\/#\/schema\/logo\/image\/","url":"https:\/\/expressometro.mx\/wp-content\/uploads\/2019\/07\/cropped-Logo-Expresso-Metropolitano-1-1.jpeg","contentUrl":"https:\/\/expressometro.mx\/wp-content\/uploads\/2019\/07\/cropped-Logo-Expresso-Metropolitano-1-1.jpeg","width":290,"height":73,"caption":"Expresso Metropolitano"},"image":{"@id":"https:\/\/expressometro.mx\/#\/schema\/logo\/image\/"}},{"@type":"Person","@id":"https:\/\/expressometro.mx\/#\/schema\/person\/67a95b8e3862085c7598f66237488f1f","name":"Cecilia Vega","image":{"@type":"ImageObject","inLanguage":"es","@id":"https:\/\/secure.gravatar.com\/avatar\/13aae9944ab2ee472a9e407c9487fdbd03b049abaa559af32fe5dbcf615c981b?s=96&d=mm&r=g","url":"https:\/\/secure.gravatar.com\/avatar\/13aae9944ab2ee472a9e407c9487fdbd03b049abaa559af32fe5dbcf615c981b?s=96&d=mm&r=g","contentUrl":"https:\/\/secure.gravatar.com\/avatar\/13aae9944ab2ee472a9e407c9487fdbd03b049abaa559af32fe5dbcf615c981b?s=96&d=mm&r=g","caption":"Cecilia Vega"},"url":"https:\/\/expressometro.mx\/index.php\/author\/cecilia-vega\/"}]}},"amp_enabled":true,"_links":{"self":[{"href":"https:\/\/expressometro.mx\/index.php\/wp-json\/wp\/v2\/posts\/3893","targetHints":{"allow":["GET"]}}],"collection":[{"href":"https:\/\/expressometro.mx\/index.php\/wp-json\/wp\/v2\/posts"}],"about":[{"href":"https:\/\/expressometro.mx\/index.php\/wp-json\/wp\/v2\/types\/post"}],"author":[{"embeddable":true,"href":"https:\/\/expressometro.mx\/index.php\/wp-json\/wp\/v2\/users\/2"}],"replies":[{"embeddable":true,"href":"https:\/\/expressometro.mx\/index.php\/wp-json\/wp\/v2\/comments?post=3893"}],"version-history":[{"count":1,"href":"https:\/\/expressometro.mx\/index.php\/wp-json\/wp\/v2\/posts\/3893\/revisions"}],"predecessor-version":[{"id":3899,"href":"https:\/\/expressometro.mx\/index.php\/wp-json\/wp\/v2\/posts\/3893\/revisions\/3899"}],"wp:featuredmedia":[{"embeddable":true,"href":"https:\/\/expressometro.mx\/index.php\/wp-json\/wp\/v2\/media\/3896"}],"wp:attachment":[{"href":"https:\/\/expressometro.mx\/index.php\/wp-json\/wp\/v2\/media?parent=3893"}],"wp:term":[{"taxonomy":"category","embeddable":true,"href":"https:\/\/expressometro.mx\/index.php\/wp-json\/wp\/v2\/categories?post=3893"},{"taxonomy":"post_tag","embeddable":true,"href":"https:\/\/expressometro.mx\/index.php\/wp-json\/wp\/v2\/tags?post=3893"}],"curies":[{"name":"wp","href":"https:\/\/api.w.org\/{rel}","templated":true}]}}